{"id":11391,"date":"2026-04-23T17:35:24","date_gmt":"2026-04-23T15:35:24","guid":{"rendered":"https:\/\/egyuttfejlodunk.hu\/?p=11391"},"modified":"2026-06-15T18:01:01","modified_gmt":"2026-06-15T16:01:01","slug":"baranyaban-is-sikeres-az-ifjusagi-garancia-plusz","status":"publish","type":"post","link":"https:\/\/egyuttfejlodunk.hu\/?p=11391","title":{"rendered":"Barany\u00e1ban is sikeres az Ifj\u00fas\u00e1gi Garancia Plusz"},"content":{"rendered":"<p><b>Tov\u00e1bbra is lend\u00fcletben a fiatalok munkaer\u0151piaci t\u00e1mogat\u00e1sa: az Ifj\u00fas\u00e1gi Garancia Plusz program c\u00e9lja, hogy a 15-29 \u00e9v k\u00f6z\u00f6tti, nem tanul\u00f3, nem dolgoz\u00f3 fiatalok min\u00e9l r\u00f6videbb id\u0151t t\u00f6ltsenek munkan\u00e9lk\u00fclis\u00e9gben vagy inaktivit\u00e1sban. A kezdem\u00e9nyez\u00e9s szem\u00e9lyre szabott seg\u00edts\u00e9ggel t\u00e1mogatja \u0151ket, hogy jav\u00edts\u00e1k munkaer\u0151piaci helyzet\u00fcket a miel\u0151bbi tart\u00f3s foglalkoztat\u00e1suk \u00e9rdek\u00e9ben. A program 2026 febru\u00e1rj\u00e1t\u00f3l \u00faj elemekkel b\u0151v\u00fclt, amelyek m\u00e1r P\u00e9csen is el\u00e9rhet\u0151k.<\/b><\/p>\n<p>A <a href=\"https:\/\/www.palyazat.gov.hu\/programok\/szechenyi-terv-plusz\/ginop-plusz\/ginop-plusz-411-23\/alapadatok\" rel=\"noopener noreferrer nofollow\">Gazdas\u00e1gfejleszt\u00e9si \u00e9s Innov\u00e1ci\u00f3s Operat\u00edv Program Plusz<\/a> egyik Pill\u00e9rek\u00e9nt, <a href=\"https:\/\/www.palyazat.gov.hu\/programok\/szechenyi-terv-plusz\/ginop-plusz\/ginop-plusz-411-23\/alapadatok\" rel=\"noopener noreferrer nofollow\">Ifj\u00fas\u00e1gi Garancia Plusz<\/a> c\u00edmmel fut\u00f3 projekt orsz\u00e1gos keret\u00f6sszege meghaladja a 102 milli\u00e1rd forintot, 2025 \u00f3ta pedig t\u00f6bb mint 25 300 nem foglalkoztatott fiatal bevon\u00e1s\u00e1t t\u00e1mogatta, jelent\u0151sen hozz\u00e1j\u00e1rulva ezzel az operat\u00edv program foglalkoztat\u00e1sb\u0151v\u00edt\u00e9si c\u00e9ljainak teljes\u00edt\u00e9s\u00e9hez.<\/p>\n<p>A Baranya V\u00e1rmegyei Korm\u00e1nyhivatal 2026. m\u00e1rcius 2-\u00e1n P\u00e9csett szakmai konferenci\u00e1n \u00e9rt\u00e9kelte a projekt eddigi eredm\u00e9nyeit: a v\u00e1rmegy\u00e9ben rendelkez\u00e9sre \u00e1ll\u00f3 4,664 milli\u00e1rd forint vissza nem t\u00e9r\u00edtend\u0151 eur\u00f3pai uni\u00f3s t\u00e1mogat\u00e1snak k\u00f6sz\u00f6nhet\u0151en m\u00e1r k\u00f6zel 1 800 helyi fiatal kapott seg\u00edts\u00e9get az \u00e1ll\u00e1skeres\u00e9shez. Az eredm\u00e9nyek mellett szint\u00e9n hangs\u00falyos t\u00e9ma volt a fiatalok \u00e9rv\u00e9nyes\u00fcl\u00e9se a mez\u0151gazdas\u00e1gi szektorban. A programban eddig is sz\u00e1mos t\u00e1mogat\u00e1si forma volt el\u00e9rhet\u0151: b\u00e9r- \u00e9s mobilit\u00e1si t\u00e1mogat\u00e1s, k\u00e9pz\u00e9shez kapcsol\u00f3d\u00f3, \u00e1ll\u00e1skeres\u00e9st \u00f6szt\u00f6nz\u0151 juttat\u00e1s \u00e9s a foglalkoztat\u00e1st el\u0151seg\u00edt\u0151 szolg\u00e1ltat\u00e1sok ideje alatt ig\u00e9nybe vehet\u0151 p\u00e9nz\u00fcgyi t\u00e1mogat\u00e1s egyar\u00e1nt seg\u00edti a fiatalok elhelyezked\u00e9s\u00e9t.<\/p>\n<p>Id\u00e9n febru\u00e1rt\u00f3l k\u00eds\u00e9rleti jelleggel \u00faj t\u00e1mogat\u00e1si elemekkel b\u0151v\u00fclt a program. A Vil\u00e1gbank szakmai t\u00e1mogat\u00e1s\u00e1val megval\u00f3sul\u00f3 pilotprojekt c\u00e9lja, hogy a megl\u00e9v\u0151 eszk\u00f6z\u00f6k \u2013 p\u00e9ld\u00e1ul a b\u00e9rt\u00e1mogat\u00e1s, a mobilit\u00e1si hozz\u00e1j\u00e1rul\u00e1s vagy a k\u00e9pz\u00e9si juttat\u00e1sok \u2013 hat\u00e1s\u00e1t tov\u00e1bb er\u0151s\u00edtse, \u00e9s a fiatalokat ne csak az elhelyezked\u00e9sben, hanem a munkahelyi beilleszked\u00e9sben \u00e9s az \u00e1ll\u00e1s hosszabb t\u00e1v\u00fa megtart\u00e1s\u00e1ban is t\u00e1mogassa.<\/p>\n","protected":false},"excerpt":{"rendered":"<p>Tov\u00e1bbra is lend\u00fcletben a fiatalok munkaer\u0151piaci t\u00e1mogat\u00e1sa: az Ifj\u00fas\u00e1gi Garancia Plusz program c\u00e9lja, hogy a 15-29 \u00e9v k\u00f6z\u00f6tti, nem tanul\u00f3, nem dolgoz\u00f3 fiatalok min\u00e9l r\u00f6videbb id\u0151t t\u00f6ltsenek munkan\u00e9lk\u00fclis\u00e9gben vagy inaktivit\u00e1sban. A kezdem\u00e9nyez\u00e9s szem\u00e9lyre szabott seg\u00edts\u00e9ggel t\u00e1mogatja \u0151ket, hogy jav\u00edts\u00e1k munkaer\u0151piaci helyzet\u00fcket a miel\u0151bbi tart\u00f3s foglalkoztat\u00e1suk \u00e9rdek\u00e9ben. A program 2026 febru\u00e1rj\u00e1t\u00f3l \u00faj elemekkel b\u0151v\u00fclt, amelyek m\u00e1r P\u00e9csen is el\u00e9rhet\u0151k. A Gazdas\u00e1gfejleszt\u00e9si \u00e9s Innov\u00e1ci\u00f3s Operat\u00edv Program Plusz egyik Pill\u00e9rek\u00e9nt, Ifj\u00fas\u00e1gi Garancia Plusz c\u00edmmel fut\u00f3 projekt orsz\u00e1gos keret\u00f6sszege&#8230;<\/p>\n","protected":false},"author":30,"featured_media":11392,"comment_status":"closed","ping_status":"closed","sticky":false,"template":"","format":"standard","meta":{"_acf_changed":false,"ngg_post_thumbnail":0,"footnotes":""},"categories":[795],"tags":[],"megye":[],"class_list":["post-11391","post","type-post","status-publish","format-standard","has-post-thumbnail","hentry","category-szechenyi-plusz-piller-hu"],"acf":[],"yoast_head":"<!-- This site is optimized with the Yoast SEO Premium plugin v28.4 (Yoast SEO v28.4) - https:\/\/yoast.com\/product\/yoast-seo-premium-wordpress\/ -->\n<title>Barany\u00e1ban is sikeres az Ifj\u00fas\u00e1gi Garancia Plusz - Egy\u00fctt fejl\u0151d\u00fcnk<\/title>\n<meta name=\"robots\" content=\"noindex, follow, max-snippet:-1, max-image-preview:large, max-video-preview:-1\" \/>\n<meta property=\"og:locale\" content=\"hu_HU\" \/>\n<meta property=\"og:type\" content=\"article\" \/>\n<meta property=\"og:title\" content=\"Barany\u00e1ban is sikeres az Ifj\u00fas\u00e1gi Garancia Plusz\" \/>\n<meta property=\"og:description\" content=\"Tov\u00e1bbra is lend\u00fcletben a fiatalok munkaer\u0151piaci t\u00e1mogat\u00e1sa: az Ifj\u00fas\u00e1gi Garancia Plusz program c\u00e9lja, hogy a 15-29 \u00e9v k\u00f6z\u00f6tti, nem tanul\u00f3, nem dolgoz\u00f3 fiatalok min\u00e9l r\u00f6videbb id\u0151t t\u00f6ltsenek munkan\u00e9lk\u00fclis\u00e9gben vagy inaktivit\u00e1sban. A kezdem\u00e9nyez\u00e9s szem\u00e9lyre szabott seg\u00edts\u00e9ggel t\u00e1mogatja \u0151ket, hogy jav\u00edts\u00e1k munkaer\u0151piaci helyzet\u00fcket a miel\u0151bbi tart\u00f3s foglalkoztat\u00e1suk \u00e9rdek\u00e9ben. A program 2026 febru\u00e1rj\u00e1t\u00f3l \u00faj elemekkel b\u0151v\u00fclt, amelyek m\u00e1r P\u00e9csen is el\u00e9rhet\u0151k. A Gazdas\u00e1gfejleszt\u00e9si \u00e9s Innov\u00e1ci\u00f3s Operat\u00edv Program Plusz egyik Pill\u00e9rek\u00e9nt, Ifj\u00fas\u00e1gi Garancia Plusz c\u00edmmel fut\u00f3 projekt orsz\u00e1gos keret\u00f6sszege...\" \/>\n<meta property=\"og:url\" content=\"https:\/\/egyuttfejlodunk.hu\/?p=11391\" \/>\n<meta property=\"og:site_name\" content=\"Egy\u00fctt fejl\u0151d\u00fcnk\" \/>\n<meta property=\"article:published_time\" content=\"2026-04-23T15:35:24+00:00\" \/>\n<meta property=\"article:modified_time\" content=\"2026-06-15T16:01:01+00:00\" \/>\n<meta property=\"og:image\" content=\"https:\/\/egyuttfejlodunk.hu\/wp-content\/uploads\/2026\/06\/shutterstock_2756575067-1.jpg\" \/>\n\t<meta property=\"og:image:width\" content=\"1000\" \/>\n\t<meta property=\"og:image:height\" content=\"568\" \/>\n\t<meta property=\"og:image:type\" content=\"image\/jpeg\" \/>\n<meta name=\"author\" content=\"T\u00f3th Ferenc\" \/>\n<meta name=\"twitter:card\" content=\"summary_large_image\" \/>\n<meta name=\"twitter:label1\" content=\"Szerz\u0151:\" \/>\n\t<meta name=\"twitter:data1\" content=\"T\u00f3th Ferenc\" \/>\n\t<meta name=\"twitter:label2\" content=\"Becs\u00fclt olvas\u00e1si id\u0151\" \/>\n\t<meta name=\"twitter:data2\" content=\"2 perc\" \/>\n<script type=\"application\/ld+json\" class=\"yoast-schema-graph\">{\"@context\":\"https:\\\/\\\/schema.org\",\"@graph\":[{\"@type\":\"Article\",\"@id\":\"https:\\\/\\\/egyuttfejlodunk.hu\\\/?p=11391#article\",\"isPartOf\":{\"@id\":\"https:\\\/\\\/egyuttfejlodunk.hu\\\/?p=11391\"},\"author\":{\"name\":\"T\u00f3th Ferenc\",\"@id\":\"https:\\\/\\\/egyuttfejlodunk.hu\\\/#\\\/schema\\\/person\\\/94cc2e6bf0b14e6d5de3d603885ed8c5\"},\"headline\":\"Barany\u00e1ban is sikeres az Ifj\u00fas\u00e1gi Garancia Plusz\",\"datePublished\":\"2026-04-23T15:35:24+00:00\",\"dateModified\":\"2026-06-15T16:01:01+00:00\",\"mainEntityOfPage\":{\"@id\":\"https:\\\/\\\/egyuttfejlodunk.hu\\\/?p=11391\"},\"wordCount\":418,\"publisher\":{\"@id\":\"https:\\\/\\\/egyuttfejlodunk.hu\\\/#organization\"},\"image\":{\"@id\":\"https:\\\/\\\/egyuttfejlodunk.hu\\\/?p=11391#primaryimage\"},\"thumbnailUrl\":\"https:\\\/\\\/egyuttfejlodunk.hu\\\/wp-content\\\/uploads\\\/2026\\\/06\\\/shutterstock_2756575067-1.jpg\",\"articleSection\":[\"sz\u00e9chenyi plusz pill\u00e9r\"],\"inLanguage\":\"hu\"},{\"@type\":\"WebPage\",\"@id\":\"https:\\\/\\\/egyuttfejlodunk.hu\\\/?p=11391\",\"url\":\"https:\\\/\\\/egyuttfejlodunk.hu\\\/?p=11391\",\"name\":\"Barany\u00e1ban is sikeres az Ifj\u00fas\u00e1gi Garancia Plusz - Egy\u00fctt fejl\u0151d\u00fcnk\",\"isPartOf\":{\"@id\":\"https:\\\/\\\/egyuttfejlodunk.hu\\\/#website\"},\"primaryImageOfPage\":{\"@id\":\"https:\\\/\\\/egyuttfejlodunk.hu\\\/?p=11391#primaryimage\"},\"image\":{\"@id\":\"https:\\\/\\\/egyuttfejlodunk.hu\\\/?p=11391#primaryimage\"},\"thumbnailUrl\":\"https:\\\/\\\/egyuttfejlodunk.hu\\\/wp-content\\\/uploads\\\/2026\\\/06\\\/shutterstock_2756575067-1.jpg\",\"datePublished\":\"2026-04-23T15:35:24+00:00\",\"dateModified\":\"2026-06-15T16:01:01+00:00\",\"breadcrumb\":{\"@id\":\"https:\\\/\\\/egyuttfejlodunk.hu\\\/?p=11391#breadcrumb\"},\"inLanguage\":\"hu\",\"potentialAction\":[{\"@type\":\"ReadAction\",\"target\":[\"https:\\\/\\\/egyuttfejlodunk.hu\\\/?p=11391\"]}]},{\"@type\":\"ImageObject\",\"inLanguage\":\"hu\",\"@id\":\"https:\\\/\\\/egyuttfejlodunk.hu\\\/?p=11391#primaryimage\",\"url\":\"https:\\\/\\\/egyuttfejlodunk.hu\\\/wp-content\\\/uploads\\\/2026\\\/06\\\/shutterstock_2756575067-1.jpg\",\"contentUrl\":\"https:\\\/\\\/egyuttfejlodunk.hu\\\/wp-content\\\/uploads\\\/2026\\\/06\\\/shutterstock_2756575067-1.jpg\",\"width\":1000,\"height\":568},{\"@type\":\"BreadcrumbList\",\"@id\":\"https:\\\/\\\/egyuttfejlodunk.hu\\\/?p=11391#breadcrumb\",\"itemListElement\":[{\"@type\":\"ListItem\",\"position\":1,\"name\":\"Home\",\"item\":\"https:\\\/\\\/egyuttfejlodunk.hu\\\/\"},{\"@type\":\"ListItem\",\"position\":2,\"name\":\"Barany\u00e1ban is sikeres az Ifj\u00fas\u00e1gi Garancia Plusz\"}]},{\"@type\":\"WebSite\",\"@id\":\"https:\\\/\\\/egyuttfejlodunk.hu\\\/#website\",\"url\":\"https:\\\/\\\/egyuttfejlodunk.hu\\\/\",\"name\":\"Egy\u00fctt fejl\u0151d\u00fcnk\",\"description\":\"\",\"publisher\":{\"@id\":\"https:\\\/\\\/egyuttfejlodunk.hu\\\/#organization\"},\"potentialAction\":[{\"@type\":\"SearchAction\",\"target\":{\"@type\":\"EntryPoint\",\"urlTemplate\":\"https:\\\/\\\/egyuttfejlodunk.hu\\\/?s={search_term_string}\"},\"query-input\":{\"@type\":\"PropertyValueSpecification\",\"valueRequired\":true,\"valueName\":\"search_term_string\"}}],\"inLanguage\":\"hu\"},{\"@type\":\"Organization\",\"@id\":\"https:\\\/\\\/egyuttfejlodunk.hu\\\/#organization\",\"name\":\"Egy\u00fctt fejl\u0151d\u00fcnk\",\"url\":\"https:\\\/\\\/egyuttfejlodunk.hu\\\/\",\"logo\":{\"@type\":\"ImageObject\",\"inLanguage\":\"hu\",\"@id\":\"https:\\\/\\\/egyuttfejlodunk.hu\\\/#\\\/schema\\\/logo\\\/image\\\/\",\"url\":\"https:\\\/\\\/egyuttfejlodunk.hu\\\/wp-content\\\/uploads\\\/2026\\\/04\\\/ujlogo.jpg\",\"contentUrl\":\"https:\\\/\\\/egyuttfejlodunk.hu\\\/wp-content\\\/uploads\\\/2026\\\/04\\\/ujlogo.jpg\",\"width\":350,\"height\":110,\"caption\":\"Egy\u00fctt fejl\u0151d\u00fcnk\"},\"image\":{\"@id\":\"https:\\\/\\\/egyuttfejlodunk.hu\\\/#\\\/schema\\\/logo\\\/image\\\/\"}},{\"@type\":\"Person\",\"@id\":\"https:\\\/\\\/egyuttfejlodunk.hu\\\/#\\\/schema\\\/person\\\/94cc2e6bf0b14e6d5de3d603885ed8c5\",\"name\":\"T\u00f3th Ferenc\"}]}<\/script>\n<!-- \/ Yoast SEO Premium plugin. -->","yoast_head_json":{"title":"Barany\u00e1ban is sikeres az Ifj\u00fas\u00e1gi Garancia Plusz - Egy\u00fctt fejl\u0151d\u00fcnk","robots":{"index":"noindex","follow":"follow","max-snippet":"max-snippet:-1","max-image-preview":"max-image-preview:large","max-video-preview":"max-video-preview:-1"},"og_locale":"hu_HU","og_type":"article","og_title":"Barany\u00e1ban is sikeres az Ifj\u00fas\u00e1gi Garancia Plusz","og_description":"Tov\u00e1bbra is lend\u00fcletben a fiatalok munkaer\u0151piaci t\u00e1mogat\u00e1sa: az Ifj\u00fas\u00e1gi Garancia Plusz program c\u00e9lja, hogy a 15-29 \u00e9v k\u00f6z\u00f6tti, nem tanul\u00f3, nem dolgoz\u00f3 fiatalok min\u00e9l r\u00f6videbb id\u0151t t\u00f6ltsenek munkan\u00e9lk\u00fclis\u00e9gben vagy inaktivit\u00e1sban. A kezdem\u00e9nyez\u00e9s szem\u00e9lyre szabott seg\u00edts\u00e9ggel t\u00e1mogatja \u0151ket, hogy jav\u00edts\u00e1k munkaer\u0151piaci helyzet\u00fcket a miel\u0151bbi tart\u00f3s foglalkoztat\u00e1suk \u00e9rdek\u00e9ben. A program 2026 febru\u00e1rj\u00e1t\u00f3l \u00faj elemekkel b\u0151v\u00fclt, amelyek m\u00e1r P\u00e9csen is el\u00e9rhet\u0151k. A Gazdas\u00e1gfejleszt\u00e9si \u00e9s Innov\u00e1ci\u00f3s Operat\u00edv Program Plusz egyik Pill\u00e9rek\u00e9nt, Ifj\u00fas\u00e1gi Garancia Plusz c\u00edmmel fut\u00f3 projekt orsz\u00e1gos keret\u00f6sszege...","og_url":"https:\/\/egyuttfejlodunk.hu\/?p=11391","og_site_name":"Egy\u00fctt fejl\u0151d\u00fcnk","article_published_time":"2026-04-23T15:35:24+00:00","article_modified_time":"2026-06-15T16:01:01+00:00","og_image":[{"width":1000,"height":568,"url":"https:\/\/egyuttfejlodunk.hu\/wp-content\/uploads\/2026\/06\/shutterstock_2756575067-1.jpg","type":"image\/jpeg"}],"author":"T\u00f3th Ferenc","twitter_card":"summary_large_image","twitter_misc":{"Szerz\u0151:":"T\u00f3th Ferenc","Becs\u00fclt olvas\u00e1si id\u0151":"2 perc"},"schema":{"@context":"https:\/\/schema.org","@graph":[{"@type":"Article","@id":"https:\/\/egyuttfejlodunk.hu\/?p=11391#article","isPartOf":{"@id":"https:\/\/egyuttfejlodunk.hu\/?p=11391"},"author":{"name":"T\u00f3th Ferenc","@id":"https:\/\/egyuttfejlodunk.hu\/#\/schema\/person\/94cc2e6bf0b14e6d5de3d603885ed8c5"},"headline":"Barany\u00e1ban is sikeres az Ifj\u00fas\u00e1gi Garancia Plusz","datePublished":"2026-04-23T15:35:24+00:00","dateModified":"2026-06-15T16:01:01+00:00","mainEntityOfPage":{"@id":"https:\/\/egyuttfejlodunk.hu\/?p=11391"},"wordCount":418,"publisher":{"@id":"https:\/\/egyuttfejlodunk.hu\/#organization"},"image":{"@id":"https:\/\/egyuttfejlodunk.hu\/?p=11391#primaryimage"},"thumbnailUrl":"https:\/\/egyuttfejlodunk.hu\/wp-content\/uploads\/2026\/06\/shutterstock_2756575067-1.jpg","articleSection":["sz\u00e9chenyi plusz pill\u00e9r"],"inLanguage":"hu"},{"@type":"WebPage","@id":"https:\/\/egyuttfejlodunk.hu\/?p=11391","url":"https:\/\/egyuttfejlodunk.hu\/?p=11391","name":"Barany\u00e1ban is sikeres az Ifj\u00fas\u00e1gi Garancia Plusz - Egy\u00fctt fejl\u0151d\u00fcnk","isPartOf":{"@id":"https:\/\/egyuttfejlodunk.hu\/#website"},"primaryImageOfPage":{"@id":"https:\/\/egyuttfejlodunk.hu\/?p=11391#primaryimage"},"image":{"@id":"https:\/\/egyuttfejlodunk.hu\/?p=11391#primaryimage"},"thumbnailUrl":"https:\/\/egyuttfejlodunk.hu\/wp-content\/uploads\/2026\/06\/shutterstock_2756575067-1.jpg","datePublished":"2026-04-23T15:35:24+00:00","dateModified":"2026-06-15T16:01:01+00:00","breadcrumb":{"@id":"https:\/\/egyuttfejlodunk.hu\/?p=11391#breadcrumb"},"inLanguage":"hu","potentialAction":[{"@type":"ReadAction","target":["https:\/\/egyuttfejlodunk.hu\/?p=11391"]}]},{"@type":"ImageObject","inLanguage":"hu","@id":"https:\/\/egyuttfejlodunk.hu\/?p=11391#primaryimage","url":"https:\/\/egyuttfejlodunk.hu\/wp-content\/uploads\/2026\/06\/shutterstock_2756575067-1.jpg","contentUrl":"https:\/\/egyuttfejlodunk.hu\/wp-content\/uploads\/2026\/06\/shutterstock_2756575067-1.jpg","width":1000,"height":568},{"@type":"BreadcrumbList","@id":"https:\/\/egyuttfejlodunk.hu\/?p=11391#breadcrumb","itemListElement":[{"@type":"ListItem","position":1,"name":"Home","item":"https:\/\/egyuttfejlodunk.hu\/"},{"@type":"ListItem","position":2,"name":"Barany\u00e1ban is sikeres az Ifj\u00fas\u00e1gi Garancia Plusz"}]},{"@type":"WebSite","@id":"https:\/\/egyuttfejlodunk.hu\/#website","url":"https:\/\/egyuttfejlodunk.hu\/","name":"Egy\u00fctt fejl\u0151d\u00fcnk","description":"","publisher":{"@id":"https:\/\/egyuttfejlodunk.hu\/#organization"},"potentialAction":[{"@type":"SearchAction","target":{"@type":"EntryPoint","urlTemplate":"https:\/\/egyuttfejlodunk.hu\/?s={search_term_string}"},"query-input":{"@type":"PropertyValueSpecification","valueRequired":true,"valueName":"search_term_string"}}],"inLanguage":"hu"},{"@type":"Organization","@id":"https:\/\/egyuttfejlodunk.hu\/#organization","name":"Egy\u00fctt fejl\u0151d\u00fcnk","url":"https:\/\/egyuttfejlodunk.hu\/","logo":{"@type":"ImageObject","inLanguage":"hu","@id":"https:\/\/egyuttfejlodunk.hu\/#\/schema\/logo\/image\/","url":"https:\/\/egyuttfejlodunk.hu\/wp-content\/uploads\/2026\/04\/ujlogo.jpg","contentUrl":"https:\/\/egyuttfejlodunk.hu\/wp-content\/uploads\/2026\/04\/ujlogo.jpg","width":350,"height":110,"caption":"Egy\u00fctt fejl\u0151d\u00fcnk"},"image":{"@id":"https:\/\/egyuttfejlodunk.hu\/#\/schema\/logo\/image\/"}},{"@type":"Person","@id":"https:\/\/egyuttfejlodunk.hu\/#\/schema\/person\/94cc2e6bf0b14e6d5de3d603885ed8c5","name":"T\u00f3th Ferenc"}]}},"_links":{"self":[{"href":"https:\/\/egyuttfejlodunk.hu\/index.php?rest_route=\/wp\/v2\/posts\/11391","targetHints":{"allow":["GET"]}}],"collection":[{"href":"https:\/\/egyuttfejlodunk.hu\/index.php?rest_route=\/wp\/v2\/posts"}],"about":[{"href":"https:\/\/egyuttfejlodunk.hu\/index.php?rest_route=\/wp\/v2\/types\/post"}],"author":[{"embeddable":true,"href":"https:\/\/egyuttfejlodunk.hu\/index.php?rest_route=\/wp\/v2\/users\/30"}],"replies":[{"embeddable":true,"href":"https:\/\/egyuttfejlodunk.hu\/index.php?rest_route=%2Fwp%2Fv2%2Fcomments&post=11391"}],"version-history":[{"count":1,"href":"https:\/\/egyuttfejlodunk.hu\/index.php?rest_route=\/wp\/v2\/posts\/11391\/revisions"}],"predecessor-version":[{"id":11393,"href":"https:\/\/egyuttfejlodunk.hu\/index.php?rest_route=\/wp\/v2\/posts\/11391\/revisions\/11393"}],"wp:featuredmedia":[{"embeddable":true,"href":"https:\/\/egyuttfejlodunk.hu\/index.php?rest_route=\/wp\/v2\/media\/11392"}],"wp:attachment":[{"href":"https:\/\/egyuttfejlodunk.hu\/index.php?rest_route=%2Fwp%2Fv2%2Fmedia&parent=11391"}],"wp:term":[{"taxonomy":"category","embeddable":true,"href":"https:\/\/egyuttfejlodunk.hu\/index.php?rest_route=%2Fwp%2Fv2%2Fcategories&post=11391"},{"taxonomy":"post_tag","embeddable":true,"href":"https:\/\/egyuttfejlodunk.hu\/index.php?rest_route=%2Fwp%2Fv2%2Ftags&post=11391"},{"taxonomy":"megye","embeddable":true,"href":"https:\/\/egyuttfejlodunk.hu\/index.php?rest_route=%2Fwp%2Fv2%2Fmegye&post=11391"}],"curies":[{"name":"wp","href":"https:\/\/api.w.org\/{rel}","templated":true}]}}