{"id":11396,"date":"2026-04-24T18:25:55","date_gmt":"2026-04-24T16:25:55","guid":{"rendered":"https:\/\/egyuttfejlodunk.hu\/?p=11396"},"modified":"2026-08-28T09:37:07","modified_gmt":"2026-08-28T07:37:07","slug":"biztonsagosabb-ellatas-es-csokkeno-veszteseg-megujult-a-pecsi-vizikozmu-halozat","status":"publish","type":"post","link":"https:\/\/egyuttfejlodunk.hu\/?p=11396","title":{"rendered":"Biztons\u00e1gosabb ell\u00e1t\u00e1s \u00e9s cs\u00f6kken\u0151 vesztes\u00e9g: meg\u00fajult a p\u00e9csi v\u00edzik\u00f6zm\u0171-h\u00e1l\u00f3zat"},"content":{"rendered":"<p><strong>P\u00e9cs v\u00edzell\u00e1t\u00f3 \u00e9s szennyv\u00edzelvezet\u0151 rendszere t\u00f6bb mint 130 \u00e9ve szolg\u00e1lta a v\u00e1rost. Ez a hossz\u00fa m\u00falt egyszerre jelentett \u00e9rt\u00e9ket \u00e9s komoly kih\u00edv\u00e1st, hiszen a h\u00e1l\u00f3zat jelent\u0151s r\u00e9sze elavultt\u00e1 v\u00e1lt, ami egyre nagyobb terhet r\u00f3tt a mindennapi m\u0171k\u00f6d\u00e9sre.<\/strong><\/p>\n<p>Az elm\u00falt \u00e9vek fejleszt\u00e9sei ellen\u00e9re a rendszer \u00e1llapota indokoltt\u00e1 tette a nagyobb l\u00e9pt\u00e9k\u0171 korszer\u0171s\u00edt\u00e9st. Sok helyen m\u00e9g rendk\u00edv\u00fcl r\u00e9gi vezet\u00e9kek m\u0171k\u00f6dtek, m\u00e1shol pedig a kor\u00e1bban alkalmazott technol\u00f3gi\u00e1k \u00f6regedtek el. Mindez n\u00f6velte a meghib\u00e1sod\u00e1sok, a cs\u0151t\u00f6r\u00e9sek \u00e9s az ell\u00e1t\u00e1si zavarok kock\u00e1zat\u00e1t, mik\u00f6zben a folyamatosan emelked\u0151 kivitelez\u00e9si k\u00f6lts\u00e9gek miatt egyre nehezebb\u00e9 v\u00e1lt l\u00e9p\u00e9st tartani a sz\u00fcks\u00e9ges fel\u00faj\u00edt\u00e1sokkal.<\/p>\n<p>A helyzet kezel\u00e9s\u00e9re hossz\u00fat\u00e1v\u00fa, \u00e1tfog\u00f3 fejleszt\u00e9si program k\u00e9sz\u00fclt, amely a legink\u00e1bb \u00e9rintett h\u00e1l\u00f3zati szakaszok meg\u00faj\u00edt\u00e1s\u00e1ra koncentr\u00e1lt. A gondos el\u0151k\u00e9sz\u00edt\u00e9s pontosan meghat\u00e1rozta, &nbsp;hol a legs\u00fcrget\u0151bb a beavatkoz\u00e1s, \u00edgy a beruh\u00e1z\u00e1s ott val\u00f3sult meg, ahol a legt\u00f6bb eredm\u00e9nyt hozhatta a v\u00e1ros sz\u00e1m\u00e1ra.<\/p>\n<p>Az uni\u00f3s t\u00e1mogat\u00e1s bevon\u00e1s\u00e1val megval\u00f3s\u00edtott fejleszt\u00e9s P\u00e9cs t\u00f6bb pontj\u00e1t \u00e9rintette, \u00e9s olyan ter\u00fcletekre \u00f6sszpontos\u00edtott, ahol a h\u00e1l\u00f3zat \u00e1llapota m\u00e1r k\u00f6zvetlen\u00fcl befoly\u00e1solta a szolg\u00e1ltat\u00e1s biztons\u00e1g\u00e1t. A belv\u00e1rosban \u00e9s a k\u00f6rnyez\u0151 utc\u00e1kban elv\u00e9gzett vezet\u00e9kcser\u00e9k cs\u00f6kkentett\u00e9k a cs\u0151t\u00f6r\u00e9sek sz\u00e1m\u00e1t \u00e9s m\u00e9rs\u00e9kelt\u00e9k a v\u00edzvesztes\u00e9get. A pell\u00e9rdi v\u00edzb\u00e1zis t\u00e9rs\u00e9g\u00e9ben elv\u00e9gzett korszer\u0171s\u00edt\u00e9s a v\u00e1ros egyik meghat\u00e1roz\u00f3 v\u00edzell\u00e1t\u00e1si pontj\u00e1t er\u0151s\u00edtette meg, m\u00edg Postav\u00f6lgy\u2013Nagy\u00e1rp\u00e1d \u00e9s a Pet\u0151fi utca t\u00e9rs\u00e9g\u00e9ben a nagy terhel\u00e9s\u0171 szennyv\u00edzcsatorn\u00e1k \u00fajultak meg, cs\u00f6kkentve a meghib\u00e1sod\u00e1sok \u00e9s a besziv\u00e1rg\u00f3 idegen vizek okozta probl\u00e9m\u00e1kat.<\/p>\n<p>A beruh\u00e1z\u00e1s sor\u00e1n \u00f6sszesen t\u00f6bb mint 14 kilom\u00e9ternyi v\u00edzik\u00f6zm\u0171-h\u00e1l\u00f3zat \u00fajult meg. A fejleszt\u00e9s k\u00e9zzelfoghat\u00f3 v\u00e1ltoz\u00e1st hozott a v\u00e1ros \u00e9let\u00e9ben, hiszen biztons\u00e1gosabb\u00e1 \u00e9s kisz\u00e1m\u00edthat\u00f3bb\u00e1 tette a szolg\u00e1ltat\u00e1st, mik\u00f6zben cs\u00f6kkentette a v\u00edzvesztes\u00e9get \u00e9s a szennyv\u00edzh\u00e1l\u00f3zat terhel\u00e9s\u00e9t. A korszer\u0171bb rendszer hat\u00e9konyabb energiafelhaszn\u00e1l\u00e1st is lehet\u0151v\u00e9 tett, ami gazdas\u00e1gi \u00e9s k\u00f6rnyezeti szempontb\u00f3l egyar\u00e1nt fontos el\u0151rel\u00e9p\u00e9st jelent.<\/p>\n<p>A p\u00e9csiek sz\u00e1m\u00e1ra mindez a mindennapok szintj\u00e9n is \u00e9rezhet\u0151 el\u0151nyt hozott. A meg\u00fajult h\u00e1l\u00f3zat kevesebb meghib\u00e1sod\u00e1st, stabilabb ell\u00e1t\u00e1st \u00e9s megb\u00edzhat\u00f3bb k\u00f6zszolg\u00e1ltat\u00e1st biztos\u00edt, mik\u00f6zben ahhoz is hozz\u00e1j\u00e1rult, hogy a v\u00e1ros infrastrukt\u00far\u00e1ja hossz\u00fa t\u00e1von fenntarthat\u00f3bb\u00e1 v\u00e1ljon.<\/p>\n<p>A program a KEHOP-2.1.11-21-2022-00014 projekt keret\u00e9ben, eur\u00f3pai uni\u00f3s forr\u00e1s bevon\u00e1s\u00e1val val\u00f3sult meg.<\/p>\n<p>Tov\u00e1bbi r\u00e9szletek a t\u00e1mogatott projekt keres\u0151ben:<a class=\"tovabb\" href=\"https:\/\/www.palyazat.gov.hu\/eredmenyek\/tamogatott-projektek\/3406300201\" target=\"_blank\" rel=\"noopener\">Tov\u00e1bb<\/a><\/p>\n","protected":false},"excerpt":{"rendered":"<p>P\u00e9cs v\u00edzell\u00e1t\u00f3 \u00e9s szennyv\u00edzelvezet\u0151 rendszere t\u00f6bb mint 130 \u00e9ve szolg\u00e1lta a v\u00e1rost. Ez a hossz\u00fa m\u00falt egyszerre jelentett \u00e9rt\u00e9ket \u00e9s komoly kih\u00edv\u00e1st, hiszen a h\u00e1l\u00f3zat jelent\u0151s r\u00e9sze elavultt\u00e1 v\u00e1lt, ami egyre nagyobb terhet r\u00f3tt a mindennapi m\u0171k\u00f6d\u00e9sre. Az elm\u00falt \u00e9vek fejleszt\u00e9sei ellen\u00e9re a rendszer \u00e1llapota indokoltt\u00e1 tette a nagyobb l\u00e9pt\u00e9k\u0171 korszer\u0171s\u00edt\u00e9st. Sok helyen m\u00e9g rendk\u00edv\u00fcl r\u00e9gi vezet\u00e9kek m\u0171k\u00f6dtek, m\u00e1shol pedig a kor\u00e1bban alkalmazott technol\u00f3gi\u00e1k \u00f6regedtek el. Mindez n\u00f6velte a meghib\u00e1sod\u00e1sok, a cs\u0151t\u00f6r\u00e9sek \u00e9s az ell\u00e1t\u00e1si&#8230;<\/p>\n","protected":false},"author":30,"featured_media":11397,"comment_status":"closed","ping_status":"closed","sticky":false,"template":"","format":"standard","meta":{"_acf_changed":false,"ngg_post_thumbnail":0,"footnotes":""},"categories":[162],"tags":[493,306],"megye":[1115],"class_list":["post-11396","post","type-post","status-publish","format-standard","has-post-thumbnail","hentry","category-kehop-hu","tag-kozmufejlesztes","tag-vizgazdalkodas","megye-baranya-megye"],"acf":[],"yoast_head":"<!-- This site is optimized with the Yoast SEO Premium plugin v28.4 (Yoast SEO v28.4) - https:\/\/yoast.com\/product\/yoast-seo-premium-wordpress\/ -->\n<title>Biztons\u00e1gosabb ell\u00e1t\u00e1s \u00e9s cs\u00f6kken\u0151 vesztes\u00e9g: meg\u00fajult a p\u00e9csi v\u00edzik\u00f6zm\u0171-h\u00e1l\u00f3zat - Egy\u00fctt fejl\u0151d\u00fcnk<\/title>\n<meta name=\"robots\" content=\"noindex, follow, max-snippet:-1, max-image-preview:large, max-video-preview:-1\" \/>\n<meta property=\"og:locale\" content=\"hu_HU\" \/>\n<meta property=\"og:type\" content=\"article\" \/>\n<meta property=\"og:title\" content=\"Biztons\u00e1gosabb ell\u00e1t\u00e1s \u00e9s cs\u00f6kken\u0151 vesztes\u00e9g: meg\u00fajult a p\u00e9csi v\u00edzik\u00f6zm\u0171-h\u00e1l\u00f3zat\" \/>\n<meta property=\"og:description\" content=\"P\u00e9cs v\u00edzell\u00e1t\u00f3 \u00e9s szennyv\u00edzelvezet\u0151 rendszere t\u00f6bb mint 130 \u00e9ve szolg\u00e1lta a v\u00e1rost. Ez a hossz\u00fa m\u00falt egyszerre jelentett \u00e9rt\u00e9ket \u00e9s komoly kih\u00edv\u00e1st, hiszen a h\u00e1l\u00f3zat jelent\u0151s r\u00e9sze elavultt\u00e1 v\u00e1lt, ami egyre nagyobb terhet r\u00f3tt a mindennapi m\u0171k\u00f6d\u00e9sre. Az elm\u00falt \u00e9vek fejleszt\u00e9sei ellen\u00e9re a rendszer \u00e1llapota indokoltt\u00e1 tette a nagyobb l\u00e9pt\u00e9k\u0171 korszer\u0171s\u00edt\u00e9st. Sok helyen m\u00e9g rendk\u00edv\u00fcl r\u00e9gi vezet\u00e9kek m\u0171k\u00f6dtek, m\u00e1shol pedig a kor\u00e1bban alkalmazott technol\u00f3gi\u00e1k \u00f6regedtek el. Mindez n\u00f6velte a meghib\u00e1sod\u00e1sok, a cs\u0151t\u00f6r\u00e9sek \u00e9s az ell\u00e1t\u00e1si...\" \/>\n<meta property=\"og:url\" content=\"https:\/\/egyuttfejlodunk.hu\/?p=11396\" \/>\n<meta property=\"og:site_name\" content=\"Egy\u00fctt fejl\u0151d\u00fcnk\" \/>\n<meta property=\"article:published_time\" content=\"2026-04-24T16:25:55+00:00\" \/>\n<meta property=\"article:modified_time\" content=\"2026-08-28T07:37:07+00:00\" \/>\n<meta property=\"og:image\" content=\"https:\/\/egyuttfejlodunk.hu\/wp-content\/uploads\/2026\/06\/shutterstock_2181680135.jpg\" \/>\n\t<meta property=\"og:image:width\" content=\"1000\" \/>\n\t<meta property=\"og:image:height\" content=\"667\" \/>\n\t<meta property=\"og:image:type\" content=\"image\/jpeg\" \/>\n<meta name=\"author\" content=\"T\u00f3th Ferenc\" \/>\n<meta name=\"twitter:card\" content=\"summary_large_image\" \/>\n<meta name=\"twitter:label1\" content=\"Szerz\u0151:\" \/>\n\t<meta name=\"twitter:data1\" content=\"T\u00f3th Ferenc\" \/>\n\t<meta name=\"twitter:label2\" content=\"Becs\u00fclt olvas\u00e1si id\u0151\" \/>\n\t<meta name=\"twitter:data2\" content=\"2 perc\" \/>\n<script type=\"application\/ld+json\" class=\"yoast-schema-graph\">{\"@context\":\"https:\\\/\\\/schema.org\",\"@graph\":[{\"@type\":\"Article\",\"@id\":\"https:\\\/\\\/egyuttfejlodunk.hu\\\/?p=11396#article\",\"isPartOf\":{\"@id\":\"https:\\\/\\\/egyuttfejlodunk.hu\\\/?p=11396\"},\"author\":{\"name\":\"T\u00f3th Ferenc\",\"@id\":\"https:\\\/\\\/egyuttfejlodunk.hu\\\/#\\\/schema\\\/person\\\/94cc2e6bf0b14e6d5de3d603885ed8c5\"},\"headline\":\"Biztons\u00e1gosabb ell\u00e1t\u00e1s \u00e9s cs\u00f6kken\u0151 vesztes\u00e9g: meg\u00fajult a p\u00e9csi v\u00edzik\u00f6zm\u0171-h\u00e1l\u00f3zat\",\"datePublished\":\"2026-04-24T16:25:55+00:00\",\"dateModified\":\"2026-08-28T07:37:07+00:00\",\"mainEntityOfPage\":{\"@id\":\"https:\\\/\\\/egyuttfejlodunk.hu\\\/?p=11396\"},\"wordCount\":587,\"publisher\":{\"@id\":\"https:\\\/\\\/egyuttfejlodunk.hu\\\/#organization\"},\"image\":{\"@id\":\"https:\\\/\\\/egyuttfejlodunk.hu\\\/?p=11396#primaryimage\"},\"thumbnailUrl\":\"https:\\\/\\\/egyuttfejlodunk.hu\\\/wp-content\\\/uploads\\\/2026\\\/06\\\/shutterstock_2181680135.jpg\",\"keywords\":[\"k\u00f6zm\u0171fejleszt\u00e9s\",\"v\u00edzgazd\u00e1lkod\u00e1s\"],\"articleSection\":[\"Kehop\"],\"inLanguage\":\"hu\"},{\"@type\":\"WebPage\",\"@id\":\"https:\\\/\\\/egyuttfejlodunk.hu\\\/?p=11396\",\"url\":\"https:\\\/\\\/egyuttfejlodunk.hu\\\/?p=11396\",\"name\":\"Biztons\u00e1gosabb ell\u00e1t\u00e1s \u00e9s cs\u00f6kken\u0151 vesztes\u00e9g: meg\u00fajult a p\u00e9csi v\u00edzik\u00f6zm\u0171-h\u00e1l\u00f3zat - Egy\u00fctt fejl\u0151d\u00fcnk\",\"isPartOf\":{\"@id\":\"https:\\\/\\\/egyuttfejlodunk.hu\\\/#website\"},\"primaryImageOfPage\":{\"@id\":\"https:\\\/\\\/egyuttfejlodunk.hu\\\/?p=11396#primaryimage\"},\"image\":{\"@id\":\"https:\\\/\\\/egyuttfejlodunk.hu\\\/?p=11396#primaryimage\"},\"thumbnailUrl\":\"https:\\\/\\\/egyuttfejlodunk.hu\\\/wp-content\\\/uploads\\\/2026\\\/06\\\/shutterstock_2181680135.jpg\",\"datePublished\":\"2026-04-24T16:25:55+00:00\",\"dateModified\":\"2026-08-28T07:37:07+00:00\",\"breadcrumb\":{\"@id\":\"https:\\\/\\\/egyuttfejlodunk.hu\\\/?p=11396#breadcrumb\"},\"inLanguage\":\"hu\",\"potentialAction\":[{\"@type\":\"ReadAction\",\"target\":[\"https:\\\/\\\/egyuttfejlodunk.hu\\\/?p=11396\"]}]},{\"@type\":\"ImageObject\",\"inLanguage\":\"hu\",\"@id\":\"https:\\\/\\\/egyuttfejlodunk.hu\\\/?p=11396#primaryimage\",\"url\":\"https:\\\/\\\/egyuttfejlodunk.hu\\\/wp-content\\\/uploads\\\/2026\\\/06\\\/shutterstock_2181680135.jpg\",\"contentUrl\":\"https:\\\/\\\/egyuttfejlodunk.hu\\\/wp-content\\\/uploads\\\/2026\\\/06\\\/shutterstock_2181680135.jpg\",\"width\":1000,\"height\":667},{\"@type\":\"BreadcrumbList\",\"@id\":\"https:\\\/\\\/egyuttfejlodunk.hu\\\/?p=11396#breadcrumb\",\"itemListElement\":[{\"@type\":\"ListItem\",\"position\":1,\"name\":\"Home\",\"item\":\"https:\\\/\\\/egyuttfejlodunk.hu\\\/\"},{\"@type\":\"ListItem\",\"position\":2,\"name\":\"Biztons\u00e1gosabb ell\u00e1t\u00e1s \u00e9s cs\u00f6kken\u0151 vesztes\u00e9g: meg\u00fajult a p\u00e9csi v\u00edzik\u00f6zm\u0171-h\u00e1l\u00f3zat\"}]},{\"@type\":\"WebSite\",\"@id\":\"https:\\\/\\\/egyuttfejlodunk.hu\\\/#website\",\"url\":\"https:\\\/\\\/egyuttfejlodunk.hu\\\/\",\"name\":\"Egy\u00fctt fejl\u0151d\u00fcnk\",\"description\":\"\",\"publisher\":{\"@id\":\"https:\\\/\\\/egyuttfejlodunk.hu\\\/#organization\"},\"potentialAction\":[{\"@type\":\"SearchAction\",\"target\":{\"@type\":\"EntryPoint\",\"urlTemplate\":\"https:\\\/\\\/egyuttfejlodunk.hu\\\/?s={search_term_string}\"},\"query-input\":{\"@type\":\"PropertyValueSpecification\",\"valueRequired\":true,\"valueName\":\"search_term_string\"}}],\"inLanguage\":\"hu\"},{\"@type\":\"Organization\",\"@id\":\"https:\\\/\\\/egyuttfejlodunk.hu\\\/#organization\",\"name\":\"Egy\u00fctt fejl\u0151d\u00fcnk\",\"url\":\"https:\\\/\\\/egyuttfejlodunk.hu\\\/\",\"logo\":{\"@type\":\"ImageObject\",\"inLanguage\":\"hu\",\"@id\":\"https:\\\/\\\/egyuttfejlodunk.hu\\\/#\\\/schema\\\/logo\\\/image\\\/\",\"url\":\"https:\\\/\\\/egyuttfejlodunk.hu\\\/wp-content\\\/uploads\\\/2026\\\/04\\\/ujlogo.jpg\",\"contentUrl\":\"https:\\\/\\\/egyuttfejlodunk.hu\\\/wp-content\\\/uploads\\\/2026\\\/04\\\/ujlogo.jpg\",\"width\":350,\"height\":110,\"caption\":\"Egy\u00fctt fejl\u0151d\u00fcnk\"},\"image\":{\"@id\":\"https:\\\/\\\/egyuttfejlodunk.hu\\\/#\\\/schema\\\/logo\\\/image\\\/\"}},{\"@type\":\"Person\",\"@id\":\"https:\\\/\\\/egyuttfejlodunk.hu\\\/#\\\/schema\\\/person\\\/94cc2e6bf0b14e6d5de3d603885ed8c5\",\"name\":\"T\u00f3th Ferenc\"}]}<\/script>\n<!-- \/ Yoast SEO Premium plugin. -->","yoast_head_json":{"title":"Biztons\u00e1gosabb ell\u00e1t\u00e1s \u00e9s cs\u00f6kken\u0151 vesztes\u00e9g: meg\u00fajult a p\u00e9csi v\u00edzik\u00f6zm\u0171-h\u00e1l\u00f3zat - Egy\u00fctt fejl\u0151d\u00fcnk","robots":{"index":"noindex","follow":"follow","max-snippet":"max-snippet:-1","max-image-preview":"max-image-preview:large","max-video-preview":"max-video-preview:-1"},"og_locale":"hu_HU","og_type":"article","og_title":"Biztons\u00e1gosabb ell\u00e1t\u00e1s \u00e9s cs\u00f6kken\u0151 vesztes\u00e9g: meg\u00fajult a p\u00e9csi v\u00edzik\u00f6zm\u0171-h\u00e1l\u00f3zat","og_description":"P\u00e9cs v\u00edzell\u00e1t\u00f3 \u00e9s szennyv\u00edzelvezet\u0151 rendszere t\u00f6bb mint 130 \u00e9ve szolg\u00e1lta a v\u00e1rost. Ez a hossz\u00fa m\u00falt egyszerre jelentett \u00e9rt\u00e9ket \u00e9s komoly kih\u00edv\u00e1st, hiszen a h\u00e1l\u00f3zat jelent\u0151s r\u00e9sze elavultt\u00e1 v\u00e1lt, ami egyre nagyobb terhet r\u00f3tt a mindennapi m\u0171k\u00f6d\u00e9sre. Az elm\u00falt \u00e9vek fejleszt\u00e9sei ellen\u00e9re a rendszer \u00e1llapota indokoltt\u00e1 tette a nagyobb l\u00e9pt\u00e9k\u0171 korszer\u0171s\u00edt\u00e9st. Sok helyen m\u00e9g rendk\u00edv\u00fcl r\u00e9gi vezet\u00e9kek m\u0171k\u00f6dtek, m\u00e1shol pedig a kor\u00e1bban alkalmazott technol\u00f3gi\u00e1k \u00f6regedtek el. Mindez n\u00f6velte a meghib\u00e1sod\u00e1sok, a cs\u0151t\u00f6r\u00e9sek \u00e9s az ell\u00e1t\u00e1si...","og_url":"https:\/\/egyuttfejlodunk.hu\/?p=11396","og_site_name":"Egy\u00fctt fejl\u0151d\u00fcnk","article_published_time":"2026-04-24T16:25:55+00:00","article_modified_time":"2026-08-28T07:37:07+00:00","og_image":[{"width":1000,"height":667,"url":"https:\/\/egyuttfejlodunk.hu\/wp-content\/uploads\/2026\/06\/shutterstock_2181680135.jpg","type":"image\/jpeg"}],"author":"T\u00f3th Ferenc","twitter_card":"summary_large_image","twitter_misc":{"Szerz\u0151:":"T\u00f3th Ferenc","Becs\u00fclt olvas\u00e1si id\u0151":"2 perc"},"schema":{"@context":"https:\/\/schema.org","@graph":[{"@type":"Article","@id":"https:\/\/egyuttfejlodunk.hu\/?p=11396#article","isPartOf":{"@id":"https:\/\/egyuttfejlodunk.hu\/?p=11396"},"author":{"name":"T\u00f3th Ferenc","@id":"https:\/\/egyuttfejlodunk.hu\/#\/schema\/person\/94cc2e6bf0b14e6d5de3d603885ed8c5"},"headline":"Biztons\u00e1gosabb ell\u00e1t\u00e1s \u00e9s cs\u00f6kken\u0151 vesztes\u00e9g: meg\u00fajult a p\u00e9csi v\u00edzik\u00f6zm\u0171-h\u00e1l\u00f3zat","datePublished":"2026-04-24T16:25:55+00:00","dateModified":"2026-08-28T07:37:07+00:00","mainEntityOfPage":{"@id":"https:\/\/egyuttfejlodunk.hu\/?p=11396"},"wordCount":587,"publisher":{"@id":"https:\/\/egyuttfejlodunk.hu\/#organization"},"image":{"@id":"https:\/\/egyuttfejlodunk.hu\/?p=11396#primaryimage"},"thumbnailUrl":"https:\/\/egyuttfejlodunk.hu\/wp-content\/uploads\/2026\/06\/shutterstock_2181680135.jpg","keywords":["k\u00f6zm\u0171fejleszt\u00e9s","v\u00edzgazd\u00e1lkod\u00e1s"],"articleSection":["Kehop"],"inLanguage":"hu"},{"@type":"WebPage","@id":"https:\/\/egyuttfejlodunk.hu\/?p=11396","url":"https:\/\/egyuttfejlodunk.hu\/?p=11396","name":"Biztons\u00e1gosabb ell\u00e1t\u00e1s \u00e9s cs\u00f6kken\u0151 vesztes\u00e9g: meg\u00fajult a p\u00e9csi v\u00edzik\u00f6zm\u0171-h\u00e1l\u00f3zat - Egy\u00fctt fejl\u0151d\u00fcnk","isPartOf":{"@id":"https:\/\/egyuttfejlodunk.hu\/#website"},"primaryImageOfPage":{"@id":"https:\/\/egyuttfejlodunk.hu\/?p=11396#primaryimage"},"image":{"@id":"https:\/\/egyuttfejlodunk.hu\/?p=11396#primaryimage"},"thumbnailUrl":"https:\/\/egyuttfejlodunk.hu\/wp-content\/uploads\/2026\/06\/shutterstock_2181680135.jpg","datePublished":"2026-04-24T16:25:55+00:00","dateModified":"2026-08-28T07:37:07+00:00","breadcrumb":{"@id":"https:\/\/egyuttfejlodunk.hu\/?p=11396#breadcrumb"},"inLanguage":"hu","potentialAction":[{"@type":"ReadAction","target":["https:\/\/egyuttfejlodunk.hu\/?p=11396"]}]},{"@type":"ImageObject","inLanguage":"hu","@id":"https:\/\/egyuttfejlodunk.hu\/?p=11396#primaryimage","url":"https:\/\/egyuttfejlodunk.hu\/wp-content\/uploads\/2026\/06\/shutterstock_2181680135.jpg","contentUrl":"https:\/\/egyuttfejlodunk.hu\/wp-content\/uploads\/2026\/06\/shutterstock_2181680135.jpg","width":1000,"height":667},{"@type":"BreadcrumbList","@id":"https:\/\/egyuttfejlodunk.hu\/?p=11396#breadcrumb","itemListElement":[{"@type":"ListItem","position":1,"name":"Home","item":"https:\/\/egyuttfejlodunk.hu\/"},{"@type":"ListItem","position":2,"name":"Biztons\u00e1gosabb ell\u00e1t\u00e1s \u00e9s cs\u00f6kken\u0151 vesztes\u00e9g: meg\u00fajult a p\u00e9csi v\u00edzik\u00f6zm\u0171-h\u00e1l\u00f3zat"}]},{"@type":"WebSite","@id":"https:\/\/egyuttfejlodunk.hu\/#website","url":"https:\/\/egyuttfejlodunk.hu\/","name":"Egy\u00fctt fejl\u0151d\u00fcnk","description":"","publisher":{"@id":"https:\/\/egyuttfejlodunk.hu\/#organization"},"potentialAction":[{"@type":"SearchAction","target":{"@type":"EntryPoint","urlTemplate":"https:\/\/egyuttfejlodunk.hu\/?s={search_term_string}"},"query-input":{"@type":"PropertyValueSpecification","valueRequired":true,"valueName":"search_term_string"}}],"inLanguage":"hu"},{"@type":"Organization","@id":"https:\/\/egyuttfejlodunk.hu\/#organization","name":"Egy\u00fctt fejl\u0151d\u00fcnk","url":"https:\/\/egyuttfejlodunk.hu\/","logo":{"@type":"ImageObject","inLanguage":"hu","@id":"https:\/\/egyuttfejlodunk.hu\/#\/schema\/logo\/image\/","url":"https:\/\/egyuttfejlodunk.hu\/wp-content\/uploads\/2026\/04\/ujlogo.jpg","contentUrl":"https:\/\/egyuttfejlodunk.hu\/wp-content\/uploads\/2026\/04\/ujlogo.jpg","width":350,"height":110,"caption":"Egy\u00fctt fejl\u0151d\u00fcnk"},"image":{"@id":"https:\/\/egyuttfejlodunk.hu\/#\/schema\/logo\/image\/"}},{"@type":"Person","@id":"https:\/\/egyuttfejlodunk.hu\/#\/schema\/person\/94cc2e6bf0b14e6d5de3d603885ed8c5","name":"T\u00f3th Ferenc"}]}},"_links":{"self":[{"href":"https:\/\/egyuttfejlodunk.hu\/index.php?rest_route=\/wp\/v2\/posts\/11396","targetHints":{"allow":["GET"]}}],"collection":[{"href":"https:\/\/egyuttfejlodunk.hu\/index.php?rest_route=\/wp\/v2\/posts"}],"about":[{"href":"https:\/\/egyuttfejlodunk.hu\/index.php?rest_route=\/wp\/v2\/types\/post"}],"author":[{"embeddable":true,"href":"https:\/\/egyuttfejlodunk.hu\/index.php?rest_route=\/wp\/v2\/users\/30"}],"replies":[{"embeddable":true,"href":"https:\/\/egyuttfejlodunk.hu\/index.php?rest_route=%2Fwp%2Fv2%2Fcomments&post=11396"}],"version-history":[{"count":1,"href":"https:\/\/egyuttfejlodunk.hu\/index.php?rest_route=\/wp\/v2\/posts\/11396\/revisions"}],"predecessor-version":[{"id":11398,"href":"https:\/\/egyuttfejlodunk.hu\/index.php?rest_route=\/wp\/v2\/posts\/11396\/revisions\/11398"}],"wp:featuredmedia":[{"embeddable":true,"href":"https:\/\/egyuttfejlodunk.hu\/index.php?rest_route=\/wp\/v2\/media\/11397"}],"wp:attachment":[{"href":"https:\/\/egyuttfejlodunk.hu\/index.php?rest_route=%2Fwp%2Fv2%2Fmedia&parent=11396"}],"wp:term":[{"taxonomy":"category","embeddable":true,"href":"https:\/\/egyuttfejlodunk.hu\/index.php?rest_route=%2Fwp%2Fv2%2Fcategories&post=11396"},{"taxonomy":"post_tag","embeddable":true,"href":"https:\/\/egyuttfejlodunk.hu\/index.php?rest_route=%2Fwp%2Fv2%2Ftags&post=11396"},{"taxonomy":"megye","embeddable":true,"href":"https:\/\/egyuttfejlodunk.hu\/index.php?rest_route=%2Fwp%2Fv2%2Fmegye&post=11396"}],"curies":[{"name":"wp","href":"https:\/\/api.w.org\/{rel}","templated":true}]}}