{"id":11401,"date":"2026-04-27T18:31:01","date_gmt":"2026-04-27T16:31:01","guid":{"rendered":"https:\/\/egyuttfejlodunk.hu\/?p=11401"},"modified":"2026-08-28T09:36:29","modified_gmt":"2026-08-28T07:36:29","slug":"szinhazi-estek-uj-kornyezetben-nyiregyhazan","status":"publish","type":"post","link":"https:\/\/egyuttfejlodunk.hu\/?p=11401","title":{"rendered":"Sz\u00ednh\u00e1zi est\u00e9k \u00faj k\u00f6rnyezetben Ny\u00edregyh\u00e1z\u00e1n"},"content":{"rendered":"\t\t<div data-elementor-type=\"wp-post\" data-elementor-id=\"11401\" class=\"elementor elementor-11401\" data-elementor-post-type=\"post\">\n\t\t\t\t<div class=\"elementor-element elementor-element-28994d13 e-flex e-con-boxed e-con e-parent\" data-id=\"28994d13\" data-element_type=\"container\" data-e-type=\"container\">\n\t\t\t\t\t<div class=\"e-con-inner\">\n\t\t\t\t<div class=\"elementor-element elementor-element-1ee521c0 elementor-widget elementor-widget-text-editor\" data-id=\"1ee521c0\" data-element_type=\"widget\" data-e-type=\"widget\" data-widget_type=\"text-editor.default\">\n\t\t\t\t\t\t\t\t\t<strong>Ny\u00edregyh\u00e1za meghat\u00e1roz\u00f3 k\u00f6z\u00f6ss\u00e9gi tere ism\u00e9t \u00fcde sz\u00ednfoltj\u00e1v\u00e1 v\u00e1lt a v\u00e1ros kultur\u00e1lis \u00e9let\u00e9nek.<\/strong>\r\n\r\nAki hosszabb ideje \u00e9l Ny\u00edregyh\u00e1z\u00e1n, j\u00f3l eml\u00e9kszik arra, milyen \u00e1llapotban volt a Szabadt\u00e9ri Sz\u00ednpad az elm\u00falt \u00e9vekben. B\u00e1r sok sz\u00e9p \u00e9lm\u00e9ny k\u00f6t\u0151dik hozz\u00e1, az id\u0151 egyre ink\u00e1bb nyomot hagyott a helyi kult\u00fara ikonikus helysz\u00edn\u00e9n. Gyakran besz\u00e9lgett\u00fcnk r\u00f3la ismer\u0151s\u00f6kkel, hogy milyen j\u00f3 lenne, ha egyszer ism\u00e9t m\u00e9lt\u00f3 form\u00e1j\u00e1ban fogadhatn\u00e1 a k\u00f6z\u00f6ns\u00e9get. Nem kis \u00f6r\u00f6m volt teh\u00e1t, amikor a 2014-20-as programoz\u00e1si id\u0151szakban eur\u00f3pai uni\u00f3s forr\u00e1s teljes k\u00f6r\u0171 meg\u00fajul\u00e1st tett lehet\u0151v\u00e9.\r\n\r\nMaga a sz\u00ednpad korszer\u0171bb\u00e9 \u00e9s t\u00e1gasabb\u00e1 v\u00e1lt, technikai felszerelts\u00e9ge pedig imm\u00e1r megfelel a mai kor elv\u00e1r\u00e1sainak. A modern hang- \u00e9s f\u00e9nytechnik\u00e1nak, valamint az \u00e1talak\u00edtott sz\u00ednpadi t\u00e9rnek k\u00f6sz\u00f6nhet\u0151en m\u00e1r rangosabb, nagyobb volumen\u0171 el\u0151ad\u00e1sok is \u00e9rkezhetnek a ny\u00edregyh\u00e1zi k\u00f6z\u00f6ns\u00e9ghez.\r\n\r\nA n\u00e9z\u0151t\u00e9r b\u0151v\u00edt\u00e9se szint\u00e9n jelent\u0151s el\u0151rel\u00e9p\u00e9st jelent. Mindamellett, hogy t\u00f6bb l\u00e1togat\u00f3t tud befogadni, k\u00e9nyelmesebb is lett. K\u00fcl\u00f6n \u00e9rt\u00e9kelend\u0151, hogy a fejleszt\u00e9s nem csup\u00e1n a sz\u00ednh\u00e1z infrastrukt\u00far\u00e1j\u00e1ra korl\u00e1toz\u00f3dott, a k\u00f6rnyez\u0151 z\u00f6ldter\u00fcletek rendez\u00e9se ut\u00e1n a R\u00f3zsakert eg\u00e9sze harmonikusabb\u00e1, \u00e1poltabb\u00e1 v\u00e1lt.\r\n\r\nA projekt fontos eleme volt a \u201eKiserd\u0151k\u201d ter\u00fclet\u00e9nek funkcion\u00e1lis b\u0151v\u00edt\u00e9se is. Ez a v\u00e1ltoz\u00e1s els\u0151 pillant\u00e1sra tal\u00e1n kev\u00e9sb\u00e9 l\u00e1tv\u00e1nyos, m\u00e9gis alapvet\u0151en form\u00e1lta \u00e1t a helysz\u00ednt, \u00faj lehet\u0151s\u00e9geket nyitva a k\u00f6z\u00f6ss\u00e9gi egy\u00fcttl\u00e9tekre. A ter\u00fclet a v\u00e1ros szerves r\u00e9szek\u00e9nt imm\u00e1r \u00f6n\u00e1ll\u00f3 k\u00f6z\u00f6ss\u00e9gi t\u00e9rk\u00e9nt m\u0171k\u00f6dik, pihen\u00e9sre, kikapcsol\u00f3d\u00e1sra, csal\u00e1di programokra egyar\u00e1nt kit\u0171n\u0151en alkalmas.\r\n\r\nA fejleszt\u00e9s legnagyobb \u00e9rt\u00e9ke abban rejlik, hogy visszaadta ennek a helynek a k\u00f6z\u00f6ss\u00e9gform\u00e1l\u00f3 erej\u00e9t. Egy tal\u00e1lkoz\u00e1si pont sz\u00fcletett \u00fajj\u00e1. A ny\u00e1ri est\u00e9k ism\u00e9t megtelnek \u00e9lettel, zen\u00e9vel \u00e9s emberi kapcsolatokkal, mindazzal, ami egy v\u00e1rost igaz\u00e1n \u00e9l\u0151v\u00e9 tesz.\t\t\t\t\t\t\t\t<\/div>\n\t\t\t\t<div class=\"elementor-element elementor-element-f640167 elementor-widget elementor-widget-gallery\" data-id=\"f640167\" data-element_type=\"widget\" data-e-type=\"widget\" data-settings=\"{&quot;columns&quot;:3,&quot;lazyload&quot;:&quot;yes&quot;,&quot;gallery_layout&quot;:&quot;grid&quot;,&quot;columns_tablet&quot;:2,&quot;columns_mobile&quot;:1,&quot;gap&quot;:{&quot;unit&quot;:&quot;px&quot;,&quot;size&quot;:10,&quot;sizes&quot;:[]},&quot;gap_tablet&quot;:{&quot;unit&quot;:&quot;px&quot;,&quot;size&quot;:10,&quot;sizes&quot;:[]},&quot;gap_mobile&quot;:{&quot;unit&quot;:&quot;px&quot;,&quot;size&quot;:10,&quot;sizes&quot;:[]},&quot;link_to&quot;:&quot;file&quot;,&quot;aspect_ratio&quot;:&quot;3:2&quot;,&quot;overlay_background&quot;:&quot;yes&quot;,&quot;content_hover_animation&quot;:&quot;fade-in&quot;}\" data-widget_type=\"gallery.default\">\n\t\t\t\t\t\t\t<div class=\"elementor-gallery__container\">\n\t\t\t\t\t\t\t<a class=\"e-gallery-item elementor-gallery-item elementor-animated-content\" href=\"https:\/\/egyuttfejlodunk.hu\/wp-content\/uploads\/2026\/06\/szabadteri_024.jpg\" data-elementor-open-lightbox=\"yes\" data-elementor-lightbox-slideshow=\"f640167\" data-e-action-hash=\"#elementor-action%3Aaction%3Dlightbox%26settings%3DeyJpZCI6MTE0MDcsInVybCI6Imh0dHBzOlwvXC9lZ3l1dHRmZWpsb2R1bmsuaHVcL3dwLWNvbnRlbnRcL3VwbG9hZHNcLzIwMjZcLzA2XC9zemFiYWR0ZXJpXzAyNC5qcGciLCJzbGlkZXNob3ciOiJmNjQwMTY3In0%3D\">\n\t\t\t\t\t<div class=\"e-gallery-image elementor-gallery-item__image\" data-thumbnail=\"https:\/\/egyuttfejlodunk.hu\/wp-content\/uploads\/2026\/06\/szabadteri_024-640x427.jpg\" data-width=\"640\" data-height=\"427\" aria-label=\"\" role=\"img\" ><\/div>\n\t\t\t\t\t\t\t\t\t\t\t<div class=\"elementor-gallery-item__overlay\"><\/div>\n\t\t\t\t\t\t\t\t\t\t\t\t\t\t<\/a>\n\t\t\t\t\t\t\t<a class=\"e-gallery-item elementor-gallery-item elementor-animated-content\" href=\"https:\/\/egyuttfejlodunk.hu\/wp-content\/uploads\/2026\/06\/szabadteri_009.jpg\" data-elementor-open-lightbox=\"yes\" data-elementor-lightbox-slideshow=\"f640167\" data-e-action-hash=\"#elementor-action%3Aaction%3Dlightbox%26settings%3DeyJpZCI6MTE0MDgsInVybCI6Imh0dHBzOlwvXC9lZ3l1dHRmZWpsb2R1bmsuaHVcL3dwLWNvbnRlbnRcL3VwbG9hZHNcLzIwMjZcLzA2XC9zemFiYWR0ZXJpXzAwOS5qcGciLCJzbGlkZXNob3ciOiJmNjQwMTY3In0%3D\">\n\t\t\t\t\t<div class=\"e-gallery-image elementor-gallery-item__image\" data-thumbnail=\"https:\/\/egyuttfejlodunk.hu\/wp-content\/uploads\/2026\/06\/szabadteri_009-640x427.jpg\" data-width=\"640\" data-height=\"427\" aria-label=\"\" role=\"img\" ><\/div>\n\t\t\t\t\t\t\t\t\t\t\t<div class=\"elementor-gallery-item__overlay\"><\/div>\n\t\t\t\t\t\t\t\t\t\t\t\t\t\t<\/a>\n\t\t\t\t\t\t\t<a class=\"e-gallery-item elementor-gallery-item elementor-animated-content\" href=\"https:\/\/egyuttfejlodunk.hu\/wp-content\/uploads\/2026\/06\/szabadteri.jpg\" data-elementor-open-lightbox=\"yes\" data-elementor-lightbox-slideshow=\"f640167\" data-e-action-hash=\"#elementor-action%3Aaction%3Dlightbox%26settings%3DeyJpZCI6MTE0MDksInVybCI6Imh0dHBzOlwvXC9lZ3l1dHRmZWpsb2R1bmsuaHVcL3dwLWNvbnRlbnRcL3VwbG9hZHNcLzIwMjZcLzA2XC9zemFiYWR0ZXJpLmpwZyIsInNsaWRlc2hvdyI6ImY2NDAxNjcifQ%3D%3D\">\n\t\t\t\t\t<div class=\"e-gallery-image elementor-gallery-item__image\" data-thumbnail=\"https:\/\/egyuttfejlodunk.hu\/wp-content\/uploads\/2026\/06\/szabadteri-640x480.jpg\" data-width=\"640\" data-height=\"480\" aria-label=\"\" role=\"img\" ><\/div>\n\t\t\t\t\t\t\t\t\t\t\t<div class=\"elementor-gallery-item__overlay\"><\/div>\n\t\t\t\t\t\t\t\t\t\t\t\t\t\t<\/a>\n\t\t\t\t\t\t\t<a class=\"e-gallery-item elementor-gallery-item elementor-animated-content\" href=\"https:\/\/egyuttfejlodunk.hu\/wp-content\/uploads\/2026\/06\/kesz2.jpg\" data-elementor-open-lightbox=\"yes\" data-elementor-lightbox-slideshow=\"f640167\" data-e-action-hash=\"#elementor-action%3Aaction%3Dlightbox%26settings%3DeyJpZCI6MTE0MTAsInVybCI6Imh0dHBzOlwvXC9lZ3l1dHRmZWpsb2R1bmsuaHVcL3dwLWNvbnRlbnRcL3VwbG9hZHNcLzIwMjZcLzA2XC9rZXN6Mi5qcGciLCJzbGlkZXNob3ciOiJmNjQwMTY3In0%3D\">\n\t\t\t\t\t<div class=\"e-gallery-image elementor-gallery-item__image\" data-thumbnail=\"https:\/\/egyuttfejlodunk.hu\/wp-content\/uploads\/2026\/06\/kesz2-640x427.jpg\" data-width=\"640\" data-height=\"427\" aria-label=\"\" role=\"img\" ><\/div>\n\t\t\t\t\t\t\t\t\t\t\t<div class=\"elementor-gallery-item__overlay\"><\/div>\n\t\t\t\t\t\t\t\t\t\t\t\t\t\t<\/a>\n\t\t\t\t\t<\/div>\n\t\t\t\t\t<\/div>\n\t\t\t\t<div class=\"elementor-element elementor-element-0888ac9 elementor-widget elementor-widget-text-editor\" data-id=\"0888ac9\" data-element_type=\"widget\" data-e-type=\"widget\" data-widget_type=\"text-editor.default\">\n\t\t\t\t\t\t\t\t\t<p>A program a TOP-6.3.2-16-NY1-2017-00001 projekt keret\u00e9ben, eur\u00f3pai uni\u00f3s forr\u00e1s bevon\u00e1s\u00e1val val\u00f3sult meg.<\/p><p>Tov\u00e1bbi r\u00e9szletek a t\u00e1mogatott projekt keres\u0151ben:\u00a0<a class=\"tovabb\" href=\"https:\/\/www.palyazat.gov.hu\/eredmenyek\/tamogatott-projektek\/1471950201\" target=\"_blank\" rel=\"noopener\">Tov\u00e1bb<\/a><\/p>\t\t\t\t\t\t\t\t<\/div>\n\t\t\t\t\t<\/div>\n\t\t\t\t<\/div>\n\t\t\t\t<\/div>\n\t\t","protected":false},"excerpt":{"rendered":"<p>Ny\u00edregyh\u00e1za meghat\u00e1roz\u00f3 k\u00f6z\u00f6ss\u00e9gi tere ism\u00e9t \u00fcde sz\u00ednfoltj\u00e1v\u00e1 v\u00e1lt a v\u00e1ros kultur\u00e1lis \u00e9let\u00e9nek. Aki hosszabb ideje \u00e9l Ny\u00edregyh\u00e1z\u00e1n, j\u00f3l eml\u00e9kszik arra, milyen \u00e1llapotban volt a Szabadt\u00e9ri Sz\u00ednpad az elm\u00falt \u00e9vekben. B\u00e1r sok sz\u00e9p \u00e9lm\u00e9ny k\u00f6t\u0151dik hozz\u00e1, az id\u0151 egyre ink\u00e1bb nyomot hagyott a helyi kult\u00fara ikonikus helysz\u00edn\u00e9n. Gyakran besz\u00e9lgett\u00fcnk r\u00f3la ismer\u0151s\u00f6kkel, hogy milyen j\u00f3 lenne, ha egyszer ism\u00e9t m\u00e9lt\u00f3 form\u00e1j\u00e1ban fogadhatn\u00e1 a k\u00f6z\u00f6ns\u00e9get. Nem kis \u00f6r\u00f6m volt teh\u00e1t, amikor a 2014-20-as programoz\u00e1si id\u0151szakban eur\u00f3pai uni\u00f3s forr\u00e1s&#8230;<\/p>\n","protected":false},"author":30,"featured_media":11402,"comment_status":"closed","ping_status":"closed","sticky":false,"template":"","format":"standard","meta":{"_acf_changed":false,"ngg_post_thumbnail":0,"footnotes":""},"categories":[173],"tags":[457,615],"megye":[1130],"class_list":["post-11401","post","type-post","status-publish","format-standard","has-post-thumbnail","hentry","category-top-hu","tag-kozossegepito-beruhazas","tag-varosfejlesztes","megye-szabolcs-szatmar-bereg-megye"],"acf":[],"yoast_head":"<!-- This site is optimized with the Yoast SEO Premium plugin v28.4 (Yoast SEO v28.4) - https:\/\/yoast.com\/product\/yoast-seo-premium-wordpress\/ -->\n<title>Sz\u00ednh\u00e1zi est\u00e9k \u00faj k\u00f6rnyezetben Ny\u00edregyh\u00e1z\u00e1n - Egy\u00fctt fejl\u0151d\u00fcnk<\/title>\n<meta name=\"robots\" content=\"noindex, follow, max-snippet:-1, max-image-preview:large, max-video-preview:-1\" \/>\n<meta property=\"og:locale\" content=\"hu_HU\" \/>\n<meta property=\"og:type\" content=\"article\" \/>\n<meta property=\"og:title\" content=\"Sz\u00ednh\u00e1zi est\u00e9k \u00faj k\u00f6rnyezetben Ny\u00edregyh\u00e1z\u00e1n\" \/>\n<meta property=\"og:description\" content=\"Ny\u00edregyh\u00e1za meghat\u00e1roz\u00f3 k\u00f6z\u00f6ss\u00e9gi tere ism\u00e9t \u00fcde sz\u00ednfoltj\u00e1v\u00e1 v\u00e1lt a v\u00e1ros kultur\u00e1lis \u00e9let\u00e9nek. Aki hosszabb ideje \u00e9l Ny\u00edregyh\u00e1z\u00e1n, j\u00f3l eml\u00e9kszik arra, milyen \u00e1llapotban volt a Szabadt\u00e9ri Sz\u00ednpad az elm\u00falt \u00e9vekben. B\u00e1r sok sz\u00e9p \u00e9lm\u00e9ny k\u00f6t\u0151dik hozz\u00e1, az id\u0151 egyre ink\u00e1bb nyomot hagyott a helyi kult\u00fara ikonikus helysz\u00edn\u00e9n. Gyakran besz\u00e9lgett\u00fcnk r\u00f3la ismer\u0151s\u00f6kkel, hogy milyen j\u00f3 lenne, ha egyszer ism\u00e9t m\u00e9lt\u00f3 form\u00e1j\u00e1ban fogadhatn\u00e1 a k\u00f6z\u00f6ns\u00e9get. Nem kis \u00f6r\u00f6m volt teh\u00e1t, amikor a 2014-20-as programoz\u00e1si id\u0151szakban eur\u00f3pai uni\u00f3s forr\u00e1s...\" \/>\n<meta property=\"og:url\" content=\"https:\/\/egyuttfejlodunk.hu\/?p=11401\" \/>\n<meta property=\"og:site_name\" content=\"Egy\u00fctt fejl\u0151d\u00fcnk\" \/>\n<meta property=\"article:published_time\" content=\"2026-04-27T16:31:01+00:00\" \/>\n<meta property=\"article:modified_time\" content=\"2026-08-28T07:36:29+00:00\" \/>\n<meta property=\"og:image\" content=\"https:\/\/egyuttfejlodunk.hu\/wp-content\/uploads\/2026\/06\/szabadteri_022.jpg\" \/>\n\t<meta property=\"og:image:width\" content=\"1920\" \/>\n\t<meta property=\"og:image:height\" content=\"952\" \/>\n\t<meta property=\"og:image:type\" content=\"image\/jpeg\" \/>\n<meta name=\"author\" content=\"T\u00f3th Ferenc\" \/>\n<meta name=\"twitter:card\" content=\"summary_large_image\" \/>\n<meta name=\"twitter:label1\" content=\"Szerz\u0151:\" \/>\n\t<meta name=\"twitter:data1\" content=\"T\u00f3th Ferenc\" \/>\n\t<meta name=\"twitter:label2\" content=\"Becs\u00fclt olvas\u00e1si id\u0151\" \/>\n\t<meta name=\"twitter:data2\" content=\"2 perc\" \/>\n<script type=\"application\/ld+json\" class=\"yoast-schema-graph\">{\"@context\":\"https:\\\/\\\/schema.org\",\"@graph\":[{\"@type\":\"Article\",\"@id\":\"https:\\\/\\\/egyuttfejlodunk.hu\\\/?p=11401#article\",\"isPartOf\":{\"@id\":\"https:\\\/\\\/egyuttfejlodunk.hu\\\/?p=11401\"},\"author\":{\"name\":\"T\u00f3th Ferenc\",\"@id\":\"https:\\\/\\\/egyuttfejlodunk.hu\\\/#\\\/schema\\\/person\\\/94cc2e6bf0b14e6d5de3d603885ed8c5\"},\"headline\":\"Sz\u00ednh\u00e1zi est\u00e9k \u00faj k\u00f6rnyezetben Ny\u00edregyh\u00e1z\u00e1n\",\"datePublished\":\"2026-04-27T16:31:01+00:00\",\"dateModified\":\"2026-08-28T07:36:29+00:00\",\"mainEntityOfPage\":{\"@id\":\"https:\\\/\\\/egyuttfejlodunk.hu\\\/?p=11401\"},\"wordCount\":463,\"publisher\":{\"@id\":\"https:\\\/\\\/egyuttfejlodunk.hu\\\/#organization\"},\"image\":{\"@id\":\"https:\\\/\\\/egyuttfejlodunk.hu\\\/?p=11401#primaryimage\"},\"thumbnailUrl\":\"https:\\\/\\\/egyuttfejlodunk.hu\\\/wp-content\\\/uploads\\\/2026\\\/06\\\/szabadteri_022.jpg\",\"keywords\":[\"k\u00f6z\u00f6ss\u00e9g\u00e9p\u00edt\u0151 beruh\u00e1z\u00e1s\",\"v\u00e1rosfejleszt\u00e9s\"],\"articleSection\":[\"Top\"],\"inLanguage\":\"hu\"},{\"@type\":\"WebPage\",\"@id\":\"https:\\\/\\\/egyuttfejlodunk.hu\\\/?p=11401\",\"url\":\"https:\\\/\\\/egyuttfejlodunk.hu\\\/?p=11401\",\"name\":\"Sz\u00ednh\u00e1zi est\u00e9k \u00faj k\u00f6rnyezetben Ny\u00edregyh\u00e1z\u00e1n - Egy\u00fctt fejl\u0151d\u00fcnk\",\"isPartOf\":{\"@id\":\"https:\\\/\\\/egyuttfejlodunk.hu\\\/#website\"},\"primaryImageOfPage\":{\"@id\":\"https:\\\/\\\/egyuttfejlodunk.hu\\\/?p=11401#primaryimage\"},\"image\":{\"@id\":\"https:\\\/\\\/egyuttfejlodunk.hu\\\/?p=11401#primaryimage\"},\"thumbnailUrl\":\"https:\\\/\\\/egyuttfejlodunk.hu\\\/wp-content\\\/uploads\\\/2026\\\/06\\\/szabadteri_022.jpg\",\"datePublished\":\"2026-04-27T16:31:01+00:00\",\"dateModified\":\"2026-08-28T07:36:29+00:00\",\"breadcrumb\":{\"@id\":\"https:\\\/\\\/egyuttfejlodunk.hu\\\/?p=11401#breadcrumb\"},\"inLanguage\":\"hu\",\"potentialAction\":[{\"@type\":\"ReadAction\",\"target\":[\"https:\\\/\\\/egyuttfejlodunk.hu\\\/?p=11401\"]}]},{\"@type\":\"ImageObject\",\"inLanguage\":\"hu\",\"@id\":\"https:\\\/\\\/egyuttfejlodunk.hu\\\/?p=11401#primaryimage\",\"url\":\"https:\\\/\\\/egyuttfejlodunk.hu\\\/wp-content\\\/uploads\\\/2026\\\/06\\\/szabadteri_022.jpg\",\"contentUrl\":\"https:\\\/\\\/egyuttfejlodunk.hu\\\/wp-content\\\/uploads\\\/2026\\\/06\\\/szabadteri_022.jpg\",\"width\":1920,\"height\":952},{\"@type\":\"BreadcrumbList\",\"@id\":\"https:\\\/\\\/egyuttfejlodunk.hu\\\/?p=11401#breadcrumb\",\"itemListElement\":[{\"@type\":\"ListItem\",\"position\":1,\"name\":\"Home\",\"item\":\"https:\\\/\\\/egyuttfejlodunk.hu\\\/\"},{\"@type\":\"ListItem\",\"position\":2,\"name\":\"Sz\u00ednh\u00e1zi est\u00e9k \u00faj k\u00f6rnyezetben Ny\u00edregyh\u00e1z\u00e1n\"}]},{\"@type\":\"WebSite\",\"@id\":\"https:\\\/\\\/egyuttfejlodunk.hu\\\/#website\",\"url\":\"https:\\\/\\\/egyuttfejlodunk.hu\\\/\",\"name\":\"Egy\u00fctt fejl\u0151d\u00fcnk\",\"description\":\"\",\"publisher\":{\"@id\":\"https:\\\/\\\/egyuttfejlodunk.hu\\\/#organization\"},\"potentialAction\":[{\"@type\":\"SearchAction\",\"target\":{\"@type\":\"EntryPoint\",\"urlTemplate\":\"https:\\\/\\\/egyuttfejlodunk.hu\\\/?s={search_term_string}\"},\"query-input\":{\"@type\":\"PropertyValueSpecification\",\"valueRequired\":true,\"valueName\":\"search_term_string\"}}],\"inLanguage\":\"hu\"},{\"@type\":\"Organization\",\"@id\":\"https:\\\/\\\/egyuttfejlodunk.hu\\\/#organization\",\"name\":\"Egy\u00fctt fejl\u0151d\u00fcnk\",\"url\":\"https:\\\/\\\/egyuttfejlodunk.hu\\\/\",\"logo\":{\"@type\":\"ImageObject\",\"inLanguage\":\"hu\",\"@id\":\"https:\\\/\\\/egyuttfejlodunk.hu\\\/#\\\/schema\\\/logo\\\/image\\\/\",\"url\":\"https:\\\/\\\/egyuttfejlodunk.hu\\\/wp-content\\\/uploads\\\/2026\\\/04\\\/ujlogo.jpg\",\"contentUrl\":\"https:\\\/\\\/egyuttfejlodunk.hu\\\/wp-content\\\/uploads\\\/2026\\\/04\\\/ujlogo.jpg\",\"width\":350,\"height\":110,\"caption\":\"Egy\u00fctt fejl\u0151d\u00fcnk\"},\"image\":{\"@id\":\"https:\\\/\\\/egyuttfejlodunk.hu\\\/#\\\/schema\\\/logo\\\/image\\\/\"}},{\"@type\":\"Person\",\"@id\":\"https:\\\/\\\/egyuttfejlodunk.hu\\\/#\\\/schema\\\/person\\\/94cc2e6bf0b14e6d5de3d603885ed8c5\",\"name\":\"T\u00f3th Ferenc\"}]}<\/script>\n<!-- \/ Yoast SEO Premium plugin. -->","yoast_head_json":{"title":"Sz\u00ednh\u00e1zi est\u00e9k \u00faj k\u00f6rnyezetben Ny\u00edregyh\u00e1z\u00e1n - Egy\u00fctt fejl\u0151d\u00fcnk","robots":{"index":"noindex","follow":"follow","max-snippet":"max-snippet:-1","max-image-preview":"max-image-preview:large","max-video-preview":"max-video-preview:-1"},"og_locale":"hu_HU","og_type":"article","og_title":"Sz\u00ednh\u00e1zi est\u00e9k \u00faj k\u00f6rnyezetben Ny\u00edregyh\u00e1z\u00e1n","og_description":"Ny\u00edregyh\u00e1za meghat\u00e1roz\u00f3 k\u00f6z\u00f6ss\u00e9gi tere ism\u00e9t \u00fcde sz\u00ednfoltj\u00e1v\u00e1 v\u00e1lt a v\u00e1ros kultur\u00e1lis \u00e9let\u00e9nek. Aki hosszabb ideje \u00e9l Ny\u00edregyh\u00e1z\u00e1n, j\u00f3l eml\u00e9kszik arra, milyen \u00e1llapotban volt a Szabadt\u00e9ri Sz\u00ednpad az elm\u00falt \u00e9vekben. B\u00e1r sok sz\u00e9p \u00e9lm\u00e9ny k\u00f6t\u0151dik hozz\u00e1, az id\u0151 egyre ink\u00e1bb nyomot hagyott a helyi kult\u00fara ikonikus helysz\u00edn\u00e9n. Gyakran besz\u00e9lgett\u00fcnk r\u00f3la ismer\u0151s\u00f6kkel, hogy milyen j\u00f3 lenne, ha egyszer ism\u00e9t m\u00e9lt\u00f3 form\u00e1j\u00e1ban fogadhatn\u00e1 a k\u00f6z\u00f6ns\u00e9get. Nem kis \u00f6r\u00f6m volt teh\u00e1t, amikor a 2014-20-as programoz\u00e1si id\u0151szakban eur\u00f3pai uni\u00f3s forr\u00e1s...","og_url":"https:\/\/egyuttfejlodunk.hu\/?p=11401","og_site_name":"Egy\u00fctt fejl\u0151d\u00fcnk","article_published_time":"2026-04-27T16:31:01+00:00","article_modified_time":"2026-08-28T07:36:29+00:00","og_image":[{"width":1920,"height":952,"url":"https:\/\/egyuttfejlodunk.hu\/wp-content\/uploads\/2026\/06\/szabadteri_022.jpg","type":"image\/jpeg"}],"author":"T\u00f3th Ferenc","twitter_card":"summary_large_image","twitter_misc":{"Szerz\u0151:":"T\u00f3th Ferenc","Becs\u00fclt olvas\u00e1si id\u0151":"2 perc"},"schema":{"@context":"https:\/\/schema.org","@graph":[{"@type":"Article","@id":"https:\/\/egyuttfejlodunk.hu\/?p=11401#article","isPartOf":{"@id":"https:\/\/egyuttfejlodunk.hu\/?p=11401"},"author":{"name":"T\u00f3th Ferenc","@id":"https:\/\/egyuttfejlodunk.hu\/#\/schema\/person\/94cc2e6bf0b14e6d5de3d603885ed8c5"},"headline":"Sz\u00ednh\u00e1zi est\u00e9k \u00faj k\u00f6rnyezetben Ny\u00edregyh\u00e1z\u00e1n","datePublished":"2026-04-27T16:31:01+00:00","dateModified":"2026-08-28T07:36:29+00:00","mainEntityOfPage":{"@id":"https:\/\/egyuttfejlodunk.hu\/?p=11401"},"wordCount":463,"publisher":{"@id":"https:\/\/egyuttfejlodunk.hu\/#organization"},"image":{"@id":"https:\/\/egyuttfejlodunk.hu\/?p=11401#primaryimage"},"thumbnailUrl":"https:\/\/egyuttfejlodunk.hu\/wp-content\/uploads\/2026\/06\/szabadteri_022.jpg","keywords":["k\u00f6z\u00f6ss\u00e9g\u00e9p\u00edt\u0151 beruh\u00e1z\u00e1s","v\u00e1rosfejleszt\u00e9s"],"articleSection":["Top"],"inLanguage":"hu"},{"@type":"WebPage","@id":"https:\/\/egyuttfejlodunk.hu\/?p=11401","url":"https:\/\/egyuttfejlodunk.hu\/?p=11401","name":"Sz\u00ednh\u00e1zi est\u00e9k \u00faj k\u00f6rnyezetben Ny\u00edregyh\u00e1z\u00e1n - Egy\u00fctt fejl\u0151d\u00fcnk","isPartOf":{"@id":"https:\/\/egyuttfejlodunk.hu\/#website"},"primaryImageOfPage":{"@id":"https:\/\/egyuttfejlodunk.hu\/?p=11401#primaryimage"},"image":{"@id":"https:\/\/egyuttfejlodunk.hu\/?p=11401#primaryimage"},"thumbnailUrl":"https:\/\/egyuttfejlodunk.hu\/wp-content\/uploads\/2026\/06\/szabadteri_022.jpg","datePublished":"2026-04-27T16:31:01+00:00","dateModified":"2026-08-28T07:36:29+00:00","breadcrumb":{"@id":"https:\/\/egyuttfejlodunk.hu\/?p=11401#breadcrumb"},"inLanguage":"hu","potentialAction":[{"@type":"ReadAction","target":["https:\/\/egyuttfejlodunk.hu\/?p=11401"]}]},{"@type":"ImageObject","inLanguage":"hu","@id":"https:\/\/egyuttfejlodunk.hu\/?p=11401#primaryimage","url":"https:\/\/egyuttfejlodunk.hu\/wp-content\/uploads\/2026\/06\/szabadteri_022.jpg","contentUrl":"https:\/\/egyuttfejlodunk.hu\/wp-content\/uploads\/2026\/06\/szabadteri_022.jpg","width":1920,"height":952},{"@type":"BreadcrumbList","@id":"https:\/\/egyuttfejlodunk.hu\/?p=11401#breadcrumb","itemListElement":[{"@type":"ListItem","position":1,"name":"Home","item":"https:\/\/egyuttfejlodunk.hu\/"},{"@type":"ListItem","position":2,"name":"Sz\u00ednh\u00e1zi est\u00e9k \u00faj k\u00f6rnyezetben Ny\u00edregyh\u00e1z\u00e1n"}]},{"@type":"WebSite","@id":"https:\/\/egyuttfejlodunk.hu\/#website","url":"https:\/\/egyuttfejlodunk.hu\/","name":"Egy\u00fctt fejl\u0151d\u00fcnk","description":"","publisher":{"@id":"https:\/\/egyuttfejlodunk.hu\/#organization"},"potentialAction":[{"@type":"SearchAction","target":{"@type":"EntryPoint","urlTemplate":"https:\/\/egyuttfejlodunk.hu\/?s={search_term_string}"},"query-input":{"@type":"PropertyValueSpecification","valueRequired":true,"valueName":"search_term_string"}}],"inLanguage":"hu"},{"@type":"Organization","@id":"https:\/\/egyuttfejlodunk.hu\/#organization","name":"Egy\u00fctt fejl\u0151d\u00fcnk","url":"https:\/\/egyuttfejlodunk.hu\/","logo":{"@type":"ImageObject","inLanguage":"hu","@id":"https:\/\/egyuttfejlodunk.hu\/#\/schema\/logo\/image\/","url":"https:\/\/egyuttfejlodunk.hu\/wp-content\/uploads\/2026\/04\/ujlogo.jpg","contentUrl":"https:\/\/egyuttfejlodunk.hu\/wp-content\/uploads\/2026\/04\/ujlogo.jpg","width":350,"height":110,"caption":"Egy\u00fctt fejl\u0151d\u00fcnk"},"image":{"@id":"https:\/\/egyuttfejlodunk.hu\/#\/schema\/logo\/image\/"}},{"@type":"Person","@id":"https:\/\/egyuttfejlodunk.hu\/#\/schema\/person\/94cc2e6bf0b14e6d5de3d603885ed8c5","name":"T\u00f3th Ferenc"}]}},"_links":{"self":[{"href":"https:\/\/egyuttfejlodunk.hu\/index.php?rest_route=\/wp\/v2\/posts\/11401","targetHints":{"allow":["GET"]}}],"collection":[{"href":"https:\/\/egyuttfejlodunk.hu\/index.php?rest_route=\/wp\/v2\/posts"}],"about":[{"href":"https:\/\/egyuttfejlodunk.hu\/index.php?rest_route=\/wp\/v2\/types\/post"}],"author":[{"embeddable":true,"href":"https:\/\/egyuttfejlodunk.hu\/index.php?rest_route=\/wp\/v2\/users\/30"}],"replies":[{"embeddable":true,"href":"https:\/\/egyuttfejlodunk.hu\/index.php?rest_route=%2Fwp%2Fv2%2Fcomments&post=11401"}],"version-history":[{"count":8,"href":"https:\/\/egyuttfejlodunk.hu\/index.php?rest_route=\/wp\/v2\/posts\/11401\/revisions"}],"predecessor-version":[{"id":12072,"href":"https:\/\/egyuttfejlodunk.hu\/index.php?rest_route=\/wp\/v2\/posts\/11401\/revisions\/12072"}],"wp:featuredmedia":[{"embeddable":true,"href":"https:\/\/egyuttfejlodunk.hu\/index.php?rest_route=\/wp\/v2\/media\/11402"}],"wp:attachment":[{"href":"https:\/\/egyuttfejlodunk.hu\/index.php?rest_route=%2Fwp%2Fv2%2Fmedia&parent=11401"}],"wp:term":[{"taxonomy":"category","embeddable":true,"href":"https:\/\/egyuttfejlodunk.hu\/index.php?rest_route=%2Fwp%2Fv2%2Fcategories&post=11401"},{"taxonomy":"post_tag","embeddable":true,"href":"https:\/\/egyuttfejlodunk.hu\/index.php?rest_route=%2Fwp%2Fv2%2Ftags&post=11401"},{"taxonomy":"megye","embeddable":true,"href":"https:\/\/egyuttfejlodunk.hu\/index.php?rest_route=%2Fwp%2Fv2%2Fmegye&post=11401"}],"curies":[{"name":"wp","href":"https:\/\/api.w.org\/{rel}","templated":true}]}}