{"id":11424,"date":"2026-05-04T18:43:27","date_gmt":"2026-05-04T16:43:27","guid":{"rendered":"https:\/\/egyuttfejlodunk.hu\/?p=11424"},"modified":"2026-08-28T09:34:49","modified_gmt":"2026-08-28T07:34:49","slug":"arvizmentes-jovo-a-tisza-menten","status":"publish","type":"post","link":"https:\/\/egyuttfejlodunk.hu\/?p=11424","title":{"rendered":"\u00c1rv\u00edzmentes j\u00f6v\u0151 a Tisza ment\u00e9n"},"content":{"rendered":"<p><strong>A Tisza \u00e9vsz\u00e1zadok \u00f3ta meghat\u00e1rozza az Alf\u00f6ld \u00e9let\u00e9t, ugyanakkor id\u0151r\u0151l id\u0151re komoly vesz\u00e9lyt is jelent, amikor kil\u00e9p a medr\u00e9b\u0151l. Az elm\u00falt \u00e9vtizedek nagy \u00e1rvizei vil\u00e1goss\u00e1 tett\u00e9k, hogy a hagyom\u00e1nyos v\u00e9dekez\u00e9si m\u00f3dszerek \u00f6nmagukban m\u00e1r nem elegend\u0151k. Erre a kih\u00edv\u00e1sra ad korszer\u0171 v\u00e1laszt az eur\u00f3pai uni\u00f3s t\u00e1mogat\u00e1ssal megval\u00f3sult Tisza\u2013T\u00far \u00e1rv\u00edzi t\u00e1roz\u00f3. <\/strong><\/p>\n<p>A jelent\u0151s v\u00edz\u00fcgyi fejleszt\u00e9s a V\u00e1s\u00e1rhelyi Terv r\u00e9szek\u00e9nt j\u00f6tt l\u00e9tre, ennek c\u00e9lja, hogy a Tisza mellett \u00e9l\u0151k biztons\u00e1g\u00e1t hossz\u00fa t\u00e1von garant\u00e1lja. A projekt l\u00e9nyege egy olyan rendszer kialak\u00edt\u00e1sa volt, amely k\u00e9pes kezelni a sz\u00e9ls\u0151s\u00e9ges v\u00edz\u00e1ll\u00e1sokat: amikor a foly\u00f3 v\u00edzszintje vesz\u00e9lyesen megemelkedik, a felesleges vizet egy speci\u00e1lis m\u0171t\u00e1rgy seg\u00edts\u00e9g\u00e9vel bevezetik a t\u00e1roz\u00f3 ter\u00fclet\u00e9re. Ez\u00e1ltal cs\u00f6kken a foly\u00f3 terhel\u00e9se, \u00e9s m\u00e9rs\u00e9kl\u0151dik az \u00e1rhull\u00e1m cs\u00facsa. Amint a vesz\u00e9ly elm\u00falik, a vizet fokozatosan visszaengedik a mederbe. A kl\u00edmav\u00e1ltoz\u00e1s hat\u00e1s\u00e1ra egyre gyakoribbak az intenz\u00edv csapad\u00e9kos id\u0151szakok, \u00edgy az \u00e1rhull\u00e1mok is gyorsabban \u00e9s nagyobb t\u00f6meggel \u00e9rkeznek. A Tisza\u2013T\u00far t\u00e1roz\u00f3 ebben a helyzetben egyfajta \u201ebiztons\u00e1gi tart\u00e1lyk\u00e9nt\u201d m\u0171k\u00f6dik.<\/p>\n<p>A fejleszt\u00e9s r\u00e9szek\u00e9nt meger\u0151s\u00edtett\u00e9k a t\u00f6lt\u00e9seket, korszer\u0171 v\u00edzbeereszt\u0151 \u00e9s le\u00fcr\u00edt\u0151 m\u0171t\u00e1rgyakat \u00e9p\u00edtettek, valamint modern monitoringrendszereket alak\u00edtottak ki. A l\u00e9tes\u00edtm\u00e9ny kapacit\u00e1sa j\u00f3l \u00e9rz\u00e9kelteti a beruh\u00e1z\u00e1s jelent\u0151s\u00e9g\u00e9t: a t\u00e1roz\u00f3 hatalmas mennyis\u00e9g\u0171 v\u00edz kezel\u00e9s\u00e9re k\u00e9pes, val\u00f3di v\u00e9delmet ny\u00fajtva a kritikus helyzetekben.<\/p>\n<p>Fontos, hogy a Tisza\u2013T\u00far t\u00e1roz\u00f3 nemcsak \u00e1rv\u00edz idej\u00e9n hasznos. Hozz\u00e1j\u00e1rul a v\u00edzk\u00e9szletek tudatosabb kezel\u00e9s\u00e9hez is, ami k\u00fcl\u00f6n\u00f6sen \u00e9rt\u00e9kes az egyre gyakoribb asz\u00e1lyos id\u0151szakokban, emellett t\u00e1mogatja a term\u00e9szetes \u00e9l\u0151helyek fennmarad\u00e1s\u00e1t, \u00e9s \u00faj lehet\u0151s\u00e9geket teremt a t\u00e9rs\u00e9g fejl\u0151d\u00e9s\u00e9ben, bele\u00e9rtve a turizmust \u00e9s a helyi gazdas\u00e1g er\u0151s\u00f6d\u00e9s\u00e9t.<\/p>\n<p>A fejleszt\u00e9s legnagyobb nyertesei azonban egy\u00e9rtelm\u0171en a Tisza ment\u00e9n \u00e9l\u0151k. Sz\u00e1mukra a beruh\u00e1z\u00e1s els\u0151sorban biztons\u00e1got jelent: kisebb \u00e1rv\u00edzkock\u00e1zatot, v\u00e9dettebb otthonokat \u00e9s kisz\u00e1m\u00edthat\u00f3bb j\u00f6v\u0151t. A Tisza\u2013T\u00far t\u00e1roz\u00f3 \u00edgy hossz\u00fa t\u00e1von is hozz\u00e1j\u00e1rul az ember \u00e9s a term\u00e9szet k\u00f6z\u00f6tti egyens\u00faly megteremt\u00e9s\u00e9hez.<\/p>\n<p><img fetchpriority=\"high\" decoding=\"async\" class=\"aligncenter wp-image-11425 size-full\" src=\"https:\/\/egyuttfejlodunk.hu\/wp-content\/uploads\/2026\/06\/Tisza-Tur-tarozo.jpg\" alt=\"\" width=\"1920\" height=\"1280\" srcset=\"https:\/\/egyuttfejlodunk.hu\/wp-content\/uploads\/2026\/06\/Tisza-Tur-tarozo.jpg 1920w, https:\/\/egyuttfejlodunk.hu\/wp-content\/uploads\/2026\/06\/Tisza-Tur-tarozo-640x427.jpg 640w, https:\/\/egyuttfejlodunk.hu\/wp-content\/uploads\/2026\/06\/Tisza-Tur-tarozo-1280x853.jpg 1280w, https:\/\/egyuttfejlodunk.hu\/wp-content\/uploads\/2026\/06\/Tisza-Tur-tarozo-768x512.jpg 768w, https:\/\/egyuttfejlodunk.hu\/wp-content\/uploads\/2026\/06\/Tisza-Tur-tarozo-1536x1024.jpg 1536w, https:\/\/egyuttfejlodunk.hu\/wp-content\/uploads\/2026\/06\/Tisza-Tur-tarozo-320x213.jpg 320w, https:\/\/egyuttfejlodunk.hu\/wp-content\/uploads\/2026\/06\/Tisza-Tur-tarozo-1200x800.jpg 1200w, https:\/\/egyuttfejlodunk.hu\/wp-content\/uploads\/2026\/06\/Tisza-Tur-tarozo-660x440.jpg 660w, https:\/\/egyuttfejlodunk.hu\/wp-content\/uploads\/2026\/06\/Tisza-Tur-tarozo-330x220.jpg 330w\" sizes=\"(max-width: 1920px) 100vw, 1920px\" \/><\/p>\n<p>A program a KEHOP-1.4.0-15-2016-00011 projekt keret\u00e9ben, eur\u00f3pai uni\u00f3s forr\u00e1s bevon\u00e1s\u00e1val val\u00f3sult meg.<\/p>\n<p>Tov\u00e1bbi r\u00e9szletek a t\u00e1mogatott projekt keres\u0151ben:<a class=\"tovabb\" href=\"https:\/\/www.palyazat.gov.hu\/eredmenyek\/tamogatott-projektek\/433530201\" target=\"_blank\" rel=\"noopener\">Tov\u00e1bb<\/a><\/p>\n","protected":false},"excerpt":{"rendered":"<p>A Tisza \u00e9vsz\u00e1zadok \u00f3ta meghat\u00e1rozza az Alf\u00f6ld \u00e9let\u00e9t, ugyanakkor id\u0151r\u0151l id\u0151re komoly vesz\u00e9lyt is jelent, amikor kil\u00e9p a medr\u00e9b\u0151l. Az elm\u00falt \u00e9vtizedek nagy \u00e1rvizei vil\u00e1goss\u00e1 tett\u00e9k, hogy a hagyom\u00e1nyos v\u00e9dekez\u00e9si m\u00f3dszerek \u00f6nmagukban m\u00e1r nem elegend\u0151k. Erre a kih\u00edv\u00e1sra ad korszer\u0171 v\u00e1laszt az eur\u00f3pai uni\u00f3s t\u00e1mogat\u00e1ssal megval\u00f3sult Tisza\u2013T\u00far \u00e1rv\u00edzi t\u00e1roz\u00f3. A jelent\u0151s v\u00edz\u00fcgyi fejleszt\u00e9s a V\u00e1s\u00e1rhelyi Terv r\u00e9szek\u00e9nt j\u00f6tt l\u00e9tre, ennek c\u00e9lja, hogy a Tisza mellett \u00e9l\u0151k biztons\u00e1g\u00e1t hossz\u00fa t\u00e1von garant\u00e1lja. A projekt l\u00e9nyege egy olyan&#8230;<\/p>\n","protected":false},"author":30,"featured_media":11426,"comment_status":"closed","ping_status":"closed","sticky":false,"template":"","format":"standard","meta":{"_acf_changed":false,"ngg_post_thumbnail":0,"footnotes":""},"categories":[162],"tags":[190,306],"megye":[1130],"class_list":["post-11424","post","type-post","status-publish","format-standard","has-post-thumbnail","hentry","category-kehop-hu","tag-kornyezetvedelem-hu","tag-vizgazdalkodas","megye-szabolcs-szatmar-bereg-megye"],"acf":[],"yoast_head":"<!-- This site is optimized with the Yoast SEO Premium plugin v28.4 (Yoast SEO v28.4) - https:\/\/yoast.com\/product\/yoast-seo-premium-wordpress\/ -->\n<title>\u00c1rv\u00edzmentes j\u00f6v\u0151 a Tisza ment\u00e9n - Egy\u00fctt fejl\u0151d\u00fcnk<\/title>\n<meta name=\"robots\" content=\"noindex, follow, max-snippet:-1, max-image-preview:large, max-video-preview:-1\" \/>\n<meta property=\"og:locale\" content=\"hu_HU\" \/>\n<meta property=\"og:type\" content=\"article\" \/>\n<meta property=\"og:title\" content=\"\u00c1rv\u00edzmentes j\u00f6v\u0151 a Tisza ment\u00e9n\" \/>\n<meta property=\"og:description\" content=\"A Tisza \u00e9vsz\u00e1zadok \u00f3ta meghat\u00e1rozza az Alf\u00f6ld \u00e9let\u00e9t, ugyanakkor id\u0151r\u0151l id\u0151re komoly vesz\u00e9lyt is jelent, amikor kil\u00e9p a medr\u00e9b\u0151l. Az elm\u00falt \u00e9vtizedek nagy \u00e1rvizei vil\u00e1goss\u00e1 tett\u00e9k, hogy a hagyom\u00e1nyos v\u00e9dekez\u00e9si m\u00f3dszerek \u00f6nmagukban m\u00e1r nem elegend\u0151k. Erre a kih\u00edv\u00e1sra ad korszer\u0171 v\u00e1laszt az eur\u00f3pai uni\u00f3s t\u00e1mogat\u00e1ssal megval\u00f3sult Tisza\u2013T\u00far \u00e1rv\u00edzi t\u00e1roz\u00f3. A jelent\u0151s v\u00edz\u00fcgyi fejleszt\u00e9s a V\u00e1s\u00e1rhelyi Terv r\u00e9szek\u00e9nt j\u00f6tt l\u00e9tre, ennek c\u00e9lja, hogy a Tisza mellett \u00e9l\u0151k biztons\u00e1g\u00e1t hossz\u00fa t\u00e1von garant\u00e1lja. A projekt l\u00e9nyege egy olyan...\" \/>\n<meta property=\"og:url\" content=\"https:\/\/egyuttfejlodunk.hu\/?p=11424\" \/>\n<meta property=\"og:site_name\" content=\"Egy\u00fctt fejl\u0151d\u00fcnk\" \/>\n<meta property=\"article:published_time\" content=\"2026-05-04T16:43:27+00:00\" \/>\n<meta property=\"article:modified_time\" content=\"2026-08-28T07:34:49+00:00\" \/>\n<meta property=\"og:image\" content=\"https:\/\/egyuttfejlodunk.hu\/wp-content\/uploads\/2026\/06\/140_11_csat.jpg\" \/>\n\t<meta property=\"og:image:width\" content=\"1920\" \/>\n\t<meta property=\"og:image:height\" content=\"879\" \/>\n\t<meta property=\"og:image:type\" content=\"image\/jpeg\" \/>\n<meta name=\"author\" content=\"T\u00f3th Ferenc\" \/>\n<meta name=\"twitter:card\" content=\"summary_large_image\" \/>\n<meta name=\"twitter:label1\" content=\"Szerz\u0151:\" \/>\n\t<meta name=\"twitter:data1\" content=\"T\u00f3th Ferenc\" \/>\n\t<meta name=\"twitter:label2\" content=\"Becs\u00fclt olvas\u00e1si id\u0151\" \/>\n\t<meta name=\"twitter:data2\" content=\"2 perc\" \/>\n<script type=\"application\/ld+json\" class=\"yoast-schema-graph\">{\"@context\":\"https:\\\/\\\/schema.org\",\"@graph\":[{\"@type\":\"Article\",\"@id\":\"https:\\\/\\\/egyuttfejlodunk.hu\\\/?p=11424#article\",\"isPartOf\":{\"@id\":\"https:\\\/\\\/egyuttfejlodunk.hu\\\/?p=11424\"},\"author\":{\"name\":\"T\u00f3th Ferenc\",\"@id\":\"https:\\\/\\\/egyuttfejlodunk.hu\\\/#\\\/schema\\\/person\\\/94cc2e6bf0b14e6d5de3d603885ed8c5\"},\"headline\":\"\u00c1rv\u00edzmentes j\u00f6v\u0151 a Tisza ment\u00e9n\",\"datePublished\":\"2026-05-04T16:43:27+00:00\",\"dateModified\":\"2026-08-28T07:34:49+00:00\",\"mainEntityOfPage\":{\"@id\":\"https:\\\/\\\/egyuttfejlodunk.hu\\\/?p=11424\"},\"wordCount\":509,\"publisher\":{\"@id\":\"https:\\\/\\\/egyuttfejlodunk.hu\\\/#organization\"},\"image\":{\"@id\":\"https:\\\/\\\/egyuttfejlodunk.hu\\\/?p=11424#primaryimage\"},\"thumbnailUrl\":\"https:\\\/\\\/egyuttfejlodunk.hu\\\/wp-content\\\/uploads\\\/2026\\\/06\\\/140_11_csat.jpg\",\"keywords\":[\"K\u00f6rnyezetv\u00e9delem\",\"v\u00edzgazd\u00e1lkod\u00e1s\"],\"articleSection\":[\"Kehop\"],\"inLanguage\":\"hu\"},{\"@type\":\"WebPage\",\"@id\":\"https:\\\/\\\/egyuttfejlodunk.hu\\\/?p=11424\",\"url\":\"https:\\\/\\\/egyuttfejlodunk.hu\\\/?p=11424\",\"name\":\"\u00c1rv\u00edzmentes j\u00f6v\u0151 a Tisza ment\u00e9n - Egy\u00fctt fejl\u0151d\u00fcnk\",\"isPartOf\":{\"@id\":\"https:\\\/\\\/egyuttfejlodunk.hu\\\/#website\"},\"primaryImageOfPage\":{\"@id\":\"https:\\\/\\\/egyuttfejlodunk.hu\\\/?p=11424#primaryimage\"},\"image\":{\"@id\":\"https:\\\/\\\/egyuttfejlodunk.hu\\\/?p=11424#primaryimage\"},\"thumbnailUrl\":\"https:\\\/\\\/egyuttfejlodunk.hu\\\/wp-content\\\/uploads\\\/2026\\\/06\\\/140_11_csat.jpg\",\"datePublished\":\"2026-05-04T16:43:27+00:00\",\"dateModified\":\"2026-08-28T07:34:49+00:00\",\"breadcrumb\":{\"@id\":\"https:\\\/\\\/egyuttfejlodunk.hu\\\/?p=11424#breadcrumb\"},\"inLanguage\":\"hu\",\"potentialAction\":[{\"@type\":\"ReadAction\",\"target\":[\"https:\\\/\\\/egyuttfejlodunk.hu\\\/?p=11424\"]}]},{\"@type\":\"ImageObject\",\"inLanguage\":\"hu\",\"@id\":\"https:\\\/\\\/egyuttfejlodunk.hu\\\/?p=11424#primaryimage\",\"url\":\"https:\\\/\\\/egyuttfejlodunk.hu\\\/wp-content\\\/uploads\\\/2026\\\/06\\\/140_11_csat.jpg\",\"contentUrl\":\"https:\\\/\\\/egyuttfejlodunk.hu\\\/wp-content\\\/uploads\\\/2026\\\/06\\\/140_11_csat.jpg\",\"width\":1920,\"height\":879},{\"@type\":\"BreadcrumbList\",\"@id\":\"https:\\\/\\\/egyuttfejlodunk.hu\\\/?p=11424#breadcrumb\",\"itemListElement\":[{\"@type\":\"ListItem\",\"position\":1,\"name\":\"Home\",\"item\":\"https:\\\/\\\/egyuttfejlodunk.hu\\\/\"},{\"@type\":\"ListItem\",\"position\":2,\"name\":\"\u00c1rv\u00edzmentes j\u00f6v\u0151 a Tisza ment\u00e9n\"}]},{\"@type\":\"WebSite\",\"@id\":\"https:\\\/\\\/egyuttfejlodunk.hu\\\/#website\",\"url\":\"https:\\\/\\\/egyuttfejlodunk.hu\\\/\",\"name\":\"Egy\u00fctt fejl\u0151d\u00fcnk\",\"description\":\"\",\"publisher\":{\"@id\":\"https:\\\/\\\/egyuttfejlodunk.hu\\\/#organization\"},\"potentialAction\":[{\"@type\":\"SearchAction\",\"target\":{\"@type\":\"EntryPoint\",\"urlTemplate\":\"https:\\\/\\\/egyuttfejlodunk.hu\\\/?s={search_term_string}\"},\"query-input\":{\"@type\":\"PropertyValueSpecification\",\"valueRequired\":true,\"valueName\":\"search_term_string\"}}],\"inLanguage\":\"hu\"},{\"@type\":\"Organization\",\"@id\":\"https:\\\/\\\/egyuttfejlodunk.hu\\\/#organization\",\"name\":\"Egy\u00fctt fejl\u0151d\u00fcnk\",\"url\":\"https:\\\/\\\/egyuttfejlodunk.hu\\\/\",\"logo\":{\"@type\":\"ImageObject\",\"inLanguage\":\"hu\",\"@id\":\"https:\\\/\\\/egyuttfejlodunk.hu\\\/#\\\/schema\\\/logo\\\/image\\\/\",\"url\":\"https:\\\/\\\/egyuttfejlodunk.hu\\\/wp-content\\\/uploads\\\/2026\\\/04\\\/ujlogo.jpg\",\"contentUrl\":\"https:\\\/\\\/egyuttfejlodunk.hu\\\/wp-content\\\/uploads\\\/2026\\\/04\\\/ujlogo.jpg\",\"width\":350,\"height\":110,\"caption\":\"Egy\u00fctt fejl\u0151d\u00fcnk\"},\"image\":{\"@id\":\"https:\\\/\\\/egyuttfejlodunk.hu\\\/#\\\/schema\\\/logo\\\/image\\\/\"}},{\"@type\":\"Person\",\"@id\":\"https:\\\/\\\/egyuttfejlodunk.hu\\\/#\\\/schema\\\/person\\\/94cc2e6bf0b14e6d5de3d603885ed8c5\",\"name\":\"T\u00f3th Ferenc\"}]}<\/script>\n<!-- \/ Yoast SEO Premium plugin. -->","yoast_head_json":{"title":"\u00c1rv\u00edzmentes j\u00f6v\u0151 a Tisza ment\u00e9n - Egy\u00fctt fejl\u0151d\u00fcnk","robots":{"index":"noindex","follow":"follow","max-snippet":"max-snippet:-1","max-image-preview":"max-image-preview:large","max-video-preview":"max-video-preview:-1"},"og_locale":"hu_HU","og_type":"article","og_title":"\u00c1rv\u00edzmentes j\u00f6v\u0151 a Tisza ment\u00e9n","og_description":"A Tisza \u00e9vsz\u00e1zadok \u00f3ta meghat\u00e1rozza az Alf\u00f6ld \u00e9let\u00e9t, ugyanakkor id\u0151r\u0151l id\u0151re komoly vesz\u00e9lyt is jelent, amikor kil\u00e9p a medr\u00e9b\u0151l. Az elm\u00falt \u00e9vtizedek nagy \u00e1rvizei vil\u00e1goss\u00e1 tett\u00e9k, hogy a hagyom\u00e1nyos v\u00e9dekez\u00e9si m\u00f3dszerek \u00f6nmagukban m\u00e1r nem elegend\u0151k. Erre a kih\u00edv\u00e1sra ad korszer\u0171 v\u00e1laszt az eur\u00f3pai uni\u00f3s t\u00e1mogat\u00e1ssal megval\u00f3sult Tisza\u2013T\u00far \u00e1rv\u00edzi t\u00e1roz\u00f3. A jelent\u0151s v\u00edz\u00fcgyi fejleszt\u00e9s a V\u00e1s\u00e1rhelyi Terv r\u00e9szek\u00e9nt j\u00f6tt l\u00e9tre, ennek c\u00e9lja, hogy a Tisza mellett \u00e9l\u0151k biztons\u00e1g\u00e1t hossz\u00fa t\u00e1von garant\u00e1lja. A projekt l\u00e9nyege egy olyan...","og_url":"https:\/\/egyuttfejlodunk.hu\/?p=11424","og_site_name":"Egy\u00fctt fejl\u0151d\u00fcnk","article_published_time":"2026-05-04T16:43:27+00:00","article_modified_time":"2026-08-28T07:34:49+00:00","og_image":[{"width":1920,"height":879,"url":"https:\/\/egyuttfejlodunk.hu\/wp-content\/uploads\/2026\/06\/140_11_csat.jpg","type":"image\/jpeg"}],"author":"T\u00f3th Ferenc","twitter_card":"summary_large_image","twitter_misc":{"Szerz\u0151:":"T\u00f3th Ferenc","Becs\u00fclt olvas\u00e1si id\u0151":"2 perc"},"schema":{"@context":"https:\/\/schema.org","@graph":[{"@type":"Article","@id":"https:\/\/egyuttfejlodunk.hu\/?p=11424#article","isPartOf":{"@id":"https:\/\/egyuttfejlodunk.hu\/?p=11424"},"author":{"name":"T\u00f3th Ferenc","@id":"https:\/\/egyuttfejlodunk.hu\/#\/schema\/person\/94cc2e6bf0b14e6d5de3d603885ed8c5"},"headline":"\u00c1rv\u00edzmentes j\u00f6v\u0151 a Tisza ment\u00e9n","datePublished":"2026-05-04T16:43:27+00:00","dateModified":"2026-08-28T07:34:49+00:00","mainEntityOfPage":{"@id":"https:\/\/egyuttfejlodunk.hu\/?p=11424"},"wordCount":509,"publisher":{"@id":"https:\/\/egyuttfejlodunk.hu\/#organization"},"image":{"@id":"https:\/\/egyuttfejlodunk.hu\/?p=11424#primaryimage"},"thumbnailUrl":"https:\/\/egyuttfejlodunk.hu\/wp-content\/uploads\/2026\/06\/140_11_csat.jpg","keywords":["K\u00f6rnyezetv\u00e9delem","v\u00edzgazd\u00e1lkod\u00e1s"],"articleSection":["Kehop"],"inLanguage":"hu"},{"@type":"WebPage","@id":"https:\/\/egyuttfejlodunk.hu\/?p=11424","url":"https:\/\/egyuttfejlodunk.hu\/?p=11424","name":"\u00c1rv\u00edzmentes j\u00f6v\u0151 a Tisza ment\u00e9n - Egy\u00fctt fejl\u0151d\u00fcnk","isPartOf":{"@id":"https:\/\/egyuttfejlodunk.hu\/#website"},"primaryImageOfPage":{"@id":"https:\/\/egyuttfejlodunk.hu\/?p=11424#primaryimage"},"image":{"@id":"https:\/\/egyuttfejlodunk.hu\/?p=11424#primaryimage"},"thumbnailUrl":"https:\/\/egyuttfejlodunk.hu\/wp-content\/uploads\/2026\/06\/140_11_csat.jpg","datePublished":"2026-05-04T16:43:27+00:00","dateModified":"2026-08-28T07:34:49+00:00","breadcrumb":{"@id":"https:\/\/egyuttfejlodunk.hu\/?p=11424#breadcrumb"},"inLanguage":"hu","potentialAction":[{"@type":"ReadAction","target":["https:\/\/egyuttfejlodunk.hu\/?p=11424"]}]},{"@type":"ImageObject","inLanguage":"hu","@id":"https:\/\/egyuttfejlodunk.hu\/?p=11424#primaryimage","url":"https:\/\/egyuttfejlodunk.hu\/wp-content\/uploads\/2026\/06\/140_11_csat.jpg","contentUrl":"https:\/\/egyuttfejlodunk.hu\/wp-content\/uploads\/2026\/06\/140_11_csat.jpg","width":1920,"height":879},{"@type":"BreadcrumbList","@id":"https:\/\/egyuttfejlodunk.hu\/?p=11424#breadcrumb","itemListElement":[{"@type":"ListItem","position":1,"name":"Home","item":"https:\/\/egyuttfejlodunk.hu\/"},{"@type":"ListItem","position":2,"name":"\u00c1rv\u00edzmentes j\u00f6v\u0151 a Tisza ment\u00e9n"}]},{"@type":"WebSite","@id":"https:\/\/egyuttfejlodunk.hu\/#website","url":"https:\/\/egyuttfejlodunk.hu\/","name":"Egy\u00fctt fejl\u0151d\u00fcnk","description":"","publisher":{"@id":"https:\/\/egyuttfejlodunk.hu\/#organization"},"potentialAction":[{"@type":"SearchAction","target":{"@type":"EntryPoint","urlTemplate":"https:\/\/egyuttfejlodunk.hu\/?s={search_term_string}"},"query-input":{"@type":"PropertyValueSpecification","valueRequired":true,"valueName":"search_term_string"}}],"inLanguage":"hu"},{"@type":"Organization","@id":"https:\/\/egyuttfejlodunk.hu\/#organization","name":"Egy\u00fctt fejl\u0151d\u00fcnk","url":"https:\/\/egyuttfejlodunk.hu\/","logo":{"@type":"ImageObject","inLanguage":"hu","@id":"https:\/\/egyuttfejlodunk.hu\/#\/schema\/logo\/image\/","url":"https:\/\/egyuttfejlodunk.hu\/wp-content\/uploads\/2026\/04\/ujlogo.jpg","contentUrl":"https:\/\/egyuttfejlodunk.hu\/wp-content\/uploads\/2026\/04\/ujlogo.jpg","width":350,"height":110,"caption":"Egy\u00fctt fejl\u0151d\u00fcnk"},"image":{"@id":"https:\/\/egyuttfejlodunk.hu\/#\/schema\/logo\/image\/"}},{"@type":"Person","@id":"https:\/\/egyuttfejlodunk.hu\/#\/schema\/person\/94cc2e6bf0b14e6d5de3d603885ed8c5","name":"T\u00f3th Ferenc"}]}},"_links":{"self":[{"href":"https:\/\/egyuttfejlodunk.hu\/index.php?rest_route=\/wp\/v2\/posts\/11424","targetHints":{"allow":["GET"]}}],"collection":[{"href":"https:\/\/egyuttfejlodunk.hu\/index.php?rest_route=\/wp\/v2\/posts"}],"about":[{"href":"https:\/\/egyuttfejlodunk.hu\/index.php?rest_route=\/wp\/v2\/types\/post"}],"author":[{"embeddable":true,"href":"https:\/\/egyuttfejlodunk.hu\/index.php?rest_route=\/wp\/v2\/users\/30"}],"replies":[{"embeddable":true,"href":"https:\/\/egyuttfejlodunk.hu\/index.php?rest_route=%2Fwp%2Fv2%2Fcomments&post=11424"}],"version-history":[{"count":1,"href":"https:\/\/egyuttfejlodunk.hu\/index.php?rest_route=\/wp\/v2\/posts\/11424\/revisions"}],"predecessor-version":[{"id":11427,"href":"https:\/\/egyuttfejlodunk.hu\/index.php?rest_route=\/wp\/v2\/posts\/11424\/revisions\/11427"}],"wp:featuredmedia":[{"embeddable":true,"href":"https:\/\/egyuttfejlodunk.hu\/index.php?rest_route=\/wp\/v2\/media\/11426"}],"wp:attachment":[{"href":"https:\/\/egyuttfejlodunk.hu\/index.php?rest_route=%2Fwp%2Fv2%2Fmedia&parent=11424"}],"wp:term":[{"taxonomy":"category","embeddable":true,"href":"https:\/\/egyuttfejlodunk.hu\/index.php?rest_route=%2Fwp%2Fv2%2Fcategories&post=11424"},{"taxonomy":"post_tag","embeddable":true,"href":"https:\/\/egyuttfejlodunk.hu\/index.php?rest_route=%2Fwp%2Fv2%2Ftags&post=11424"},{"taxonomy":"megye","embeddable":true,"href":"https:\/\/egyuttfejlodunk.hu\/index.php?rest_route=%2Fwp%2Fv2%2Fmegye&post=11424"}],"curies":[{"name":"wp","href":"https:\/\/api.w.org\/{rel}","templated":true}]}}