{"id":11449,"date":"2026-05-08T18:58:09","date_gmt":"2026-05-08T16:58:09","guid":{"rendered":"https:\/\/egyuttfejlodunk.hu\/?p=11449"},"modified":"2026-08-28T09:33:22","modified_gmt":"2026-08-28T07:33:22","slug":"megujult-a-marcali-gombacska-ovoda","status":"publish","type":"post","link":"https:\/\/egyuttfejlodunk.hu\/?p=11449","title":{"rendered":"Meg\u00fajult a marcali Gomb\u00e1cska \u00d3voda"},"content":{"rendered":"<p><strong>Vannak fejleszt\u00e9sek, amelyek nem felt\u00e9tlen\u00fcl a m\u00e9ret\u00fckkel t\u0171nnek ki, hiszen a mindennapokat szinte \u00e9szrev\u00e9tlen\u00fcl teszik jobb\u00e1. Egy \u00f3vod\u00e1ban egy vil\u00e1gosabb csoportszoba, biztons\u00e1gosabb bej\u00e1rat vagy modern j\u00e1tsz\u00f3k\u00f6rnyezet sokat jelent a gyerekeknek, a sz\u00fcl\u0151knek \u00e9s az ott dolgoz\u00f3knak is.<\/strong><\/p>\n<p>Marcaliban a Gomb\u00e1cska \u00d3voda fel\u00faj\u00edt\u00e1sa sor\u00e1n az volt a c\u00e9l, hogy az int\u00e9zm\u00e9ny korszer\u0171bb\u00e9, biztons\u00e1gosabb\u00e1 v\u00e1ljon, jobban igazodjon a telep\u00fcl\u00e9s mostani ig\u00e9nyeihez, mik\u00f6zben ahhoz is hozz\u00e1j\u00e1rul, hogy cs\u00f6kkenjenek az \u00f3vodai ell\u00e1t\u00e1s ter\u00fcleti k\u00fcl\u00f6nbs\u00e9gei.<\/p>\n<p>Az \u00e9p\u00fclet m\u00e1r t\u00f6bb ponton fel\u00faj\u00edt\u00e1sra szorult, kialak\u00edt\u00e1sa sz\u00e1mos szempontb\u00f3l elavultnak sz\u00e1m\u00edtott. A sz\u0171k\u00f6s bels\u0151 terek, a fel\u00faj\u00edtand\u00f3 f\u0171t\u00e9si rendszer, a ny\u00edl\u00e1sz\u00e1r\u00f3k \u00e9s a vizesblokkok \u00e1llapota tette indokoltt\u00e1 a beavatkoz\u00e1st.<\/p>\n<p>Az uni\u00f3s fejleszt\u00e9s sor\u00e1n \u00e1tfog\u00f3 korszer\u0171s\u00edt\u00e9st v\u00e9geztek: meg\u00fajult a f\u0171t\u00e9si rendszer, \u00faj ny\u00edl\u00e1sz\u00e1r\u00f3kat \u00e9p\u00edtettek be, korszer\u0171s\u00edtett\u00e9k a mosd\u00f3kat \u00e9s a bels\u0151 helyis\u00e9gek kialak\u00edt\u00e1s\u00e1t is \u00e1tgondolt\u00e1k. Ennek k\u00f6sz\u00f6nhet\u0151en a csoportszob\u00e1k ma m\u00e1r k\u00e9nyelmesebb, praktikusabb \u00e9s bar\u00e1ts\u00e1gosabb k\u00f6rnyezetet biztos\u00edtanak a gyerekek sz\u00e1m\u00e1ra.<\/p>\n<p>Fontos r\u00e9sze volt a beruh\u00e1z\u00e1snak az akad\u00e1lymentes\u00edt\u00e9s is. \u00daj akad\u00e1lymentes bej\u00e1rat \u00e9s vizesblokk l\u00e9tes\u00fclt, amelyek mindenki sz\u00e1m\u00e1ra el\u00e9rhet\u0151v\u00e9 teszik az \u00e9p\u00fclet haszn\u00e1lat\u00e1t.<\/p>\n<p>A fejleszt\u00e9s az eszk\u00f6zparkot is \u00e9rintette. Digit\u00e1lis fejleszt\u0151eszk\u00f6z\u00f6k \u00e9rkeztek az \u00f3vod\u00e1ba, amelyek j\u00e1t\u00e9kos form\u00e1ban seg\u00edtik a gyermekek k\u00e9szs\u00e9geinek fejl\u0151d\u00e9s\u00e9t. Meg\u00fajult az udvar \u00e9s a j\u00e1tsz\u00f3ter\u00fclet is, \u00edgy a szabadt\u00e9ri foglalkoz\u00e1sok is sokkal kellemesebb k\u00f6rnyezetben zajlanak.<\/p>\n<p>A fenntarthat\u00f3s\u00e1g szint\u00e9n hangs\u00falyos szerepet kapott. Az energetikai korszer\u0171s\u00edt\u00e9s mellett napelemes rendszert is telep\u00edtettek, amely hossz\u00fa t\u00e1von cs\u00f6kkentheti az int\u00e9zm\u00e9ny m\u0171k\u00f6d\u00e9si k\u00f6lts\u00e9geit.<\/p>\n<p>A meg\u00fajult Gomb\u00e1cska \u00d3voda ma m\u00e1r korszer\u0171, gyermekbar\u00e1t int\u00e9zm\u00e9nyk\u00e9nt fogadja a csal\u00e1dokat, \u00e9s m\u00e9lt\u00f3 k\u00f6rnyezetet biztos\u00edt a feln\u00f6vekv\u0151 \u00faj gener\u00e1ci\u00f3 mindennapjaihoz.<\/p>\n<p><iframe title=\"Gomb\u00e1cska \u00d3voda korszer\u0171s\u00edt\u00e9se Marcaliban\" width=\"1200\" height=\"675\" src=\"https:\/\/www.youtube.com\/embed\/JhtNZOzMcZ8?feature=oembed\" frameborder=\"0\" allow=\"accelerometer; autoplay; clipboard-write; encrypted-media; gyroscope; picture-in-picture; web-share\" referrerpolicy=\"strict-origin-when-cross-origin\" allowfullscreen><\/iframe><\/p>\n<p>A program a TOP_PLUSZ-3.3.1-21-SO1-2022-00007 azonos\u00edt\u00f3 projekt keret\u00e9ben, eur\u00f3pai uni\u00f3s forr\u00e1s bevon\u00e1s\u00e1val val\u00f3sult meg.<\/p>\n<p>Tov\u00e1bbi r\u00e9szletek a t\u00e1mogatott projekt keres\u0151ben:&nbsp;<a class=\"tovabb\" href=\"https:\/\/www.palyazat.gov.hu\/eredmenyek\/tamogatott-projektek\/3148530201\" target=\"_blank\" rel=\"noopener\">Tov\u00e1bb<\/a><\/p>\n","protected":false},"excerpt":{"rendered":"<p>Vannak fejleszt\u00e9sek, amelyek nem felt\u00e9tlen\u00fcl a m\u00e9ret\u00fckkel t\u0171nnek ki, hiszen a mindennapokat szinte \u00e9szrev\u00e9tlen\u00fcl teszik jobb\u00e1. Egy \u00f3vod\u00e1ban egy vil\u00e1gosabb csoportszoba, biztons\u00e1gosabb bej\u00e1rat vagy modern j\u00e1tsz\u00f3k\u00f6rnyezet sokat jelent a gyerekeknek, a sz\u00fcl\u0151knek \u00e9s az ott dolgoz\u00f3knak is. Marcaliban a Gomb\u00e1cska \u00d3voda fel\u00faj\u00edt\u00e1sa sor\u00e1n az volt a c\u00e9l, hogy az int\u00e9zm\u00e9ny korszer\u0171bb\u00e9, biztons\u00e1gosabb\u00e1 v\u00e1ljon, jobban igazodjon a telep\u00fcl\u00e9s mostani ig\u00e9nyeihez, mik\u00f6zben ahhoz is hozz\u00e1j\u00e1rul, hogy cs\u00f6kkenjenek az \u00f3vodai ell\u00e1t\u00e1s ter\u00fcleti k\u00fcl\u00f6nbs\u00e9gei. Az \u00e9p\u00fclet m\u00e1r t\u00f6bb ponton&#8230;<\/p>\n","protected":false},"author":30,"featured_media":11450,"comment_status":"closed","ping_status":"closed","sticky":false,"template":"","format":"standard","meta":{"_acf_changed":false,"ngg_post_thumbnail":0,"footnotes":""},"categories":[174],"tags":[425,487],"megye":[1129],"class_list":["post-11449","post","type-post","status-publish","format-standard","has-post-thumbnail","hentry","category-top-plusz-hu","tag-gondoskodo-tarsadalom","tag-intezmenyfejlesztes","megye-somogy-megye"],"acf":[],"yoast_head":"<!-- This site is optimized with the Yoast SEO Premium plugin v28.4 (Yoast SEO v28.4) - https:\/\/yoast.com\/product\/yoast-seo-premium-wordpress\/ -->\n<title>Meg\u00fajult a marcali Gomb\u00e1cska \u00d3voda - Egy\u00fctt fejl\u0151d\u00fcnk<\/title>\n<meta name=\"robots\" content=\"noindex, follow, max-snippet:-1, max-image-preview:large, max-video-preview:-1\" \/>\n<meta property=\"og:locale\" content=\"hu_HU\" \/>\n<meta property=\"og:type\" content=\"article\" \/>\n<meta property=\"og:title\" content=\"Meg\u00fajult a marcali Gomb\u00e1cska \u00d3voda\" \/>\n<meta property=\"og:description\" content=\"Vannak fejleszt\u00e9sek, amelyek nem felt\u00e9tlen\u00fcl a m\u00e9ret\u00fckkel t\u0171nnek ki, hiszen a mindennapokat szinte \u00e9szrev\u00e9tlen\u00fcl teszik jobb\u00e1. Egy \u00f3vod\u00e1ban egy vil\u00e1gosabb csoportszoba, biztons\u00e1gosabb bej\u00e1rat vagy modern j\u00e1tsz\u00f3k\u00f6rnyezet sokat jelent a gyerekeknek, a sz\u00fcl\u0151knek \u00e9s az ott dolgoz\u00f3knak is. Marcaliban a Gomb\u00e1cska \u00d3voda fel\u00faj\u00edt\u00e1sa sor\u00e1n az volt a c\u00e9l, hogy az int\u00e9zm\u00e9ny korszer\u0171bb\u00e9, biztons\u00e1gosabb\u00e1 v\u00e1ljon, jobban igazodjon a telep\u00fcl\u00e9s mostani ig\u00e9nyeihez, mik\u00f6zben ahhoz is hozz\u00e1j\u00e1rul, hogy cs\u00f6kkenjenek az \u00f3vodai ell\u00e1t\u00e1s ter\u00fcleti k\u00fcl\u00f6nbs\u00e9gei. Az \u00e9p\u00fclet m\u00e1r t\u00f6bb ponton...\" \/>\n<meta property=\"og:url\" content=\"https:\/\/egyuttfejlodunk.hu\/?p=11449\" \/>\n<meta property=\"og:site_name\" content=\"Egy\u00fctt fejl\u0151d\u00fcnk\" \/>\n<meta property=\"article:published_time\" content=\"2026-05-08T16:58:09+00:00\" \/>\n<meta property=\"article:modified_time\" content=\"2026-08-28T07:33:22+00:00\" \/>\n<meta property=\"og:image\" content=\"https:\/\/egyuttfejlodunk.hu\/wp-content\/uploads\/2026\/06\/3-Marcali_1120.00_03_53_09.Still001.jpg\" \/>\n\t<meta property=\"og:image:width\" content=\"1920\" \/>\n\t<meta property=\"og:image:height\" content=\"1080\" \/>\n\t<meta property=\"og:image:type\" content=\"image\/jpeg\" \/>\n<meta name=\"author\" content=\"T\u00f3th Ferenc\" \/>\n<meta name=\"twitter:card\" content=\"summary_large_image\" \/>\n<meta name=\"twitter:label1\" content=\"Szerz\u0151:\" \/>\n\t<meta name=\"twitter:data1\" content=\"T\u00f3th Ferenc\" \/>\n\t<meta name=\"twitter:label2\" content=\"Becs\u00fclt olvas\u00e1si id\u0151\" \/>\n\t<meta name=\"twitter:data2\" content=\"2 perc\" \/>\n<script type=\"application\/ld+json\" class=\"yoast-schema-graph\">{\"@context\":\"https:\\\/\\\/schema.org\",\"@graph\":[{\"@type\":\"Article\",\"@id\":\"https:\\\/\\\/egyuttfejlodunk.hu\\\/?p=11449#article\",\"isPartOf\":{\"@id\":\"https:\\\/\\\/egyuttfejlodunk.hu\\\/?p=11449\"},\"author\":{\"name\":\"T\u00f3th Ferenc\",\"@id\":\"https:\\\/\\\/egyuttfejlodunk.hu\\\/#\\\/schema\\\/person\\\/94cc2e6bf0b14e6d5de3d603885ed8c5\"},\"headline\":\"Meg\u00fajult a marcali Gomb\u00e1cska \u00d3voda\",\"datePublished\":\"2026-05-08T16:58:09+00:00\",\"dateModified\":\"2026-08-28T07:33:22+00:00\",\"mainEntityOfPage\":{\"@id\":\"https:\\\/\\\/egyuttfejlodunk.hu\\\/?p=11449\"},\"wordCount\":463,\"publisher\":{\"@id\":\"https:\\\/\\\/egyuttfejlodunk.hu\\\/#organization\"},\"image\":{\"@id\":\"https:\\\/\\\/egyuttfejlodunk.hu\\\/?p=11449#primaryimage\"},\"thumbnailUrl\":\"https:\\\/\\\/egyuttfejlodunk.hu\\\/wp-content\\\/uploads\\\/2026\\\/06\\\/3-Marcali_1120.00_03_53_09.Still001.jpg\",\"keywords\":[\"gondoskod\u00f3 t\u00e1rsadalom\",\"int\u00e9zm\u00e9nyfejleszt\u00e9s\"],\"articleSection\":[\"Top plusz\"],\"inLanguage\":\"hu\"},{\"@type\":\"WebPage\",\"@id\":\"https:\\\/\\\/egyuttfejlodunk.hu\\\/?p=11449\",\"url\":\"https:\\\/\\\/egyuttfejlodunk.hu\\\/?p=11449\",\"name\":\"Meg\u00fajult a marcali Gomb\u00e1cska \u00d3voda - Egy\u00fctt fejl\u0151d\u00fcnk\",\"isPartOf\":{\"@id\":\"https:\\\/\\\/egyuttfejlodunk.hu\\\/#website\"},\"primaryImageOfPage\":{\"@id\":\"https:\\\/\\\/egyuttfejlodunk.hu\\\/?p=11449#primaryimage\"},\"image\":{\"@id\":\"https:\\\/\\\/egyuttfejlodunk.hu\\\/?p=11449#primaryimage\"},\"thumbnailUrl\":\"https:\\\/\\\/egyuttfejlodunk.hu\\\/wp-content\\\/uploads\\\/2026\\\/06\\\/3-Marcali_1120.00_03_53_09.Still001.jpg\",\"datePublished\":\"2026-05-08T16:58:09+00:00\",\"dateModified\":\"2026-08-28T07:33:22+00:00\",\"breadcrumb\":{\"@id\":\"https:\\\/\\\/egyuttfejlodunk.hu\\\/?p=11449#breadcrumb\"},\"inLanguage\":\"hu\",\"potentialAction\":[{\"@type\":\"ReadAction\",\"target\":[\"https:\\\/\\\/egyuttfejlodunk.hu\\\/?p=11449\"]}]},{\"@type\":\"ImageObject\",\"inLanguage\":\"hu\",\"@id\":\"https:\\\/\\\/egyuttfejlodunk.hu\\\/?p=11449#primaryimage\",\"url\":\"https:\\\/\\\/egyuttfejlodunk.hu\\\/wp-content\\\/uploads\\\/2026\\\/06\\\/3-Marcali_1120.00_03_53_09.Still001.jpg\",\"contentUrl\":\"https:\\\/\\\/egyuttfejlodunk.hu\\\/wp-content\\\/uploads\\\/2026\\\/06\\\/3-Marcali_1120.00_03_53_09.Still001.jpg\",\"width\":1920,\"height\":1080},{\"@type\":\"BreadcrumbList\",\"@id\":\"https:\\\/\\\/egyuttfejlodunk.hu\\\/?p=11449#breadcrumb\",\"itemListElement\":[{\"@type\":\"ListItem\",\"position\":1,\"name\":\"Home\",\"item\":\"https:\\\/\\\/egyuttfejlodunk.hu\\\/\"},{\"@type\":\"ListItem\",\"position\":2,\"name\":\"Meg\u00fajult a marcali Gomb\u00e1cska \u00d3voda\"}]},{\"@type\":\"WebSite\",\"@id\":\"https:\\\/\\\/egyuttfejlodunk.hu\\\/#website\",\"url\":\"https:\\\/\\\/egyuttfejlodunk.hu\\\/\",\"name\":\"Egy\u00fctt fejl\u0151d\u00fcnk\",\"description\":\"\",\"publisher\":{\"@id\":\"https:\\\/\\\/egyuttfejlodunk.hu\\\/#organization\"},\"potentialAction\":[{\"@type\":\"SearchAction\",\"target\":{\"@type\":\"EntryPoint\",\"urlTemplate\":\"https:\\\/\\\/egyuttfejlodunk.hu\\\/?s={search_term_string}\"},\"query-input\":{\"@type\":\"PropertyValueSpecification\",\"valueRequired\":true,\"valueName\":\"search_term_string\"}}],\"inLanguage\":\"hu\"},{\"@type\":\"Organization\",\"@id\":\"https:\\\/\\\/egyuttfejlodunk.hu\\\/#organization\",\"name\":\"Egy\u00fctt fejl\u0151d\u00fcnk\",\"url\":\"https:\\\/\\\/egyuttfejlodunk.hu\\\/\",\"logo\":{\"@type\":\"ImageObject\",\"inLanguage\":\"hu\",\"@id\":\"https:\\\/\\\/egyuttfejlodunk.hu\\\/#\\\/schema\\\/logo\\\/image\\\/\",\"url\":\"https:\\\/\\\/egyuttfejlodunk.hu\\\/wp-content\\\/uploads\\\/2026\\\/04\\\/ujlogo.jpg\",\"contentUrl\":\"https:\\\/\\\/egyuttfejlodunk.hu\\\/wp-content\\\/uploads\\\/2026\\\/04\\\/ujlogo.jpg\",\"width\":350,\"height\":110,\"caption\":\"Egy\u00fctt fejl\u0151d\u00fcnk\"},\"image\":{\"@id\":\"https:\\\/\\\/egyuttfejlodunk.hu\\\/#\\\/schema\\\/logo\\\/image\\\/\"}},{\"@type\":\"Person\",\"@id\":\"https:\\\/\\\/egyuttfejlodunk.hu\\\/#\\\/schema\\\/person\\\/94cc2e6bf0b14e6d5de3d603885ed8c5\",\"name\":\"T\u00f3th Ferenc\"}]}<\/script>\n<!-- \/ Yoast SEO Premium plugin. -->","yoast_head_json":{"title":"Meg\u00fajult a marcali Gomb\u00e1cska \u00d3voda - Egy\u00fctt fejl\u0151d\u00fcnk","robots":{"index":"noindex","follow":"follow","max-snippet":"max-snippet:-1","max-image-preview":"max-image-preview:large","max-video-preview":"max-video-preview:-1"},"og_locale":"hu_HU","og_type":"article","og_title":"Meg\u00fajult a marcali Gomb\u00e1cska \u00d3voda","og_description":"Vannak fejleszt\u00e9sek, amelyek nem felt\u00e9tlen\u00fcl a m\u00e9ret\u00fckkel t\u0171nnek ki, hiszen a mindennapokat szinte \u00e9szrev\u00e9tlen\u00fcl teszik jobb\u00e1. Egy \u00f3vod\u00e1ban egy vil\u00e1gosabb csoportszoba, biztons\u00e1gosabb bej\u00e1rat vagy modern j\u00e1tsz\u00f3k\u00f6rnyezet sokat jelent a gyerekeknek, a sz\u00fcl\u0151knek \u00e9s az ott dolgoz\u00f3knak is. Marcaliban a Gomb\u00e1cska \u00d3voda fel\u00faj\u00edt\u00e1sa sor\u00e1n az volt a c\u00e9l, hogy az int\u00e9zm\u00e9ny korszer\u0171bb\u00e9, biztons\u00e1gosabb\u00e1 v\u00e1ljon, jobban igazodjon a telep\u00fcl\u00e9s mostani ig\u00e9nyeihez, mik\u00f6zben ahhoz is hozz\u00e1j\u00e1rul, hogy cs\u00f6kkenjenek az \u00f3vodai ell\u00e1t\u00e1s ter\u00fcleti k\u00fcl\u00f6nbs\u00e9gei. Az \u00e9p\u00fclet m\u00e1r t\u00f6bb ponton...","og_url":"https:\/\/egyuttfejlodunk.hu\/?p=11449","og_site_name":"Egy\u00fctt fejl\u0151d\u00fcnk","article_published_time":"2026-05-08T16:58:09+00:00","article_modified_time":"2026-08-28T07:33:22+00:00","og_image":[{"width":1920,"height":1080,"url":"https:\/\/egyuttfejlodunk.hu\/wp-content\/uploads\/2026\/06\/3-Marcali_1120.00_03_53_09.Still001.jpg","type":"image\/jpeg"}],"author":"T\u00f3th Ferenc","twitter_card":"summary_large_image","twitter_misc":{"Szerz\u0151:":"T\u00f3th Ferenc","Becs\u00fclt olvas\u00e1si id\u0151":"2 perc"},"schema":{"@context":"https:\/\/schema.org","@graph":[{"@type":"Article","@id":"https:\/\/egyuttfejlodunk.hu\/?p=11449#article","isPartOf":{"@id":"https:\/\/egyuttfejlodunk.hu\/?p=11449"},"author":{"name":"T\u00f3th Ferenc","@id":"https:\/\/egyuttfejlodunk.hu\/#\/schema\/person\/94cc2e6bf0b14e6d5de3d603885ed8c5"},"headline":"Meg\u00fajult a marcali Gomb\u00e1cska \u00d3voda","datePublished":"2026-05-08T16:58:09+00:00","dateModified":"2026-08-28T07:33:22+00:00","mainEntityOfPage":{"@id":"https:\/\/egyuttfejlodunk.hu\/?p=11449"},"wordCount":463,"publisher":{"@id":"https:\/\/egyuttfejlodunk.hu\/#organization"},"image":{"@id":"https:\/\/egyuttfejlodunk.hu\/?p=11449#primaryimage"},"thumbnailUrl":"https:\/\/egyuttfejlodunk.hu\/wp-content\/uploads\/2026\/06\/3-Marcali_1120.00_03_53_09.Still001.jpg","keywords":["gondoskod\u00f3 t\u00e1rsadalom","int\u00e9zm\u00e9nyfejleszt\u00e9s"],"articleSection":["Top plusz"],"inLanguage":"hu"},{"@type":"WebPage","@id":"https:\/\/egyuttfejlodunk.hu\/?p=11449","url":"https:\/\/egyuttfejlodunk.hu\/?p=11449","name":"Meg\u00fajult a marcali Gomb\u00e1cska \u00d3voda - Egy\u00fctt fejl\u0151d\u00fcnk","isPartOf":{"@id":"https:\/\/egyuttfejlodunk.hu\/#website"},"primaryImageOfPage":{"@id":"https:\/\/egyuttfejlodunk.hu\/?p=11449#primaryimage"},"image":{"@id":"https:\/\/egyuttfejlodunk.hu\/?p=11449#primaryimage"},"thumbnailUrl":"https:\/\/egyuttfejlodunk.hu\/wp-content\/uploads\/2026\/06\/3-Marcali_1120.00_03_53_09.Still001.jpg","datePublished":"2026-05-08T16:58:09+00:00","dateModified":"2026-08-28T07:33:22+00:00","breadcrumb":{"@id":"https:\/\/egyuttfejlodunk.hu\/?p=11449#breadcrumb"},"inLanguage":"hu","potentialAction":[{"@type":"ReadAction","target":["https:\/\/egyuttfejlodunk.hu\/?p=11449"]}]},{"@type":"ImageObject","inLanguage":"hu","@id":"https:\/\/egyuttfejlodunk.hu\/?p=11449#primaryimage","url":"https:\/\/egyuttfejlodunk.hu\/wp-content\/uploads\/2026\/06\/3-Marcali_1120.00_03_53_09.Still001.jpg","contentUrl":"https:\/\/egyuttfejlodunk.hu\/wp-content\/uploads\/2026\/06\/3-Marcali_1120.00_03_53_09.Still001.jpg","width":1920,"height":1080},{"@type":"BreadcrumbList","@id":"https:\/\/egyuttfejlodunk.hu\/?p=11449#breadcrumb","itemListElement":[{"@type":"ListItem","position":1,"name":"Home","item":"https:\/\/egyuttfejlodunk.hu\/"},{"@type":"ListItem","position":2,"name":"Meg\u00fajult a marcali Gomb\u00e1cska \u00d3voda"}]},{"@type":"WebSite","@id":"https:\/\/egyuttfejlodunk.hu\/#website","url":"https:\/\/egyuttfejlodunk.hu\/","name":"Egy\u00fctt fejl\u0151d\u00fcnk","description":"","publisher":{"@id":"https:\/\/egyuttfejlodunk.hu\/#organization"},"potentialAction":[{"@type":"SearchAction","target":{"@type":"EntryPoint","urlTemplate":"https:\/\/egyuttfejlodunk.hu\/?s={search_term_string}"},"query-input":{"@type":"PropertyValueSpecification","valueRequired":true,"valueName":"search_term_string"}}],"inLanguage":"hu"},{"@type":"Organization","@id":"https:\/\/egyuttfejlodunk.hu\/#organization","name":"Egy\u00fctt fejl\u0151d\u00fcnk","url":"https:\/\/egyuttfejlodunk.hu\/","logo":{"@type":"ImageObject","inLanguage":"hu","@id":"https:\/\/egyuttfejlodunk.hu\/#\/schema\/logo\/image\/","url":"https:\/\/egyuttfejlodunk.hu\/wp-content\/uploads\/2026\/04\/ujlogo.jpg","contentUrl":"https:\/\/egyuttfejlodunk.hu\/wp-content\/uploads\/2026\/04\/ujlogo.jpg","width":350,"height":110,"caption":"Egy\u00fctt fejl\u0151d\u00fcnk"},"image":{"@id":"https:\/\/egyuttfejlodunk.hu\/#\/schema\/logo\/image\/"}},{"@type":"Person","@id":"https:\/\/egyuttfejlodunk.hu\/#\/schema\/person\/94cc2e6bf0b14e6d5de3d603885ed8c5","name":"T\u00f3th Ferenc"}]}},"_links":{"self":[{"href":"https:\/\/egyuttfejlodunk.hu\/index.php?rest_route=\/wp\/v2\/posts\/11449","targetHints":{"allow":["GET"]}}],"collection":[{"href":"https:\/\/egyuttfejlodunk.hu\/index.php?rest_route=\/wp\/v2\/posts"}],"about":[{"href":"https:\/\/egyuttfejlodunk.hu\/index.php?rest_route=\/wp\/v2\/types\/post"}],"author":[{"embeddable":true,"href":"https:\/\/egyuttfejlodunk.hu\/index.php?rest_route=\/wp\/v2\/users\/30"}],"replies":[{"embeddable":true,"href":"https:\/\/egyuttfejlodunk.hu\/index.php?rest_route=%2Fwp%2Fv2%2Fcomments&post=11449"}],"version-history":[{"count":1,"href":"https:\/\/egyuttfejlodunk.hu\/index.php?rest_route=\/wp\/v2\/posts\/11449\/revisions"}],"predecessor-version":[{"id":11451,"href":"https:\/\/egyuttfejlodunk.hu\/index.php?rest_route=\/wp\/v2\/posts\/11449\/revisions\/11451"}],"wp:featuredmedia":[{"embeddable":true,"href":"https:\/\/egyuttfejlodunk.hu\/index.php?rest_route=\/wp\/v2\/media\/11450"}],"wp:attachment":[{"href":"https:\/\/egyuttfejlodunk.hu\/index.php?rest_route=%2Fwp%2Fv2%2Fmedia&parent=11449"}],"wp:term":[{"taxonomy":"category","embeddable":true,"href":"https:\/\/egyuttfejlodunk.hu\/index.php?rest_route=%2Fwp%2Fv2%2Fcategories&post=11449"},{"taxonomy":"post_tag","embeddable":true,"href":"https:\/\/egyuttfejlodunk.hu\/index.php?rest_route=%2Fwp%2Fv2%2Ftags&post=11449"},{"taxonomy":"megye","embeddable":true,"href":"https:\/\/egyuttfejlodunk.hu\/index.php?rest_route=%2Fwp%2Fv2%2Fmegye&post=11449"}],"curies":[{"name":"wp","href":"https:\/\/api.w.org\/{rel}","templated":true}]}}