{"id":11493,"date":"2026-05-14T20:13:44","date_gmt":"2026-05-14T18:13:44","guid":{"rendered":"https:\/\/egyuttfejlodunk.hu\/?p=11493"},"modified":"2026-06-15T20:19:20","modified_gmt":"2026-06-15T18:19:20","slug":"europa-nap-ahol-a-kozossegi-elmeny-es-a-fejlesztespolitika-talalkozik","status":"publish","type":"post","link":"https:\/\/egyuttfejlodunk.hu\/?p=11493","title":{"rendered":"Eur\u00f3pa-nap: ahol a k\u00f6z\u00f6ss\u00e9gi \u00e9lm\u00e9ny \u00e9s a fejleszt\u00e9spolitika tal\u00e1lkozik"},"content":{"rendered":"\t\t<div data-elementor-type=\"wp-post\" data-elementor-id=\"11493\" class=\"elementor elementor-11493\" data-elementor-post-type=\"post\">\n\t\t\t\t<div class=\"elementor-element elementor-element-65430158 e-flex e-con-boxed e-con e-parent\" data-id=\"65430158\" data-element_type=\"container\" data-e-type=\"container\">\n\t\t\t\t\t<div class=\"e-con-inner\">\n\t\t\t\t<div class=\"elementor-element elementor-element-7c83fe4a elementor-widget elementor-widget-text-editor\" data-id=\"7c83fe4a\" data-element_type=\"widget\" data-e-type=\"widget\" data-widget_type=\"text-editor.default\">\n\t\t\t\t\t\t\t\t\t<p><b>M\u00e1jus 10-\u00e9n ism\u00e9t ben\u00e9pes\u00fclt a budapesti Szabads\u00e1g t\u00e9r az Eur\u00f3pa-nap alkalm\u00e1b\u00f3l, amely \u00e9vr\u0151l \u00e9vre nemcsak a k\u00f6z\u00f6ss\u00e9gi \u00e9lm\u00e9nyek, hanem az eur\u00f3pai egy\u00fcttm\u0171k\u00f6d\u00e9s eredm\u00e9nyeinek bemutat\u00e1sa szempontj\u00e1b\u00f3l is kiemelt esem\u00e9ny. A rendezv\u00e9ny ez\u00fattal is gazdag programk\u00edn\u00e1lattal v\u00e1rta az \u00e9rdekl\u0151d\u0151ket: a hagyom\u00e1nyos EU-fut\u00f3verseny mellett eg\u00e9sz nap kultur\u00e1lis \u00e9s interakt\u00edv programokkal.<\/b><\/p><p>A kor\u00e1bbi \u00e9vek gyakorlat\u00e1hoz h\u0171en a Nemzeti Fejleszt\u00e9si K\u00f6zpont (NFK) saj\u00e1t standdal k\u00e9pviselte a hazai fejleszt\u00e9spolitik\u00e1t az esem\u00e9nyen, amely eg\u00e9sz nap jelent\u0151s \u00e9rdekl\u0151d\u00e9s mellett fogadta a l\u00e1togat\u00f3kat. A stand k\u00f6z\u00e9ppontj\u00e1ban a Sz\u00e9chenyi Terv Plusz c\u00e9lkit\u0171z\u00e9seinek \u00e9s eddig el\u00e9rt eredm\u00e9nyeinek ismertet\u00e9se, valamint az <em>Egy\u00fctt fejl\u0151d\u00fcnk<\/em> brand \u00e1llt.<\/p><p>A l\u00e1togat\u00f3k kiemelt \u00e9rdekl\u0151d\u00e9ssel fordultak az eur\u00f3pai uni\u00f3s fejleszt\u00e9seket bemutat\u00f3 online kv\u00edz fel\u00e9, amelyet t\u00f6bb mint ezren t\u00f6lt\u00f6ttek ki. A j\u00e1t\u00e9kos form\u00e1ban megval\u00f3s\u00edtott ismeretterjeszt\u0151 kezdem\u00e9nyez\u00e9s olyan meghat\u00e1roz\u00f3 fejleszt\u00e9spolitikai ter\u00fcletekre ir\u00e1ny\u00edtotta a figyelmet, mint a z\u00f6ld fejleszt\u00e9sek, a fenntarthat\u00f3 k\u00f6zleked\u00e9s, az \u00e9lhet\u0151 Magyarorsz\u00e1g megteremt\u00e9se, a versenyk\u00e9pess\u00e9g \u00e9s a digitaliz\u00e1ci\u00f3 er\u0151s\u00edt\u00e9se, valamint a t\u00e1rsadalmi gyarapod\u00e1s t\u00e1mogat\u00e1sa.<\/p><p>Az NFK a legfiatalabb koroszt\u00e1lyokra is k\u00fcl\u00f6n figyelmet ford\u00edtott. A nagyobb gyermekeket \u00e9s csal\u00e1dokat a n\u00e9pszer\u0171 \u201eHogy mondj\u00e1k az Uni\u00f3ban?\u201d nyelvi j\u00e1t\u00e9k v\u00e1rta, m\u00edg a kisebbek a szervezet kabal\u00e1ja, Sz\u00f6cske Szecs\u0151 pl\u00fcssfigur\u00e1j\u00e1t is megnyerhett\u00e9k.<\/p><p>Az eg\u00e9sz napos rendezv\u00e9ny kiv\u00e1l\u00f3 alkalmat teremtett arra, hogy a lakoss\u00e1g k\u00f6zelebbr\u0151l is megismerje, hogyan hasznosulnak Magyarorsz\u00e1gon az eur\u00f3pai uni\u00f3s forr\u00e1sok. Az NFK standj\u00e1n\u00e1l t\u00f6bb mint k\u00e9tezer emberhez jutottak el ezek az inform\u00e1ci\u00f3k \u2013 r\u00e1ad\u00e1sul k\u00f6zvetlen, \u00e9lm\u00e9nyszer\u0171 form\u00e1ban.<\/p>\t\t\t\t\t\t\t\t<\/div>\n\t\t\t\t<div class=\"elementor-element elementor-element-e670576 elementor-widget elementor-widget-gallery\" data-id=\"e670576\" data-element_type=\"widget\" data-e-type=\"widget\" data-settings=\"{&quot;columns&quot;:3,&quot;lazyload&quot;:&quot;yes&quot;,&quot;gallery_layout&quot;:&quot;grid&quot;,&quot;columns_tablet&quot;:2,&quot;columns_mobile&quot;:1,&quot;gap&quot;:{&quot;unit&quot;:&quot;px&quot;,&quot;size&quot;:10,&quot;sizes&quot;:[]},&quot;gap_tablet&quot;:{&quot;unit&quot;:&quot;px&quot;,&quot;size&quot;:10,&quot;sizes&quot;:[]},&quot;gap_mobile&quot;:{&quot;unit&quot;:&quot;px&quot;,&quot;size&quot;:10,&quot;sizes&quot;:[]},&quot;link_to&quot;:&quot;file&quot;,&quot;aspect_ratio&quot;:&quot;3:2&quot;,&quot;overlay_background&quot;:&quot;yes&quot;,&quot;content_hover_animation&quot;:&quot;fade-in&quot;}\" data-widget_type=\"gallery.default\">\n\t\t\t\t\t\t\t<div class=\"elementor-gallery__container\">\n\t\t\t\t\t\t\t<a class=\"e-gallery-item elementor-gallery-item elementor-animated-content\" href=\"https:\/\/egyuttfejlodunk.hu\/wp-content\/uploads\/2026\/06\/ee49d4a3-4b15-45f1-995c-8181cddbd99f.jpg\" data-elementor-open-lightbox=\"yes\" data-elementor-lightbox-slideshow=\"e670576\" data-e-action-hash=\"#elementor-action%3Aaction%3Dlightbox%26settings%3DeyJpZCI6MTE0OTksInVybCI6Imh0dHBzOlwvXC9lZ3l1dHRmZWpsb2R1bmsuaHVcL3dwLWNvbnRlbnRcL3VwbG9hZHNcLzIwMjZcLzA2XC9lZTQ5ZDRhMy00YjE1LTQ1ZjEtOTk1Yy04MTgxY2RkYmQ5OWYuanBnIiwic2xpZGVzaG93IjoiZTY3MDU3NiJ9\">\n\t\t\t\t\t<div class=\"e-gallery-image elementor-gallery-item__image\" data-thumbnail=\"https:\/\/egyuttfejlodunk.hu\/wp-content\/uploads\/2026\/06\/ee49d4a3-4b15-45f1-995c-8181cddbd99f-640x427.jpg\" data-width=\"640\" data-height=\"427\" aria-label=\"\" role=\"img\" ><\/div>\n\t\t\t\t\t\t\t\t\t\t\t<div class=\"elementor-gallery-item__overlay\"><\/div>\n\t\t\t\t\t\t\t\t\t\t\t\t\t\t<\/a>\n\t\t\t\t\t\t\t<a class=\"e-gallery-item elementor-gallery-item elementor-animated-content\" href=\"https:\/\/egyuttfejlodunk.hu\/wp-content\/uploads\/2026\/06\/6f81eec9-210f-4773-a65b-c0b8dbbe8c29.jpg\" data-elementor-open-lightbox=\"yes\" data-elementor-lightbox-slideshow=\"e670576\" data-e-action-hash=\"#elementor-action%3Aaction%3Dlightbox%26settings%3DeyJpZCI6MTE1MDAsInVybCI6Imh0dHBzOlwvXC9lZ3l1dHRmZWpsb2R1bmsuaHVcL3dwLWNvbnRlbnRcL3VwbG9hZHNcLzIwMjZcLzA2XC82ZjgxZWVjOS0yMTBmLTQ3NzMtYTY1Yi1jMGI4ZGJiZThjMjkuanBnIiwic2xpZGVzaG93IjoiZTY3MDU3NiJ9\">\n\t\t\t\t\t<div class=\"e-gallery-image elementor-gallery-item__image\" data-thumbnail=\"https:\/\/egyuttfejlodunk.hu\/wp-content\/uploads\/2026\/06\/6f81eec9-210f-4773-a65b-c0b8dbbe8c29-640x486.jpg\" data-width=\"640\" data-height=\"486\" aria-label=\"\" role=\"img\" ><\/div>\n\t\t\t\t\t\t\t\t\t\t\t<div class=\"elementor-gallery-item__overlay\"><\/div>\n\t\t\t\t\t\t\t\t\t\t\t\t\t\t<\/a>\n\t\t\t\t\t\t\t<a class=\"e-gallery-item elementor-gallery-item elementor-animated-content\" href=\"https:\/\/egyuttfejlodunk.hu\/wp-content\/uploads\/2026\/06\/edcbe850-9c01-4318-9c78-cf0c01da4950.jpg\" data-elementor-open-lightbox=\"yes\" data-elementor-lightbox-slideshow=\"e670576\" data-e-action-hash=\"#elementor-action%3Aaction%3Dlightbox%26settings%3DeyJpZCI6MTE1MDEsInVybCI6Imh0dHBzOlwvXC9lZ3l1dHRmZWpsb2R1bmsuaHVcL3dwLWNvbnRlbnRcL3VwbG9hZHNcLzIwMjZcLzA2XC9lZGNiZTg1MC05YzAxLTQzMTgtOWM3OC1jZjBjMDFkYTQ5NTAuanBnIiwic2xpZGVzaG93IjoiZTY3MDU3NiJ9\">\n\t\t\t\t\t<div class=\"e-gallery-image elementor-gallery-item__image\" data-thumbnail=\"https:\/\/egyuttfejlodunk.hu\/wp-content\/uploads\/2026\/06\/edcbe850-9c01-4318-9c78-cf0c01da4950-640x427.jpg\" data-width=\"640\" data-height=\"427\" aria-label=\"\" role=\"img\" ><\/div>\n\t\t\t\t\t\t\t\t\t\t\t<div class=\"elementor-gallery-item__overlay\"><\/div>\n\t\t\t\t\t\t\t\t\t\t\t\t\t\t<\/a>\n\t\t\t\t\t\t\t<a class=\"e-gallery-item elementor-gallery-item elementor-animated-content\" href=\"https:\/\/egyuttfejlodunk.hu\/wp-content\/uploads\/2026\/06\/022e260b-00cb-467a-83c3-6cdf9525a038.jpg\" data-elementor-open-lightbox=\"yes\" data-elementor-lightbox-slideshow=\"e670576\" data-e-action-hash=\"#elementor-action%3Aaction%3Dlightbox%26settings%3DeyJpZCI6MTE1MDIsInVybCI6Imh0dHBzOlwvXC9lZ3l1dHRmZWpsb2R1bmsuaHVcL3dwLWNvbnRlbnRcL3VwbG9hZHNcLzIwMjZcLzA2XC8wMjJlMjYwYi0wMGNiLTQ2N2EtODNjMy02Y2RmOTUyNWEwMzguanBnIiwic2xpZGVzaG93IjoiZTY3MDU3NiJ9\">\n\t\t\t\t\t<div class=\"e-gallery-image elementor-gallery-item__image\" data-thumbnail=\"https:\/\/egyuttfejlodunk.hu\/wp-content\/uploads\/2026\/06\/022e260b-00cb-467a-83c3-6cdf9525a038-640x427.jpg\" data-width=\"640\" data-height=\"427\" aria-label=\"\" role=\"img\" ><\/div>\n\t\t\t\t\t\t\t\t\t\t\t<div class=\"elementor-gallery-item__overlay\"><\/div>\n\t\t\t\t\t\t\t\t\t\t\t\t\t\t<\/a>\n\t\t\t\t\t\t\t<a class=\"e-gallery-item elementor-gallery-item elementor-animated-content\" href=\"https:\/\/egyuttfejlodunk.hu\/wp-content\/uploads\/2026\/06\/174e9e79-700b-4a94-93c1-b81910f24535.jpg\" data-elementor-open-lightbox=\"yes\" data-elementor-lightbox-slideshow=\"e670576\" data-e-action-hash=\"#elementor-action%3Aaction%3Dlightbox%26settings%3DeyJpZCI6MTE1MDMsInVybCI6Imh0dHBzOlwvXC9lZ3l1dHRmZWpsb2R1bmsuaHVcL3dwLWNvbnRlbnRcL3VwbG9hZHNcLzIwMjZcLzA2XC8xNzRlOWU3OS03MDBiLTRhOTQtOTNjMS1iODE5MTBmMjQ1MzUuanBnIiwic2xpZGVzaG93IjoiZTY3MDU3NiJ9\">\n\t\t\t\t\t<div class=\"e-gallery-image elementor-gallery-item__image\" data-thumbnail=\"https:\/\/egyuttfejlodunk.hu\/wp-content\/uploads\/2026\/06\/174e9e79-700b-4a94-93c1-b81910f24535-640x427.jpg\" data-width=\"640\" data-height=\"427\" aria-label=\"\" role=\"img\" ><\/div>\n\t\t\t\t\t\t\t\t\t\t\t<div class=\"elementor-gallery-item__overlay\"><\/div>\n\t\t\t\t\t\t\t\t\t\t\t\t\t\t<\/a>\n\t\t\t\t\t\t\t<a class=\"e-gallery-item elementor-gallery-item elementor-animated-content\" href=\"https:\/\/egyuttfejlodunk.hu\/wp-content\/uploads\/2026\/06\/903c0985-c6a4-4a90-a1a8-60c009b9e8d5.jpg\" data-elementor-open-lightbox=\"yes\" data-elementor-lightbox-slideshow=\"e670576\" data-e-action-hash=\"#elementor-action%3Aaction%3Dlightbox%26settings%3DeyJpZCI6MTE1MDQsInVybCI6Imh0dHBzOlwvXC9lZ3l1dHRmZWpsb2R1bmsuaHVcL3dwLWNvbnRlbnRcL3VwbG9hZHNcLzIwMjZcLzA2XC85MDNjMDk4NS1jNmE0LTRhOTAtYTFhOC02MGMwMDliOWU4ZDUuanBnIiwic2xpZGVzaG93IjoiZTY3MDU3NiJ9\">\n\t\t\t\t\t<div class=\"e-gallery-image elementor-gallery-item__image\" data-thumbnail=\"https:\/\/egyuttfejlodunk.hu\/wp-content\/uploads\/2026\/06\/903c0985-c6a4-4a90-a1a8-60c009b9e8d5-640x427.jpg\" data-width=\"640\" data-height=\"427\" aria-label=\"\" role=\"img\" ><\/div>\n\t\t\t\t\t\t\t\t\t\t\t<div class=\"elementor-gallery-item__overlay\"><\/div>\n\t\t\t\t\t\t\t\t\t\t\t\t\t\t<\/a>\n\t\t\t\t\t\t\t<a class=\"e-gallery-item elementor-gallery-item elementor-animated-content\" href=\"https:\/\/egyuttfejlodunk.hu\/wp-content\/uploads\/2026\/06\/344d6309-7041-4024-8069-69435a183672.jpg\" data-elementor-open-lightbox=\"yes\" data-elementor-lightbox-slideshow=\"e670576\" data-e-action-hash=\"#elementor-action%3Aaction%3Dlightbox%26settings%3DeyJpZCI6MTE1MDUsInVybCI6Imh0dHBzOlwvXC9lZ3l1dHRmZWpsb2R1bmsuaHVcL3dwLWNvbnRlbnRcL3VwbG9hZHNcLzIwMjZcLzA2XC8zNDRkNjMwOS03MDQxLTQwMjQtODA2OS02OTQzNWExODM2NzIuanBnIiwic2xpZGVzaG93IjoiZTY3MDU3NiJ9\">\n\t\t\t\t\t<div class=\"e-gallery-image elementor-gallery-item__image\" data-thumbnail=\"https:\/\/egyuttfejlodunk.hu\/wp-content\/uploads\/2026\/06\/344d6309-7041-4024-8069-69435a183672-640x427.jpg\" data-width=\"640\" data-height=\"427\" aria-label=\"\" role=\"img\" ><\/div>\n\t\t\t\t\t\t\t\t\t\t\t<div class=\"elementor-gallery-item__overlay\"><\/div>\n\t\t\t\t\t\t\t\t\t\t\t\t\t\t<\/a>\n\t\t\t\t\t\t\t<a class=\"e-gallery-item elementor-gallery-item elementor-animated-content\" href=\"https:\/\/egyuttfejlodunk.hu\/wp-content\/uploads\/2026\/06\/1982509d-c8a0-4343-baf4-066e476463d0.jpg\" data-elementor-open-lightbox=\"yes\" data-elementor-lightbox-slideshow=\"e670576\" data-e-action-hash=\"#elementor-action%3Aaction%3Dlightbox%26settings%3DeyJpZCI6MTE1MDYsInVybCI6Imh0dHBzOlwvXC9lZ3l1dHRmZWpsb2R1bmsuaHVcL3dwLWNvbnRlbnRcL3VwbG9hZHNcLzIwMjZcLzA2XC8xOTgyNTA5ZC1jOGEwLTQzNDMtYmFmNC0wNjZlNDc2NDYzZDAuanBnIiwic2xpZGVzaG93IjoiZTY3MDU3NiJ9\">\n\t\t\t\t\t<div class=\"e-gallery-image elementor-gallery-item__image\" data-thumbnail=\"https:\/\/egyuttfejlodunk.hu\/wp-content\/uploads\/2026\/06\/1982509d-c8a0-4343-baf4-066e476463d0-640x427.jpg\" data-width=\"640\" data-height=\"427\" aria-label=\"\" role=\"img\" ><\/div>\n\t\t\t\t\t\t\t\t\t\t\t<div class=\"elementor-gallery-item__overlay\"><\/div>\n\t\t\t\t\t\t\t\t\t\t\t\t\t\t<\/a>\n\t\t\t\t\t<\/div>\n\t\t\t\t\t<\/div>\n\t\t\t\t\t<\/div>\n\t\t\t\t<\/div>\n\t\t\t\t<\/div>\n\t\t","protected":false},"excerpt":{"rendered":"<p>M\u00e1jus 10-\u00e9n ism\u00e9t ben\u00e9pes\u00fclt a budapesti Szabads\u00e1g t\u00e9r az Eur\u00f3pa-nap alkalm\u00e1b\u00f3l, amely \u00e9vr\u0151l \u00e9vre nemcsak a k\u00f6z\u00f6ss\u00e9gi \u00e9lm\u00e9nyek, hanem az eur\u00f3pai egy\u00fcttm\u0171k\u00f6d\u00e9s eredm\u00e9nyeinek bemutat\u00e1sa szempontj\u00e1b\u00f3l is kiemelt esem\u00e9ny. A rendezv\u00e9ny ez\u00fattal is gazdag programk\u00edn\u00e1lattal v\u00e1rta az \u00e9rdekl\u0151d\u0151ket: a hagyom\u00e1nyos EU-fut\u00f3verseny mellett eg\u00e9sz nap kultur\u00e1lis \u00e9s interakt\u00edv programokkal. A kor\u00e1bbi \u00e9vek gyakorlat\u00e1hoz h\u0171en a Nemzeti Fejleszt\u00e9si K\u00f6zpont (NFK) saj\u00e1t standdal k\u00e9pviselte a hazai fejleszt\u00e9spolitik\u00e1t az esem\u00e9nyen, amely eg\u00e9sz nap jelent\u0151s \u00e9rdekl\u0151d\u00e9s mellett fogadta a l\u00e1togat\u00f3kat. A&#8230;<\/p>\n","protected":false},"author":30,"featured_media":11494,"comment_status":"closed","ping_status":"closed","sticky":false,"template":"","format":"standard","meta":{"_acf_changed":false,"ngg_post_thumbnail":0,"footnotes":""},"categories":[793],"tags":[],"megye":[],"class_list":["post-11493","post","type-post","status-publish","format-standard","has-post-thumbnail","hentry","category-szechenyi-plusz-hirek-hu"],"acf":[],"yoast_head":"<!-- This site is optimized with the Yoast SEO Premium plugin v28.4 (Yoast SEO v28.4) - https:\/\/yoast.com\/product\/yoast-seo-premium-wordpress\/ -->\n<title>Eur\u00f3pa-nap: ahol a k\u00f6z\u00f6ss\u00e9gi \u00e9lm\u00e9ny \u00e9s a fejleszt\u00e9spolitika tal\u00e1lkozik - Egy\u00fctt fejl\u0151d\u00fcnk<\/title>\n<meta name=\"robots\" content=\"noindex, follow, max-snippet:-1, max-image-preview:large, max-video-preview:-1\" \/>\n<meta property=\"og:locale\" content=\"hu_HU\" \/>\n<meta property=\"og:type\" content=\"article\" \/>\n<meta property=\"og:title\" content=\"Eur\u00f3pa-nap: ahol a k\u00f6z\u00f6ss\u00e9gi \u00e9lm\u00e9ny \u00e9s a fejleszt\u00e9spolitika tal\u00e1lkozik\" \/>\n<meta property=\"og:description\" content=\"M\u00e1jus 10-\u00e9n ism\u00e9t ben\u00e9pes\u00fclt a budapesti Szabads\u00e1g t\u00e9r az Eur\u00f3pa-nap alkalm\u00e1b\u00f3l, amely \u00e9vr\u0151l \u00e9vre nemcsak a k\u00f6z\u00f6ss\u00e9gi \u00e9lm\u00e9nyek, hanem az eur\u00f3pai egy\u00fcttm\u0171k\u00f6d\u00e9s eredm\u00e9nyeinek bemutat\u00e1sa szempontj\u00e1b\u00f3l is kiemelt esem\u00e9ny. A rendezv\u00e9ny ez\u00fattal is gazdag programk\u00edn\u00e1lattal v\u00e1rta az \u00e9rdekl\u0151d\u0151ket: a hagyom\u00e1nyos EU-fut\u00f3verseny mellett eg\u00e9sz nap kultur\u00e1lis \u00e9s interakt\u00edv programokkal. A kor\u00e1bbi \u00e9vek gyakorlat\u00e1hoz h\u0171en a Nemzeti Fejleszt\u00e9si K\u00f6zpont (NFK) saj\u00e1t standdal k\u00e9pviselte a hazai fejleszt\u00e9spolitik\u00e1t az esem\u00e9nyen, amely eg\u00e9sz nap jelent\u0151s \u00e9rdekl\u0151d\u00e9s mellett fogadta a l\u00e1togat\u00f3kat. A...\" \/>\n<meta property=\"og:url\" content=\"https:\/\/egyuttfejlodunk.hu\/?p=11493\" \/>\n<meta property=\"og:site_name\" content=\"Egy\u00fctt fejl\u0151d\u00fcnk\" \/>\n<meta property=\"article:published_time\" content=\"2026-05-14T18:13:44+00:00\" \/>\n<meta property=\"article:modified_time\" content=\"2026-06-15T18:19:20+00:00\" \/>\n<meta property=\"og:image\" content=\"https:\/\/egyuttfejlodunk.hu\/wp-content\/uploads\/2026\/06\/890842ac-4378-4037-aada-c3710f46af1b.jpg\" \/>\n\t<meta property=\"og:image:width\" content=\"1920\" \/>\n\t<meta property=\"og:image:height\" content=\"1280\" \/>\n\t<meta property=\"og:image:type\" content=\"image\/jpeg\" \/>\n<meta name=\"author\" content=\"T\u00f3th Ferenc\" \/>\n<meta name=\"twitter:card\" content=\"summary_large_image\" \/>\n<meta name=\"twitter:label1\" content=\"Szerz\u0151:\" \/>\n\t<meta name=\"twitter:data1\" content=\"T\u00f3th Ferenc\" \/>\n\t<meta name=\"twitter:label2\" content=\"Becs\u00fclt olvas\u00e1si id\u0151\" \/>\n\t<meta name=\"twitter:data2\" content=\"2 perc\" \/>\n<script type=\"application\/ld+json\" class=\"yoast-schema-graph\">{\"@context\":\"https:\\\/\\\/schema.org\",\"@graph\":[{\"@type\":\"Article\",\"@id\":\"https:\\\/\\\/egyuttfejlodunk.hu\\\/?p=11493#article\",\"isPartOf\":{\"@id\":\"https:\\\/\\\/egyuttfejlodunk.hu\\\/?p=11493\"},\"author\":{\"name\":\"T\u00f3th Ferenc\",\"@id\":\"https:\\\/\\\/egyuttfejlodunk.hu\\\/#\\\/schema\\\/person\\\/94cc2e6bf0b14e6d5de3d603885ed8c5\"},\"headline\":\"Eur\u00f3pa-nap: ahol a k\u00f6z\u00f6ss\u00e9gi \u00e9lm\u00e9ny \u00e9s a fejleszt\u00e9spolitika tal\u00e1lkozik\",\"datePublished\":\"2026-05-14T18:13:44+00:00\",\"dateModified\":\"2026-06-15T18:19:20+00:00\",\"mainEntityOfPage\":{\"@id\":\"https:\\\/\\\/egyuttfejlodunk.hu\\\/?p=11493\"},\"wordCount\":378,\"publisher\":{\"@id\":\"https:\\\/\\\/egyuttfejlodunk.hu\\\/#organization\"},\"image\":{\"@id\":\"https:\\\/\\\/egyuttfejlodunk.hu\\\/?p=11493#primaryimage\"},\"thumbnailUrl\":\"https:\\\/\\\/egyuttfejlodunk.hu\\\/wp-content\\\/uploads\\\/2026\\\/06\\\/890842ac-4378-4037-aada-c3710f46af1b.jpg\",\"articleSection\":[\"sz\u00e9chenyi plusz h\u00edrek\"],\"inLanguage\":\"hu\"},{\"@type\":\"WebPage\",\"@id\":\"https:\\\/\\\/egyuttfejlodunk.hu\\\/?p=11493\",\"url\":\"https:\\\/\\\/egyuttfejlodunk.hu\\\/?p=11493\",\"name\":\"Eur\u00f3pa-nap: ahol a k\u00f6z\u00f6ss\u00e9gi \u00e9lm\u00e9ny \u00e9s a fejleszt\u00e9spolitika tal\u00e1lkozik - Egy\u00fctt fejl\u0151d\u00fcnk\",\"isPartOf\":{\"@id\":\"https:\\\/\\\/egyuttfejlodunk.hu\\\/#website\"},\"primaryImageOfPage\":{\"@id\":\"https:\\\/\\\/egyuttfejlodunk.hu\\\/?p=11493#primaryimage\"},\"image\":{\"@id\":\"https:\\\/\\\/egyuttfejlodunk.hu\\\/?p=11493#primaryimage\"},\"thumbnailUrl\":\"https:\\\/\\\/egyuttfejlodunk.hu\\\/wp-content\\\/uploads\\\/2026\\\/06\\\/890842ac-4378-4037-aada-c3710f46af1b.jpg\",\"datePublished\":\"2026-05-14T18:13:44+00:00\",\"dateModified\":\"2026-06-15T18:19:20+00:00\",\"breadcrumb\":{\"@id\":\"https:\\\/\\\/egyuttfejlodunk.hu\\\/?p=11493#breadcrumb\"},\"inLanguage\":\"hu\",\"potentialAction\":[{\"@type\":\"ReadAction\",\"target\":[\"https:\\\/\\\/egyuttfejlodunk.hu\\\/?p=11493\"]}]},{\"@type\":\"ImageObject\",\"inLanguage\":\"hu\",\"@id\":\"https:\\\/\\\/egyuttfejlodunk.hu\\\/?p=11493#primaryimage\",\"url\":\"https:\\\/\\\/egyuttfejlodunk.hu\\\/wp-content\\\/uploads\\\/2026\\\/06\\\/890842ac-4378-4037-aada-c3710f46af1b.jpg\",\"contentUrl\":\"https:\\\/\\\/egyuttfejlodunk.hu\\\/wp-content\\\/uploads\\\/2026\\\/06\\\/890842ac-4378-4037-aada-c3710f46af1b.jpg\",\"width\":1920,\"height\":1280},{\"@type\":\"BreadcrumbList\",\"@id\":\"https:\\\/\\\/egyuttfejlodunk.hu\\\/?p=11493#breadcrumb\",\"itemListElement\":[{\"@type\":\"ListItem\",\"position\":1,\"name\":\"Home\",\"item\":\"https:\\\/\\\/egyuttfejlodunk.hu\\\/\"},{\"@type\":\"ListItem\",\"position\":2,\"name\":\"Eur\u00f3pa-nap: ahol a k\u00f6z\u00f6ss\u00e9gi \u00e9lm\u00e9ny \u00e9s a fejleszt\u00e9spolitika tal\u00e1lkozik\"}]},{\"@type\":\"WebSite\",\"@id\":\"https:\\\/\\\/egyuttfejlodunk.hu\\\/#website\",\"url\":\"https:\\\/\\\/egyuttfejlodunk.hu\\\/\",\"name\":\"Egy\u00fctt fejl\u0151d\u00fcnk\",\"description\":\"\",\"publisher\":{\"@id\":\"https:\\\/\\\/egyuttfejlodunk.hu\\\/#organization\"},\"potentialAction\":[{\"@type\":\"SearchAction\",\"target\":{\"@type\":\"EntryPoint\",\"urlTemplate\":\"https:\\\/\\\/egyuttfejlodunk.hu\\\/?s={search_term_string}\"},\"query-input\":{\"@type\":\"PropertyValueSpecification\",\"valueRequired\":true,\"valueName\":\"search_term_string\"}}],\"inLanguage\":\"hu\"},{\"@type\":\"Organization\",\"@id\":\"https:\\\/\\\/egyuttfejlodunk.hu\\\/#organization\",\"name\":\"Egy\u00fctt fejl\u0151d\u00fcnk\",\"url\":\"https:\\\/\\\/egyuttfejlodunk.hu\\\/\",\"logo\":{\"@type\":\"ImageObject\",\"inLanguage\":\"hu\",\"@id\":\"https:\\\/\\\/egyuttfejlodunk.hu\\\/#\\\/schema\\\/logo\\\/image\\\/\",\"url\":\"https:\\\/\\\/egyuttfejlodunk.hu\\\/wp-content\\\/uploads\\\/2026\\\/04\\\/ujlogo.jpg\",\"contentUrl\":\"https:\\\/\\\/egyuttfejlodunk.hu\\\/wp-content\\\/uploads\\\/2026\\\/04\\\/ujlogo.jpg\",\"width\":350,\"height\":110,\"caption\":\"Egy\u00fctt fejl\u0151d\u00fcnk\"},\"image\":{\"@id\":\"https:\\\/\\\/egyuttfejlodunk.hu\\\/#\\\/schema\\\/logo\\\/image\\\/\"}},{\"@type\":\"Person\",\"@id\":\"https:\\\/\\\/egyuttfejlodunk.hu\\\/#\\\/schema\\\/person\\\/94cc2e6bf0b14e6d5de3d603885ed8c5\",\"name\":\"T\u00f3th Ferenc\"}]}<\/script>\n<!-- \/ Yoast SEO Premium plugin. -->","yoast_head_json":{"title":"Eur\u00f3pa-nap: ahol a k\u00f6z\u00f6ss\u00e9gi \u00e9lm\u00e9ny \u00e9s a fejleszt\u00e9spolitika tal\u00e1lkozik - Egy\u00fctt fejl\u0151d\u00fcnk","robots":{"index":"noindex","follow":"follow","max-snippet":"max-snippet:-1","max-image-preview":"max-image-preview:large","max-video-preview":"max-video-preview:-1"},"og_locale":"hu_HU","og_type":"article","og_title":"Eur\u00f3pa-nap: ahol a k\u00f6z\u00f6ss\u00e9gi \u00e9lm\u00e9ny \u00e9s a fejleszt\u00e9spolitika tal\u00e1lkozik","og_description":"M\u00e1jus 10-\u00e9n ism\u00e9t ben\u00e9pes\u00fclt a budapesti Szabads\u00e1g t\u00e9r az Eur\u00f3pa-nap alkalm\u00e1b\u00f3l, amely \u00e9vr\u0151l \u00e9vre nemcsak a k\u00f6z\u00f6ss\u00e9gi \u00e9lm\u00e9nyek, hanem az eur\u00f3pai egy\u00fcttm\u0171k\u00f6d\u00e9s eredm\u00e9nyeinek bemutat\u00e1sa szempontj\u00e1b\u00f3l is kiemelt esem\u00e9ny. A rendezv\u00e9ny ez\u00fattal is gazdag programk\u00edn\u00e1lattal v\u00e1rta az \u00e9rdekl\u0151d\u0151ket: a hagyom\u00e1nyos EU-fut\u00f3verseny mellett eg\u00e9sz nap kultur\u00e1lis \u00e9s interakt\u00edv programokkal. A kor\u00e1bbi \u00e9vek gyakorlat\u00e1hoz h\u0171en a Nemzeti Fejleszt\u00e9si K\u00f6zpont (NFK) saj\u00e1t standdal k\u00e9pviselte a hazai fejleszt\u00e9spolitik\u00e1t az esem\u00e9nyen, amely eg\u00e9sz nap jelent\u0151s \u00e9rdekl\u0151d\u00e9s mellett fogadta a l\u00e1togat\u00f3kat. A...","og_url":"https:\/\/egyuttfejlodunk.hu\/?p=11493","og_site_name":"Egy\u00fctt fejl\u0151d\u00fcnk","article_published_time":"2026-05-14T18:13:44+00:00","article_modified_time":"2026-06-15T18:19:20+00:00","og_image":[{"width":1920,"height":1280,"url":"https:\/\/egyuttfejlodunk.hu\/wp-content\/uploads\/2026\/06\/890842ac-4378-4037-aada-c3710f46af1b.jpg","type":"image\/jpeg"}],"author":"T\u00f3th Ferenc","twitter_card":"summary_large_image","twitter_misc":{"Szerz\u0151:":"T\u00f3th Ferenc","Becs\u00fclt olvas\u00e1si id\u0151":"2 perc"},"schema":{"@context":"https:\/\/schema.org","@graph":[{"@type":"Article","@id":"https:\/\/egyuttfejlodunk.hu\/?p=11493#article","isPartOf":{"@id":"https:\/\/egyuttfejlodunk.hu\/?p=11493"},"author":{"name":"T\u00f3th Ferenc","@id":"https:\/\/egyuttfejlodunk.hu\/#\/schema\/person\/94cc2e6bf0b14e6d5de3d603885ed8c5"},"headline":"Eur\u00f3pa-nap: ahol a k\u00f6z\u00f6ss\u00e9gi \u00e9lm\u00e9ny \u00e9s a fejleszt\u00e9spolitika tal\u00e1lkozik","datePublished":"2026-05-14T18:13:44+00:00","dateModified":"2026-06-15T18:19:20+00:00","mainEntityOfPage":{"@id":"https:\/\/egyuttfejlodunk.hu\/?p=11493"},"wordCount":378,"publisher":{"@id":"https:\/\/egyuttfejlodunk.hu\/#organization"},"image":{"@id":"https:\/\/egyuttfejlodunk.hu\/?p=11493#primaryimage"},"thumbnailUrl":"https:\/\/egyuttfejlodunk.hu\/wp-content\/uploads\/2026\/06\/890842ac-4378-4037-aada-c3710f46af1b.jpg","articleSection":["sz\u00e9chenyi plusz h\u00edrek"],"inLanguage":"hu"},{"@type":"WebPage","@id":"https:\/\/egyuttfejlodunk.hu\/?p=11493","url":"https:\/\/egyuttfejlodunk.hu\/?p=11493","name":"Eur\u00f3pa-nap: ahol a k\u00f6z\u00f6ss\u00e9gi \u00e9lm\u00e9ny \u00e9s a fejleszt\u00e9spolitika tal\u00e1lkozik - Egy\u00fctt fejl\u0151d\u00fcnk","isPartOf":{"@id":"https:\/\/egyuttfejlodunk.hu\/#website"},"primaryImageOfPage":{"@id":"https:\/\/egyuttfejlodunk.hu\/?p=11493#primaryimage"},"image":{"@id":"https:\/\/egyuttfejlodunk.hu\/?p=11493#primaryimage"},"thumbnailUrl":"https:\/\/egyuttfejlodunk.hu\/wp-content\/uploads\/2026\/06\/890842ac-4378-4037-aada-c3710f46af1b.jpg","datePublished":"2026-05-14T18:13:44+00:00","dateModified":"2026-06-15T18:19:20+00:00","breadcrumb":{"@id":"https:\/\/egyuttfejlodunk.hu\/?p=11493#breadcrumb"},"inLanguage":"hu","potentialAction":[{"@type":"ReadAction","target":["https:\/\/egyuttfejlodunk.hu\/?p=11493"]}]},{"@type":"ImageObject","inLanguage":"hu","@id":"https:\/\/egyuttfejlodunk.hu\/?p=11493#primaryimage","url":"https:\/\/egyuttfejlodunk.hu\/wp-content\/uploads\/2026\/06\/890842ac-4378-4037-aada-c3710f46af1b.jpg","contentUrl":"https:\/\/egyuttfejlodunk.hu\/wp-content\/uploads\/2026\/06\/890842ac-4378-4037-aada-c3710f46af1b.jpg","width":1920,"height":1280},{"@type":"BreadcrumbList","@id":"https:\/\/egyuttfejlodunk.hu\/?p=11493#breadcrumb","itemListElement":[{"@type":"ListItem","position":1,"name":"Home","item":"https:\/\/egyuttfejlodunk.hu\/"},{"@type":"ListItem","position":2,"name":"Eur\u00f3pa-nap: ahol a k\u00f6z\u00f6ss\u00e9gi \u00e9lm\u00e9ny \u00e9s a fejleszt\u00e9spolitika tal\u00e1lkozik"}]},{"@type":"WebSite","@id":"https:\/\/egyuttfejlodunk.hu\/#website","url":"https:\/\/egyuttfejlodunk.hu\/","name":"Egy\u00fctt fejl\u0151d\u00fcnk","description":"","publisher":{"@id":"https:\/\/egyuttfejlodunk.hu\/#organization"},"potentialAction":[{"@type":"SearchAction","target":{"@type":"EntryPoint","urlTemplate":"https:\/\/egyuttfejlodunk.hu\/?s={search_term_string}"},"query-input":{"@type":"PropertyValueSpecification","valueRequired":true,"valueName":"search_term_string"}}],"inLanguage":"hu"},{"@type":"Organization","@id":"https:\/\/egyuttfejlodunk.hu\/#organization","name":"Egy\u00fctt fejl\u0151d\u00fcnk","url":"https:\/\/egyuttfejlodunk.hu\/","logo":{"@type":"ImageObject","inLanguage":"hu","@id":"https:\/\/egyuttfejlodunk.hu\/#\/schema\/logo\/image\/","url":"https:\/\/egyuttfejlodunk.hu\/wp-content\/uploads\/2026\/04\/ujlogo.jpg","contentUrl":"https:\/\/egyuttfejlodunk.hu\/wp-content\/uploads\/2026\/04\/ujlogo.jpg","width":350,"height":110,"caption":"Egy\u00fctt fejl\u0151d\u00fcnk"},"image":{"@id":"https:\/\/egyuttfejlodunk.hu\/#\/schema\/logo\/image\/"}},{"@type":"Person","@id":"https:\/\/egyuttfejlodunk.hu\/#\/schema\/person\/94cc2e6bf0b14e6d5de3d603885ed8c5","name":"T\u00f3th Ferenc"}]}},"_links":{"self":[{"href":"https:\/\/egyuttfejlodunk.hu\/index.php?rest_route=\/wp\/v2\/posts\/11493","targetHints":{"allow":["GET"]}}],"collection":[{"href":"https:\/\/egyuttfejlodunk.hu\/index.php?rest_route=\/wp\/v2\/posts"}],"about":[{"href":"https:\/\/egyuttfejlodunk.hu\/index.php?rest_route=\/wp\/v2\/types\/post"}],"author":[{"embeddable":true,"href":"https:\/\/egyuttfejlodunk.hu\/index.php?rest_route=\/wp\/v2\/users\/30"}],"replies":[{"embeddable":true,"href":"https:\/\/egyuttfejlodunk.hu\/index.php?rest_route=%2Fwp%2Fv2%2Fcomments&post=11493"}],"version-history":[{"count":10,"href":"https:\/\/egyuttfejlodunk.hu\/index.php?rest_route=\/wp\/v2\/posts\/11493\/revisions"}],"predecessor-version":[{"id":11512,"href":"https:\/\/egyuttfejlodunk.hu\/index.php?rest_route=\/wp\/v2\/posts\/11493\/revisions\/11512"}],"wp:featuredmedia":[{"embeddable":true,"href":"https:\/\/egyuttfejlodunk.hu\/index.php?rest_route=\/wp\/v2\/media\/11494"}],"wp:attachment":[{"href":"https:\/\/egyuttfejlodunk.hu\/index.php?rest_route=%2Fwp%2Fv2%2Fmedia&parent=11493"}],"wp:term":[{"taxonomy":"category","embeddable":true,"href":"https:\/\/egyuttfejlodunk.hu\/index.php?rest_route=%2Fwp%2Fv2%2Fcategories&post=11493"},{"taxonomy":"post_tag","embeddable":true,"href":"https:\/\/egyuttfejlodunk.hu\/index.php?rest_route=%2Fwp%2Fv2%2Ftags&post=11493"},{"taxonomy":"megye","embeddable":true,"href":"https:\/\/egyuttfejlodunk.hu\/index.php?rest_route=%2Fwp%2Fv2%2Fmegye&post=11493"}],"curies":[{"name":"wp","href":"https:\/\/api.w.org\/{rel}","templated":true}]}}