{"id":11537,"date":"2026-05-18T20:32:33","date_gmt":"2026-05-18T18:32:33","guid":{"rendered":"https:\/\/egyuttfejlodunk.hu\/?p=11537"},"modified":"2026-08-28T09:28:28","modified_gmt":"2026-08-28T07:28:28","slug":"a-hungaro-copter-szuletese-uj-korszakot-nyithat-a-levegoben","status":"publish","type":"post","link":"https:\/\/egyuttfejlodunk.hu\/?p=11537","title":{"rendered":"A Hungaro Copter sz\u00fclet\u00e9se \u00faj korszakot nyithat a leveg\u0151ben"},"content":{"rendered":"<p><strong>Ki g\u00e9pen sz\u00e1ll f\u00f6l\u00e9be, annak t\u00e9rk\u00e9p e t\u00e1j, \u00edrta Radn\u00f3ti Mikl\u00f3s, de aki itt \u00e9l \u00e9s dolgozik, annak a rep\u00fcl\u00e9s nem egy idegen t\u00e1jra val\u00f3 letekint\u00e9st jelent, hanem sokkal ink\u00e1bb egy \u00faj perspekt\u00edv\u00e1t \u00e9s sok esetben sz\u00e1mos \u00faj lehet\u0151s\u00e9get. A magyar fejleszt\u00e9s\u0171 Hungaro Copter t\u00f6rt\u00e9net\u00e9t is ez inspir\u00e1lta, amikor a rep\u00fcl\u00e9s ir\u00e1nti szenved\u00e9lyt\u0151l vez\u00e9relt kitart\u00f3 m\u00e9rn\u00f6ki munka olyan innov\u00e1ci\u00f3ban teljesedett ki, ami \u00faj gondolatokat \u00e9breszt a j\u00f6v\u0151 k\u00f6zleked\u00e9s\u00e9r\u0151l.<\/strong><\/p>\n<p>Jogosan mer\u00fclhet fel ugyanakkor a k\u00e9rd\u00e9s, vajon sz\u00fcks\u00e9ge van-e az emberis\u00e9gnek m\u00e9g t\u00f6bb rep\u00fcl\u00e9sre, m\u00e9g t\u00f6bb leveg\u0151be emelked\u0151 j\u00e1rm\u0171re, mik\u00f6zben a k\u00f6rnyezeti terhel\u00e9s egyre s\u00fcrget\u0151bb probl\u00e9m\u00e1v\u00e1 v\u00e1lik. An\u00e9lk\u00fcl, hogy \u00edt\u00e9letet hirdetn\u00e9nk ebben a mor\u00e1lis \u00e9s fenntarthat\u00f3s\u00e1gi felvet\u00e9sben, az biztosan kijelenthet\u0151, hogy a rep\u00fcl\u00e9s k\u00e9pess\u00e9ge ma m\u00e1r az ember rendelkez\u00e9s\u00e9re \u00e1ll, \u00e9s sz\u00e1mtalan helyzetben val\u00f3ban indokolt haszn\u00e1lni ezt a gyors \u00e9s hat\u00e9kony k\u00f6zleked\u00e9si form\u00e1t. Ha pedig m\u00e1r rep\u00fcl\u00fcnk, akkor \u00e9ppen az jelenti a felel\u0151s hozz\u00e1\u00e1ll\u00e1st, ha ezt a lehet\u0151 legtakar\u00e9kosabban, legbiztons\u00e1gosabban \u00e9s legszer\u00e9nyebb energiaig\u00e9nnyel tessz\u00fck meg.<\/p>\n<p>Tal\u00e1n ez\u00e9rt jelent igaz\u00e1n izgalmas \u00faj\u00edt\u00e1st a STEEL RIDERS Kft. fejleszt\u00e9se, amely az uni\u00f3s p\u00e1ly\u00e1zati t\u00e1mogat\u00e1s seg\u00edts\u00e9g\u00e9vel egy ultrak\u00f6nny\u0171, k\u00e9tszem\u00e9lyes, hibrid meghajt\u00e1s\u00fa helikopter l\u00e9trehoz\u00e1s\u00e1n dolgozott. A hazai kutat\u00e1s-fejleszt\u00e9si \u00e9s innov\u00e1ci\u00f3s tev\u00e9kenys\u00e9g er\u0151s\u00edt\u00e9s\u00e9hez mindenk\u00e9ppen hozz\u00e1j\u00e1rult a projekt, ahogy a c\u00e9g nemzetk\u00f6zi versenyk\u00e9pess\u00e9ge is n\u0151tt a piack\u00e9pes term\u00e9k kifejleszt\u00e9s\u00e9vel.<\/p>\n<p>Elk\u00e9sz\u00fclt ugyanis az ultrak\u00f6nny\u0171 helikopter, amely gy\u00f6keresen m\u00e1s szeml\u00e9letet k\u00e9pvisel, mint a hagyom\u00e1nyos, nagy m\u00e9ret\u0171 forg\u00f3sz\u00e1rnyas g\u00e9pek. Nem luxusj\u00e1rm\u0171nek k\u00e9sz\u00fclt, \u00e9s nem is katonai monstrumnak. Egy k\u00f6nnyen \u00fczemeltethet\u0151, gazdas\u00e1gos, k\u00e9t szem\u00e9ly sz\u00e1ll\u00edt\u00e1s\u00e1ra alkalmas rep\u00fcl\u0151eszk\u00f6zt alkottak meg, amely j\u00f3val kisebb k\u00f6lts\u00e9geket ig\u00e9nyel, mint a nagyobb helikopterek.<\/p>\n<p>A fejleszt\u00e9s egyik legfontosabb \u00faj\u00edt\u00e1sa a hibrid meghajt\u00e1s volt. Ez a rendszer egyfel\u0151l energiatakar\u00e9kosabb m\u0171k\u00f6d\u00e9st tesz lehet\u0151v\u00e9, mik\u00f6zben biztons\u00e1gi tartal\u00e9kot is ad a g\u00e9pnek. A k\u00fcl\u00f6nleges elektromos ment\u0151rendszer sz\u00fcks\u00e9g eset\u00e9n k\u00e9pes arra, hogy \u2013 p\u00e9ld\u00e1ul motorhiba eset\u00e9n \u2013 n\u00e9h\u00e1ny percig \u00f6nmag\u00e1ban biztos\u00edtsa a meghajt\u00e1st, id\u0151t adva ezzel a biztons\u00e1gos lesz\u00e1ll\u00e1sra. Ez a megold\u00e1s igaz\u00e1n \u00fatt\u00f6r\u0151 fejleszt\u00e9snek sz\u00e1m\u00edt.<\/p>\n<p>A STEEL RIDERS Kft. t\u00f6bb mint k\u00e9t \u00e9vtizedes tapasztalattal rendelkezik a prec\u00edzi\u00f3s alkatr\u00e9szgy\u00e1rt\u00e1s ter\u00fclet\u00e9n. A v\u00e1llalkoz\u00e1s kis m\u0171helyk\u00e9nt indult, majd fokozatos fejleszt\u00e9sekkel modern, nagy kapacit\u00e1s\u00fa gy\u00e1rt\u00f3b\u00e1ziss\u00e1 n\u0151tte ki mag\u00e1t. A c\u00e9g f\u0151 profilj\u00e1t a sz\u00e1mos hazai \u00e9s nemzetk\u00f6zi ipari partnernek sz\u00e1ll\u00edtott, CNC-technol\u00f3gi\u00e1val k\u00e9sz\u00fcl\u0151 forg\u00e1csolt alkatr\u00e9szek gy\u00e1rt\u00e1sa jelenti.<\/p>\n<p>A rep\u00fcl\u0151iparral alkatr\u00e9sz-besz\u00e1ll\u00edt\u00f3k\u00e9nt m\u00e1r kor\u00e1bban is kapcsolatba ker\u00fcltek, \u00edgy jelent\u0151s tapasztalatot szereztek a rendk\u00edv\u00fcl szigor\u00fa min\u0151s\u00e9gi k\u00f6vetelm\u00e9nyek ter\u00e9n. A rep\u00fcl\u00e9s ir\u00e1nti lelkesed\u00e9s \u00e9s a magasan k\u00e9pzett szakemberg\u00e1rda egy\u00fcttese ind\u00edtotta el \u0151ket a saj\u00e1t helikopter fejleszt\u00e9s\u00e9hez vezet\u0151 \u00faton. A v\u00e1llalat m\u0171k\u00f6d\u00e9s\u00e9t v\u00e9gig az a szeml\u00e9let hat\u00e1rozta meg, hogy a technol\u00f3giai fejl\u0151d\u00e9s \u00e9s az innov\u00e1ci\u00f3 nem \u00f6nc\u00e9l\u00fa, hanem a min\u0151s\u00e9g \u00e9s a megb\u00edzhat\u00f3s\u00e1g szolg\u00e1lat\u00e1ban \u00e1ll.<\/p>\n<p>A m\u00e9rn\u00f6k\u00f6knek hossz\u00fa utat kellett bej\u00e1rniuk, mire eljutottak az els\u0151 sikeres felsz\u00e1ll\u00e1sig. K\u00fcls\u0151 szak\u00e9rt\u0151k \u00e9s egyetemi partnerek is seg\u00edtett\u00e9k a fejleszt\u00e9st, mik\u00f6zben a csapat folyamatosan finom\u00edtotta a konstrukci\u00f3t. Olyan helikopter akartak megalkotni, amely rep\u00fcl\u00e9si tulajdons\u00e1gaiban, ir\u00e1ny\u00edthat\u00f3s\u00e1g\u00e1ban \u00e9s hat\u00e9konys\u00e1g\u00e1ban is felveheti a versenyt a nemzetk\u00f6zi gy\u00e1rt\u00f3kkal. Felm\u00e9rve a piaci ig\u00e9nyeket, a kezdetekt\u0151l fogva k\u00e9t alt\u00edpus megalkot\u00e1s\u00e1ban gondolkodtak, elt\u00e9r\u0151 teljes\u00edtm\u00e9ny\u0171 motorokkal, a k\u00fcl\u00f6nb\u00f6z\u0151 haszn\u00e1lati szempontoknak megfelelve.<\/p>\n<p>A g\u00e9p val\u00f3ban sokoldal\u00faan felhaszn\u00e1lhat\u00f3. A pil\u00f3tak\u00e9pz\u00e9sben, legyen sz\u00f3 ak\u00e1r polg\u00e1ri, ak\u00e1r katonai oktat\u00e1sr\u00f3l, vagy katasztr\u00f3fav\u00e9delmi feladatokn\u00e1l, term\u00e9szeti k\u00e1rok felm\u00e9r\u00e9s\u00e9ben, a nehezen megk\u00f6zel\u00edthet\u0151 ter\u00fcletek ellen\u0151rz\u00e9s\u00e9ben, de ak\u00e1r seg\u00edthet elt\u0171nt szem\u00e9lyek felkutat\u00e1s\u00e1ban is. Emellett a turizmus sz\u00e1m\u00e1ra is sz\u00e1mos lehet\u0151s\u00e9geket k\u00edn\u00e1l, mint ahogyan a term\u00e9szetfot\u00f3z\u00e1s vagy filmes felv\u00e9telek k\u00e9sz\u00edt\u00e9se sor\u00e1n is ide\u00e1lis eszk\u00f6znek bizonyulhat.<\/p>\n<p>A helikopter t\u00f6bb hazai \u00e9s k\u00fclf\u00f6ldi ki\u00e1ll\u00edt\u00e1son szerepelt, a tesztpil\u00f3t\u00e1k pedig k\u00fcl\u00f6n\u00f6sen kedvez\u0151en nyilatkoztak a g\u00e9p dinamik\u00e1j\u00e1r\u00f3l \u00e9s ir\u00e1ny\u00edthat\u00f3s\u00e1g\u00e1r\u00f3l. A fejleszt\u0151 c\u00e9g jelmondata \u2013 \u201eszenved\u00e9lyb\u0151l innov\u00e1ci\u00f3\u201d \u2013 j\u00f3l \u00f6sszefoglalja a projekt l\u00e9nyeg\u00e9t \u00e9s azt a fejleszt\u00e9si \u00edvet, ami sok \u00e9v elk\u00f6telezett munk\u00e1j\u00e1nak gy\u00fcm\u00f6lcsek\u00e9nt egy val\u00f3di sikeres term\u00e9k megsz\u00fclet\u00e9s\u00e9t eredm\u00e9nyezte.<\/p>\n<p><iframe title=\"Ultrak\u00f6nny\u0171, hibrid meghajt\u00e1s\u00fa, hazai fejleszt\u00e9s\u0171 helikopter\" width=\"1200\" height=\"675\" src=\"https:\/\/www.youtube.com\/embed\/kriHBbN9aLg?feature=oembed\" frameborder=\"0\" allow=\"accelerometer; autoplay; clipboard-write; encrypted-media; gyroscope; picture-in-picture; web-share\" referrerpolicy=\"strict-origin-when-cross-origin\" allowfullscreen><\/iframe><\/p>\n<p>A program a GINOP-2.1.2-8-1-4-16-2017-00191 projekt keret\u00e9ben, eur\u00f3pai uni\u00f3s forr\u00e1s bevon\u00e1s\u00e1val val\u00f3sult meg.<\/p>\n<p>Tov\u00e1bbi r\u00e9szletek a t\u00e1mogatott projekt keres\u0151ben:<a class=\"tovabb\" href=\"https:\/\/www.palyazat.gov.hu\/eredmenyek\/tamogatott-projektek\/1657050201\" target=\"_blank\" rel=\"noopener\">Tov\u00e1bb<\/a><\/p>\n","protected":false},"excerpt":{"rendered":"<p>Ki g\u00e9pen sz\u00e1ll f\u00f6l\u00e9be, annak t\u00e9rk\u00e9p e t\u00e1j, \u00edrta Radn\u00f3ti Mikl\u00f3s, de aki itt \u00e9l \u00e9s dolgozik, annak a rep\u00fcl\u00e9s nem egy idegen t\u00e1jra val\u00f3 letekint\u00e9st jelent, hanem sokkal ink\u00e1bb egy \u00faj perspekt\u00edv\u00e1t \u00e9s sok esetben sz\u00e1mos \u00faj lehet\u0151s\u00e9get. A magyar fejleszt\u00e9s\u0171 Hungaro Copter t\u00f6rt\u00e9net\u00e9t is ez inspir\u00e1lta, amikor a rep\u00fcl\u00e9s ir\u00e1nti szenved\u00e9lyt\u0151l vez\u00e9relt kitart\u00f3 m\u00e9rn\u00f6ki munka olyan innov\u00e1ci\u00f3ban teljesedett ki, ami \u00faj gondolatokat \u00e9breszt a j\u00f6v\u0151 k\u00f6zleked\u00e9s\u00e9r\u0151l. Jogosan mer\u00fclhet fel ugyanakkor a k\u00e9rd\u00e9s, vajon&#8230;<\/p>\n","protected":false},"author":30,"featured_media":11538,"comment_status":"closed","ping_status":"closed","sticky":false,"template":"","format":"standard","meta":{"_acf_changed":false,"ngg_post_thumbnail":0,"footnotes":""},"categories":[157],"tags":[449,288,302],"megye":[1124],"class_list":["post-11537","post","type-post","status-publish","format-standard","has-post-thumbnail","hentry","category-ginop-hu","tag-eszkozfejlesztes","tag-gazdasagfejlesztes-hu","tag-innovacio","megye-heves-megye"],"acf":[],"yoast_head":"<!-- This site is optimized with the Yoast SEO Premium plugin v28.4 (Yoast SEO v28.4) - https:\/\/yoast.com\/product\/yoast-seo-premium-wordpress\/ -->\n<title>A Hungaro Copter sz\u00fclet\u00e9se \u00faj korszakot nyithat a leveg\u0151ben - Egy\u00fctt fejl\u0151d\u00fcnk<\/title>\n<meta name=\"robots\" content=\"noindex, follow, max-snippet:-1, max-image-preview:large, max-video-preview:-1\" \/>\n<meta property=\"og:locale\" content=\"hu_HU\" \/>\n<meta property=\"og:type\" content=\"article\" \/>\n<meta property=\"og:title\" content=\"A Hungaro Copter sz\u00fclet\u00e9se \u00faj korszakot nyithat a leveg\u0151ben\" \/>\n<meta property=\"og:description\" content=\"Ki g\u00e9pen sz\u00e1ll f\u00f6l\u00e9be, annak t\u00e9rk\u00e9p e t\u00e1j, \u00edrta Radn\u00f3ti Mikl\u00f3s, de aki itt \u00e9l \u00e9s dolgozik, annak a rep\u00fcl\u00e9s nem egy idegen t\u00e1jra val\u00f3 letekint\u00e9st jelent, hanem sokkal ink\u00e1bb egy \u00faj perspekt\u00edv\u00e1t \u00e9s sok esetben sz\u00e1mos \u00faj lehet\u0151s\u00e9get. A magyar fejleszt\u00e9s\u0171 Hungaro Copter t\u00f6rt\u00e9net\u00e9t is ez inspir\u00e1lta, amikor a rep\u00fcl\u00e9s ir\u00e1nti szenved\u00e9lyt\u0151l vez\u00e9relt kitart\u00f3 m\u00e9rn\u00f6ki munka olyan innov\u00e1ci\u00f3ban teljesedett ki, ami \u00faj gondolatokat \u00e9breszt a j\u00f6v\u0151 k\u00f6zleked\u00e9s\u00e9r\u0151l. Jogosan mer\u00fclhet fel ugyanakkor a k\u00e9rd\u00e9s, vajon...\" \/>\n<meta property=\"og:url\" content=\"https:\/\/egyuttfejlodunk.hu\/?p=11537\" \/>\n<meta property=\"og:site_name\" content=\"Egy\u00fctt fejl\u0151d\u00fcnk\" \/>\n<meta property=\"article:published_time\" content=\"2026-05-18T18:32:33+00:00\" \/>\n<meta property=\"article:modified_time\" content=\"2026-08-28T07:28:28+00:00\" \/>\n<meta property=\"og:image\" content=\"https:\/\/egyuttfejlodunk.hu\/wp-content\/uploads\/2026\/06\/IMG_7284-1.jpg\" \/>\n\t<meta property=\"og:image:width\" content=\"1920\" \/>\n\t<meta property=\"og:image:height\" content=\"1013\" \/>\n\t<meta property=\"og:image:type\" content=\"image\/jpeg\" \/>\n<meta name=\"author\" content=\"T\u00f3th Ferenc\" \/>\n<meta name=\"twitter:card\" content=\"summary_large_image\" \/>\n<meta name=\"twitter:label1\" content=\"Szerz\u0151:\" \/>\n\t<meta name=\"twitter:data1\" content=\"T\u00f3th Ferenc\" \/>\n\t<meta name=\"twitter:label2\" content=\"Becs\u00fclt olvas\u00e1si id\u0151\" \/>\n\t<meta name=\"twitter:data2\" content=\"4 perc\" \/>\n<script type=\"application\/ld+json\" class=\"yoast-schema-graph\">{\"@context\":\"https:\\\/\\\/schema.org\",\"@graph\":[{\"@type\":\"Article\",\"@id\":\"https:\\\/\\\/egyuttfejlodunk.hu\\\/?p=11537#article\",\"isPartOf\":{\"@id\":\"https:\\\/\\\/egyuttfejlodunk.hu\\\/?p=11537\"},\"author\":{\"name\":\"T\u00f3th Ferenc\",\"@id\":\"https:\\\/\\\/egyuttfejlodunk.hu\\\/#\\\/schema\\\/person\\\/94cc2e6bf0b14e6d5de3d603885ed8c5\"},\"headline\":\"A Hungaro Copter sz\u00fclet\u00e9se \u00faj korszakot nyithat a leveg\u0151ben\",\"datePublished\":\"2026-05-18T18:32:33+00:00\",\"dateModified\":\"2026-08-28T07:28:28+00:00\",\"mainEntityOfPage\":{\"@id\":\"https:\\\/\\\/egyuttfejlodunk.hu\\\/?p=11537\"},\"wordCount\":1055,\"publisher\":{\"@id\":\"https:\\\/\\\/egyuttfejlodunk.hu\\\/#organization\"},\"image\":{\"@id\":\"https:\\\/\\\/egyuttfejlodunk.hu\\\/?p=11537#primaryimage\"},\"thumbnailUrl\":\"https:\\\/\\\/egyuttfejlodunk.hu\\\/wp-content\\\/uploads\\\/2026\\\/06\\\/IMG_7284-1.jpg\",\"keywords\":[\"eszk\u00f6zfejleszt\u00e9s\",\"Gazdas\u00e1gfejleszt\u00e9s\",\"innov\u00e1ci\u00f3\"],\"articleSection\":[\"Ginop\"],\"inLanguage\":\"hu\"},{\"@type\":\"WebPage\",\"@id\":\"https:\\\/\\\/egyuttfejlodunk.hu\\\/?p=11537\",\"url\":\"https:\\\/\\\/egyuttfejlodunk.hu\\\/?p=11537\",\"name\":\"A Hungaro Copter sz\u00fclet\u00e9se \u00faj korszakot nyithat a leveg\u0151ben - Egy\u00fctt fejl\u0151d\u00fcnk\",\"isPartOf\":{\"@id\":\"https:\\\/\\\/egyuttfejlodunk.hu\\\/#website\"},\"primaryImageOfPage\":{\"@id\":\"https:\\\/\\\/egyuttfejlodunk.hu\\\/?p=11537#primaryimage\"},\"image\":{\"@id\":\"https:\\\/\\\/egyuttfejlodunk.hu\\\/?p=11537#primaryimage\"},\"thumbnailUrl\":\"https:\\\/\\\/egyuttfejlodunk.hu\\\/wp-content\\\/uploads\\\/2026\\\/06\\\/IMG_7284-1.jpg\",\"datePublished\":\"2026-05-18T18:32:33+00:00\",\"dateModified\":\"2026-08-28T07:28:28+00:00\",\"breadcrumb\":{\"@id\":\"https:\\\/\\\/egyuttfejlodunk.hu\\\/?p=11537#breadcrumb\"},\"inLanguage\":\"hu\",\"potentialAction\":[{\"@type\":\"ReadAction\",\"target\":[\"https:\\\/\\\/egyuttfejlodunk.hu\\\/?p=11537\"]}]},{\"@type\":\"ImageObject\",\"inLanguage\":\"hu\",\"@id\":\"https:\\\/\\\/egyuttfejlodunk.hu\\\/?p=11537#primaryimage\",\"url\":\"https:\\\/\\\/egyuttfejlodunk.hu\\\/wp-content\\\/uploads\\\/2026\\\/06\\\/IMG_7284-1.jpg\",\"contentUrl\":\"https:\\\/\\\/egyuttfejlodunk.hu\\\/wp-content\\\/uploads\\\/2026\\\/06\\\/IMG_7284-1.jpg\",\"width\":1920,\"height\":1013},{\"@type\":\"BreadcrumbList\",\"@id\":\"https:\\\/\\\/egyuttfejlodunk.hu\\\/?p=11537#breadcrumb\",\"itemListElement\":[{\"@type\":\"ListItem\",\"position\":1,\"name\":\"Home\",\"item\":\"https:\\\/\\\/egyuttfejlodunk.hu\\\/\"},{\"@type\":\"ListItem\",\"position\":2,\"name\":\"A Hungaro Copter sz\u00fclet\u00e9se \u00faj korszakot nyithat a leveg\u0151ben\"}]},{\"@type\":\"WebSite\",\"@id\":\"https:\\\/\\\/egyuttfejlodunk.hu\\\/#website\",\"url\":\"https:\\\/\\\/egyuttfejlodunk.hu\\\/\",\"name\":\"Egy\u00fctt fejl\u0151d\u00fcnk\",\"description\":\"\",\"publisher\":{\"@id\":\"https:\\\/\\\/egyuttfejlodunk.hu\\\/#organization\"},\"potentialAction\":[{\"@type\":\"SearchAction\",\"target\":{\"@type\":\"EntryPoint\",\"urlTemplate\":\"https:\\\/\\\/egyuttfejlodunk.hu\\\/?s={search_term_string}\"},\"query-input\":{\"@type\":\"PropertyValueSpecification\",\"valueRequired\":true,\"valueName\":\"search_term_string\"}}],\"inLanguage\":\"hu\"},{\"@type\":\"Organization\",\"@id\":\"https:\\\/\\\/egyuttfejlodunk.hu\\\/#organization\",\"name\":\"Egy\u00fctt fejl\u0151d\u00fcnk\",\"url\":\"https:\\\/\\\/egyuttfejlodunk.hu\\\/\",\"logo\":{\"@type\":\"ImageObject\",\"inLanguage\":\"hu\",\"@id\":\"https:\\\/\\\/egyuttfejlodunk.hu\\\/#\\\/schema\\\/logo\\\/image\\\/\",\"url\":\"https:\\\/\\\/egyuttfejlodunk.hu\\\/wp-content\\\/uploads\\\/2026\\\/04\\\/ujlogo.jpg\",\"contentUrl\":\"https:\\\/\\\/egyuttfejlodunk.hu\\\/wp-content\\\/uploads\\\/2026\\\/04\\\/ujlogo.jpg\",\"width\":350,\"height\":110,\"caption\":\"Egy\u00fctt fejl\u0151d\u00fcnk\"},\"image\":{\"@id\":\"https:\\\/\\\/egyuttfejlodunk.hu\\\/#\\\/schema\\\/logo\\\/image\\\/\"}},{\"@type\":\"Person\",\"@id\":\"https:\\\/\\\/egyuttfejlodunk.hu\\\/#\\\/schema\\\/person\\\/94cc2e6bf0b14e6d5de3d603885ed8c5\",\"name\":\"T\u00f3th Ferenc\"}]}<\/script>\n<!-- \/ Yoast SEO Premium plugin. -->","yoast_head_json":{"title":"A Hungaro Copter sz\u00fclet\u00e9se \u00faj korszakot nyithat a leveg\u0151ben - Egy\u00fctt fejl\u0151d\u00fcnk","robots":{"index":"noindex","follow":"follow","max-snippet":"max-snippet:-1","max-image-preview":"max-image-preview:large","max-video-preview":"max-video-preview:-1"},"og_locale":"hu_HU","og_type":"article","og_title":"A Hungaro Copter sz\u00fclet\u00e9se \u00faj korszakot nyithat a leveg\u0151ben","og_description":"Ki g\u00e9pen sz\u00e1ll f\u00f6l\u00e9be, annak t\u00e9rk\u00e9p e t\u00e1j, \u00edrta Radn\u00f3ti Mikl\u00f3s, de aki itt \u00e9l \u00e9s dolgozik, annak a rep\u00fcl\u00e9s nem egy idegen t\u00e1jra val\u00f3 letekint\u00e9st jelent, hanem sokkal ink\u00e1bb egy \u00faj perspekt\u00edv\u00e1t \u00e9s sok esetben sz\u00e1mos \u00faj lehet\u0151s\u00e9get. A magyar fejleszt\u00e9s\u0171 Hungaro Copter t\u00f6rt\u00e9net\u00e9t is ez inspir\u00e1lta, amikor a rep\u00fcl\u00e9s ir\u00e1nti szenved\u00e9lyt\u0151l vez\u00e9relt kitart\u00f3 m\u00e9rn\u00f6ki munka olyan innov\u00e1ci\u00f3ban teljesedett ki, ami \u00faj gondolatokat \u00e9breszt a j\u00f6v\u0151 k\u00f6zleked\u00e9s\u00e9r\u0151l. Jogosan mer\u00fclhet fel ugyanakkor a k\u00e9rd\u00e9s, vajon...","og_url":"https:\/\/egyuttfejlodunk.hu\/?p=11537","og_site_name":"Egy\u00fctt fejl\u0151d\u00fcnk","article_published_time":"2026-05-18T18:32:33+00:00","article_modified_time":"2026-08-28T07:28:28+00:00","og_image":[{"width":1920,"height":1013,"url":"https:\/\/egyuttfejlodunk.hu\/wp-content\/uploads\/2026\/06\/IMG_7284-1.jpg","type":"image\/jpeg"}],"author":"T\u00f3th Ferenc","twitter_card":"summary_large_image","twitter_misc":{"Szerz\u0151:":"T\u00f3th Ferenc","Becs\u00fclt olvas\u00e1si id\u0151":"4 perc"},"schema":{"@context":"https:\/\/schema.org","@graph":[{"@type":"Article","@id":"https:\/\/egyuttfejlodunk.hu\/?p=11537#article","isPartOf":{"@id":"https:\/\/egyuttfejlodunk.hu\/?p=11537"},"author":{"name":"T\u00f3th Ferenc","@id":"https:\/\/egyuttfejlodunk.hu\/#\/schema\/person\/94cc2e6bf0b14e6d5de3d603885ed8c5"},"headline":"A Hungaro Copter sz\u00fclet\u00e9se \u00faj korszakot nyithat a leveg\u0151ben","datePublished":"2026-05-18T18:32:33+00:00","dateModified":"2026-08-28T07:28:28+00:00","mainEntityOfPage":{"@id":"https:\/\/egyuttfejlodunk.hu\/?p=11537"},"wordCount":1055,"publisher":{"@id":"https:\/\/egyuttfejlodunk.hu\/#organization"},"image":{"@id":"https:\/\/egyuttfejlodunk.hu\/?p=11537#primaryimage"},"thumbnailUrl":"https:\/\/egyuttfejlodunk.hu\/wp-content\/uploads\/2026\/06\/IMG_7284-1.jpg","keywords":["eszk\u00f6zfejleszt\u00e9s","Gazdas\u00e1gfejleszt\u00e9s","innov\u00e1ci\u00f3"],"articleSection":["Ginop"],"inLanguage":"hu"},{"@type":"WebPage","@id":"https:\/\/egyuttfejlodunk.hu\/?p=11537","url":"https:\/\/egyuttfejlodunk.hu\/?p=11537","name":"A Hungaro Copter sz\u00fclet\u00e9se \u00faj korszakot nyithat a leveg\u0151ben - Egy\u00fctt fejl\u0151d\u00fcnk","isPartOf":{"@id":"https:\/\/egyuttfejlodunk.hu\/#website"},"primaryImageOfPage":{"@id":"https:\/\/egyuttfejlodunk.hu\/?p=11537#primaryimage"},"image":{"@id":"https:\/\/egyuttfejlodunk.hu\/?p=11537#primaryimage"},"thumbnailUrl":"https:\/\/egyuttfejlodunk.hu\/wp-content\/uploads\/2026\/06\/IMG_7284-1.jpg","datePublished":"2026-05-18T18:32:33+00:00","dateModified":"2026-08-28T07:28:28+00:00","breadcrumb":{"@id":"https:\/\/egyuttfejlodunk.hu\/?p=11537#breadcrumb"},"inLanguage":"hu","potentialAction":[{"@type":"ReadAction","target":["https:\/\/egyuttfejlodunk.hu\/?p=11537"]}]},{"@type":"ImageObject","inLanguage":"hu","@id":"https:\/\/egyuttfejlodunk.hu\/?p=11537#primaryimage","url":"https:\/\/egyuttfejlodunk.hu\/wp-content\/uploads\/2026\/06\/IMG_7284-1.jpg","contentUrl":"https:\/\/egyuttfejlodunk.hu\/wp-content\/uploads\/2026\/06\/IMG_7284-1.jpg","width":1920,"height":1013},{"@type":"BreadcrumbList","@id":"https:\/\/egyuttfejlodunk.hu\/?p=11537#breadcrumb","itemListElement":[{"@type":"ListItem","position":1,"name":"Home","item":"https:\/\/egyuttfejlodunk.hu\/"},{"@type":"ListItem","position":2,"name":"A Hungaro Copter sz\u00fclet\u00e9se \u00faj korszakot nyithat a leveg\u0151ben"}]},{"@type":"WebSite","@id":"https:\/\/egyuttfejlodunk.hu\/#website","url":"https:\/\/egyuttfejlodunk.hu\/","name":"Egy\u00fctt fejl\u0151d\u00fcnk","description":"","publisher":{"@id":"https:\/\/egyuttfejlodunk.hu\/#organization"},"potentialAction":[{"@type":"SearchAction","target":{"@type":"EntryPoint","urlTemplate":"https:\/\/egyuttfejlodunk.hu\/?s={search_term_string}"},"query-input":{"@type":"PropertyValueSpecification","valueRequired":true,"valueName":"search_term_string"}}],"inLanguage":"hu"},{"@type":"Organization","@id":"https:\/\/egyuttfejlodunk.hu\/#organization","name":"Egy\u00fctt fejl\u0151d\u00fcnk","url":"https:\/\/egyuttfejlodunk.hu\/","logo":{"@type":"ImageObject","inLanguage":"hu","@id":"https:\/\/egyuttfejlodunk.hu\/#\/schema\/logo\/image\/","url":"https:\/\/egyuttfejlodunk.hu\/wp-content\/uploads\/2026\/04\/ujlogo.jpg","contentUrl":"https:\/\/egyuttfejlodunk.hu\/wp-content\/uploads\/2026\/04\/ujlogo.jpg","width":350,"height":110,"caption":"Egy\u00fctt fejl\u0151d\u00fcnk"},"image":{"@id":"https:\/\/egyuttfejlodunk.hu\/#\/schema\/logo\/image\/"}},{"@type":"Person","@id":"https:\/\/egyuttfejlodunk.hu\/#\/schema\/person\/94cc2e6bf0b14e6d5de3d603885ed8c5","name":"T\u00f3th Ferenc"}]}},"_links":{"self":[{"href":"https:\/\/egyuttfejlodunk.hu\/index.php?rest_route=\/wp\/v2\/posts\/11537","targetHints":{"allow":["GET"]}}],"collection":[{"href":"https:\/\/egyuttfejlodunk.hu\/index.php?rest_route=\/wp\/v2\/posts"}],"about":[{"href":"https:\/\/egyuttfejlodunk.hu\/index.php?rest_route=\/wp\/v2\/types\/post"}],"author":[{"embeddable":true,"href":"https:\/\/egyuttfejlodunk.hu\/index.php?rest_route=\/wp\/v2\/users\/30"}],"replies":[{"embeddable":true,"href":"https:\/\/egyuttfejlodunk.hu\/index.php?rest_route=%2Fwp%2Fv2%2Fcomments&post=11537"}],"version-history":[{"count":1,"href":"https:\/\/egyuttfejlodunk.hu\/index.php?rest_route=\/wp\/v2\/posts\/11537\/revisions"}],"predecessor-version":[{"id":11539,"href":"https:\/\/egyuttfejlodunk.hu\/index.php?rest_route=\/wp\/v2\/posts\/11537\/revisions\/11539"}],"wp:featuredmedia":[{"embeddable":true,"href":"https:\/\/egyuttfejlodunk.hu\/index.php?rest_route=\/wp\/v2\/media\/11538"}],"wp:attachment":[{"href":"https:\/\/egyuttfejlodunk.hu\/index.php?rest_route=%2Fwp%2Fv2%2Fmedia&parent=11537"}],"wp:term":[{"taxonomy":"category","embeddable":true,"href":"https:\/\/egyuttfejlodunk.hu\/index.php?rest_route=%2Fwp%2Fv2%2Fcategories&post=11537"},{"taxonomy":"post_tag","embeddable":true,"href":"https:\/\/egyuttfejlodunk.hu\/index.php?rest_route=%2Fwp%2Fv2%2Ftags&post=11537"},{"taxonomy":"megye","embeddable":true,"href":"https:\/\/egyuttfejlodunk.hu\/index.php?rest_route=%2Fwp%2Fv2%2Fmegye&post=11537"}],"curies":[{"name":"wp","href":"https:\/\/api.w.org\/{rel}","templated":true}]}}