{"id":11543,"date":"2026-05-19T20:35:12","date_gmt":"2026-05-19T18:35:12","guid":{"rendered":"https:\/\/egyuttfejlodunk.hu\/?p=11543"},"modified":"2026-06-15T20:36:23","modified_gmt":"2026-06-15T18:36:23","slug":"piller-korkep-ilyen-a-fenntarthato-elheto-varosfejlesztes","status":"publish","type":"post","link":"https:\/\/egyuttfejlodunk.hu\/?p=11543","title":{"rendered":"Pill\u00e9r k\u00f6rk\u00e9p: ilyen a fenntarthat\u00f3, \u00e9lhet\u0151 v\u00e1rosfejleszt\u00e9s"},"content":{"rendered":"<p><b>H\u00edroldalunk rendszeresen besz\u00e1mol azokr\u00f3l az eur\u00f3pai uni\u00f3s t\u00e1rsfinansz\u00edroz\u00e1s\u00fa projektekr\u0151l, amelyek a Ter\u00fclet- \u00e9s Telep\u00fcl\u00e9sfejleszt\u00e9si Operat\u00edv Program Plusz (TOP Plusz) keret\u00e9ben jelent\u0151sen hozz\u00e1j\u00e1rulnak hazai telep\u00fcl\u00e9sek fejl\u0151d\u00e9s\u00e9hez.<\/b><\/p>\n<p>Ez\u00fattal olyan kezdem\u00e9nyez\u00e9seket v\u00e1logattunk \u00f6ssze, amelyek a <em>Fenntarthat\u00f3 v\u00e1rosfejleszt\u00e9s<\/em> <a href=\"https:\/\/www.palyazat.gov.hu\/informacio\/pillerek\" rel=\"noopener noreferrer nofollow\">Pill\u00e9r<\/a> ter\u00fclethez kapcsol\u00f3dnak.<\/p>\n<p>A kl\u00edmav\u00e1ltoz\u00e1s \u00e9s az egyre sz\u00e9ls\u0151s\u00e9gesebb id\u0151j\u00e1r\u00e1si jelens\u00e9gek miatt t\u00f6bb v\u00e1rosban is el\u0151t\u00e9rbe ker\u00fcltek a v\u00edzgazd\u00e1lkod\u00e1si fejleszt\u00e9sek. Baja Megyei Jog\u00fa V\u00e1ros \u00d6nkorm\u00e1nyzata mintegy 80 milli\u00f3 forint t\u00e1mogat\u00e1sb\u00f3l k\u00e9sz\u00edtette el strat\u00e9giai terveit, azon bel\u00fcl integr\u00e1lt v\u00edzgazd\u00e1lkod\u00e1si terv\u00e9t. A dokumentum a v\u00edzell\u00e1t\u00e1s, a szennyv\u00edzkezel\u00e9s \u00e9s a csapad\u00e9kv\u00edz-elvezet\u00e9s ter\u00fclet\u00e9n felt\u00e1rt probl\u00e9m\u00e1kra k\u00edn\u00e1l fejleszt\u00e9si ir\u00e1nyokat. A tervek k\u00f6z\u00f6tt szerepel az el\u00f6regedett iv\u00f3v\u00edz- \u00e9s csatornah\u00e1l\u00f3zatok fel\u00faj\u00edt\u00e1sa, v\u00edztermel\u0151 kutak rekonstrukci\u00f3ja \u00e9s energiahat\u00e9konys\u00e1guk jav\u00edt\u00e1sa, valamint a szennyv\u00edztiszt\u00edt\u00f3 telep korszer\u0171s\u00edt\u00e9se meg\u00fajul\u00f3 energia bevon\u00e1s\u00e1val. A koncepci\u00f3 a k\u00e9s\u0151bbi beruh\u00e1z\u00e1sok el\u0151k\u00e9sz\u00edt\u00e9s\u00e9t szolg\u00e1lja.<\/p>\n<p>Hasonl\u00f3an hangs\u00falyos szerepet kap a v\u00edzmegtart\u00e1s \u00e9s a csapad\u00e9kv\u00edz kezel\u00e9se B\u00e9k\u00e9scsab\u00e1n is, ahol a TOP Plusz keret\u00e9ben 800 milli\u00f3 forintos t\u00e1mogat\u00e1sb\u00f3l fejlesztik a v\u00edzelvezet\u0151 rendszereket. A projekt c\u00e9lja, hogy a hirtelen lehull\u00f3 nagy mennyis\u00e9g\u0171 csapad\u00e9k ne okozzon k\u00e1rokat a v\u00e1rosban, mik\u00f6zben a fejleszt\u00e9sek a v\u00edz helyben tart\u00e1s\u00e1t is seg\u00edtik majd. A beruh\u00e1z\u00e1s r\u00e9szek\u00e9nt \u00faj v\u00edzelvezet\u0151 rendszereket \u00e9p\u00edtenek \u00e9s megl\u00e9v\u0151 h\u00e1l\u00f3zatokat \u00faj\u00edtanak fel, emellett egy z\u00e1port\u00e1roz\u00f3t is korszer\u0171s\u00edtenek.<\/p>\n<p>A fenntarthat\u00f3 v\u00e1rosfejleszt\u00e9s azonban nemcsak az infrastrukt\u00far\u00e1r\u00f3l sz\u00f3l, hanem az \u00e9lhet\u0151bb v\u00e1rosi k\u00f6rnyezetr\u0151l is: Bonyh\u00e1don k\u00f6zel 455 milli\u00f3 forint t\u00e1mogat\u00e1sb\u00f3l n\u00e9gy fejleszt\u00e9s val\u00f3sul meg. A program r\u00e9sze a R\u00e1k\u00f3czi utcai csapad\u00e9kv\u00edz-elvezet\u00e9s rendez\u00e9se, a Majosra vezet\u0151 ker\u00e9kp\u00e1r\u00fat fel\u00faj\u00edt\u00e1sa, egy ker\u00e9kp\u00e1ros pumpap\u00e1lya kialak\u00edt\u00e1sa a Csal\u00e1di Pihen\u0151park mellett, valamint egy \u00faj parkol\u00f3 \u00e9p\u00edt\u00e9se a Korm\u00e1nyhivatal m\u00f6g\u00f6tt. A beruh\u00e1z\u00e1sok c\u00e9lja a k\u00f6zleked\u00e9si infrastrukt\u00fara fejleszt\u00e9se \u00e9s a v\u00e1rosi k\u00f6zterek funkcionalit\u00e1s\u00e1nak jav\u00edt\u00e1sa.<\/p>\n<p>T\u00e1rsadalmi szempontb\u00f3l is fontos fejleszt\u00e9s indul Egerben: a v\u00e1ros t\u00f6bb mint 180 milli\u00f3 forintot nyert el olyan komplex programokra, amelyek a h\u00e1tr\u00e1nyos helyzet\u0171 v\u00e1rosr\u00e9szek lak\u00f3inak \u00e9letmin\u0151s\u00e9g\u00e9t jav\u00edtj\u00e1k. A fejleszt\u00e9sek els\u0151sorban a Szala v\u00e1rosr\u00e9szt \u00e9rintik, ahol k\u00f6z\u00f6ss\u00e9gi, oktat\u00e1si \u00e9s szoci\u00e1lis programok seg\u00edtik majd az ott \u00e9l\u0151ket. A projekt keret\u00e9ben munkav\u00e1llal\u00e1st t\u00e1mogat\u00f3 szolg\u00e1ltat\u00e1sok, tanul\u00e1si \u00e9s felz\u00e1rk\u00f3ztat\u00e1si programok, eg\u00e9szs\u00e9g\u00fcgyi sz\u0171r\u00e9sek \u00e9s folyamatos szoci\u00e1lis munka is megval\u00f3sul.<\/p>\n<p>A k\u00f6z\u00f6ss\u00e9gi \u00e9let meger\u0151s\u00edt\u00e9s\u00e9re f\u00f3kusz\u00e1l H\u00f3dmez\u0151v\u00e1s\u00e1rhely 150 milli\u00f3 forintos t\u00e1mogat\u00e1ssal megval\u00f3sul\u00f3 programja is. A kezdem\u00e9nyez\u00e9s c\u00e9lja, hogy a helyi k\u00f6z\u00f6ss\u00e9geket er\u0151s\u00edtse \u00e9s a fiatalok sz\u00e1m\u00e1ra \u00faj lehet\u0151s\u00e9geket teremtsen. A projektben ifj\u00fas\u00e1gi programok indulnak, mik\u00f6zben a v\u00e1ros kultur\u00e1lis k\u00f6z\u00f6ss\u00e9gi \u00e9let\u00e9nek fejleszt\u00e9se is hangs\u00falyos szerepet kap. A fejleszt\u00e9sek H\u00f3dmez\u0151v\u00e1s\u00e1rhely teljes k\u00f6zigazgat\u00e1si ter\u00fclet\u00e9t \u00e9rintik: a belv\u00e1ros mellett t\u00f6bb v\u00e1rosr\u00e9szben, k\u00f6zt\u00fck Tab\u00e1nban, Sus\u00e1nban, Tarj\u00e1nban, \u00dajv\u00e1roson \u00e9s Batid\u00e1n is megjelennek majd a programok.<\/p>\n<p>A fejleszt\u00e9sek k\u00f6z\u00f6s \u00fczenete, hogy a telep\u00fcl\u00e9sek hossz\u00fa t\u00e1vra terveznek: egyszerre jav\u00edtj\u00e1k az infrastrukt\u00far\u00e1t, er\u0151s\u00edtik a k\u00f6z\u00f6ss\u00e9geket \u00e9s k\u00e9sz\u00fclnek fel a j\u00f6v\u0151 kih\u00edv\u00e1saira.<\/p>\n","protected":false},"excerpt":{"rendered":"<p>H\u00edroldalunk rendszeresen besz\u00e1mol azokr\u00f3l az eur\u00f3pai uni\u00f3s t\u00e1rsfinansz\u00edroz\u00e1s\u00fa projektekr\u0151l, amelyek a Ter\u00fclet- \u00e9s Telep\u00fcl\u00e9sfejleszt\u00e9si Operat\u00edv Program Plusz (TOP Plusz) keret\u00e9ben jelent\u0151sen hozz\u00e1j\u00e1rulnak hazai telep\u00fcl\u00e9sek fejl\u0151d\u00e9s\u00e9hez. Ez\u00fattal olyan kezdem\u00e9nyez\u00e9seket v\u00e1logattunk \u00f6ssze, amelyek a Fenntarthat\u00f3 v\u00e1rosfejleszt\u00e9s Pill\u00e9r ter\u00fclethez kapcsol\u00f3dnak. A kl\u00edmav\u00e1ltoz\u00e1s \u00e9s az egyre sz\u00e9ls\u0151s\u00e9gesebb id\u0151j\u00e1r\u00e1si jelens\u00e9gek miatt t\u00f6bb v\u00e1rosban is el\u0151t\u00e9rbe ker\u00fcltek a v\u00edzgazd\u00e1lkod\u00e1si fejleszt\u00e9sek. Baja Megyei Jog\u00fa V\u00e1ros \u00d6nkorm\u00e1nyzata mintegy 80 milli\u00f3 forint t\u00e1mogat\u00e1sb\u00f3l k\u00e9sz\u00edtette el strat\u00e9giai terveit, azon bel\u00fcl integr\u00e1lt v\u00edzgazd\u00e1lkod\u00e1si terv\u00e9t. A dokumentum&#8230;<\/p>\n","protected":false},"author":30,"featured_media":11544,"comment_status":"closed","ping_status":"closed","sticky":false,"template":"","format":"standard","meta":{"_acf_changed":false,"ngg_post_thumbnail":0,"footnotes":""},"categories":[795],"tags":[],"megye":[],"class_list":["post-11543","post","type-post","status-publish","format-standard","has-post-thumbnail","hentry","category-szechenyi-plusz-piller-hu"],"acf":[],"yoast_head":"<!-- This site is optimized with the Yoast SEO Premium plugin v28.4 (Yoast SEO v28.4) - https:\/\/yoast.com\/product\/yoast-seo-premium-wordpress\/ -->\n<title>Pill\u00e9r k\u00f6rk\u00e9p: ilyen a fenntarthat\u00f3, \u00e9lhet\u0151 v\u00e1rosfejleszt\u00e9s - Egy\u00fctt fejl\u0151d\u00fcnk<\/title>\n<meta name=\"robots\" content=\"noindex, follow, max-snippet:-1, max-image-preview:large, max-video-preview:-1\" \/>\n<meta property=\"og:locale\" content=\"hu_HU\" \/>\n<meta property=\"og:type\" content=\"article\" \/>\n<meta property=\"og:title\" content=\"Pill\u00e9r k\u00f6rk\u00e9p: ilyen a fenntarthat\u00f3, \u00e9lhet\u0151 v\u00e1rosfejleszt\u00e9s\" \/>\n<meta property=\"og:description\" content=\"H\u00edroldalunk rendszeresen besz\u00e1mol azokr\u00f3l az eur\u00f3pai uni\u00f3s t\u00e1rsfinansz\u00edroz\u00e1s\u00fa projektekr\u0151l, amelyek a Ter\u00fclet- \u00e9s Telep\u00fcl\u00e9sfejleszt\u00e9si Operat\u00edv Program Plusz (TOP Plusz) keret\u00e9ben jelent\u0151sen hozz\u00e1j\u00e1rulnak hazai telep\u00fcl\u00e9sek fejl\u0151d\u00e9s\u00e9hez. Ez\u00fattal olyan kezdem\u00e9nyez\u00e9seket v\u00e1logattunk \u00f6ssze, amelyek a Fenntarthat\u00f3 v\u00e1rosfejleszt\u00e9s Pill\u00e9r ter\u00fclethez kapcsol\u00f3dnak. A kl\u00edmav\u00e1ltoz\u00e1s \u00e9s az egyre sz\u00e9ls\u0151s\u00e9gesebb id\u0151j\u00e1r\u00e1si jelens\u00e9gek miatt t\u00f6bb v\u00e1rosban is el\u0151t\u00e9rbe ker\u00fcltek a v\u00edzgazd\u00e1lkod\u00e1si fejleszt\u00e9sek. Baja Megyei Jog\u00fa V\u00e1ros \u00d6nkorm\u00e1nyzata mintegy 80 milli\u00f3 forint t\u00e1mogat\u00e1sb\u00f3l k\u00e9sz\u00edtette el strat\u00e9giai terveit, azon bel\u00fcl integr\u00e1lt v\u00edzgazd\u00e1lkod\u00e1si terv\u00e9t. A dokumentum...\" \/>\n<meta property=\"og:url\" content=\"https:\/\/egyuttfejlodunk.hu\/?p=11543\" \/>\n<meta property=\"og:site_name\" content=\"Egy\u00fctt fejl\u0151d\u00fcnk\" \/>\n<meta property=\"article:published_time\" content=\"2026-05-19T18:35:12+00:00\" \/>\n<meta property=\"article:modified_time\" content=\"2026-06-15T18:36:23+00:00\" \/>\n<meta property=\"og:image\" content=\"https:\/\/egyuttfejlodunk.hu\/wp-content\/uploads\/2026\/06\/shutterstock_2497171411-1.jpg\" \/>\n\t<meta property=\"og:image:width\" content=\"1000\" \/>\n\t<meta property=\"og:image:height\" content=\"512\" \/>\n\t<meta property=\"og:image:type\" content=\"image\/jpeg\" \/>\n<meta name=\"author\" content=\"T\u00f3th Ferenc\" \/>\n<meta name=\"twitter:card\" content=\"summary_large_image\" \/>\n<meta name=\"twitter:label1\" content=\"Szerz\u0151:\" \/>\n\t<meta name=\"twitter:data1\" content=\"T\u00f3th Ferenc\" \/>\n\t<meta name=\"twitter:label2\" content=\"Becs\u00fclt olvas\u00e1si id\u0151\" \/>\n\t<meta name=\"twitter:data2\" content=\"3 perc\" \/>\n<script type=\"application\/ld+json\" class=\"yoast-schema-graph\">{\"@context\":\"https:\\\/\\\/schema.org\",\"@graph\":[{\"@type\":\"Article\",\"@id\":\"https:\\\/\\\/egyuttfejlodunk.hu\\\/?p=11543#article\",\"isPartOf\":{\"@id\":\"https:\\\/\\\/egyuttfejlodunk.hu\\\/?p=11543\"},\"author\":{\"name\":\"T\u00f3th Ferenc\",\"@id\":\"https:\\\/\\\/egyuttfejlodunk.hu\\\/#\\\/schema\\\/person\\\/94cc2e6bf0b14e6d5de3d603885ed8c5\"},\"headline\":\"Pill\u00e9r k\u00f6rk\u00e9p: ilyen a fenntarthat\u00f3, \u00e9lhet\u0151 v\u00e1rosfejleszt\u00e9s\",\"datePublished\":\"2026-05-19T18:35:12+00:00\",\"dateModified\":\"2026-06-15T18:36:23+00:00\",\"mainEntityOfPage\":{\"@id\":\"https:\\\/\\\/egyuttfejlodunk.hu\\\/?p=11543\"},\"wordCount\":748,\"publisher\":{\"@id\":\"https:\\\/\\\/egyuttfejlodunk.hu\\\/#organization\"},\"image\":{\"@id\":\"https:\\\/\\\/egyuttfejlodunk.hu\\\/?p=11543#primaryimage\"},\"thumbnailUrl\":\"https:\\\/\\\/egyuttfejlodunk.hu\\\/wp-content\\\/uploads\\\/2026\\\/06\\\/shutterstock_2497171411-1.jpg\",\"articleSection\":[\"sz\u00e9chenyi plusz pill\u00e9r\"],\"inLanguage\":\"hu\"},{\"@type\":\"WebPage\",\"@id\":\"https:\\\/\\\/egyuttfejlodunk.hu\\\/?p=11543\",\"url\":\"https:\\\/\\\/egyuttfejlodunk.hu\\\/?p=11543\",\"name\":\"Pill\u00e9r k\u00f6rk\u00e9p: ilyen a fenntarthat\u00f3, \u00e9lhet\u0151 v\u00e1rosfejleszt\u00e9s - Egy\u00fctt fejl\u0151d\u00fcnk\",\"isPartOf\":{\"@id\":\"https:\\\/\\\/egyuttfejlodunk.hu\\\/#website\"},\"primaryImageOfPage\":{\"@id\":\"https:\\\/\\\/egyuttfejlodunk.hu\\\/?p=11543#primaryimage\"},\"image\":{\"@id\":\"https:\\\/\\\/egyuttfejlodunk.hu\\\/?p=11543#primaryimage\"},\"thumbnailUrl\":\"https:\\\/\\\/egyuttfejlodunk.hu\\\/wp-content\\\/uploads\\\/2026\\\/06\\\/shutterstock_2497171411-1.jpg\",\"datePublished\":\"2026-05-19T18:35:12+00:00\",\"dateModified\":\"2026-06-15T18:36:23+00:00\",\"breadcrumb\":{\"@id\":\"https:\\\/\\\/egyuttfejlodunk.hu\\\/?p=11543#breadcrumb\"},\"inLanguage\":\"hu\",\"potentialAction\":[{\"@type\":\"ReadAction\",\"target\":[\"https:\\\/\\\/egyuttfejlodunk.hu\\\/?p=11543\"]}]},{\"@type\":\"ImageObject\",\"inLanguage\":\"hu\",\"@id\":\"https:\\\/\\\/egyuttfejlodunk.hu\\\/?p=11543#primaryimage\",\"url\":\"https:\\\/\\\/egyuttfejlodunk.hu\\\/wp-content\\\/uploads\\\/2026\\\/06\\\/shutterstock_2497171411-1.jpg\",\"contentUrl\":\"https:\\\/\\\/egyuttfejlodunk.hu\\\/wp-content\\\/uploads\\\/2026\\\/06\\\/shutterstock_2497171411-1.jpg\",\"width\":1000,\"height\":512},{\"@type\":\"BreadcrumbList\",\"@id\":\"https:\\\/\\\/egyuttfejlodunk.hu\\\/?p=11543#breadcrumb\",\"itemListElement\":[{\"@type\":\"ListItem\",\"position\":1,\"name\":\"Home\",\"item\":\"https:\\\/\\\/egyuttfejlodunk.hu\\\/\"},{\"@type\":\"ListItem\",\"position\":2,\"name\":\"Pill\u00e9r k\u00f6rk\u00e9p: ilyen a fenntarthat\u00f3, \u00e9lhet\u0151 v\u00e1rosfejleszt\u00e9s\"}]},{\"@type\":\"WebSite\",\"@id\":\"https:\\\/\\\/egyuttfejlodunk.hu\\\/#website\",\"url\":\"https:\\\/\\\/egyuttfejlodunk.hu\\\/\",\"name\":\"Egy\u00fctt fejl\u0151d\u00fcnk\",\"description\":\"\",\"publisher\":{\"@id\":\"https:\\\/\\\/egyuttfejlodunk.hu\\\/#organization\"},\"potentialAction\":[{\"@type\":\"SearchAction\",\"target\":{\"@type\":\"EntryPoint\",\"urlTemplate\":\"https:\\\/\\\/egyuttfejlodunk.hu\\\/?s={search_term_string}\"},\"query-input\":{\"@type\":\"PropertyValueSpecification\",\"valueRequired\":true,\"valueName\":\"search_term_string\"}}],\"inLanguage\":\"hu\"},{\"@type\":\"Organization\",\"@id\":\"https:\\\/\\\/egyuttfejlodunk.hu\\\/#organization\",\"name\":\"Egy\u00fctt fejl\u0151d\u00fcnk\",\"url\":\"https:\\\/\\\/egyuttfejlodunk.hu\\\/\",\"logo\":{\"@type\":\"ImageObject\",\"inLanguage\":\"hu\",\"@id\":\"https:\\\/\\\/egyuttfejlodunk.hu\\\/#\\\/schema\\\/logo\\\/image\\\/\",\"url\":\"https:\\\/\\\/egyuttfejlodunk.hu\\\/wp-content\\\/uploads\\\/2026\\\/04\\\/ujlogo.jpg\",\"contentUrl\":\"https:\\\/\\\/egyuttfejlodunk.hu\\\/wp-content\\\/uploads\\\/2026\\\/04\\\/ujlogo.jpg\",\"width\":350,\"height\":110,\"caption\":\"Egy\u00fctt fejl\u0151d\u00fcnk\"},\"image\":{\"@id\":\"https:\\\/\\\/egyuttfejlodunk.hu\\\/#\\\/schema\\\/logo\\\/image\\\/\"}},{\"@type\":\"Person\",\"@id\":\"https:\\\/\\\/egyuttfejlodunk.hu\\\/#\\\/schema\\\/person\\\/94cc2e6bf0b14e6d5de3d603885ed8c5\",\"name\":\"T\u00f3th Ferenc\"}]}<\/script>\n<!-- \/ Yoast SEO Premium plugin. -->","yoast_head_json":{"title":"Pill\u00e9r k\u00f6rk\u00e9p: ilyen a fenntarthat\u00f3, \u00e9lhet\u0151 v\u00e1rosfejleszt\u00e9s - Egy\u00fctt fejl\u0151d\u00fcnk","robots":{"index":"noindex","follow":"follow","max-snippet":"max-snippet:-1","max-image-preview":"max-image-preview:large","max-video-preview":"max-video-preview:-1"},"og_locale":"hu_HU","og_type":"article","og_title":"Pill\u00e9r k\u00f6rk\u00e9p: ilyen a fenntarthat\u00f3, \u00e9lhet\u0151 v\u00e1rosfejleszt\u00e9s","og_description":"H\u00edroldalunk rendszeresen besz\u00e1mol azokr\u00f3l az eur\u00f3pai uni\u00f3s t\u00e1rsfinansz\u00edroz\u00e1s\u00fa projektekr\u0151l, amelyek a Ter\u00fclet- \u00e9s Telep\u00fcl\u00e9sfejleszt\u00e9si Operat\u00edv Program Plusz (TOP Plusz) keret\u00e9ben jelent\u0151sen hozz\u00e1j\u00e1rulnak hazai telep\u00fcl\u00e9sek fejl\u0151d\u00e9s\u00e9hez. Ez\u00fattal olyan kezdem\u00e9nyez\u00e9seket v\u00e1logattunk \u00f6ssze, amelyek a Fenntarthat\u00f3 v\u00e1rosfejleszt\u00e9s Pill\u00e9r ter\u00fclethez kapcsol\u00f3dnak. A kl\u00edmav\u00e1ltoz\u00e1s \u00e9s az egyre sz\u00e9ls\u0151s\u00e9gesebb id\u0151j\u00e1r\u00e1si jelens\u00e9gek miatt t\u00f6bb v\u00e1rosban is el\u0151t\u00e9rbe ker\u00fcltek a v\u00edzgazd\u00e1lkod\u00e1si fejleszt\u00e9sek. Baja Megyei Jog\u00fa V\u00e1ros \u00d6nkorm\u00e1nyzata mintegy 80 milli\u00f3 forint t\u00e1mogat\u00e1sb\u00f3l k\u00e9sz\u00edtette el strat\u00e9giai terveit, azon bel\u00fcl integr\u00e1lt v\u00edzgazd\u00e1lkod\u00e1si terv\u00e9t. A dokumentum...","og_url":"https:\/\/egyuttfejlodunk.hu\/?p=11543","og_site_name":"Egy\u00fctt fejl\u0151d\u00fcnk","article_published_time":"2026-05-19T18:35:12+00:00","article_modified_time":"2026-06-15T18:36:23+00:00","og_image":[{"width":1000,"height":512,"url":"https:\/\/egyuttfejlodunk.hu\/wp-content\/uploads\/2026\/06\/shutterstock_2497171411-1.jpg","type":"image\/jpeg"}],"author":"T\u00f3th Ferenc","twitter_card":"summary_large_image","twitter_misc":{"Szerz\u0151:":"T\u00f3th Ferenc","Becs\u00fclt olvas\u00e1si id\u0151":"3 perc"},"schema":{"@context":"https:\/\/schema.org","@graph":[{"@type":"Article","@id":"https:\/\/egyuttfejlodunk.hu\/?p=11543#article","isPartOf":{"@id":"https:\/\/egyuttfejlodunk.hu\/?p=11543"},"author":{"name":"T\u00f3th Ferenc","@id":"https:\/\/egyuttfejlodunk.hu\/#\/schema\/person\/94cc2e6bf0b14e6d5de3d603885ed8c5"},"headline":"Pill\u00e9r k\u00f6rk\u00e9p: ilyen a fenntarthat\u00f3, \u00e9lhet\u0151 v\u00e1rosfejleszt\u00e9s","datePublished":"2026-05-19T18:35:12+00:00","dateModified":"2026-06-15T18:36:23+00:00","mainEntityOfPage":{"@id":"https:\/\/egyuttfejlodunk.hu\/?p=11543"},"wordCount":748,"publisher":{"@id":"https:\/\/egyuttfejlodunk.hu\/#organization"},"image":{"@id":"https:\/\/egyuttfejlodunk.hu\/?p=11543#primaryimage"},"thumbnailUrl":"https:\/\/egyuttfejlodunk.hu\/wp-content\/uploads\/2026\/06\/shutterstock_2497171411-1.jpg","articleSection":["sz\u00e9chenyi plusz pill\u00e9r"],"inLanguage":"hu"},{"@type":"WebPage","@id":"https:\/\/egyuttfejlodunk.hu\/?p=11543","url":"https:\/\/egyuttfejlodunk.hu\/?p=11543","name":"Pill\u00e9r k\u00f6rk\u00e9p: ilyen a fenntarthat\u00f3, \u00e9lhet\u0151 v\u00e1rosfejleszt\u00e9s - Egy\u00fctt fejl\u0151d\u00fcnk","isPartOf":{"@id":"https:\/\/egyuttfejlodunk.hu\/#website"},"primaryImageOfPage":{"@id":"https:\/\/egyuttfejlodunk.hu\/?p=11543#primaryimage"},"image":{"@id":"https:\/\/egyuttfejlodunk.hu\/?p=11543#primaryimage"},"thumbnailUrl":"https:\/\/egyuttfejlodunk.hu\/wp-content\/uploads\/2026\/06\/shutterstock_2497171411-1.jpg","datePublished":"2026-05-19T18:35:12+00:00","dateModified":"2026-06-15T18:36:23+00:00","breadcrumb":{"@id":"https:\/\/egyuttfejlodunk.hu\/?p=11543#breadcrumb"},"inLanguage":"hu","potentialAction":[{"@type":"ReadAction","target":["https:\/\/egyuttfejlodunk.hu\/?p=11543"]}]},{"@type":"ImageObject","inLanguage":"hu","@id":"https:\/\/egyuttfejlodunk.hu\/?p=11543#primaryimage","url":"https:\/\/egyuttfejlodunk.hu\/wp-content\/uploads\/2026\/06\/shutterstock_2497171411-1.jpg","contentUrl":"https:\/\/egyuttfejlodunk.hu\/wp-content\/uploads\/2026\/06\/shutterstock_2497171411-1.jpg","width":1000,"height":512},{"@type":"BreadcrumbList","@id":"https:\/\/egyuttfejlodunk.hu\/?p=11543#breadcrumb","itemListElement":[{"@type":"ListItem","position":1,"name":"Home","item":"https:\/\/egyuttfejlodunk.hu\/"},{"@type":"ListItem","position":2,"name":"Pill\u00e9r k\u00f6rk\u00e9p: ilyen a fenntarthat\u00f3, \u00e9lhet\u0151 v\u00e1rosfejleszt\u00e9s"}]},{"@type":"WebSite","@id":"https:\/\/egyuttfejlodunk.hu\/#website","url":"https:\/\/egyuttfejlodunk.hu\/","name":"Egy\u00fctt fejl\u0151d\u00fcnk","description":"","publisher":{"@id":"https:\/\/egyuttfejlodunk.hu\/#organization"},"potentialAction":[{"@type":"SearchAction","target":{"@type":"EntryPoint","urlTemplate":"https:\/\/egyuttfejlodunk.hu\/?s={search_term_string}"},"query-input":{"@type":"PropertyValueSpecification","valueRequired":true,"valueName":"search_term_string"}}],"inLanguage":"hu"},{"@type":"Organization","@id":"https:\/\/egyuttfejlodunk.hu\/#organization","name":"Egy\u00fctt fejl\u0151d\u00fcnk","url":"https:\/\/egyuttfejlodunk.hu\/","logo":{"@type":"ImageObject","inLanguage":"hu","@id":"https:\/\/egyuttfejlodunk.hu\/#\/schema\/logo\/image\/","url":"https:\/\/egyuttfejlodunk.hu\/wp-content\/uploads\/2026\/04\/ujlogo.jpg","contentUrl":"https:\/\/egyuttfejlodunk.hu\/wp-content\/uploads\/2026\/04\/ujlogo.jpg","width":350,"height":110,"caption":"Egy\u00fctt fejl\u0151d\u00fcnk"},"image":{"@id":"https:\/\/egyuttfejlodunk.hu\/#\/schema\/logo\/image\/"}},{"@type":"Person","@id":"https:\/\/egyuttfejlodunk.hu\/#\/schema\/person\/94cc2e6bf0b14e6d5de3d603885ed8c5","name":"T\u00f3th Ferenc"}]}},"_links":{"self":[{"href":"https:\/\/egyuttfejlodunk.hu\/index.php?rest_route=\/wp\/v2\/posts\/11543","targetHints":{"allow":["GET"]}}],"collection":[{"href":"https:\/\/egyuttfejlodunk.hu\/index.php?rest_route=\/wp\/v2\/posts"}],"about":[{"href":"https:\/\/egyuttfejlodunk.hu\/index.php?rest_route=\/wp\/v2\/types\/post"}],"author":[{"embeddable":true,"href":"https:\/\/egyuttfejlodunk.hu\/index.php?rest_route=\/wp\/v2\/users\/30"}],"replies":[{"embeddable":true,"href":"https:\/\/egyuttfejlodunk.hu\/index.php?rest_route=%2Fwp%2Fv2%2Fcomments&post=11543"}],"version-history":[{"count":1,"href":"https:\/\/egyuttfejlodunk.hu\/index.php?rest_route=\/wp\/v2\/posts\/11543\/revisions"}],"predecessor-version":[{"id":11545,"href":"https:\/\/egyuttfejlodunk.hu\/index.php?rest_route=\/wp\/v2\/posts\/11543\/revisions\/11545"}],"wp:featuredmedia":[{"embeddable":true,"href":"https:\/\/egyuttfejlodunk.hu\/index.php?rest_route=\/wp\/v2\/media\/11544"}],"wp:attachment":[{"href":"https:\/\/egyuttfejlodunk.hu\/index.php?rest_route=%2Fwp%2Fv2%2Fmedia&parent=11543"}],"wp:term":[{"taxonomy":"category","embeddable":true,"href":"https:\/\/egyuttfejlodunk.hu\/index.php?rest_route=%2Fwp%2Fv2%2Fcategories&post=11543"},{"taxonomy":"post_tag","embeddable":true,"href":"https:\/\/egyuttfejlodunk.hu\/index.php?rest_route=%2Fwp%2Fv2%2Ftags&post=11543"},{"taxonomy":"megye","embeddable":true,"href":"https:\/\/egyuttfejlodunk.hu\/index.php?rest_route=%2Fwp%2Fv2%2Fmegye&post=11543"}],"curies":[{"name":"wp","href":"https:\/\/api.w.org\/{rel}","templated":true}]}}