{"id":11548,"date":"2026-05-20T20:38:34","date_gmt":"2026-05-20T18:38:34","guid":{"rendered":"https:\/\/egyuttfejlodunk.hu\/?p=11548"},"modified":"2026-08-28T09:27:00","modified_gmt":"2026-08-28T07:27:00","slug":"ujabb-villamosokat-kaptunk","status":"publish","type":"post","link":"https:\/\/egyuttfejlodunk.hu\/?p=11548","title":{"rendered":"\u00dajabb villamosokat kaptunk"},"content":{"rendered":"\t\t<div data-elementor-type=\"wp-post\" data-elementor-id=\"11548\" class=\"elementor elementor-11548\" data-elementor-post-type=\"post\">\n\t\t\t\t<div class=\"elementor-element elementor-element-c972197 e-flex e-con-boxed e-con e-parent\" data-id=\"c972197\" data-element_type=\"container\" data-e-type=\"container\">\n\t\t\t\t\t<div class=\"e-con-inner\">\n\t\t\t\t<div class=\"elementor-element elementor-element-36702f4a elementor-widget elementor-widget-text-editor\" data-id=\"36702f4a\" data-element_type=\"widget\" data-e-type=\"widget\" data-widget_type=\"text-editor.default\">\n\t\t\t\t\t\t\t\t\t<p><strong>A Sz\u00e9chenyi Terv id\u0151szak\u00e1ban t\u00f6bb jelent\u0151s l\u00e9p\u00e9s t\u00f6rt\u00e9nt Budapest k\u00f6z\u00f6ss\u00e9gi k\u00f6zleked\u00e9s\u00e9nek fejleszt\u00e9s\u00e9ben. A Budapesti K\u00f6zleked\u00e9si K\u00f6zpont j\u00e1rm\u0171fejleszt\u00e9si programj\u00e1nak els\u0151 \u00fcteme hozta el a kezdeti igaz\u00e1n l\u00e1tv\u00e1nyos v\u00e1ltoz\u00e1sokat, majd a f\u0151v\u00e1rosi villamos- \u00e9s trolibusz \u00e1gazatban tervezett j\u00e1rm\u0171fejleszt\u00e9s m\u00e1sodik \u00fctem\u00e9ben \u00fajabb el\u0151rel\u00e9p\u00e9sek t\u00f6rt\u00e9ntek. <\/strong><\/p><p>A j\u00e1rm\u0171fejleszt\u00e9s els\u0151 f\u00e1zis\u00e1ban, 2015\u20132016-ban \u00f6sszesen 47 \u00faj CAF villamos \u00e9rkezett, k\u00f6zt\u00fck 35 r\u00f6videbb \u00e9s 10 hosszabb szerelv\u00e9ny, tov\u00e1bb\u00e1 36 \u00faj Solaris trolibusz \u00e1llt forgalomba, 20 sz\u00f3l\u00f3, 16 pedig csukl\u00f3s kivitelben. A m\u00e1sodik \u00fctem ism\u00e9t lend\u00fcletet adott ennek a folyamatnak: a BKK lehet\u0151s\u00e9get kapott \u00fajabb 26 villamos beszerz\u00e9s\u00e9re. A projekt c\u00e9lja Budapest el\u00f6regedett villamos\u00e1llom\u00e1ny\u00e1nak tov\u00e1bbi friss\u00edt\u00e9se volt.<\/p><p>N\u00e9gy \u00fajabb vonalon ma m\u00e1r csendesebb, korszer\u0171bb, k\u00e9nyelmesebb \u00e9s mindenki sz\u00e1m\u00e1ra k\u00f6nnyebben haszn\u00e1lhat\u00f3 j\u00e1rm\u0171veken utazunk. Az \u00faj szerelv\u00e9nyek az 50-es, az 56-os \u00e9s az 56A, valamint az 1-es villamos vonal\u00e1n k\u00f6zlekednek. M\u00edg a j\u00e1rm\u0171vekb\u0151l 21 szerelv\u00e9ny norm\u00e1l hossz\u00fas\u00e1g\u00fa, k\u00f6r\u00fclbel\u00fcl 200 f\u00e9r\u0151helyet biztos\u00edtva az utaz\u00f3k\u00f6z\u00f6ns\u00e9g sz\u00e1m\u00e1ra, addig az \u00f6t hosszabb villamos k\u00f6zel 350 utast k\u00e9pes sz\u00e1ll\u00edtani. Mindegyik alacsonypadl\u00f3s, \u00edgy a babakocsival k\u00f6zleked\u0151k, id\u0151sek \u00e9s a mozg\u00e1sukban korl\u00e1tozottak is k\u00e9nyelmesebben tudj\u00e1k haszn\u00e1lni a j\u00e1rm\u0171veket. Letisztult form\u00e1k, t\u00e1gas bels\u0151 t\u00e9r, csendes m\u0171k\u00f6d\u00e9s. Az utast\u00e9rben nincsenek dobog\u00f3n elhelyezett, nehezen megk\u00f6zel\u00edthet\u0151 \u00fcl\u00e9sek. Korszer\u0171 utast\u00e1j\u00e9koztat\u00f3 rendszer m\u0171k\u00f6dik, a biztons\u00e1gr\u00f3l fed\u00e9lzeti kamer\u00e1k, m\u00edg a kedvez\u0151 h\u0151m\u00e9rs\u00e9kletr\u0151l l\u00e9gkondicion\u00e1l\u00f3k gondoskodnak. Emellett az energiahat\u00e9konys\u00e1g sem mell\u00e9kes szempont: ezek a villamosok energia-visszat\u00e1pl\u00e1l\u00f3 rendszer\u00fck r\u00e9v\u00e9n takar\u00e9kosan haszn\u00e1lj\u00e1k fel az energi\u00e1t.<\/p><p>A meg\u00e1ll\u00f3k \u00e1talak\u00edt\u00e1s\u00e1t k\u00f6vet\u0151 magasabb peronok pontosabb illeszked\u00e9st biztos\u00edtanak a villamosokhoz, ami g\u00f6rd\u00fcl\u00e9kenyebb fel- \u00e9s lesz\u00e1ll\u00e1st eredm\u00e9nyez. Az 50-es vonalon hosszabb, r\u00e1mp\u00e1kkal ell\u00e1tott peronok \u00e9p\u00fcltek. Ezen t\u00fal r\u00e1di\u00f3s v\u00e1lt\u00f3\u00e1ll\u00edt\u00f3 rendszerrel szereltek fel 73 darab CAF villamost, ennek k\u00f6sz\u00f6nhet\u0151en gyorsabb \u00e9s pontosabb lett a k\u00f6zleked\u00e9s. A megb\u00edzhat\u00f3 j\u00e1rm\u0171vek miatt pedig ritk\u00e1bbak a meghib\u00e1sod\u00e1sok.<\/p><p>Az \u00faj CAF villamosokat m\u00e1r egy ideje haszn\u00e1lja a budapesti utaz\u00f3k\u00f6z\u00f6ns\u00e9g, \u00e9s a tapasztalatok rendk\u00edv\u00fcl kedvez\u0151ek. Modern kialak\u00edt\u00e1sukkal \u00e9s nagyobb befogad\u00f3kapacit\u00e1sukkal egyszerre jav\u00edtj\u00e1k az k\u00f6zleked\u00e9si \u00e9lm\u00e9nyt \u00e9s az utaz\u00e1s hat\u00e9konys\u00e1g\u00e1t.\u00a0\u00a0<\/p>\t\t\t\t\t\t\t\t<\/div>\n\t\t\t\t<div class=\"elementor-element elementor-element-2106865 elementor-widget elementor-widget-gallery\" data-id=\"2106865\" data-element_type=\"widget\" data-e-type=\"widget\" data-settings=\"{&quot;columns&quot;:3,&quot;lazyload&quot;:&quot;yes&quot;,&quot;gallery_layout&quot;:&quot;grid&quot;,&quot;columns_tablet&quot;:2,&quot;columns_mobile&quot;:1,&quot;gap&quot;:{&quot;unit&quot;:&quot;px&quot;,&quot;size&quot;:10,&quot;sizes&quot;:[]},&quot;gap_tablet&quot;:{&quot;unit&quot;:&quot;px&quot;,&quot;size&quot;:10,&quot;sizes&quot;:[]},&quot;gap_mobile&quot;:{&quot;unit&quot;:&quot;px&quot;,&quot;size&quot;:10,&quot;sizes&quot;:[]},&quot;link_to&quot;:&quot;file&quot;,&quot;aspect_ratio&quot;:&quot;3:2&quot;,&quot;overlay_background&quot;:&quot;yes&quot;,&quot;content_hover_animation&quot;:&quot;fade-in&quot;}\" data-widget_type=\"gallery.default\">\n\t\t\t\t\t\t\t<div class=\"elementor-gallery__container\">\n\t\t\t\t\t\t\t<a class=\"e-gallery-item elementor-gallery-item elementor-animated-content\" href=\"https:\/\/egyuttfejlodunk.hu\/wp-content\/uploads\/2026\/06\/DSC_5067.jpg\" data-elementor-open-lightbox=\"yes\" data-elementor-lightbox-slideshow=\"2106865\" data-e-action-hash=\"#elementor-action%3Aaction%3Dlightbox%26settings%3DeyJpZCI6MTE1NTEsInVybCI6Imh0dHBzOlwvXC9lZ3l1dHRmZWpsb2R1bmsuaHVcL3dwLWNvbnRlbnRcL3VwbG9hZHNcLzIwMjZcLzA2XC9EU0NfNTA2Ny5qcGciLCJzbGlkZXNob3ciOiIyMTA2ODY1In0%3D\">\n\t\t\t\t\t<div class=\"e-gallery-image elementor-gallery-item__image\" data-thumbnail=\"https:\/\/egyuttfejlodunk.hu\/wp-content\/uploads\/2026\/06\/DSC_5067-640x427.jpg\" data-width=\"640\" data-height=\"427\" aria-label=\"\" role=\"img\" ><\/div>\n\t\t\t\t\t\t\t\t\t\t\t<div class=\"elementor-gallery-item__overlay\"><\/div>\n\t\t\t\t\t\t\t\t\t\t\t\t\t\t<\/a>\n\t\t\t\t\t\t\t<a class=\"e-gallery-item elementor-gallery-item elementor-animated-content\" href=\"https:\/\/egyuttfejlodunk.hu\/wp-content\/uploads\/2026\/06\/5_310_00005-1.jpg\" data-elementor-open-lightbox=\"yes\" data-elementor-lightbox-slideshow=\"2106865\" data-e-action-hash=\"#elementor-action%3Aaction%3Dlightbox%26settings%3DeyJpZCI6MTE1NTIsInVybCI6Imh0dHBzOlwvXC9lZ3l1dHRmZWpsb2R1bmsuaHVcL3dwLWNvbnRlbnRcL3VwbG9hZHNcLzIwMjZcLzA2XC81XzMxMF8wMDAwNS0xLmpwZyIsInNsaWRlc2hvdyI6IjIxMDY4NjUifQ%3D%3D\">\n\t\t\t\t\t<div class=\"e-gallery-image elementor-gallery-item__image\" data-thumbnail=\"https:\/\/egyuttfejlodunk.hu\/wp-content\/uploads\/2026\/06\/5_310_00005-1-640x427.jpg\" data-width=\"640\" data-height=\"427\" aria-label=\"\" role=\"img\" ><\/div>\n\t\t\t\t\t\t\t\t\t\t\t<div class=\"elementor-gallery-item__overlay\"><\/div>\n\t\t\t\t\t\t\t\t\t\t\t\t\t\t<\/a>\n\t\t\t\t\t\t\t<a class=\"e-gallery-item elementor-gallery-item elementor-animated-content\" href=\"https:\/\/egyuttfejlodunk.hu\/wp-content\/uploads\/2026\/06\/DSC_5104.jpg\" data-elementor-open-lightbox=\"yes\" data-elementor-lightbox-slideshow=\"2106865\" data-e-action-hash=\"#elementor-action%3Aaction%3Dlightbox%26settings%3DeyJpZCI6MTE1NTMsInVybCI6Imh0dHBzOlwvXC9lZ3l1dHRmZWpsb2R1bmsuaHVcL3dwLWNvbnRlbnRcL3VwbG9hZHNcLzIwMjZcLzA2XC9EU0NfNTEwNC5qcGciLCJzbGlkZXNob3ciOiIyMTA2ODY1In0%3D\">\n\t\t\t\t\t<div class=\"e-gallery-image elementor-gallery-item__image\" data-thumbnail=\"https:\/\/egyuttfejlodunk.hu\/wp-content\/uploads\/2026\/06\/DSC_5104-640x427.jpg\" data-width=\"640\" data-height=\"427\" aria-label=\"\" role=\"img\" ><\/div>\n\t\t\t\t\t\t\t\t\t\t\t<div class=\"elementor-gallery-item__overlay\"><\/div>\n\t\t\t\t\t\t\t\t\t\t\t\t\t\t<\/a>\n\t\t\t\t\t\t\t<a class=\"e-gallery-item elementor-gallery-item elementor-animated-content\" href=\"https:\/\/egyuttfejlodunk.hu\/wp-content\/uploads\/2026\/06\/DSC_5120.jpg\" data-elementor-open-lightbox=\"yes\" data-elementor-lightbox-slideshow=\"2106865\" data-e-action-hash=\"#elementor-action%3Aaction%3Dlightbox%26settings%3DeyJpZCI6MTE1NTQsInVybCI6Imh0dHBzOlwvXC9lZ3l1dHRmZWpsb2R1bmsuaHVcL3dwLWNvbnRlbnRcL3VwbG9hZHNcLzIwMjZcLzA2XC9EU0NfNTEyMC5qcGciLCJzbGlkZXNob3ciOiIyMTA2ODY1In0%3D\">\n\t\t\t\t\t<div class=\"e-gallery-image elementor-gallery-item__image\" data-thumbnail=\"https:\/\/egyuttfejlodunk.hu\/wp-content\/uploads\/2026\/06\/DSC_5120-640x427.jpg\" data-width=\"640\" data-height=\"427\" aria-label=\"\" role=\"img\" ><\/div>\n\t\t\t\t\t\t\t\t\t\t\t<div class=\"elementor-gallery-item__overlay\"><\/div>\n\t\t\t\t\t\t\t\t\t\t\t\t\t\t<\/a>\n\t\t\t\t\t\t\t<a class=\"e-gallery-item elementor-gallery-item elementor-animated-content\" href=\"https:\/\/egyuttfejlodunk.hu\/wp-content\/uploads\/2026\/06\/Kep6.jpg\" data-elementor-open-lightbox=\"yes\" data-elementor-lightbox-slideshow=\"2106865\" data-e-action-hash=\"#elementor-action%3Aaction%3Dlightbox%26settings%3DeyJpZCI6MTE1NTUsInVybCI6Imh0dHBzOlwvXC9lZ3l1dHRmZWpsb2R1bmsuaHVcL3dwLWNvbnRlbnRcL3VwbG9hZHNcLzIwMjZcLzA2XC9LZXA2LmpwZyIsInNsaWRlc2hvdyI6IjIxMDY4NjUifQ%3D%3D\">\n\t\t\t\t\t<div class=\"e-gallery-image elementor-gallery-item__image\" data-thumbnail=\"https:\/\/egyuttfejlodunk.hu\/wp-content\/uploads\/2026\/06\/Kep6-640x402.jpg\" data-width=\"640\" data-height=\"402\" aria-label=\"\" role=\"img\" ><\/div>\n\t\t\t\t\t\t\t\t\t\t\t<div class=\"elementor-gallery-item__overlay\"><\/div>\n\t\t\t\t\t\t\t\t\t\t\t\t\t\t<\/a>\n\t\t\t\t\t\t\t<a class=\"e-gallery-item elementor-gallery-item elementor-animated-content\" href=\"https:\/\/egyuttfejlodunk.hu\/wp-content\/uploads\/2026\/06\/DSC_5026.jpg\" data-elementor-open-lightbox=\"yes\" data-elementor-lightbox-slideshow=\"2106865\" data-e-action-hash=\"#elementor-action%3Aaction%3Dlightbox%26settings%3DeyJpZCI6MTE1NTYsInVybCI6Imh0dHBzOlwvXC9lZ3l1dHRmZWpsb2R1bmsuaHVcL3dwLWNvbnRlbnRcL3VwbG9hZHNcLzIwMjZcLzA2XC9EU0NfNTAyNi5qcGciLCJzbGlkZXNob3ciOiIyMTA2ODY1In0%3D\">\n\t\t\t\t\t<div class=\"e-gallery-image elementor-gallery-item__image\" data-thumbnail=\"https:\/\/egyuttfejlodunk.hu\/wp-content\/uploads\/2026\/06\/DSC_5026-640x427.jpg\" data-width=\"640\" data-height=\"427\" aria-label=\"\" role=\"img\" ><\/div>\n\t\t\t\t\t\t\t\t\t\t\t<div class=\"elementor-gallery-item__overlay\"><\/div>\n\t\t\t\t\t\t\t\t\t\t\t\t\t\t<\/a>\n\t\t\t\t\t<\/div>\n\t\t\t\t\t<\/div>\n\t\t\t\t<div class=\"elementor-element elementor-element-c911637 elementor-widget elementor-widget-text-editor\" data-id=\"c911637\" data-element_type=\"widget\" data-e-type=\"widget\" data-widget_type=\"text-editor.default\">\n\t\t\t\t\t\t\t\t\t<p>A program a IKOP-3.1.0-15-2017-00013 azonos\u00edt\u00f3 projekt keret\u00e9ben, eur\u00f3pai uni\u00f3s forr\u00e1s bevon\u00e1s\u00e1val val\u00f3sult meg.<\/p><p>Tov\u00e1bbi r\u00e9szletek a t\u00e1mogatott projekt keres\u0151ben:<a class=\"tovabb\" href=\"https:\/\/www.palyazat.gov.hu\/eredmenyek\/tamogatott-projektek\/1720280201\" target=\"_blank\" rel=\"noopener\">Tov\u00e1bb<\/a><\/p>\t\t\t\t\t\t\t\t<\/div>\n\t\t\t\t\t<\/div>\n\t\t\t\t<\/div>\n\t\t\t\t<\/div>\n\t\t","protected":false},"excerpt":{"rendered":"<p>A Sz\u00e9chenyi Terv id\u0151szak\u00e1ban t\u00f6bb jelent\u0151s l\u00e9p\u00e9s t\u00f6rt\u00e9nt Budapest k\u00f6z\u00f6ss\u00e9gi k\u00f6zleked\u00e9s\u00e9nek fejleszt\u00e9s\u00e9ben. A Budapesti K\u00f6zleked\u00e9si K\u00f6zpont j\u00e1rm\u0171fejleszt\u00e9si programj\u00e1nak els\u0151 \u00fcteme hozta el a kezdeti igaz\u00e1n l\u00e1tv\u00e1nyos v\u00e1ltoz\u00e1sokat, majd a f\u0151v\u00e1rosi villamos- \u00e9s trolibusz \u00e1gazatban tervezett j\u00e1rm\u0171fejleszt\u00e9s m\u00e1sodik \u00fctem\u00e9ben \u00fajabb el\u0151rel\u00e9p\u00e9sek t\u00f6rt\u00e9ntek. A j\u00e1rm\u0171fejleszt\u00e9s els\u0151 f\u00e1zis\u00e1ban, 2015\u20132016-ban \u00f6sszesen 47 \u00faj CAF villamos \u00e9rkezett, k\u00f6zt\u00fck 35 r\u00f6videbb \u00e9s 10 hosszabb szerelv\u00e9ny, tov\u00e1bb\u00e1 36 \u00faj Solaris trolibusz \u00e1llt forgalomba, 20 sz\u00f3l\u00f3, 16 pedig csukl\u00f3s kivitelben. A m\u00e1sodik \u00fctem&#8230;<\/p>\n","protected":false},"author":30,"featured_media":11549,"comment_status":"closed","ping_status":"closed","sticky":false,"template":"","format":"standard","meta":{"_acf_changed":false,"ngg_post_thumbnail":0,"footnotes":""},"categories":[159],"tags":[417,615],"megye":[1120],"class_list":["post-11548","post","type-post","status-publish","format-standard","has-post-thumbnail","hentry","category-ikop-hu","tag-kozlekedesfejlesztes","tag-varosfejlesztes","megye-budapest"],"acf":[],"yoast_head":"<!-- This site is optimized with the Yoast SEO Premium plugin v28.4 (Yoast SEO v28.4) - https:\/\/yoast.com\/product\/yoast-seo-premium-wordpress\/ -->\n<title>\u00dajabb villamosokat kaptunk - Egy\u00fctt fejl\u0151d\u00fcnk<\/title>\n<meta name=\"robots\" content=\"noindex, follow, max-snippet:-1, max-image-preview:large, max-video-preview:-1\" \/>\n<meta property=\"og:locale\" content=\"hu_HU\" \/>\n<meta property=\"og:type\" content=\"article\" \/>\n<meta property=\"og:title\" content=\"\u00dajabb villamosokat kaptunk\" \/>\n<meta property=\"og:description\" content=\"A Sz\u00e9chenyi Terv id\u0151szak\u00e1ban t\u00f6bb jelent\u0151s l\u00e9p\u00e9s t\u00f6rt\u00e9nt Budapest k\u00f6z\u00f6ss\u00e9gi k\u00f6zleked\u00e9s\u00e9nek fejleszt\u00e9s\u00e9ben. A Budapesti K\u00f6zleked\u00e9si K\u00f6zpont j\u00e1rm\u0171fejleszt\u00e9si programj\u00e1nak els\u0151 \u00fcteme hozta el a kezdeti igaz\u00e1n l\u00e1tv\u00e1nyos v\u00e1ltoz\u00e1sokat, majd a f\u0151v\u00e1rosi villamos- \u00e9s trolibusz \u00e1gazatban tervezett j\u00e1rm\u0171fejleszt\u00e9s m\u00e1sodik \u00fctem\u00e9ben \u00fajabb el\u0151rel\u00e9p\u00e9sek t\u00f6rt\u00e9ntek. A j\u00e1rm\u0171fejleszt\u00e9s els\u0151 f\u00e1zis\u00e1ban, 2015\u20132016-ban \u00f6sszesen 47 \u00faj CAF villamos \u00e9rkezett, k\u00f6zt\u00fck 35 r\u00f6videbb \u00e9s 10 hosszabb szerelv\u00e9ny, tov\u00e1bb\u00e1 36 \u00faj Solaris trolibusz \u00e1llt forgalomba, 20 sz\u00f3l\u00f3, 16 pedig csukl\u00f3s kivitelben. A m\u00e1sodik \u00fctem...\" \/>\n<meta property=\"og:url\" content=\"https:\/\/egyuttfejlodunk.hu\/?p=11548\" \/>\n<meta property=\"og:site_name\" content=\"Egy\u00fctt fejl\u0151d\u00fcnk\" \/>\n<meta property=\"article:published_time\" content=\"2026-05-20T18:38:34+00:00\" \/>\n<meta property=\"article:modified_time\" content=\"2026-08-28T07:27:00+00:00\" \/>\n<meta property=\"og:image\" content=\"https:\/\/egyuttfejlodunk.hu\/wp-content\/uploads\/2026\/06\/IKOP-310-15-2016-00005-foto-6-1.jpg\" \/>\n\t<meta property=\"og:image:width\" content=\"1373\" \/>\n\t<meta property=\"og:image:height\" content=\"464\" \/>\n\t<meta property=\"og:image:type\" content=\"image\/jpeg\" \/>\n<meta name=\"author\" content=\"T\u00f3th Ferenc\" \/>\n<meta name=\"twitter:card\" content=\"summary_large_image\" \/>\n<meta name=\"twitter:label1\" content=\"Szerz\u0151:\" \/>\n\t<meta name=\"twitter:data1\" content=\"T\u00f3th Ferenc\" \/>\n\t<meta name=\"twitter:label2\" content=\"Becs\u00fclt olvas\u00e1si id\u0151\" \/>\n\t<meta name=\"twitter:data2\" content=\"2 perc\" \/>\n<script type=\"application\/ld+json\" class=\"yoast-schema-graph\">{\"@context\":\"https:\\\/\\\/schema.org\",\"@graph\":[{\"@type\":\"Article\",\"@id\":\"https:\\\/\\\/egyuttfejlodunk.hu\\\/?p=11548#article\",\"isPartOf\":{\"@id\":\"https:\\\/\\\/egyuttfejlodunk.hu\\\/?p=11548\"},\"author\":{\"name\":\"T\u00f3th Ferenc\",\"@id\":\"https:\\\/\\\/egyuttfejlodunk.hu\\\/#\\\/schema\\\/person\\\/94cc2e6bf0b14e6d5de3d603885ed8c5\"},\"headline\":\"\u00dajabb villamosokat kaptunk\",\"datePublished\":\"2026-05-20T18:38:34+00:00\",\"dateModified\":\"2026-08-28T07:27:00+00:00\",\"mainEntityOfPage\":{\"@id\":\"https:\\\/\\\/egyuttfejlodunk.hu\\\/?p=11548\"},\"wordCount\":540,\"publisher\":{\"@id\":\"https:\\\/\\\/egyuttfejlodunk.hu\\\/#organization\"},\"image\":{\"@id\":\"https:\\\/\\\/egyuttfejlodunk.hu\\\/?p=11548#primaryimage\"},\"thumbnailUrl\":\"https:\\\/\\\/egyuttfejlodunk.hu\\\/wp-content\\\/uploads\\\/2026\\\/06\\\/IKOP-310-15-2016-00005-foto-6-1.jpg\",\"keywords\":[\"k\u00f6zleked\u00e9sfejleszt\u00e9s\",\"v\u00e1rosfejleszt\u00e9s\"],\"articleSection\":[\"Ikop\"],\"inLanguage\":\"hu\"},{\"@type\":\"WebPage\",\"@id\":\"https:\\\/\\\/egyuttfejlodunk.hu\\\/?p=11548\",\"url\":\"https:\\\/\\\/egyuttfejlodunk.hu\\\/?p=11548\",\"name\":\"\u00dajabb villamosokat kaptunk - Egy\u00fctt fejl\u0151d\u00fcnk\",\"isPartOf\":{\"@id\":\"https:\\\/\\\/egyuttfejlodunk.hu\\\/#website\"},\"primaryImageOfPage\":{\"@id\":\"https:\\\/\\\/egyuttfejlodunk.hu\\\/?p=11548#primaryimage\"},\"image\":{\"@id\":\"https:\\\/\\\/egyuttfejlodunk.hu\\\/?p=11548#primaryimage\"},\"thumbnailUrl\":\"https:\\\/\\\/egyuttfejlodunk.hu\\\/wp-content\\\/uploads\\\/2026\\\/06\\\/IKOP-310-15-2016-00005-foto-6-1.jpg\",\"datePublished\":\"2026-05-20T18:38:34+00:00\",\"dateModified\":\"2026-08-28T07:27:00+00:00\",\"breadcrumb\":{\"@id\":\"https:\\\/\\\/egyuttfejlodunk.hu\\\/?p=11548#breadcrumb\"},\"inLanguage\":\"hu\",\"potentialAction\":[{\"@type\":\"ReadAction\",\"target\":[\"https:\\\/\\\/egyuttfejlodunk.hu\\\/?p=11548\"]}]},{\"@type\":\"ImageObject\",\"inLanguage\":\"hu\",\"@id\":\"https:\\\/\\\/egyuttfejlodunk.hu\\\/?p=11548#primaryimage\",\"url\":\"https:\\\/\\\/egyuttfejlodunk.hu\\\/wp-content\\\/uploads\\\/2026\\\/06\\\/IKOP-310-15-2016-00005-foto-6-1.jpg\",\"contentUrl\":\"https:\\\/\\\/egyuttfejlodunk.hu\\\/wp-content\\\/uploads\\\/2026\\\/06\\\/IKOP-310-15-2016-00005-foto-6-1.jpg\",\"width\":1373,\"height\":464},{\"@type\":\"BreadcrumbList\",\"@id\":\"https:\\\/\\\/egyuttfejlodunk.hu\\\/?p=11548#breadcrumb\",\"itemListElement\":[{\"@type\":\"ListItem\",\"position\":1,\"name\":\"Home\",\"item\":\"https:\\\/\\\/egyuttfejlodunk.hu\\\/\"},{\"@type\":\"ListItem\",\"position\":2,\"name\":\"\u00dajabb villamosokat kaptunk\"}]},{\"@type\":\"WebSite\",\"@id\":\"https:\\\/\\\/egyuttfejlodunk.hu\\\/#website\",\"url\":\"https:\\\/\\\/egyuttfejlodunk.hu\\\/\",\"name\":\"Egy\u00fctt fejl\u0151d\u00fcnk\",\"description\":\"\",\"publisher\":{\"@id\":\"https:\\\/\\\/egyuttfejlodunk.hu\\\/#organization\"},\"potentialAction\":[{\"@type\":\"SearchAction\",\"target\":{\"@type\":\"EntryPoint\",\"urlTemplate\":\"https:\\\/\\\/egyuttfejlodunk.hu\\\/?s={search_term_string}\"},\"query-input\":{\"@type\":\"PropertyValueSpecification\",\"valueRequired\":true,\"valueName\":\"search_term_string\"}}],\"inLanguage\":\"hu\"},{\"@type\":\"Organization\",\"@id\":\"https:\\\/\\\/egyuttfejlodunk.hu\\\/#organization\",\"name\":\"Egy\u00fctt fejl\u0151d\u00fcnk\",\"url\":\"https:\\\/\\\/egyuttfejlodunk.hu\\\/\",\"logo\":{\"@type\":\"ImageObject\",\"inLanguage\":\"hu\",\"@id\":\"https:\\\/\\\/egyuttfejlodunk.hu\\\/#\\\/schema\\\/logo\\\/image\\\/\",\"url\":\"https:\\\/\\\/egyuttfejlodunk.hu\\\/wp-content\\\/uploads\\\/2026\\\/04\\\/ujlogo.jpg\",\"contentUrl\":\"https:\\\/\\\/egyuttfejlodunk.hu\\\/wp-content\\\/uploads\\\/2026\\\/04\\\/ujlogo.jpg\",\"width\":350,\"height\":110,\"caption\":\"Egy\u00fctt fejl\u0151d\u00fcnk\"},\"image\":{\"@id\":\"https:\\\/\\\/egyuttfejlodunk.hu\\\/#\\\/schema\\\/logo\\\/image\\\/\"}},{\"@type\":\"Person\",\"@id\":\"https:\\\/\\\/egyuttfejlodunk.hu\\\/#\\\/schema\\\/person\\\/94cc2e6bf0b14e6d5de3d603885ed8c5\",\"name\":\"T\u00f3th Ferenc\"}]}<\/script>\n<!-- \/ Yoast SEO Premium plugin. -->","yoast_head_json":{"title":"\u00dajabb villamosokat kaptunk - Egy\u00fctt fejl\u0151d\u00fcnk","robots":{"index":"noindex","follow":"follow","max-snippet":"max-snippet:-1","max-image-preview":"max-image-preview:large","max-video-preview":"max-video-preview:-1"},"og_locale":"hu_HU","og_type":"article","og_title":"\u00dajabb villamosokat kaptunk","og_description":"A Sz\u00e9chenyi Terv id\u0151szak\u00e1ban t\u00f6bb jelent\u0151s l\u00e9p\u00e9s t\u00f6rt\u00e9nt Budapest k\u00f6z\u00f6ss\u00e9gi k\u00f6zleked\u00e9s\u00e9nek fejleszt\u00e9s\u00e9ben. A Budapesti K\u00f6zleked\u00e9si K\u00f6zpont j\u00e1rm\u0171fejleszt\u00e9si programj\u00e1nak els\u0151 \u00fcteme hozta el a kezdeti igaz\u00e1n l\u00e1tv\u00e1nyos v\u00e1ltoz\u00e1sokat, majd a f\u0151v\u00e1rosi villamos- \u00e9s trolibusz \u00e1gazatban tervezett j\u00e1rm\u0171fejleszt\u00e9s m\u00e1sodik \u00fctem\u00e9ben \u00fajabb el\u0151rel\u00e9p\u00e9sek t\u00f6rt\u00e9ntek. A j\u00e1rm\u0171fejleszt\u00e9s els\u0151 f\u00e1zis\u00e1ban, 2015\u20132016-ban \u00f6sszesen 47 \u00faj CAF villamos \u00e9rkezett, k\u00f6zt\u00fck 35 r\u00f6videbb \u00e9s 10 hosszabb szerelv\u00e9ny, tov\u00e1bb\u00e1 36 \u00faj Solaris trolibusz \u00e1llt forgalomba, 20 sz\u00f3l\u00f3, 16 pedig csukl\u00f3s kivitelben. A m\u00e1sodik \u00fctem...","og_url":"https:\/\/egyuttfejlodunk.hu\/?p=11548","og_site_name":"Egy\u00fctt fejl\u0151d\u00fcnk","article_published_time":"2026-05-20T18:38:34+00:00","article_modified_time":"2026-08-28T07:27:00+00:00","og_image":[{"width":1373,"height":464,"url":"https:\/\/egyuttfejlodunk.hu\/wp-content\/uploads\/2026\/06\/IKOP-310-15-2016-00005-foto-6-1.jpg","type":"image\/jpeg"}],"author":"T\u00f3th Ferenc","twitter_card":"summary_large_image","twitter_misc":{"Szerz\u0151:":"T\u00f3th Ferenc","Becs\u00fclt olvas\u00e1si id\u0151":"2 perc"},"schema":{"@context":"https:\/\/schema.org","@graph":[{"@type":"Article","@id":"https:\/\/egyuttfejlodunk.hu\/?p=11548#article","isPartOf":{"@id":"https:\/\/egyuttfejlodunk.hu\/?p=11548"},"author":{"name":"T\u00f3th Ferenc","@id":"https:\/\/egyuttfejlodunk.hu\/#\/schema\/person\/94cc2e6bf0b14e6d5de3d603885ed8c5"},"headline":"\u00dajabb villamosokat kaptunk","datePublished":"2026-05-20T18:38:34+00:00","dateModified":"2026-08-28T07:27:00+00:00","mainEntityOfPage":{"@id":"https:\/\/egyuttfejlodunk.hu\/?p=11548"},"wordCount":540,"publisher":{"@id":"https:\/\/egyuttfejlodunk.hu\/#organization"},"image":{"@id":"https:\/\/egyuttfejlodunk.hu\/?p=11548#primaryimage"},"thumbnailUrl":"https:\/\/egyuttfejlodunk.hu\/wp-content\/uploads\/2026\/06\/IKOP-310-15-2016-00005-foto-6-1.jpg","keywords":["k\u00f6zleked\u00e9sfejleszt\u00e9s","v\u00e1rosfejleszt\u00e9s"],"articleSection":["Ikop"],"inLanguage":"hu"},{"@type":"WebPage","@id":"https:\/\/egyuttfejlodunk.hu\/?p=11548","url":"https:\/\/egyuttfejlodunk.hu\/?p=11548","name":"\u00dajabb villamosokat kaptunk - Egy\u00fctt fejl\u0151d\u00fcnk","isPartOf":{"@id":"https:\/\/egyuttfejlodunk.hu\/#website"},"primaryImageOfPage":{"@id":"https:\/\/egyuttfejlodunk.hu\/?p=11548#primaryimage"},"image":{"@id":"https:\/\/egyuttfejlodunk.hu\/?p=11548#primaryimage"},"thumbnailUrl":"https:\/\/egyuttfejlodunk.hu\/wp-content\/uploads\/2026\/06\/IKOP-310-15-2016-00005-foto-6-1.jpg","datePublished":"2026-05-20T18:38:34+00:00","dateModified":"2026-08-28T07:27:00+00:00","breadcrumb":{"@id":"https:\/\/egyuttfejlodunk.hu\/?p=11548#breadcrumb"},"inLanguage":"hu","potentialAction":[{"@type":"ReadAction","target":["https:\/\/egyuttfejlodunk.hu\/?p=11548"]}]},{"@type":"ImageObject","inLanguage":"hu","@id":"https:\/\/egyuttfejlodunk.hu\/?p=11548#primaryimage","url":"https:\/\/egyuttfejlodunk.hu\/wp-content\/uploads\/2026\/06\/IKOP-310-15-2016-00005-foto-6-1.jpg","contentUrl":"https:\/\/egyuttfejlodunk.hu\/wp-content\/uploads\/2026\/06\/IKOP-310-15-2016-00005-foto-6-1.jpg","width":1373,"height":464},{"@type":"BreadcrumbList","@id":"https:\/\/egyuttfejlodunk.hu\/?p=11548#breadcrumb","itemListElement":[{"@type":"ListItem","position":1,"name":"Home","item":"https:\/\/egyuttfejlodunk.hu\/"},{"@type":"ListItem","position":2,"name":"\u00dajabb villamosokat kaptunk"}]},{"@type":"WebSite","@id":"https:\/\/egyuttfejlodunk.hu\/#website","url":"https:\/\/egyuttfejlodunk.hu\/","name":"Egy\u00fctt fejl\u0151d\u00fcnk","description":"","publisher":{"@id":"https:\/\/egyuttfejlodunk.hu\/#organization"},"potentialAction":[{"@type":"SearchAction","target":{"@type":"EntryPoint","urlTemplate":"https:\/\/egyuttfejlodunk.hu\/?s={search_term_string}"},"query-input":{"@type":"PropertyValueSpecification","valueRequired":true,"valueName":"search_term_string"}}],"inLanguage":"hu"},{"@type":"Organization","@id":"https:\/\/egyuttfejlodunk.hu\/#organization","name":"Egy\u00fctt fejl\u0151d\u00fcnk","url":"https:\/\/egyuttfejlodunk.hu\/","logo":{"@type":"ImageObject","inLanguage":"hu","@id":"https:\/\/egyuttfejlodunk.hu\/#\/schema\/logo\/image\/","url":"https:\/\/egyuttfejlodunk.hu\/wp-content\/uploads\/2026\/04\/ujlogo.jpg","contentUrl":"https:\/\/egyuttfejlodunk.hu\/wp-content\/uploads\/2026\/04\/ujlogo.jpg","width":350,"height":110,"caption":"Egy\u00fctt fejl\u0151d\u00fcnk"},"image":{"@id":"https:\/\/egyuttfejlodunk.hu\/#\/schema\/logo\/image\/"}},{"@type":"Person","@id":"https:\/\/egyuttfejlodunk.hu\/#\/schema\/person\/94cc2e6bf0b14e6d5de3d603885ed8c5","name":"T\u00f3th Ferenc"}]}},"_links":{"self":[{"href":"https:\/\/egyuttfejlodunk.hu\/index.php?rest_route=\/wp\/v2\/posts\/11548","targetHints":{"allow":["GET"]}}],"collection":[{"href":"https:\/\/egyuttfejlodunk.hu\/index.php?rest_route=\/wp\/v2\/posts"}],"about":[{"href":"https:\/\/egyuttfejlodunk.hu\/index.php?rest_route=\/wp\/v2\/types\/post"}],"author":[{"embeddable":true,"href":"https:\/\/egyuttfejlodunk.hu\/index.php?rest_route=\/wp\/v2\/users\/30"}],"replies":[{"embeddable":true,"href":"https:\/\/egyuttfejlodunk.hu\/index.php?rest_route=%2Fwp%2Fv2%2Fcomments&post=11548"}],"version-history":[{"count":5,"href":"https:\/\/egyuttfejlodunk.hu\/index.php?rest_route=\/wp\/v2\/posts\/11548\/revisions"}],"predecessor-version":[{"id":12067,"href":"https:\/\/egyuttfejlodunk.hu\/index.php?rest_route=\/wp\/v2\/posts\/11548\/revisions\/12067"}],"wp:featuredmedia":[{"embeddable":true,"href":"https:\/\/egyuttfejlodunk.hu\/index.php?rest_route=\/wp\/v2\/media\/11549"}],"wp:attachment":[{"href":"https:\/\/egyuttfejlodunk.hu\/index.php?rest_route=%2Fwp%2Fv2%2Fmedia&parent=11548"}],"wp:term":[{"taxonomy":"category","embeddable":true,"href":"https:\/\/egyuttfejlodunk.hu\/index.php?rest_route=%2Fwp%2Fv2%2Fcategories&post=11548"},{"taxonomy":"post_tag","embeddable":true,"href":"https:\/\/egyuttfejlodunk.hu\/index.php?rest_route=%2Fwp%2Fv2%2Ftags&post=11548"},{"taxonomy":"megye","embeddable":true,"href":"https:\/\/egyuttfejlodunk.hu\/index.php?rest_route=%2Fwp%2Fv2%2Fmegye&post=11548"}],"curies":[{"name":"wp","href":"https:\/\/api.w.org\/{rel}","templated":true}]}}