{"id":11620,"date":"2026-06-02T05:46:46","date_gmt":"2026-06-02T03:46:46","guid":{"rendered":"https:\/\/egyuttfejlodunk.hu\/?p=11620"},"modified":"2026-06-16T05:48:03","modified_gmt":"2026-06-16T03:48:03","slug":"igy-kommunikal-ma-az-eu","status":"publish","type":"post","link":"https:\/\/egyuttfejlodunk.hu\/?p=11620","title":{"rendered":"\u00cdgy kommunik\u00e1l ma az EU"},"content":{"rendered":"<p><b>Az \u00e1llampolg\u00e1rok akt\u00edv bevon\u00e1sa \u00e9s a hiteles, k\u00f6z\u00e9rthet\u0151 kommunik\u00e1ci\u00f3 \u00e1llt a k\u00f6z\u00e9ppontban a 10. Inform EU rendezv\u00e9nyen, amelyet 2026 m\u00e1jus\u00e1ban rendeztek meg a g\u00f6r\u00f6gorsz\u00e1gi Kalamat\u00e1ban. Az Eur\u00f3pai Uni\u00f3 fejleszt\u00e9spolitikai kommunik\u00e1ci\u00f3s szakembereinek egyik legfontosabb k\u00f6z\u00f6ss\u00e9gi esem\u00e9ny\u00e9n a Nemzeti Fejleszt\u00e9si K\u00f6zpont (NFK) munkat\u00e1rsai is r\u00e9szt vettek.<\/b><\/p>\n<div class=\"col-12\">\n<div>\n<div data-texteditor=\"1\">\n<p>A h\u00e1romnapos szakmai f\u00f3rum c\u00e9lja az volt, hogy a r\u00e9sztvev\u0151k k\u00f6z\u00f6sen gondolkodjanak arr\u00f3l, mik\u00e9nt lehet k\u00f6zelebb hozni az emberekhez \u00e9s k\u00f6z\u00e9rthet\u0151en bemutatni az eur\u00f3pai uni\u00f3s forr\u00e1sokb\u00f3l megval\u00f3sul\u00f3 fejleszt\u00e9sek mindennapi \u00e9letre gyakorolt hat\u00e1s\u00e1t. Az idei esem\u00e9ny az \u201eEngaging with citizens\u201d mott\u00f3 jegy\u00e9ben zajlott, kiemelt figyelmet ford\u00edtva arra, hogyan lehet akt\u00edv szerepl\u0151k\u00e9nt bevonni az \u00e1llampolg\u00e1rokat az uni\u00f3s fejleszt\u00e9sek kommunik\u00e1ci\u00f3j\u00e1ba.<\/p>\n<p>A konferencia els\u0151 napj\u00e1n a g\u00f6r\u00f6g szervez\u0151k k\u00f6sz\u00f6nt\u0151j\u00e9t k\u00f6vet\u0151en panelbesz\u00e9lget\u00e9sek vizsg\u00e1lt\u00e1k, hogyan lehet felkelteni \u00e9s fenntartani az \u00e1llampolg\u00e1rok \u00e9rdekl\u0151d\u00e9s\u00e9t az uni\u00f3s projektek ir\u00e1nt. A szak\u00e9rt\u0151k egyet\u00e9rtettek abban, hogy a k\u00f6zvetlen bevon\u00e1s \u00e9s a bizalom\u00e9p\u00edt\u00e9s ma m\u00e1r fontosabb, mint a hagyom\u00e1nyos, egyir\u00e1ny\u00fa t\u00e1j\u00e9koztat\u00e1s. T\u00f6bb el\u0151ad\u00e1s foglalkozott az Eur\u00f3pai Bizotts\u00e1g r\u00e9szv\u00e9teli kezdem\u00e9nyez\u00e9seivel is, k\u00f6zt\u00fck a \u201eHave your say\u201d online platformmal, amely lehet\u0151s\u00e9get biztos\u00edt az uni\u00f3s polg\u00e1rok sz\u00e1m\u00e1ra jogszab\u00e1lytervezetek v\u00e9lem\u00e9nyez\u00e9s\u00e9re \u00e9s polg\u00e1ri kezdem\u00e9nyez\u00e9sek t\u00e1mogat\u00e1s\u00e1ra. A fiatal gener\u00e1ci\u00f3 megsz\u00f3l\u00edt\u00e1sa szint\u00e9n hangs\u00falyos t\u00e9mak\u00e9nt jelent meg. A r\u00e9sztvev\u0151k sz\u00e1mos p\u00e9ld\u00e1n kereszt\u00fcl ismerhett\u00e9k meg, hogy a val\u00f3s emberi t\u00f6rt\u00e9netekre \u00e9p\u00edt\u0151 kommunik\u00e1ci\u00f3 sokkal k\u00f6nnyebben teremt kapcsolatot a k\u00f6z\u00f6ns\u00e9ggel. J\u00f3 gyakorlatk\u00e9nt mutatt\u00e1k be a g\u00f6r\u00f6gorsz\u00e1gi postare.gr platformot is, amely a f\u00f6ldrajzi adotts\u00e1gok miatt nehezebben el\u00e9rhet\u0151k sz\u00e1m\u00e1ra biztos\u00edt k\u00f6zvetlen kapcsol\u00f3d\u00e1si lehet\u0151s\u00e9get a d\u00f6nt\u00e9shoz\u00f3khoz fejleszt\u00e9si ig\u00e9nyeik megoszt\u00e1s\u00e1ra.<\/p>\n<p>A m\u00e1sodik napon az NFK munkat\u00e1rsai projektl\u00e1togat\u00e1sokon vettek r\u00e9szt, ahol t\u00f6bbek k\u00f6z\u00f6tt egy olyan Public-Private Partnership konstrukci\u00f3 m\u0171k\u00f6d\u00e9s\u00e9t is megismerhett\u00e9k, amely hossz\u00fa t\u00e1v\u00fa egy\u00fcttm\u0171k\u00f6d\u00e9sre \u00e9p\u00fcl a mag\u00e1nszektor \u00e9s a k\u00f6zhatalmi szerepl\u0151k k\u00f6z\u00f6tt. A d\u00e9lut\u00e1n egyik kiemelt programeleme egy Oxford-st\u00edlus\u00fa vita volt, amely azt a k\u00e9rd\u00e9st j\u00e1rta k\u00f6r\u00fcl, hogy a kommunik\u00e1ci\u00f3 \u00f6nmag\u00e1ban k\u00e9pes-e megsz\u00f3l\u00edtani az uni\u00f3s fejleszt\u00e9sekkel szemben szkeptikus c\u00e9lcsoportokat. Ezt k\u00f6vet\u0151en nyolc tag\u00e1llam mutatta be interakt\u00edv form\u00e1ban saj\u00e1t projektjeit. Hazai r\u00e9szr\u0151l a Magyar M\u00e1ltai Szeretetszolg\u00e1lat Emberi Er\u0151forr\u00e1s Fejleszt\u00e9si Operat\u00edv Program Plusz keret\u00e9ben megval\u00f3sul\u00f3 <a href=\"https:\/\/www.palyazat.gov.hu\/eredmenyek\/tamogatott-projektek\/3851580201\" rel=\"noopener noreferrer nofollow\">Jelenl\u00e9t a felz\u00e1rk\u00f3z\u00f3 telep\u00fcl\u00e9seken<\/a> projektj\u00e9t vitt\u00fck, ami nemzetk\u00f6zi viszonylatban is kiemelked\u0151en j\u00f3 gyakorlatnak sz\u00e1m\u00edt, hiszen a r\u00e9sztvev\u0151 orsz\u00e1gok k\u00f6z\u00fcl egyetlen m\u00e1s deleg\u00e1lt sem mutatott be p\u00e9ldak\u00e9nt hasonl\u00f3an nagyszab\u00e1s\u00fa, komplex programot a t\u00e1rsadalmi felz\u00e1rk\u00f3z\u00e1s ter\u00fclet\u00e9n. A prezent\u00e1ci\u00f3k k\u00f6z\u00f6s tapasztalata szerint a kommunik\u00e1ci\u00f3 akkor m\u0171k\u00f6dik igaz\u00e1n hat\u00e9konyan, ha k\u00e9pes kapcsol\u00f3dni m\u00e1r megl\u00e9v\u0151 k\u00f6z\u00f6ss\u00e9gi \u00e9s kultur\u00e1lis esem\u00e9nyekhez, illetve n\u00e9pszer\u0171 platformokhoz. T\u00f6bb orsz\u00e1g sikeresen alkalmazott telev\u00edzi\u00f3s sorozatokhoz, vide\u00f3j\u00e1t\u00e9kokhoz vagy orsz\u00e1gos kultur\u00e1lis kamp\u00e1nyokhoz kapcsol\u00f3d\u00f3 kreat\u00edv kommunik\u00e1ci\u00f3s megold\u00e1sokat a fiatalabb, nehezebben el\u00e9rhet\u0151 c\u00e9lcsoportok megsz\u00f3l\u00edt\u00e1s\u00e1ra.<\/p>\n<p>A konferencia harmadik napj\u00e1n a gyakorlati kommunik\u00e1ci\u00f3s megold\u00e1sok ker\u00fcltek f\u00f3kuszba. A workshopok az akad\u00e1lymentes kommunik\u00e1ci\u00f3, a kreat\u00edv vide\u00f3k\u00e9sz\u00edt\u00e9s, valamint a mesters\u00e9ges intelligencia \u00e9s a chatbotok kommunik\u00e1ci\u00f3s alkalmaz\u00e1s\u00e1nak lehet\u0151s\u00e9geit j\u00e1rt\u00e1k k\u00f6r\u00fcl. A rendezv\u00e9ny z\u00e1r\u00e1sak\u00e9nt az Eur\u00f3pa-napi program r\u00e9szek\u00e9nt Kalamata f\u0151ter\u00e9n lehet\u0151s\u00e9g ny\u00edlt a tag\u00e1llami projektek bemutat\u00e1s\u00e1ra is. A magyar bemutatkoz\u00e1st Sz\u00f6cske Szecs\u0151, a fejleszt\u00e9spolitika kabala\u00e1llata seg\u00edtette, hogy a magyarorsz\u00e1gi uni\u00f3s fejleszt\u00e9sek j\u00e1t\u00e9kosabb, k\u00f6zvetlenebb form\u00e1ban v\u00e1ljanak l\u00e1that\u00f3v\u00e1 a nemzetk\u00f6zi k\u00f6z\u00f6ns\u00e9g sz\u00e1m\u00e1ra.<\/p>\n<p>Az esem\u00e9nysorozat legfontosabb \u00fczenete egy\u00e9rtelm\u0171 volt: a sikeres uni\u00f3s kommunik\u00e1ci\u00f3 alapja ma m\u00e1r nem puszt\u00e1n az inform\u00e1ci\u00f3\u00e1tad\u00e1s, hanem a p\u00e1rbesz\u00e9d, a meghallgat\u00e1s \u00e9s a bizalom\u00e9p\u00edt\u00e9s.<\/p>\n<\/div>\n<\/div>\n<\/div>\n","protected":false},"excerpt":{"rendered":"<p>Az \u00e1llampolg\u00e1rok akt\u00edv bevon\u00e1sa \u00e9s a hiteles, k\u00f6z\u00e9rthet\u0151 kommunik\u00e1ci\u00f3 \u00e1llt a k\u00f6z\u00e9ppontban a 10. Inform EU rendezv\u00e9nyen, amelyet 2026 m\u00e1jus\u00e1ban rendeztek meg a g\u00f6r\u00f6gorsz\u00e1gi Kalamat\u00e1ban. Az Eur\u00f3pai Uni\u00f3 fejleszt\u00e9spolitikai kommunik\u00e1ci\u00f3s szakembereinek egyik legfontosabb k\u00f6z\u00f6ss\u00e9gi esem\u00e9ny\u00e9n a Nemzeti Fejleszt\u00e9si K\u00f6zpont (NFK) munkat\u00e1rsai is r\u00e9szt vettek. A h\u00e1romnapos szakmai f\u00f3rum c\u00e9lja az volt, hogy a r\u00e9sztvev\u0151k k\u00f6z\u00f6sen gondolkodjanak arr\u00f3l, mik\u00e9nt lehet k\u00f6zelebb hozni az emberekhez \u00e9s k\u00f6z\u00e9rthet\u0151en bemutatni az eur\u00f3pai uni\u00f3s forr\u00e1sokb\u00f3l megval\u00f3sul\u00f3 fejleszt\u00e9sek mindennapi \u00e9letre gyakorolt&#8230;<\/p>\n","protected":false},"author":30,"featured_media":11621,"comment_status":"closed","ping_status":"closed","sticky":false,"template":"","format":"standard","meta":{"_acf_changed":false,"ngg_post_thumbnail":0,"footnotes":""},"categories":[793],"tags":[],"megye":[],"class_list":["post-11620","post","type-post","status-publish","format-standard","has-post-thumbnail","hentry","category-szechenyi-plusz-hirek-hu"],"acf":[],"yoast_head":"<!-- This site is optimized with the Yoast SEO Premium plugin v28.4 (Yoast SEO v28.4) - https:\/\/yoast.com\/product\/yoast-seo-premium-wordpress\/ -->\n<title>\u00cdgy kommunik\u00e1l ma az EU - Egy\u00fctt fejl\u0151d\u00fcnk<\/title>\n<meta name=\"robots\" content=\"noindex, follow, max-snippet:-1, max-image-preview:large, max-video-preview:-1\" \/>\n<meta property=\"og:locale\" content=\"hu_HU\" \/>\n<meta property=\"og:type\" content=\"article\" \/>\n<meta property=\"og:title\" content=\"\u00cdgy kommunik\u00e1l ma az EU\" \/>\n<meta property=\"og:description\" content=\"Az \u00e1llampolg\u00e1rok akt\u00edv bevon\u00e1sa \u00e9s a hiteles, k\u00f6z\u00e9rthet\u0151 kommunik\u00e1ci\u00f3 \u00e1llt a k\u00f6z\u00e9ppontban a 10. Inform EU rendezv\u00e9nyen, amelyet 2026 m\u00e1jus\u00e1ban rendeztek meg a g\u00f6r\u00f6gorsz\u00e1gi Kalamat\u00e1ban. Az Eur\u00f3pai Uni\u00f3 fejleszt\u00e9spolitikai kommunik\u00e1ci\u00f3s szakembereinek egyik legfontosabb k\u00f6z\u00f6ss\u00e9gi esem\u00e9ny\u00e9n a Nemzeti Fejleszt\u00e9si K\u00f6zpont (NFK) munkat\u00e1rsai is r\u00e9szt vettek. A h\u00e1romnapos szakmai f\u00f3rum c\u00e9lja az volt, hogy a r\u00e9sztvev\u0151k k\u00f6z\u00f6sen gondolkodjanak arr\u00f3l, mik\u00e9nt lehet k\u00f6zelebb hozni az emberekhez \u00e9s k\u00f6z\u00e9rthet\u0151en bemutatni az eur\u00f3pai uni\u00f3s forr\u00e1sokb\u00f3l megval\u00f3sul\u00f3 fejleszt\u00e9sek mindennapi \u00e9letre gyakorolt...\" \/>\n<meta property=\"og:url\" content=\"https:\/\/egyuttfejlodunk.hu\/?p=11620\" \/>\n<meta property=\"og:site_name\" content=\"Egy\u00fctt fejl\u0151d\u00fcnk\" \/>\n<meta property=\"article:published_time\" content=\"2026-06-02T03:46:46+00:00\" \/>\n<meta property=\"article:modified_time\" content=\"2026-06-16T03:48:03+00:00\" \/>\n<meta property=\"og:image\" content=\"https:\/\/egyuttfejlodunk.hu\/wp-content\/uploads\/2026\/06\/6a06e1ae67b9a968c4f7447c.webp\" \/>\n\t<meta property=\"og:image:width\" content=\"960\" \/>\n\t<meta property=\"og:image:height\" content=\"540\" \/>\n\t<meta property=\"og:image:type\" content=\"image\/webp\" \/>\n<meta name=\"author\" content=\"T\u00f3th Ferenc\" \/>\n<meta name=\"twitter:card\" content=\"summary_large_image\" \/>\n<meta name=\"twitter:label1\" content=\"Szerz\u0151:\" \/>\n\t<meta name=\"twitter:data1\" content=\"T\u00f3th Ferenc\" \/>\n\t<meta name=\"twitter:label2\" content=\"Becs\u00fclt olvas\u00e1si id\u0151\" \/>\n\t<meta name=\"twitter:data2\" content=\"3 perc\" \/>\n<script type=\"application\/ld+json\" class=\"yoast-schema-graph\">{\"@context\":\"https:\\\/\\\/schema.org\",\"@graph\":[{\"@type\":\"Article\",\"@id\":\"https:\\\/\\\/egyuttfejlodunk.hu\\\/?p=11620#article\",\"isPartOf\":{\"@id\":\"https:\\\/\\\/egyuttfejlodunk.hu\\\/?p=11620\"},\"author\":{\"name\":\"T\u00f3th Ferenc\",\"@id\":\"https:\\\/\\\/egyuttfejlodunk.hu\\\/#\\\/schema\\\/person\\\/94cc2e6bf0b14e6d5de3d603885ed8c5\"},\"headline\":\"\u00cdgy kommunik\u00e1l ma az EU\",\"datePublished\":\"2026-06-02T03:46:46+00:00\",\"dateModified\":\"2026-06-16T03:48:03+00:00\",\"mainEntityOfPage\":{\"@id\":\"https:\\\/\\\/egyuttfejlodunk.hu\\\/?p=11620\"},\"wordCount\":857,\"publisher\":{\"@id\":\"https:\\\/\\\/egyuttfejlodunk.hu\\\/#organization\"},\"image\":{\"@id\":\"https:\\\/\\\/egyuttfejlodunk.hu\\\/?p=11620#primaryimage\"},\"thumbnailUrl\":\"https:\\\/\\\/egyuttfejlodunk.hu\\\/wp-content\\\/uploads\\\/2026\\\/06\\\/6a06e1ae67b9a968c4f7447c.webp\",\"articleSection\":[\"sz\u00e9chenyi plusz h\u00edrek\"],\"inLanguage\":\"hu\"},{\"@type\":\"WebPage\",\"@id\":\"https:\\\/\\\/egyuttfejlodunk.hu\\\/?p=11620\",\"url\":\"https:\\\/\\\/egyuttfejlodunk.hu\\\/?p=11620\",\"name\":\"\u00cdgy kommunik\u00e1l ma az EU - Egy\u00fctt fejl\u0151d\u00fcnk\",\"isPartOf\":{\"@id\":\"https:\\\/\\\/egyuttfejlodunk.hu\\\/#website\"},\"primaryImageOfPage\":{\"@id\":\"https:\\\/\\\/egyuttfejlodunk.hu\\\/?p=11620#primaryimage\"},\"image\":{\"@id\":\"https:\\\/\\\/egyuttfejlodunk.hu\\\/?p=11620#primaryimage\"},\"thumbnailUrl\":\"https:\\\/\\\/egyuttfejlodunk.hu\\\/wp-content\\\/uploads\\\/2026\\\/06\\\/6a06e1ae67b9a968c4f7447c.webp\",\"datePublished\":\"2026-06-02T03:46:46+00:00\",\"dateModified\":\"2026-06-16T03:48:03+00:00\",\"breadcrumb\":{\"@id\":\"https:\\\/\\\/egyuttfejlodunk.hu\\\/?p=11620#breadcrumb\"},\"inLanguage\":\"hu\",\"potentialAction\":[{\"@type\":\"ReadAction\",\"target\":[\"https:\\\/\\\/egyuttfejlodunk.hu\\\/?p=11620\"]}]},{\"@type\":\"ImageObject\",\"inLanguage\":\"hu\",\"@id\":\"https:\\\/\\\/egyuttfejlodunk.hu\\\/?p=11620#primaryimage\",\"url\":\"https:\\\/\\\/egyuttfejlodunk.hu\\\/wp-content\\\/uploads\\\/2026\\\/06\\\/6a06e1ae67b9a968c4f7447c.webp\",\"contentUrl\":\"https:\\\/\\\/egyuttfejlodunk.hu\\\/wp-content\\\/uploads\\\/2026\\\/06\\\/6a06e1ae67b9a968c4f7447c.webp\",\"width\":960,\"height\":540},{\"@type\":\"BreadcrumbList\",\"@id\":\"https:\\\/\\\/egyuttfejlodunk.hu\\\/?p=11620#breadcrumb\",\"itemListElement\":[{\"@type\":\"ListItem\",\"position\":1,\"name\":\"Home\",\"item\":\"https:\\\/\\\/egyuttfejlodunk.hu\\\/\"},{\"@type\":\"ListItem\",\"position\":2,\"name\":\"\u00cdgy kommunik\u00e1l ma az EU\"}]},{\"@type\":\"WebSite\",\"@id\":\"https:\\\/\\\/egyuttfejlodunk.hu\\\/#website\",\"url\":\"https:\\\/\\\/egyuttfejlodunk.hu\\\/\",\"name\":\"Egy\u00fctt fejl\u0151d\u00fcnk\",\"description\":\"\",\"publisher\":{\"@id\":\"https:\\\/\\\/egyuttfejlodunk.hu\\\/#organization\"},\"potentialAction\":[{\"@type\":\"SearchAction\",\"target\":{\"@type\":\"EntryPoint\",\"urlTemplate\":\"https:\\\/\\\/egyuttfejlodunk.hu\\\/?s={search_term_string}\"},\"query-input\":{\"@type\":\"PropertyValueSpecification\",\"valueRequired\":true,\"valueName\":\"search_term_string\"}}],\"inLanguage\":\"hu\"},{\"@type\":\"Organization\",\"@id\":\"https:\\\/\\\/egyuttfejlodunk.hu\\\/#organization\",\"name\":\"Egy\u00fctt fejl\u0151d\u00fcnk\",\"url\":\"https:\\\/\\\/egyuttfejlodunk.hu\\\/\",\"logo\":{\"@type\":\"ImageObject\",\"inLanguage\":\"hu\",\"@id\":\"https:\\\/\\\/egyuttfejlodunk.hu\\\/#\\\/schema\\\/logo\\\/image\\\/\",\"url\":\"https:\\\/\\\/egyuttfejlodunk.hu\\\/wp-content\\\/uploads\\\/2026\\\/04\\\/ujlogo.jpg\",\"contentUrl\":\"https:\\\/\\\/egyuttfejlodunk.hu\\\/wp-content\\\/uploads\\\/2026\\\/04\\\/ujlogo.jpg\",\"width\":350,\"height\":110,\"caption\":\"Egy\u00fctt fejl\u0151d\u00fcnk\"},\"image\":{\"@id\":\"https:\\\/\\\/egyuttfejlodunk.hu\\\/#\\\/schema\\\/logo\\\/image\\\/\"}},{\"@type\":\"Person\",\"@id\":\"https:\\\/\\\/egyuttfejlodunk.hu\\\/#\\\/schema\\\/person\\\/94cc2e6bf0b14e6d5de3d603885ed8c5\",\"name\":\"T\u00f3th Ferenc\"}]}<\/script>\n<!-- \/ Yoast SEO Premium plugin. -->","yoast_head_json":{"title":"\u00cdgy kommunik\u00e1l ma az EU - Egy\u00fctt fejl\u0151d\u00fcnk","robots":{"index":"noindex","follow":"follow","max-snippet":"max-snippet:-1","max-image-preview":"max-image-preview:large","max-video-preview":"max-video-preview:-1"},"og_locale":"hu_HU","og_type":"article","og_title":"\u00cdgy kommunik\u00e1l ma az EU","og_description":"Az \u00e1llampolg\u00e1rok akt\u00edv bevon\u00e1sa \u00e9s a hiteles, k\u00f6z\u00e9rthet\u0151 kommunik\u00e1ci\u00f3 \u00e1llt a k\u00f6z\u00e9ppontban a 10. Inform EU rendezv\u00e9nyen, amelyet 2026 m\u00e1jus\u00e1ban rendeztek meg a g\u00f6r\u00f6gorsz\u00e1gi Kalamat\u00e1ban. Az Eur\u00f3pai Uni\u00f3 fejleszt\u00e9spolitikai kommunik\u00e1ci\u00f3s szakembereinek egyik legfontosabb k\u00f6z\u00f6ss\u00e9gi esem\u00e9ny\u00e9n a Nemzeti Fejleszt\u00e9si K\u00f6zpont (NFK) munkat\u00e1rsai is r\u00e9szt vettek. A h\u00e1romnapos szakmai f\u00f3rum c\u00e9lja az volt, hogy a r\u00e9sztvev\u0151k k\u00f6z\u00f6sen gondolkodjanak arr\u00f3l, mik\u00e9nt lehet k\u00f6zelebb hozni az emberekhez \u00e9s k\u00f6z\u00e9rthet\u0151en bemutatni az eur\u00f3pai uni\u00f3s forr\u00e1sokb\u00f3l megval\u00f3sul\u00f3 fejleszt\u00e9sek mindennapi \u00e9letre gyakorolt...","og_url":"https:\/\/egyuttfejlodunk.hu\/?p=11620","og_site_name":"Egy\u00fctt fejl\u0151d\u00fcnk","article_published_time":"2026-06-02T03:46:46+00:00","article_modified_time":"2026-06-16T03:48:03+00:00","og_image":[{"width":960,"height":540,"url":"https:\/\/egyuttfejlodunk.hu\/wp-content\/uploads\/2026\/06\/6a06e1ae67b9a968c4f7447c.webp","type":"image\/webp"}],"author":"T\u00f3th Ferenc","twitter_card":"summary_large_image","twitter_misc":{"Szerz\u0151:":"T\u00f3th Ferenc","Becs\u00fclt olvas\u00e1si id\u0151":"3 perc"},"schema":{"@context":"https:\/\/schema.org","@graph":[{"@type":"Article","@id":"https:\/\/egyuttfejlodunk.hu\/?p=11620#article","isPartOf":{"@id":"https:\/\/egyuttfejlodunk.hu\/?p=11620"},"author":{"name":"T\u00f3th Ferenc","@id":"https:\/\/egyuttfejlodunk.hu\/#\/schema\/person\/94cc2e6bf0b14e6d5de3d603885ed8c5"},"headline":"\u00cdgy kommunik\u00e1l ma az EU","datePublished":"2026-06-02T03:46:46+00:00","dateModified":"2026-06-16T03:48:03+00:00","mainEntityOfPage":{"@id":"https:\/\/egyuttfejlodunk.hu\/?p=11620"},"wordCount":857,"publisher":{"@id":"https:\/\/egyuttfejlodunk.hu\/#organization"},"image":{"@id":"https:\/\/egyuttfejlodunk.hu\/?p=11620#primaryimage"},"thumbnailUrl":"https:\/\/egyuttfejlodunk.hu\/wp-content\/uploads\/2026\/06\/6a06e1ae67b9a968c4f7447c.webp","articleSection":["sz\u00e9chenyi plusz h\u00edrek"],"inLanguage":"hu"},{"@type":"WebPage","@id":"https:\/\/egyuttfejlodunk.hu\/?p=11620","url":"https:\/\/egyuttfejlodunk.hu\/?p=11620","name":"\u00cdgy kommunik\u00e1l ma az EU - Egy\u00fctt fejl\u0151d\u00fcnk","isPartOf":{"@id":"https:\/\/egyuttfejlodunk.hu\/#website"},"primaryImageOfPage":{"@id":"https:\/\/egyuttfejlodunk.hu\/?p=11620#primaryimage"},"image":{"@id":"https:\/\/egyuttfejlodunk.hu\/?p=11620#primaryimage"},"thumbnailUrl":"https:\/\/egyuttfejlodunk.hu\/wp-content\/uploads\/2026\/06\/6a06e1ae67b9a968c4f7447c.webp","datePublished":"2026-06-02T03:46:46+00:00","dateModified":"2026-06-16T03:48:03+00:00","breadcrumb":{"@id":"https:\/\/egyuttfejlodunk.hu\/?p=11620#breadcrumb"},"inLanguage":"hu","potentialAction":[{"@type":"ReadAction","target":["https:\/\/egyuttfejlodunk.hu\/?p=11620"]}]},{"@type":"ImageObject","inLanguage":"hu","@id":"https:\/\/egyuttfejlodunk.hu\/?p=11620#primaryimage","url":"https:\/\/egyuttfejlodunk.hu\/wp-content\/uploads\/2026\/06\/6a06e1ae67b9a968c4f7447c.webp","contentUrl":"https:\/\/egyuttfejlodunk.hu\/wp-content\/uploads\/2026\/06\/6a06e1ae67b9a968c4f7447c.webp","width":960,"height":540},{"@type":"BreadcrumbList","@id":"https:\/\/egyuttfejlodunk.hu\/?p=11620#breadcrumb","itemListElement":[{"@type":"ListItem","position":1,"name":"Home","item":"https:\/\/egyuttfejlodunk.hu\/"},{"@type":"ListItem","position":2,"name":"\u00cdgy kommunik\u00e1l ma az EU"}]},{"@type":"WebSite","@id":"https:\/\/egyuttfejlodunk.hu\/#website","url":"https:\/\/egyuttfejlodunk.hu\/","name":"Egy\u00fctt fejl\u0151d\u00fcnk","description":"","publisher":{"@id":"https:\/\/egyuttfejlodunk.hu\/#organization"},"potentialAction":[{"@type":"SearchAction","target":{"@type":"EntryPoint","urlTemplate":"https:\/\/egyuttfejlodunk.hu\/?s={search_term_string}"},"query-input":{"@type":"PropertyValueSpecification","valueRequired":true,"valueName":"search_term_string"}}],"inLanguage":"hu"},{"@type":"Organization","@id":"https:\/\/egyuttfejlodunk.hu\/#organization","name":"Egy\u00fctt fejl\u0151d\u00fcnk","url":"https:\/\/egyuttfejlodunk.hu\/","logo":{"@type":"ImageObject","inLanguage":"hu","@id":"https:\/\/egyuttfejlodunk.hu\/#\/schema\/logo\/image\/","url":"https:\/\/egyuttfejlodunk.hu\/wp-content\/uploads\/2026\/04\/ujlogo.jpg","contentUrl":"https:\/\/egyuttfejlodunk.hu\/wp-content\/uploads\/2026\/04\/ujlogo.jpg","width":350,"height":110,"caption":"Egy\u00fctt fejl\u0151d\u00fcnk"},"image":{"@id":"https:\/\/egyuttfejlodunk.hu\/#\/schema\/logo\/image\/"}},{"@type":"Person","@id":"https:\/\/egyuttfejlodunk.hu\/#\/schema\/person\/94cc2e6bf0b14e6d5de3d603885ed8c5","name":"T\u00f3th Ferenc"}]}},"_links":{"self":[{"href":"https:\/\/egyuttfejlodunk.hu\/index.php?rest_route=\/wp\/v2\/posts\/11620","targetHints":{"allow":["GET"]}}],"collection":[{"href":"https:\/\/egyuttfejlodunk.hu\/index.php?rest_route=\/wp\/v2\/posts"}],"about":[{"href":"https:\/\/egyuttfejlodunk.hu\/index.php?rest_route=\/wp\/v2\/types\/post"}],"author":[{"embeddable":true,"href":"https:\/\/egyuttfejlodunk.hu\/index.php?rest_route=\/wp\/v2\/users\/30"}],"replies":[{"embeddable":true,"href":"https:\/\/egyuttfejlodunk.hu\/index.php?rest_route=%2Fwp%2Fv2%2Fcomments&post=11620"}],"version-history":[{"count":1,"href":"https:\/\/egyuttfejlodunk.hu\/index.php?rest_route=\/wp\/v2\/posts\/11620\/revisions"}],"predecessor-version":[{"id":11622,"href":"https:\/\/egyuttfejlodunk.hu\/index.php?rest_route=\/wp\/v2\/posts\/11620\/revisions\/11622"}],"wp:featuredmedia":[{"embeddable":true,"href":"https:\/\/egyuttfejlodunk.hu\/index.php?rest_route=\/wp\/v2\/media\/11621"}],"wp:attachment":[{"href":"https:\/\/egyuttfejlodunk.hu\/index.php?rest_route=%2Fwp%2Fv2%2Fmedia&parent=11620"}],"wp:term":[{"taxonomy":"category","embeddable":true,"href":"https:\/\/egyuttfejlodunk.hu\/index.php?rest_route=%2Fwp%2Fv2%2Fcategories&post=11620"},{"taxonomy":"post_tag","embeddable":true,"href":"https:\/\/egyuttfejlodunk.hu\/index.php?rest_route=%2Fwp%2Fv2%2Ftags&post=11620"},{"taxonomy":"megye","embeddable":true,"href":"https:\/\/egyuttfejlodunk.hu\/index.php?rest_route=%2Fwp%2Fv2%2Fmegye&post=11620"}],"curies":[{"name":"wp","href":"https:\/\/api.w.org\/{rel}","templated":true}]}}