{"id":11623,"date":"2026-06-02T05:48:14","date_gmt":"2026-06-02T03:48:14","guid":{"rendered":"https:\/\/egyuttfejlodunk.hu\/?p=11623"},"modified":"2026-06-16T05:48:42","modified_gmt":"2026-06-16T03:48:42","slug":"this-is-how-the-eu-communicates-today","status":"publish","type":"post","link":"https:\/\/egyuttfejlodunk.hu\/?p=11623&lang=en","title":{"rendered":"This is how the EU communicates today"},"content":{"rendered":"<p class=\"isSelectedEnd\">Active citizen engagement and credible, accessible communication were at the heart of the 10th Inform EU event, held in Kalamata, Greece, in May 2026. Staff members of the National Development Centre also took part in this major networking event for communication professionals working in EU development policy.<\/p>\n<p class=\"isSelectedEnd\">The aim of the three-day professional forum was to encourage participants to reflect together on how to bring EU-funded developments closer to people and how to present, in a clear and understandable way, their impact on everyday life. This year\u2019s event was held under the motto \u201cEngaging with Citizens\u201d, with a strong focus on how citizens can be involved as active participants in communicating EU-funded developments.<\/p>\n<p class=\"isSelectedEnd\">On the first day of the conference, following the welcome remarks by the Greek organisers, panel discussions explored how to attract and maintain citizens\u2019 interest in EU projects. Experts agreed that direct engagement and building trust are now more important than traditional one-way communication. Several presentations also focused on the European Commission\u2019s participatory initiatives, including the \u201cHave Your Say\u201d online platform, which enables EU citizens to comment on draft legislation and support citizens\u2019 initiatives.<\/p>\n<p class=\"isSelectedEnd\">Reaching younger generations was also a key topic. Through a wide range of examples, participants saw how communication built around real human stories can create a much stronger connection with audiences. The Greek platform postare.gr was also presented as a good practice example. Due to Greece\u2019s geographical characteristics, the platform provides people in harder-to-reach areas with a direct channel to decision-makers, allowing them to share their development needs.<\/p>\n<p class=\"isSelectedEnd\">On the second day, staff members of the National Development Centre took part in project visits. Among other things, they had the opportunity to learn about the operation of a Public-Private Partnership model based on long-term cooperation between the private sector and public authorities.<\/p>\n<p class=\"isSelectedEnd\">One of the highlights of the afternoon was an Oxford-style debate exploring whether communication alone is capable of reaching target groups that are sceptical about EU-funded developments. This was followed by interactive project presentations from eight Member States.<\/p>\n<p class=\"isSelectedEnd\">From Hungary, we presented the \u201cPresence in Catching-up Settlements\u201d project, implemented by the Hungarian Charity Service of the Order of Malta under the Human Resources Development Operational Programme Plus. The project is considered an outstanding good practice example at international level as well, since none of the other participating countries presented a similarly large-scale and complex programme in the field of social inclusion.<\/p>\n<p class=\"isSelectedEnd\">A shared lesson from the presentations was that communication works most effectively when it can connect to existing community and cultural events, as well as to popular platforms. Several countries have successfully used creative communication solutions linked to television series, video games or nationwide cultural campaigns to reach younger and harder-to-engage audiences.<\/p>\n<p class=\"isSelectedEnd\">On the third day of the conference, the focus shifted to practical communication solutions. The workshops explored accessible communication, creative video production, and the potential use of artificial intelligence and chatbots in communication. As part of the closing programme, and in connection with Europe Day, Member States also had the opportunity to present their projects in the main square of Kalamata.<\/p>\n<p class=\"isSelectedEnd\">Hungary\u2019s presentation was supported by Szecs\u0151 (the grasshopper), the development policy mascot, who helped make EU-funded developments in Hungary more visible to the international audience in a playful and engaging way.<\/p>\n<p>The key message of the event series was clear: successful EU communication today is no longer based solely on providing information, but on dialogue, listening and building trust.<\/p>\n","protected":false},"excerpt":{"rendered":"<p>Active citizen engagement and credible, accessible communication were at the heart of the 10th Inform EU event, held in Kalamata, Greece, in May 2026. Staff members of the National Development Centre also took part in this major networking event for communication professionals working in EU development policy. The aim of the three-day professional forum was to encourage participants to reflect together on how to bring EU-funded developments closer to people and how to present, in&#8230;<\/p>\n","protected":false},"author":30,"featured_media":11621,"comment_status":"closed","ping_status":"closed","sticky":false,"template":"","format":"standard","meta":{"_acf_changed":false,"ngg_post_thumbnail":0,"footnotes":""},"categories":[797],"tags":[],"megye":[],"class_list":["post-11623","post","type-post","status-publish","format-standard","has-post-thumbnail","hentry","category-szechenyi-plusz-news-en"],"acf":[],"yoast_head":"<!-- This site is optimized with the Yoast SEO Premium plugin v28.4 (Yoast SEO v28.4) - https:\/\/yoast.com\/product\/yoast-seo-premium-wordpress\/ -->\n<title>This is how the EU communicates today - Egy\u00fctt fejl\u0151d\u00fcnk<\/title>\n<meta name=\"robots\" content=\"noindex, follow, max-snippet:-1, max-image-preview:large, max-video-preview:-1\" \/>\n<meta property=\"og:locale\" content=\"hu_HU\" \/>\n<meta property=\"og:type\" content=\"article\" \/>\n<meta property=\"og:title\" content=\"This is how the EU communicates today\" \/>\n<meta property=\"og:description\" content=\"Active citizen engagement and credible, accessible communication were at the heart of the 10th Inform EU event, held in Kalamata, Greece, in May 2026. Staff members of the National Development Centre also took part in this major networking event for communication professionals working in EU development policy. The aim of the three-day professional forum was to encourage participants to reflect together on how to bring EU-funded developments closer to people and how to present, in...\" \/>\n<meta property=\"og:url\" content=\"https:\/\/egyuttfejlodunk.hu\/?p=11623&amp;lang=en\" \/>\n<meta property=\"og:site_name\" content=\"Egy\u00fctt fejl\u0151d\u00fcnk\" \/>\n<meta property=\"article:published_time\" content=\"2026-06-02T03:48:14+00:00\" \/>\n<meta property=\"article:modified_time\" content=\"2026-06-16T03:48:42+00:00\" \/>\n<meta property=\"og:image\" content=\"https:\/\/egyuttfejlodunk.hu\/wp-content\/uploads\/2026\/06\/6a06e1ae67b9a968c4f7447c.webp\" \/>\n\t<meta property=\"og:image:width\" content=\"960\" \/>\n\t<meta property=\"og:image:height\" content=\"540\" \/>\n\t<meta property=\"og:image:type\" content=\"image\/webp\" \/>\n<meta name=\"author\" content=\"T\u00f3th Ferenc\" \/>\n<meta name=\"twitter:card\" content=\"summary_large_image\" \/>\n<meta name=\"twitter:label1\" content=\"Szerz\u0151:\" \/>\n\t<meta name=\"twitter:data1\" content=\"T\u00f3th Ferenc\" \/>\n\t<meta name=\"twitter:label2\" content=\"Becs\u00fclt olvas\u00e1si id\u0151\" \/>\n\t<meta name=\"twitter:data2\" content=\"4 perc\" \/>\n<script type=\"application\/ld+json\" class=\"yoast-schema-graph\">{\"@context\":\"https:\\\/\\\/schema.org\",\"@graph\":[{\"@type\":\"Article\",\"@id\":\"https:\\\/\\\/egyuttfejlodunk.hu\\\/?p=11623&lang=en#article\",\"isPartOf\":{\"@id\":\"https:\\\/\\\/egyuttfejlodunk.hu\\\/?p=11623&lang=en\"},\"author\":{\"name\":\"T\u00f3th Ferenc\",\"@id\":\"https:\\\/\\\/egyuttfejlodunk.hu\\\/#\\\/schema\\\/person\\\/94cc2e6bf0b14e6d5de3d603885ed8c5\"},\"headline\":\"This is how the EU communicates today\",\"datePublished\":\"2026-06-02T03:48:14+00:00\",\"dateModified\":\"2026-06-16T03:48:42+00:00\",\"mainEntityOfPage\":{\"@id\":\"https:\\\/\\\/egyuttfejlodunk.hu\\\/?p=11623&lang=en\"},\"wordCount\":583,\"publisher\":{\"@id\":\"https:\\\/\\\/egyuttfejlodunk.hu\\\/#organization\"},\"image\":{\"@id\":\"https:\\\/\\\/egyuttfejlodunk.hu\\\/?p=11623&lang=en#primaryimage\"},\"thumbnailUrl\":\"https:\\\/\\\/egyuttfejlodunk.hu\\\/wp-content\\\/uploads\\\/2026\\\/06\\\/6a06e1ae67b9a968c4f7447c.webp\",\"articleSection\":[\"sz\u00e9chenyi plusz news\"],\"inLanguage\":\"hu\"},{\"@type\":\"WebPage\",\"@id\":\"https:\\\/\\\/egyuttfejlodunk.hu\\\/?p=11623&lang=en\",\"url\":\"https:\\\/\\\/egyuttfejlodunk.hu\\\/?p=11623&lang=en\",\"name\":\"This is how the EU communicates today - Egy\u00fctt fejl\u0151d\u00fcnk\",\"isPartOf\":{\"@id\":\"https:\\\/\\\/egyuttfejlodunk.hu\\\/#website\"},\"primaryImageOfPage\":{\"@id\":\"https:\\\/\\\/egyuttfejlodunk.hu\\\/?p=11623&lang=en#primaryimage\"},\"image\":{\"@id\":\"https:\\\/\\\/egyuttfejlodunk.hu\\\/?p=11623&lang=en#primaryimage\"},\"thumbnailUrl\":\"https:\\\/\\\/egyuttfejlodunk.hu\\\/wp-content\\\/uploads\\\/2026\\\/06\\\/6a06e1ae67b9a968c4f7447c.webp\",\"datePublished\":\"2026-06-02T03:48:14+00:00\",\"dateModified\":\"2026-06-16T03:48:42+00:00\",\"breadcrumb\":{\"@id\":\"https:\\\/\\\/egyuttfejlodunk.hu\\\/?p=11623&lang=en#breadcrumb\"},\"inLanguage\":\"hu\",\"potentialAction\":[{\"@type\":\"ReadAction\",\"target\":[\"https:\\\/\\\/egyuttfejlodunk.hu\\\/?p=11623&lang=en\"]}]},{\"@type\":\"ImageObject\",\"inLanguage\":\"hu\",\"@id\":\"https:\\\/\\\/egyuttfejlodunk.hu\\\/?p=11623&lang=en#primaryimage\",\"url\":\"https:\\\/\\\/egyuttfejlodunk.hu\\\/wp-content\\\/uploads\\\/2026\\\/06\\\/6a06e1ae67b9a968c4f7447c.webp\",\"contentUrl\":\"https:\\\/\\\/egyuttfejlodunk.hu\\\/wp-content\\\/uploads\\\/2026\\\/06\\\/6a06e1ae67b9a968c4f7447c.webp\",\"width\":960,\"height\":540},{\"@type\":\"BreadcrumbList\",\"@id\":\"https:\\\/\\\/egyuttfejlodunk.hu\\\/?p=11623&lang=en#breadcrumb\",\"itemListElement\":[{\"@type\":\"ListItem\",\"position\":1,\"name\":\"Home\",\"item\":\"https:\\\/\\\/egyuttfejlodunk.hu\\\/\"},{\"@type\":\"ListItem\",\"position\":2,\"name\":\"This is how the EU communicates today\"}]},{\"@type\":\"WebSite\",\"@id\":\"https:\\\/\\\/egyuttfejlodunk.hu\\\/#website\",\"url\":\"https:\\\/\\\/egyuttfejlodunk.hu\\\/\",\"name\":\"Egy\u00fctt fejl\u0151d\u00fcnk\",\"description\":\"\",\"publisher\":{\"@id\":\"https:\\\/\\\/egyuttfejlodunk.hu\\\/#organization\"},\"potentialAction\":[{\"@type\":\"SearchAction\",\"target\":{\"@type\":\"EntryPoint\",\"urlTemplate\":\"https:\\\/\\\/egyuttfejlodunk.hu\\\/?s={search_term_string}\"},\"query-input\":{\"@type\":\"PropertyValueSpecification\",\"valueRequired\":true,\"valueName\":\"search_term_string\"}}],\"inLanguage\":\"hu\"},{\"@type\":\"Organization\",\"@id\":\"https:\\\/\\\/egyuttfejlodunk.hu\\\/#organization\",\"name\":\"Egy\u00fctt fejl\u0151d\u00fcnk\",\"url\":\"https:\\\/\\\/egyuttfejlodunk.hu\\\/\",\"logo\":{\"@type\":\"ImageObject\",\"inLanguage\":\"hu\",\"@id\":\"https:\\\/\\\/egyuttfejlodunk.hu\\\/#\\\/schema\\\/logo\\\/image\\\/\",\"url\":\"https:\\\/\\\/egyuttfejlodunk.hu\\\/wp-content\\\/uploads\\\/2026\\\/04\\\/ujlogo.jpg\",\"contentUrl\":\"https:\\\/\\\/egyuttfejlodunk.hu\\\/wp-content\\\/uploads\\\/2026\\\/04\\\/ujlogo.jpg\",\"width\":350,\"height\":110,\"caption\":\"Egy\u00fctt fejl\u0151d\u00fcnk\"},\"image\":{\"@id\":\"https:\\\/\\\/egyuttfejlodunk.hu\\\/#\\\/schema\\\/logo\\\/image\\\/\"}},{\"@type\":\"Person\",\"@id\":\"https:\\\/\\\/egyuttfejlodunk.hu\\\/#\\\/schema\\\/person\\\/94cc2e6bf0b14e6d5de3d603885ed8c5\",\"name\":\"T\u00f3th Ferenc\"}]}<\/script>\n<!-- \/ Yoast SEO Premium plugin. -->","yoast_head_json":{"title":"This is how the EU communicates today - Egy\u00fctt fejl\u0151d\u00fcnk","robots":{"index":"noindex","follow":"follow","max-snippet":"max-snippet:-1","max-image-preview":"max-image-preview:large","max-video-preview":"max-video-preview:-1"},"og_locale":"hu_HU","og_type":"article","og_title":"This is how the EU communicates today","og_description":"Active citizen engagement and credible, accessible communication were at the heart of the 10th Inform EU event, held in Kalamata, Greece, in May 2026. Staff members of the National Development Centre also took part in this major networking event for communication professionals working in EU development policy. The aim of the three-day professional forum was to encourage participants to reflect together on how to bring EU-funded developments closer to people and how to present, in...","og_url":"https:\/\/egyuttfejlodunk.hu\/?p=11623&lang=en","og_site_name":"Egy\u00fctt fejl\u0151d\u00fcnk","article_published_time":"2026-06-02T03:48:14+00:00","article_modified_time":"2026-06-16T03:48:42+00:00","og_image":[{"width":960,"height":540,"url":"https:\/\/egyuttfejlodunk.hu\/wp-content\/uploads\/2026\/06\/6a06e1ae67b9a968c4f7447c.webp","type":"image\/webp"}],"author":"T\u00f3th Ferenc","twitter_card":"summary_large_image","twitter_misc":{"Szerz\u0151:":"T\u00f3th Ferenc","Becs\u00fclt olvas\u00e1si id\u0151":"4 perc"},"schema":{"@context":"https:\/\/schema.org","@graph":[{"@type":"Article","@id":"https:\/\/egyuttfejlodunk.hu\/?p=11623&lang=en#article","isPartOf":{"@id":"https:\/\/egyuttfejlodunk.hu\/?p=11623&lang=en"},"author":{"name":"T\u00f3th Ferenc","@id":"https:\/\/egyuttfejlodunk.hu\/#\/schema\/person\/94cc2e6bf0b14e6d5de3d603885ed8c5"},"headline":"This is how the EU communicates today","datePublished":"2026-06-02T03:48:14+00:00","dateModified":"2026-06-16T03:48:42+00:00","mainEntityOfPage":{"@id":"https:\/\/egyuttfejlodunk.hu\/?p=11623&lang=en"},"wordCount":583,"publisher":{"@id":"https:\/\/egyuttfejlodunk.hu\/#organization"},"image":{"@id":"https:\/\/egyuttfejlodunk.hu\/?p=11623&lang=en#primaryimage"},"thumbnailUrl":"https:\/\/egyuttfejlodunk.hu\/wp-content\/uploads\/2026\/06\/6a06e1ae67b9a968c4f7447c.webp","articleSection":["sz\u00e9chenyi plusz news"],"inLanguage":"hu"},{"@type":"WebPage","@id":"https:\/\/egyuttfejlodunk.hu\/?p=11623&lang=en","url":"https:\/\/egyuttfejlodunk.hu\/?p=11623&lang=en","name":"This is how the EU communicates today - Egy\u00fctt fejl\u0151d\u00fcnk","isPartOf":{"@id":"https:\/\/egyuttfejlodunk.hu\/#website"},"primaryImageOfPage":{"@id":"https:\/\/egyuttfejlodunk.hu\/?p=11623&lang=en#primaryimage"},"image":{"@id":"https:\/\/egyuttfejlodunk.hu\/?p=11623&lang=en#primaryimage"},"thumbnailUrl":"https:\/\/egyuttfejlodunk.hu\/wp-content\/uploads\/2026\/06\/6a06e1ae67b9a968c4f7447c.webp","datePublished":"2026-06-02T03:48:14+00:00","dateModified":"2026-06-16T03:48:42+00:00","breadcrumb":{"@id":"https:\/\/egyuttfejlodunk.hu\/?p=11623&lang=en#breadcrumb"},"inLanguage":"hu","potentialAction":[{"@type":"ReadAction","target":["https:\/\/egyuttfejlodunk.hu\/?p=11623&lang=en"]}]},{"@type":"ImageObject","inLanguage":"hu","@id":"https:\/\/egyuttfejlodunk.hu\/?p=11623&lang=en#primaryimage","url":"https:\/\/egyuttfejlodunk.hu\/wp-content\/uploads\/2026\/06\/6a06e1ae67b9a968c4f7447c.webp","contentUrl":"https:\/\/egyuttfejlodunk.hu\/wp-content\/uploads\/2026\/06\/6a06e1ae67b9a968c4f7447c.webp","width":960,"height":540},{"@type":"BreadcrumbList","@id":"https:\/\/egyuttfejlodunk.hu\/?p=11623&lang=en#breadcrumb","itemListElement":[{"@type":"ListItem","position":1,"name":"Home","item":"https:\/\/egyuttfejlodunk.hu\/"},{"@type":"ListItem","position":2,"name":"This is how the EU communicates today"}]},{"@type":"WebSite","@id":"https:\/\/egyuttfejlodunk.hu\/#website","url":"https:\/\/egyuttfejlodunk.hu\/","name":"Egy\u00fctt fejl\u0151d\u00fcnk","description":"","publisher":{"@id":"https:\/\/egyuttfejlodunk.hu\/#organization"},"potentialAction":[{"@type":"SearchAction","target":{"@type":"EntryPoint","urlTemplate":"https:\/\/egyuttfejlodunk.hu\/?s={search_term_string}"},"query-input":{"@type":"PropertyValueSpecification","valueRequired":true,"valueName":"search_term_string"}}],"inLanguage":"hu"},{"@type":"Organization","@id":"https:\/\/egyuttfejlodunk.hu\/#organization","name":"Egy\u00fctt fejl\u0151d\u00fcnk","url":"https:\/\/egyuttfejlodunk.hu\/","logo":{"@type":"ImageObject","inLanguage":"hu","@id":"https:\/\/egyuttfejlodunk.hu\/#\/schema\/logo\/image\/","url":"https:\/\/egyuttfejlodunk.hu\/wp-content\/uploads\/2026\/04\/ujlogo.jpg","contentUrl":"https:\/\/egyuttfejlodunk.hu\/wp-content\/uploads\/2026\/04\/ujlogo.jpg","width":350,"height":110,"caption":"Egy\u00fctt fejl\u0151d\u00fcnk"},"image":{"@id":"https:\/\/egyuttfejlodunk.hu\/#\/schema\/logo\/image\/"}},{"@type":"Person","@id":"https:\/\/egyuttfejlodunk.hu\/#\/schema\/person\/94cc2e6bf0b14e6d5de3d603885ed8c5","name":"T\u00f3th Ferenc"}]}},"_links":{"self":[{"href":"https:\/\/egyuttfejlodunk.hu\/index.php?rest_route=\/wp\/v2\/posts\/11623","targetHints":{"allow":["GET"]}}],"collection":[{"href":"https:\/\/egyuttfejlodunk.hu\/index.php?rest_route=\/wp\/v2\/posts"}],"about":[{"href":"https:\/\/egyuttfejlodunk.hu\/index.php?rest_route=\/wp\/v2\/types\/post"}],"author":[{"embeddable":true,"href":"https:\/\/egyuttfejlodunk.hu\/index.php?rest_route=\/wp\/v2\/users\/30"}],"replies":[{"embeddable":true,"href":"https:\/\/egyuttfejlodunk.hu\/index.php?rest_route=%2Fwp%2Fv2%2Fcomments&post=11623"}],"version-history":[{"count":1,"href":"https:\/\/egyuttfejlodunk.hu\/index.php?rest_route=\/wp\/v2\/posts\/11623\/revisions"}],"predecessor-version":[{"id":11624,"href":"https:\/\/egyuttfejlodunk.hu\/index.php?rest_route=\/wp\/v2\/posts\/11623\/revisions\/11624"}],"wp:featuredmedia":[{"embeddable":true,"href":"https:\/\/egyuttfejlodunk.hu\/index.php?rest_route=\/wp\/v2\/media\/11621"}],"wp:attachment":[{"href":"https:\/\/egyuttfejlodunk.hu\/index.php?rest_route=%2Fwp%2Fv2%2Fmedia&parent=11623"}],"wp:term":[{"taxonomy":"category","embeddable":true,"href":"https:\/\/egyuttfejlodunk.hu\/index.php?rest_route=%2Fwp%2Fv2%2Fcategories&post=11623"},{"taxonomy":"post_tag","embeddable":true,"href":"https:\/\/egyuttfejlodunk.hu\/index.php?rest_route=%2Fwp%2Fv2%2Ftags&post=11623"},{"taxonomy":"megye","embeddable":true,"href":"https:\/\/egyuttfejlodunk.hu\/index.php?rest_route=%2Fwp%2Fv2%2Fmegye&post=11623"}],"curies":[{"name":"wp","href":"https:\/\/api.w.org\/{rel}","templated":true}]}}