{"id":11632,"date":"2026-06-05T05:52:35","date_gmt":"2026-06-05T03:52:35","guid":{"rendered":"https:\/\/egyuttfejlodunk.hu\/?p=11632"},"modified":"2026-08-28T09:17:07","modified_gmt":"2026-08-28T07:17:07","slug":"korszerubb-tanulasi-kornyezet-a-gyakorloiskolakban","status":"publish","type":"post","link":"https:\/\/egyuttfejlodunk.hu\/?p=11632","title":{"rendered":"Korszer\u0171bb tanul\u00e1si k\u00f6rnyezet a gyakorl\u00f3iskol\u00e1kban"},"content":{"rendered":"\t\t<div data-elementor-type=\"wp-post\" data-elementor-id=\"11632\" class=\"elementor elementor-11632\" data-elementor-post-type=\"post\">\n\t\t\t\t<div class=\"elementor-element elementor-element-41c7425b e-flex e-con-boxed e-con e-parent\" data-id=\"41c7425b\" data-element_type=\"container\" data-e-type=\"container\">\n\t\t\t\t\t<div class=\"e-con-inner\">\n\t\t\t\t<div class=\"elementor-element elementor-element-68515812 elementor-widget elementor-widget-text-editor\" data-id=\"68515812\" data-element_type=\"widget\" data-e-type=\"widget\" data-widget_type=\"text-editor.default\">\n\t\t\t\t\t\t\t\t\t<strong>Meg\u00fajult k\u00f6rnyezet, modern eszk\u00f6z\u00f6k \u00e9s jobban haszn\u00e1lhat\u00f3 iskolai terek seg\u00edtik a tanul\u00e1st t\u00f6bb gyakorl\u00f3iskol\u00e1ban. A Sz\u00e9chenyi Istv\u00e1n Egyetem \u00e9s az E\u00f6tv\u00f6s Lor\u00e1nd Tudom\u00e1nyegyetem k\u00f6z\u00f6s fejleszt\u00e9se olyan int\u00e9zm\u00e9nyeket \u00e9rintett, amelyek a k\u00f6znevel\u00e9s mellett a pedag\u00f3gusk\u00e9pz\u00e9sben is fontos szerepet t\u00f6ltenek be.<\/strong>\r\n\r\nA gyakorl\u00f3iskol\u00e1k egyszerre szolg\u00e1lj\u00e1k a tanul\u00f3k fejl\u0151d\u00e9s\u00e9t \u00e9s a j\u00f6v\u0151 tan\u00edt\u00f3inak, tan\u00e1rainak szakmai felk\u00e9sz\u00edt\u00e9s\u00e9t. A projekt c\u00e9lja az volt, hogy javuljanak az oktat\u00e1s mindennapi felt\u00e9telei, \u00e9s a di\u00e1kok, a pedag\u00f3gusok \u00e9s a pedag\u00f3gusjel\u00f6ltek modernebb, k\u00e9nyelmesebb \u00e9s jobban felszerelt k\u00f6rnyezetben dolgozhassanak, tanulhassanak.\r\n\r\nA fejleszt\u00e9s a gy\u0151ri \u00d6veges K\u00e1lm\u00e1n Gyakorl\u00f3 \u00c1ltal\u00e1nos Iskol\u00e1t, valamint az ELTE t\u00f6bb budapesti gyakorl\u00f3int\u00e9zm\u00e9ny\u00e9t \u00e9rintette. A gy\u0151ri iskol\u00e1ban \u00e1tfog\u00f3 korszer\u0171s\u00edt\u00e9s val\u00f3sult meg: r\u00e9szleges cser\u00e9lt\u00e9k a ny\u00edl\u00e1sz\u00e1r\u00f3kat, fel\u00faj\u00edtott\u00e1k az \u00e9p\u00fcletg\u00e9p\u00e9szetet, kicser\u00e9lt\u00e9k a radi\u00e1torokat, szigetelt\u00e9k a padl\u00e1sf\u00f6d\u00e9met \u00e9s napelemes rendszert alak\u00edtottak ki. H\u0171t\u00e9si \u00e9s f\u0171t\u00e9si rendszereket is ki\u00e9p\u00edtettek.t. T\u00f6bb helyis\u00e9gben \u00e1rny\u00e9kol\u00e1s \u00e9s burkolatcsere t\u00f6rt\u00e9nt, korszer\u0171s\u00edtett\u00e9k a tornatermet \u00e9s az \u00f6lt\u00f6z\u0151ket, valamint udvarfel\u00faj\u00edt\u00e1s \u00e9s akad\u00e1lymentes\u00edt\u00e9s is hozz\u00e1j\u00e1rult az \u00e9p\u00fclet jobb haszn\u00e1lhat\u00f3s\u00e1g\u00e1hoz.\r\n\r\nAz ELTE \u00e9rintett int\u00e9zm\u00e9nyeiben szint\u00e9n nagyar\u00e1ny\u00fa m\u0171szaki fejleszt\u00e9seket v\u00e9geztek. A Trefort \u00c1goston Gyakorl\u00f3 Gimn\u00e1ziumban az elektromos h\u00e1l\u00f3zat, a vil\u00e1g\u00edt\u00e1s \u00e9s az informatikai h\u00e1l\u00f3zat \u00fajult meg. A Gyerty\u00e1nffy Istv\u00e1n Gyakorl\u00f3 \u00c1ltal\u00e1nos Iskol\u00e1ban az aula, a vizesblokkok, a rendezv\u00e9nyterem \u00e9s az informatikai tantermek rekonstrukci\u00f3ja val\u00f3sult meg, \u00e9s biztons\u00e1gi kamerarendszert is kialak\u00edtottak. A B\u00e1rczi Guszt\u00e1v Gyakorl\u00f3 \u00c1ltal\u00e1nos Iskol\u00e1ban korszer\u0171s\u00edtett\u00e9k a k\u00f6z\u00f6ss\u00e9gi tereket, n\u00f6velt\u00e9k az akad\u00e1lymentes\u00edtett ter\u00fcletek nagys\u00e1g\u00e1t \u00e9s b\u0151v\u00edtett\u00e9k az int\u00e9zm\u00e9ny eszk\u00f6z\u00e1llom\u00e1ny\u00e1t.\r\n\r\nA beruh\u00e1z\u00e1s az oktat\u00e1si eszk\u00f6z\u00f6k fejleszt\u00e9s\u00e9re is kiterjedt. Az int\u00e9zm\u00e9nyek tantermi b\u00fatorokkal, tornatermi eszk\u00f6z\u00f6kkel, interakt\u00edv t\u00e1bl\u00e1kkal, sz\u00e1m\u00edt\u00f3g\u00e9pekkel \u00e9s tov\u00e1bbi informatikai eszk\u00f6z\u00f6kkel gazdagodtak. Ezek a mindennapi tan\u00f3r\u00e1kon k\u00f6zvetlen\u00fcl hasznosul\u00f3 fejleszt\u00e9sek, amelyek t\u00e1mogatj\u00e1k a modern, akt\u00edv, digit\u00e1lis eszk\u00f6z\u00f6kre is \u00e9p\u00edt\u0151 oktat\u00e1st.\t\t\t\t\t\t\t\t<\/div>\n\t\t\t\t<div class=\"elementor-element elementor-element-7d281b7 elementor-widget elementor-widget-gallery\" data-id=\"7d281b7\" data-element_type=\"widget\" data-e-type=\"widget\" data-settings=\"{&quot;lazyload&quot;:&quot;yes&quot;,&quot;gallery_layout&quot;:&quot;grid&quot;,&quot;columns&quot;:4,&quot;columns_tablet&quot;:2,&quot;columns_mobile&quot;:1,&quot;gap&quot;:{&quot;unit&quot;:&quot;px&quot;,&quot;size&quot;:10,&quot;sizes&quot;:[]},&quot;gap_tablet&quot;:{&quot;unit&quot;:&quot;px&quot;,&quot;size&quot;:10,&quot;sizes&quot;:[]},&quot;gap_mobile&quot;:{&quot;unit&quot;:&quot;px&quot;,&quot;size&quot;:10,&quot;sizes&quot;:[]},&quot;link_to&quot;:&quot;file&quot;,&quot;aspect_ratio&quot;:&quot;3:2&quot;,&quot;overlay_background&quot;:&quot;yes&quot;,&quot;content_hover_animation&quot;:&quot;fade-in&quot;}\" data-widget_type=\"gallery.default\">\n\t\t\t\t\t\t\t<div class=\"elementor-gallery__container\">\n\t\t\t\t\t\t\t<a class=\"e-gallery-item elementor-gallery-item elementor-animated-content\" href=\"https:\/\/egyuttfejlodunk.hu\/wp-content\/uploads\/2026\/06\/1_napelem_oveges.jpg\" data-elementor-open-lightbox=\"yes\" data-elementor-lightbox-slideshow=\"7d281b7\" data-e-action-hash=\"#elementor-action%3Aaction%3Dlightbox%26settings%3DeyJpZCI6MTE2MzUsInVybCI6Imh0dHBzOlwvXC9lZ3l1dHRmZWpsb2R1bmsuaHVcL3dwLWNvbnRlbnRcL3VwbG9hZHNcLzIwMjZcLzA2XC8xX25hcGVsZW1fb3ZlZ2VzLmpwZyIsInNsaWRlc2hvdyI6IjdkMjgxYjcifQ%3D%3D\">\n\t\t\t\t\t<div class=\"e-gallery-image elementor-gallery-item__image\" data-thumbnail=\"https:\/\/egyuttfejlodunk.hu\/wp-content\/uploads\/2026\/06\/1_napelem_oveges-640x427.jpg\" data-width=\"640\" data-height=\"427\" aria-label=\"\" role=\"img\" ><\/div>\n\t\t\t\t\t\t\t\t\t\t\t<div class=\"elementor-gallery-item__overlay\"><\/div>\n\t\t\t\t\t\t\t\t\t\t\t\t\t\t<\/a>\n\t\t\t\t\t\t\t<a class=\"e-gallery-item elementor-gallery-item elementor-animated-content\" href=\"https:\/\/egyuttfejlodunk.hu\/wp-content\/uploads\/2026\/06\/tanterem-keszen3_Gyertyanffy.jpg\" data-elementor-open-lightbox=\"yes\" data-elementor-lightbox-slideshow=\"7d281b7\" data-e-action-hash=\"#elementor-action%3Aaction%3Dlightbox%26settings%3DeyJpZCI6MTE2MzYsInVybCI6Imh0dHBzOlwvXC9lZ3l1dHRmZWpsb2R1bmsuaHVcL3dwLWNvbnRlbnRcL3VwbG9hZHNcLzIwMjZcLzA2XC90YW50ZXJlbS1rZXN6ZW4zX0d5ZXJ0eWFuZmZ5LmpwZyIsInNsaWRlc2hvdyI6IjdkMjgxYjcifQ%3D%3D\">\n\t\t\t\t\t<div class=\"e-gallery-image elementor-gallery-item__image\" data-thumbnail=\"https:\/\/egyuttfejlodunk.hu\/wp-content\/uploads\/2026\/06\/tanterem-keszen3_Gyertyanffy-640x480.jpg\" data-width=\"640\" data-height=\"480\" aria-label=\"\" role=\"img\" ><\/div>\n\t\t\t\t\t\t\t\t\t\t\t<div class=\"elementor-gallery-item__overlay\"><\/div>\n\t\t\t\t\t\t\t\t\t\t\t\t\t\t<\/a>\n\t\t\t\t\t\t\t<a class=\"e-gallery-item elementor-gallery-item elementor-animated-content\" href=\"https:\/\/egyuttfejlodunk.hu\/wp-content\/uploads\/2026\/06\/informatikaterem-kialakitasa-017.2_Gyertyanffy.jpg\" data-elementor-open-lightbox=\"yes\" data-elementor-lightbox-slideshow=\"7d281b7\" data-e-action-hash=\"#elementor-action%3Aaction%3Dlightbox%26settings%3DeyJpZCI6MTE2MzcsInVybCI6Imh0dHBzOlwvXC9lZ3l1dHRmZWpsb2R1bmsuaHVcL3dwLWNvbnRlbnRcL3VwbG9hZHNcLzIwMjZcLzA2XC9pbmZvcm1hdGlrYXRlcmVtLWtpYWxha2l0YXNhLTAxNy4yX0d5ZXJ0eWFuZmZ5LmpwZyIsInNsaWRlc2hvdyI6IjdkMjgxYjcifQ%3D%3D\">\n\t\t\t\t\t<div class=\"e-gallery-image elementor-gallery-item__image\" data-thumbnail=\"https:\/\/egyuttfejlodunk.hu\/wp-content\/uploads\/2026\/06\/informatikaterem-kialakitasa-017.2_Gyertyanffy-640x480.jpg\" data-width=\"640\" data-height=\"480\" aria-label=\"\" role=\"img\" ><\/div>\n\t\t\t\t\t\t\t\t\t\t\t<div class=\"elementor-gallery-item__overlay\"><\/div>\n\t\t\t\t\t\t\t\t\t\t\t\t\t\t<\/a>\n\t\t\t\t\t\t\t<a class=\"e-gallery-item elementor-gallery-item elementor-animated-content\" href=\"https:\/\/egyuttfejlodunk.hu\/wp-content\/uploads\/2026\/06\/Felujitott-belso-udvar-1._Barczi.jpg\" data-elementor-open-lightbox=\"yes\" data-elementor-lightbox-slideshow=\"7d281b7\" data-e-action-hash=\"#elementor-action%3Aaction%3Dlightbox%26settings%3DeyJpZCI6MTE2MzgsInVybCI6Imh0dHBzOlwvXC9lZ3l1dHRmZWpsb2R1bmsuaHVcL3dwLWNvbnRlbnRcL3VwbG9hZHNcLzIwMjZcLzA2XC9GZWx1aml0b3R0LWJlbHNvLXVkdmFyLTEuX0JhcmN6aS5qcGciLCJzbGlkZXNob3ciOiI3ZDI4MWI3In0%3D\">\n\t\t\t\t\t<div class=\"e-gallery-image elementor-gallery-item__image\" data-thumbnail=\"https:\/\/egyuttfejlodunk.hu\/wp-content\/uploads\/2026\/06\/Felujitott-belso-udvar-1._Barczi-640x360.jpg\" data-width=\"640\" data-height=\"360\" aria-label=\"\" role=\"img\" ><\/div>\n\t\t\t\t\t\t\t\t\t\t\t<div class=\"elementor-gallery-item__overlay\"><\/div>\n\t\t\t\t\t\t\t\t\t\t\t\t\t\t<\/a>\n\t\t\t\t\t\t\t<a class=\"e-gallery-item elementor-gallery-item elementor-animated-content\" href=\"https:\/\/egyuttfejlodunk.hu\/wp-content\/uploads\/2026\/06\/Felujitott-tanterem-3._Barczi.jpg\" data-elementor-open-lightbox=\"yes\" data-elementor-lightbox-slideshow=\"7d281b7\" data-e-action-hash=\"#elementor-action%3Aaction%3Dlightbox%26settings%3DeyJpZCI6MTE2MzksInVybCI6Imh0dHBzOlwvXC9lZ3l1dHRmZWpsb2R1bmsuaHVcL3dwLWNvbnRlbnRcL3VwbG9hZHNcLzIwMjZcLzA2XC9GZWx1aml0b3R0LXRhbnRlcmVtLTMuX0JhcmN6aS5qcGciLCJzbGlkZXNob3ciOiI3ZDI4MWI3In0%3D\">\n\t\t\t\t\t<div class=\"e-gallery-image elementor-gallery-item__image\" data-thumbnail=\"https:\/\/egyuttfejlodunk.hu\/wp-content\/uploads\/2026\/06\/Felujitott-tanterem-3._Barczi-640x360.jpg\" data-width=\"640\" data-height=\"360\" aria-label=\"\" role=\"img\" ><\/div>\n\t\t\t\t\t\t\t\t\t\t\t<div class=\"elementor-gallery-item__overlay\"><\/div>\n\t\t\t\t\t\t\t\t\t\t\t\t\t\t<\/a>\n\t\t\t\t\t\t\t<a class=\"e-gallery-item elementor-gallery-item elementor-animated-content\" href=\"https:\/\/egyuttfejlodunk.hu\/wp-content\/uploads\/2026\/06\/5_a_terem_burkolatcsere_oveges.jpg\" data-elementor-open-lightbox=\"yes\" data-elementor-lightbox-slideshow=\"7d281b7\" data-e-action-hash=\"#elementor-action%3Aaction%3Dlightbox%26settings%3DeyJpZCI6MTE2NDAsInVybCI6Imh0dHBzOlwvXC9lZ3l1dHRmZWpsb2R1bmsuaHVcL3dwLWNvbnRlbnRcL3VwbG9hZHNcLzIwMjZcLzA2XC81X2FfdGVyZW1fYnVya29sYXRjc2VyZV9vdmVnZXMuanBnIiwic2xpZGVzaG93IjoiN2QyODFiNyJ9\">\n\t\t\t\t\t<div class=\"e-gallery-image elementor-gallery-item__image\" data-thumbnail=\"https:\/\/egyuttfejlodunk.hu\/wp-content\/uploads\/2026\/06\/5_a_terem_burkolatcsere_oveges-640x427.jpg\" data-width=\"640\" data-height=\"427\" aria-label=\"\" role=\"img\" ><\/div>\n\t\t\t\t\t\t\t\t\t\t\t<div class=\"elementor-gallery-item__overlay\"><\/div>\n\t\t\t\t\t\t\t\t\t\t\t\t\t\t<\/a>\n\t\t\t\t\t\t\t<a class=\"e-gallery-item elementor-gallery-item elementor-animated-content\" href=\"https:\/\/egyuttfejlodunk.hu\/wp-content\/uploads\/2026\/06\/6_tornatermi_oltozo_oveges.jpg\" data-elementor-open-lightbox=\"yes\" data-elementor-lightbox-slideshow=\"7d281b7\" data-e-action-hash=\"#elementor-action%3Aaction%3Dlightbox%26settings%3DeyJpZCI6MTE2NDEsInVybCI6Imh0dHBzOlwvXC9lZ3l1dHRmZWpsb2R1bmsuaHVcL3dwLWNvbnRlbnRcL3VwbG9hZHNcLzIwMjZcLzA2XC82X3Rvcm5hdGVybWlfb2x0b3pvX292ZWdlcy5qcGciLCJzbGlkZXNob3ciOiI3ZDI4MWI3In0%3D\">\n\t\t\t\t\t<div class=\"e-gallery-image elementor-gallery-item__image\" data-thumbnail=\"https:\/\/egyuttfejlodunk.hu\/wp-content\/uploads\/2026\/06\/6_tornatermi_oltozo_oveges-640x427.jpg\" data-width=\"640\" data-height=\"427\" aria-label=\"\" role=\"img\" ><\/div>\n\t\t\t\t\t\t\t\t\t\t\t<div class=\"elementor-gallery-item__overlay\"><\/div>\n\t\t\t\t\t\t\t\t\t\t\t\t\t\t<\/a>\n\t\t\t\t\t<\/div>\n\t\t\t\t\t<\/div>\n\t\t\t\t<div class=\"elementor-element elementor-element-928100b elementor-widget elementor-widget-text-editor\" data-id=\"928100b\" data-element_type=\"widget\" data-e-type=\"widget\" data-widget_type=\"text-editor.default\">\n\t\t\t\t\t\t\t\t\t<p>A program az EFOP-4.2.3-22-2022-00012 azonos\u00edt\u00f3 projekt keret\u00e9ben, eur\u00f3pai uni\u00f3s forr\u00e1s bevon\u00e1s\u00e1val val\u00f3sult meg.<\/p><p>Tov\u00e1bbi r\u00e9szletek a t\u00e1mogatott projekt keres\u0151ben:<a class=\"tovabb\" href=\"https:\/\/www.palyazat.gov.hu\/eredmenyek\/tamogatott-projektek\/3657680201\" target=\"_blank\" rel=\"noopener\">Tov\u00e1bb<\/a><\/p>\t\t\t\t\t\t\t\t<\/div>\n\t\t\t\t\t<\/div>\n\t\t\t\t<\/div>\n\t\t\t\t<\/div>\n\t\t","protected":false},"excerpt":{"rendered":"<p>Meg\u00fajult k\u00f6rnyezet, modern eszk\u00f6z\u00f6k \u00e9s jobban haszn\u00e1lhat\u00f3 iskolai terek seg\u00edtik a tanul\u00e1st t\u00f6bb gyakorl\u00f3iskol\u00e1ban. A Sz\u00e9chenyi Istv\u00e1n Egyetem \u00e9s az E\u00f6tv\u00f6s Lor\u00e1nd Tudom\u00e1nyegyetem k\u00f6z\u00f6s fejleszt\u00e9se olyan int\u00e9zm\u00e9nyeket \u00e9rintett, amelyek a k\u00f6znevel\u00e9s mellett a pedag\u00f3gusk\u00e9pz\u00e9sben is fontos szerepet t\u00f6ltenek be. A gyakorl\u00f3iskol\u00e1k egyszerre szolg\u00e1lj\u00e1k a tanul\u00f3k fejl\u0151d\u00e9s\u00e9t \u00e9s a j\u00f6v\u0151 tan\u00edt\u00f3inak, tan\u00e1rainak szakmai felk\u00e9sz\u00edt\u00e9s\u00e9t. A projekt c\u00e9lja az volt, hogy javuljanak az oktat\u00e1s mindennapi felt\u00e9telei, \u00e9s a di\u00e1kok, a pedag\u00f3gusok \u00e9s a pedag\u00f3gusjel\u00f6ltek modernebb, k\u00e9nyelmesebb \u00e9s&#8230;<\/p>\n","protected":false},"author":30,"featured_media":11633,"comment_status":"closed","ping_status":"closed","sticky":false,"template":"","format":"standard","meta":{"_acf_changed":false,"ngg_post_thumbnail":0,"footnotes":""},"categories":[154],"tags":[449,433,487,290],"megye":[1120,1122],"class_list":["post-11632","post","type-post","status-publish","format-standard","has-post-thumbnail","hentry","category-efop-hu","tag-eszkozfejlesztes","tag-infrastrukturalis-fejlesztes","tag-intezmenyfejlesztes","tag-oktatas-hu","megye-budapest","megye-gyor-moson-sopron-megye"],"acf":[],"yoast_head":"<!-- This site is optimized with the Yoast SEO Premium plugin v28.4 (Yoast SEO v28.4) - https:\/\/yoast.com\/product\/yoast-seo-premium-wordpress\/ -->\n<title>Korszer\u0171bb tanul\u00e1si k\u00f6rnyezet a gyakorl\u00f3iskol\u00e1kban - Egy\u00fctt fejl\u0151d\u00fcnk<\/title>\n<meta name=\"robots\" content=\"noindex, follow, max-snippet:-1, max-image-preview:large, max-video-preview:-1\" \/>\n<meta property=\"og:locale\" content=\"hu_HU\" \/>\n<meta property=\"og:type\" content=\"article\" \/>\n<meta property=\"og:title\" content=\"Korszer\u0171bb tanul\u00e1si k\u00f6rnyezet a gyakorl\u00f3iskol\u00e1kban\" \/>\n<meta property=\"og:description\" content=\"Meg\u00fajult k\u00f6rnyezet, modern eszk\u00f6z\u00f6k \u00e9s jobban haszn\u00e1lhat\u00f3 iskolai terek seg\u00edtik a tanul\u00e1st t\u00f6bb gyakorl\u00f3iskol\u00e1ban. A Sz\u00e9chenyi Istv\u00e1n Egyetem \u00e9s az E\u00f6tv\u00f6s Lor\u00e1nd Tudom\u00e1nyegyetem k\u00f6z\u00f6s fejleszt\u00e9se olyan int\u00e9zm\u00e9nyeket \u00e9rintett, amelyek a k\u00f6znevel\u00e9s mellett a pedag\u00f3gusk\u00e9pz\u00e9sben is fontos szerepet t\u00f6ltenek be. A gyakorl\u00f3iskol\u00e1k egyszerre szolg\u00e1lj\u00e1k a tanul\u00f3k fejl\u0151d\u00e9s\u00e9t \u00e9s a j\u00f6v\u0151 tan\u00edt\u00f3inak, tan\u00e1rainak szakmai felk\u00e9sz\u00edt\u00e9s\u00e9t. A projekt c\u00e9lja az volt, hogy javuljanak az oktat\u00e1s mindennapi felt\u00e9telei, \u00e9s a di\u00e1kok, a pedag\u00f3gusok \u00e9s a pedag\u00f3gusjel\u00f6ltek modernebb, k\u00e9nyelmesebb \u00e9s...\" \/>\n<meta property=\"og:url\" content=\"https:\/\/egyuttfejlodunk.hu\/?p=11632\" \/>\n<meta property=\"og:site_name\" content=\"Egy\u00fctt fejl\u0151d\u00fcnk\" \/>\n<meta property=\"article:published_time\" content=\"2026-06-05T03:52:35+00:00\" \/>\n<meta property=\"article:modified_time\" content=\"2026-08-28T07:17:07+00:00\" \/>\n<meta property=\"og:image\" content=\"https:\/\/egyuttfejlodunk.hu\/wp-content\/uploads\/2026\/06\/11_butorok_oveges.jpg\" \/>\n\t<meta property=\"og:image:width\" content=\"1920\" \/>\n\t<meta property=\"og:image:height\" content=\"1042\" \/>\n\t<meta property=\"og:image:type\" content=\"image\/jpeg\" \/>\n<meta name=\"author\" content=\"T\u00f3th Ferenc\" \/>\n<meta name=\"twitter:card\" content=\"summary_large_image\" \/>\n<meta name=\"twitter:label1\" content=\"Szerz\u0151:\" \/>\n\t<meta name=\"twitter:data1\" content=\"T\u00f3th Ferenc\" \/>\n\t<meta name=\"twitter:label2\" content=\"Becs\u00fclt olvas\u00e1si id\u0151\" \/>\n\t<meta name=\"twitter:data2\" content=\"2 perc\" \/>\n<script type=\"application\/ld+json\" class=\"yoast-schema-graph\">{\"@context\":\"https:\\\/\\\/schema.org\",\"@graph\":[{\"@type\":\"Article\",\"@id\":\"https:\\\/\\\/egyuttfejlodunk.hu\\\/?p=11632#article\",\"isPartOf\":{\"@id\":\"https:\\\/\\\/egyuttfejlodunk.hu\\\/?p=11632\"},\"author\":{\"name\":\"T\u00f3th Ferenc\",\"@id\":\"https:\\\/\\\/egyuttfejlodunk.hu\\\/#\\\/schema\\\/person\\\/94cc2e6bf0b14e6d5de3d603885ed8c5\"},\"headline\":\"Korszer\u0171bb tanul\u00e1si k\u00f6rnyezet a gyakorl\u00f3iskol\u00e1kban\",\"datePublished\":\"2026-06-05T03:52:35+00:00\",\"dateModified\":\"2026-08-28T07:17:07+00:00\",\"mainEntityOfPage\":{\"@id\":\"https:\\\/\\\/egyuttfejlodunk.hu\\\/?p=11632\"},\"wordCount\":509,\"publisher\":{\"@id\":\"https:\\\/\\\/egyuttfejlodunk.hu\\\/#organization\"},\"image\":{\"@id\":\"https:\\\/\\\/egyuttfejlodunk.hu\\\/?p=11632#primaryimage\"},\"thumbnailUrl\":\"https:\\\/\\\/egyuttfejlodunk.hu\\\/wp-content\\\/uploads\\\/2026\\\/06\\\/11_butorok_oveges.jpg\",\"keywords\":[\"eszk\u00f6zfejleszt\u00e9s\",\"infrastruktur\u00e1lis fejleszt\u00e9s\",\"int\u00e9zm\u00e9nyfejleszt\u00e9s\",\"Oktat\u00e1s\"],\"articleSection\":[\"EFOP\"],\"inLanguage\":\"hu\"},{\"@type\":\"WebPage\",\"@id\":\"https:\\\/\\\/egyuttfejlodunk.hu\\\/?p=11632\",\"url\":\"https:\\\/\\\/egyuttfejlodunk.hu\\\/?p=11632\",\"name\":\"Korszer\u0171bb tanul\u00e1si k\u00f6rnyezet a gyakorl\u00f3iskol\u00e1kban - Egy\u00fctt fejl\u0151d\u00fcnk\",\"isPartOf\":{\"@id\":\"https:\\\/\\\/egyuttfejlodunk.hu\\\/#website\"},\"primaryImageOfPage\":{\"@id\":\"https:\\\/\\\/egyuttfejlodunk.hu\\\/?p=11632#primaryimage\"},\"image\":{\"@id\":\"https:\\\/\\\/egyuttfejlodunk.hu\\\/?p=11632#primaryimage\"},\"thumbnailUrl\":\"https:\\\/\\\/egyuttfejlodunk.hu\\\/wp-content\\\/uploads\\\/2026\\\/06\\\/11_butorok_oveges.jpg\",\"datePublished\":\"2026-06-05T03:52:35+00:00\",\"dateModified\":\"2026-08-28T07:17:07+00:00\",\"breadcrumb\":{\"@id\":\"https:\\\/\\\/egyuttfejlodunk.hu\\\/?p=11632#breadcrumb\"},\"inLanguage\":\"hu\",\"potentialAction\":[{\"@type\":\"ReadAction\",\"target\":[\"https:\\\/\\\/egyuttfejlodunk.hu\\\/?p=11632\"]}]},{\"@type\":\"ImageObject\",\"inLanguage\":\"hu\",\"@id\":\"https:\\\/\\\/egyuttfejlodunk.hu\\\/?p=11632#primaryimage\",\"url\":\"https:\\\/\\\/egyuttfejlodunk.hu\\\/wp-content\\\/uploads\\\/2026\\\/06\\\/11_butorok_oveges.jpg\",\"contentUrl\":\"https:\\\/\\\/egyuttfejlodunk.hu\\\/wp-content\\\/uploads\\\/2026\\\/06\\\/11_butorok_oveges.jpg\",\"width\":1920,\"height\":1042},{\"@type\":\"BreadcrumbList\",\"@id\":\"https:\\\/\\\/egyuttfejlodunk.hu\\\/?p=11632#breadcrumb\",\"itemListElement\":[{\"@type\":\"ListItem\",\"position\":1,\"name\":\"Home\",\"item\":\"https:\\\/\\\/egyuttfejlodunk.hu\\\/\"},{\"@type\":\"ListItem\",\"position\":2,\"name\":\"Korszer\u0171bb tanul\u00e1si k\u00f6rnyezet a gyakorl\u00f3iskol\u00e1kban\"}]},{\"@type\":\"WebSite\",\"@id\":\"https:\\\/\\\/egyuttfejlodunk.hu\\\/#website\",\"url\":\"https:\\\/\\\/egyuttfejlodunk.hu\\\/\",\"name\":\"Egy\u00fctt fejl\u0151d\u00fcnk\",\"description\":\"\",\"publisher\":{\"@id\":\"https:\\\/\\\/egyuttfejlodunk.hu\\\/#organization\"},\"potentialAction\":[{\"@type\":\"SearchAction\",\"target\":{\"@type\":\"EntryPoint\",\"urlTemplate\":\"https:\\\/\\\/egyuttfejlodunk.hu\\\/?s={search_term_string}\"},\"query-input\":{\"@type\":\"PropertyValueSpecification\",\"valueRequired\":true,\"valueName\":\"search_term_string\"}}],\"inLanguage\":\"hu\"},{\"@type\":\"Organization\",\"@id\":\"https:\\\/\\\/egyuttfejlodunk.hu\\\/#organization\",\"name\":\"Egy\u00fctt fejl\u0151d\u00fcnk\",\"url\":\"https:\\\/\\\/egyuttfejlodunk.hu\\\/\",\"logo\":{\"@type\":\"ImageObject\",\"inLanguage\":\"hu\",\"@id\":\"https:\\\/\\\/egyuttfejlodunk.hu\\\/#\\\/schema\\\/logo\\\/image\\\/\",\"url\":\"https:\\\/\\\/egyuttfejlodunk.hu\\\/wp-content\\\/uploads\\\/2026\\\/04\\\/ujlogo.jpg\",\"contentUrl\":\"https:\\\/\\\/egyuttfejlodunk.hu\\\/wp-content\\\/uploads\\\/2026\\\/04\\\/ujlogo.jpg\",\"width\":350,\"height\":110,\"caption\":\"Egy\u00fctt fejl\u0151d\u00fcnk\"},\"image\":{\"@id\":\"https:\\\/\\\/egyuttfejlodunk.hu\\\/#\\\/schema\\\/logo\\\/image\\\/\"}},{\"@type\":\"Person\",\"@id\":\"https:\\\/\\\/egyuttfejlodunk.hu\\\/#\\\/schema\\\/person\\\/94cc2e6bf0b14e6d5de3d603885ed8c5\",\"name\":\"T\u00f3th Ferenc\"}]}<\/script>\n<!-- \/ Yoast SEO Premium plugin. -->","yoast_head_json":{"title":"Korszer\u0171bb tanul\u00e1si k\u00f6rnyezet a gyakorl\u00f3iskol\u00e1kban - Egy\u00fctt fejl\u0151d\u00fcnk","robots":{"index":"noindex","follow":"follow","max-snippet":"max-snippet:-1","max-image-preview":"max-image-preview:large","max-video-preview":"max-video-preview:-1"},"og_locale":"hu_HU","og_type":"article","og_title":"Korszer\u0171bb tanul\u00e1si k\u00f6rnyezet a gyakorl\u00f3iskol\u00e1kban","og_description":"Meg\u00fajult k\u00f6rnyezet, modern eszk\u00f6z\u00f6k \u00e9s jobban haszn\u00e1lhat\u00f3 iskolai terek seg\u00edtik a tanul\u00e1st t\u00f6bb gyakorl\u00f3iskol\u00e1ban. A Sz\u00e9chenyi Istv\u00e1n Egyetem \u00e9s az E\u00f6tv\u00f6s Lor\u00e1nd Tudom\u00e1nyegyetem k\u00f6z\u00f6s fejleszt\u00e9se olyan int\u00e9zm\u00e9nyeket \u00e9rintett, amelyek a k\u00f6znevel\u00e9s mellett a pedag\u00f3gusk\u00e9pz\u00e9sben is fontos szerepet t\u00f6ltenek be. A gyakorl\u00f3iskol\u00e1k egyszerre szolg\u00e1lj\u00e1k a tanul\u00f3k fejl\u0151d\u00e9s\u00e9t \u00e9s a j\u00f6v\u0151 tan\u00edt\u00f3inak, tan\u00e1rainak szakmai felk\u00e9sz\u00edt\u00e9s\u00e9t. A projekt c\u00e9lja az volt, hogy javuljanak az oktat\u00e1s mindennapi felt\u00e9telei, \u00e9s a di\u00e1kok, a pedag\u00f3gusok \u00e9s a pedag\u00f3gusjel\u00f6ltek modernebb, k\u00e9nyelmesebb \u00e9s...","og_url":"https:\/\/egyuttfejlodunk.hu\/?p=11632","og_site_name":"Egy\u00fctt fejl\u0151d\u00fcnk","article_published_time":"2026-06-05T03:52:35+00:00","article_modified_time":"2026-08-28T07:17:07+00:00","og_image":[{"width":1920,"height":1042,"url":"https:\/\/egyuttfejlodunk.hu\/wp-content\/uploads\/2026\/06\/11_butorok_oveges.jpg","type":"image\/jpeg"}],"author":"T\u00f3th Ferenc","twitter_card":"summary_large_image","twitter_misc":{"Szerz\u0151:":"T\u00f3th Ferenc","Becs\u00fclt olvas\u00e1si id\u0151":"2 perc"},"schema":{"@context":"https:\/\/schema.org","@graph":[{"@type":"Article","@id":"https:\/\/egyuttfejlodunk.hu\/?p=11632#article","isPartOf":{"@id":"https:\/\/egyuttfejlodunk.hu\/?p=11632"},"author":{"name":"T\u00f3th Ferenc","@id":"https:\/\/egyuttfejlodunk.hu\/#\/schema\/person\/94cc2e6bf0b14e6d5de3d603885ed8c5"},"headline":"Korszer\u0171bb tanul\u00e1si k\u00f6rnyezet a gyakorl\u00f3iskol\u00e1kban","datePublished":"2026-06-05T03:52:35+00:00","dateModified":"2026-08-28T07:17:07+00:00","mainEntityOfPage":{"@id":"https:\/\/egyuttfejlodunk.hu\/?p=11632"},"wordCount":509,"publisher":{"@id":"https:\/\/egyuttfejlodunk.hu\/#organization"},"image":{"@id":"https:\/\/egyuttfejlodunk.hu\/?p=11632#primaryimage"},"thumbnailUrl":"https:\/\/egyuttfejlodunk.hu\/wp-content\/uploads\/2026\/06\/11_butorok_oveges.jpg","keywords":["eszk\u00f6zfejleszt\u00e9s","infrastruktur\u00e1lis fejleszt\u00e9s","int\u00e9zm\u00e9nyfejleszt\u00e9s","Oktat\u00e1s"],"articleSection":["EFOP"],"inLanguage":"hu"},{"@type":"WebPage","@id":"https:\/\/egyuttfejlodunk.hu\/?p=11632","url":"https:\/\/egyuttfejlodunk.hu\/?p=11632","name":"Korszer\u0171bb tanul\u00e1si k\u00f6rnyezet a gyakorl\u00f3iskol\u00e1kban - Egy\u00fctt fejl\u0151d\u00fcnk","isPartOf":{"@id":"https:\/\/egyuttfejlodunk.hu\/#website"},"primaryImageOfPage":{"@id":"https:\/\/egyuttfejlodunk.hu\/?p=11632#primaryimage"},"image":{"@id":"https:\/\/egyuttfejlodunk.hu\/?p=11632#primaryimage"},"thumbnailUrl":"https:\/\/egyuttfejlodunk.hu\/wp-content\/uploads\/2026\/06\/11_butorok_oveges.jpg","datePublished":"2026-06-05T03:52:35+00:00","dateModified":"2026-08-28T07:17:07+00:00","breadcrumb":{"@id":"https:\/\/egyuttfejlodunk.hu\/?p=11632#breadcrumb"},"inLanguage":"hu","potentialAction":[{"@type":"ReadAction","target":["https:\/\/egyuttfejlodunk.hu\/?p=11632"]}]},{"@type":"ImageObject","inLanguage":"hu","@id":"https:\/\/egyuttfejlodunk.hu\/?p=11632#primaryimage","url":"https:\/\/egyuttfejlodunk.hu\/wp-content\/uploads\/2026\/06\/11_butorok_oveges.jpg","contentUrl":"https:\/\/egyuttfejlodunk.hu\/wp-content\/uploads\/2026\/06\/11_butorok_oveges.jpg","width":1920,"height":1042},{"@type":"BreadcrumbList","@id":"https:\/\/egyuttfejlodunk.hu\/?p=11632#breadcrumb","itemListElement":[{"@type":"ListItem","position":1,"name":"Home","item":"https:\/\/egyuttfejlodunk.hu\/"},{"@type":"ListItem","position":2,"name":"Korszer\u0171bb tanul\u00e1si k\u00f6rnyezet a gyakorl\u00f3iskol\u00e1kban"}]},{"@type":"WebSite","@id":"https:\/\/egyuttfejlodunk.hu\/#website","url":"https:\/\/egyuttfejlodunk.hu\/","name":"Egy\u00fctt fejl\u0151d\u00fcnk","description":"","publisher":{"@id":"https:\/\/egyuttfejlodunk.hu\/#organization"},"potentialAction":[{"@type":"SearchAction","target":{"@type":"EntryPoint","urlTemplate":"https:\/\/egyuttfejlodunk.hu\/?s={search_term_string}"},"query-input":{"@type":"PropertyValueSpecification","valueRequired":true,"valueName":"search_term_string"}}],"inLanguage":"hu"},{"@type":"Organization","@id":"https:\/\/egyuttfejlodunk.hu\/#organization","name":"Egy\u00fctt fejl\u0151d\u00fcnk","url":"https:\/\/egyuttfejlodunk.hu\/","logo":{"@type":"ImageObject","inLanguage":"hu","@id":"https:\/\/egyuttfejlodunk.hu\/#\/schema\/logo\/image\/","url":"https:\/\/egyuttfejlodunk.hu\/wp-content\/uploads\/2026\/04\/ujlogo.jpg","contentUrl":"https:\/\/egyuttfejlodunk.hu\/wp-content\/uploads\/2026\/04\/ujlogo.jpg","width":350,"height":110,"caption":"Egy\u00fctt fejl\u0151d\u00fcnk"},"image":{"@id":"https:\/\/egyuttfejlodunk.hu\/#\/schema\/logo\/image\/"}},{"@type":"Person","@id":"https:\/\/egyuttfejlodunk.hu\/#\/schema\/person\/94cc2e6bf0b14e6d5de3d603885ed8c5","name":"T\u00f3th Ferenc"}]}},"_links":{"self":[{"href":"https:\/\/egyuttfejlodunk.hu\/index.php?rest_route=\/wp\/v2\/posts\/11632","targetHints":{"allow":["GET"]}}],"collection":[{"href":"https:\/\/egyuttfejlodunk.hu\/index.php?rest_route=\/wp\/v2\/posts"}],"about":[{"href":"https:\/\/egyuttfejlodunk.hu\/index.php?rest_route=\/wp\/v2\/types\/post"}],"author":[{"embeddable":true,"href":"https:\/\/egyuttfejlodunk.hu\/index.php?rest_route=\/wp\/v2\/users\/30"}],"replies":[{"embeddable":true,"href":"https:\/\/egyuttfejlodunk.hu\/index.php?rest_route=%2Fwp%2Fv2%2Fcomments&post=11632"}],"version-history":[{"count":8,"href":"https:\/\/egyuttfejlodunk.hu\/index.php?rest_route=\/wp\/v2\/posts\/11632\/revisions"}],"predecessor-version":[{"id":12064,"href":"https:\/\/egyuttfejlodunk.hu\/index.php?rest_route=\/wp\/v2\/posts\/11632\/revisions\/12064"}],"wp:featuredmedia":[{"embeddable":true,"href":"https:\/\/egyuttfejlodunk.hu\/index.php?rest_route=\/wp\/v2\/media\/11633"}],"wp:attachment":[{"href":"https:\/\/egyuttfejlodunk.hu\/index.php?rest_route=%2Fwp%2Fv2%2Fmedia&parent=11632"}],"wp:term":[{"taxonomy":"category","embeddable":true,"href":"https:\/\/egyuttfejlodunk.hu\/index.php?rest_route=%2Fwp%2Fv2%2Fcategories&post=11632"},{"taxonomy":"post_tag","embeddable":true,"href":"https:\/\/egyuttfejlodunk.hu\/index.php?rest_route=%2Fwp%2Fv2%2Ftags&post=11632"},{"taxonomy":"megye","embeddable":true,"href":"https:\/\/egyuttfejlodunk.hu\/index.php?rest_route=%2Fwp%2Fv2%2Fmegye&post=11632"}],"curies":[{"name":"wp","href":"https:\/\/api.w.org\/{rel}","templated":true}]}}