{"id":11700,"date":"2026-06-11T06:23:38","date_gmt":"2026-06-11T04:23:38","guid":{"rendered":"https:\/\/egyuttfejlodunk.hu\/?p=11700"},"modified":"2026-06-16T06:24:47","modified_gmt":"2026-06-16T04:24:47","slug":"regiostars-2026-ezekkel-a-projektekkel-neveztunk","status":"publish","type":"post","link":"https:\/\/egyuttfejlodunk.hu\/?p=11700","title":{"rendered":"REGIOSTARS 2026: ezekkel a projektekkel nevezt\u00fcnk"},"content":{"rendered":"<p><b>Id\u00e9n is t\u00f6bb magyar fejleszt\u00e9ssel jelentkezt\u00fcnk az Eur\u00f3pai Bizotts\u00e1g Region\u00e1lis \u00e9s V\u00e1rospolitikai F\u0151igazgat\u00f3s\u00e1ga (DG REGIO) \u00e1ltal meghirdetett REGIOSTARS versenybe. A d\u00edjat 2008 \u00f3ta azoknak az uni\u00f3s t\u00e1mogat\u00e1ssal megval\u00f3sult projekteknek \u00edt\u00e9lik oda, amelyek k\u00e9zzelfoghat\u00f3 eredm\u00e9nyeket hoztak a helyi k\u00f6z\u00f6ss\u00e9gek sz\u00e1m\u00e1ra, innovat\u00edv megold\u00e1sokat alkalmaztak, \u00e9s m\u00e1s eur\u00f3pai r\u00e9gi\u00f3k sz\u00e1m\u00e1ra is j\u00f3 p\u00e9ld\u00e1t jelenthetnek.<\/b><\/p>\n<p>A p\u00e1ly\u00e1zatok \u00f6t kateg\u00f3ri\u00e1ban versenyeznek \u2013 a z\u00f6ld fejleszt\u00e9sekt\u0151l kezdve a t\u00e1rsadalmi befogad\u00e1st er\u0151s\u00edt\u0151 beruh\u00e1z\u00e1sokig. A nevez\u00e9seket m\u00e1jus 22-\u00e9ig lehetett beny\u00fajtani, jelenleg a projektek jogosults\u00e1gi vizsg\u00e1lata zajlik.<\/p>\n<p>Mutatjuk, mely projektekkel nevezett haz\u00e1nk az idei REGIOSTARS d\u00edjra:<\/p>\n<p><strong>A polg\u00e1rokhoz k\u00f6zelebb \u00e1ll\u00f3 Eur\u00f3pa kateg\u00f3ria<\/strong><\/p>\n<p><a href=\"https:\/\/www.palyazat.gov.hu\/eredmenyek\/tamogatott-projektek\/2547700201\" rel=\"noopener noreferrer nofollow\">Kultur\u00e1lis negyed<\/a><\/p>\n<p>A veszpr\u00e9mi fejleszt\u00e9s a belv\u00e1ros egyik legjelent\u0151sebb v\u00e1rosmeg\u00faj\u00edt\u00f3 beruh\u00e1z\u00e1s\u00e1v\u00e1 v\u00e1lt. A projekt nemcsak a k\u00f6z\u00f6ss\u00e9gi terek \u00e9s z\u00f6ldfel\u00fcletek meg\u00faj\u00edt\u00e1s\u00e1t c\u00e9lozta, hanem \u00faj \u00e9letet is vitt a v\u00e1rosr\u00e9szbe: \u00f6sszekapcsolta a k\u00f6rny\u00e9k meghat\u00e1roz\u00f3 int\u00e9zm\u00e9nyeit, \u00e9lhet\u0151bb\u00e9 \u00e9s vonz\u00f3bb\u00e1 tette a belv\u00e1rosi k\u00f6rnyezetet, mik\u00f6zben er\u0151s\u00edtette Veszpr\u00e9m kultur\u00e1lis \u00e9s k\u00f6z\u00f6ss\u00e9gi szerep\u00e9t is. A fejleszt\u00e9s p\u00e9lda\u00e9rt\u00e9k\u0171en \u00f6tv\u00f6zte a v\u00e1rosi z\u00f6ldfel\u00fcletek meg\u00faj\u00edt\u00e1s\u00e1t, a k\u00f6z\u00f6ss\u00e9g\u00e9p\u00edt\u00e9st \u00e9s a modern v\u00e1rosfejleszt\u00e9si szeml\u00e9letet.<\/p>\n<p><a href=\"https:\/\/www.palyazat.gov.hu\/eredmenyek\/tamogatott-projektek\/3646960201\" rel=\"noopener noreferrer nofollow\">Szoci\u00e1lis infrastrukt\u00fara fejleszt\u00e9se \u00dajfeh\u00e9rt\u00f3n<\/a><\/p>\n<p>A beruh\u00e1z\u00e1s r\u00e9szek\u00e9nt meg\u00fajult a Szoci\u00e1lis Szolg\u00e1ltat\u00f3 K\u00f6zpont, jav\u00edtva a nappali ell\u00e1t\u00e1s sz\u00ednvonal\u00e1t \u00e9s a r\u00e1szorul\u00f3k sz\u00e1m\u00e1ra ny\u00fajtott szolg\u00e1ltat\u00e1sokat.<\/p>\n<p><a href=\"https:\/\/www.palyazat.gov.hu\/eredmenyek\/tamogatott-projektek\/987270201\" rel=\"noopener noreferrer nofollow\">Z\u00f6ld v\u00e1ros kialak\u00edt\u00e1sa a Homokb\u00e1ny\u00e1n<\/a><\/p>\n<p>A kecskem\u00e9ti projekt keret\u00e9ben \u00faj rekre\u00e1ci\u00f3s \u00e9s sportter\u00fcletek j\u00f6ttek l\u00e9tre, mik\u00f6zben jelent\u0151sen fejlesztett\u00e9k a v\u00e1rosr\u00e9sz z\u00f6ld infrastrukt\u00far\u00e1j\u00e1t is. A c\u00e9l egy \u00e9lhet\u0151bb, csal\u00e1d- \u00e9s kl\u00edmabar\u00e1t v\u00e1rosi k\u00f6rnyezet kialak\u00edt\u00e1sa volt.<\/p>\n<p><strong>Szoci\u00e1lis \u00e9s befogad\u00f3 Eur\u00f3pa kateg\u00f3ria<\/strong><\/p>\n<p><a href=\"https:\/\/www.palyazat.gov.hu\/eredmenyek\/tamogatott-projektek\/700300201\" rel=\"noopener noreferrer nofollow\">Eg\u00e9szs\u00e9gh\u00e1z kialak\u00edt\u00e1sa \u00dajsz\u00e1szon<\/a><\/p>\n<p>\u00daj \u00e9p\u00fcletsz\u00e1rny \u00e9p\u00fclt a megl\u00e9v\u0151 eg\u00e9szs\u00e9gh\u00e1zhoz kapcsol\u00f3dva, amelybe valamennyi feln\u0151tt \u00e9s gyermek h\u00e1ziorvosi k\u00f6rzet, valamint a v\u00e9d\u0151n\u0151i szolg\u00e1lat is bek\u00f6lt\u00f6z\u00f6tt. A beruh\u00e1z\u00e1s korszer\u0171bb \u00e9s k\u00f6nnyebben el\u00e9rhet\u0151 eg\u00e9szs\u00e9g\u00fcgyi ell\u00e1t\u00e1st biztos\u00edt a v\u00e1rosban \u00e9l\u0151k sz\u00e1m\u00e1ra.<\/p>\n<p><a href=\"https:\/\/www.palyazat.gov.hu\/eredmenyek\/tamogatott-projektek\/1429840201\" rel=\"noopener noreferrer nofollow\">K\u00f6nyvt\u00e1r n\u00e9gy ker\u00e9ken, MindenkiNet<\/a><\/p>\n<p>A projektben moderniz\u00e1lt\u00e1k az egri Br\u00f3dy S\u00e1ndor K\u00f6nyvt\u00e1r szolg\u00e1ltat\u00e1sait. A k\u00f6nyvt\u00e1rbusz \u00e9s a digit\u00e1lis labor r\u00e9v\u00e9n a kisebb telep\u00fcl\u00e9seken \u00e9l\u0151k sz\u00e1m\u00e1ra is k\u00f6nnyebben el\u00e9rhet\u0151v\u00e9 v\u00e1ltak a k\u00f6nyvt\u00e1ri \u00e9s digit\u00e1lis szolg\u00e1ltat\u00e1sok.<\/p>\n<p><a href=\"https:\/\/www.palyazat.gov.hu\/eredmenyek\/tamogatott-projektek\/2178360201\" rel=\"noopener noreferrer nofollow\">T\u00f6r\u00f6kszentmikl\u00f3s V\u00e1rosi B\u00f6lcs\u0151de b\u0151v\u00edt\u00e9se<\/a><\/p>\n<p>A projekt c\u00e9lja a b\u00f6lcs\u0151dei f\u00e9r\u0151helyek sz\u00e1m\u00e1nak n\u00f6vel\u00e9se \u00e9s az ell\u00e1t\u00e1s korszer\u0171s\u00edt\u00e9se volt. A fejleszt\u00e9s t\u00f6bb kisgyermekes csal\u00e1d sz\u00e1m\u00e1ra ny\u00fajt lehet\u0151s\u00e9get a modern b\u00f6lcs\u0151dei ell\u00e1t\u00e1s ig\u00e9nybev\u00e9tel\u00e9re.<\/p>\n<p><strong>Versenyk\u00e9pes \u00e9s intelligens Eur\u00f3pa kateg\u00f3ria<\/strong><\/p>\n<p><a href=\"https:\/\/www.palyazat.gov.hu\/eredmenyek\/tamogatott-projektek\/2567560201\" rel=\"noopener noreferrer nofollow\">Computeriz\u00e1lt, interakt\u00edv rehabilit\u00e1ci\u00f3s m\u00f3dszertani k\u00f6zpont l\u00e9trehoz\u00e1sa az OORI-ban<\/a><\/p>\n<p>Az Orsz\u00e1gos Orvosi Rehabilit\u00e1ci\u00f3s Int\u00e9zetben r\u00e9szben robotiz\u00e1lt rehabilit\u00e1ci\u00f3s k\u00f6zpont j\u00f6tt l\u00e9tre. Az \u00faj technol\u00f3gi\u00e1k a mozg\u00e1sszervi \u00e9s idegrendszeri s\u00e9r\u00fcl\u00e9sek ut\u00e1ni fel\u00e9p\u00fcl\u00e9st seg\u00edtik, mik\u00f6zben a projekt a korszer\u0171 rehabilit\u00e1ci\u00f3s m\u00f3dszerek sz\u00e9lesebb k\u00f6r\u0171 elterjeszt\u00e9s\u00e9t is t\u00e1mogatja.<\/p>\n<p><strong>Z\u00f6ld Eur\u00f3pa kateg\u00f3ria<\/strong><\/p>\n<p><a href=\"https:\/\/www.palyazat.gov.hu\/eredmenyek\/tamogatott-projektek\/804190201\" rel=\"noopener noreferrer nofollow\">Geotermikus f\u0171t\u00e9si rendszer kialak\u00edt\u00e1sa Lenti v\u00e1ros k\u00f6zint\u00e9zm\u00e9nyeiben<\/a><\/p>\n<p>A fejleszt\u00e9s sor\u00e1n t\u00edz k\u00f6zint\u00e9zm\u00e9ny energiaell\u00e1t\u00e1s\u00e1t \u00e1ll\u00edtott\u00e1k \u00e1t term\u00e1lv\u00edz alap\u00fa geotermikus energi\u00e1ra. A projekt hossz\u00fa t\u00e1von fenntarthat\u00f3bb\u00e1 tette az int\u00e9zm\u00e9nyek m\u0171k\u00f6d\u00e9s\u00e9t, mik\u00f6zben hozz\u00e1j\u00e1rult a k\u00f6rnyezetterhel\u00e9s cs\u00f6kkent\u00e9s\u00e9hez \u00e9s az \u00e9letmin\u0151s\u00e9g jav\u00edt\u00e1s\u00e1hoz is.<\/p>\n<p>A tavalyi REGIOSTARS versenyben h\u00e9t projekt k\u00e9pviselte Magyarorsz\u00e1got, \u00e9s b\u00e1r akkor magyar fejleszt\u00e9s nem jutott be a d\u00f6nt\u0151be, tov\u00e1bbra is b\u00fcszkes\u00e9ggel t\u00f6lt el benn\u00fcnket a 2024-es siker: abban az \u00e9vben a Magyar M\u00e1ltai Szeretetszolg\u00e1lat telemedicina programja kateg\u00f3riagy\u0151ztes lett.<\/p>\n","protected":false},"excerpt":{"rendered":"<p>Id\u00e9n is t\u00f6bb magyar fejleszt\u00e9ssel jelentkezt\u00fcnk az Eur\u00f3pai Bizotts\u00e1g Region\u00e1lis \u00e9s V\u00e1rospolitikai F\u0151igazgat\u00f3s\u00e1ga (DG REGIO) \u00e1ltal meghirdetett REGIOSTARS versenybe. A d\u00edjat 2008 \u00f3ta azoknak az uni\u00f3s t\u00e1mogat\u00e1ssal megval\u00f3sult projekteknek \u00edt\u00e9lik oda, amelyek k\u00e9zzelfoghat\u00f3 eredm\u00e9nyeket hoztak a helyi k\u00f6z\u00f6ss\u00e9gek sz\u00e1m\u00e1ra, innovat\u00edv megold\u00e1sokat alkalmaztak, \u00e9s m\u00e1s eur\u00f3pai r\u00e9gi\u00f3k sz\u00e1m\u00e1ra is j\u00f3 p\u00e9ld\u00e1t jelenthetnek. A p\u00e1ly\u00e1zatok \u00f6t kateg\u00f3ri\u00e1ban versenyeznek \u2013 a z\u00f6ld fejleszt\u00e9sekt\u0151l kezdve a t\u00e1rsadalmi befogad\u00e1st er\u0151s\u00edt\u0151 beruh\u00e1z\u00e1sokig. A nevez\u00e9seket m\u00e1jus 22-\u00e9ig lehetett beny\u00fajtani, jelenleg a projektek&#8230;<\/p>\n","protected":false},"author":30,"featured_media":11701,"comment_status":"closed","ping_status":"closed","sticky":false,"template":"","format":"standard","meta":{"_acf_changed":false,"ngg_post_thumbnail":0,"footnotes":""},"categories":[793],"tags":[],"megye":[],"class_list":["post-11700","post","type-post","status-publish","format-standard","has-post-thumbnail","hentry","category-szechenyi-plusz-hirek-hu"],"acf":[],"yoast_head":"<!-- This site is optimized with the Yoast SEO Premium plugin v28.4 (Yoast SEO v28.4) - https:\/\/yoast.com\/product\/yoast-seo-premium-wordpress\/ -->\n<title>REGIOSTARS 2026: ezekkel a projektekkel nevezt\u00fcnk - Egy\u00fctt fejl\u0151d\u00fcnk<\/title>\n<meta name=\"robots\" content=\"noindex, follow, max-snippet:-1, max-image-preview:large, max-video-preview:-1\" \/>\n<meta property=\"og:locale\" content=\"hu_HU\" \/>\n<meta property=\"og:type\" content=\"article\" \/>\n<meta property=\"og:title\" content=\"REGIOSTARS 2026: ezekkel a projektekkel nevezt\u00fcnk\" \/>\n<meta property=\"og:description\" content=\"Id\u00e9n is t\u00f6bb magyar fejleszt\u00e9ssel jelentkezt\u00fcnk az Eur\u00f3pai Bizotts\u00e1g Region\u00e1lis \u00e9s V\u00e1rospolitikai F\u0151igazgat\u00f3s\u00e1ga (DG REGIO) \u00e1ltal meghirdetett REGIOSTARS versenybe. A d\u00edjat 2008 \u00f3ta azoknak az uni\u00f3s t\u00e1mogat\u00e1ssal megval\u00f3sult projekteknek \u00edt\u00e9lik oda, amelyek k\u00e9zzelfoghat\u00f3 eredm\u00e9nyeket hoztak a helyi k\u00f6z\u00f6ss\u00e9gek sz\u00e1m\u00e1ra, innovat\u00edv megold\u00e1sokat alkalmaztak, \u00e9s m\u00e1s eur\u00f3pai r\u00e9gi\u00f3k sz\u00e1m\u00e1ra is j\u00f3 p\u00e9ld\u00e1t jelenthetnek. A p\u00e1ly\u00e1zatok \u00f6t kateg\u00f3ri\u00e1ban versenyeznek \u2013 a z\u00f6ld fejleszt\u00e9sekt\u0151l kezdve a t\u00e1rsadalmi befogad\u00e1st er\u0151s\u00edt\u0151 beruh\u00e1z\u00e1sokig. A nevez\u00e9seket m\u00e1jus 22-\u00e9ig lehetett beny\u00fajtani, jelenleg a projektek...\" \/>\n<meta property=\"og:url\" content=\"https:\/\/egyuttfejlodunk.hu\/?p=11700\" \/>\n<meta property=\"og:site_name\" content=\"Egy\u00fctt fejl\u0151d\u00fcnk\" \/>\n<meta property=\"article:published_time\" content=\"2026-06-11T04:23:38+00:00\" \/>\n<meta property=\"article:modified_time\" content=\"2026-06-16T04:24:47+00:00\" \/>\n<meta property=\"og:image\" content=\"https:\/\/egyuttfejlodunk.hu\/wp-content\/uploads\/2026\/06\/6a1fd45139d584d4d2125496.jpg\" \/>\n\t<meta property=\"og:image:width\" content=\"960\" \/>\n\t<meta property=\"og:image:height\" content=\"540\" \/>\n\t<meta property=\"og:image:type\" content=\"image\/jpeg\" \/>\n<meta name=\"author\" content=\"T\u00f3th Ferenc\" \/>\n<meta name=\"twitter:card\" content=\"summary_large_image\" \/>\n<meta name=\"twitter:label1\" content=\"Szerz\u0151:\" \/>\n\t<meta name=\"twitter:data1\" content=\"T\u00f3th Ferenc\" \/>\n\t<meta name=\"twitter:label2\" content=\"Becs\u00fclt olvas\u00e1si id\u0151\" \/>\n\t<meta name=\"twitter:data2\" content=\"3 perc\" \/>\n<script type=\"application\/ld+json\" class=\"yoast-schema-graph\">{\"@context\":\"https:\\\/\\\/schema.org\",\"@graph\":[{\"@type\":\"Article\",\"@id\":\"https:\\\/\\\/egyuttfejlodunk.hu\\\/?p=11700#article\",\"isPartOf\":{\"@id\":\"https:\\\/\\\/egyuttfejlodunk.hu\\\/?p=11700\"},\"author\":{\"name\":\"T\u00f3th Ferenc\",\"@id\":\"https:\\\/\\\/egyuttfejlodunk.hu\\\/#\\\/schema\\\/person\\\/94cc2e6bf0b14e6d5de3d603885ed8c5\"},\"headline\":\"REGIOSTARS 2026: ezekkel a projektekkel nevezt\u00fcnk\",\"datePublished\":\"2026-06-11T04:23:38+00:00\",\"dateModified\":\"2026-06-16T04:24:47+00:00\",\"mainEntityOfPage\":{\"@id\":\"https:\\\/\\\/egyuttfejlodunk.hu\\\/?p=11700\"},\"wordCount\":843,\"publisher\":{\"@id\":\"https:\\\/\\\/egyuttfejlodunk.hu\\\/#organization\"},\"image\":{\"@id\":\"https:\\\/\\\/egyuttfejlodunk.hu\\\/?p=11700#primaryimage\"},\"thumbnailUrl\":\"https:\\\/\\\/egyuttfejlodunk.hu\\\/wp-content\\\/uploads\\\/2026\\\/06\\\/6a1fd45139d584d4d2125496.jpg\",\"articleSection\":[\"sz\u00e9chenyi plusz h\u00edrek\"],\"inLanguage\":\"hu\"},{\"@type\":\"WebPage\",\"@id\":\"https:\\\/\\\/egyuttfejlodunk.hu\\\/?p=11700\",\"url\":\"https:\\\/\\\/egyuttfejlodunk.hu\\\/?p=11700\",\"name\":\"REGIOSTARS 2026: ezekkel a projektekkel nevezt\u00fcnk - Egy\u00fctt fejl\u0151d\u00fcnk\",\"isPartOf\":{\"@id\":\"https:\\\/\\\/egyuttfejlodunk.hu\\\/#website\"},\"primaryImageOfPage\":{\"@id\":\"https:\\\/\\\/egyuttfejlodunk.hu\\\/?p=11700#primaryimage\"},\"image\":{\"@id\":\"https:\\\/\\\/egyuttfejlodunk.hu\\\/?p=11700#primaryimage\"},\"thumbnailUrl\":\"https:\\\/\\\/egyuttfejlodunk.hu\\\/wp-content\\\/uploads\\\/2026\\\/06\\\/6a1fd45139d584d4d2125496.jpg\",\"datePublished\":\"2026-06-11T04:23:38+00:00\",\"dateModified\":\"2026-06-16T04:24:47+00:00\",\"breadcrumb\":{\"@id\":\"https:\\\/\\\/egyuttfejlodunk.hu\\\/?p=11700#breadcrumb\"},\"inLanguage\":\"hu\",\"potentialAction\":[{\"@type\":\"ReadAction\",\"target\":[\"https:\\\/\\\/egyuttfejlodunk.hu\\\/?p=11700\"]}]},{\"@type\":\"ImageObject\",\"inLanguage\":\"hu\",\"@id\":\"https:\\\/\\\/egyuttfejlodunk.hu\\\/?p=11700#primaryimage\",\"url\":\"https:\\\/\\\/egyuttfejlodunk.hu\\\/wp-content\\\/uploads\\\/2026\\\/06\\\/6a1fd45139d584d4d2125496.jpg\",\"contentUrl\":\"https:\\\/\\\/egyuttfejlodunk.hu\\\/wp-content\\\/uploads\\\/2026\\\/06\\\/6a1fd45139d584d4d2125496.jpg\",\"width\":960,\"height\":540},{\"@type\":\"BreadcrumbList\",\"@id\":\"https:\\\/\\\/egyuttfejlodunk.hu\\\/?p=11700#breadcrumb\",\"itemListElement\":[{\"@type\":\"ListItem\",\"position\":1,\"name\":\"Home\",\"item\":\"https:\\\/\\\/egyuttfejlodunk.hu\\\/\"},{\"@type\":\"ListItem\",\"position\":2,\"name\":\"REGIOSTARS 2026: ezekkel a projektekkel nevezt\u00fcnk\"}]},{\"@type\":\"WebSite\",\"@id\":\"https:\\\/\\\/egyuttfejlodunk.hu\\\/#website\",\"url\":\"https:\\\/\\\/egyuttfejlodunk.hu\\\/\",\"name\":\"Egy\u00fctt fejl\u0151d\u00fcnk\",\"description\":\"\",\"publisher\":{\"@id\":\"https:\\\/\\\/egyuttfejlodunk.hu\\\/#organization\"},\"potentialAction\":[{\"@type\":\"SearchAction\",\"target\":{\"@type\":\"EntryPoint\",\"urlTemplate\":\"https:\\\/\\\/egyuttfejlodunk.hu\\\/?s={search_term_string}\"},\"query-input\":{\"@type\":\"PropertyValueSpecification\",\"valueRequired\":true,\"valueName\":\"search_term_string\"}}],\"inLanguage\":\"hu\"},{\"@type\":\"Organization\",\"@id\":\"https:\\\/\\\/egyuttfejlodunk.hu\\\/#organization\",\"name\":\"Egy\u00fctt fejl\u0151d\u00fcnk\",\"url\":\"https:\\\/\\\/egyuttfejlodunk.hu\\\/\",\"logo\":{\"@type\":\"ImageObject\",\"inLanguage\":\"hu\",\"@id\":\"https:\\\/\\\/egyuttfejlodunk.hu\\\/#\\\/schema\\\/logo\\\/image\\\/\",\"url\":\"https:\\\/\\\/egyuttfejlodunk.hu\\\/wp-content\\\/uploads\\\/2026\\\/04\\\/ujlogo.jpg\",\"contentUrl\":\"https:\\\/\\\/egyuttfejlodunk.hu\\\/wp-content\\\/uploads\\\/2026\\\/04\\\/ujlogo.jpg\",\"width\":350,\"height\":110,\"caption\":\"Egy\u00fctt fejl\u0151d\u00fcnk\"},\"image\":{\"@id\":\"https:\\\/\\\/egyuttfejlodunk.hu\\\/#\\\/schema\\\/logo\\\/image\\\/\"}},{\"@type\":\"Person\",\"@id\":\"https:\\\/\\\/egyuttfejlodunk.hu\\\/#\\\/schema\\\/person\\\/94cc2e6bf0b14e6d5de3d603885ed8c5\",\"name\":\"T\u00f3th Ferenc\"}]}<\/script>\n<!-- \/ Yoast SEO Premium plugin. -->","yoast_head_json":{"title":"REGIOSTARS 2026: ezekkel a projektekkel nevezt\u00fcnk - Egy\u00fctt fejl\u0151d\u00fcnk","robots":{"index":"noindex","follow":"follow","max-snippet":"max-snippet:-1","max-image-preview":"max-image-preview:large","max-video-preview":"max-video-preview:-1"},"og_locale":"hu_HU","og_type":"article","og_title":"REGIOSTARS 2026: ezekkel a projektekkel nevezt\u00fcnk","og_description":"Id\u00e9n is t\u00f6bb magyar fejleszt\u00e9ssel jelentkezt\u00fcnk az Eur\u00f3pai Bizotts\u00e1g Region\u00e1lis \u00e9s V\u00e1rospolitikai F\u0151igazgat\u00f3s\u00e1ga (DG REGIO) \u00e1ltal meghirdetett REGIOSTARS versenybe. A d\u00edjat 2008 \u00f3ta azoknak az uni\u00f3s t\u00e1mogat\u00e1ssal megval\u00f3sult projekteknek \u00edt\u00e9lik oda, amelyek k\u00e9zzelfoghat\u00f3 eredm\u00e9nyeket hoztak a helyi k\u00f6z\u00f6ss\u00e9gek sz\u00e1m\u00e1ra, innovat\u00edv megold\u00e1sokat alkalmaztak, \u00e9s m\u00e1s eur\u00f3pai r\u00e9gi\u00f3k sz\u00e1m\u00e1ra is j\u00f3 p\u00e9ld\u00e1t jelenthetnek. A p\u00e1ly\u00e1zatok \u00f6t kateg\u00f3ri\u00e1ban versenyeznek \u2013 a z\u00f6ld fejleszt\u00e9sekt\u0151l kezdve a t\u00e1rsadalmi befogad\u00e1st er\u0151s\u00edt\u0151 beruh\u00e1z\u00e1sokig. A nevez\u00e9seket m\u00e1jus 22-\u00e9ig lehetett beny\u00fajtani, jelenleg a projektek...","og_url":"https:\/\/egyuttfejlodunk.hu\/?p=11700","og_site_name":"Egy\u00fctt fejl\u0151d\u00fcnk","article_published_time":"2026-06-11T04:23:38+00:00","article_modified_time":"2026-06-16T04:24:47+00:00","og_image":[{"width":960,"height":540,"url":"https:\/\/egyuttfejlodunk.hu\/wp-content\/uploads\/2026\/06\/6a1fd45139d584d4d2125496.jpg","type":"image\/jpeg"}],"author":"T\u00f3th Ferenc","twitter_card":"summary_large_image","twitter_misc":{"Szerz\u0151:":"T\u00f3th Ferenc","Becs\u00fclt olvas\u00e1si id\u0151":"3 perc"},"schema":{"@context":"https:\/\/schema.org","@graph":[{"@type":"Article","@id":"https:\/\/egyuttfejlodunk.hu\/?p=11700#article","isPartOf":{"@id":"https:\/\/egyuttfejlodunk.hu\/?p=11700"},"author":{"name":"T\u00f3th Ferenc","@id":"https:\/\/egyuttfejlodunk.hu\/#\/schema\/person\/94cc2e6bf0b14e6d5de3d603885ed8c5"},"headline":"REGIOSTARS 2026: ezekkel a projektekkel nevezt\u00fcnk","datePublished":"2026-06-11T04:23:38+00:00","dateModified":"2026-06-16T04:24:47+00:00","mainEntityOfPage":{"@id":"https:\/\/egyuttfejlodunk.hu\/?p=11700"},"wordCount":843,"publisher":{"@id":"https:\/\/egyuttfejlodunk.hu\/#organization"},"image":{"@id":"https:\/\/egyuttfejlodunk.hu\/?p=11700#primaryimage"},"thumbnailUrl":"https:\/\/egyuttfejlodunk.hu\/wp-content\/uploads\/2026\/06\/6a1fd45139d584d4d2125496.jpg","articleSection":["sz\u00e9chenyi plusz h\u00edrek"],"inLanguage":"hu"},{"@type":"WebPage","@id":"https:\/\/egyuttfejlodunk.hu\/?p=11700","url":"https:\/\/egyuttfejlodunk.hu\/?p=11700","name":"REGIOSTARS 2026: ezekkel a projektekkel nevezt\u00fcnk - Egy\u00fctt fejl\u0151d\u00fcnk","isPartOf":{"@id":"https:\/\/egyuttfejlodunk.hu\/#website"},"primaryImageOfPage":{"@id":"https:\/\/egyuttfejlodunk.hu\/?p=11700#primaryimage"},"image":{"@id":"https:\/\/egyuttfejlodunk.hu\/?p=11700#primaryimage"},"thumbnailUrl":"https:\/\/egyuttfejlodunk.hu\/wp-content\/uploads\/2026\/06\/6a1fd45139d584d4d2125496.jpg","datePublished":"2026-06-11T04:23:38+00:00","dateModified":"2026-06-16T04:24:47+00:00","breadcrumb":{"@id":"https:\/\/egyuttfejlodunk.hu\/?p=11700#breadcrumb"},"inLanguage":"hu","potentialAction":[{"@type":"ReadAction","target":["https:\/\/egyuttfejlodunk.hu\/?p=11700"]}]},{"@type":"ImageObject","inLanguage":"hu","@id":"https:\/\/egyuttfejlodunk.hu\/?p=11700#primaryimage","url":"https:\/\/egyuttfejlodunk.hu\/wp-content\/uploads\/2026\/06\/6a1fd45139d584d4d2125496.jpg","contentUrl":"https:\/\/egyuttfejlodunk.hu\/wp-content\/uploads\/2026\/06\/6a1fd45139d584d4d2125496.jpg","width":960,"height":540},{"@type":"BreadcrumbList","@id":"https:\/\/egyuttfejlodunk.hu\/?p=11700#breadcrumb","itemListElement":[{"@type":"ListItem","position":1,"name":"Home","item":"https:\/\/egyuttfejlodunk.hu\/"},{"@type":"ListItem","position":2,"name":"REGIOSTARS 2026: ezekkel a projektekkel nevezt\u00fcnk"}]},{"@type":"WebSite","@id":"https:\/\/egyuttfejlodunk.hu\/#website","url":"https:\/\/egyuttfejlodunk.hu\/","name":"Egy\u00fctt fejl\u0151d\u00fcnk","description":"","publisher":{"@id":"https:\/\/egyuttfejlodunk.hu\/#organization"},"potentialAction":[{"@type":"SearchAction","target":{"@type":"EntryPoint","urlTemplate":"https:\/\/egyuttfejlodunk.hu\/?s={search_term_string}"},"query-input":{"@type":"PropertyValueSpecification","valueRequired":true,"valueName":"search_term_string"}}],"inLanguage":"hu"},{"@type":"Organization","@id":"https:\/\/egyuttfejlodunk.hu\/#organization","name":"Egy\u00fctt fejl\u0151d\u00fcnk","url":"https:\/\/egyuttfejlodunk.hu\/","logo":{"@type":"ImageObject","inLanguage":"hu","@id":"https:\/\/egyuttfejlodunk.hu\/#\/schema\/logo\/image\/","url":"https:\/\/egyuttfejlodunk.hu\/wp-content\/uploads\/2026\/04\/ujlogo.jpg","contentUrl":"https:\/\/egyuttfejlodunk.hu\/wp-content\/uploads\/2026\/04\/ujlogo.jpg","width":350,"height":110,"caption":"Egy\u00fctt fejl\u0151d\u00fcnk"},"image":{"@id":"https:\/\/egyuttfejlodunk.hu\/#\/schema\/logo\/image\/"}},{"@type":"Person","@id":"https:\/\/egyuttfejlodunk.hu\/#\/schema\/person\/94cc2e6bf0b14e6d5de3d603885ed8c5","name":"T\u00f3th Ferenc"}]}},"_links":{"self":[{"href":"https:\/\/egyuttfejlodunk.hu\/index.php?rest_route=\/wp\/v2\/posts\/11700","targetHints":{"allow":["GET"]}}],"collection":[{"href":"https:\/\/egyuttfejlodunk.hu\/index.php?rest_route=\/wp\/v2\/posts"}],"about":[{"href":"https:\/\/egyuttfejlodunk.hu\/index.php?rest_route=\/wp\/v2\/types\/post"}],"author":[{"embeddable":true,"href":"https:\/\/egyuttfejlodunk.hu\/index.php?rest_route=\/wp\/v2\/users\/30"}],"replies":[{"embeddable":true,"href":"https:\/\/egyuttfejlodunk.hu\/index.php?rest_route=%2Fwp%2Fv2%2Fcomments&post=11700"}],"version-history":[{"count":2,"href":"https:\/\/egyuttfejlodunk.hu\/index.php?rest_route=\/wp\/v2\/posts\/11700\/revisions"}],"predecessor-version":[{"id":11703,"href":"https:\/\/egyuttfejlodunk.hu\/index.php?rest_route=\/wp\/v2\/posts\/11700\/revisions\/11703"}],"wp:featuredmedia":[{"embeddable":true,"href":"https:\/\/egyuttfejlodunk.hu\/index.php?rest_route=\/wp\/v2\/media\/11701"}],"wp:attachment":[{"href":"https:\/\/egyuttfejlodunk.hu\/index.php?rest_route=%2Fwp%2Fv2%2Fmedia&parent=11700"}],"wp:term":[{"taxonomy":"category","embeddable":true,"href":"https:\/\/egyuttfejlodunk.hu\/index.php?rest_route=%2Fwp%2Fv2%2Fcategories&post=11700"},{"taxonomy":"post_tag","embeddable":true,"href":"https:\/\/egyuttfejlodunk.hu\/index.php?rest_route=%2Fwp%2Fv2%2Ftags&post=11700"},{"taxonomy":"megye","embeddable":true,"href":"https:\/\/egyuttfejlodunk.hu\/index.php?rest_route=%2Fwp%2Fv2%2Fmegye&post=11700"}],"curies":[{"name":"wp","href":"https:\/\/api.w.org\/{rel}","templated":true}]}}