{"id":11708,"date":"2026-06-12T06:26:03","date_gmt":"2026-06-12T04:26:03","guid":{"rendered":"https:\/\/egyuttfejlodunk.hu\/?p=11708"},"modified":"2026-08-28T08:44:01","modified_gmt":"2026-08-28T06:44:01","slug":"unios-forrasbol-letrejott-bolcsode-segiti-a-vecsesi-csaladokat","status":"publish","type":"post","link":"https:\/\/egyuttfejlodunk.hu\/?p=11708","title":{"rendered":"Uni\u00f3s forr\u00e1sb\u00f3l l\u00e9trej\u00f6tt b\u00f6lcs\u0151de seg\u00edti a vecs\u00e9si csal\u00e1dokat"},"content":{"rendered":"<p><strong>\u00d6r\u00f6mh\u00edr volt a vecs\u00e9si kisgyermekes csal\u00e1dok sz\u00e1m\u00e1ra, hogy a Sz\u00e9chenyi 2020 program keret\u00e9ben \u00faj b\u00f6lcs\u0151d\u00e9vel gazdagodott a telep\u00fcl\u00e9s, \u00e9rdemi megold\u00e1st k\u00edn\u00e1lva a t\u00e9rs\u00e9gben megn\u00f6vekedett ig\u00e9nyekre.<\/strong><\/p>\n<p>A budapesti agglomer\u00e1ci\u00f3 d\u00e9lkeleti r\u00e9sz\u00e9n fekv\u0151 telep\u00fcl\u00e9s az elm\u00falt \u00e9vtizedekben jelent\u0151s n\u00e9pess\u00e9gn\u00f6veked\u00e9st mutatott, \u00e9s a kertv\u00e1rosias k\u00f6rnyezetbe k\u00f6lt\u00f6z\u0151 fiatal csal\u00e1dok kedvelt c\u00e9lpontj\u00e1v\u00e1 v\u00e1lt. A lak\u00f3parkok b\u0151v\u00fcl\u00e9s\u00e9vel a megl\u00e9v\u0151 infrastrukt\u00fara \u2013 k\u00fcl\u00f6n\u00f6sen a b\u00f6lcs\u0151dei f\u00e9r\u0151helyek sz\u00e1ma \u2013 m\u00e1r nem tudta kiel\u00e9g\u00edteni a megn\u00f6vekedett ig\u00e9nyeket, ez\u00e9rt \u00faj int\u00e9zm\u00e9nyre volt sz\u00fcks\u00e9g. A b\u00f6lcs\u0151dei v\u00e1r\u00f3list\u00e1n \u00e9vek \u00f3ta mindig t\u00f6bb mint \u00f6tven gyermek szerepelt.<\/p>\n<p>Komoly seg\u00edts\u00e9get jelentett teh\u00e1t az itt \u00e9l\u0151 csal\u00e1doknak, amikor uni\u00f3s t\u00e1mogat\u00e1ssal egy \u00faj 56 f\u00e9r\u0151helyes b\u00f6lcs\u0151de \u00e9p\u00fclt. Az \u00e9p\u00fclet k\u00e9t gondoz\u00e1si egys\u00e9gben, n\u00e9gy csoportszob\u00e1val, meleg\u00edt\u0151konyh\u00e1val, s\u00f3szob\u00e1val v\u00e1rja a kicsiket. A k\u00f6zel<br \/>\n100 m\u00b2-es fedett terasz k\u00f6zvetlen kapcsolatot biztos\u00edt a kerttel, ahol a 1600 m\u00b2-es j\u00e1tsz\u00f3udvaron a ny\u00e1ri id\u0151szakban a szabad leveg\u0151n, ugyanakkor \u00e1rny\u00e9kos k\u00f6rnyezetben pihenhetnek \u00e9s j\u00e1tszhatnak a gyermekek.<\/p>\n<p>A beruh\u00e1z\u00e1s sor\u00e1n korszer\u0171 b\u00fatorokat, fejleszt\u0151eszk\u00f6z\u00f6ket \u00e9s j\u00e1t\u00e9kokat is beszereztek, amelyek hozz\u00e1j\u00e1rulnak a biztons\u00e1gos, ugyanakkor fejleszt\u0151 k\u00f6rnyezet l\u00e9trehoz\u00e1s\u00e1hoz. Az int\u00e9zm\u00e9nyhez parkol\u00f3helyeket \u00e9s ker\u00e9kp\u00e1rt\u00e1rol\u00f3kat is kialak\u00edtottak.<\/p>\n<p>Az \u00faj b\u00f6lcs\u0151de a korszer\u0171, z\u00f6ld szeml\u00e9let\u0171 \u00e9p\u00edt\u00e9szeti \u00e9s energetikai megold\u00e1saival a fenntarthat\u00f3 m\u0171k\u00f6d\u00e9st szolg\u00e1lja. A napelemes rendszernek \u00e9s az energiahat\u00e9kony szerkezeteknek k\u00f6sz\u00f6nhet\u0151en az \u00e9p\u00fclet k\u00f6rnyezettudatosan \u00e9s gazdas\u00e1gosan, alacsonyabb fenntart\u00e1si k\u00f6lts\u00e9gek mellett \u00fczemeltethet\u0151.<\/p>\n<p>Az b\u00f6lcs\u0151de \u00e1tad\u00e1s\u00e1val Vecs\u00e9s fontos l\u00e9p\u00e9st tett a csal\u00e1dbar\u00e1t, \u00e9lhet\u0151 \u00e9s fenntarthat\u00f3 telep\u00fcl\u00e9s megteremt\u00e9se, s ezen t\u00fal a n\u0151k munkaer\u0151piaci r\u00e9szv\u00e9tel\u00e9nek t\u00e1mogat\u00e1sa, valamint a csal\u00e1di \u00e9let \u00e9s a munkav\u00e1llal\u00e1s \u00f6sszehangol\u00e1sa fel\u00e9.<\/p>\n<p>A program a VEKOP-6.1.1-15-PT1-2016-00049 projekt keret\u00e9ben, eur\u00f3pai uni\u00f3s forr\u00e1s bevon\u00e1s\u00e1val val\u00f3sult meg.<\/p>\n<p>Tov\u00e1bbi r\u00e9szletek a t\u00e1mogatott projekt keres\u0151ben:&nbsp;<a class=\"tovabb\" href=\"https:\/\/www.palyazat.gov.hu\/eredmenyek\/tamogatott-projektek\/706930201\" target=\"_blank\" rel=\"noopener\">Tov\u00e1bb<\/a><\/p>\n","protected":false},"excerpt":{"rendered":"<p>\u00d6r\u00f6mh\u00edr volt a vecs\u00e9si kisgyermekes csal\u00e1dok sz\u00e1m\u00e1ra, hogy a Sz\u00e9chenyi 2020 program keret\u00e9ben \u00faj b\u00f6lcs\u0151d\u00e9vel gazdagodott a telep\u00fcl\u00e9s, \u00e9rdemi megold\u00e1st k\u00edn\u00e1lva a t\u00e9rs\u00e9gben megn\u00f6vekedett ig\u00e9nyekre. A budapesti agglomer\u00e1ci\u00f3 d\u00e9lkeleti r\u00e9sz\u00e9n fekv\u0151 telep\u00fcl\u00e9s az elm\u00falt \u00e9vtizedekben jelent\u0151s n\u00e9pess\u00e9gn\u00f6veked\u00e9st mutatott, \u00e9s a kertv\u00e1rosias k\u00f6rnyezetbe k\u00f6lt\u00f6z\u0151 fiatal csal\u00e1dok kedvelt c\u00e9lpontj\u00e1v\u00e1 v\u00e1lt. A lak\u00f3parkok b\u0151v\u00fcl\u00e9s\u00e9vel a megl\u00e9v\u0151 infrastrukt\u00fara \u2013 k\u00fcl\u00f6n\u00f6sen a b\u00f6lcs\u0151dei f\u00e9r\u0151helyek sz\u00e1ma \u2013 m\u00e1r nem tudta kiel\u00e9g\u00edteni a megn\u00f6vekedett ig\u00e9nyeket, ez\u00e9rt \u00faj int\u00e9zm\u00e9nyre volt sz\u00fcks\u00e9g. A b\u00f6lcs\u0151dei&#8230;<\/p>\n","protected":false},"author":30,"featured_media":11709,"comment_status":"closed","ping_status":"closed","sticky":false,"template":"","format":"standard","meta":{"_acf_changed":false,"ngg_post_thumbnail":0,"footnotes":""},"categories":[176],"tags":[425,294,316],"megye":[1201],"class_list":["post-11708","post","type-post","status-publish","format-standard","has-post-thumbnail","hentry","category-vekop-hu","tag-gondoskodo-tarsadalom","tag-szocialisellatas-hu","tag-telepulesfejlesztes","megye-pest-varmegye"],"acf":[],"yoast_head":"<!-- This site is optimized with the Yoast SEO Premium plugin v28.4 (Yoast SEO v28.4) - https:\/\/yoast.com\/product\/yoast-seo-premium-wordpress\/ -->\n<title>Uni\u00f3s forr\u00e1sb\u00f3l l\u00e9trej\u00f6tt b\u00f6lcs\u0151de seg\u00edti a vecs\u00e9si csal\u00e1dokat - Egy\u00fctt fejl\u0151d\u00fcnk<\/title>\n<meta name=\"robots\" content=\"noindex, follow, max-snippet:-1, max-image-preview:large, max-video-preview:-1\" \/>\n<meta property=\"og:locale\" content=\"hu_HU\" \/>\n<meta property=\"og:type\" content=\"article\" \/>\n<meta property=\"og:title\" content=\"Uni\u00f3s forr\u00e1sb\u00f3l l\u00e9trej\u00f6tt b\u00f6lcs\u0151de seg\u00edti a vecs\u00e9si csal\u00e1dokat\" \/>\n<meta property=\"og:description\" content=\"\u00d6r\u00f6mh\u00edr volt a vecs\u00e9si kisgyermekes csal\u00e1dok sz\u00e1m\u00e1ra, hogy a Sz\u00e9chenyi 2020 program keret\u00e9ben \u00faj b\u00f6lcs\u0151d\u00e9vel gazdagodott a telep\u00fcl\u00e9s, \u00e9rdemi megold\u00e1st k\u00edn\u00e1lva a t\u00e9rs\u00e9gben megn\u00f6vekedett ig\u00e9nyekre. A budapesti agglomer\u00e1ci\u00f3 d\u00e9lkeleti r\u00e9sz\u00e9n fekv\u0151 telep\u00fcl\u00e9s az elm\u00falt \u00e9vtizedekben jelent\u0151s n\u00e9pess\u00e9gn\u00f6veked\u00e9st mutatott, \u00e9s a kertv\u00e1rosias k\u00f6rnyezetbe k\u00f6lt\u00f6z\u0151 fiatal csal\u00e1dok kedvelt c\u00e9lpontj\u00e1v\u00e1 v\u00e1lt. A lak\u00f3parkok b\u0151v\u00fcl\u00e9s\u00e9vel a megl\u00e9v\u0151 infrastrukt\u00fara \u2013 k\u00fcl\u00f6n\u00f6sen a b\u00f6lcs\u0151dei f\u00e9r\u0151helyek sz\u00e1ma \u2013 m\u00e1r nem tudta kiel\u00e9g\u00edteni a megn\u00f6vekedett ig\u00e9nyeket, ez\u00e9rt \u00faj int\u00e9zm\u00e9nyre volt sz\u00fcks\u00e9g. A b\u00f6lcs\u0151dei...\" \/>\n<meta property=\"og:url\" content=\"https:\/\/egyuttfejlodunk.hu\/?p=11708\" \/>\n<meta property=\"og:site_name\" content=\"Egy\u00fctt fejl\u0151d\u00fcnk\" \/>\n<meta property=\"article:published_time\" content=\"2026-06-12T04:26:03+00:00\" \/>\n<meta property=\"article:modified_time\" content=\"2026-08-28T06:44:01+00:00\" \/>\n<meta property=\"og:image\" content=\"https:\/\/egyuttfejlodunk.hu\/wp-content\/uploads\/2026\/06\/VEKOP-6.1.1-15-PT1-2016-00049Vecses-Varos-bolcsode-epitese-es-eszkozbeszerzes-1.jpg\" \/>\n\t<meta property=\"og:image:width\" content=\"1600\" \/>\n\t<meta property=\"og:image:height\" content=\"878\" \/>\n\t<meta property=\"og:image:type\" content=\"image\/jpeg\" \/>\n<meta name=\"author\" content=\"T\u00f3th Ferenc\" \/>\n<meta name=\"twitter:card\" content=\"summary_large_image\" \/>\n<meta name=\"twitter:label1\" content=\"Szerz\u0151:\" \/>\n\t<meta name=\"twitter:data1\" content=\"T\u00f3th Ferenc\" \/>\n\t<meta name=\"twitter:label2\" content=\"Becs\u00fclt olvas\u00e1si id\u0151\" \/>\n\t<meta name=\"twitter:data2\" content=\"2 perc\" \/>\n<script type=\"application\/ld+json\" class=\"yoast-schema-graph\">{\"@context\":\"https:\\\/\\\/schema.org\",\"@graph\":[{\"@type\":\"Article\",\"@id\":\"https:\\\/\\\/egyuttfejlodunk.hu\\\/?p=11708#article\",\"isPartOf\":{\"@id\":\"https:\\\/\\\/egyuttfejlodunk.hu\\\/?p=11708\"},\"author\":{\"name\":\"T\u00f3th Ferenc\",\"@id\":\"https:\\\/\\\/egyuttfejlodunk.hu\\\/#\\\/schema\\\/person\\\/94cc2e6bf0b14e6d5de3d603885ed8c5\"},\"headline\":\"Uni\u00f3s forr\u00e1sb\u00f3l l\u00e9trej\u00f6tt b\u00f6lcs\u0151de seg\u00edti a vecs\u00e9si csal\u00e1dokat\",\"datePublished\":\"2026-06-12T04:26:03+00:00\",\"dateModified\":\"2026-08-28T06:44:01+00:00\",\"mainEntityOfPage\":{\"@id\":\"https:\\\/\\\/egyuttfejlodunk.hu\\\/?p=11708\"},\"wordCount\":457,\"publisher\":{\"@id\":\"https:\\\/\\\/egyuttfejlodunk.hu\\\/#organization\"},\"image\":{\"@id\":\"https:\\\/\\\/egyuttfejlodunk.hu\\\/?p=11708#primaryimage\"},\"thumbnailUrl\":\"https:\\\/\\\/egyuttfejlodunk.hu\\\/wp-content\\\/uploads\\\/2026\\\/06\\\/VEKOP-6.1.1-15-PT1-2016-00049Vecses-Varos-bolcsode-epitese-es-eszkozbeszerzes-1.jpg\",\"keywords\":[\"gondoskod\u00f3 t\u00e1rsadalom\",\"Szoci\u00e1lis ell\u00e1t\u00e1s\",\"Telep\u00fcl\u00e9sfejleszt\u00e9s\"],\"articleSection\":[\"Vekop\"],\"inLanguage\":\"hu\"},{\"@type\":\"WebPage\",\"@id\":\"https:\\\/\\\/egyuttfejlodunk.hu\\\/?p=11708\",\"url\":\"https:\\\/\\\/egyuttfejlodunk.hu\\\/?p=11708\",\"name\":\"Uni\u00f3s forr\u00e1sb\u00f3l l\u00e9trej\u00f6tt b\u00f6lcs\u0151de seg\u00edti a vecs\u00e9si csal\u00e1dokat - Egy\u00fctt fejl\u0151d\u00fcnk\",\"isPartOf\":{\"@id\":\"https:\\\/\\\/egyuttfejlodunk.hu\\\/#website\"},\"primaryImageOfPage\":{\"@id\":\"https:\\\/\\\/egyuttfejlodunk.hu\\\/?p=11708#primaryimage\"},\"image\":{\"@id\":\"https:\\\/\\\/egyuttfejlodunk.hu\\\/?p=11708#primaryimage\"},\"thumbnailUrl\":\"https:\\\/\\\/egyuttfejlodunk.hu\\\/wp-content\\\/uploads\\\/2026\\\/06\\\/VEKOP-6.1.1-15-PT1-2016-00049Vecses-Varos-bolcsode-epitese-es-eszkozbeszerzes-1.jpg\",\"datePublished\":\"2026-06-12T04:26:03+00:00\",\"dateModified\":\"2026-08-28T06:44:01+00:00\",\"breadcrumb\":{\"@id\":\"https:\\\/\\\/egyuttfejlodunk.hu\\\/?p=11708#breadcrumb\"},\"inLanguage\":\"hu\",\"potentialAction\":[{\"@type\":\"ReadAction\",\"target\":[\"https:\\\/\\\/egyuttfejlodunk.hu\\\/?p=11708\"]}]},{\"@type\":\"ImageObject\",\"inLanguage\":\"hu\",\"@id\":\"https:\\\/\\\/egyuttfejlodunk.hu\\\/?p=11708#primaryimage\",\"url\":\"https:\\\/\\\/egyuttfejlodunk.hu\\\/wp-content\\\/uploads\\\/2026\\\/06\\\/VEKOP-6.1.1-15-PT1-2016-00049Vecses-Varos-bolcsode-epitese-es-eszkozbeszerzes-1.jpg\",\"contentUrl\":\"https:\\\/\\\/egyuttfejlodunk.hu\\\/wp-content\\\/uploads\\\/2026\\\/06\\\/VEKOP-6.1.1-15-PT1-2016-00049Vecses-Varos-bolcsode-epitese-es-eszkozbeszerzes-1.jpg\",\"width\":1600,\"height\":878},{\"@type\":\"BreadcrumbList\",\"@id\":\"https:\\\/\\\/egyuttfejlodunk.hu\\\/?p=11708#breadcrumb\",\"itemListElement\":[{\"@type\":\"ListItem\",\"position\":1,\"name\":\"Home\",\"item\":\"https:\\\/\\\/egyuttfejlodunk.hu\\\/\"},{\"@type\":\"ListItem\",\"position\":2,\"name\":\"Uni\u00f3s forr\u00e1sb\u00f3l l\u00e9trej\u00f6tt b\u00f6lcs\u0151de seg\u00edti a vecs\u00e9si csal\u00e1dokat\"}]},{\"@type\":\"WebSite\",\"@id\":\"https:\\\/\\\/egyuttfejlodunk.hu\\\/#website\",\"url\":\"https:\\\/\\\/egyuttfejlodunk.hu\\\/\",\"name\":\"Egy\u00fctt fejl\u0151d\u00fcnk\",\"description\":\"\",\"publisher\":{\"@id\":\"https:\\\/\\\/egyuttfejlodunk.hu\\\/#organization\"},\"potentialAction\":[{\"@type\":\"SearchAction\",\"target\":{\"@type\":\"EntryPoint\",\"urlTemplate\":\"https:\\\/\\\/egyuttfejlodunk.hu\\\/?s={search_term_string}\"},\"query-input\":{\"@type\":\"PropertyValueSpecification\",\"valueRequired\":true,\"valueName\":\"search_term_string\"}}],\"inLanguage\":\"hu\"},{\"@type\":\"Organization\",\"@id\":\"https:\\\/\\\/egyuttfejlodunk.hu\\\/#organization\",\"name\":\"Egy\u00fctt fejl\u0151d\u00fcnk\",\"url\":\"https:\\\/\\\/egyuttfejlodunk.hu\\\/\",\"logo\":{\"@type\":\"ImageObject\",\"inLanguage\":\"hu\",\"@id\":\"https:\\\/\\\/egyuttfejlodunk.hu\\\/#\\\/schema\\\/logo\\\/image\\\/\",\"url\":\"https:\\\/\\\/egyuttfejlodunk.hu\\\/wp-content\\\/uploads\\\/2026\\\/04\\\/ujlogo.jpg\",\"contentUrl\":\"https:\\\/\\\/egyuttfejlodunk.hu\\\/wp-content\\\/uploads\\\/2026\\\/04\\\/ujlogo.jpg\",\"width\":350,\"height\":110,\"caption\":\"Egy\u00fctt fejl\u0151d\u00fcnk\"},\"image\":{\"@id\":\"https:\\\/\\\/egyuttfejlodunk.hu\\\/#\\\/schema\\\/logo\\\/image\\\/\"}},{\"@type\":\"Person\",\"@id\":\"https:\\\/\\\/egyuttfejlodunk.hu\\\/#\\\/schema\\\/person\\\/94cc2e6bf0b14e6d5de3d603885ed8c5\",\"name\":\"T\u00f3th Ferenc\"}]}<\/script>\n<!-- \/ Yoast SEO Premium plugin. -->","yoast_head_json":{"title":"Uni\u00f3s forr\u00e1sb\u00f3l l\u00e9trej\u00f6tt b\u00f6lcs\u0151de seg\u00edti a vecs\u00e9si csal\u00e1dokat - Egy\u00fctt fejl\u0151d\u00fcnk","robots":{"index":"noindex","follow":"follow","max-snippet":"max-snippet:-1","max-image-preview":"max-image-preview:large","max-video-preview":"max-video-preview:-1"},"og_locale":"hu_HU","og_type":"article","og_title":"Uni\u00f3s forr\u00e1sb\u00f3l l\u00e9trej\u00f6tt b\u00f6lcs\u0151de seg\u00edti a vecs\u00e9si csal\u00e1dokat","og_description":"\u00d6r\u00f6mh\u00edr volt a vecs\u00e9si kisgyermekes csal\u00e1dok sz\u00e1m\u00e1ra, hogy a Sz\u00e9chenyi 2020 program keret\u00e9ben \u00faj b\u00f6lcs\u0151d\u00e9vel gazdagodott a telep\u00fcl\u00e9s, \u00e9rdemi megold\u00e1st k\u00edn\u00e1lva a t\u00e9rs\u00e9gben megn\u00f6vekedett ig\u00e9nyekre. A budapesti agglomer\u00e1ci\u00f3 d\u00e9lkeleti r\u00e9sz\u00e9n fekv\u0151 telep\u00fcl\u00e9s az elm\u00falt \u00e9vtizedekben jelent\u0151s n\u00e9pess\u00e9gn\u00f6veked\u00e9st mutatott, \u00e9s a kertv\u00e1rosias k\u00f6rnyezetbe k\u00f6lt\u00f6z\u0151 fiatal csal\u00e1dok kedvelt c\u00e9lpontj\u00e1v\u00e1 v\u00e1lt. A lak\u00f3parkok b\u0151v\u00fcl\u00e9s\u00e9vel a megl\u00e9v\u0151 infrastrukt\u00fara \u2013 k\u00fcl\u00f6n\u00f6sen a b\u00f6lcs\u0151dei f\u00e9r\u0151helyek sz\u00e1ma \u2013 m\u00e1r nem tudta kiel\u00e9g\u00edteni a megn\u00f6vekedett ig\u00e9nyeket, ez\u00e9rt \u00faj int\u00e9zm\u00e9nyre volt sz\u00fcks\u00e9g. A b\u00f6lcs\u0151dei...","og_url":"https:\/\/egyuttfejlodunk.hu\/?p=11708","og_site_name":"Egy\u00fctt fejl\u0151d\u00fcnk","article_published_time":"2026-06-12T04:26:03+00:00","article_modified_time":"2026-08-28T06:44:01+00:00","og_image":[{"width":1600,"height":878,"url":"https:\/\/egyuttfejlodunk.hu\/wp-content\/uploads\/2026\/06\/VEKOP-6.1.1-15-PT1-2016-00049Vecses-Varos-bolcsode-epitese-es-eszkozbeszerzes-1.jpg","type":"image\/jpeg"}],"author":"T\u00f3th Ferenc","twitter_card":"summary_large_image","twitter_misc":{"Szerz\u0151:":"T\u00f3th Ferenc","Becs\u00fclt olvas\u00e1si id\u0151":"2 perc"},"schema":{"@context":"https:\/\/schema.org","@graph":[{"@type":"Article","@id":"https:\/\/egyuttfejlodunk.hu\/?p=11708#article","isPartOf":{"@id":"https:\/\/egyuttfejlodunk.hu\/?p=11708"},"author":{"name":"T\u00f3th Ferenc","@id":"https:\/\/egyuttfejlodunk.hu\/#\/schema\/person\/94cc2e6bf0b14e6d5de3d603885ed8c5"},"headline":"Uni\u00f3s forr\u00e1sb\u00f3l l\u00e9trej\u00f6tt b\u00f6lcs\u0151de seg\u00edti a vecs\u00e9si csal\u00e1dokat","datePublished":"2026-06-12T04:26:03+00:00","dateModified":"2026-08-28T06:44:01+00:00","mainEntityOfPage":{"@id":"https:\/\/egyuttfejlodunk.hu\/?p=11708"},"wordCount":457,"publisher":{"@id":"https:\/\/egyuttfejlodunk.hu\/#organization"},"image":{"@id":"https:\/\/egyuttfejlodunk.hu\/?p=11708#primaryimage"},"thumbnailUrl":"https:\/\/egyuttfejlodunk.hu\/wp-content\/uploads\/2026\/06\/VEKOP-6.1.1-15-PT1-2016-00049Vecses-Varos-bolcsode-epitese-es-eszkozbeszerzes-1.jpg","keywords":["gondoskod\u00f3 t\u00e1rsadalom","Szoci\u00e1lis ell\u00e1t\u00e1s","Telep\u00fcl\u00e9sfejleszt\u00e9s"],"articleSection":["Vekop"],"inLanguage":"hu"},{"@type":"WebPage","@id":"https:\/\/egyuttfejlodunk.hu\/?p=11708","url":"https:\/\/egyuttfejlodunk.hu\/?p=11708","name":"Uni\u00f3s forr\u00e1sb\u00f3l l\u00e9trej\u00f6tt b\u00f6lcs\u0151de seg\u00edti a vecs\u00e9si csal\u00e1dokat - Egy\u00fctt fejl\u0151d\u00fcnk","isPartOf":{"@id":"https:\/\/egyuttfejlodunk.hu\/#website"},"primaryImageOfPage":{"@id":"https:\/\/egyuttfejlodunk.hu\/?p=11708#primaryimage"},"image":{"@id":"https:\/\/egyuttfejlodunk.hu\/?p=11708#primaryimage"},"thumbnailUrl":"https:\/\/egyuttfejlodunk.hu\/wp-content\/uploads\/2026\/06\/VEKOP-6.1.1-15-PT1-2016-00049Vecses-Varos-bolcsode-epitese-es-eszkozbeszerzes-1.jpg","datePublished":"2026-06-12T04:26:03+00:00","dateModified":"2026-08-28T06:44:01+00:00","breadcrumb":{"@id":"https:\/\/egyuttfejlodunk.hu\/?p=11708#breadcrumb"},"inLanguage":"hu","potentialAction":[{"@type":"ReadAction","target":["https:\/\/egyuttfejlodunk.hu\/?p=11708"]}]},{"@type":"ImageObject","inLanguage":"hu","@id":"https:\/\/egyuttfejlodunk.hu\/?p=11708#primaryimage","url":"https:\/\/egyuttfejlodunk.hu\/wp-content\/uploads\/2026\/06\/VEKOP-6.1.1-15-PT1-2016-00049Vecses-Varos-bolcsode-epitese-es-eszkozbeszerzes-1.jpg","contentUrl":"https:\/\/egyuttfejlodunk.hu\/wp-content\/uploads\/2026\/06\/VEKOP-6.1.1-15-PT1-2016-00049Vecses-Varos-bolcsode-epitese-es-eszkozbeszerzes-1.jpg","width":1600,"height":878},{"@type":"BreadcrumbList","@id":"https:\/\/egyuttfejlodunk.hu\/?p=11708#breadcrumb","itemListElement":[{"@type":"ListItem","position":1,"name":"Home","item":"https:\/\/egyuttfejlodunk.hu\/"},{"@type":"ListItem","position":2,"name":"Uni\u00f3s forr\u00e1sb\u00f3l l\u00e9trej\u00f6tt b\u00f6lcs\u0151de seg\u00edti a vecs\u00e9si csal\u00e1dokat"}]},{"@type":"WebSite","@id":"https:\/\/egyuttfejlodunk.hu\/#website","url":"https:\/\/egyuttfejlodunk.hu\/","name":"Egy\u00fctt fejl\u0151d\u00fcnk","description":"","publisher":{"@id":"https:\/\/egyuttfejlodunk.hu\/#organization"},"potentialAction":[{"@type":"SearchAction","target":{"@type":"EntryPoint","urlTemplate":"https:\/\/egyuttfejlodunk.hu\/?s={search_term_string}"},"query-input":{"@type":"PropertyValueSpecification","valueRequired":true,"valueName":"search_term_string"}}],"inLanguage":"hu"},{"@type":"Organization","@id":"https:\/\/egyuttfejlodunk.hu\/#organization","name":"Egy\u00fctt fejl\u0151d\u00fcnk","url":"https:\/\/egyuttfejlodunk.hu\/","logo":{"@type":"ImageObject","inLanguage":"hu","@id":"https:\/\/egyuttfejlodunk.hu\/#\/schema\/logo\/image\/","url":"https:\/\/egyuttfejlodunk.hu\/wp-content\/uploads\/2026\/04\/ujlogo.jpg","contentUrl":"https:\/\/egyuttfejlodunk.hu\/wp-content\/uploads\/2026\/04\/ujlogo.jpg","width":350,"height":110,"caption":"Egy\u00fctt fejl\u0151d\u00fcnk"},"image":{"@id":"https:\/\/egyuttfejlodunk.hu\/#\/schema\/logo\/image\/"}},{"@type":"Person","@id":"https:\/\/egyuttfejlodunk.hu\/#\/schema\/person\/94cc2e6bf0b14e6d5de3d603885ed8c5","name":"T\u00f3th Ferenc"}]}},"_links":{"self":[{"href":"https:\/\/egyuttfejlodunk.hu\/index.php?rest_route=\/wp\/v2\/posts\/11708","targetHints":{"allow":["GET"]}}],"collection":[{"href":"https:\/\/egyuttfejlodunk.hu\/index.php?rest_route=\/wp\/v2\/posts"}],"about":[{"href":"https:\/\/egyuttfejlodunk.hu\/index.php?rest_route=\/wp\/v2\/types\/post"}],"author":[{"embeddable":true,"href":"https:\/\/egyuttfejlodunk.hu\/index.php?rest_route=\/wp\/v2\/users\/30"}],"replies":[{"embeddable":true,"href":"https:\/\/egyuttfejlodunk.hu\/index.php?rest_route=%2Fwp%2Fv2%2Fcomments&post=11708"}],"version-history":[{"count":1,"href":"https:\/\/egyuttfejlodunk.hu\/index.php?rest_route=\/wp\/v2\/posts\/11708\/revisions"}],"predecessor-version":[{"id":11710,"href":"https:\/\/egyuttfejlodunk.hu\/index.php?rest_route=\/wp\/v2\/posts\/11708\/revisions\/11710"}],"wp:featuredmedia":[{"embeddable":true,"href":"https:\/\/egyuttfejlodunk.hu\/index.php?rest_route=\/wp\/v2\/media\/11709"}],"wp:attachment":[{"href":"https:\/\/egyuttfejlodunk.hu\/index.php?rest_route=%2Fwp%2Fv2%2Fmedia&parent=11708"}],"wp:term":[{"taxonomy":"category","embeddable":true,"href":"https:\/\/egyuttfejlodunk.hu\/index.php?rest_route=%2Fwp%2Fv2%2Fcategories&post=11708"},{"taxonomy":"post_tag","embeddable":true,"href":"https:\/\/egyuttfejlodunk.hu\/index.php?rest_route=%2Fwp%2Fv2%2Ftags&post=11708"},{"taxonomy":"megye","embeddable":true,"href":"https:\/\/egyuttfejlodunk.hu\/index.php?rest_route=%2Fwp%2Fv2%2Fmegye&post=11708"}],"curies":[{"name":"wp","href":"https:\/\/api.w.org\/{rel}","templated":true}]}}