{"id":11713,"date":"2026-06-12T06:28:28","date_gmt":"2026-06-12T04:28:28","guid":{"rendered":"https:\/\/egyuttfejlodunk.hu\/?p=11713"},"modified":"2026-06-16T06:32:27","modified_gmt":"2026-06-16T04:32:27","slug":"piller-projektek-a-piackepes-tudasert-gyor-moson-sopron-varmegyeben-is","status":"publish","type":"post","link":"https:\/\/egyuttfejlodunk.hu\/?p=11713","title":{"rendered":"Pill\u00e9r projektek a piack\u00e9pes tud\u00e1s\u00e9rt Gy\u0151r-Moson-Sopron v\u00e1rmegy\u00e9ben is"},"content":{"rendered":"<p><b>Gy\u0151r-Moson-Sopron v\u00e1rmegy\u00e9ben az Ifj\u00fas\u00e1gi Garancia Plusz \u00e9s a \u201eA munkaer\u0151-k\u00edn\u00e1lat b\u0151v\u00edt\u00e9se \u00e9s fejleszt\u00e9se\u201d c\u00edm\u0171 Pill\u00e9r projekteknek k\u00f6sz\u00f6nhet\u0151en tizenh\u00e1rom r\u00e9sztvev\u0151 jutott szakk\u00e9pes\u00edt\u00e9shez egy 80 \u00f3r\u00e1s \u00e9lelmiszer-elad\u00f3 k\u00e9pz\u00e9s sikeres elv\u00e9gz\u00e9s\u00e9vel.<\/b><\/p>\n<p>A<a href=\"https:\/\/www.palyazat.gov.hu\/programok\/szechenyi-terv-plusz\/ginop-plusz\" rel=\"noopener noreferrer nofollow\"> Gazdas\u00e1gfejleszt\u00e9si \u00e9s Innov\u00e1ci\u00f3s Operat\u00edv Program Plusz<\/a> (GINOP Plusz) Pill\u00e9reinek c\u00e9lja, hogy min\u00e9l t\u00f6bben jussanak munk\u00e1hoz, munkatapasztalathoz \u00e9s piack\u00e9pes szaktud\u00e1shoz. Az <a href=\"https:\/\/www.palyazat.gov.hu\/programok\/szechenyi-terv-plusz\/ginop-plusz\/ginop-plusz-411-23\/alapadatok\" rel=\"noopener noreferrer nofollow\">Ifj\u00fas\u00e1gi Garancia Plusz<\/a> a 15-29 \u00e9v k\u00f6z\u00f6tti, nem tanul\u00f3, nem dolgoz\u00f3 fiatalokat seg\u00edti szem\u00e9lyre szabottan, hogy jav\u00edts\u00e1k munkaer\u0151piaci helyzet\u00fcket a miel\u0151bbi tart\u00f3s foglalkoztat\u00e1suk \u00e9rdek\u00e9ben, \u00e9s min\u00e9l kevesebb id\u0151t t\u00f6ltsenek munkan\u00e9lk\u00fclik\u00e9nt vagy inaktivit\u00e1sban. \u201e<a href=\"https:\/\/www.palyazat.gov.hu\/programok\/szechenyi-terv-plusz\/ginop-plusz\/ginop-plusz-311-23\/alapadatok\" rel=\"noopener noreferrer nofollow\">A munkaer\u0151-k\u00edn\u00e1lat b\u0151v\u00edt\u00e9se \u00e9s fejleszt\u00e9se<\/a>\u201d projekt pedig azokat a 30-64 \u00e9v k\u00f6z\u00f6tti embereknek biztos\u00edt t\u00e1mogat\u00e1st, akik jelenleg nem dolgoznak \u00e9s \u00e1ll\u00e1skeres\u0151k\u00e9nt vagy szolg\u00e1ltat\u00e1st k\u00e9r\u0151k\u00e9nt nyilv\u00e1ntart\u00e1sba v\u00e9tel\u00fcket k\u00e9rt\u00e9k azt illet\u00e9kes j\u00e1r\u00e1si hivatal foglalkoztat\u00e1si oszt\u00e1ly\u00e1n.<\/p>\n<p>A programok kiemelt fontoss\u00e1ga keret\u00f6sszeg\u00fck nagys\u00e1g\u00e1ban is megjelenik. Mind orsz\u00e1gos, mind helyi szinten jelent\u0151s t\u00e1mogat\u00e1si \u00f6sszeg \u00e1ll a p\u00e1ly\u00e1z\u00f3k rendelkez\u00e9s\u00e9re. Az Ifj\u00fas\u00e1gi Garancia Plusz program eset\u00e9ben orsz\u00e1gosan \u00f6sszesen 208 milli\u00e1rd forint \u00e1ll rendelkez\u00e9sre, amelyb\u0151l t\u00f6bb mint 2,8 milli\u00e1rd forintot kapott Gy\u0151r\u2013Moson-Sopron v\u00e1rmegye. \u201eA munkaer\u0151-k\u00edn\u00e1lat b\u0151v\u00edt\u00e9se \u00e9s fejleszt\u00e9se\u201d projekt orsz\u00e1gos kerete pedig t\u00f6bb mint 175 milli\u00e1rd forint, melyb\u0151l t\u00f6bb mint 3 milli\u00e1rd forint \u00e1ll a v\u00e1rmegye rendelkez\u00e9s\u00e9re.<\/p>\n<p>A projektek seg\u00edts\u00e9g\u00e9vel megval\u00f3sult 80 \u00f3r\u00e1s \u00e9lelmiszer-elad\u00f3 k\u00e9pz\u00e9s eredm\u00e9nyek\u00e9ppen a r\u00e9sztvev\u0151k el\u0151tt &#8211; legyenek ak\u00e1r p\u00e1lyakezd\u0151k, kisgyermeket nevel\u0151 sz\u00fcl\u0151k, 50 \u00e9v felettiek, alacsony iskolai v\u00e9gzetts\u00e9g\u0171ek vagy olyanok, akik t\u00f6bb, mint 6 h\u00f3napja \u00e1ll\u00e1st keresnek &#8211; \u00faj perspekt\u00edv\u00e1k ny\u00edlnak meg, hiszen friss tud\u00e1ssal l\u00e9phetnek a munkaer\u0151piacra.<\/p>\n<p>A tanfolyam egyik legeredm\u00e9nyesebb tanul\u00f3ja, Erd\u00e9lyi Gyula h\u00e1l\u00e1san gondol arra az \u00fcgyint\u00e9z\u0151re, aki a korm\u00e1nyhivatalban felh\u00edvta a figyelm\u00e9t az Ifj\u00fas\u00e1gi Garancia Plusz Program lehet\u0151s\u00e9g\u00e9re, \u00e9s t\u00e1j\u00e9koztatta, hogy indul egy bolti elad\u00f3kat k\u00e9pz\u0151 tanfolyam. Elmond\u00e1sa szerint nagy k\u00f6sz\u00f6nettel tartozik valamennyi tan\u00e1rnak, oktat\u00f3nak is, mert t\u00fcrelmesen \u00e9s l\u00e9nyegre t\u00f6r\u0151en, \u00e9rthet\u0151en tan\u00edtottak. Gyula szerint azzal, hogy egy-k\u00e9t t\u00e9m\u00e1nak ut\u00e1na olvasott, valamint szorgalmasan l\u00e1togatta az \u00f3r\u00e1kat, az \u00f6sszes tudnival\u00f3t megkapta.<\/p>\n<p>A k\u00e9pz\u00e9st k\u00f6vet\u0151en szinte r\u00f6gt\u00f6n tal\u00e1lt munk\u00e1t, \u00e9s b\u00e1r egy v\u00e1ratlan baleset miatt most pihen\u0151re k\u00e9nyszer\u00fcl, a program olyan hatalmas energi\u00e1kat \u00e9s pozit\u00edv \u00e9letszeml\u00e9letet adott neki, amivel sikeresen \u00e1tv\u00e9szeli ezt az id\u0151szakot. Elhat\u00e1rozta, hogy amikor v\u00e9gre \u00fajra munk\u00e1ba \u00e1llhat, elkezd egy \u00fajabb iskol\u00e1t is, megc\u00e9lozva az \u00e9retts\u00e9git, hogy beteljes\u00edtse r\u00e9gi \u00e1lm\u00e1t, miszerint \u00fczletvezet\u0151 lesz. Erre pedig minden lehet\u0151s\u00e9ge meg is van, a program elv\u00e9gz\u00e9se ut\u00e1n m\u00e1r jelentkezett is egy egy\u00e9ves elad\u00f3i szakk\u00e9pz\u00e9sre a Gy\u0151ri Szakk\u00e9pz\u00e9si Centrum P\u00e1lffy Mikl\u00f3s Kereskedelmi \u00e9s Logisztikai Technikumba, ahol a tanfolyamot is v\u00e9gezte. Szavai szerint \u201e<em>a GINOP programnak k\u00f6sz\u00f6nhetem az iskol\u00e1t is, mert ha ide, az Ifj\u00fas\u00e1gi Garanci\u00e1ra nem jelenkezek, akkor ezt a lehet\u0151s\u00e9get sem tal\u00e1lom meg. M\u00e1r csak rajtam m\u00falik, hogy az \u00e1lmom megval\u00f3suljon \u00e9s ez\u00e9rt mindent meg is fogok tenni<\/em>\u201d.<\/p>\n<p>Gyula p\u00e9ld\u00e1j\u00e1b\u00f3l l\u00e1thatjuk, hogy a tov\u00e1bbtanul\u00e1s sem lehetetlen: az \u00f6nk\u00e9pz\u00e9shez motiv\u00e1lt r\u00e9sztvev\u0151knek friss bizony\u00edtv\u00e1nyuk birtok\u00e1ban lehet\u0151s\u00e9g\u00fck ny\u00edlik ak\u00e1r \u00fczletvezet\u0151 k\u00e9pz\u00e9s elv\u00e9gz\u00e9s\u00e9re is, melynek seg\u00edts\u00e9g\u00e9vel tov\u00e1bbi perspekt\u00edv\u00e1k ny\u00edlnak meg el\u0151tt\u00fck.<\/p>\n","protected":false},"excerpt":{"rendered":"<p>Gy\u0151r-Moson-Sopron v\u00e1rmegy\u00e9ben az Ifj\u00fas\u00e1gi Garancia Plusz \u00e9s a \u201eA munkaer\u0151-k\u00edn\u00e1lat b\u0151v\u00edt\u00e9se \u00e9s fejleszt\u00e9se\u201d c\u00edm\u0171 Pill\u00e9r projekteknek k\u00f6sz\u00f6nhet\u0151en tizenh\u00e1rom r\u00e9sztvev\u0151 jutott szakk\u00e9pes\u00edt\u00e9shez egy 80 \u00f3r\u00e1s \u00e9lelmiszer-elad\u00f3 k\u00e9pz\u00e9s sikeres elv\u00e9gz\u00e9s\u00e9vel. A Gazdas\u00e1gfejleszt\u00e9si \u00e9s Innov\u00e1ci\u00f3s Operat\u00edv Program Plusz (GINOP Plusz) Pill\u00e9reinek c\u00e9lja, hogy min\u00e9l t\u00f6bben jussanak munk\u00e1hoz, munkatapasztalathoz \u00e9s piack\u00e9pes szaktud\u00e1shoz. Az Ifj\u00fas\u00e1gi Garancia Plusz a 15-29 \u00e9v k\u00f6z\u00f6tti, nem tanul\u00f3, nem dolgoz\u00f3 fiatalokat seg\u00edti szem\u00e9lyre szabottan, hogy jav\u00edts\u00e1k munkaer\u0151piaci helyzet\u00fcket a miel\u0151bbi tart\u00f3s foglalkoztat\u00e1suk \u00e9rdek\u00e9ben, \u00e9s min\u00e9l&#8230;<\/p>\n","protected":false},"author":30,"featured_media":11714,"comment_status":"closed","ping_status":"closed","sticky":false,"template":"","format":"standard","meta":{"_acf_changed":false,"ngg_post_thumbnail":0,"footnotes":""},"categories":[793],"tags":[],"megye":[],"class_list":["post-11713","post","type-post","status-publish","format-standard","has-post-thumbnail","hentry","category-szechenyi-plusz-hirek-hu"],"acf":[],"yoast_head":"<!-- This site is optimized with the Yoast SEO Premium plugin v28.4 (Yoast SEO v28.4) - https:\/\/yoast.com\/product\/yoast-seo-premium-wordpress\/ -->\n<title>Pill\u00e9r projektek a piack\u00e9pes tud\u00e1s\u00e9rt Gy\u0151r-Moson-Sopron v\u00e1rmegy\u00e9ben is - Egy\u00fctt fejl\u0151d\u00fcnk<\/title>\n<meta name=\"robots\" content=\"noindex, follow, max-snippet:-1, max-image-preview:large, max-video-preview:-1\" \/>\n<meta property=\"og:locale\" content=\"hu_HU\" \/>\n<meta property=\"og:type\" content=\"article\" \/>\n<meta property=\"og:title\" content=\"Pill\u00e9r projektek a piack\u00e9pes tud\u00e1s\u00e9rt Gy\u0151r-Moson-Sopron v\u00e1rmegy\u00e9ben is\" \/>\n<meta property=\"og:description\" content=\"Gy\u0151r-Moson-Sopron v\u00e1rmegy\u00e9ben az Ifj\u00fas\u00e1gi Garancia Plusz \u00e9s a \u201eA munkaer\u0151-k\u00edn\u00e1lat b\u0151v\u00edt\u00e9se \u00e9s fejleszt\u00e9se\u201d c\u00edm\u0171 Pill\u00e9r projekteknek k\u00f6sz\u00f6nhet\u0151en tizenh\u00e1rom r\u00e9sztvev\u0151 jutott szakk\u00e9pes\u00edt\u00e9shez egy 80 \u00f3r\u00e1s \u00e9lelmiszer-elad\u00f3 k\u00e9pz\u00e9s sikeres elv\u00e9gz\u00e9s\u00e9vel. A Gazdas\u00e1gfejleszt\u00e9si \u00e9s Innov\u00e1ci\u00f3s Operat\u00edv Program Plusz (GINOP Plusz) Pill\u00e9reinek c\u00e9lja, hogy min\u00e9l t\u00f6bben jussanak munk\u00e1hoz, munkatapasztalathoz \u00e9s piack\u00e9pes szaktud\u00e1shoz. Az Ifj\u00fas\u00e1gi Garancia Plusz a 15-29 \u00e9v k\u00f6z\u00f6tti, nem tanul\u00f3, nem dolgoz\u00f3 fiatalokat seg\u00edti szem\u00e9lyre szabottan, hogy jav\u00edts\u00e1k munkaer\u0151piaci helyzet\u00fcket a miel\u0151bbi tart\u00f3s foglalkoztat\u00e1suk \u00e9rdek\u00e9ben, \u00e9s min\u00e9l...\" \/>\n<meta property=\"og:url\" content=\"https:\/\/egyuttfejlodunk.hu\/?p=11713\" \/>\n<meta property=\"og:site_name\" content=\"Egy\u00fctt fejl\u0151d\u00fcnk\" \/>\n<meta property=\"article:published_time\" content=\"2026-06-12T04:28:28+00:00\" \/>\n<meta property=\"article:modified_time\" content=\"2026-06-16T04:32:27+00:00\" \/>\n<meta property=\"og:image\" content=\"https:\/\/egyuttfejlodunk.hu\/wp-content\/uploads\/2026\/06\/6a202efc39d584d4d2127980-1.jpg\" \/>\n\t<meta property=\"og:image:width\" content=\"904\" \/>\n\t<meta property=\"og:image:height\" content=\"455\" \/>\n\t<meta property=\"og:image:type\" content=\"image\/jpeg\" \/>\n<meta name=\"author\" content=\"T\u00f3th Ferenc\" \/>\n<meta name=\"twitter:card\" content=\"summary_large_image\" \/>\n<meta name=\"twitter:label1\" content=\"Szerz\u0151:\" \/>\n\t<meta name=\"twitter:data1\" content=\"T\u00f3th Ferenc\" \/>\n\t<meta name=\"twitter:label2\" content=\"Becs\u00fclt olvas\u00e1si id\u0151\" \/>\n\t<meta name=\"twitter:data2\" content=\"3 perc\" \/>\n<script type=\"application\/ld+json\" class=\"yoast-schema-graph\">{\"@context\":\"https:\\\/\\\/schema.org\",\"@graph\":[{\"@type\":\"Article\",\"@id\":\"https:\\\/\\\/egyuttfejlodunk.hu\\\/?p=11713#article\",\"isPartOf\":{\"@id\":\"https:\\\/\\\/egyuttfejlodunk.hu\\\/?p=11713\"},\"author\":{\"name\":\"T\u00f3th Ferenc\",\"@id\":\"https:\\\/\\\/egyuttfejlodunk.hu\\\/#\\\/schema\\\/person\\\/94cc2e6bf0b14e6d5de3d603885ed8c5\"},\"headline\":\"Pill\u00e9r projektek a piack\u00e9pes tud\u00e1s\u00e9rt Gy\u0151r-Moson-Sopron v\u00e1rmegy\u00e9ben is\",\"datePublished\":\"2026-06-12T04:28:28+00:00\",\"dateModified\":\"2026-06-16T04:32:27+00:00\",\"mainEntityOfPage\":{\"@id\":\"https:\\\/\\\/egyuttfejlodunk.hu\\\/?p=11713\"},\"wordCount\":744,\"publisher\":{\"@id\":\"https:\\\/\\\/egyuttfejlodunk.hu\\\/#organization\"},\"image\":{\"@id\":\"https:\\\/\\\/egyuttfejlodunk.hu\\\/?p=11713#primaryimage\"},\"thumbnailUrl\":\"https:\\\/\\\/egyuttfejlodunk.hu\\\/wp-content\\\/uploads\\\/2026\\\/06\\\/6a202efc39d584d4d2127980-1.jpg\",\"articleSection\":[\"sz\u00e9chenyi plusz h\u00edrek\"],\"inLanguage\":\"hu\"},{\"@type\":\"WebPage\",\"@id\":\"https:\\\/\\\/egyuttfejlodunk.hu\\\/?p=11713\",\"url\":\"https:\\\/\\\/egyuttfejlodunk.hu\\\/?p=11713\",\"name\":\"Pill\u00e9r projektek a piack\u00e9pes tud\u00e1s\u00e9rt Gy\u0151r-Moson-Sopron v\u00e1rmegy\u00e9ben is - Egy\u00fctt fejl\u0151d\u00fcnk\",\"isPartOf\":{\"@id\":\"https:\\\/\\\/egyuttfejlodunk.hu\\\/#website\"},\"primaryImageOfPage\":{\"@id\":\"https:\\\/\\\/egyuttfejlodunk.hu\\\/?p=11713#primaryimage\"},\"image\":{\"@id\":\"https:\\\/\\\/egyuttfejlodunk.hu\\\/?p=11713#primaryimage\"},\"thumbnailUrl\":\"https:\\\/\\\/egyuttfejlodunk.hu\\\/wp-content\\\/uploads\\\/2026\\\/06\\\/6a202efc39d584d4d2127980-1.jpg\",\"datePublished\":\"2026-06-12T04:28:28+00:00\",\"dateModified\":\"2026-06-16T04:32:27+00:00\",\"breadcrumb\":{\"@id\":\"https:\\\/\\\/egyuttfejlodunk.hu\\\/?p=11713#breadcrumb\"},\"inLanguage\":\"hu\",\"potentialAction\":[{\"@type\":\"ReadAction\",\"target\":[\"https:\\\/\\\/egyuttfejlodunk.hu\\\/?p=11713\"]}]},{\"@type\":\"ImageObject\",\"inLanguage\":\"hu\",\"@id\":\"https:\\\/\\\/egyuttfejlodunk.hu\\\/?p=11713#primaryimage\",\"url\":\"https:\\\/\\\/egyuttfejlodunk.hu\\\/wp-content\\\/uploads\\\/2026\\\/06\\\/6a202efc39d584d4d2127980-1.jpg\",\"contentUrl\":\"https:\\\/\\\/egyuttfejlodunk.hu\\\/wp-content\\\/uploads\\\/2026\\\/06\\\/6a202efc39d584d4d2127980-1.jpg\",\"width\":904,\"height\":455},{\"@type\":\"BreadcrumbList\",\"@id\":\"https:\\\/\\\/egyuttfejlodunk.hu\\\/?p=11713#breadcrumb\",\"itemListElement\":[{\"@type\":\"ListItem\",\"position\":1,\"name\":\"Home\",\"item\":\"https:\\\/\\\/egyuttfejlodunk.hu\\\/\"},{\"@type\":\"ListItem\",\"position\":2,\"name\":\"Pill\u00e9r projektek a piack\u00e9pes tud\u00e1s\u00e9rt Gy\u0151r-Moson-Sopron v\u00e1rmegy\u00e9ben is\"}]},{\"@type\":\"WebSite\",\"@id\":\"https:\\\/\\\/egyuttfejlodunk.hu\\\/#website\",\"url\":\"https:\\\/\\\/egyuttfejlodunk.hu\\\/\",\"name\":\"Egy\u00fctt fejl\u0151d\u00fcnk\",\"description\":\"\",\"publisher\":{\"@id\":\"https:\\\/\\\/egyuttfejlodunk.hu\\\/#organization\"},\"potentialAction\":[{\"@type\":\"SearchAction\",\"target\":{\"@type\":\"EntryPoint\",\"urlTemplate\":\"https:\\\/\\\/egyuttfejlodunk.hu\\\/?s={search_term_string}\"},\"query-input\":{\"@type\":\"PropertyValueSpecification\",\"valueRequired\":true,\"valueName\":\"search_term_string\"}}],\"inLanguage\":\"hu\"},{\"@type\":\"Organization\",\"@id\":\"https:\\\/\\\/egyuttfejlodunk.hu\\\/#organization\",\"name\":\"Egy\u00fctt fejl\u0151d\u00fcnk\",\"url\":\"https:\\\/\\\/egyuttfejlodunk.hu\\\/\",\"logo\":{\"@type\":\"ImageObject\",\"inLanguage\":\"hu\",\"@id\":\"https:\\\/\\\/egyuttfejlodunk.hu\\\/#\\\/schema\\\/logo\\\/image\\\/\",\"url\":\"https:\\\/\\\/egyuttfejlodunk.hu\\\/wp-content\\\/uploads\\\/2026\\\/04\\\/ujlogo.jpg\",\"contentUrl\":\"https:\\\/\\\/egyuttfejlodunk.hu\\\/wp-content\\\/uploads\\\/2026\\\/04\\\/ujlogo.jpg\",\"width\":350,\"height\":110,\"caption\":\"Egy\u00fctt fejl\u0151d\u00fcnk\"},\"image\":{\"@id\":\"https:\\\/\\\/egyuttfejlodunk.hu\\\/#\\\/schema\\\/logo\\\/image\\\/\"}},{\"@type\":\"Person\",\"@id\":\"https:\\\/\\\/egyuttfejlodunk.hu\\\/#\\\/schema\\\/person\\\/94cc2e6bf0b14e6d5de3d603885ed8c5\",\"name\":\"T\u00f3th Ferenc\"}]}<\/script>\n<!-- \/ Yoast SEO Premium plugin. -->","yoast_head_json":{"title":"Pill\u00e9r projektek a piack\u00e9pes tud\u00e1s\u00e9rt Gy\u0151r-Moson-Sopron v\u00e1rmegy\u00e9ben is - Egy\u00fctt fejl\u0151d\u00fcnk","robots":{"index":"noindex","follow":"follow","max-snippet":"max-snippet:-1","max-image-preview":"max-image-preview:large","max-video-preview":"max-video-preview:-1"},"og_locale":"hu_HU","og_type":"article","og_title":"Pill\u00e9r projektek a piack\u00e9pes tud\u00e1s\u00e9rt Gy\u0151r-Moson-Sopron v\u00e1rmegy\u00e9ben is","og_description":"Gy\u0151r-Moson-Sopron v\u00e1rmegy\u00e9ben az Ifj\u00fas\u00e1gi Garancia Plusz \u00e9s a \u201eA munkaer\u0151-k\u00edn\u00e1lat b\u0151v\u00edt\u00e9se \u00e9s fejleszt\u00e9se\u201d c\u00edm\u0171 Pill\u00e9r projekteknek k\u00f6sz\u00f6nhet\u0151en tizenh\u00e1rom r\u00e9sztvev\u0151 jutott szakk\u00e9pes\u00edt\u00e9shez egy 80 \u00f3r\u00e1s \u00e9lelmiszer-elad\u00f3 k\u00e9pz\u00e9s sikeres elv\u00e9gz\u00e9s\u00e9vel. A Gazdas\u00e1gfejleszt\u00e9si \u00e9s Innov\u00e1ci\u00f3s Operat\u00edv Program Plusz (GINOP Plusz) Pill\u00e9reinek c\u00e9lja, hogy min\u00e9l t\u00f6bben jussanak munk\u00e1hoz, munkatapasztalathoz \u00e9s piack\u00e9pes szaktud\u00e1shoz. Az Ifj\u00fas\u00e1gi Garancia Plusz a 15-29 \u00e9v k\u00f6z\u00f6tti, nem tanul\u00f3, nem dolgoz\u00f3 fiatalokat seg\u00edti szem\u00e9lyre szabottan, hogy jav\u00edts\u00e1k munkaer\u0151piaci helyzet\u00fcket a miel\u0151bbi tart\u00f3s foglalkoztat\u00e1suk \u00e9rdek\u00e9ben, \u00e9s min\u00e9l...","og_url":"https:\/\/egyuttfejlodunk.hu\/?p=11713","og_site_name":"Egy\u00fctt fejl\u0151d\u00fcnk","article_published_time":"2026-06-12T04:28:28+00:00","article_modified_time":"2026-06-16T04:32:27+00:00","og_image":[{"width":904,"height":455,"url":"https:\/\/egyuttfejlodunk.hu\/wp-content\/uploads\/2026\/06\/6a202efc39d584d4d2127980-1.jpg","type":"image\/jpeg"}],"author":"T\u00f3th Ferenc","twitter_card":"summary_large_image","twitter_misc":{"Szerz\u0151:":"T\u00f3th Ferenc","Becs\u00fclt olvas\u00e1si id\u0151":"3 perc"},"schema":{"@context":"https:\/\/schema.org","@graph":[{"@type":"Article","@id":"https:\/\/egyuttfejlodunk.hu\/?p=11713#article","isPartOf":{"@id":"https:\/\/egyuttfejlodunk.hu\/?p=11713"},"author":{"name":"T\u00f3th Ferenc","@id":"https:\/\/egyuttfejlodunk.hu\/#\/schema\/person\/94cc2e6bf0b14e6d5de3d603885ed8c5"},"headline":"Pill\u00e9r projektek a piack\u00e9pes tud\u00e1s\u00e9rt Gy\u0151r-Moson-Sopron v\u00e1rmegy\u00e9ben is","datePublished":"2026-06-12T04:28:28+00:00","dateModified":"2026-06-16T04:32:27+00:00","mainEntityOfPage":{"@id":"https:\/\/egyuttfejlodunk.hu\/?p=11713"},"wordCount":744,"publisher":{"@id":"https:\/\/egyuttfejlodunk.hu\/#organization"},"image":{"@id":"https:\/\/egyuttfejlodunk.hu\/?p=11713#primaryimage"},"thumbnailUrl":"https:\/\/egyuttfejlodunk.hu\/wp-content\/uploads\/2026\/06\/6a202efc39d584d4d2127980-1.jpg","articleSection":["sz\u00e9chenyi plusz h\u00edrek"],"inLanguage":"hu"},{"@type":"WebPage","@id":"https:\/\/egyuttfejlodunk.hu\/?p=11713","url":"https:\/\/egyuttfejlodunk.hu\/?p=11713","name":"Pill\u00e9r projektek a piack\u00e9pes tud\u00e1s\u00e9rt Gy\u0151r-Moson-Sopron v\u00e1rmegy\u00e9ben is - Egy\u00fctt fejl\u0151d\u00fcnk","isPartOf":{"@id":"https:\/\/egyuttfejlodunk.hu\/#website"},"primaryImageOfPage":{"@id":"https:\/\/egyuttfejlodunk.hu\/?p=11713#primaryimage"},"image":{"@id":"https:\/\/egyuttfejlodunk.hu\/?p=11713#primaryimage"},"thumbnailUrl":"https:\/\/egyuttfejlodunk.hu\/wp-content\/uploads\/2026\/06\/6a202efc39d584d4d2127980-1.jpg","datePublished":"2026-06-12T04:28:28+00:00","dateModified":"2026-06-16T04:32:27+00:00","breadcrumb":{"@id":"https:\/\/egyuttfejlodunk.hu\/?p=11713#breadcrumb"},"inLanguage":"hu","potentialAction":[{"@type":"ReadAction","target":["https:\/\/egyuttfejlodunk.hu\/?p=11713"]}]},{"@type":"ImageObject","inLanguage":"hu","@id":"https:\/\/egyuttfejlodunk.hu\/?p=11713#primaryimage","url":"https:\/\/egyuttfejlodunk.hu\/wp-content\/uploads\/2026\/06\/6a202efc39d584d4d2127980-1.jpg","contentUrl":"https:\/\/egyuttfejlodunk.hu\/wp-content\/uploads\/2026\/06\/6a202efc39d584d4d2127980-1.jpg","width":904,"height":455},{"@type":"BreadcrumbList","@id":"https:\/\/egyuttfejlodunk.hu\/?p=11713#breadcrumb","itemListElement":[{"@type":"ListItem","position":1,"name":"Home","item":"https:\/\/egyuttfejlodunk.hu\/"},{"@type":"ListItem","position":2,"name":"Pill\u00e9r projektek a piack\u00e9pes tud\u00e1s\u00e9rt Gy\u0151r-Moson-Sopron v\u00e1rmegy\u00e9ben is"}]},{"@type":"WebSite","@id":"https:\/\/egyuttfejlodunk.hu\/#website","url":"https:\/\/egyuttfejlodunk.hu\/","name":"Egy\u00fctt fejl\u0151d\u00fcnk","description":"","publisher":{"@id":"https:\/\/egyuttfejlodunk.hu\/#organization"},"potentialAction":[{"@type":"SearchAction","target":{"@type":"EntryPoint","urlTemplate":"https:\/\/egyuttfejlodunk.hu\/?s={search_term_string}"},"query-input":{"@type":"PropertyValueSpecification","valueRequired":true,"valueName":"search_term_string"}}],"inLanguage":"hu"},{"@type":"Organization","@id":"https:\/\/egyuttfejlodunk.hu\/#organization","name":"Egy\u00fctt fejl\u0151d\u00fcnk","url":"https:\/\/egyuttfejlodunk.hu\/","logo":{"@type":"ImageObject","inLanguage":"hu","@id":"https:\/\/egyuttfejlodunk.hu\/#\/schema\/logo\/image\/","url":"https:\/\/egyuttfejlodunk.hu\/wp-content\/uploads\/2026\/04\/ujlogo.jpg","contentUrl":"https:\/\/egyuttfejlodunk.hu\/wp-content\/uploads\/2026\/04\/ujlogo.jpg","width":350,"height":110,"caption":"Egy\u00fctt fejl\u0151d\u00fcnk"},"image":{"@id":"https:\/\/egyuttfejlodunk.hu\/#\/schema\/logo\/image\/"}},{"@type":"Person","@id":"https:\/\/egyuttfejlodunk.hu\/#\/schema\/person\/94cc2e6bf0b14e6d5de3d603885ed8c5","name":"T\u00f3th Ferenc"}]}},"_links":{"self":[{"href":"https:\/\/egyuttfejlodunk.hu\/index.php?rest_route=\/wp\/v2\/posts\/11713","targetHints":{"allow":["GET"]}}],"collection":[{"href":"https:\/\/egyuttfejlodunk.hu\/index.php?rest_route=\/wp\/v2\/posts"}],"about":[{"href":"https:\/\/egyuttfejlodunk.hu\/index.php?rest_route=\/wp\/v2\/types\/post"}],"author":[{"embeddable":true,"href":"https:\/\/egyuttfejlodunk.hu\/index.php?rest_route=\/wp\/v2\/users\/30"}],"replies":[{"embeddable":true,"href":"https:\/\/egyuttfejlodunk.hu\/index.php?rest_route=%2Fwp%2Fv2%2Fcomments&post=11713"}],"version-history":[{"count":1,"href":"https:\/\/egyuttfejlodunk.hu\/index.php?rest_route=\/wp\/v2\/posts\/11713\/revisions"}],"predecessor-version":[{"id":11715,"href":"https:\/\/egyuttfejlodunk.hu\/index.php?rest_route=\/wp\/v2\/posts\/11713\/revisions\/11715"}],"wp:featuredmedia":[{"embeddable":true,"href":"https:\/\/egyuttfejlodunk.hu\/index.php?rest_route=\/wp\/v2\/media\/11714"}],"wp:attachment":[{"href":"https:\/\/egyuttfejlodunk.hu\/index.php?rest_route=%2Fwp%2Fv2%2Fmedia&parent=11713"}],"wp:term":[{"taxonomy":"category","embeddable":true,"href":"https:\/\/egyuttfejlodunk.hu\/index.php?rest_route=%2Fwp%2Fv2%2Fcategories&post=11713"},{"taxonomy":"post_tag","embeddable":true,"href":"https:\/\/egyuttfejlodunk.hu\/index.php?rest_route=%2Fwp%2Fv2%2Ftags&post=11713"},{"taxonomy":"megye","embeddable":true,"href":"https:\/\/egyuttfejlodunk.hu\/index.php?rest_route=%2Fwp%2Fv2%2Fmegye&post=11713"}],"curies":[{"name":"wp","href":"https:\/\/api.w.org\/{rel}","templated":true}]}}