{"id":11734,"date":"2026-06-17T10:01:30","date_gmt":"2026-06-17T08:01:30","guid":{"rendered":"https:\/\/egyuttfejlodunk.hu\/?p=11734"},"modified":"2026-08-28T08:42:35","modified_gmt":"2026-08-28T06:42:35","slug":"ahol-a-termeszet-es-a-turizmus-egy-malomban-orolnek","status":"publish","type":"post","link":"https:\/\/egyuttfejlodunk.hu\/?p=11734","title":{"rendered":"Ahol a term\u00e9szet \u00e9s a turizmus egy malomban \u0151r\u00f6lnek"},"content":{"rendered":"<p><strong>Mi k\u00f6ze a friss keny\u00e9rnek egy b\u00e9k\u00e9s tavacsk\u00e1hoz? Azt gondolhatn\u00e1nk, hogy semmi, de igaz, ami igaz, \u00e9vsz\u00e1zadokon \u00e1t zakatoltak Eur\u00f3pa-szerte olyan malmok, amelyek \u0151rl\u0151k\u00f6ve ugyanabb\u00f3l a csendes zempl\u00e9ni hegyoldalb\u00f3l sz\u00e1rmazott. S\u00e1rospatak hat\u00e1r\u00e1ban termelt\u00e9k ki ezt a k\u00fcl\u00f6nleges vulk\u00e1ni k\u00f6vet. Amikor pedig a b\u00e1ny\u00e1szat v\u00e9get \u00e9rt, a term\u00e9szet visszafoglalta a ter\u00fcletet: a b\u00e1nya m\u00e9lyed\u00e9s\u00e9t v\u00edz t\u00f6lt\u00f6tte fel, \u00e9s megsz\u00fcletett Magyarorsz\u00e1g egyik legk\u00fcl\u00f6nlegesebb t\u00e1jk\u00e9pi l\u00e1tv\u00e1nyoss\u00e1ga, a Megyer-hegyi Tengerszem.<\/strong><\/p>\n<p>A k\u00fcl\u00f6nleges adotts\u00e1g\u00fa t\u00f3 teh\u00e1t az ember \u00e9s term\u00e9szet k\u00f6z\u00f6s alkot\u00e1sak\u00e9nt j\u00f6tt l\u00e9tre, \u00e9s hossz\u00fa id\u0151n kereszt\u00fcl csak a helyiek \u00e9s arra j\u00e1r\u00f3 t\u00far\u00e1z\u00f3k ismert\u00e9k \u00e9s l\u00e1thatt\u00e1k k\u00f6zelr\u0151l, \u00f3vatosan k\u00f6zel\u00edtve a vesz\u00e9lyes peremet, ahol a ki\u00e9p\u00edt\u00e9s hi\u00e1ny\u00e1ban igazi kaland volt a l\u00e1tv\u00e1nyoss\u00e1g megtekint\u00e9se. S\u00e1rospatak \u00f6nkorm\u00e1nyzata felismerte a turisztikai potenci\u00e1lt, \u00e9s eur\u00f3pai uni\u00f3s t\u00e1mogat\u00e1ssal egy olyan fejleszt\u00e9st val\u00f3s\u00edtottak meg, ami a l\u00e1tv\u00e1nyoss\u00e1g kateg\u00f3ri\u00e1b\u00f3l egy igazi \u00e9lm\u00e9nypark szintj\u00e9re emelte a helyet, ahol eg\u00e9sz napos elfoglalts\u00e1got tal\u00e1l mag\u00e1nak az eg\u00e9sz csal\u00e1d.<\/p>\n<p>Ez az ir\u00e1ny, a turist\u00e1k min\u00e9l hosszabb tart\u00f3zkod\u00e1sa egy helyen vezethet a fenntarthat\u00f3 turizmus fel\u00e9, amikor a meger\u0151s\u00f6d\u0151 turisztikai k\u00edn\u00e1lat t\u00e1pl\u00e1lja a helyi gazdas\u00e1got \u00e9s ford\u00edtva. Ez a garancia a l\u00e1togat\u00f3k sz\u00e1m\u00e1nak n\u00f6veked\u00e9s\u00e9re, a vonz\u00f3 l\u00e1tv\u00e1nyoss\u00e1gok sokasod\u00e1s\u00e1ra, a t\u00e9rs\u00e9g j\u00f3 h\u00edr\u00e9nek terjeszt\u00e9s\u00e9re. A Megyer-hegyen megval\u00f3sult beruh\u00e1z\u00e1s t\u00f6k\u00e9letesen illeszkedik ebbe a szeml\u00e9letbe. De mi t\u00f6rt\u00e9nt pontosan a projektben?<\/p>\n<p>El\u0151sz\u00f6r is alaposan jav\u00edtott\u00e1k a Tengerszem megk\u00f6zel\u00edthet\u0151s\u00e9g\u00e9t. Korszer\u0171s\u00edtett\u00e9k az odavezet\u0151 \u00fatvonalakat, \u00faj ker\u00e9kp\u00e1ros kapcsolatokat alak\u00edtottak ki, valamint rendezettebb\u00e9 tett\u00e9k a gyalogos k\u00f6zleked\u00e9st biztos\u00edt\u00f3 s\u00e9tautakat. Az inform\u00e1ci\u00f3s t\u00e1bl\u00e1k \u00e9s t\u00e1j\u00e9koztat\u00f3 pontok seg\u00edts\u00e9g\u00e9vel a l\u00e1togat\u00f3k k\u00f6nnyebben fedezhetik fel a k\u00f6rny\u00e9k \u00e9rt\u00e9keit.<\/p>\n<p>900 m-re a Tengerszemt\u0151l, az utols\u00f3 aut\u00f3s parkol\u00f3 pont a Cir\u00f3ka Pihen\u0151park, ahol v\u00e1ndorkantin v\u00e1rja az \u00e9rkez\u0151ket. Ez egyben b\u00fcf\u00e9, pihen\u0151hely, \u00e9s szabadt\u00e9ri k\u00f6z\u00f6ss\u00e9gi t\u00e9r. Innen gyalog juthatunk fel a Tengerszemhez, ahol a t\u00f3 mellett egy apr\u00f3 \u0151rl\u0151m\u0171hely, avagy k\u00e9zimalom-foglalkoztat\u00f3 szimbolikusan visszavezeti az \u00e9rdekl\u0151d\u0151ket a helysz\u00edn eredet\u00e9hez. Egyfel\u0151l megtekinthet\u0151k a s\u00e1rospataki lakosok \u00e1ltal felaj\u00e1nlott r\u00e9gi h\u00e1ztart\u00e1si malomk\u00f6vek, de ki lehet pr\u00f3b\u00e1lni t\u00f6bbf\u00e9le malom makettet \u00e9s aj\u00e1nd\u00e9kt\u00e1rgyakat is v\u00e1s\u00e1rolhatnak a l\u00e1togat\u00f3k. Itt lehet b\u00e9relni m\u00e1sz\u00f3felszerel\u00e9seket is, az igazi kalandokat keres\u0151knek.<\/p>\n<p>A projekt egyik legizgalmasabb eleme ugyanis a via ferrata p\u00e1lyarendszer lett. A meredek sziklafalakra \u00e9p\u00edtett biztos\u00edtott m\u00e1sz\u00f3utak \u00faj perspekt\u00edv\u00e1b\u00f3l mutatj\u00e1k meg a Tengerszemet. Az akt\u00edv kikapcsol\u00f3d\u00e1st keres\u0151k sz\u00e1mos k\u00f6nnyebb \u00e9s nagyobb kih\u00edv\u00e1st jelent\u0151 \u00fatvonal k\u00f6z\u00fcl v\u00e1laszthatnak, a kor\u00e1bban csak szeml\u00e9lhet\u0151 t\u00e1j val\u00f3di kalandparkk\u00e1 alakult.<\/p>\n<p>\u00c9s itt m\u00e9g nincs v\u00e9ge a l\u00e1tv\u00e1nyoss\u00e1goknak! \u00c9p\u00fclt ugyanis egy nagyszer\u0171 kil\u00e1t\u00f3 is Megyer-hegy tetej\u00e9n. A a lombkoronaszint f\u00f6l\u00e9 emelked\u0151 18 m\u00e9ter magas \u00e9p\u00edtm\u00e9nyb\u0151l p\u00e1ratlan panor\u00e1ma t\u00e1rul a l\u00e1togat\u00f3k el\u00e9. K\u00f6rben l\u00e1tszanak a Bodrogk\u00f6z \u00e9s a Zempl\u00e9n pomp\u00e1s hegyei, de tiszta id\u0151ben m\u00e9g t\u00e1volabbi hegyvonulatok is felt\u0171nnek a horizonton, mik\u00f6zben alattunk ott csillog a sziklafalakkal k\u00f6r\u00fcl\u00f6lelt t\u00f3.<\/p>\n<p>A fejleszt\u00e9s sor\u00e1n kiemelt figyelmet ford\u00edtottak arra, hogy a term\u00e9szet \u00e9rz\u00e9keny egyens\u00falya ne s\u00e9r\u00fclj\u00f6n. A pihen\u0151helyek, a t\u00e1jba simul\u00f3 \u00e9p\u00edt\u00e9szeti megold\u00e1sok, a hullad\u00e9kgy\u0171jt\u0151k, a pihen\u0151padok \u00e9s az infrastrukt\u00fara tov\u00e1bbi elemei mind azt szolg\u00e1lj\u00e1k, hogy a n\u00f6vekv\u0151 l\u00e1togat\u00f3sz\u00e1m mellett is meg\u0151rizhet\u0151 maradjon a ter\u00fclet k\u00fcl\u00f6nleges karaktere.<\/p>\n<p>Egy j\u00f3 tan\u00e1cs: miel\u0151tt felkeresn\u00e9nk a helysz\u00ednt, \u00e9rdemes t\u00e1j\u00e9koz\u00f3dni a via ferrata p\u00e1ly\u00e1k nyitvatart\u00e1sa fel\u0151l, mert az \u00e9v bizonyos szakasz\u00e1ban a turisztikai \u00e9rdeket fel\u00fcl\u00edrja a term\u00e9szetv\u00e9delem, \u00edgy amikor a roppant ritka \u00e9s v\u00e9dett uhu a szikl\u00e1s mered\u00e9lyen k\u00f6lt\u00e9si id\u0151szak\u00e1t \u00e9li, bizonyos p\u00e1lyaszakaszok z\u00e1rva tartanak.<\/p>\n<p>Malomk\u00f6vek, v\u00edz, \u00e9l\u0151vil\u00e1g, via ferrata, kil\u00e1t\u00e1s, \u00edgy kerek a k\u00e9p ezen a p\u00e1ratlan helyen.<\/p>\n<p><iframe title=\"Turisztikai fejleszt\u00e9s a Megyer-hegyi Tengerszemn\u00e9l\" width=\"1200\" height=\"675\" src=\"https:\/\/www.youtube.com\/embed\/SHPm5-BnlqQ?feature=oembed\" frameborder=\"0\" allow=\"accelerometer; autoplay; clipboard-write; encrypted-media; gyroscope; picture-in-picture; web-share\" referrerpolicy=\"strict-origin-when-cross-origin\" allowfullscreen><\/iframe><\/p>\n<p>A program a TOP-1.2.1-15-BO1-2016-00033 azonos\u00edt\u00f3 projekt keret\u00e9ben, eur\u00f3pai uni\u00f3s forr\u00e1s bevon\u00e1s\u00e1val val\u00f3sult meg.<\/p>\n<p>Tov\u00e1bbi r\u00e9szletek a t\u00e1mogatott projekt keres\u0151ben:<a class=\"tovabb\" href=\"https:\/\/www.palyazat.gov.hu\/eredmenyek\/tamogatott-projektek\/648110201\" target=\"_blank\" rel=\"noopener\">Tov\u00e1bb<\/a><\/p>\n<p>&nbsp;<\/p>\n","protected":false},"excerpt":{"rendered":"<p>Mi k\u00f6ze a friss keny\u00e9rnek egy b\u00e9k\u00e9s tavacsk\u00e1hoz? Azt gondolhatn\u00e1nk, hogy semmi, de igaz, ami igaz, \u00e9vsz\u00e1zadokon \u00e1t zakatoltak Eur\u00f3pa-szerte olyan malmok, amelyek \u0151rl\u0151k\u00f6ve ugyanabb\u00f3l a csendes zempl\u00e9ni hegyoldalb\u00f3l sz\u00e1rmazott. S\u00e1rospatak hat\u00e1r\u00e1ban termelt\u00e9k ki ezt a k\u00fcl\u00f6nleges vulk\u00e1ni k\u00f6vet. Amikor pedig a b\u00e1ny\u00e1szat v\u00e9get \u00e9rt, a term\u00e9szet visszafoglalta a ter\u00fcletet: a b\u00e1nya m\u00e9lyed\u00e9s\u00e9t v\u00edz t\u00f6lt\u00f6tte fel, \u00e9s megsz\u00fcletett Magyarorsz\u00e1g egyik legk\u00fcl\u00f6nlegesebb t\u00e1jk\u00e9pi l\u00e1tv\u00e1nyoss\u00e1ga, a Megyer-hegyi Tengerszem. A k\u00fcl\u00f6nleges adotts\u00e1g\u00fa t\u00f3 teh\u00e1t az ember \u00e9s term\u00e9szet&#8230;<\/p>\n","protected":false},"author":30,"featured_media":11804,"comment_status":"closed","ping_status":"closed","sticky":false,"template":"","format":"standard","meta":{"_acf_changed":false,"ngg_post_thumbnail":0,"footnotes":""},"categories":[173],"tags":[491,419,298],"megye":[1117],"class_list":["post-11734","post","type-post","status-publish","format-standard","has-post-thumbnail","hentry","category-top-hu","tag-szolgaltatasfejlesztes","tag-turisztikai-fejlesztes","tag-turizmus-hu","megye-borsod-abauj-zemplen-megye"],"acf":[],"yoast_head":"<!-- This site is optimized with the Yoast SEO Premium plugin v28.4 (Yoast SEO v28.4) - https:\/\/yoast.com\/product\/yoast-seo-premium-wordpress\/ -->\n<title>Ahol a term\u00e9szet \u00e9s a turizmus egy malomban \u0151r\u00f6lnek - Egy\u00fctt fejl\u0151d\u00fcnk<\/title>\n<meta name=\"robots\" content=\"noindex, follow, max-snippet:-1, max-image-preview:large, max-video-preview:-1\" \/>\n<meta property=\"og:locale\" content=\"hu_HU\" \/>\n<meta property=\"og:type\" content=\"article\" \/>\n<meta property=\"og:title\" content=\"Ahol a term\u00e9szet \u00e9s a turizmus egy malomban \u0151r\u00f6lnek\" \/>\n<meta property=\"og:description\" content=\"Mi k\u00f6ze a friss keny\u00e9rnek egy b\u00e9k\u00e9s tavacsk\u00e1hoz? Azt gondolhatn\u00e1nk, hogy semmi, de igaz, ami igaz, \u00e9vsz\u00e1zadokon \u00e1t zakatoltak Eur\u00f3pa-szerte olyan malmok, amelyek \u0151rl\u0151k\u00f6ve ugyanabb\u00f3l a csendes zempl\u00e9ni hegyoldalb\u00f3l sz\u00e1rmazott. S\u00e1rospatak hat\u00e1r\u00e1ban termelt\u00e9k ki ezt a k\u00fcl\u00f6nleges vulk\u00e1ni k\u00f6vet. Amikor pedig a b\u00e1ny\u00e1szat v\u00e9get \u00e9rt, a term\u00e9szet visszafoglalta a ter\u00fcletet: a b\u00e1nya m\u00e9lyed\u00e9s\u00e9t v\u00edz t\u00f6lt\u00f6tte fel, \u00e9s megsz\u00fcletett Magyarorsz\u00e1g egyik legk\u00fcl\u00f6nlegesebb t\u00e1jk\u00e9pi l\u00e1tv\u00e1nyoss\u00e1ga, a Megyer-hegyi Tengerszem. A k\u00fcl\u00f6nleges adotts\u00e1g\u00fa t\u00f3 teh\u00e1t az ember \u00e9s term\u00e9szet...\" \/>\n<meta property=\"og:url\" content=\"https:\/\/egyuttfejlodunk.hu\/?p=11734\" \/>\n<meta property=\"og:site_name\" content=\"Egy\u00fctt fejl\u0151d\u00fcnk\" \/>\n<meta property=\"article:published_time\" content=\"2026-06-17T08:01:30+00:00\" \/>\n<meta property=\"article:modified_time\" content=\"2026-08-28T06:42:35+00:00\" \/>\n<meta property=\"og:image\" content=\"https:\/\/egyuttfejlodunk.hu\/wp-content\/uploads\/2026\/06\/Tengerszem-dron-1.jpg\" \/>\n\t<meta property=\"og:image:width\" content=\"1920\" \/>\n\t<meta property=\"og:image:height\" content=\"826\" \/>\n\t<meta property=\"og:image:type\" content=\"image\/jpeg\" \/>\n<meta name=\"author\" content=\"T\u00f3th Ferenc\" \/>\n<meta name=\"twitter:card\" content=\"summary_large_image\" \/>\n<meta name=\"twitter:label1\" content=\"Szerz\u0151:\" \/>\n\t<meta name=\"twitter:data1\" content=\"T\u00f3th Ferenc\" \/>\n\t<meta name=\"twitter:label2\" content=\"Becs\u00fclt olvas\u00e1si id\u0151\" \/>\n\t<meta name=\"twitter:data2\" content=\"4 perc\" \/>\n<script type=\"application\/ld+json\" class=\"yoast-schema-graph\">{\"@context\":\"https:\\\/\\\/schema.org\",\"@graph\":[{\"@type\":\"Article\",\"@id\":\"https:\\\/\\\/egyuttfejlodunk.hu\\\/?p=11734#article\",\"isPartOf\":{\"@id\":\"https:\\\/\\\/egyuttfejlodunk.hu\\\/?p=11734\"},\"author\":{\"name\":\"T\u00f3th Ferenc\",\"@id\":\"https:\\\/\\\/egyuttfejlodunk.hu\\\/#\\\/schema\\\/person\\\/94cc2e6bf0b14e6d5de3d603885ed8c5\"},\"headline\":\"Ahol a term\u00e9szet \u00e9s a turizmus egy malomban \u0151r\u00f6lnek\",\"datePublished\":\"2026-06-17T08:01:30+00:00\",\"dateModified\":\"2026-08-28T06:42:35+00:00\",\"mainEntityOfPage\":{\"@id\":\"https:\\\/\\\/egyuttfejlodunk.hu\\\/?p=11734\"},\"wordCount\":915,\"publisher\":{\"@id\":\"https:\\\/\\\/egyuttfejlodunk.hu\\\/#organization\"},\"image\":{\"@id\":\"https:\\\/\\\/egyuttfejlodunk.hu\\\/?p=11734#primaryimage\"},\"thumbnailUrl\":\"https:\\\/\\\/egyuttfejlodunk.hu\\\/wp-content\\\/uploads\\\/2026\\\/06\\\/Tengerszem-dron-1.jpg\",\"keywords\":[\"szolg\u00e1ltat\u00e1sfejleszt\u00e9s\",\"turisztikai fejleszt\u00e9s\",\"Turizmus\"],\"articleSection\":[\"Top\"],\"inLanguage\":\"hu\"},{\"@type\":\"WebPage\",\"@id\":\"https:\\\/\\\/egyuttfejlodunk.hu\\\/?p=11734\",\"url\":\"https:\\\/\\\/egyuttfejlodunk.hu\\\/?p=11734\",\"name\":\"Ahol a term\u00e9szet \u00e9s a turizmus egy malomban \u0151r\u00f6lnek - Egy\u00fctt fejl\u0151d\u00fcnk\",\"isPartOf\":{\"@id\":\"https:\\\/\\\/egyuttfejlodunk.hu\\\/#website\"},\"primaryImageOfPage\":{\"@id\":\"https:\\\/\\\/egyuttfejlodunk.hu\\\/?p=11734#primaryimage\"},\"image\":{\"@id\":\"https:\\\/\\\/egyuttfejlodunk.hu\\\/?p=11734#primaryimage\"},\"thumbnailUrl\":\"https:\\\/\\\/egyuttfejlodunk.hu\\\/wp-content\\\/uploads\\\/2026\\\/06\\\/Tengerszem-dron-1.jpg\",\"datePublished\":\"2026-06-17T08:01:30+00:00\",\"dateModified\":\"2026-08-28T06:42:35+00:00\",\"breadcrumb\":{\"@id\":\"https:\\\/\\\/egyuttfejlodunk.hu\\\/?p=11734#breadcrumb\"},\"inLanguage\":\"hu\",\"potentialAction\":[{\"@type\":\"ReadAction\",\"target\":[\"https:\\\/\\\/egyuttfejlodunk.hu\\\/?p=11734\"]}]},{\"@type\":\"ImageObject\",\"inLanguage\":\"hu\",\"@id\":\"https:\\\/\\\/egyuttfejlodunk.hu\\\/?p=11734#primaryimage\",\"url\":\"https:\\\/\\\/egyuttfejlodunk.hu\\\/wp-content\\\/uploads\\\/2026\\\/06\\\/Tengerszem-dron-1.jpg\",\"contentUrl\":\"https:\\\/\\\/egyuttfejlodunk.hu\\\/wp-content\\\/uploads\\\/2026\\\/06\\\/Tengerszem-dron-1.jpg\",\"width\":1920,\"height\":826},{\"@type\":\"BreadcrumbList\",\"@id\":\"https:\\\/\\\/egyuttfejlodunk.hu\\\/?p=11734#breadcrumb\",\"itemListElement\":[{\"@type\":\"ListItem\",\"position\":1,\"name\":\"Home\",\"item\":\"https:\\\/\\\/egyuttfejlodunk.hu\\\/\"},{\"@type\":\"ListItem\",\"position\":2,\"name\":\"Ahol a term\u00e9szet \u00e9s a turizmus egy malomban \u0151r\u00f6lnek\"}]},{\"@type\":\"WebSite\",\"@id\":\"https:\\\/\\\/egyuttfejlodunk.hu\\\/#website\",\"url\":\"https:\\\/\\\/egyuttfejlodunk.hu\\\/\",\"name\":\"Egy\u00fctt fejl\u0151d\u00fcnk\",\"description\":\"\",\"publisher\":{\"@id\":\"https:\\\/\\\/egyuttfejlodunk.hu\\\/#organization\"},\"potentialAction\":[{\"@type\":\"SearchAction\",\"target\":{\"@type\":\"EntryPoint\",\"urlTemplate\":\"https:\\\/\\\/egyuttfejlodunk.hu\\\/?s={search_term_string}\"},\"query-input\":{\"@type\":\"PropertyValueSpecification\",\"valueRequired\":true,\"valueName\":\"search_term_string\"}}],\"inLanguage\":\"hu\"},{\"@type\":\"Organization\",\"@id\":\"https:\\\/\\\/egyuttfejlodunk.hu\\\/#organization\",\"name\":\"Egy\u00fctt fejl\u0151d\u00fcnk\",\"url\":\"https:\\\/\\\/egyuttfejlodunk.hu\\\/\",\"logo\":{\"@type\":\"ImageObject\",\"inLanguage\":\"hu\",\"@id\":\"https:\\\/\\\/egyuttfejlodunk.hu\\\/#\\\/schema\\\/logo\\\/image\\\/\",\"url\":\"https:\\\/\\\/egyuttfejlodunk.hu\\\/wp-content\\\/uploads\\\/2026\\\/04\\\/ujlogo.jpg\",\"contentUrl\":\"https:\\\/\\\/egyuttfejlodunk.hu\\\/wp-content\\\/uploads\\\/2026\\\/04\\\/ujlogo.jpg\",\"width\":350,\"height\":110,\"caption\":\"Egy\u00fctt fejl\u0151d\u00fcnk\"},\"image\":{\"@id\":\"https:\\\/\\\/egyuttfejlodunk.hu\\\/#\\\/schema\\\/logo\\\/image\\\/\"}},{\"@type\":\"Person\",\"@id\":\"https:\\\/\\\/egyuttfejlodunk.hu\\\/#\\\/schema\\\/person\\\/94cc2e6bf0b14e6d5de3d603885ed8c5\",\"name\":\"T\u00f3th Ferenc\"}]}<\/script>\n<!-- \/ Yoast SEO Premium plugin. -->","yoast_head_json":{"title":"Ahol a term\u00e9szet \u00e9s a turizmus egy malomban \u0151r\u00f6lnek - Egy\u00fctt fejl\u0151d\u00fcnk","robots":{"index":"noindex","follow":"follow","max-snippet":"max-snippet:-1","max-image-preview":"max-image-preview:large","max-video-preview":"max-video-preview:-1"},"og_locale":"hu_HU","og_type":"article","og_title":"Ahol a term\u00e9szet \u00e9s a turizmus egy malomban \u0151r\u00f6lnek","og_description":"Mi k\u00f6ze a friss keny\u00e9rnek egy b\u00e9k\u00e9s tavacsk\u00e1hoz? Azt gondolhatn\u00e1nk, hogy semmi, de igaz, ami igaz, \u00e9vsz\u00e1zadokon \u00e1t zakatoltak Eur\u00f3pa-szerte olyan malmok, amelyek \u0151rl\u0151k\u00f6ve ugyanabb\u00f3l a csendes zempl\u00e9ni hegyoldalb\u00f3l sz\u00e1rmazott. S\u00e1rospatak hat\u00e1r\u00e1ban termelt\u00e9k ki ezt a k\u00fcl\u00f6nleges vulk\u00e1ni k\u00f6vet. Amikor pedig a b\u00e1ny\u00e1szat v\u00e9get \u00e9rt, a term\u00e9szet visszafoglalta a ter\u00fcletet: a b\u00e1nya m\u00e9lyed\u00e9s\u00e9t v\u00edz t\u00f6lt\u00f6tte fel, \u00e9s megsz\u00fcletett Magyarorsz\u00e1g egyik legk\u00fcl\u00f6nlegesebb t\u00e1jk\u00e9pi l\u00e1tv\u00e1nyoss\u00e1ga, a Megyer-hegyi Tengerszem. A k\u00fcl\u00f6nleges adotts\u00e1g\u00fa t\u00f3 teh\u00e1t az ember \u00e9s term\u00e9szet...","og_url":"https:\/\/egyuttfejlodunk.hu\/?p=11734","og_site_name":"Egy\u00fctt fejl\u0151d\u00fcnk","article_published_time":"2026-06-17T08:01:30+00:00","article_modified_time":"2026-08-28T06:42:35+00:00","og_image":[{"width":1920,"height":826,"url":"https:\/\/egyuttfejlodunk.hu\/wp-content\/uploads\/2026\/06\/Tengerszem-dron-1.jpg","type":"image\/jpeg"}],"author":"T\u00f3th Ferenc","twitter_card":"summary_large_image","twitter_misc":{"Szerz\u0151:":"T\u00f3th Ferenc","Becs\u00fclt olvas\u00e1si id\u0151":"4 perc"},"schema":{"@context":"https:\/\/schema.org","@graph":[{"@type":"Article","@id":"https:\/\/egyuttfejlodunk.hu\/?p=11734#article","isPartOf":{"@id":"https:\/\/egyuttfejlodunk.hu\/?p=11734"},"author":{"name":"T\u00f3th Ferenc","@id":"https:\/\/egyuttfejlodunk.hu\/#\/schema\/person\/94cc2e6bf0b14e6d5de3d603885ed8c5"},"headline":"Ahol a term\u00e9szet \u00e9s a turizmus egy malomban \u0151r\u00f6lnek","datePublished":"2026-06-17T08:01:30+00:00","dateModified":"2026-08-28T06:42:35+00:00","mainEntityOfPage":{"@id":"https:\/\/egyuttfejlodunk.hu\/?p=11734"},"wordCount":915,"publisher":{"@id":"https:\/\/egyuttfejlodunk.hu\/#organization"},"image":{"@id":"https:\/\/egyuttfejlodunk.hu\/?p=11734#primaryimage"},"thumbnailUrl":"https:\/\/egyuttfejlodunk.hu\/wp-content\/uploads\/2026\/06\/Tengerszem-dron-1.jpg","keywords":["szolg\u00e1ltat\u00e1sfejleszt\u00e9s","turisztikai fejleszt\u00e9s","Turizmus"],"articleSection":["Top"],"inLanguage":"hu"},{"@type":"WebPage","@id":"https:\/\/egyuttfejlodunk.hu\/?p=11734","url":"https:\/\/egyuttfejlodunk.hu\/?p=11734","name":"Ahol a term\u00e9szet \u00e9s a turizmus egy malomban \u0151r\u00f6lnek - Egy\u00fctt fejl\u0151d\u00fcnk","isPartOf":{"@id":"https:\/\/egyuttfejlodunk.hu\/#website"},"primaryImageOfPage":{"@id":"https:\/\/egyuttfejlodunk.hu\/?p=11734#primaryimage"},"image":{"@id":"https:\/\/egyuttfejlodunk.hu\/?p=11734#primaryimage"},"thumbnailUrl":"https:\/\/egyuttfejlodunk.hu\/wp-content\/uploads\/2026\/06\/Tengerszem-dron-1.jpg","datePublished":"2026-06-17T08:01:30+00:00","dateModified":"2026-08-28T06:42:35+00:00","breadcrumb":{"@id":"https:\/\/egyuttfejlodunk.hu\/?p=11734#breadcrumb"},"inLanguage":"hu","potentialAction":[{"@type":"ReadAction","target":["https:\/\/egyuttfejlodunk.hu\/?p=11734"]}]},{"@type":"ImageObject","inLanguage":"hu","@id":"https:\/\/egyuttfejlodunk.hu\/?p=11734#primaryimage","url":"https:\/\/egyuttfejlodunk.hu\/wp-content\/uploads\/2026\/06\/Tengerszem-dron-1.jpg","contentUrl":"https:\/\/egyuttfejlodunk.hu\/wp-content\/uploads\/2026\/06\/Tengerszem-dron-1.jpg","width":1920,"height":826},{"@type":"BreadcrumbList","@id":"https:\/\/egyuttfejlodunk.hu\/?p=11734#breadcrumb","itemListElement":[{"@type":"ListItem","position":1,"name":"Home","item":"https:\/\/egyuttfejlodunk.hu\/"},{"@type":"ListItem","position":2,"name":"Ahol a term\u00e9szet \u00e9s a turizmus egy malomban \u0151r\u00f6lnek"}]},{"@type":"WebSite","@id":"https:\/\/egyuttfejlodunk.hu\/#website","url":"https:\/\/egyuttfejlodunk.hu\/","name":"Egy\u00fctt fejl\u0151d\u00fcnk","description":"","publisher":{"@id":"https:\/\/egyuttfejlodunk.hu\/#organization"},"potentialAction":[{"@type":"SearchAction","target":{"@type":"EntryPoint","urlTemplate":"https:\/\/egyuttfejlodunk.hu\/?s={search_term_string}"},"query-input":{"@type":"PropertyValueSpecification","valueRequired":true,"valueName":"search_term_string"}}],"inLanguage":"hu"},{"@type":"Organization","@id":"https:\/\/egyuttfejlodunk.hu\/#organization","name":"Egy\u00fctt fejl\u0151d\u00fcnk","url":"https:\/\/egyuttfejlodunk.hu\/","logo":{"@type":"ImageObject","inLanguage":"hu","@id":"https:\/\/egyuttfejlodunk.hu\/#\/schema\/logo\/image\/","url":"https:\/\/egyuttfejlodunk.hu\/wp-content\/uploads\/2026\/04\/ujlogo.jpg","contentUrl":"https:\/\/egyuttfejlodunk.hu\/wp-content\/uploads\/2026\/04\/ujlogo.jpg","width":350,"height":110,"caption":"Egy\u00fctt fejl\u0151d\u00fcnk"},"image":{"@id":"https:\/\/egyuttfejlodunk.hu\/#\/schema\/logo\/image\/"}},{"@type":"Person","@id":"https:\/\/egyuttfejlodunk.hu\/#\/schema\/person\/94cc2e6bf0b14e6d5de3d603885ed8c5","name":"T\u00f3th Ferenc"}]}},"_links":{"self":[{"href":"https:\/\/egyuttfejlodunk.hu\/index.php?rest_route=\/wp\/v2\/posts\/11734","targetHints":{"allow":["GET"]}}],"collection":[{"href":"https:\/\/egyuttfejlodunk.hu\/index.php?rest_route=\/wp\/v2\/posts"}],"about":[{"href":"https:\/\/egyuttfejlodunk.hu\/index.php?rest_route=\/wp\/v2\/types\/post"}],"author":[{"embeddable":true,"href":"https:\/\/egyuttfejlodunk.hu\/index.php?rest_route=\/wp\/v2\/users\/30"}],"replies":[{"embeddable":true,"href":"https:\/\/egyuttfejlodunk.hu\/index.php?rest_route=%2Fwp%2Fv2%2Fcomments&post=11734"}],"version-history":[{"count":2,"href":"https:\/\/egyuttfejlodunk.hu\/index.php?rest_route=\/wp\/v2\/posts\/11734\/revisions"}],"predecessor-version":[{"id":11805,"href":"https:\/\/egyuttfejlodunk.hu\/index.php?rest_route=\/wp\/v2\/posts\/11734\/revisions\/11805"}],"wp:featuredmedia":[{"embeddable":true,"href":"https:\/\/egyuttfejlodunk.hu\/index.php?rest_route=\/wp\/v2\/media\/11804"}],"wp:attachment":[{"href":"https:\/\/egyuttfejlodunk.hu\/index.php?rest_route=%2Fwp%2Fv2%2Fmedia&parent=11734"}],"wp:term":[{"taxonomy":"category","embeddable":true,"href":"https:\/\/egyuttfejlodunk.hu\/index.php?rest_route=%2Fwp%2Fv2%2Fcategories&post=11734"},{"taxonomy":"post_tag","embeddable":true,"href":"https:\/\/egyuttfejlodunk.hu\/index.php?rest_route=%2Fwp%2Fv2%2Ftags&post=11734"},{"taxonomy":"megye","embeddable":true,"href":"https:\/\/egyuttfejlodunk.hu\/index.php?rest_route=%2Fwp%2Fv2%2Fmegye&post=11734"}],"curies":[{"name":"wp","href":"https:\/\/api.w.org\/{rel}","templated":true}]}}