{"id":11845,"date":"2026-06-29T12:59:20","date_gmt":"2026-06-29T10:59:20","guid":{"rendered":"https:\/\/egyuttfejlodunk.hu\/?p=11845"},"modified":"2026-08-28T08:39:30","modified_gmt":"2026-08-28T06:39:30","slug":"kalandda-valik-a-gyogyulas","status":"publish","type":"post","link":"https:\/\/egyuttfejlodunk.hu\/?p=11845","title":{"rendered":"Kalandd\u00e1 v\u00e1lik a gy\u00f3gyul\u00e1s"},"content":{"rendered":"<p><strong>Gerg\u0151 bizonytalanul l\u00e9pkedett a k\u00f3rh\u00e1zi folyos\u00f3n, egyik kez\u00e9vel az \u00e9desanyja kez\u00e9t szor\u00edtotta. M\u00e1r fel tudott \u00e1llni, de messze volt m\u00e9g att\u00f3l, hogy a mozdulatok, amelyek azel\u0151tt term\u00e9szetesek voltak, ne jelentsenek f\u00e1raszt\u00f3 feladatot. Azzal biztatt\u00e1k, hogy egy nagyon \u00e9rdekes tornaterembe mennek, de nem tudta elhinni, hogy t\u00e9nyleg j\u00f3 lesz. Azt\u00e1n a foglalkoz\u00e1s v\u00e9g\u00e9n azt k\u00e9rdezte, mikor j\u00f6het \u00fajra.<\/strong><\/p>\n<p>A Heim P\u00e1l Orsz\u00e1gos Gyermekgy\u00f3gy\u00e1szati Int\u00e9zet rehabilit\u00e1ci\u00f3s term\u00e9ben ugyanis nem csak matracok, bord\u00e1sfal \u00e9s medicinlabda v\u00e1rta, hanem k\u00e9perny\u0151k, \u00e9rz\u00e9kel\u0151k \u00e9s izgalmas robotikus eszk\u00f6z\u00f6k, hogy j\u00e1t\u00e9kos feladatokon kereszt\u00fcl \u00fajra felfedezze saj\u00e1t mozg\u00e1s\u00e1t. Ez a fajta \u00e9lm\u00e9ny annak a nagyszab\u00e1s\u00fa beruh\u00e1z\u00e1snak k\u00f6sz\u00f6nhet\u0151en v\u00e1lhatott val\u00f3ra, aminek keret\u00e9ben a Heim P\u00e1l Orsz\u00e1gos Gyermekgy\u00f3gy\u00e1szati Int\u00e9zet uni\u00f3s t\u00e1mogat\u00e1ssal egy sor olyan \u00faj m\u0171t\u00e9ti \u00e9s rehabilit\u00e1ci\u00f3s technik\u00e1t vezetett be a praxis\u00e1ba, amelyek kor\u00e1bban nem voltak el\u00e9rhet\u0151k a hazai ell\u00e1t\u00e1sban.<\/p>\n<p>A fejleszt\u00e9s k\u00fclf\u00f6ldi int\u00e9zm\u00e9nyek j\u00f3 gyakorlatai alapj\u00e1n \u00e9s a vel\u00fck val\u00f3 egy\u00fcttm\u0171k\u00f6d\u00e9sben t\u00f6rt\u00e9nt, azzal a c\u00e9llal, hogy a legkorszer\u0171bb diagnosztikai \u00e9s gy\u00f3gy\u00edt\u00f3 m\u00f3dszerek szolg\u00e1lj\u00e1k a betegek jobb min\u0151s\u00e9g\u0171, gyorsabb, hat\u00e1sosabb kezel\u00e9s\u00e9t. A beruh\u00e1z\u00e1s h\u00e1rom nagy ter\u00fcletet \u00e9rintett.<\/p>\n<p>Az egyik legl\u00e1tv\u00e1nyosabb a mozg\u00e1sszervi rehabilit\u00e1ci\u00f3t seg\u00edt\u0151 roboteszk\u00f6z\u00f6k beszerz\u00e9se volt. Ezek a sz\u00e1m\u00edt\u00f3g\u00e9p-vez\u00e9relt rendszerek a fels\u0151 \u00e9s als\u00f3 v\u00e9gtagok mozg\u00e1sfejleszt\u00e9s\u00e9t, az \u00e1ll\u00e1s \u00e9s a j\u00e1r\u00e1s gyakorl\u00e1s\u00e1t seg\u00edtik. A berendez\u00e9sek \u00e9rz\u00e9kelik a gyermek mozdulatait, elemzik a j\u00e1r\u00e1s ritmus\u00e1t, sz\u00fcks\u00e9g eset\u00e9n korrig\u00e1lj\u00e1k a mozg\u00e1st, mik\u00f6zben dinamikus testt\u00f6meg-t\u00e1mogat\u00e1st \u00e9s es\u00e9sv\u00e9delmet biztos\u00edtanak. A technol\u00f3gia k\u00fcl\u00f6n\u00f6sen azokn\u00e1l a gyermekekn\u00e9l k\u00edn\u00e1l \u00faj lehet\u0151s\u00e9get, akik idegrendszeri s\u00e9r\u00fcl\u00e9s, b\u00e9nul\u00e1s vagy s\u00falyos mozg\u00e1sszervi betegs\u00e9g miatt elvesztett\u00e9k \u00f6n\u00e1ll\u00f3 mozg\u00e1sk\u00e9pess\u00e9g\u00fcket. Az pedig k\u00fcl\u00f6n\u00f6sen \u00e9rdekess\u00e9 teszi ezeket a g\u00e9peket, hogy a rehabilit\u00e1ci\u00f3 sor\u00e1n virtu\u00e1lis \u00e9s j\u00e1t\u00e9kos elemek eg\u00e9sz\u00edtik ki a gyakorlatokat, elterelve a figyelmet a f\u00e1jdalomr\u00f3l, a f\u00e9lelemr\u0151l \u00e9s a kimer\u00fclts\u00e9gr\u0151l, egy\u00fattal extra motiv\u00e1ci\u00f3t ny\u00fajtva a gyakorl\u00e1shoz. A j\u00e1t\u00e9kos, feladatorient\u00e1lt mozg\u00e1s \u00edgy egy kalandos felfedez\u00e9s, ahol a megtett l\u00e9p\u00e9sek, az igyekezettel megval\u00f3s\u00edtott mozdulatok azonnal egy apr\u00f3, de fontos siker\u00e9lm\u00e9nyt jelentenek.<\/p>\n<p>A fejleszt\u00e9s m\u00e1sik kulcseleme a 3D-s testszkenner. A berendez\u00e9s ultraalacsony sug\u00e1rterhel\u00e9ssel m\u0171k\u00f6dik, egy hagyom\u00e1nyos r\u00f6ntgenvizsg\u00e1lathoz k\u00e9pest ak\u00e1r nyolcad- vagy tizedakkora sug\u00e1rd\u00f3zissal k\u00e9pes ak\u00e1r a teljes testr\u0151l h\u00e1romdimenzi\u00f3s digit\u00e1lis k\u00e9pet k\u00e9sz\u00edteni n\u00e9h\u00e1ny m\u00e1sodperc alatt. A m\u0171szer jelent\u0151s seg\u00edts\u00e9g ak\u00e1r a pontos diagn\u00f3zis fel\u00e1ll\u00edt\u00e1s\u00e1ban, ak\u00e1r a m\u0171t\u00e9tek szem\u00e9lyre szabott megtervez\u00e9s\u00e9ben, \u00e9s a rehabilit\u00e1ci\u00f3 eredm\u00e9nyeinek k\u00f6vet\u00e9s\u00e9ben. A rendszer k\u00fcl\u00f6n\u00f6sen fontosnak bizonyul a fejl\u0151d\u00e9sben l\u00e9v\u0151 gyermekek eset\u00e9ben, akikn\u00e9l a visszat\u00e9r\u0151 vizsg\u00e1latok sor\u00e1n a sug\u00e1rterhel\u00e9s cs\u00f6kkent\u00e9se kiemelt szempont.<\/p>\n<p>A harmadik fejleszt\u00e9si ter\u00fclet a f\u00fcl-orr-g\u00e9g\u00e9szeti seb\u00e9szetet \u00e9rintette. A korszer\u0171 navig\u00e1ci\u00f3s rendszerrel, speci\u00e1lis m\u0171t\u00e9ti eszk\u00f6z\u00f6kkel \u00e9s digit\u00e1lis k\u00e9palkot\u00e1ssal t\u00e1mogatott beavatkoz\u00e1sok a sz\u00f6v\u0151dm\u00e9nyes, kr\u00f3nikus k\u00f6z\u00e9pf\u00fclgyullad\u00e1sban szenved\u0151 gyermekek kezel\u00e9s\u00e9ben nyitottak \u00faj lehet\u0151s\u00e9get. A subtot\u00e1lis petrosectomia nev\u0171, rendk\u00edv\u00fcl \u00f6sszetett m\u0171t\u00e9t sor\u00e1n a navig\u00e1ci\u00f3s technol\u00f3gia nagyobb pontoss\u00e1got \u00e9s biztons\u00e1got ad az orvosoknak, k\u00fcl\u00f6n\u00f6sen olyan esetekben, amikor a betegs\u00e9g agressz\u00edvan elterjedt, \u00e9s a hagyom\u00e1nyos beavatkoz\u00e1sok m\u00e1r nem ny\u00fajtanak megfelel\u0151 megold\u00e1st.<\/p>\n<p>A projekt szakmai h\u00e1tter\u00e9t nemzetk\u00f6zi egy\u00fcttm\u0171k\u00f6d\u00e9sek er\u0151s\u00edtett\u00e9k. A k\u00f3rh\u00e1zolasz \u00e9s cseh partnerekkel dolgozott egy\u00fctt, hogy a k\u00fclf\u00f6ld\u00f6n m\u00e1r bev\u00e1lt elj\u00e1r\u00e1sokat a hazai gyermekgy\u00f3gy\u00e1szatban is alkalmazni tudj\u00e1k. A projekt \u00edgy jelent\u0151s tud\u00e1scser\u00e9hez, tapasztalat\u00e1tad\u00e1shoz, \u00faj szeml\u00e9letek meghonos\u00edt\u00e1s\u00e1hoz j\u00e1rult hozz\u00e1.<\/p>\n<p>A foglalkoz\u00e1s v\u00e9g\u00e9re Gerg\u0151 mozdulatai kicsit biztosabb\u00e1 v\u00e1ltak. Ez pedig egy\u00e9rtelm\u0171 jele volt annak, hogy a kiv\u00e1l\u00f3 szakemberek, a korszer\u0171 technol\u00f3gia, \u00e9s els\u0151sorban a saj\u00e1t elk\u00f6telezett er\u0151fesz\u00edt\u00e9se utat nyitnak a gy\u00f3gyul\u00e1sa fel\u00e9. Az \u00faj eszk\u00f6z\u00f6k nem helyettes\u00edthetik az emberi figyelmet \u00e9s tud\u00e1st, de nagyban seg\u00edtenek abban, hogy a rehabilit\u00e1ci\u00f3 \u00e9rdekesebb, k\u00f6nnyebb, magabiztosabb lehessen, ahol minden apr\u00f3 mozdulatr\u00f3l azonnal l\u00e1tszik, hogy egy fontos l\u00e9p\u00e9s az eg\u00e9szs\u00e9g fel\u00e9. Gy\u0151z\u0151dj meg err\u0151l kisfilm\u00fck seg\u00edts\u00e9g\u00e9vel!<\/p>\n<p><iframe title=\"\u00daj m\u0171t\u00e9ti \u00e9s rehabilit\u00e1ci\u00f3s technik\u00e1k bevezet\u00e9se a Heim P\u00e1l Orsz\u00e1gos Gyermekgy\u00f3gy\u00e1szati Int\u00e9zetben\" width=\"1200\" height=\"675\" src=\"https:\/\/www.youtube.com\/embed\/sfrs6FSQUOE?feature=oembed\" frameborder=\"0\" allow=\"accelerometer; autoplay; clipboard-write; encrypted-media; gyroscope; picture-in-picture; web-share\" referrerpolicy=\"strict-origin-when-cross-origin\" allowfullscreen><\/iframe><\/p>\n<p>A program a EFOP-5.2.6-20-2020-00011 azonos\u00edt\u00f3 projekt keret\u00e9ben, eur\u00f3pai uni\u00f3s forr\u00e1s bevon\u00e1s\u00e1val val\u00f3sult meg.<\/p>\n<p>Tov\u00e1bbi r\u00e9szletek a t\u00e1mogatott projekt keres\u0151ben:<a class=\"tovabb\" href=\"https:\/\/www.palyazat.gov.hu\/eredmenyek\/tamogatott-projektek\/2565540201\" target=\"_blank\" rel=\"noopener\">Tov\u00e1bb<\/a><\/p>\n","protected":false},"excerpt":{"rendered":"<p>Gerg\u0151 bizonytalanul l\u00e9pkedett a k\u00f3rh\u00e1zi folyos\u00f3n, egyik kez\u00e9vel az \u00e9desanyja kez\u00e9t szor\u00edtotta. M\u00e1r fel tudott \u00e1llni, de messze volt m\u00e9g att\u00f3l, hogy a mozdulatok, amelyek azel\u0151tt term\u00e9szetesek voltak, ne jelentsenek f\u00e1raszt\u00f3 feladatot. Azzal biztatt\u00e1k, hogy egy nagyon \u00e9rdekes tornaterembe mennek, de nem tudta elhinni, hogy t\u00e9nyleg j\u00f3 lesz. Azt\u00e1n a foglalkoz\u00e1s v\u00e9g\u00e9n azt k\u00e9rdezte, mikor j\u00f6het \u00fajra. A Heim P\u00e1l Orsz\u00e1gos Gyermekgy\u00f3gy\u00e1szati Int\u00e9zet rehabilit\u00e1ci\u00f3s term\u00e9ben ugyanis nem csak matracok, bord\u00e1sfal \u00e9s medicinlabda v\u00e1rta, hanem k\u00e9perny\u0151k,&#8230;<\/p>\n","protected":false},"author":30,"featured_media":11846,"comment_status":"closed","ping_status":"closed","sticky":false,"template":"","format":"standard","meta":{"_acf_changed":false,"ngg_post_thumbnail":0,"footnotes":""},"categories":[154],"tags":[292,449,302,487],"megye":[1120],"class_list":["post-11845","post","type-post","status-publish","format-standard","has-post-thumbnail","hentry","category-efop-hu","tag-egeszsegugy-hu","tag-eszkozfejlesztes","tag-innovacio","tag-intezmenyfejlesztes","megye-budapest"],"acf":[],"yoast_head":"<!-- This site is optimized with the Yoast SEO Premium plugin v28.4 (Yoast SEO v28.4) - https:\/\/yoast.com\/product\/yoast-seo-premium-wordpress\/ -->\n<title>Kalandd\u00e1 v\u00e1lik a gy\u00f3gyul\u00e1s - Egy\u00fctt fejl\u0151d\u00fcnk<\/title>\n<meta name=\"robots\" content=\"noindex, follow, max-snippet:-1, max-image-preview:large, max-video-preview:-1\" \/>\n<meta property=\"og:locale\" content=\"hu_HU\" \/>\n<meta property=\"og:type\" content=\"article\" \/>\n<meta property=\"og:title\" content=\"Kalandd\u00e1 v\u00e1lik a gy\u00f3gyul\u00e1s\" \/>\n<meta property=\"og:description\" content=\"Gerg\u0151 bizonytalanul l\u00e9pkedett a k\u00f3rh\u00e1zi folyos\u00f3n, egyik kez\u00e9vel az \u00e9desanyja kez\u00e9t szor\u00edtotta. M\u00e1r fel tudott \u00e1llni, de messze volt m\u00e9g att\u00f3l, hogy a mozdulatok, amelyek azel\u0151tt term\u00e9szetesek voltak, ne jelentsenek f\u00e1raszt\u00f3 feladatot. Azzal biztatt\u00e1k, hogy egy nagyon \u00e9rdekes tornaterembe mennek, de nem tudta elhinni, hogy t\u00e9nyleg j\u00f3 lesz. Azt\u00e1n a foglalkoz\u00e1s v\u00e9g\u00e9n azt k\u00e9rdezte, mikor j\u00f6het \u00fajra. A Heim P\u00e1l Orsz\u00e1gos Gyermekgy\u00f3gy\u00e1szati Int\u00e9zet rehabilit\u00e1ci\u00f3s term\u00e9ben ugyanis nem csak matracok, bord\u00e1sfal \u00e9s medicinlabda v\u00e1rta, hanem k\u00e9perny\u0151k,...\" \/>\n<meta property=\"og:url\" content=\"https:\/\/egyuttfejlodunk.hu\/?p=11845\" \/>\n<meta property=\"og:site_name\" content=\"Egy\u00fctt fejl\u0151d\u00fcnk\" \/>\n<meta property=\"article:published_time\" content=\"2026-06-29T10:59:20+00:00\" \/>\n<meta property=\"article:modified_time\" content=\"2026-08-28T06:39:30+00:00\" \/>\n<meta property=\"og:image\" content=\"https:\/\/egyuttfejlodunk.hu\/wp-content\/uploads\/2026\/08\/SKY_7916.jpg\" \/>\n\t<meta property=\"og:image:width\" content=\"1920\" \/>\n\t<meta property=\"og:image:height\" content=\"1290\" \/>\n\t<meta property=\"og:image:type\" content=\"image\/jpeg\" \/>\n<meta name=\"author\" content=\"T\u00f3th Ferenc\" \/>\n<meta name=\"twitter:card\" content=\"summary_large_image\" \/>\n<meta name=\"twitter:label1\" content=\"Szerz\u0151:\" \/>\n\t<meta name=\"twitter:data1\" content=\"T\u00f3th Ferenc\" \/>\n\t<meta name=\"twitter:label2\" content=\"Becs\u00fclt olvas\u00e1si id\u0151\" \/>\n\t<meta name=\"twitter:data2\" content=\"4 perc\" \/>\n<script type=\"application\/ld+json\" class=\"yoast-schema-graph\">{\"@context\":\"https:\\\/\\\/schema.org\",\"@graph\":[{\"@type\":\"Article\",\"@id\":\"https:\\\/\\\/egyuttfejlodunk.hu\\\/?p=11845#article\",\"isPartOf\":{\"@id\":\"https:\\\/\\\/egyuttfejlodunk.hu\\\/?p=11845\"},\"author\":{\"name\":\"T\u00f3th Ferenc\",\"@id\":\"https:\\\/\\\/egyuttfejlodunk.hu\\\/#\\\/schema\\\/person\\\/94cc2e6bf0b14e6d5de3d603885ed8c5\"},\"headline\":\"Kalandd\u00e1 v\u00e1lik a gy\u00f3gyul\u00e1s\",\"datePublished\":\"2026-06-29T10:59:20+00:00\",\"dateModified\":\"2026-08-28T06:39:30+00:00\",\"mainEntityOfPage\":{\"@id\":\"https:\\\/\\\/egyuttfejlodunk.hu\\\/?p=11845\"},\"wordCount\":972,\"publisher\":{\"@id\":\"https:\\\/\\\/egyuttfejlodunk.hu\\\/#organization\"},\"image\":{\"@id\":\"https:\\\/\\\/egyuttfejlodunk.hu\\\/?p=11845#primaryimage\"},\"thumbnailUrl\":\"https:\\\/\\\/egyuttfejlodunk.hu\\\/wp-content\\\/uploads\\\/2026\\\/08\\\/SKY_7916.jpg\",\"keywords\":[\"Eg\u00e9szs\u00e9g\u00fcgy\",\"eszk\u00f6zfejleszt\u00e9s\",\"innov\u00e1ci\u00f3\",\"int\u00e9zm\u00e9nyfejleszt\u00e9s\"],\"articleSection\":[\"EFOP\"],\"inLanguage\":\"hu\"},{\"@type\":\"WebPage\",\"@id\":\"https:\\\/\\\/egyuttfejlodunk.hu\\\/?p=11845\",\"url\":\"https:\\\/\\\/egyuttfejlodunk.hu\\\/?p=11845\",\"name\":\"Kalandd\u00e1 v\u00e1lik a gy\u00f3gyul\u00e1s - Egy\u00fctt fejl\u0151d\u00fcnk\",\"isPartOf\":{\"@id\":\"https:\\\/\\\/egyuttfejlodunk.hu\\\/#website\"},\"primaryImageOfPage\":{\"@id\":\"https:\\\/\\\/egyuttfejlodunk.hu\\\/?p=11845#primaryimage\"},\"image\":{\"@id\":\"https:\\\/\\\/egyuttfejlodunk.hu\\\/?p=11845#primaryimage\"},\"thumbnailUrl\":\"https:\\\/\\\/egyuttfejlodunk.hu\\\/wp-content\\\/uploads\\\/2026\\\/08\\\/SKY_7916.jpg\",\"datePublished\":\"2026-06-29T10:59:20+00:00\",\"dateModified\":\"2026-08-28T06:39:30+00:00\",\"breadcrumb\":{\"@id\":\"https:\\\/\\\/egyuttfejlodunk.hu\\\/?p=11845#breadcrumb\"},\"inLanguage\":\"hu\",\"potentialAction\":[{\"@type\":\"ReadAction\",\"target\":[\"https:\\\/\\\/egyuttfejlodunk.hu\\\/?p=11845\"]}]},{\"@type\":\"ImageObject\",\"inLanguage\":\"hu\",\"@id\":\"https:\\\/\\\/egyuttfejlodunk.hu\\\/?p=11845#primaryimage\",\"url\":\"https:\\\/\\\/egyuttfejlodunk.hu\\\/wp-content\\\/uploads\\\/2026\\\/08\\\/SKY_7916.jpg\",\"contentUrl\":\"https:\\\/\\\/egyuttfejlodunk.hu\\\/wp-content\\\/uploads\\\/2026\\\/08\\\/SKY_7916.jpg\",\"width\":1920,\"height\":1290},{\"@type\":\"BreadcrumbList\",\"@id\":\"https:\\\/\\\/egyuttfejlodunk.hu\\\/?p=11845#breadcrumb\",\"itemListElement\":[{\"@type\":\"ListItem\",\"position\":1,\"name\":\"Home\",\"item\":\"https:\\\/\\\/egyuttfejlodunk.hu\\\/\"},{\"@type\":\"ListItem\",\"position\":2,\"name\":\"Kalandd\u00e1 v\u00e1lik a gy\u00f3gyul\u00e1s\"}]},{\"@type\":\"WebSite\",\"@id\":\"https:\\\/\\\/egyuttfejlodunk.hu\\\/#website\",\"url\":\"https:\\\/\\\/egyuttfejlodunk.hu\\\/\",\"name\":\"Egy\u00fctt fejl\u0151d\u00fcnk\",\"description\":\"\",\"publisher\":{\"@id\":\"https:\\\/\\\/egyuttfejlodunk.hu\\\/#organization\"},\"potentialAction\":[{\"@type\":\"SearchAction\",\"target\":{\"@type\":\"EntryPoint\",\"urlTemplate\":\"https:\\\/\\\/egyuttfejlodunk.hu\\\/?s={search_term_string}\"},\"query-input\":{\"@type\":\"PropertyValueSpecification\",\"valueRequired\":true,\"valueName\":\"search_term_string\"}}],\"inLanguage\":\"hu\"},{\"@type\":\"Organization\",\"@id\":\"https:\\\/\\\/egyuttfejlodunk.hu\\\/#organization\",\"name\":\"Egy\u00fctt fejl\u0151d\u00fcnk\",\"url\":\"https:\\\/\\\/egyuttfejlodunk.hu\\\/\",\"logo\":{\"@type\":\"ImageObject\",\"inLanguage\":\"hu\",\"@id\":\"https:\\\/\\\/egyuttfejlodunk.hu\\\/#\\\/schema\\\/logo\\\/image\\\/\",\"url\":\"https:\\\/\\\/egyuttfejlodunk.hu\\\/wp-content\\\/uploads\\\/2026\\\/04\\\/ujlogo.jpg\",\"contentUrl\":\"https:\\\/\\\/egyuttfejlodunk.hu\\\/wp-content\\\/uploads\\\/2026\\\/04\\\/ujlogo.jpg\",\"width\":350,\"height\":110,\"caption\":\"Egy\u00fctt fejl\u0151d\u00fcnk\"},\"image\":{\"@id\":\"https:\\\/\\\/egyuttfejlodunk.hu\\\/#\\\/schema\\\/logo\\\/image\\\/\"}},{\"@type\":\"Person\",\"@id\":\"https:\\\/\\\/egyuttfejlodunk.hu\\\/#\\\/schema\\\/person\\\/94cc2e6bf0b14e6d5de3d603885ed8c5\",\"name\":\"T\u00f3th Ferenc\"}]}<\/script>\n<!-- \/ Yoast SEO Premium plugin. -->","yoast_head_json":{"title":"Kalandd\u00e1 v\u00e1lik a gy\u00f3gyul\u00e1s - Egy\u00fctt fejl\u0151d\u00fcnk","robots":{"index":"noindex","follow":"follow","max-snippet":"max-snippet:-1","max-image-preview":"max-image-preview:large","max-video-preview":"max-video-preview:-1"},"og_locale":"hu_HU","og_type":"article","og_title":"Kalandd\u00e1 v\u00e1lik a gy\u00f3gyul\u00e1s","og_description":"Gerg\u0151 bizonytalanul l\u00e9pkedett a k\u00f3rh\u00e1zi folyos\u00f3n, egyik kez\u00e9vel az \u00e9desanyja kez\u00e9t szor\u00edtotta. M\u00e1r fel tudott \u00e1llni, de messze volt m\u00e9g att\u00f3l, hogy a mozdulatok, amelyek azel\u0151tt term\u00e9szetesek voltak, ne jelentsenek f\u00e1raszt\u00f3 feladatot. Azzal biztatt\u00e1k, hogy egy nagyon \u00e9rdekes tornaterembe mennek, de nem tudta elhinni, hogy t\u00e9nyleg j\u00f3 lesz. Azt\u00e1n a foglalkoz\u00e1s v\u00e9g\u00e9n azt k\u00e9rdezte, mikor j\u00f6het \u00fajra. A Heim P\u00e1l Orsz\u00e1gos Gyermekgy\u00f3gy\u00e1szati Int\u00e9zet rehabilit\u00e1ci\u00f3s term\u00e9ben ugyanis nem csak matracok, bord\u00e1sfal \u00e9s medicinlabda v\u00e1rta, hanem k\u00e9perny\u0151k,...","og_url":"https:\/\/egyuttfejlodunk.hu\/?p=11845","og_site_name":"Egy\u00fctt fejl\u0151d\u00fcnk","article_published_time":"2026-06-29T10:59:20+00:00","article_modified_time":"2026-08-28T06:39:30+00:00","og_image":[{"width":1920,"height":1290,"url":"https:\/\/egyuttfejlodunk.hu\/wp-content\/uploads\/2026\/08\/SKY_7916.jpg","type":"image\/jpeg"}],"author":"T\u00f3th Ferenc","twitter_card":"summary_large_image","twitter_misc":{"Szerz\u0151:":"T\u00f3th Ferenc","Becs\u00fclt olvas\u00e1si id\u0151":"4 perc"},"schema":{"@context":"https:\/\/schema.org","@graph":[{"@type":"Article","@id":"https:\/\/egyuttfejlodunk.hu\/?p=11845#article","isPartOf":{"@id":"https:\/\/egyuttfejlodunk.hu\/?p=11845"},"author":{"name":"T\u00f3th Ferenc","@id":"https:\/\/egyuttfejlodunk.hu\/#\/schema\/person\/94cc2e6bf0b14e6d5de3d603885ed8c5"},"headline":"Kalandd\u00e1 v\u00e1lik a gy\u00f3gyul\u00e1s","datePublished":"2026-06-29T10:59:20+00:00","dateModified":"2026-08-28T06:39:30+00:00","mainEntityOfPage":{"@id":"https:\/\/egyuttfejlodunk.hu\/?p=11845"},"wordCount":972,"publisher":{"@id":"https:\/\/egyuttfejlodunk.hu\/#organization"},"image":{"@id":"https:\/\/egyuttfejlodunk.hu\/?p=11845#primaryimage"},"thumbnailUrl":"https:\/\/egyuttfejlodunk.hu\/wp-content\/uploads\/2026\/08\/SKY_7916.jpg","keywords":["Eg\u00e9szs\u00e9g\u00fcgy","eszk\u00f6zfejleszt\u00e9s","innov\u00e1ci\u00f3","int\u00e9zm\u00e9nyfejleszt\u00e9s"],"articleSection":["EFOP"],"inLanguage":"hu"},{"@type":"WebPage","@id":"https:\/\/egyuttfejlodunk.hu\/?p=11845","url":"https:\/\/egyuttfejlodunk.hu\/?p=11845","name":"Kalandd\u00e1 v\u00e1lik a gy\u00f3gyul\u00e1s - Egy\u00fctt fejl\u0151d\u00fcnk","isPartOf":{"@id":"https:\/\/egyuttfejlodunk.hu\/#website"},"primaryImageOfPage":{"@id":"https:\/\/egyuttfejlodunk.hu\/?p=11845#primaryimage"},"image":{"@id":"https:\/\/egyuttfejlodunk.hu\/?p=11845#primaryimage"},"thumbnailUrl":"https:\/\/egyuttfejlodunk.hu\/wp-content\/uploads\/2026\/08\/SKY_7916.jpg","datePublished":"2026-06-29T10:59:20+00:00","dateModified":"2026-08-28T06:39:30+00:00","breadcrumb":{"@id":"https:\/\/egyuttfejlodunk.hu\/?p=11845#breadcrumb"},"inLanguage":"hu","potentialAction":[{"@type":"ReadAction","target":["https:\/\/egyuttfejlodunk.hu\/?p=11845"]}]},{"@type":"ImageObject","inLanguage":"hu","@id":"https:\/\/egyuttfejlodunk.hu\/?p=11845#primaryimage","url":"https:\/\/egyuttfejlodunk.hu\/wp-content\/uploads\/2026\/08\/SKY_7916.jpg","contentUrl":"https:\/\/egyuttfejlodunk.hu\/wp-content\/uploads\/2026\/08\/SKY_7916.jpg","width":1920,"height":1290},{"@type":"BreadcrumbList","@id":"https:\/\/egyuttfejlodunk.hu\/?p=11845#breadcrumb","itemListElement":[{"@type":"ListItem","position":1,"name":"Home","item":"https:\/\/egyuttfejlodunk.hu\/"},{"@type":"ListItem","position":2,"name":"Kalandd\u00e1 v\u00e1lik a gy\u00f3gyul\u00e1s"}]},{"@type":"WebSite","@id":"https:\/\/egyuttfejlodunk.hu\/#website","url":"https:\/\/egyuttfejlodunk.hu\/","name":"Egy\u00fctt fejl\u0151d\u00fcnk","description":"","publisher":{"@id":"https:\/\/egyuttfejlodunk.hu\/#organization"},"potentialAction":[{"@type":"SearchAction","target":{"@type":"EntryPoint","urlTemplate":"https:\/\/egyuttfejlodunk.hu\/?s={search_term_string}"},"query-input":{"@type":"PropertyValueSpecification","valueRequired":true,"valueName":"search_term_string"}}],"inLanguage":"hu"},{"@type":"Organization","@id":"https:\/\/egyuttfejlodunk.hu\/#organization","name":"Egy\u00fctt fejl\u0151d\u00fcnk","url":"https:\/\/egyuttfejlodunk.hu\/","logo":{"@type":"ImageObject","inLanguage":"hu","@id":"https:\/\/egyuttfejlodunk.hu\/#\/schema\/logo\/image\/","url":"https:\/\/egyuttfejlodunk.hu\/wp-content\/uploads\/2026\/04\/ujlogo.jpg","contentUrl":"https:\/\/egyuttfejlodunk.hu\/wp-content\/uploads\/2026\/04\/ujlogo.jpg","width":350,"height":110,"caption":"Egy\u00fctt fejl\u0151d\u00fcnk"},"image":{"@id":"https:\/\/egyuttfejlodunk.hu\/#\/schema\/logo\/image\/"}},{"@type":"Person","@id":"https:\/\/egyuttfejlodunk.hu\/#\/schema\/person\/94cc2e6bf0b14e6d5de3d603885ed8c5","name":"T\u00f3th Ferenc"}]}},"_links":{"self":[{"href":"https:\/\/egyuttfejlodunk.hu\/index.php?rest_route=\/wp\/v2\/posts\/11845","targetHints":{"allow":["GET"]}}],"collection":[{"href":"https:\/\/egyuttfejlodunk.hu\/index.php?rest_route=\/wp\/v2\/posts"}],"about":[{"href":"https:\/\/egyuttfejlodunk.hu\/index.php?rest_route=\/wp\/v2\/types\/post"}],"author":[{"embeddable":true,"href":"https:\/\/egyuttfejlodunk.hu\/index.php?rest_route=\/wp\/v2\/users\/30"}],"replies":[{"embeddable":true,"href":"https:\/\/egyuttfejlodunk.hu\/index.php?rest_route=%2Fwp%2Fv2%2Fcomments&post=11845"}],"version-history":[{"count":1,"href":"https:\/\/egyuttfejlodunk.hu\/index.php?rest_route=\/wp\/v2\/posts\/11845\/revisions"}],"predecessor-version":[{"id":11847,"href":"https:\/\/egyuttfejlodunk.hu\/index.php?rest_route=\/wp\/v2\/posts\/11845\/revisions\/11847"}],"wp:featuredmedia":[{"embeddable":true,"href":"https:\/\/egyuttfejlodunk.hu\/index.php?rest_route=\/wp\/v2\/media\/11846"}],"wp:attachment":[{"href":"https:\/\/egyuttfejlodunk.hu\/index.php?rest_route=%2Fwp%2Fv2%2Fmedia&parent=11845"}],"wp:term":[{"taxonomy":"category","embeddable":true,"href":"https:\/\/egyuttfejlodunk.hu\/index.php?rest_route=%2Fwp%2Fv2%2Fcategories&post=11845"},{"taxonomy":"post_tag","embeddable":true,"href":"https:\/\/egyuttfejlodunk.hu\/index.php?rest_route=%2Fwp%2Fv2%2Ftags&post=11845"},{"taxonomy":"megye","embeddable":true,"href":"https:\/\/egyuttfejlodunk.hu\/index.php?rest_route=%2Fwp%2Fv2%2Fmegye&post=11845"}],"curies":[{"name":"wp","href":"https:\/\/api.w.org\/{rel}","templated":true}]}}