{"id":11850,"date":"2026-07-01T12:13:27","date_gmt":"2026-07-01T10:13:27","guid":{"rendered":"https:\/\/egyuttfejlodunk.hu\/?p=11850"},"modified":"2026-08-28T08:38:51","modified_gmt":"2026-08-28T06:38:51","slug":"a-felszin-alatt-rejtozo-vilag-vedelmeben","status":"publish","type":"post","link":"https:\/\/egyuttfejlodunk.hu\/?p=11850","title":{"rendered":"A felsz\u00edn alatt rejt\u0151z\u0151 vil\u00e1g v\u00e9delm\u00e9ben"},"content":{"rendered":"\t\t<div data-elementor-type=\"wp-post\" data-elementor-id=\"11850\" class=\"elementor elementor-11850\" data-elementor-post-type=\"post\">\n\t\t\t\t<div class=\"elementor-element elementor-element-4b95d245 e-flex e-con-boxed e-con e-parent\" data-id=\"4b95d245\" data-element_type=\"container\" data-e-type=\"container\">\n\t\t\t\t\t<div class=\"e-con-inner\">\n\t\t\t\t<div class=\"elementor-element elementor-element-30407b42 elementor-widget elementor-widget-text-editor\" data-id=\"30407b42\" data-element_type=\"widget\" data-e-type=\"widget\" data-widget_type=\"text-editor.default\">\n\t\t\t\t\t\t\t\t\t<p><strong>Kir\u00e1ndul\u00e1s k\u00f6zben legt\u00f6bbsz\u00f6r a hegyek cs\u00facsait, a panor\u00e1m\u00e1t vagy a kis hangulatos erdei \u00f6sv\u00e9nyeket figyelj\u00fck. Pedig a l\u00e1bunk alatt egy m\u00e1sik, sokkal k\u00fcl\u00f6nlegesebb vil\u00e1g h\u00faz\u00f3dik meg, amely \u00e9vezredek \u00f3ta \u0151rzi haz\u00e1nk term\u00e9szeti \u00e9rt\u00e9keit. Ezeknek a f\u00f6ldalatti rejtett j\u00e1ratoknak \u00e9s barlangoknak a meg\u00f3v\u00e1s\u00e1ra indult \u00e1tfog\u00f3 term\u00e9szetv\u00e9delmi program a Duna-Ipoly Nemzeti Park ter\u00fclet\u00e9n. \u00a0\u00a0<\/strong><\/p><p>Nem kevesebb, mint tizenkilenc barlangot \u00e9s \u00f6t mesters\u00e9ges \u00fcreget \u00e9rintett a Gerecs\u00e9ben, a Pilisben, a V\u00e9rtesben, a Visegr\u00e1di hegys\u00e9gben \u00e9s a Bakonyban az a projekt, amelynek k\u00f6sz\u00f6nhet\u0151en siker\u00fclt hossz\u00fat\u00e1von biztos\u00edtani ezen egyed\u00fcl\u00e1ll\u00f3 helysz\u00ednek f\u00f6ldtani \u00e9s \u00e9l\u0151helyi \u00e9rt\u00e9keinek fennmarad\u00e1s\u00e1t, valamint helyre\u00e1ll\u00edtott\u00e1k a s\u00e9r\u00fclt ter\u00fcleteket is.<\/p><p>Az uni\u00f3s t\u00e1mogat\u00e1s\u00fa program egyik \u201ef\u0151szerepl\u0151i\u201d a denev\u00e9rek voltak, ugyanis t\u00f6bb, term\u00e9szetv\u00e9delmi szempontb\u00f3l is kiemelten \u00e9rt\u00e9kes faj \u00e9l itt a t\u00e9rs\u00e9gben. Sz\u00e1mukra n\u00e9lk\u00fcl\u00f6zhetetlen teleltet\u0151 \u00e9s szaporod\u00f3helyet ny\u00fajtanak a barlangok. Azonban a f\u00f6ldalatti vil\u00e1g sz\u00e1mos vesz\u00e9lynek van kit\u00e9ve. Az illet\u00e9ktelen behatol\u00e1s p\u00e9ld\u00e1ul nem csup\u00e1n a barlangok k\u00fcl\u00f6nleges k\u00e9pz\u0151dm\u00e9nyeiben okozhat k\u00e1rokat, hanem az ott \u00e9l\u0151 \u00e1llatokat is megzavarhatja. Ennek megel\u0151z\u00e9s\u00e9re alak\u00edtottak ki t\u00f6bb helysz\u00ednen biztons\u00e1gos \u201edenev\u00e9rbar\u00e1t\u201d lez\u00e1r\u00e1sokat, amelyek megakad\u00e1lyozz\u00e1k az emberek jogosulatlan bejut\u00e1s\u00e1t, szabad j\u00e1r\u00e1st biztos\u00edtanak a barlangok rep\u00fcl\u0151 lak\u00f3inak, hozz\u00e1j\u00e1rulva ahhoz, hogy ezek az \u00e9l\u0151helyek hossz\u00fat\u00e1von is zavartalanul szolg\u00e1lj\u00e1k a popul\u00e1ci\u00f3 fennmarad\u00e1s\u00e1t.<\/p><p>A szakemberek munk\u00e1j\u00e1t \u00faj l\u00e9tr\u00e1k, l\u00e9p\u0151vasak, k\u00f6telek \u00e9s egy\u00e9b biztons\u00e1gi elemek seg\u00edtik m\u00e1r, \u00edgy lehet\u0151v\u00e9 v\u00e1lt a barlangok rendszeres ellen\u0151rz\u00e9se, \u00e1llapotfelm\u00e9r\u00e9se \u00e9s a denev\u00e9r\u00e1llom\u00e1ny nyomon k\u00f6vet\u00e9se a term\u00e9szetes k\u00f6rnyezetet lehet\u0151 legkisebb m\u00e9rt\u00e9k\u0171 zavar\u00e1s\u00e1val.<\/p><p>A v\u00e9delem mellett az ismeretterjeszt\u00e9s is fontos szerepet kapott a programban. A dunaalm\u00e1si k\u0151fejt\u0151k ter\u00fclet\u00e9n egy \u00faj tan\u00f6sv\u00e9ny l\u00e9tes\u00fclt. Ritkas\u00e1gnak sz\u00e1m\u00edtanak az itt tal\u00e1lhat\u00f3 felt\u00e1rt geol\u00f3giai r\u00e9tegek \u00e9s a t\u00f6rt\u00e9nelmi jelent\u0151s\u00e9g\u0171, haz\u00e1nkban az egyik legnagyobb hossz\u00fas\u00e1gban fennmaradt r\u00f3mai \u00fat. Emellett a V\u00e9rtesi T\u00e1jv\u00e9delmi K\u00f6rzetben tucatnyi inform\u00e1ci\u00f3s t\u00e1bla seg\u00edti az arra l\u00e1togat\u00f3kat a term\u00e9szeti \u00e9rt\u00e9kek megismer\u00e9s\u00e9ben. A tervek k\u00f6z\u00f6tt szerepelt a barlangtani \u00e9s f\u00f6ldtani \u00e9rt\u00e9keket bemutat\u00f3 szeml\u00e9ltet\u0151 elemek kialak\u00edt\u00e1sa, illetve egy k\u00fcl\u00f6nleges barlangi j\u00e1t\u00e9k l\u00e9trehoz\u00e1sa is. A kezdem\u00e9nyez\u00e9snek k\u00f6sz\u00f6nhet\u0151en a l\u00e1togat\u00f3k nem csak megismerhetik, de meg is \u00e9rthetik, mi\u00e9rt fontos meg\u00f3vni ezeket a k\u00fcl\u00f6nleges helyeket.<\/p><p>A munk\u00e1latok sor\u00e1n term\u00e9szetesen arra is figyeltek, hogy a projekt a lehet\u0151 legkisebb terhel\u00e9st jelentse a term\u00e9szet sz\u00e1m\u00e1ra. A felhaszn\u00e1lt anyagok kiv\u00e1laszt\u00e1s\u00e1n\u00e1l \u00e9s a munkater\u00fcletek kijel\u00f6l\u00e9s\u00e9n\u00e9l, valamint a kivitelez\u00e9s m\u00f3dj\u00e1n\u00e1l egyar\u00e1nt els\u0151dleges szempont volt a term\u00e9szeti k\u00f6rnyezet v\u00e9delme.<\/p><p>Nem szabad elfelejten\u00fcnk ugyanis, hogy b\u00e1r a felsz\u00ednr\u0151l l\u00e1thatatlan a barlangok vil\u00e1ga, m\u00e9gis olyan \u00e9rt\u00e9keket rejtenek, amelyek meg\u0151rz\u00e9se k\u00f6z\u00f6s felel\u0151ss\u00e9g\u00fcnk. Ez az uni\u00f3s fejleszt\u00e9s \u00e9ppen abban seg\u00edtett, hogy a l\u00e1bunk alatt h\u00faz\u00f3d\u00f3 k\u00fcl\u00f6nleges vil\u00e1got a j\u00f6v\u0151 gener\u00e1ci\u00f3i sz\u00e1m\u00e1ra is \u00e9rintetlen\u00fcl hagyjuk \u00f6r\u00f6k\u00fcl.<\/p>\t\t\t\t\t\t\t\t<\/div>\n\t\t\t\t<div class=\"elementor-element elementor-element-63e2ad20 elementor-widget elementor-widget-gallery\" data-id=\"63e2ad20\" data-element_type=\"widget\" data-e-type=\"widget\" data-settings=\"{&quot;columns&quot;:3,&quot;lazyload&quot;:&quot;yes&quot;,&quot;gallery_layout&quot;:&quot;grid&quot;,&quot;columns_tablet&quot;:2,&quot;columns_mobile&quot;:1,&quot;gap&quot;:{&quot;unit&quot;:&quot;px&quot;,&quot;size&quot;:10,&quot;sizes&quot;:[]},&quot;gap_tablet&quot;:{&quot;unit&quot;:&quot;px&quot;,&quot;size&quot;:10,&quot;sizes&quot;:[]},&quot;gap_mobile&quot;:{&quot;unit&quot;:&quot;px&quot;,&quot;size&quot;:10,&quot;sizes&quot;:[]},&quot;link_to&quot;:&quot;file&quot;,&quot;aspect_ratio&quot;:&quot;3:2&quot;,&quot;overlay_background&quot;:&quot;yes&quot;,&quot;content_hover_animation&quot;:&quot;fade-in&quot;}\" data-widget_type=\"gallery.default\">\n\t\t\t\t\t\t\t<div class=\"elementor-gallery__container\">\n\t\t\t\t\t\t\t<a class=\"e-gallery-item elementor-gallery-item elementor-animated-content\" href=\"https:\/\/egyuttfejlodunk.hu\/wp-content\/uploads\/2026\/08\/02-1.jpg\" data-elementor-open-lightbox=\"yes\" data-elementor-lightbox-slideshow=\"63e2ad20\" data-e-action-hash=\"#elementor-action%3Aaction%3Dlightbox%26settings%3DeyJpZCI6MTE4NTMsInVybCI6Imh0dHBzOlwvXC9lZ3l1dHRmZWpsb2R1bmsuaHVcL3dwLWNvbnRlbnRcL3VwbG9hZHNcLzIwMjZcLzA4XC8wMi0xLmpwZyIsInNsaWRlc2hvdyI6IjYzZTJhZDIwIn0%3D\">\n\t\t\t\t\t<div class=\"e-gallery-image elementor-gallery-item__image\" data-thumbnail=\"https:\/\/egyuttfejlodunk.hu\/wp-content\/uploads\/2026\/08\/02-1-640x360.jpg\" data-width=\"640\" data-height=\"360\" aria-label=\"\" role=\"img\" ><\/div>\n\t\t\t\t\t\t\t\t\t\t\t<div class=\"elementor-gallery-item__overlay\"><\/div>\n\t\t\t\t\t\t\t\t\t\t\t\t\t\t<\/a>\n\t\t\t\t\t\t\t<a class=\"e-gallery-item elementor-gallery-item elementor-animated-content\" href=\"https:\/\/egyuttfejlodunk.hu\/wp-content\/uploads\/2026\/08\/21_KEHOP-410-15-2016-00009.jpg\" data-elementor-open-lightbox=\"yes\" data-elementor-lightbox-slideshow=\"63e2ad20\" data-e-action-hash=\"#elementor-action%3Aaction%3Dlightbox%26settings%3DeyJpZCI6MTE4NTQsInVybCI6Imh0dHBzOlwvXC9lZ3l1dHRmZWpsb2R1bmsuaHVcL3dwLWNvbnRlbnRcL3VwbG9hZHNcLzIwMjZcLzA4XC8yMV9LRUhPUC00MTAtMTUtMjAxNi0wMDAwOS5qcGciLCJzbGlkZXNob3ciOiI2M2UyYWQyMCJ9\">\n\t\t\t\t\t<div class=\"e-gallery-image elementor-gallery-item__image\" data-thumbnail=\"https:\/\/egyuttfejlodunk.hu\/wp-content\/uploads\/2026\/08\/21_KEHOP-410-15-2016-00009-640x853.jpg\" data-width=\"640\" data-height=\"853\" aria-label=\"\" role=\"img\" ><\/div>\n\t\t\t\t\t\t\t\t\t\t\t<div class=\"elementor-gallery-item__overlay\"><\/div>\n\t\t\t\t\t\t\t\t\t\t\t\t\t\t<\/a>\n\t\t\t\t\t\t\t<a class=\"e-gallery-item elementor-gallery-item elementor-animated-content\" href=\"https:\/\/egyuttfejlodunk.hu\/wp-content\/uploads\/2026\/08\/04.jpg\" data-elementor-open-lightbox=\"yes\" data-elementor-lightbox-slideshow=\"63e2ad20\" data-e-action-hash=\"#elementor-action%3Aaction%3Dlightbox%26settings%3DeyJpZCI6MTE4NTUsInVybCI6Imh0dHBzOlwvXC9lZ3l1dHRmZWpsb2R1bmsuaHVcL3dwLWNvbnRlbnRcL3VwbG9hZHNcLzIwMjZcLzA4XC8wNC5qcGciLCJzbGlkZXNob3ciOiI2M2UyYWQyMCJ9\">\n\t\t\t\t\t<div class=\"e-gallery-image elementor-gallery-item__image\" data-thumbnail=\"https:\/\/egyuttfejlodunk.hu\/wp-content\/uploads\/2026\/08\/04-640x960.jpg\" data-width=\"640\" data-height=\"960\" aria-label=\"\" role=\"img\" ><\/div>\n\t\t\t\t\t\t\t\t\t\t\t<div class=\"elementor-gallery-item__overlay\"><\/div>\n\t\t\t\t\t\t\t\t\t\t\t\t\t\t<\/a>\n\t\t\t\t\t<\/div>\n\t\t\t\t\t<\/div>\n\t\t\t\t<div class=\"elementor-element elementor-element-518a6928 elementor-widget elementor-widget-text-editor\" data-id=\"518a6928\" data-element_type=\"widget\" data-e-type=\"widget\" data-widget_type=\"text-editor.default\">\n\t\t\t\t\t\t\t\t\t<p>A program a KEHOP-4.1.0-15-2016-00009 projekt keret\u00e9ben, eur\u00f3pai uni\u00f3s forr\u00e1s bevon\u00e1s\u00e1val val\u00f3sult meg.<\/p><p>Tov\u00e1bbi r\u00e9szletek a t\u00e1mogatott projekt keres\u0151ben: <a class=\"tovabb\" href=\"https:\/\/www.palyazat.gov.hu\/eredmenyek\/tamogatott-projektek\/449730201\" target=\"_blank\" rel=\"noopener\">Tov\u00e1bb<\/a><\/p>\t\t\t\t\t\t\t\t<\/div>\n\t\t\t\t\t<\/div>\n\t\t\t\t<\/div>\n\t\t\t\t<\/div>\n\t\t","protected":false},"excerpt":{"rendered":"<p>Kir\u00e1ndul\u00e1s k\u00f6zben legt\u00f6bbsz\u00f6r a hegyek cs\u00facsait, a panor\u00e1m\u00e1t vagy a kis hangulatos erdei \u00f6sv\u00e9nyeket figyelj\u00fck. Pedig a l\u00e1bunk alatt egy m\u00e1sik, sokkal k\u00fcl\u00f6nlegesebb vil\u00e1g h\u00faz\u00f3dik meg, amely \u00e9vezredek \u00f3ta \u0151rzi haz\u00e1nk term\u00e9szeti \u00e9rt\u00e9keit. Ezeknek a f\u00f6ldalatti rejtett j\u00e1ratoknak \u00e9s barlangoknak a meg\u00f3v\u00e1s\u00e1ra indult \u00e1tfog\u00f3 term\u00e9szetv\u00e9delmi program a Duna-Ipoly Nemzeti Park ter\u00fclet\u00e9n. &nbsp;&nbsp; Nem kevesebb, mint tizenkilenc barlangot \u00e9s \u00f6t mesters\u00e9ges \u00fcreget \u00e9rintett a Gerecs\u00e9ben, a Pilisben, a V\u00e9rtesben, a Visegr\u00e1di hegys\u00e9gben \u00e9s a Bakonyban az&#8230;<\/p>\n","protected":false},"author":30,"featured_media":11851,"comment_status":"closed","ping_status":"closed","sticky":false,"template":"","format":"standard","meta":{"_acf_changed":false,"ngg_post_thumbnail":0,"footnotes":""},"categories":[162],"tags":[451,455,453],"megye":[1126],"class_list":["post-11850","post","type-post","status-publish","format-standard","has-post-thumbnail","hentry","category-kehop-hu","tag-elohelyfejlesztes","tag-okologia","tag-termeszetvedelem","megye-komarom-esztergom-megye"],"acf":[],"yoast_head":"<!-- This site is optimized with the Yoast SEO Premium plugin v28.4 (Yoast SEO v28.4) - https:\/\/yoast.com\/product\/yoast-seo-premium-wordpress\/ -->\n<title>A felsz\u00edn alatt rejt\u0151z\u0151 vil\u00e1g v\u00e9delm\u00e9ben - Egy\u00fctt fejl\u0151d\u00fcnk<\/title>\n<meta name=\"robots\" content=\"noindex, follow, max-snippet:-1, max-image-preview:large, max-video-preview:-1\" \/>\n<meta property=\"og:locale\" content=\"hu_HU\" \/>\n<meta property=\"og:type\" content=\"article\" \/>\n<meta property=\"og:title\" content=\"A felsz\u00edn alatt rejt\u0151z\u0151 vil\u00e1g v\u00e9delm\u00e9ben\" \/>\n<meta property=\"og:description\" content=\"Kir\u00e1ndul\u00e1s k\u00f6zben legt\u00f6bbsz\u00f6r a hegyek cs\u00facsait, a panor\u00e1m\u00e1t vagy a kis hangulatos erdei \u00f6sv\u00e9nyeket figyelj\u00fck. Pedig a l\u00e1bunk alatt egy m\u00e1sik, sokkal k\u00fcl\u00f6nlegesebb vil\u00e1g h\u00faz\u00f3dik meg, amely \u00e9vezredek \u00f3ta \u0151rzi haz\u00e1nk term\u00e9szeti \u00e9rt\u00e9keit. Ezeknek a f\u00f6ldalatti rejtett j\u00e1ratoknak \u00e9s barlangoknak a meg\u00f3v\u00e1s\u00e1ra indult \u00e1tfog\u00f3 term\u00e9szetv\u00e9delmi program a Duna-Ipoly Nemzeti Park ter\u00fclet\u00e9n. &nbsp;&nbsp; Nem kevesebb, mint tizenkilenc barlangot \u00e9s \u00f6t mesters\u00e9ges \u00fcreget \u00e9rintett a Gerecs\u00e9ben, a Pilisben, a V\u00e9rtesben, a Visegr\u00e1di hegys\u00e9gben \u00e9s a Bakonyban az...\" \/>\n<meta property=\"og:url\" content=\"https:\/\/egyuttfejlodunk.hu\/?p=11850\" \/>\n<meta property=\"og:site_name\" content=\"Egy\u00fctt fejl\u0151d\u00fcnk\" \/>\n<meta property=\"article:published_time\" content=\"2026-07-01T10:13:27+00:00\" \/>\n<meta property=\"article:modified_time\" content=\"2026-08-28T06:38:51+00:00\" \/>\n<meta property=\"og:image\" content=\"https:\/\/egyuttfejlodunk.hu\/wp-content\/uploads\/2026\/08\/dunaalmasi-tanosveny-1.jpg\" \/>\n\t<meta property=\"og:image:width\" content=\"1920\" \/>\n\t<meta property=\"og:image:height\" content=\"905\" \/>\n\t<meta property=\"og:image:type\" content=\"image\/jpeg\" \/>\n<meta name=\"author\" content=\"T\u00f3th Ferenc\" \/>\n<meta name=\"twitter:card\" content=\"summary_large_image\" \/>\n<meta name=\"twitter:label1\" content=\"Szerz\u0151:\" \/>\n\t<meta name=\"twitter:data1\" content=\"T\u00f3th Ferenc\" \/>\n\t<meta name=\"twitter:label2\" content=\"Becs\u00fclt olvas\u00e1si id\u0151\" \/>\n\t<meta name=\"twitter:data2\" content=\"3 perc\" \/>\n<script type=\"application\/ld+json\" class=\"yoast-schema-graph\">{\"@context\":\"https:\\\/\\\/schema.org\",\"@graph\":[{\"@type\":\"Article\",\"@id\":\"https:\\\/\\\/egyuttfejlodunk.hu\\\/?p=11850#article\",\"isPartOf\":{\"@id\":\"https:\\\/\\\/egyuttfejlodunk.hu\\\/?p=11850\"},\"author\":{\"name\":\"T\u00f3th Ferenc\",\"@id\":\"https:\\\/\\\/egyuttfejlodunk.hu\\\/#\\\/schema\\\/person\\\/94cc2e6bf0b14e6d5de3d603885ed8c5\"},\"headline\":\"A felsz\u00edn alatt rejt\u0151z\u0151 vil\u00e1g v\u00e9delm\u00e9ben\",\"datePublished\":\"2026-07-01T10:13:27+00:00\",\"dateModified\":\"2026-08-28T06:38:51+00:00\",\"mainEntityOfPage\":{\"@id\":\"https:\\\/\\\/egyuttfejlodunk.hu\\\/?p=11850\"},\"wordCount\":710,\"publisher\":{\"@id\":\"https:\\\/\\\/egyuttfejlodunk.hu\\\/#organization\"},\"image\":{\"@id\":\"https:\\\/\\\/egyuttfejlodunk.hu\\\/?p=11850#primaryimage\"},\"thumbnailUrl\":\"https:\\\/\\\/egyuttfejlodunk.hu\\\/wp-content\\\/uploads\\\/2026\\\/08\\\/dunaalmasi-tanosveny-1.jpg\",\"keywords\":[\"\u00e9l\u0151helyfejleszt\u00e9s\",\"\u00f6kol\u00f3gia\",\"term\u00e9szetv\u00e9delem\"],\"articleSection\":[\"Kehop\"],\"inLanguage\":\"hu\"},{\"@type\":\"WebPage\",\"@id\":\"https:\\\/\\\/egyuttfejlodunk.hu\\\/?p=11850\",\"url\":\"https:\\\/\\\/egyuttfejlodunk.hu\\\/?p=11850\",\"name\":\"A felsz\u00edn alatt rejt\u0151z\u0151 vil\u00e1g v\u00e9delm\u00e9ben - Egy\u00fctt fejl\u0151d\u00fcnk\",\"isPartOf\":{\"@id\":\"https:\\\/\\\/egyuttfejlodunk.hu\\\/#website\"},\"primaryImageOfPage\":{\"@id\":\"https:\\\/\\\/egyuttfejlodunk.hu\\\/?p=11850#primaryimage\"},\"image\":{\"@id\":\"https:\\\/\\\/egyuttfejlodunk.hu\\\/?p=11850#primaryimage\"},\"thumbnailUrl\":\"https:\\\/\\\/egyuttfejlodunk.hu\\\/wp-content\\\/uploads\\\/2026\\\/08\\\/dunaalmasi-tanosveny-1.jpg\",\"datePublished\":\"2026-07-01T10:13:27+00:00\",\"dateModified\":\"2026-08-28T06:38:51+00:00\",\"breadcrumb\":{\"@id\":\"https:\\\/\\\/egyuttfejlodunk.hu\\\/?p=11850#breadcrumb\"},\"inLanguage\":\"hu\",\"potentialAction\":[{\"@type\":\"ReadAction\",\"target\":[\"https:\\\/\\\/egyuttfejlodunk.hu\\\/?p=11850\"]}]},{\"@type\":\"ImageObject\",\"inLanguage\":\"hu\",\"@id\":\"https:\\\/\\\/egyuttfejlodunk.hu\\\/?p=11850#primaryimage\",\"url\":\"https:\\\/\\\/egyuttfejlodunk.hu\\\/wp-content\\\/uploads\\\/2026\\\/08\\\/dunaalmasi-tanosveny-1.jpg\",\"contentUrl\":\"https:\\\/\\\/egyuttfejlodunk.hu\\\/wp-content\\\/uploads\\\/2026\\\/08\\\/dunaalmasi-tanosveny-1.jpg\",\"width\":1920,\"height\":905},{\"@type\":\"BreadcrumbList\",\"@id\":\"https:\\\/\\\/egyuttfejlodunk.hu\\\/?p=11850#breadcrumb\",\"itemListElement\":[{\"@type\":\"ListItem\",\"position\":1,\"name\":\"Home\",\"item\":\"https:\\\/\\\/egyuttfejlodunk.hu\\\/\"},{\"@type\":\"ListItem\",\"position\":2,\"name\":\"A felsz\u00edn alatt rejt\u0151z\u0151 vil\u00e1g v\u00e9delm\u00e9ben\"}]},{\"@type\":\"WebSite\",\"@id\":\"https:\\\/\\\/egyuttfejlodunk.hu\\\/#website\",\"url\":\"https:\\\/\\\/egyuttfejlodunk.hu\\\/\",\"name\":\"Egy\u00fctt fejl\u0151d\u00fcnk\",\"description\":\"\",\"publisher\":{\"@id\":\"https:\\\/\\\/egyuttfejlodunk.hu\\\/#organization\"},\"potentialAction\":[{\"@type\":\"SearchAction\",\"target\":{\"@type\":\"EntryPoint\",\"urlTemplate\":\"https:\\\/\\\/egyuttfejlodunk.hu\\\/?s={search_term_string}\"},\"query-input\":{\"@type\":\"PropertyValueSpecification\",\"valueRequired\":true,\"valueName\":\"search_term_string\"}}],\"inLanguage\":\"hu\"},{\"@type\":\"Organization\",\"@id\":\"https:\\\/\\\/egyuttfejlodunk.hu\\\/#organization\",\"name\":\"Egy\u00fctt fejl\u0151d\u00fcnk\",\"url\":\"https:\\\/\\\/egyuttfejlodunk.hu\\\/\",\"logo\":{\"@type\":\"ImageObject\",\"inLanguage\":\"hu\",\"@id\":\"https:\\\/\\\/egyuttfejlodunk.hu\\\/#\\\/schema\\\/logo\\\/image\\\/\",\"url\":\"https:\\\/\\\/egyuttfejlodunk.hu\\\/wp-content\\\/uploads\\\/2026\\\/04\\\/ujlogo.jpg\",\"contentUrl\":\"https:\\\/\\\/egyuttfejlodunk.hu\\\/wp-content\\\/uploads\\\/2026\\\/04\\\/ujlogo.jpg\",\"width\":350,\"height\":110,\"caption\":\"Egy\u00fctt fejl\u0151d\u00fcnk\"},\"image\":{\"@id\":\"https:\\\/\\\/egyuttfejlodunk.hu\\\/#\\\/schema\\\/logo\\\/image\\\/\"}},{\"@type\":\"Person\",\"@id\":\"https:\\\/\\\/egyuttfejlodunk.hu\\\/#\\\/schema\\\/person\\\/94cc2e6bf0b14e6d5de3d603885ed8c5\",\"name\":\"T\u00f3th Ferenc\"}]}<\/script>\n<!-- \/ Yoast SEO Premium plugin. -->","yoast_head_json":{"title":"A felsz\u00edn alatt rejt\u0151z\u0151 vil\u00e1g v\u00e9delm\u00e9ben - Egy\u00fctt fejl\u0151d\u00fcnk","robots":{"index":"noindex","follow":"follow","max-snippet":"max-snippet:-1","max-image-preview":"max-image-preview:large","max-video-preview":"max-video-preview:-1"},"og_locale":"hu_HU","og_type":"article","og_title":"A felsz\u00edn alatt rejt\u0151z\u0151 vil\u00e1g v\u00e9delm\u00e9ben","og_description":"Kir\u00e1ndul\u00e1s k\u00f6zben legt\u00f6bbsz\u00f6r a hegyek cs\u00facsait, a panor\u00e1m\u00e1t vagy a kis hangulatos erdei \u00f6sv\u00e9nyeket figyelj\u00fck. Pedig a l\u00e1bunk alatt egy m\u00e1sik, sokkal k\u00fcl\u00f6nlegesebb vil\u00e1g h\u00faz\u00f3dik meg, amely \u00e9vezredek \u00f3ta \u0151rzi haz\u00e1nk term\u00e9szeti \u00e9rt\u00e9keit. Ezeknek a f\u00f6ldalatti rejtett j\u00e1ratoknak \u00e9s barlangoknak a meg\u00f3v\u00e1s\u00e1ra indult \u00e1tfog\u00f3 term\u00e9szetv\u00e9delmi program a Duna-Ipoly Nemzeti Park ter\u00fclet\u00e9n. &nbsp;&nbsp; Nem kevesebb, mint tizenkilenc barlangot \u00e9s \u00f6t mesters\u00e9ges \u00fcreget \u00e9rintett a Gerecs\u00e9ben, a Pilisben, a V\u00e9rtesben, a Visegr\u00e1di hegys\u00e9gben \u00e9s a Bakonyban az...","og_url":"https:\/\/egyuttfejlodunk.hu\/?p=11850","og_site_name":"Egy\u00fctt fejl\u0151d\u00fcnk","article_published_time":"2026-07-01T10:13:27+00:00","article_modified_time":"2026-08-28T06:38:51+00:00","og_image":[{"width":1920,"height":905,"url":"https:\/\/egyuttfejlodunk.hu\/wp-content\/uploads\/2026\/08\/dunaalmasi-tanosveny-1.jpg","type":"image\/jpeg"}],"author":"T\u00f3th Ferenc","twitter_card":"summary_large_image","twitter_misc":{"Szerz\u0151:":"T\u00f3th Ferenc","Becs\u00fclt olvas\u00e1si id\u0151":"3 perc"},"schema":{"@context":"https:\/\/schema.org","@graph":[{"@type":"Article","@id":"https:\/\/egyuttfejlodunk.hu\/?p=11850#article","isPartOf":{"@id":"https:\/\/egyuttfejlodunk.hu\/?p=11850"},"author":{"name":"T\u00f3th Ferenc","@id":"https:\/\/egyuttfejlodunk.hu\/#\/schema\/person\/94cc2e6bf0b14e6d5de3d603885ed8c5"},"headline":"A felsz\u00edn alatt rejt\u0151z\u0151 vil\u00e1g v\u00e9delm\u00e9ben","datePublished":"2026-07-01T10:13:27+00:00","dateModified":"2026-08-28T06:38:51+00:00","mainEntityOfPage":{"@id":"https:\/\/egyuttfejlodunk.hu\/?p=11850"},"wordCount":710,"publisher":{"@id":"https:\/\/egyuttfejlodunk.hu\/#organization"},"image":{"@id":"https:\/\/egyuttfejlodunk.hu\/?p=11850#primaryimage"},"thumbnailUrl":"https:\/\/egyuttfejlodunk.hu\/wp-content\/uploads\/2026\/08\/dunaalmasi-tanosveny-1.jpg","keywords":["\u00e9l\u0151helyfejleszt\u00e9s","\u00f6kol\u00f3gia","term\u00e9szetv\u00e9delem"],"articleSection":["Kehop"],"inLanguage":"hu"},{"@type":"WebPage","@id":"https:\/\/egyuttfejlodunk.hu\/?p=11850","url":"https:\/\/egyuttfejlodunk.hu\/?p=11850","name":"A felsz\u00edn alatt rejt\u0151z\u0151 vil\u00e1g v\u00e9delm\u00e9ben - Egy\u00fctt fejl\u0151d\u00fcnk","isPartOf":{"@id":"https:\/\/egyuttfejlodunk.hu\/#website"},"primaryImageOfPage":{"@id":"https:\/\/egyuttfejlodunk.hu\/?p=11850#primaryimage"},"image":{"@id":"https:\/\/egyuttfejlodunk.hu\/?p=11850#primaryimage"},"thumbnailUrl":"https:\/\/egyuttfejlodunk.hu\/wp-content\/uploads\/2026\/08\/dunaalmasi-tanosveny-1.jpg","datePublished":"2026-07-01T10:13:27+00:00","dateModified":"2026-08-28T06:38:51+00:00","breadcrumb":{"@id":"https:\/\/egyuttfejlodunk.hu\/?p=11850#breadcrumb"},"inLanguage":"hu","potentialAction":[{"@type":"ReadAction","target":["https:\/\/egyuttfejlodunk.hu\/?p=11850"]}]},{"@type":"ImageObject","inLanguage":"hu","@id":"https:\/\/egyuttfejlodunk.hu\/?p=11850#primaryimage","url":"https:\/\/egyuttfejlodunk.hu\/wp-content\/uploads\/2026\/08\/dunaalmasi-tanosveny-1.jpg","contentUrl":"https:\/\/egyuttfejlodunk.hu\/wp-content\/uploads\/2026\/08\/dunaalmasi-tanosveny-1.jpg","width":1920,"height":905},{"@type":"BreadcrumbList","@id":"https:\/\/egyuttfejlodunk.hu\/?p=11850#breadcrumb","itemListElement":[{"@type":"ListItem","position":1,"name":"Home","item":"https:\/\/egyuttfejlodunk.hu\/"},{"@type":"ListItem","position":2,"name":"A felsz\u00edn alatt rejt\u0151z\u0151 vil\u00e1g v\u00e9delm\u00e9ben"}]},{"@type":"WebSite","@id":"https:\/\/egyuttfejlodunk.hu\/#website","url":"https:\/\/egyuttfejlodunk.hu\/","name":"Egy\u00fctt fejl\u0151d\u00fcnk","description":"","publisher":{"@id":"https:\/\/egyuttfejlodunk.hu\/#organization"},"potentialAction":[{"@type":"SearchAction","target":{"@type":"EntryPoint","urlTemplate":"https:\/\/egyuttfejlodunk.hu\/?s={search_term_string}"},"query-input":{"@type":"PropertyValueSpecification","valueRequired":true,"valueName":"search_term_string"}}],"inLanguage":"hu"},{"@type":"Organization","@id":"https:\/\/egyuttfejlodunk.hu\/#organization","name":"Egy\u00fctt fejl\u0151d\u00fcnk","url":"https:\/\/egyuttfejlodunk.hu\/","logo":{"@type":"ImageObject","inLanguage":"hu","@id":"https:\/\/egyuttfejlodunk.hu\/#\/schema\/logo\/image\/","url":"https:\/\/egyuttfejlodunk.hu\/wp-content\/uploads\/2026\/04\/ujlogo.jpg","contentUrl":"https:\/\/egyuttfejlodunk.hu\/wp-content\/uploads\/2026\/04\/ujlogo.jpg","width":350,"height":110,"caption":"Egy\u00fctt fejl\u0151d\u00fcnk"},"image":{"@id":"https:\/\/egyuttfejlodunk.hu\/#\/schema\/logo\/image\/"}},{"@type":"Person","@id":"https:\/\/egyuttfejlodunk.hu\/#\/schema\/person\/94cc2e6bf0b14e6d5de3d603885ed8c5","name":"T\u00f3th Ferenc"}]}},"_links":{"self":[{"href":"https:\/\/egyuttfejlodunk.hu\/index.php?rest_route=\/wp\/v2\/posts\/11850","targetHints":{"allow":["GET"]}}],"collection":[{"href":"https:\/\/egyuttfejlodunk.hu\/index.php?rest_route=\/wp\/v2\/posts"}],"about":[{"href":"https:\/\/egyuttfejlodunk.hu\/index.php?rest_route=\/wp\/v2\/types\/post"}],"author":[{"embeddable":true,"href":"https:\/\/egyuttfejlodunk.hu\/index.php?rest_route=\/wp\/v2\/users\/30"}],"replies":[{"embeddable":true,"href":"https:\/\/egyuttfejlodunk.hu\/index.php?rest_route=%2Fwp%2Fv2%2Fcomments&post=11850"}],"version-history":[{"count":5,"href":"https:\/\/egyuttfejlodunk.hu\/index.php?rest_route=\/wp\/v2\/posts\/11850\/revisions"}],"predecessor-version":[{"id":12059,"href":"https:\/\/egyuttfejlodunk.hu\/index.php?rest_route=\/wp\/v2\/posts\/11850\/revisions\/12059"}],"wp:featuredmedia":[{"embeddable":true,"href":"https:\/\/egyuttfejlodunk.hu\/index.php?rest_route=\/wp\/v2\/media\/11851"}],"wp:attachment":[{"href":"https:\/\/egyuttfejlodunk.hu\/index.php?rest_route=%2Fwp%2Fv2%2Fmedia&parent=11850"}],"wp:term":[{"taxonomy":"category","embeddable":true,"href":"https:\/\/egyuttfejlodunk.hu\/index.php?rest_route=%2Fwp%2Fv2%2Fcategories&post=11850"},{"taxonomy":"post_tag","embeddable":true,"href":"https:\/\/egyuttfejlodunk.hu\/index.php?rest_route=%2Fwp%2Fv2%2Ftags&post=11850"},{"taxonomy":"megye","embeddable":true,"href":"https:\/\/egyuttfejlodunk.hu\/index.php?rest_route=%2Fwp%2Fv2%2Fmegye&post=11850"}],"curies":[{"name":"wp","href":"https:\/\/api.w.org\/{rel}","templated":true}]}}