{"id":11864,"date":"2026-07-03T10:15:09","date_gmt":"2026-07-03T08:15:09","guid":{"rendered":"https:\/\/egyuttfejlodunk.hu\/?p=11864"},"modified":"2026-08-28T08:37:22","modified_gmt":"2026-08-28T06:37:22","slug":"regi-teruletbol-uj-ertek-moron","status":"publish","type":"post","link":"https:\/\/egyuttfejlodunk.hu\/?p=11864","title":{"rendered":"R\u00e9gi ter\u00fcletb\u0151l \u00faj \u00e9rt\u00e9k M\u00f3ron"},"content":{"rendered":"\t\t<div data-elementor-type=\"wp-post\" data-elementor-id=\"11864\" class=\"elementor elementor-11864\" data-elementor-post-type=\"post\">\n\t\t\t\t<div class=\"elementor-element elementor-element-4ff53ae9 e-flex e-con-boxed e-con e-parent\" data-id=\"4ff53ae9\" data-element_type=\"container\" data-e-type=\"container\">\n\t\t\t\t\t<div class=\"e-con-inner\">\n\t\t\t\t<div class=\"elementor-element elementor-element-195ab371 elementor-widget elementor-widget-text-editor\" data-id=\"195ab371\" data-element_type=\"widget\" data-e-type=\"widget\" data-widget_type=\"text-editor.default\">\n\t\t\t\t\t\t\t\t\t<p><strong>Az orsz\u00e1gban szinte minden v\u00e1rosnak vannak olyan r\u00e9szei, amelyek az id\u0151 m\u00fal\u00e1s\u00e1val fokozatosan elvesz\u00edtett\u00e9k gazdas\u00e1gi, turisztikai vagy k\u00f6z\u00f6ss\u00e9gi jelent\u0151s\u00e9g\u00fcket. Ez al\u00f3l M\u00f3r sem volt kiv\u00e9tel. Azonban a telep\u00fcl\u00e9s egyik kor\u00e1bban alulhasznos\u00edtott ter\u00fclete ma m\u00e1r korszer\u0171, fenntarthat\u00f3 v\u00e1rosr\u00e9szk\u00e9nt v\u00e1rja a helyieket \u00e9s az ide \u00e9rkez\u0151ket.<\/strong><\/p><p>M\u00f3r neve sokaknak a borvid\u00e9ket \u00e9s a t\u00f6rt\u00e9nelmi l\u00e1tnival\u00f3kat id\u00e9zi, de az els\u0151 benyom\u00e1st gyakran maga a telep\u00fcl\u00e9s hangulata, rendezetts\u00e9ge adja. Az uni\u00f3s t\u00e1mogat\u00e1sb\u00f3l megval\u00f3sult projekt egy olyan v\u00e1rosr\u00e9szt \u00e9rintett, amely a m\u00e1r m\u0171k\u00f6d\u0151 piac k\u00f6rnyezet\u00e9ben \u00e9s barnamez\u0151s ter\u00fcleteken k\u00edn\u00e1lt alapot a meg\u00fajul\u00e1sra. A c\u00e9l az volt, hogy az egys\u00e9gesebb, vonz\u00f3bb v\u00e1rosk\u00e9p l\u00e9trej\u00f6tt\u00e9n t\u00fal a belv\u00e1ros szolg\u00e1ltat\u00e1sai is b\u0151v\u00fcljenek.<\/p><p>Az uni\u00f3s forr\u00e1snak k\u00f6sz\u00f6nhet\u0151en \u00faj \u00fczlet- \u00e9s irodahelyis\u00e9gek ny\u00edltak, amelyek t\u00f6bb lehet\u0151s\u00e9get adnak a helyi v\u00e1llalkoz\u00e1soknak, \u00e9s vonz\u00f3bb\u00e1 tehetik M\u00f3rt az \u00faj befektet\u0151k, szolg\u00e1ltat\u00f3k \u00e9s fiatal v\u00e1llalkoz\u00f3k sz\u00e1m\u00e1ra is. Meg\u00fajultak a k\u00f6zter\u00fcletek, k\u00e9nyelmes gyalogos \u00fatvonalak \u00e9p\u00fcltek, z\u00f6ldfel\u00fcletek \u00e9s modern utcab\u00fatorok teszik bar\u00e1ts\u00e1gosabb\u00e1 a k\u00f6rnyezetet. Az energiatakar\u00e9kos k\u00f6zvil\u00e1g\u00edt\u00e1snak \u00e9s az akad\u00e1lymentes\u00edt\u00e9snek k\u00f6sz\u00f6nhet\u0151en a v\u00e1rosr\u00e9sz eszt\u00e9tikusabb, biztons\u00e1gosabb \u00e9s k\u00f6nnyebben el\u00e9rhet\u0151v\u00e9 v\u00e1lt. A rendezett v\u00e1rosk\u00e9p turisztikai szempontb\u00f3l is sokat jelent. Egy ig\u00e9nyes belv\u00e1ros arra \u00f6szt\u00f6n\u00f6zheti a l\u00e1togat\u00f3kat, hogy hosszabb id\u0151t t\u00f6ltsenek el a v\u00e1rosban, bet\u00e9rjenek a helyi \u00fczletekbe \u00e9s vend\u00e9gl\u00e1t\u00f3helyekre, \u00edgy az ilyen fejleszt\u00e9sek k\u00f6zvetve t\u00f6bb szektornak is kedveznek.<\/p><p>M\u00f3ron egy kor\u00e1bban kihaszn\u00e1latlan ter\u00fcletb\u0151l olyan v\u00e1rosi t\u00e9r sz\u00fcletett, amely egyszerre szolg\u00e1lja a lak\u00f3kat, t\u00e1mogatja a v\u00e1llalkoz\u00e1sokat \u00e9s vonz\u00f3bb\u00e1 teszi a telep\u00fcl\u00e9st a l\u00e1togat\u00f3k sz\u00e1m\u00e1ra.<\/p>\t\t\t\t\t\t\t\t<\/div>\n\t\t\t\t<div class=\"elementor-element elementor-element-47e0c8d4 elementor-widget elementor-widget-gallery\" data-id=\"47e0c8d4\" data-element_type=\"widget\" data-e-type=\"widget\" data-settings=\"{&quot;columns&quot;:3,&quot;lazyload&quot;:&quot;yes&quot;,&quot;gallery_layout&quot;:&quot;grid&quot;,&quot;columns_tablet&quot;:2,&quot;columns_mobile&quot;:1,&quot;gap&quot;:{&quot;unit&quot;:&quot;px&quot;,&quot;size&quot;:10,&quot;sizes&quot;:[]},&quot;gap_tablet&quot;:{&quot;unit&quot;:&quot;px&quot;,&quot;size&quot;:10,&quot;sizes&quot;:[]},&quot;gap_mobile&quot;:{&quot;unit&quot;:&quot;px&quot;,&quot;size&quot;:10,&quot;sizes&quot;:[]},&quot;link_to&quot;:&quot;file&quot;,&quot;aspect_ratio&quot;:&quot;3:2&quot;,&quot;overlay_background&quot;:&quot;yes&quot;,&quot;content_hover_animation&quot;:&quot;fade-in&quot;}\" data-widget_type=\"gallery.default\">\n\t\t\t\t\t\t\t<div class=\"elementor-gallery__container\">\n\t\t\t\t\t\t\t<a class=\"e-gallery-item elementor-gallery-item elementor-animated-content\" href=\"https:\/\/egyuttfejlodunk.hu\/wp-content\/uploads\/2026\/08\/TOP-2.1.1-15-FE1-2016-00004-Barnamezos-teruletek-rehabilitacioja-Mor-Varosaban2.jpg\" data-elementor-open-lightbox=\"yes\" data-elementor-lightbox-slideshow=\"47e0c8d4\" data-e-action-hash=\"#elementor-action%3Aaction%3Dlightbox%26settings%3DeyJpZCI6MTE4NjcsInVybCI6Imh0dHBzOlwvXC9lZ3l1dHRmZWpsb2R1bmsuaHVcL3dwLWNvbnRlbnRcL3VwbG9hZHNcLzIwMjZcLzA4XC9UT1AtMi4xLjEtMTUtRkUxLTIwMTYtMDAwMDQtQmFybmFtZXpvcy10ZXJ1bGV0ZWstcmVoYWJpbGl0YWNpb2phLU1vci1WYXJvc2FiYW4yLmpwZyIsInNsaWRlc2hvdyI6IjQ3ZTBjOGQ0In0%3D\">\n\t\t\t\t\t<div class=\"e-gallery-image elementor-gallery-item__image\" data-thumbnail=\"https:\/\/egyuttfejlodunk.hu\/wp-content\/uploads\/2026\/08\/TOP-2.1.1-15-FE1-2016-00004-Barnamezos-teruletek-rehabilitacioja-Mor-Varosaban2-640x427.jpg\" data-width=\"640\" data-height=\"427\" aria-label=\"\" role=\"img\" ><\/div>\n\t\t\t\t\t\t\t\t\t\t\t<div class=\"elementor-gallery-item__overlay\"><\/div>\n\t\t\t\t\t\t\t\t\t\t\t\t\t\t<\/a>\n\t\t\t\t\t\t\t<a class=\"e-gallery-item elementor-gallery-item elementor-animated-content\" href=\"https:\/\/egyuttfejlodunk.hu\/wp-content\/uploads\/2026\/08\/TOP-2.1.1-15-FE1-2016-00004-Barnamezos-teruletek-rehabilitacioja-Mor-Varosaban3.jpg\" data-elementor-open-lightbox=\"yes\" data-elementor-lightbox-slideshow=\"47e0c8d4\" data-e-action-hash=\"#elementor-action%3Aaction%3Dlightbox%26settings%3DeyJpZCI6MTE4NjgsInVybCI6Imh0dHBzOlwvXC9lZ3l1dHRmZWpsb2R1bmsuaHVcL3dwLWNvbnRlbnRcL3VwbG9hZHNcLzIwMjZcLzA4XC9UT1AtMi4xLjEtMTUtRkUxLTIwMTYtMDAwMDQtQmFybmFtZXpvcy10ZXJ1bGV0ZWstcmVoYWJpbGl0YWNpb2phLU1vci1WYXJvc2FiYW4zLmpwZyIsInNsaWRlc2hvdyI6IjQ3ZTBjOGQ0In0%3D\">\n\t\t\t\t\t<div class=\"e-gallery-image elementor-gallery-item__image\" data-thumbnail=\"https:\/\/egyuttfejlodunk.hu\/wp-content\/uploads\/2026\/08\/TOP-2.1.1-15-FE1-2016-00004-Barnamezos-teruletek-rehabilitacioja-Mor-Varosaban3-640x427.jpg\" data-width=\"640\" data-height=\"427\" aria-label=\"\" role=\"img\" ><\/div>\n\t\t\t\t\t\t\t\t\t\t\t<div class=\"elementor-gallery-item__overlay\"><\/div>\n\t\t\t\t\t\t\t\t\t\t\t\t\t\t<\/a>\n\t\t\t\t\t<\/div>\n\t\t\t\t\t<\/div>\n\t\t\t\t<div class=\"elementor-element elementor-element-428f0284 elementor-widget elementor-widget-text-editor\" data-id=\"428f0284\" data-element_type=\"widget\" data-e-type=\"widget\" data-widget_type=\"text-editor.default\">\n\t\t\t\t\t\t\t\t\t<p>A program a TOP-2.1.1-15-FE1-2016-00004 azonos\u00edt\u00f3 projekt keret\u00e9ben, eur\u00f3pai uni\u00f3s forr\u00e1s bevon\u00e1s\u00e1val val\u00f3sult meg.<\/p><p>Tov\u00e1bbi r\u00e9szletek a t\u00e1mogatott projekt keres\u0151ben:\u00a0<a class=\"tovabb\" href=\"https:\/\/www.palyazat.gov.hu\/eredmenyek\/tamogatott-projektek\/702520201\" target=\"_blank\" rel=\"noopener\">Tov\u00e1bb<\/a><\/p>\t\t\t\t\t\t\t\t<\/div>\n\t\t\t\t\t<\/div>\n\t\t\t\t<\/div>\n\t\t\t\t<\/div>\n\t\t","protected":false},"excerpt":{"rendered":"<p>Az orsz\u00e1gban szinte minden v\u00e1rosnak vannak olyan r\u00e9szei, amelyek az id\u0151 m\u00fal\u00e1s\u00e1val fokozatosan elvesz\u00edtett\u00e9k gazdas\u00e1gi, turisztikai vagy k\u00f6z\u00f6ss\u00e9gi jelent\u0151s\u00e9g\u00fcket. Ez al\u00f3l M\u00f3r sem volt kiv\u00e9tel. Azonban a telep\u00fcl\u00e9s egyik kor\u00e1bban alulhasznos\u00edtott ter\u00fclete ma m\u00e1r korszer\u0171, fenntarthat\u00f3 v\u00e1rosr\u00e9szk\u00e9nt v\u00e1rja a helyieket \u00e9s az ide \u00e9rkez\u0151ket. M\u00f3r neve sokaknak a borvid\u00e9ket \u00e9s a t\u00f6rt\u00e9nelmi l\u00e1tnival\u00f3kat id\u00e9zi, de az els\u0151 benyom\u00e1st gyakran maga a telep\u00fcl\u00e9s hangulata, rendezetts\u00e9ge adja. Az uni\u00f3s t\u00e1mogat\u00e1sb\u00f3l megval\u00f3sult projekt egy olyan v\u00e1rosr\u00e9szt \u00e9rintett, amely&#8230;<\/p>\n","protected":false},"author":30,"featured_media":11865,"comment_status":"closed","ping_status":"closed","sticky":false,"template":"","format":"standard","meta":{"_acf_changed":false,"ngg_post_thumbnail":0,"footnotes":""},"categories":[173],"tags":[288,316,615],"megye":[1119],"class_list":["post-11864","post","type-post","status-publish","format-standard","has-post-thumbnail","hentry","category-top-hu","tag-gazdasagfejlesztes-hu","tag-telepulesfejlesztes","tag-varosfejlesztes","megye-fejer-megye"],"acf":[],"yoast_head":"<!-- This site is optimized with the Yoast SEO Premium plugin v28.4 (Yoast SEO v28.4) - https:\/\/yoast.com\/product\/yoast-seo-premium-wordpress\/ -->\n<title>R\u00e9gi ter\u00fcletb\u0151l \u00faj \u00e9rt\u00e9k M\u00f3ron - Egy\u00fctt fejl\u0151d\u00fcnk<\/title>\n<meta name=\"robots\" content=\"noindex, follow, max-snippet:-1, max-image-preview:large, max-video-preview:-1\" \/>\n<meta property=\"og:locale\" content=\"hu_HU\" \/>\n<meta property=\"og:type\" content=\"article\" \/>\n<meta property=\"og:title\" content=\"R\u00e9gi ter\u00fcletb\u0151l \u00faj \u00e9rt\u00e9k M\u00f3ron\" \/>\n<meta property=\"og:description\" content=\"Az orsz\u00e1gban szinte minden v\u00e1rosnak vannak olyan r\u00e9szei, amelyek az id\u0151 m\u00fal\u00e1s\u00e1val fokozatosan elvesz\u00edtett\u00e9k gazdas\u00e1gi, turisztikai vagy k\u00f6z\u00f6ss\u00e9gi jelent\u0151s\u00e9g\u00fcket. Ez al\u00f3l M\u00f3r sem volt kiv\u00e9tel. Azonban a telep\u00fcl\u00e9s egyik kor\u00e1bban alulhasznos\u00edtott ter\u00fclete ma m\u00e1r korszer\u0171, fenntarthat\u00f3 v\u00e1rosr\u00e9szk\u00e9nt v\u00e1rja a helyieket \u00e9s az ide \u00e9rkez\u0151ket. M\u00f3r neve sokaknak a borvid\u00e9ket \u00e9s a t\u00f6rt\u00e9nelmi l\u00e1tnival\u00f3kat id\u00e9zi, de az els\u0151 benyom\u00e1st gyakran maga a telep\u00fcl\u00e9s hangulata, rendezetts\u00e9ge adja. Az uni\u00f3s t\u00e1mogat\u00e1sb\u00f3l megval\u00f3sult projekt egy olyan v\u00e1rosr\u00e9szt \u00e9rintett, amely...\" \/>\n<meta property=\"og:url\" content=\"https:\/\/egyuttfejlodunk.hu\/?p=11864\" \/>\n<meta property=\"og:site_name\" content=\"Egy\u00fctt fejl\u0151d\u00fcnk\" \/>\n<meta property=\"article:published_time\" content=\"2026-07-03T08:15:09+00:00\" \/>\n<meta property=\"article:modified_time\" content=\"2026-08-28T06:37:22+00:00\" \/>\n<meta property=\"og:image\" content=\"https:\/\/egyuttfejlodunk.hu\/wp-content\/uploads\/2026\/08\/TOP-2.1.1-15-FE1-2016-00004-Barnamezos-teruletek-rehabilitacioja-Mor-Varosaban.jpg\" \/>\n\t<meta property=\"og:image:width\" content=\"1920\" \/>\n\t<meta property=\"og:image:height\" content=\"996\" \/>\n\t<meta property=\"og:image:type\" content=\"image\/jpeg\" \/>\n<meta name=\"author\" content=\"T\u00f3th Ferenc\" \/>\n<meta name=\"twitter:card\" content=\"summary_large_image\" \/>\n<meta name=\"twitter:label1\" content=\"Szerz\u0151:\" \/>\n\t<meta name=\"twitter:data1\" content=\"T\u00f3th Ferenc\" \/>\n\t<meta name=\"twitter:label2\" content=\"Becs\u00fclt olvas\u00e1si id\u0151\" \/>\n\t<meta name=\"twitter:data2\" content=\"2 perc\" \/>\n<script type=\"application\/ld+json\" class=\"yoast-schema-graph\">{\"@context\":\"https:\\\/\\\/schema.org\",\"@graph\":[{\"@type\":\"Article\",\"@id\":\"https:\\\/\\\/egyuttfejlodunk.hu\\\/?p=11864#article\",\"isPartOf\":{\"@id\":\"https:\\\/\\\/egyuttfejlodunk.hu\\\/?p=11864\"},\"author\":{\"name\":\"T\u00f3th Ferenc\",\"@id\":\"https:\\\/\\\/egyuttfejlodunk.hu\\\/#\\\/schema\\\/person\\\/94cc2e6bf0b14e6d5de3d603885ed8c5\"},\"headline\":\"R\u00e9gi ter\u00fcletb\u0151l \u00faj \u00e9rt\u00e9k M\u00f3ron\",\"datePublished\":\"2026-07-03T08:15:09+00:00\",\"dateModified\":\"2026-08-28T06:37:22+00:00\",\"mainEntityOfPage\":{\"@id\":\"https:\\\/\\\/egyuttfejlodunk.hu\\\/?p=11864\"},\"wordCount\":434,\"publisher\":{\"@id\":\"https:\\\/\\\/egyuttfejlodunk.hu\\\/#organization\"},\"image\":{\"@id\":\"https:\\\/\\\/egyuttfejlodunk.hu\\\/?p=11864#primaryimage\"},\"thumbnailUrl\":\"https:\\\/\\\/egyuttfejlodunk.hu\\\/wp-content\\\/uploads\\\/2026\\\/08\\\/TOP-2.1.1-15-FE1-2016-00004-Barnamezos-teruletek-rehabilitacioja-Mor-Varosaban.jpg\",\"keywords\":[\"Gazdas\u00e1gfejleszt\u00e9s\",\"Telep\u00fcl\u00e9sfejleszt\u00e9s\",\"v\u00e1rosfejleszt\u00e9s\"],\"articleSection\":[\"Top\"],\"inLanguage\":\"hu\"},{\"@type\":\"WebPage\",\"@id\":\"https:\\\/\\\/egyuttfejlodunk.hu\\\/?p=11864\",\"url\":\"https:\\\/\\\/egyuttfejlodunk.hu\\\/?p=11864\",\"name\":\"R\u00e9gi ter\u00fcletb\u0151l \u00faj \u00e9rt\u00e9k M\u00f3ron - Egy\u00fctt fejl\u0151d\u00fcnk\",\"isPartOf\":{\"@id\":\"https:\\\/\\\/egyuttfejlodunk.hu\\\/#website\"},\"primaryImageOfPage\":{\"@id\":\"https:\\\/\\\/egyuttfejlodunk.hu\\\/?p=11864#primaryimage\"},\"image\":{\"@id\":\"https:\\\/\\\/egyuttfejlodunk.hu\\\/?p=11864#primaryimage\"},\"thumbnailUrl\":\"https:\\\/\\\/egyuttfejlodunk.hu\\\/wp-content\\\/uploads\\\/2026\\\/08\\\/TOP-2.1.1-15-FE1-2016-00004-Barnamezos-teruletek-rehabilitacioja-Mor-Varosaban.jpg\",\"datePublished\":\"2026-07-03T08:15:09+00:00\",\"dateModified\":\"2026-08-28T06:37:22+00:00\",\"breadcrumb\":{\"@id\":\"https:\\\/\\\/egyuttfejlodunk.hu\\\/?p=11864#breadcrumb\"},\"inLanguage\":\"hu\",\"potentialAction\":[{\"@type\":\"ReadAction\",\"target\":[\"https:\\\/\\\/egyuttfejlodunk.hu\\\/?p=11864\"]}]},{\"@type\":\"ImageObject\",\"inLanguage\":\"hu\",\"@id\":\"https:\\\/\\\/egyuttfejlodunk.hu\\\/?p=11864#primaryimage\",\"url\":\"https:\\\/\\\/egyuttfejlodunk.hu\\\/wp-content\\\/uploads\\\/2026\\\/08\\\/TOP-2.1.1-15-FE1-2016-00004-Barnamezos-teruletek-rehabilitacioja-Mor-Varosaban.jpg\",\"contentUrl\":\"https:\\\/\\\/egyuttfejlodunk.hu\\\/wp-content\\\/uploads\\\/2026\\\/08\\\/TOP-2.1.1-15-FE1-2016-00004-Barnamezos-teruletek-rehabilitacioja-Mor-Varosaban.jpg\",\"width\":1920,\"height\":996},{\"@type\":\"BreadcrumbList\",\"@id\":\"https:\\\/\\\/egyuttfejlodunk.hu\\\/?p=11864#breadcrumb\",\"itemListElement\":[{\"@type\":\"ListItem\",\"position\":1,\"name\":\"Home\",\"item\":\"https:\\\/\\\/egyuttfejlodunk.hu\\\/\"},{\"@type\":\"ListItem\",\"position\":2,\"name\":\"R\u00e9gi ter\u00fcletb\u0151l \u00faj \u00e9rt\u00e9k M\u00f3ron\"}]},{\"@type\":\"WebSite\",\"@id\":\"https:\\\/\\\/egyuttfejlodunk.hu\\\/#website\",\"url\":\"https:\\\/\\\/egyuttfejlodunk.hu\\\/\",\"name\":\"Egy\u00fctt fejl\u0151d\u00fcnk\",\"description\":\"\",\"publisher\":{\"@id\":\"https:\\\/\\\/egyuttfejlodunk.hu\\\/#organization\"},\"potentialAction\":[{\"@type\":\"SearchAction\",\"target\":{\"@type\":\"EntryPoint\",\"urlTemplate\":\"https:\\\/\\\/egyuttfejlodunk.hu\\\/?s={search_term_string}\"},\"query-input\":{\"@type\":\"PropertyValueSpecification\",\"valueRequired\":true,\"valueName\":\"search_term_string\"}}],\"inLanguage\":\"hu\"},{\"@type\":\"Organization\",\"@id\":\"https:\\\/\\\/egyuttfejlodunk.hu\\\/#organization\",\"name\":\"Egy\u00fctt fejl\u0151d\u00fcnk\",\"url\":\"https:\\\/\\\/egyuttfejlodunk.hu\\\/\",\"logo\":{\"@type\":\"ImageObject\",\"inLanguage\":\"hu\",\"@id\":\"https:\\\/\\\/egyuttfejlodunk.hu\\\/#\\\/schema\\\/logo\\\/image\\\/\",\"url\":\"https:\\\/\\\/egyuttfejlodunk.hu\\\/wp-content\\\/uploads\\\/2026\\\/04\\\/ujlogo.jpg\",\"contentUrl\":\"https:\\\/\\\/egyuttfejlodunk.hu\\\/wp-content\\\/uploads\\\/2026\\\/04\\\/ujlogo.jpg\",\"width\":350,\"height\":110,\"caption\":\"Egy\u00fctt fejl\u0151d\u00fcnk\"},\"image\":{\"@id\":\"https:\\\/\\\/egyuttfejlodunk.hu\\\/#\\\/schema\\\/logo\\\/image\\\/\"}},{\"@type\":\"Person\",\"@id\":\"https:\\\/\\\/egyuttfejlodunk.hu\\\/#\\\/schema\\\/person\\\/94cc2e6bf0b14e6d5de3d603885ed8c5\",\"name\":\"T\u00f3th Ferenc\"}]}<\/script>\n<!-- \/ Yoast SEO Premium plugin. -->","yoast_head_json":{"title":"R\u00e9gi ter\u00fcletb\u0151l \u00faj \u00e9rt\u00e9k M\u00f3ron - Egy\u00fctt fejl\u0151d\u00fcnk","robots":{"index":"noindex","follow":"follow","max-snippet":"max-snippet:-1","max-image-preview":"max-image-preview:large","max-video-preview":"max-video-preview:-1"},"og_locale":"hu_HU","og_type":"article","og_title":"R\u00e9gi ter\u00fcletb\u0151l \u00faj \u00e9rt\u00e9k M\u00f3ron","og_description":"Az orsz\u00e1gban szinte minden v\u00e1rosnak vannak olyan r\u00e9szei, amelyek az id\u0151 m\u00fal\u00e1s\u00e1val fokozatosan elvesz\u00edtett\u00e9k gazdas\u00e1gi, turisztikai vagy k\u00f6z\u00f6ss\u00e9gi jelent\u0151s\u00e9g\u00fcket. Ez al\u00f3l M\u00f3r sem volt kiv\u00e9tel. Azonban a telep\u00fcl\u00e9s egyik kor\u00e1bban alulhasznos\u00edtott ter\u00fclete ma m\u00e1r korszer\u0171, fenntarthat\u00f3 v\u00e1rosr\u00e9szk\u00e9nt v\u00e1rja a helyieket \u00e9s az ide \u00e9rkez\u0151ket. M\u00f3r neve sokaknak a borvid\u00e9ket \u00e9s a t\u00f6rt\u00e9nelmi l\u00e1tnival\u00f3kat id\u00e9zi, de az els\u0151 benyom\u00e1st gyakran maga a telep\u00fcl\u00e9s hangulata, rendezetts\u00e9ge adja. Az uni\u00f3s t\u00e1mogat\u00e1sb\u00f3l megval\u00f3sult projekt egy olyan v\u00e1rosr\u00e9szt \u00e9rintett, amely...","og_url":"https:\/\/egyuttfejlodunk.hu\/?p=11864","og_site_name":"Egy\u00fctt fejl\u0151d\u00fcnk","article_published_time":"2026-07-03T08:15:09+00:00","article_modified_time":"2026-08-28T06:37:22+00:00","og_image":[{"width":1920,"height":996,"url":"https:\/\/egyuttfejlodunk.hu\/wp-content\/uploads\/2026\/08\/TOP-2.1.1-15-FE1-2016-00004-Barnamezos-teruletek-rehabilitacioja-Mor-Varosaban.jpg","type":"image\/jpeg"}],"author":"T\u00f3th Ferenc","twitter_card":"summary_large_image","twitter_misc":{"Szerz\u0151:":"T\u00f3th Ferenc","Becs\u00fclt olvas\u00e1si id\u0151":"2 perc"},"schema":{"@context":"https:\/\/schema.org","@graph":[{"@type":"Article","@id":"https:\/\/egyuttfejlodunk.hu\/?p=11864#article","isPartOf":{"@id":"https:\/\/egyuttfejlodunk.hu\/?p=11864"},"author":{"name":"T\u00f3th Ferenc","@id":"https:\/\/egyuttfejlodunk.hu\/#\/schema\/person\/94cc2e6bf0b14e6d5de3d603885ed8c5"},"headline":"R\u00e9gi ter\u00fcletb\u0151l \u00faj \u00e9rt\u00e9k M\u00f3ron","datePublished":"2026-07-03T08:15:09+00:00","dateModified":"2026-08-28T06:37:22+00:00","mainEntityOfPage":{"@id":"https:\/\/egyuttfejlodunk.hu\/?p=11864"},"wordCount":434,"publisher":{"@id":"https:\/\/egyuttfejlodunk.hu\/#organization"},"image":{"@id":"https:\/\/egyuttfejlodunk.hu\/?p=11864#primaryimage"},"thumbnailUrl":"https:\/\/egyuttfejlodunk.hu\/wp-content\/uploads\/2026\/08\/TOP-2.1.1-15-FE1-2016-00004-Barnamezos-teruletek-rehabilitacioja-Mor-Varosaban.jpg","keywords":["Gazdas\u00e1gfejleszt\u00e9s","Telep\u00fcl\u00e9sfejleszt\u00e9s","v\u00e1rosfejleszt\u00e9s"],"articleSection":["Top"],"inLanguage":"hu"},{"@type":"WebPage","@id":"https:\/\/egyuttfejlodunk.hu\/?p=11864","url":"https:\/\/egyuttfejlodunk.hu\/?p=11864","name":"R\u00e9gi ter\u00fcletb\u0151l \u00faj \u00e9rt\u00e9k M\u00f3ron - Egy\u00fctt fejl\u0151d\u00fcnk","isPartOf":{"@id":"https:\/\/egyuttfejlodunk.hu\/#website"},"primaryImageOfPage":{"@id":"https:\/\/egyuttfejlodunk.hu\/?p=11864#primaryimage"},"image":{"@id":"https:\/\/egyuttfejlodunk.hu\/?p=11864#primaryimage"},"thumbnailUrl":"https:\/\/egyuttfejlodunk.hu\/wp-content\/uploads\/2026\/08\/TOP-2.1.1-15-FE1-2016-00004-Barnamezos-teruletek-rehabilitacioja-Mor-Varosaban.jpg","datePublished":"2026-07-03T08:15:09+00:00","dateModified":"2026-08-28T06:37:22+00:00","breadcrumb":{"@id":"https:\/\/egyuttfejlodunk.hu\/?p=11864#breadcrumb"},"inLanguage":"hu","potentialAction":[{"@type":"ReadAction","target":["https:\/\/egyuttfejlodunk.hu\/?p=11864"]}]},{"@type":"ImageObject","inLanguage":"hu","@id":"https:\/\/egyuttfejlodunk.hu\/?p=11864#primaryimage","url":"https:\/\/egyuttfejlodunk.hu\/wp-content\/uploads\/2026\/08\/TOP-2.1.1-15-FE1-2016-00004-Barnamezos-teruletek-rehabilitacioja-Mor-Varosaban.jpg","contentUrl":"https:\/\/egyuttfejlodunk.hu\/wp-content\/uploads\/2026\/08\/TOP-2.1.1-15-FE1-2016-00004-Barnamezos-teruletek-rehabilitacioja-Mor-Varosaban.jpg","width":1920,"height":996},{"@type":"BreadcrumbList","@id":"https:\/\/egyuttfejlodunk.hu\/?p=11864#breadcrumb","itemListElement":[{"@type":"ListItem","position":1,"name":"Home","item":"https:\/\/egyuttfejlodunk.hu\/"},{"@type":"ListItem","position":2,"name":"R\u00e9gi ter\u00fcletb\u0151l \u00faj \u00e9rt\u00e9k M\u00f3ron"}]},{"@type":"WebSite","@id":"https:\/\/egyuttfejlodunk.hu\/#website","url":"https:\/\/egyuttfejlodunk.hu\/","name":"Egy\u00fctt fejl\u0151d\u00fcnk","description":"","publisher":{"@id":"https:\/\/egyuttfejlodunk.hu\/#organization"},"potentialAction":[{"@type":"SearchAction","target":{"@type":"EntryPoint","urlTemplate":"https:\/\/egyuttfejlodunk.hu\/?s={search_term_string}"},"query-input":{"@type":"PropertyValueSpecification","valueRequired":true,"valueName":"search_term_string"}}],"inLanguage":"hu"},{"@type":"Organization","@id":"https:\/\/egyuttfejlodunk.hu\/#organization","name":"Egy\u00fctt fejl\u0151d\u00fcnk","url":"https:\/\/egyuttfejlodunk.hu\/","logo":{"@type":"ImageObject","inLanguage":"hu","@id":"https:\/\/egyuttfejlodunk.hu\/#\/schema\/logo\/image\/","url":"https:\/\/egyuttfejlodunk.hu\/wp-content\/uploads\/2026\/04\/ujlogo.jpg","contentUrl":"https:\/\/egyuttfejlodunk.hu\/wp-content\/uploads\/2026\/04\/ujlogo.jpg","width":350,"height":110,"caption":"Egy\u00fctt fejl\u0151d\u00fcnk"},"image":{"@id":"https:\/\/egyuttfejlodunk.hu\/#\/schema\/logo\/image\/"}},{"@type":"Person","@id":"https:\/\/egyuttfejlodunk.hu\/#\/schema\/person\/94cc2e6bf0b14e6d5de3d603885ed8c5","name":"T\u00f3th Ferenc"}]}},"_links":{"self":[{"href":"https:\/\/egyuttfejlodunk.hu\/index.php?rest_route=\/wp\/v2\/posts\/11864","targetHints":{"allow":["GET"]}}],"collection":[{"href":"https:\/\/egyuttfejlodunk.hu\/index.php?rest_route=\/wp\/v2\/posts"}],"about":[{"href":"https:\/\/egyuttfejlodunk.hu\/index.php?rest_route=\/wp\/v2\/types\/post"}],"author":[{"embeddable":true,"href":"https:\/\/egyuttfejlodunk.hu\/index.php?rest_route=\/wp\/v2\/users\/30"}],"replies":[{"embeddable":true,"href":"https:\/\/egyuttfejlodunk.hu\/index.php?rest_route=%2Fwp%2Fv2%2Fcomments&post=11864"}],"version-history":[{"count":5,"href":"https:\/\/egyuttfejlodunk.hu\/index.php?rest_route=\/wp\/v2\/posts\/11864\/revisions"}],"predecessor-version":[{"id":12057,"href":"https:\/\/egyuttfejlodunk.hu\/index.php?rest_route=\/wp\/v2\/posts\/11864\/revisions\/12057"}],"wp:featuredmedia":[{"embeddable":true,"href":"https:\/\/egyuttfejlodunk.hu\/index.php?rest_route=\/wp\/v2\/media\/11865"}],"wp:attachment":[{"href":"https:\/\/egyuttfejlodunk.hu\/index.php?rest_route=%2Fwp%2Fv2%2Fmedia&parent=11864"}],"wp:term":[{"taxonomy":"category","embeddable":true,"href":"https:\/\/egyuttfejlodunk.hu\/index.php?rest_route=%2Fwp%2Fv2%2Fcategories&post=11864"},{"taxonomy":"post_tag","embeddable":true,"href":"https:\/\/egyuttfejlodunk.hu\/index.php?rest_route=%2Fwp%2Fv2%2Ftags&post=11864"},{"taxonomy":"megye","embeddable":true,"href":"https:\/\/egyuttfejlodunk.hu\/index.php?rest_route=%2Fwp%2Fv2%2Fmegye&post=11864"}],"curies":[{"name":"wp","href":"https:\/\/api.w.org\/{rel}","templated":true}]}}