{"id":11885,"date":"2026-07-07T13:58:48","date_gmt":"2026-07-07T11:58:48","guid":{"rendered":"https:\/\/egyuttfejlodunk.hu\/?p=11885"},"modified":"2026-08-27T17:14:51","modified_gmt":"2026-08-27T15:14:51","slug":"ifjusagi-garancia-plusz-istvan-mar-a-jovojet-epiti","status":"publish","type":"post","link":"https:\/\/egyuttfejlodunk.hu\/?p=11885","title":{"rendered":"Ifj\u00fas\u00e1gi Garancia Plusz: Istv\u00e1n m\u00e1r a j\u00f6v\u0151j\u00e9t \u00e9p\u00edti"},"content":{"rendered":"<p><b>Az \u00f6n\u00e1ll\u00f3 \u00e9let els\u0151 l\u00e9p\u00e9sei sok fiatal sz\u00e1m\u00e1ra kih\u00edv\u00e1st jelentenek, fokozottan igaz ez a gyermekv\u00e9delmi gondoskod\u00e1sb\u00f3l kiker\u00fcl\u0151kre. Eset\u00fckben k\u00fcl\u00f6n\u00f6sen nagy jelent\u0151s\u00e9ge van annak, hogy id\u0151ben \u00e9rkezzen a megfelel\u0151 t\u00e1mogat\u00e1s Az \u00e1llami foglalkoztat\u00e1si garancia program \u00e9s az uni\u00f3s t\u00e1rsfinansz\u00edroz\u00e1s\u00fa Ifj\u00fas\u00e1gi Garancia Plusz ezt a biztons\u00e1got teremti meg: k\u00e9pz\u00e9sekkel, munkalehet\u0151s\u00e9gekkel \u00e9s szem\u00e9lyre szabott seg\u00edts\u00e9ggel t\u00e1mogatja a fiatalokat abban, hogy saj\u00e1t elk\u00e9pzel\u00e9seik szerint \u00e9p\u00edthess\u00e9k fel j\u00f6v\u0151j\u00fcket. Ezt p\u00e9ld\u00e1zza a 20 \u00e9ves Istv\u00e1n t\u00f6rt\u00e9nete is.<\/b><\/p>\n<p>Van, amikor az \u00faj \u00e9let nem egyetlen nagy fordulattal, hanem sok apr\u00f3, tudatos d\u00f6nt\u00e9ssel kezd\u0151dik. Istv\u00e1n t\u00f6rt\u00e9nete is err\u0151l sz\u00f3l. A h\u00fasz\u00e9ves f\u00e9rfi jelenleg ut\u00f3gondoz\u00f3i ell\u00e1t\u00e1sban r\u00e9szes\u00fcl, \u00e9s b\u00e1r gyermek\u00e9vei nem voltak mentesek a neh\u00e9zs\u00e9gekt\u0151l, ma \u00fagy tekint vissza r\u00e1juk, hogy szerencs\u00e9snek mondhatja mag\u00e1t. Nevel\u0151sz\u00fclei olyan t\u00e1mogat\u00f3, szeretetteljes k\u00f6rnyezetet biztos\u00edtottak sz\u00e1m\u00e1ra, amire ma is tud \u00e9p\u00edteni.<\/p>\n<p>A fiatalembernek t\u00f6bb szakm\u00e1ja van: burkol\u00f3, sz\u00e1raz\u00e9p\u00edt\u0151 \u00e9s gipszkartonszerel\u0151 v\u00e9gzetts\u00e9ge mellett targoncavezet\u0151i k\u00e9pes\u00edt\u00e9st is szerzett, valamint jogos\u00edtv\u00e1nnyal is rendelkezik. Amb\u00edci\u00f3i azonban itt nem \u00e9rnek v\u00e9get: esti tagozaton \u00e9retts\u00e9gire k\u00e9sz\u00fcl, hosszabb t\u00e1von ingatlank\u00f6zvet\u00edt\u0151k\u00e9nt szeretne dolgozni, emellett a kl\u00edmaszerel\u0151 szakm\u00e1t is szeretn\u00e9 elsaj\u00e1t\u00edtani. Istv\u00e1n Magyarorsz\u00e1gon k\u00e9pzeli el a j\u00f6v\u0151j\u00e9t, \u00e9s tudatosan keresi azokat a lehet\u0151s\u00e9geket, amelyek k\u00f6zelebb viszik c\u00e9ljaihoz. Ahogy \u0151 fogalmaz: nem f\u00e9l seg\u00edts\u00e9get k\u00e9rni.<\/p>\n<p>A k\u00f6vetkez\u0151 l\u00e9p\u00e9shez ez\u00e9rt a Gy\u0151ri J\u00e1r\u00e1si Hivatal Foglalkoztat\u00e1si Oszt\u00e1ly\u00e1hoz fordult, ahol az \u00e1llami foglalkoztat\u00e1si garancia program \u00e9s az Ifj\u00fas\u00e1gi Garancia Plusz ny\u00fajtotta lehet\u0151s\u00e9gekr\u0151l \u00e9rdekl\u0151d\u00f6tt.<\/p>\n<p>A gyermekv\u00e9delmi gondoskod\u00e1sb\u00f3l nagykor\u00fak\u00e9nt kiker\u00fcl\u0151 vagy ut\u00f3gondoz\u00e1sban r\u00e9szes\u00fcl\u0151 fiatalok sz\u00e1m\u00e1ra az \u00f6n\u00e1ll\u00f3 \u00e9letkezd\u00e9s nemcsak szem\u00e9lyes, hanem munkaer\u0151piaci kih\u00edv\u00e1sokat is jelenthet. Az \u00e1llami foglalkoztat\u00e1si garancia program ez\u00e9rt hossz\u00fa t\u00e1v\u00fa elhelyezked\u00e9si lehet\u0151s\u00e9get biztos\u00edt sz\u00e1mukra \u00e1llami int\u00e9zm\u00e9nyekn\u00e9l \u00e9s t\u00f6bbs\u00e9gi \u00e1llami tulajdon\u00fa gazdas\u00e1gi t\u00e1rsas\u00e1gokn\u00e1l.<\/p>\n<p>A versenyszf\u00e9r\u00e1ban elhelyezkedni akar\u00f3kat pedig a Gazdas\u00e1gfejleszt\u00e9si \u00e9s Innov\u00e1ci\u00f3s Operat\u00edv Program Plusz egyik Pill\u00e9r projektje, az Ifj\u00fas\u00e1gi Garancia Plusz t\u00e1mogatja.<\/p>\n<p>A k\u00e9t program egym\u00e1st kieg\u00e9sz\u00edtve biztos\u00edtja, hogy minden fiatal a saj\u00e1t c\u00e9ljaihoz \u00e9s lehet\u0151s\u00e9geihez illeszked\u0151 \u00e9letp\u00e1lya \u00e9p\u00edt\u00e9s\u00e9t kezdhesse el.<\/p>\n<p>Istv\u00e1n m\u00e1r dolgozik, de sok hozz\u00e1 hasonl\u00f3 fiatal m\u00e9g keresi els\u0151 munkahely\u00e9t vagy a sz\u00e1m\u00e1ra megfelel\u0151 szakmai lehet\u0151s\u00e9get. Nekik seg\u00edt az Ifj\u00fas\u00e1gi Garancia Plusz, amelynek c\u00e9lja, hogy a 15-29 \u00e9v k\u00f6z\u00f6tti fiatalok min\u00e9l r\u00f6videbb id\u0151t t\u00f6ltsenek munka, tanul\u00e1s vagy k\u00e9pz\u00e9s n\u00e9lk\u00fcl.<\/p>\n<p>A program keret\u00e9ben el\u00e9rhet\u0151 t\u00f6bbf\u00e9le t\u00e1mogat\u00e1s, az \u00e1ll\u00e1skeres\u00e9st \u00f6szt\u00f6nz\u0151 juttat\u00e1s, a b\u00e9rt\u00e1mogat\u00e1s, valamint a mobilit\u00e1si t\u00e1mogat\u00e1sok \u2013 p\u00e9ld\u00e1ul utaz\u00e1si vagy lakhat\u00e1si hozz\u00e1j\u00e1rul\u00e1s \u2013 egyar\u00e1nt hozz\u00e1j\u00e1rulnak ahhoz, hogy a fiatalok k\u00f6nnyebben tal\u00e1ljanak munk\u00e1t \u00e9s hossz\u00fa t\u00e1von is meg\u00e1llj\u00e1k a hely\u00fcket a munkaer\u0151piacon.<\/p>\n<p>Gy\u0151r-Moson-Sopron v\u00e1rmegy\u00e9ben az Ifj\u00fas\u00e1gi Garancia Plusz Pill\u00e9r projekt k\u00f6zel 2,9 milli\u00e1rd forint vissza nem t\u00e9r\u00edtend\u0151 eur\u00f3pai uni\u00f3s t\u00e1mogat\u00e1sb\u00f3l seg\u00edti az \u00e1ll\u00e1skeres\u0151k elhelyezked\u00e9s\u00e9t, orsz\u00e1gos keret\u00f6sszege pedig 208 milli\u00e1rd forint.<\/p>\n","protected":false},"excerpt":{"rendered":"<p>Az \u00f6n\u00e1ll\u00f3 \u00e9let els\u0151 l\u00e9p\u00e9sei sok fiatal sz\u00e1m\u00e1ra kih\u00edv\u00e1st jelentenek, fokozottan igaz ez a gyermekv\u00e9delmi gondoskod\u00e1sb\u00f3l kiker\u00fcl\u0151kre. Eset\u00fckben k\u00fcl\u00f6n\u00f6sen nagy jelent\u0151s\u00e9ge van annak, hogy id\u0151ben \u00e9rkezzen a megfelel\u0151 t\u00e1mogat\u00e1s Az \u00e1llami foglalkoztat\u00e1si garancia program \u00e9s az uni\u00f3s t\u00e1rsfinansz\u00edroz\u00e1s\u00fa Ifj\u00fas\u00e1gi Garancia Plusz ezt a biztons\u00e1got teremti meg: k\u00e9pz\u00e9sekkel, munkalehet\u0151s\u00e9gekkel \u00e9s szem\u00e9lyre szabott seg\u00edts\u00e9ggel t\u00e1mogatja a fiatalokat abban, hogy saj\u00e1t elk\u00e9pzel\u00e9seik szerint \u00e9p\u00edthess\u00e9k fel j\u00f6v\u0151j\u00fcket. Ezt p\u00e9ld\u00e1zza a 20 \u00e9ves Istv\u00e1n t\u00f6rt\u00e9nete is. Van, amikor az \u00faj&#8230;<\/p>\n","protected":false},"author":30,"featured_media":11886,"comment_status":"closed","ping_status":"closed","sticky":false,"template":"","format":"standard","meta":{"_acf_changed":false,"ngg_post_thumbnail":0,"footnotes":""},"categories":[795],"tags":[],"megye":[],"class_list":["post-11885","post","type-post","status-publish","format-standard","has-post-thumbnail","hentry","category-szechenyi-plusz-piller-hu"],"acf":[],"yoast_head":"<!-- This site is optimized with the Yoast SEO Premium plugin v28.4 (Yoast SEO v28.4) - https:\/\/yoast.com\/product\/yoast-seo-premium-wordpress\/ -->\n<title>Ifj\u00fas\u00e1gi Garancia Plusz: Istv\u00e1n m\u00e1r a j\u00f6v\u0151j\u00e9t \u00e9p\u00edti - Egy\u00fctt fejl\u0151d\u00fcnk<\/title>\n<meta name=\"robots\" content=\"noindex, follow, max-snippet:-1, max-image-preview:large, max-video-preview:-1\" \/>\n<meta property=\"og:locale\" content=\"hu_HU\" \/>\n<meta property=\"og:type\" content=\"article\" \/>\n<meta property=\"og:title\" content=\"Ifj\u00fas\u00e1gi Garancia Plusz: Istv\u00e1n m\u00e1r a j\u00f6v\u0151j\u00e9t \u00e9p\u00edti\" \/>\n<meta property=\"og:description\" content=\"Az \u00f6n\u00e1ll\u00f3 \u00e9let els\u0151 l\u00e9p\u00e9sei sok fiatal sz\u00e1m\u00e1ra kih\u00edv\u00e1st jelentenek, fokozottan igaz ez a gyermekv\u00e9delmi gondoskod\u00e1sb\u00f3l kiker\u00fcl\u0151kre. Eset\u00fckben k\u00fcl\u00f6n\u00f6sen nagy jelent\u0151s\u00e9ge van annak, hogy id\u0151ben \u00e9rkezzen a megfelel\u0151 t\u00e1mogat\u00e1s Az \u00e1llami foglalkoztat\u00e1si garancia program \u00e9s az uni\u00f3s t\u00e1rsfinansz\u00edroz\u00e1s\u00fa Ifj\u00fas\u00e1gi Garancia Plusz ezt a biztons\u00e1got teremti meg: k\u00e9pz\u00e9sekkel, munkalehet\u0151s\u00e9gekkel \u00e9s szem\u00e9lyre szabott seg\u00edts\u00e9ggel t\u00e1mogatja a fiatalokat abban, hogy saj\u00e1t elk\u00e9pzel\u00e9seik szerint \u00e9p\u00edthess\u00e9k fel j\u00f6v\u0151j\u00fcket. Ezt p\u00e9ld\u00e1zza a 20 \u00e9ves Istv\u00e1n t\u00f6rt\u00e9nete is. Van, amikor az \u00faj...\" \/>\n<meta property=\"og:url\" content=\"https:\/\/egyuttfejlodunk.hu\/?p=11885\" \/>\n<meta property=\"og:site_name\" content=\"Egy\u00fctt fejl\u0151d\u00fcnk\" \/>\n<meta property=\"article:published_time\" content=\"2026-07-07T11:58:48+00:00\" \/>\n<meta property=\"article:modified_time\" content=\"2026-08-27T15:14:51+00:00\" \/>\n<meta property=\"og:image\" content=\"https:\/\/egyuttfejlodunk.hu\/wp-content\/uploads\/2026\/08\/6a47942988b87035a7ca2e78.jpg\" \/>\n\t<meta property=\"og:image:width\" content=\"960\" \/>\n\t<meta property=\"og:image:height\" content=\"615\" \/>\n\t<meta property=\"og:image:type\" content=\"image\/jpeg\" \/>\n<meta name=\"author\" content=\"T\u00f3th Ferenc\" \/>\n<meta name=\"twitter:card\" content=\"summary_large_image\" \/>\n<meta name=\"twitter:label1\" content=\"Szerz\u0151:\" \/>\n\t<meta name=\"twitter:data1\" content=\"T\u00f3th Ferenc\" \/>\n\t<meta name=\"twitter:label2\" content=\"Becs\u00fclt olvas\u00e1si id\u0151\" \/>\n\t<meta name=\"twitter:data2\" content=\"3 perc\" \/>\n<script type=\"application\/ld+json\" class=\"yoast-schema-graph\">{\"@context\":\"https:\\\/\\\/schema.org\",\"@graph\":[{\"@type\":\"Article\",\"@id\":\"https:\\\/\\\/egyuttfejlodunk.hu\\\/?p=11885#article\",\"isPartOf\":{\"@id\":\"https:\\\/\\\/egyuttfejlodunk.hu\\\/?p=11885\"},\"author\":{\"name\":\"T\u00f3th Ferenc\",\"@id\":\"https:\\\/\\\/egyuttfejlodunk.hu\\\/#\\\/schema\\\/person\\\/94cc2e6bf0b14e6d5de3d603885ed8c5\"},\"headline\":\"Ifj\u00fas\u00e1gi Garancia Plusz: Istv\u00e1n m\u00e1r a j\u00f6v\u0151j\u00e9t \u00e9p\u00edti\",\"datePublished\":\"2026-07-07T11:58:48+00:00\",\"dateModified\":\"2026-08-27T15:14:51+00:00\",\"mainEntityOfPage\":{\"@id\":\"https:\\\/\\\/egyuttfejlodunk.hu\\\/?p=11885\"},\"wordCount\":699,\"publisher\":{\"@id\":\"https:\\\/\\\/egyuttfejlodunk.hu\\\/#organization\"},\"image\":{\"@id\":\"https:\\\/\\\/egyuttfejlodunk.hu\\\/?p=11885#primaryimage\"},\"thumbnailUrl\":\"https:\\\/\\\/egyuttfejlodunk.hu\\\/wp-content\\\/uploads\\\/2026\\\/08\\\/6a47942988b87035a7ca2e78.jpg\",\"articleSection\":[\"sz\u00e9chenyi plusz pill\u00e9r\"],\"inLanguage\":\"hu\"},{\"@type\":\"WebPage\",\"@id\":\"https:\\\/\\\/egyuttfejlodunk.hu\\\/?p=11885\",\"url\":\"https:\\\/\\\/egyuttfejlodunk.hu\\\/?p=11885\",\"name\":\"Ifj\u00fas\u00e1gi Garancia Plusz: Istv\u00e1n m\u00e1r a j\u00f6v\u0151j\u00e9t \u00e9p\u00edti - Egy\u00fctt fejl\u0151d\u00fcnk\",\"isPartOf\":{\"@id\":\"https:\\\/\\\/egyuttfejlodunk.hu\\\/#website\"},\"primaryImageOfPage\":{\"@id\":\"https:\\\/\\\/egyuttfejlodunk.hu\\\/?p=11885#primaryimage\"},\"image\":{\"@id\":\"https:\\\/\\\/egyuttfejlodunk.hu\\\/?p=11885#primaryimage\"},\"thumbnailUrl\":\"https:\\\/\\\/egyuttfejlodunk.hu\\\/wp-content\\\/uploads\\\/2026\\\/08\\\/6a47942988b87035a7ca2e78.jpg\",\"datePublished\":\"2026-07-07T11:58:48+00:00\",\"dateModified\":\"2026-08-27T15:14:51+00:00\",\"breadcrumb\":{\"@id\":\"https:\\\/\\\/egyuttfejlodunk.hu\\\/?p=11885#breadcrumb\"},\"inLanguage\":\"hu\",\"potentialAction\":[{\"@type\":\"ReadAction\",\"target\":[\"https:\\\/\\\/egyuttfejlodunk.hu\\\/?p=11885\"]}]},{\"@type\":\"ImageObject\",\"inLanguage\":\"hu\",\"@id\":\"https:\\\/\\\/egyuttfejlodunk.hu\\\/?p=11885#primaryimage\",\"url\":\"https:\\\/\\\/egyuttfejlodunk.hu\\\/wp-content\\\/uploads\\\/2026\\\/08\\\/6a47942988b87035a7ca2e78.jpg\",\"contentUrl\":\"https:\\\/\\\/egyuttfejlodunk.hu\\\/wp-content\\\/uploads\\\/2026\\\/08\\\/6a47942988b87035a7ca2e78.jpg\",\"width\":960,\"height\":615},{\"@type\":\"BreadcrumbList\",\"@id\":\"https:\\\/\\\/egyuttfejlodunk.hu\\\/?p=11885#breadcrumb\",\"itemListElement\":[{\"@type\":\"ListItem\",\"position\":1,\"name\":\"Home\",\"item\":\"https:\\\/\\\/egyuttfejlodunk.hu\\\/\"},{\"@type\":\"ListItem\",\"position\":2,\"name\":\"Ifj\u00fas\u00e1gi Garancia Plusz: Istv\u00e1n m\u00e1r a j\u00f6v\u0151j\u00e9t \u00e9p\u00edti\"}]},{\"@type\":\"WebSite\",\"@id\":\"https:\\\/\\\/egyuttfejlodunk.hu\\\/#website\",\"url\":\"https:\\\/\\\/egyuttfejlodunk.hu\\\/\",\"name\":\"Egy\u00fctt fejl\u0151d\u00fcnk\",\"description\":\"\",\"publisher\":{\"@id\":\"https:\\\/\\\/egyuttfejlodunk.hu\\\/#organization\"},\"potentialAction\":[{\"@type\":\"SearchAction\",\"target\":{\"@type\":\"EntryPoint\",\"urlTemplate\":\"https:\\\/\\\/egyuttfejlodunk.hu\\\/?s={search_term_string}\"},\"query-input\":{\"@type\":\"PropertyValueSpecification\",\"valueRequired\":true,\"valueName\":\"search_term_string\"}}],\"inLanguage\":\"hu\"},{\"@type\":\"Organization\",\"@id\":\"https:\\\/\\\/egyuttfejlodunk.hu\\\/#organization\",\"name\":\"Egy\u00fctt fejl\u0151d\u00fcnk\",\"url\":\"https:\\\/\\\/egyuttfejlodunk.hu\\\/\",\"logo\":{\"@type\":\"ImageObject\",\"inLanguage\":\"hu\",\"@id\":\"https:\\\/\\\/egyuttfejlodunk.hu\\\/#\\\/schema\\\/logo\\\/image\\\/\",\"url\":\"https:\\\/\\\/egyuttfejlodunk.hu\\\/wp-content\\\/uploads\\\/2026\\\/04\\\/ujlogo.jpg\",\"contentUrl\":\"https:\\\/\\\/egyuttfejlodunk.hu\\\/wp-content\\\/uploads\\\/2026\\\/04\\\/ujlogo.jpg\",\"width\":350,\"height\":110,\"caption\":\"Egy\u00fctt fejl\u0151d\u00fcnk\"},\"image\":{\"@id\":\"https:\\\/\\\/egyuttfejlodunk.hu\\\/#\\\/schema\\\/logo\\\/image\\\/\"}},{\"@type\":\"Person\",\"@id\":\"https:\\\/\\\/egyuttfejlodunk.hu\\\/#\\\/schema\\\/person\\\/94cc2e6bf0b14e6d5de3d603885ed8c5\",\"name\":\"T\u00f3th Ferenc\"}]}<\/script>\n<!-- \/ Yoast SEO Premium plugin. -->","yoast_head_json":{"title":"Ifj\u00fas\u00e1gi Garancia Plusz: Istv\u00e1n m\u00e1r a j\u00f6v\u0151j\u00e9t \u00e9p\u00edti - Egy\u00fctt fejl\u0151d\u00fcnk","robots":{"index":"noindex","follow":"follow","max-snippet":"max-snippet:-1","max-image-preview":"max-image-preview:large","max-video-preview":"max-video-preview:-1"},"og_locale":"hu_HU","og_type":"article","og_title":"Ifj\u00fas\u00e1gi Garancia Plusz: Istv\u00e1n m\u00e1r a j\u00f6v\u0151j\u00e9t \u00e9p\u00edti","og_description":"Az \u00f6n\u00e1ll\u00f3 \u00e9let els\u0151 l\u00e9p\u00e9sei sok fiatal sz\u00e1m\u00e1ra kih\u00edv\u00e1st jelentenek, fokozottan igaz ez a gyermekv\u00e9delmi gondoskod\u00e1sb\u00f3l kiker\u00fcl\u0151kre. Eset\u00fckben k\u00fcl\u00f6n\u00f6sen nagy jelent\u0151s\u00e9ge van annak, hogy id\u0151ben \u00e9rkezzen a megfelel\u0151 t\u00e1mogat\u00e1s Az \u00e1llami foglalkoztat\u00e1si garancia program \u00e9s az uni\u00f3s t\u00e1rsfinansz\u00edroz\u00e1s\u00fa Ifj\u00fas\u00e1gi Garancia Plusz ezt a biztons\u00e1got teremti meg: k\u00e9pz\u00e9sekkel, munkalehet\u0151s\u00e9gekkel \u00e9s szem\u00e9lyre szabott seg\u00edts\u00e9ggel t\u00e1mogatja a fiatalokat abban, hogy saj\u00e1t elk\u00e9pzel\u00e9seik szerint \u00e9p\u00edthess\u00e9k fel j\u00f6v\u0151j\u00fcket. Ezt p\u00e9ld\u00e1zza a 20 \u00e9ves Istv\u00e1n t\u00f6rt\u00e9nete is. Van, amikor az \u00faj...","og_url":"https:\/\/egyuttfejlodunk.hu\/?p=11885","og_site_name":"Egy\u00fctt fejl\u0151d\u00fcnk","article_published_time":"2026-07-07T11:58:48+00:00","article_modified_time":"2026-08-27T15:14:51+00:00","og_image":[{"width":960,"height":615,"url":"https:\/\/egyuttfejlodunk.hu\/wp-content\/uploads\/2026\/08\/6a47942988b87035a7ca2e78.jpg","type":"image\/jpeg"}],"author":"T\u00f3th Ferenc","twitter_card":"summary_large_image","twitter_misc":{"Szerz\u0151:":"T\u00f3th Ferenc","Becs\u00fclt olvas\u00e1si id\u0151":"3 perc"},"schema":{"@context":"https:\/\/schema.org","@graph":[{"@type":"Article","@id":"https:\/\/egyuttfejlodunk.hu\/?p=11885#article","isPartOf":{"@id":"https:\/\/egyuttfejlodunk.hu\/?p=11885"},"author":{"name":"T\u00f3th Ferenc","@id":"https:\/\/egyuttfejlodunk.hu\/#\/schema\/person\/94cc2e6bf0b14e6d5de3d603885ed8c5"},"headline":"Ifj\u00fas\u00e1gi Garancia Plusz: Istv\u00e1n m\u00e1r a j\u00f6v\u0151j\u00e9t \u00e9p\u00edti","datePublished":"2026-07-07T11:58:48+00:00","dateModified":"2026-08-27T15:14:51+00:00","mainEntityOfPage":{"@id":"https:\/\/egyuttfejlodunk.hu\/?p=11885"},"wordCount":699,"publisher":{"@id":"https:\/\/egyuttfejlodunk.hu\/#organization"},"image":{"@id":"https:\/\/egyuttfejlodunk.hu\/?p=11885#primaryimage"},"thumbnailUrl":"https:\/\/egyuttfejlodunk.hu\/wp-content\/uploads\/2026\/08\/6a47942988b87035a7ca2e78.jpg","articleSection":["sz\u00e9chenyi plusz pill\u00e9r"],"inLanguage":"hu"},{"@type":"WebPage","@id":"https:\/\/egyuttfejlodunk.hu\/?p=11885","url":"https:\/\/egyuttfejlodunk.hu\/?p=11885","name":"Ifj\u00fas\u00e1gi Garancia Plusz: Istv\u00e1n m\u00e1r a j\u00f6v\u0151j\u00e9t \u00e9p\u00edti - Egy\u00fctt fejl\u0151d\u00fcnk","isPartOf":{"@id":"https:\/\/egyuttfejlodunk.hu\/#website"},"primaryImageOfPage":{"@id":"https:\/\/egyuttfejlodunk.hu\/?p=11885#primaryimage"},"image":{"@id":"https:\/\/egyuttfejlodunk.hu\/?p=11885#primaryimage"},"thumbnailUrl":"https:\/\/egyuttfejlodunk.hu\/wp-content\/uploads\/2026\/08\/6a47942988b87035a7ca2e78.jpg","datePublished":"2026-07-07T11:58:48+00:00","dateModified":"2026-08-27T15:14:51+00:00","breadcrumb":{"@id":"https:\/\/egyuttfejlodunk.hu\/?p=11885#breadcrumb"},"inLanguage":"hu","potentialAction":[{"@type":"ReadAction","target":["https:\/\/egyuttfejlodunk.hu\/?p=11885"]}]},{"@type":"ImageObject","inLanguage":"hu","@id":"https:\/\/egyuttfejlodunk.hu\/?p=11885#primaryimage","url":"https:\/\/egyuttfejlodunk.hu\/wp-content\/uploads\/2026\/08\/6a47942988b87035a7ca2e78.jpg","contentUrl":"https:\/\/egyuttfejlodunk.hu\/wp-content\/uploads\/2026\/08\/6a47942988b87035a7ca2e78.jpg","width":960,"height":615},{"@type":"BreadcrumbList","@id":"https:\/\/egyuttfejlodunk.hu\/?p=11885#breadcrumb","itemListElement":[{"@type":"ListItem","position":1,"name":"Home","item":"https:\/\/egyuttfejlodunk.hu\/"},{"@type":"ListItem","position":2,"name":"Ifj\u00fas\u00e1gi Garancia Plusz: Istv\u00e1n m\u00e1r a j\u00f6v\u0151j\u00e9t \u00e9p\u00edti"}]},{"@type":"WebSite","@id":"https:\/\/egyuttfejlodunk.hu\/#website","url":"https:\/\/egyuttfejlodunk.hu\/","name":"Egy\u00fctt fejl\u0151d\u00fcnk","description":"","publisher":{"@id":"https:\/\/egyuttfejlodunk.hu\/#organization"},"potentialAction":[{"@type":"SearchAction","target":{"@type":"EntryPoint","urlTemplate":"https:\/\/egyuttfejlodunk.hu\/?s={search_term_string}"},"query-input":{"@type":"PropertyValueSpecification","valueRequired":true,"valueName":"search_term_string"}}],"inLanguage":"hu"},{"@type":"Organization","@id":"https:\/\/egyuttfejlodunk.hu\/#organization","name":"Egy\u00fctt fejl\u0151d\u00fcnk","url":"https:\/\/egyuttfejlodunk.hu\/","logo":{"@type":"ImageObject","inLanguage":"hu","@id":"https:\/\/egyuttfejlodunk.hu\/#\/schema\/logo\/image\/","url":"https:\/\/egyuttfejlodunk.hu\/wp-content\/uploads\/2026\/04\/ujlogo.jpg","contentUrl":"https:\/\/egyuttfejlodunk.hu\/wp-content\/uploads\/2026\/04\/ujlogo.jpg","width":350,"height":110,"caption":"Egy\u00fctt fejl\u0151d\u00fcnk"},"image":{"@id":"https:\/\/egyuttfejlodunk.hu\/#\/schema\/logo\/image\/"}},{"@type":"Person","@id":"https:\/\/egyuttfejlodunk.hu\/#\/schema\/person\/94cc2e6bf0b14e6d5de3d603885ed8c5","name":"T\u00f3th Ferenc"}]}},"_links":{"self":[{"href":"https:\/\/egyuttfejlodunk.hu\/index.php?rest_route=\/wp\/v2\/posts\/11885","targetHints":{"allow":["GET"]}}],"collection":[{"href":"https:\/\/egyuttfejlodunk.hu\/index.php?rest_route=\/wp\/v2\/posts"}],"about":[{"href":"https:\/\/egyuttfejlodunk.hu\/index.php?rest_route=\/wp\/v2\/types\/post"}],"author":[{"embeddable":true,"href":"https:\/\/egyuttfejlodunk.hu\/index.php?rest_route=\/wp\/v2\/users\/30"}],"replies":[{"embeddable":true,"href":"https:\/\/egyuttfejlodunk.hu\/index.php?rest_route=%2Fwp%2Fv2%2Fcomments&post=11885"}],"version-history":[{"count":1,"href":"https:\/\/egyuttfejlodunk.hu\/index.php?rest_route=\/wp\/v2\/posts\/11885\/revisions"}],"predecessor-version":[{"id":11887,"href":"https:\/\/egyuttfejlodunk.hu\/index.php?rest_route=\/wp\/v2\/posts\/11885\/revisions\/11887"}],"wp:featuredmedia":[{"embeddable":true,"href":"https:\/\/egyuttfejlodunk.hu\/index.php?rest_route=\/wp\/v2\/media\/11886"}],"wp:attachment":[{"href":"https:\/\/egyuttfejlodunk.hu\/index.php?rest_route=%2Fwp%2Fv2%2Fmedia&parent=11885"}],"wp:term":[{"taxonomy":"category","embeddable":true,"href":"https:\/\/egyuttfejlodunk.hu\/index.php?rest_route=%2Fwp%2Fv2%2Fcategories&post=11885"},{"taxonomy":"post_tag","embeddable":true,"href":"https:\/\/egyuttfejlodunk.hu\/index.php?rest_route=%2Fwp%2Fv2%2Ftags&post=11885"},{"taxonomy":"megye","embeddable":true,"href":"https:\/\/egyuttfejlodunk.hu\/index.php?rest_route=%2Fwp%2Fv2%2Fmegye&post=11885"}],"curies":[{"name":"wp","href":"https:\/\/api.w.org\/{rel}","templated":true}]}}