{"id":11896,"date":"2026-07-09T10:47:36","date_gmt":"2026-07-09T08:47:36","guid":{"rendered":"https:\/\/egyuttfejlodunk.hu\/?p=11896"},"modified":"2026-08-27T17:19:42","modified_gmt":"2026-08-27T15:19:42","slug":"folytatodik-a-pedagogusok-beremelese","status":"publish","type":"post","link":"https:\/\/egyuttfejlodunk.hu\/?p=11896","title":{"rendered":"Folytat\u00f3dik a pedag\u00f3gusok b\u00e9remel\u00e9se"},"content":{"rendered":"<p><b>A pedag\u00f3gus b\u00e9remel\u00e9s Magyarorsz\u00e1g \u00e9s az Eur\u00f3pai Uni\u00f3 t\u00e1rsfinansz\u00edroz\u00e1s\u00e1ban val\u00f3sul meg 2026-ban is.<\/b><\/p>\n<p>A k\u00f6znevel\u00e9sben dolgoz\u00f3 pedag\u00f3gusok \u00e1tlagb\u00e9re a t\u00f6bb l\u00e9pcs\u0151ben megval\u00f3s\u00edtott b\u00e9remel\u00e9sek eredm\u00e9nyek\u00e9nt 2025-t\u0151l el\u00e9rte a diplom\u00e1s \u00e1tlagb\u00e9r 80%-\u00e1t, mely ar\u00e1nyt 2031 v\u00e9g\u00e9ig fenntartja a korm\u00e1ny. 2026 janu\u00e1rj\u00e1t\u00f3l \u00fajabb, int\u00e9zm\u00e9nyi szinten \u00e1tlagosan 10%-os b\u00e9remel\u00e9s l\u00e9pett \u00e9letbe. Az int\u00e9zked\u00e9s hat\u00e1s\u00e1ra javult a pedag\u00f3gus \u00e9letp\u00e1lya vonzereje \u00e9s megtart\u00f3 ereje.<\/p>\n<p>A pedag\u00f3gusb\u00e9remel\u00e9s a k\u00f6lts\u00e9gvet\u00e9si t\u00e1mogat\u00e1s mellett az Eur\u00f3pai Uni\u00f3 t\u00e1rsfinansz\u00edroz\u00e1s\u00e1val val\u00f3sul meg. Az Eur\u00f3pai Szoci\u00e1lis Alap Plusz t\u00f6bb mint 700 milli\u00e1rd forinttal t\u00e1mogatja a programot, a 2021\u20132027-es fejleszt\u00e9si id\u0151szakban. Az Emberi Er\u0151forr\u00e1s Fejleszt\u00e9si Operat\u00edv Program Plusz (EFOP Plusz) keret\u00e9ben megval\u00f3sul\u00f3 \u201e<em>Pedag\u00f3gus \u00e9letp\u00e1lyamodell<\/em>\u201d \u00e9s \u201e<em>Pedag\u00f3gus \u00e9letp\u00e1lyamodell \u2013 h\u00e1tr\u00e1nyos helyzet\u0171 tanul\u00f3kkal foglalkoz\u00f3 pedag\u00f3gusokat \u00e9rint\u0151en<\/em>\u201d c\u00edm\u0171 projektek keret\u00e9ben ny\u00fajtott t\u00e1mogat\u00e1s eg\u00e9sz\u00edti ki a korm\u00e1ny \u00e1ltal v\u00e1llalt b\u00e9rfejleszt\u00e9st.<\/p>\n<p>A 2021-2027-es uni\u00f3s fejleszt\u00e9si id\u0151szakban minden tag\u00e1llam kijel\u00f6li azokat a strat\u00e9giai fontoss\u00e1g\u00fa m\u0171veleteket, amelyek meghat\u00e1roz\u00f3 szerepet j\u00e1tszanak az adott opera\u00edv program c\u00e9ljainak megval\u00f3s\u00edt\u00e1s\u00e1ban &#8211; Magyarorsz\u00e1gon ezeket a fejleszt\u00e9seket nevezz\u00fck Pill\u00e9reknek. Az EFOP Plusz egyik Pill\u00e9rter\u00fclete a Pedag\u00f3gus \u00e9letp\u00e1lyamodell, amelynek c\u00e9lja, hogy stabil, kisz\u00e1m\u00edthat\u00f3 \u00e9s vonz\u00f3 p\u00e1lyak\u00e9pet biztos\u00edtson a pedag\u00f3gusok sz\u00e1m\u00e1ra. A program emellett t\u00f6bbletjuttat\u00e1ssal ismeri el azok munk\u00e1j\u00e1t, akik h\u00e1tr\u00e1nyos helyzet\u0171 tanul\u00f3kat oktatnak, felz\u00e1rk\u00f3z\u00f3 telep\u00fcl\u00e9seken vagy az integr\u00e1ci\u00f3t el\u0151seg\u00edt\u0151 int\u00e9zm\u00e9nyekben dolgoznak.<\/p>\n","protected":false},"excerpt":{"rendered":"<p>A pedag\u00f3gus b\u00e9remel\u00e9s Magyarorsz\u00e1g \u00e9s az Eur\u00f3pai Uni\u00f3 t\u00e1rsfinansz\u00edroz\u00e1s\u00e1ban val\u00f3sul meg 2026-ban is. A k\u00f6znevel\u00e9sben dolgoz\u00f3 pedag\u00f3gusok \u00e1tlagb\u00e9re a t\u00f6bb l\u00e9pcs\u0151ben megval\u00f3s\u00edtott b\u00e9remel\u00e9sek eredm\u00e9nyek\u00e9nt 2025-t\u0151l el\u00e9rte a diplom\u00e1s \u00e1tlagb\u00e9r 80%-\u00e1t, mely ar\u00e1nyt 2031 v\u00e9g\u00e9ig fenntartja a korm\u00e1ny. 2026 janu\u00e1rj\u00e1t\u00f3l \u00fajabb, int\u00e9zm\u00e9nyi szinten \u00e1tlagosan 10%-os b\u00e9remel\u00e9s l\u00e9pett \u00e9letbe. Az int\u00e9zked\u00e9s hat\u00e1s\u00e1ra javult a pedag\u00f3gus \u00e9letp\u00e1lya vonzereje \u00e9s megtart\u00f3 ereje. A pedag\u00f3gusb\u00e9remel\u00e9s a k\u00f6lts\u00e9gvet\u00e9si t\u00e1mogat\u00e1s mellett az Eur\u00f3pai Uni\u00f3 t\u00e1rsfinansz\u00edroz\u00e1s\u00e1val val\u00f3sul meg. Az Eur\u00f3pai Szoci\u00e1lis Alap Plusz&#8230;<\/p>\n","protected":false},"author":30,"featured_media":11897,"comment_status":"closed","ping_status":"closed","sticky":false,"template":"","format":"standard","meta":{"_acf_changed":false,"ngg_post_thumbnail":0,"footnotes":""},"categories":[795],"tags":[],"megye":[],"class_list":["post-11896","post","type-post","status-publish","format-standard","has-post-thumbnail","hentry","category-szechenyi-plusz-piller-hu"],"acf":[],"yoast_head":"<!-- This site is optimized with the Yoast SEO Premium plugin v28.4 (Yoast SEO v28.4) - https:\/\/yoast.com\/product\/yoast-seo-premium-wordpress\/ -->\n<title>Folytat\u00f3dik a pedag\u00f3gusok b\u00e9remel\u00e9se - Egy\u00fctt fejl\u0151d\u00fcnk<\/title>\n<meta name=\"robots\" content=\"noindex, follow, max-snippet:-1, max-image-preview:large, max-video-preview:-1\" \/>\n<meta property=\"og:locale\" content=\"hu_HU\" \/>\n<meta property=\"og:type\" content=\"article\" \/>\n<meta property=\"og:title\" content=\"Folytat\u00f3dik a pedag\u00f3gusok b\u00e9remel\u00e9se\" \/>\n<meta property=\"og:description\" content=\"A pedag\u00f3gus b\u00e9remel\u00e9s Magyarorsz\u00e1g \u00e9s az Eur\u00f3pai Uni\u00f3 t\u00e1rsfinansz\u00edroz\u00e1s\u00e1ban val\u00f3sul meg 2026-ban is. A k\u00f6znevel\u00e9sben dolgoz\u00f3 pedag\u00f3gusok \u00e1tlagb\u00e9re a t\u00f6bb l\u00e9pcs\u0151ben megval\u00f3s\u00edtott b\u00e9remel\u00e9sek eredm\u00e9nyek\u00e9nt 2025-t\u0151l el\u00e9rte a diplom\u00e1s \u00e1tlagb\u00e9r 80%-\u00e1t, mely ar\u00e1nyt 2031 v\u00e9g\u00e9ig fenntartja a korm\u00e1ny. 2026 janu\u00e1rj\u00e1t\u00f3l \u00fajabb, int\u00e9zm\u00e9nyi szinten \u00e1tlagosan 10%-os b\u00e9remel\u00e9s l\u00e9pett \u00e9letbe. Az int\u00e9zked\u00e9s hat\u00e1s\u00e1ra javult a pedag\u00f3gus \u00e9letp\u00e1lya vonzereje \u00e9s megtart\u00f3 ereje. A pedag\u00f3gusb\u00e9remel\u00e9s a k\u00f6lts\u00e9gvet\u00e9si t\u00e1mogat\u00e1s mellett az Eur\u00f3pai Uni\u00f3 t\u00e1rsfinansz\u00edroz\u00e1s\u00e1val val\u00f3sul meg. Az Eur\u00f3pai Szoci\u00e1lis Alap Plusz...\" \/>\n<meta property=\"og:url\" content=\"https:\/\/egyuttfejlodunk.hu\/?p=11896\" \/>\n<meta property=\"og:site_name\" content=\"Egy\u00fctt fejl\u0151d\u00fcnk\" \/>\n<meta property=\"article:published_time\" content=\"2026-07-09T08:47:36+00:00\" \/>\n<meta property=\"article:modified_time\" content=\"2026-08-27T15:19:42+00:00\" \/>\n<meta property=\"og:image\" content=\"https:\/\/egyuttfejlodunk.hu\/wp-content\/uploads\/2026\/08\/0_nyito_g_pexels.com_.jpg\" \/>\n\t<meta property=\"og:image:width\" content=\"1920\" \/>\n\t<meta property=\"og:image:height\" content=\"1036\" \/>\n\t<meta property=\"og:image:type\" content=\"image\/jpeg\" \/>\n<meta name=\"author\" content=\"T\u00f3th Ferenc\" \/>\n<meta name=\"twitter:card\" content=\"summary_large_image\" \/>\n<meta name=\"twitter:label1\" content=\"Szerz\u0151:\" \/>\n\t<meta name=\"twitter:data1\" content=\"T\u00f3th Ferenc\" \/>\n\t<meta name=\"twitter:label2\" content=\"Becs\u00fclt olvas\u00e1si id\u0151\" \/>\n\t<meta name=\"twitter:data2\" content=\"2 perc\" \/>\n<script type=\"application\/ld+json\" class=\"yoast-schema-graph\">{\"@context\":\"https:\\\/\\\/schema.org\",\"@graph\":[{\"@type\":\"Article\",\"@id\":\"https:\\\/\\\/egyuttfejlodunk.hu\\\/?p=11896#article\",\"isPartOf\":{\"@id\":\"https:\\\/\\\/egyuttfejlodunk.hu\\\/?p=11896\"},\"author\":{\"name\":\"T\u00f3th Ferenc\",\"@id\":\"https:\\\/\\\/egyuttfejlodunk.hu\\\/#\\\/schema\\\/person\\\/94cc2e6bf0b14e6d5de3d603885ed8c5\"},\"headline\":\"Folytat\u00f3dik a pedag\u00f3gusok b\u00e9remel\u00e9se\",\"datePublished\":\"2026-07-09T08:47:36+00:00\",\"dateModified\":\"2026-08-27T15:19:42+00:00\",\"mainEntityOfPage\":{\"@id\":\"https:\\\/\\\/egyuttfejlodunk.hu\\\/?p=11896\"},\"wordCount\":341,\"publisher\":{\"@id\":\"https:\\\/\\\/egyuttfejlodunk.hu\\\/#organization\"},\"image\":{\"@id\":\"https:\\\/\\\/egyuttfejlodunk.hu\\\/?p=11896#primaryimage\"},\"thumbnailUrl\":\"https:\\\/\\\/egyuttfejlodunk.hu\\\/wp-content\\\/uploads\\\/2026\\\/08\\\/0_nyito_g_pexels.com_.jpg\",\"articleSection\":[\"sz\u00e9chenyi plusz pill\u00e9r\"],\"inLanguage\":\"hu\"},{\"@type\":\"WebPage\",\"@id\":\"https:\\\/\\\/egyuttfejlodunk.hu\\\/?p=11896\",\"url\":\"https:\\\/\\\/egyuttfejlodunk.hu\\\/?p=11896\",\"name\":\"Folytat\u00f3dik a pedag\u00f3gusok b\u00e9remel\u00e9se - Egy\u00fctt fejl\u0151d\u00fcnk\",\"isPartOf\":{\"@id\":\"https:\\\/\\\/egyuttfejlodunk.hu\\\/#website\"},\"primaryImageOfPage\":{\"@id\":\"https:\\\/\\\/egyuttfejlodunk.hu\\\/?p=11896#primaryimage\"},\"image\":{\"@id\":\"https:\\\/\\\/egyuttfejlodunk.hu\\\/?p=11896#primaryimage\"},\"thumbnailUrl\":\"https:\\\/\\\/egyuttfejlodunk.hu\\\/wp-content\\\/uploads\\\/2026\\\/08\\\/0_nyito_g_pexels.com_.jpg\",\"datePublished\":\"2026-07-09T08:47:36+00:00\",\"dateModified\":\"2026-08-27T15:19:42+00:00\",\"breadcrumb\":{\"@id\":\"https:\\\/\\\/egyuttfejlodunk.hu\\\/?p=11896#breadcrumb\"},\"inLanguage\":\"hu\",\"potentialAction\":[{\"@type\":\"ReadAction\",\"target\":[\"https:\\\/\\\/egyuttfejlodunk.hu\\\/?p=11896\"]}]},{\"@type\":\"ImageObject\",\"inLanguage\":\"hu\",\"@id\":\"https:\\\/\\\/egyuttfejlodunk.hu\\\/?p=11896#primaryimage\",\"url\":\"https:\\\/\\\/egyuttfejlodunk.hu\\\/wp-content\\\/uploads\\\/2026\\\/08\\\/0_nyito_g_pexels.com_.jpg\",\"contentUrl\":\"https:\\\/\\\/egyuttfejlodunk.hu\\\/wp-content\\\/uploads\\\/2026\\\/08\\\/0_nyito_g_pexels.com_.jpg\",\"width\":1920,\"height\":1036},{\"@type\":\"BreadcrumbList\",\"@id\":\"https:\\\/\\\/egyuttfejlodunk.hu\\\/?p=11896#breadcrumb\",\"itemListElement\":[{\"@type\":\"ListItem\",\"position\":1,\"name\":\"Home\",\"item\":\"https:\\\/\\\/egyuttfejlodunk.hu\\\/\"},{\"@type\":\"ListItem\",\"position\":2,\"name\":\"Folytat\u00f3dik a pedag\u00f3gusok b\u00e9remel\u00e9se\"}]},{\"@type\":\"WebSite\",\"@id\":\"https:\\\/\\\/egyuttfejlodunk.hu\\\/#website\",\"url\":\"https:\\\/\\\/egyuttfejlodunk.hu\\\/\",\"name\":\"Egy\u00fctt fejl\u0151d\u00fcnk\",\"description\":\"\",\"publisher\":{\"@id\":\"https:\\\/\\\/egyuttfejlodunk.hu\\\/#organization\"},\"potentialAction\":[{\"@type\":\"SearchAction\",\"target\":{\"@type\":\"EntryPoint\",\"urlTemplate\":\"https:\\\/\\\/egyuttfejlodunk.hu\\\/?s={search_term_string}\"},\"query-input\":{\"@type\":\"PropertyValueSpecification\",\"valueRequired\":true,\"valueName\":\"search_term_string\"}}],\"inLanguage\":\"hu\"},{\"@type\":\"Organization\",\"@id\":\"https:\\\/\\\/egyuttfejlodunk.hu\\\/#organization\",\"name\":\"Egy\u00fctt fejl\u0151d\u00fcnk\",\"url\":\"https:\\\/\\\/egyuttfejlodunk.hu\\\/\",\"logo\":{\"@type\":\"ImageObject\",\"inLanguage\":\"hu\",\"@id\":\"https:\\\/\\\/egyuttfejlodunk.hu\\\/#\\\/schema\\\/logo\\\/image\\\/\",\"url\":\"https:\\\/\\\/egyuttfejlodunk.hu\\\/wp-content\\\/uploads\\\/2026\\\/04\\\/ujlogo.jpg\",\"contentUrl\":\"https:\\\/\\\/egyuttfejlodunk.hu\\\/wp-content\\\/uploads\\\/2026\\\/04\\\/ujlogo.jpg\",\"width\":350,\"height\":110,\"caption\":\"Egy\u00fctt fejl\u0151d\u00fcnk\"},\"image\":{\"@id\":\"https:\\\/\\\/egyuttfejlodunk.hu\\\/#\\\/schema\\\/logo\\\/image\\\/\"}},{\"@type\":\"Person\",\"@id\":\"https:\\\/\\\/egyuttfejlodunk.hu\\\/#\\\/schema\\\/person\\\/94cc2e6bf0b14e6d5de3d603885ed8c5\",\"name\":\"T\u00f3th Ferenc\"}]}<\/script>\n<!-- \/ Yoast SEO Premium plugin. -->","yoast_head_json":{"title":"Folytat\u00f3dik a pedag\u00f3gusok b\u00e9remel\u00e9se - Egy\u00fctt fejl\u0151d\u00fcnk","robots":{"index":"noindex","follow":"follow","max-snippet":"max-snippet:-1","max-image-preview":"max-image-preview:large","max-video-preview":"max-video-preview:-1"},"og_locale":"hu_HU","og_type":"article","og_title":"Folytat\u00f3dik a pedag\u00f3gusok b\u00e9remel\u00e9se","og_description":"A pedag\u00f3gus b\u00e9remel\u00e9s Magyarorsz\u00e1g \u00e9s az Eur\u00f3pai Uni\u00f3 t\u00e1rsfinansz\u00edroz\u00e1s\u00e1ban val\u00f3sul meg 2026-ban is. A k\u00f6znevel\u00e9sben dolgoz\u00f3 pedag\u00f3gusok \u00e1tlagb\u00e9re a t\u00f6bb l\u00e9pcs\u0151ben megval\u00f3s\u00edtott b\u00e9remel\u00e9sek eredm\u00e9nyek\u00e9nt 2025-t\u0151l el\u00e9rte a diplom\u00e1s \u00e1tlagb\u00e9r 80%-\u00e1t, mely ar\u00e1nyt 2031 v\u00e9g\u00e9ig fenntartja a korm\u00e1ny. 2026 janu\u00e1rj\u00e1t\u00f3l \u00fajabb, int\u00e9zm\u00e9nyi szinten \u00e1tlagosan 10%-os b\u00e9remel\u00e9s l\u00e9pett \u00e9letbe. Az int\u00e9zked\u00e9s hat\u00e1s\u00e1ra javult a pedag\u00f3gus \u00e9letp\u00e1lya vonzereje \u00e9s megtart\u00f3 ereje. A pedag\u00f3gusb\u00e9remel\u00e9s a k\u00f6lts\u00e9gvet\u00e9si t\u00e1mogat\u00e1s mellett az Eur\u00f3pai Uni\u00f3 t\u00e1rsfinansz\u00edroz\u00e1s\u00e1val val\u00f3sul meg. Az Eur\u00f3pai Szoci\u00e1lis Alap Plusz...","og_url":"https:\/\/egyuttfejlodunk.hu\/?p=11896","og_site_name":"Egy\u00fctt fejl\u0151d\u00fcnk","article_published_time":"2026-07-09T08:47:36+00:00","article_modified_time":"2026-08-27T15:19:42+00:00","og_image":[{"width":1920,"height":1036,"url":"https:\/\/egyuttfejlodunk.hu\/wp-content\/uploads\/2026\/08\/0_nyito_g_pexels.com_.jpg","type":"image\/jpeg"}],"author":"T\u00f3th Ferenc","twitter_card":"summary_large_image","twitter_misc":{"Szerz\u0151:":"T\u00f3th Ferenc","Becs\u00fclt olvas\u00e1si id\u0151":"2 perc"},"schema":{"@context":"https:\/\/schema.org","@graph":[{"@type":"Article","@id":"https:\/\/egyuttfejlodunk.hu\/?p=11896#article","isPartOf":{"@id":"https:\/\/egyuttfejlodunk.hu\/?p=11896"},"author":{"name":"T\u00f3th Ferenc","@id":"https:\/\/egyuttfejlodunk.hu\/#\/schema\/person\/94cc2e6bf0b14e6d5de3d603885ed8c5"},"headline":"Folytat\u00f3dik a pedag\u00f3gusok b\u00e9remel\u00e9se","datePublished":"2026-07-09T08:47:36+00:00","dateModified":"2026-08-27T15:19:42+00:00","mainEntityOfPage":{"@id":"https:\/\/egyuttfejlodunk.hu\/?p=11896"},"wordCount":341,"publisher":{"@id":"https:\/\/egyuttfejlodunk.hu\/#organization"},"image":{"@id":"https:\/\/egyuttfejlodunk.hu\/?p=11896#primaryimage"},"thumbnailUrl":"https:\/\/egyuttfejlodunk.hu\/wp-content\/uploads\/2026\/08\/0_nyito_g_pexels.com_.jpg","articleSection":["sz\u00e9chenyi plusz pill\u00e9r"],"inLanguage":"hu"},{"@type":"WebPage","@id":"https:\/\/egyuttfejlodunk.hu\/?p=11896","url":"https:\/\/egyuttfejlodunk.hu\/?p=11896","name":"Folytat\u00f3dik a pedag\u00f3gusok b\u00e9remel\u00e9se - Egy\u00fctt fejl\u0151d\u00fcnk","isPartOf":{"@id":"https:\/\/egyuttfejlodunk.hu\/#website"},"primaryImageOfPage":{"@id":"https:\/\/egyuttfejlodunk.hu\/?p=11896#primaryimage"},"image":{"@id":"https:\/\/egyuttfejlodunk.hu\/?p=11896#primaryimage"},"thumbnailUrl":"https:\/\/egyuttfejlodunk.hu\/wp-content\/uploads\/2026\/08\/0_nyito_g_pexels.com_.jpg","datePublished":"2026-07-09T08:47:36+00:00","dateModified":"2026-08-27T15:19:42+00:00","breadcrumb":{"@id":"https:\/\/egyuttfejlodunk.hu\/?p=11896#breadcrumb"},"inLanguage":"hu","potentialAction":[{"@type":"ReadAction","target":["https:\/\/egyuttfejlodunk.hu\/?p=11896"]}]},{"@type":"ImageObject","inLanguage":"hu","@id":"https:\/\/egyuttfejlodunk.hu\/?p=11896#primaryimage","url":"https:\/\/egyuttfejlodunk.hu\/wp-content\/uploads\/2026\/08\/0_nyito_g_pexels.com_.jpg","contentUrl":"https:\/\/egyuttfejlodunk.hu\/wp-content\/uploads\/2026\/08\/0_nyito_g_pexels.com_.jpg","width":1920,"height":1036},{"@type":"BreadcrumbList","@id":"https:\/\/egyuttfejlodunk.hu\/?p=11896#breadcrumb","itemListElement":[{"@type":"ListItem","position":1,"name":"Home","item":"https:\/\/egyuttfejlodunk.hu\/"},{"@type":"ListItem","position":2,"name":"Folytat\u00f3dik a pedag\u00f3gusok b\u00e9remel\u00e9se"}]},{"@type":"WebSite","@id":"https:\/\/egyuttfejlodunk.hu\/#website","url":"https:\/\/egyuttfejlodunk.hu\/","name":"Egy\u00fctt fejl\u0151d\u00fcnk","description":"","publisher":{"@id":"https:\/\/egyuttfejlodunk.hu\/#organization"},"potentialAction":[{"@type":"SearchAction","target":{"@type":"EntryPoint","urlTemplate":"https:\/\/egyuttfejlodunk.hu\/?s={search_term_string}"},"query-input":{"@type":"PropertyValueSpecification","valueRequired":true,"valueName":"search_term_string"}}],"inLanguage":"hu"},{"@type":"Organization","@id":"https:\/\/egyuttfejlodunk.hu\/#organization","name":"Egy\u00fctt fejl\u0151d\u00fcnk","url":"https:\/\/egyuttfejlodunk.hu\/","logo":{"@type":"ImageObject","inLanguage":"hu","@id":"https:\/\/egyuttfejlodunk.hu\/#\/schema\/logo\/image\/","url":"https:\/\/egyuttfejlodunk.hu\/wp-content\/uploads\/2026\/04\/ujlogo.jpg","contentUrl":"https:\/\/egyuttfejlodunk.hu\/wp-content\/uploads\/2026\/04\/ujlogo.jpg","width":350,"height":110,"caption":"Egy\u00fctt fejl\u0151d\u00fcnk"},"image":{"@id":"https:\/\/egyuttfejlodunk.hu\/#\/schema\/logo\/image\/"}},{"@type":"Person","@id":"https:\/\/egyuttfejlodunk.hu\/#\/schema\/person\/94cc2e6bf0b14e6d5de3d603885ed8c5","name":"T\u00f3th Ferenc"}]}},"_links":{"self":[{"href":"https:\/\/egyuttfejlodunk.hu\/index.php?rest_route=\/wp\/v2\/posts\/11896","targetHints":{"allow":["GET"]}}],"collection":[{"href":"https:\/\/egyuttfejlodunk.hu\/index.php?rest_route=\/wp\/v2\/posts"}],"about":[{"href":"https:\/\/egyuttfejlodunk.hu\/index.php?rest_route=\/wp\/v2\/types\/post"}],"author":[{"embeddable":true,"href":"https:\/\/egyuttfejlodunk.hu\/index.php?rest_route=\/wp\/v2\/users\/30"}],"replies":[{"embeddable":true,"href":"https:\/\/egyuttfejlodunk.hu\/index.php?rest_route=%2Fwp%2Fv2%2Fcomments&post=11896"}],"version-history":[{"count":1,"href":"https:\/\/egyuttfejlodunk.hu\/index.php?rest_route=\/wp\/v2\/posts\/11896\/revisions"}],"predecessor-version":[{"id":11898,"href":"https:\/\/egyuttfejlodunk.hu\/index.php?rest_route=\/wp\/v2\/posts\/11896\/revisions\/11898"}],"wp:featuredmedia":[{"embeddable":true,"href":"https:\/\/egyuttfejlodunk.hu\/index.php?rest_route=\/wp\/v2\/media\/11897"}],"wp:attachment":[{"href":"https:\/\/egyuttfejlodunk.hu\/index.php?rest_route=%2Fwp%2Fv2%2Fmedia&parent=11896"}],"wp:term":[{"taxonomy":"category","embeddable":true,"href":"https:\/\/egyuttfejlodunk.hu\/index.php?rest_route=%2Fwp%2Fv2%2Fcategories&post=11896"},{"taxonomy":"post_tag","embeddable":true,"href":"https:\/\/egyuttfejlodunk.hu\/index.php?rest_route=%2Fwp%2Fv2%2Ftags&post=11896"},{"taxonomy":"megye","embeddable":true,"href":"https:\/\/egyuttfejlodunk.hu\/index.php?rest_route=%2Fwp%2Fv2%2Fmegye&post=11896"}],"curies":[{"name":"wp","href":"https:\/\/api.w.org\/{rel}","templated":true}]}}