{"id":11961,"date":"2026-07-17T10:19:29","date_gmt":"2026-07-17T08:19:29","guid":{"rendered":"https:\/\/egyuttfejlodunk.hu\/?p=11961"},"modified":"2026-08-28T08:26:45","modified_gmt":"2026-08-28T06:26:45","slug":"ahol-a-film-korulvesz","status":"publish","type":"post","link":"https:\/\/egyuttfejlodunk.hu\/?p=11961","title":{"rendered":"Ahol a film k\u00f6r\u00fclvesz"},"content":{"rendered":"<p><strong>Beleb\u00e1multam a c\u00e9lkeresztbe. Ugyanabba a c\u00e9lkeresztbe, amelyen kereszt\u00fcl Mike Vronsky figyelte a hegyek k\u00f6z\u00f6tt h\u00faz\u00f3d\u00f3 vadont A szarvasvad\u00e1sz legend\u00e1s jelenet\u00e9ben. M\u00e1r szinte \u00e9reztem a p\u00f3l\u00f3m al\u00e1 bek\u00fasz\u00f3 hideg erdei leveg\u0151t, amikor valami nem stimmelt. A feny\u0151k hely\u00e9n egy hatalmas, ragyog\u00f3 vet\u00edt\u0151v\u00e1szon jelent meg, k\u00f6r\u00fcl\u00f6ttem pedig egy sz\u00e1z\u00e9ves filmsz\u00ednh\u00e1z falai rajzol\u00f3dtak ki. Ekkor esett le, hogy nem Hollywoodban vagyok, hanem a szegedi Belv\u00e1rosi Mozi egyik leg\u00fajabb l\u00e1tv\u00e1nyoss\u00e1g\u00e1ban, az Id\u0151g\u00e9p nev\u0171 virtu\u00e1lis install\u00e1ci\u00f3ban.<\/strong><\/p>\n<p>A Napf\u00e9ny v\u00e1ros\u00e1nak klasszikus \u00e9p\u00fclete ez a mozi, imm\u00e1r t\u00f6bb, mint sz\u00e1z\u00e9ves m\u00falttal. Eredetileg is filmsz\u00ednh\u00e1znak \u00e9p\u00fclt, de mindig is tartottak itt sz\u00ednh\u00e1zi el\u0151ad\u00e1sokat, hangversenyeket, egy\u00e9b k\u00f6z\u00f6ss\u00e9gi rendezv\u00e9nyeket. Az \u00e9vtizedek sor\u00e1n ugyan n\u00e9h\u00e1nyszor korszer\u0171s\u00edtett\u00e9k, de bels\u0151 terei fokozatosan elvesz\u00edtett\u00e9k eredeti eleganci\u00e1jukat, a technika pedig m\u00e1r nem tudta ugyanazt az \u00e9lm\u00e9nyt ny\u00fajtani, amelyet a XXI. sz\u00e1zad k\u00f6z\u00f6ns\u00e9ge elv\u00e1r, ideje volt egy \u00e1tfog\u00f3 fel\u00faj\u00edt\u00e1snak. Szeged \u00d6nkorm\u00e1nyzata k\u00e9t eur\u00f3pai uni\u00f3s projekt t\u00e1mogat\u00e1s\u00e1val kiford\u00edtotta a sark\u00e1b\u00f3l az \u00e9p\u00fcletet, \u00e9s az energetikai korszer\u0171s\u00edt\u00e9st\u0151l az akad\u00e1lymentes\u00edt\u00e9sen \u00e1t, a terek \u00fajragondol\u00e1s\u00e1n kereszt\u00fcl a sz\u00e9kekig mindent \u00fajj\u00e1var\u00e1zsoltak. \u00c9s ez m\u00e9g nem minden, mert teljesen \u00faj l\u00e1tv\u00e1nyoss\u00e1gokkal is kieg\u00e9sz\u00edtett\u00e9k a mozi reperto\u00e1rj\u00e1t, azzal a nem titkolt c\u00e9llal, hogy \u00edgy n\u00f6velj\u00e9k a v\u00e1ros turisztikai vonzerej\u00e9t, gazdag\u00edts\u00e1k a l\u00e1togat\u00f3i \u00e9lm\u00e9nyt.<\/p>\n<p>Jelen projekt egyik legl\u00e1tv\u00e1nyosabb r\u00e9sze a n\u00e9z\u0151terek \u00e9s a vet\u00edt\u00e9stechnika teljes moderniz\u00e1ci\u00f3ja volt. Az orsz\u00e1g egyik legnagyobb moziterm\u00e9t, a Zsigmond Vilmos termet korszer\u0171 Dolby Atmos hangrendszerrel, \u00faj hangszigetel\u00e9ssel \u00e9s Magyarorsz\u00e1g m\u00e1sodik legnagyobb vet\u00edt\u0151v\u00e1szn\u00e1val szerelt\u00e9k fel. A kir\u00e1lyk\u00e9k n\u00e9z\u0151t\u00e9ri sz\u00e9kek, az \u00faj burkolatok \u00e9s a kib\u0151v\u00edtett sz\u00ednpad egyszerre szolg\u00e1lj\u00e1k a filmvet\u00edt\u00e9seket, a koncerteket \u00e9s az egy\u00e9b el\u0151ad\u00e1sokat. Meg\u00fajult a Bal\u00e1zs B\u00e9la \u00e9s a Cs\u0151ke J\u00f3zsef terem is, amelyek imm\u00e1r k\u00f6zvetlen bels\u0151 \u00e1tj\u00e1r\u00e1ssal kapcsol\u00f3dnak egym\u00e1shoz, k\u00e9nyelmesebb\u00e9 t\u00e9ve a l\u00e1togat\u00f3k mozg\u00e1s\u00e1t.<\/p>\n<p>A projekt m\u00e1sik nagy pill\u00e9r\u00e9t egy k\u00fcl\u00f6nleges, t\u00f6bb elemb\u0151l \u00e1ll\u00f3 filmes \u00e9lm\u00e9nyk\u00f6zpont kialak\u00edt\u00e1sa jelentette, amely j\u00e1t\u00e9kos, interakt\u00edv m\u00f3don vezeti v\u00e9gig a l\u00e1togat\u00f3kat a mozg\u00f3k\u00e9p m\u00faltj\u00e1n, jelen\u00e9n \u00e9s j\u00f6v\u0151j\u00e9n. A ki\u00e1ll\u00edt\u00e1s k\u00f6z\u00e9ppontj\u00e1ba h\u00e1rom kiemelked\u0151 szegedi sz\u00e1rmaz\u00e1s\u00fa filmes alkot\u00f3 ker\u00fclt, nevezetesen Zsigmond Vilmos, a hollywoodi Oscar-d\u00edjas operat\u0151r, Bal\u00e1zs B\u00e9la, a filmelm\u00e9let egyik legnagyobb alakja, valamint Cs\u0151ke J\u00f3zsef, a magyar filmkult\u00fara meghat\u00e1roz\u00f3 szem\u00e9lyis\u00e9ge. Az \u0151 \u00e9let\u00fatjuk \u00e9s munk\u00e1ss\u00e1guk k\u00f6zponti elemk\u00e9nt jelenik meg a ki\u00e1ll\u00edt\u00f3terekben, de a mozi bels\u0151 tereinek arculat\u00e1ban is vissza-visszak\u00f6sz\u00f6n.<\/p>\n<p>A l\u00e1togat\u00f3k virtu\u00e1lis val\u00f3s\u00e1gban barangolhatnak a filmek \u00e1ltal inspir\u00e1lt vil\u00e1gokban, kipr\u00f3b\u00e1lhatj\u00e1k a Blue Box st\u00fadi\u00f3t, megismerhetik a filmtr\u00fckk\u00f6k kulisszatitkait, interakt\u00edv id\u0151vonalon k\u00f6vethetik v\u00e9gig a filmt\u00f6rt\u00e9net fejl\u0151d\u00e9s\u00e9t, vagy \u00e9ppen saj\u00e1t avat\u00e1rjukkal utazhatnak k\u00fcl\u00f6nb\u00f6z\u0151 korszakokba az Id\u0151g\u00e9p l\u00e1tv\u00e1nyoss\u00e1g seg\u00edts\u00e9g\u00e9vel. A virtu\u00e1lis val\u00f3s\u00e1got alkalmaz\u00f3 mozi, a j\u00e1t\u00e9kterem, a digit\u00e1lis vend\u00e9gk\u00f6nyv, \u00e9s a holografikus install\u00e1ci\u00f3k mind azt szolg\u00e1lj\u00e1k, hogy a ki\u00e1ll\u00edt\u00e1s ne egyszeri program legyen, hanem folyamatosan meg\u00fajul\u00f3 \u00e9lm\u00e9nyk\u00e9nt \u00fajra \u00e9s \u00fajra visszah\u00edvja a k\u00f6z\u00f6ns\u00e9get.<\/p>\n<p>A teljes meg\u00fajul\u00e1shoz hozz\u00e1j\u00e1rult egy kor\u00e1bbi, szint\u00e9n eur\u00f3pai uni\u00f3s projekt, amelynek keret\u00e9ben az \u00e9p\u00fclet energetikai korszer\u0171s\u00edt\u00e9se \u00e9s teljes akad\u00e1lymentes\u00edt\u00e9se val\u00f3sult meg. A k\u00e9t fejleszt\u00e9s egy\u00fctt eredm\u00e9nyezte azt, hogy a sz\u00e1z\u00e9ves filmsz\u00ednh\u00e1z egyszerre \u0151rizhette meg t\u00f6rt\u00e9nelmi karakter\u00e9t \u00e9s v\u00e1lhatott korszer\u0171, a legifjabb gener\u00e1ci\u00f3k sz\u00e1m\u00e1ra is figyelemre m\u00e9lt\u00f3 kultur\u00e1lis-turisztikai k\u00f6zpontt\u00e1.<\/p>\n<p>A mozi vil\u00e1ga szerte a vil\u00e1gon folyamatosan \u00e1talakul. Egyre technikaibb\u00e1, egyre szem\u00e9lyre szabottabb\u00e1 v\u00e1lik az \u00e9lm\u00e9ny, \u00e9s a filmn\u00e9z\u00e9s egyre ink\u00e1bb f\u00fcggetlenedik magukt\u00f3l a vet\u00edt\u0151termekt\u0151l. A mozg\u00f3k\u00e9p l\u00e9nyege azonban nem v\u00e1ltozik: mindig egy t\u00f6rt\u00e9netet mes\u00e9l el, \u00e9rzelmeket \u00e9breszt, gondolatokat ind\u00edt \u00fatj\u00e1ra. \u00c9s ehhez id\u0151r\u0151l id\u0151re k\u00fcl\u00f6n\u00f6sen j\u00f3l esik be\u00fclni egy igazi, r\u00e9gi hangulat\u00fa moziba, ahol ahogy f\u00e9nyek lassan kialszanak, els\u00f6t\u00e9t\u00fcl a terem, \u00e9letre kel a fant\u00e1zia vil\u00e1ga, \u00e9s megsz\u00fcletik az az \u00e9lm\u00e9ny, amelyet semmilyen m\u00e1s k\u00e9perny\u0151 nem tud igaz\u00e1n helyettes\u00edteni.<\/p>\n<p>D\u0151lj h\u00e1tra \u00e9s \u00e9lvezd mozinkat a mozir\u00f3l!<\/p>\n<p><iframe title=\"Meg\u00fajult a 100 \u00e9ves szegedi Belv\u00e1rosi Mozi\" width=\"1200\" height=\"675\" src=\"https:\/\/www.youtube.com\/embed\/690G5wqxkW0?feature=oembed\" frameborder=\"0\" allow=\"accelerometer; autoplay; clipboard-write; encrypted-media; gyroscope; picture-in-picture; web-share\" referrerpolicy=\"strict-origin-when-cross-origin\" allowfullscreen><\/iframe><\/p>\n<p>A program a TOP-6.1.4-16-SG1-2018-00002 azonos\u00edt\u00f3 projekt keret\u00e9ben, eur\u00f3pai uni\u00f3s forr\u00e1s bevon\u00e1s\u00e1val val\u00f3sult meg.<\/p>\n<p>Tov\u00e1bbi r\u00e9szletek a t\u00e1mogatott projekt keres\u0151ben:<\/p>\n","protected":false},"excerpt":{"rendered":"<p>Beleb\u00e1multam a c\u00e9lkeresztbe. Ugyanabba a c\u00e9lkeresztbe, amelyen kereszt\u00fcl Mike Vronsky figyelte a hegyek k\u00f6z\u00f6tt h\u00faz\u00f3d\u00f3 vadont A szarvasvad\u00e1sz legend\u00e1s jelenet\u00e9ben. M\u00e1r szinte \u00e9reztem a p\u00f3l\u00f3m al\u00e1 bek\u00fasz\u00f3 hideg erdei leveg\u0151t, amikor valami nem stimmelt. A feny\u0151k hely\u00e9n egy hatalmas, ragyog\u00f3 vet\u00edt\u0151v\u00e1szon jelent meg, k\u00f6r\u00fcl\u00f6ttem pedig egy sz\u00e1z\u00e9ves filmsz\u00ednh\u00e1z falai rajzol\u00f3dtak ki. Ekkor esett le, hogy nem Hollywoodban vagyok, hanem a szegedi Belv\u00e1rosi Mozi egyik leg\u00fajabb l\u00e1tv\u00e1nyoss\u00e1g\u00e1ban, az Id\u0151g\u00e9p nev\u0171 virtu\u00e1lis install\u00e1ci\u00f3ban. A Napf\u00e9ny v\u00e1ros\u00e1nak klasszikus&#8230;<\/p>\n","protected":false},"author":30,"featured_media":11962,"comment_status":"closed","ping_status":"closed","sticky":false,"template":"","format":"standard","meta":{"_acf_changed":false,"ngg_post_thumbnail":0,"footnotes":""},"categories":[173],"tags":[433,487,419,615],"megye":[1118],"class_list":["post-11961","post","type-post","status-publish","format-standard","has-post-thumbnail","hentry","category-top-hu","tag-infrastrukturalis-fejlesztes","tag-intezmenyfejlesztes","tag-turisztikai-fejlesztes","tag-varosfejlesztes","megye-csongrad-csanad-megye"],"acf":[],"yoast_head":"<!-- This site is optimized with the Yoast SEO Premium plugin v28.4 (Yoast SEO v28.4) - https:\/\/yoast.com\/product\/yoast-seo-premium-wordpress\/ -->\n<title>Ahol a film k\u00f6r\u00fclvesz - Egy\u00fctt fejl\u0151d\u00fcnk<\/title>\n<meta name=\"robots\" content=\"noindex, follow, max-snippet:-1, max-image-preview:large, max-video-preview:-1\" \/>\n<meta property=\"og:locale\" content=\"hu_HU\" \/>\n<meta property=\"og:type\" content=\"article\" \/>\n<meta property=\"og:title\" content=\"Ahol a film k\u00f6r\u00fclvesz\" \/>\n<meta property=\"og:description\" content=\"Beleb\u00e1multam a c\u00e9lkeresztbe. Ugyanabba a c\u00e9lkeresztbe, amelyen kereszt\u00fcl Mike Vronsky figyelte a hegyek k\u00f6z\u00f6tt h\u00faz\u00f3d\u00f3 vadont A szarvasvad\u00e1sz legend\u00e1s jelenet\u00e9ben. M\u00e1r szinte \u00e9reztem a p\u00f3l\u00f3m al\u00e1 bek\u00fasz\u00f3 hideg erdei leveg\u0151t, amikor valami nem stimmelt. A feny\u0151k hely\u00e9n egy hatalmas, ragyog\u00f3 vet\u00edt\u0151v\u00e1szon jelent meg, k\u00f6r\u00fcl\u00f6ttem pedig egy sz\u00e1z\u00e9ves filmsz\u00ednh\u00e1z falai rajzol\u00f3dtak ki. Ekkor esett le, hogy nem Hollywoodban vagyok, hanem a szegedi Belv\u00e1rosi Mozi egyik leg\u00fajabb l\u00e1tv\u00e1nyoss\u00e1g\u00e1ban, az Id\u0151g\u00e9p nev\u0171 virtu\u00e1lis install\u00e1ci\u00f3ban. A Napf\u00e9ny v\u00e1ros\u00e1nak klasszikus...\" \/>\n<meta property=\"og:url\" content=\"https:\/\/egyuttfejlodunk.hu\/?p=11961\" \/>\n<meta property=\"og:site_name\" content=\"Egy\u00fctt fejl\u0151d\u00fcnk\" \/>\n<meta property=\"article:published_time\" content=\"2026-07-17T08:19:29+00:00\" \/>\n<meta property=\"article:modified_time\" content=\"2026-08-28T06:26:45+00:00\" \/>\n<meta property=\"og:image\" content=\"https:\/\/egyuttfejlodunk.hu\/wp-content\/uploads\/2026\/08\/vagott_1.3_arc.00_04_26_17.Still003.jpg\" \/>\n\t<meta property=\"og:image:width\" content=\"1920\" \/>\n\t<meta property=\"og:image:height\" content=\"1014\" \/>\n\t<meta property=\"og:image:type\" content=\"image\/jpeg\" \/>\n<meta name=\"author\" content=\"T\u00f3th Ferenc\" \/>\n<meta name=\"twitter:card\" content=\"summary_large_image\" \/>\n<meta name=\"twitter:label1\" content=\"Szerz\u0151:\" \/>\n\t<meta name=\"twitter:data1\" content=\"T\u00f3th Ferenc\" \/>\n\t<meta name=\"twitter:label2\" content=\"Becs\u00fclt olvas\u00e1si id\u0151\" \/>\n\t<meta name=\"twitter:data2\" content=\"4 perc\" \/>\n<script type=\"application\/ld+json\" class=\"yoast-schema-graph\">{\"@context\":\"https:\\\/\\\/schema.org\",\"@graph\":[{\"@type\":\"Article\",\"@id\":\"https:\\\/\\\/egyuttfejlodunk.hu\\\/?p=11961#article\",\"isPartOf\":{\"@id\":\"https:\\\/\\\/egyuttfejlodunk.hu\\\/?p=11961\"},\"author\":{\"name\":\"T\u00f3th Ferenc\",\"@id\":\"https:\\\/\\\/egyuttfejlodunk.hu\\\/#\\\/schema\\\/person\\\/94cc2e6bf0b14e6d5de3d603885ed8c5\"},\"headline\":\"Ahol a film k\u00f6r\u00fclvesz\",\"datePublished\":\"2026-07-17T08:19:29+00:00\",\"dateModified\":\"2026-08-28T06:26:45+00:00\",\"mainEntityOfPage\":{\"@id\":\"https:\\\/\\\/egyuttfejlodunk.hu\\\/?p=11961\"},\"wordCount\":974,\"publisher\":{\"@id\":\"https:\\\/\\\/egyuttfejlodunk.hu\\\/#organization\"},\"image\":{\"@id\":\"https:\\\/\\\/egyuttfejlodunk.hu\\\/?p=11961#primaryimage\"},\"thumbnailUrl\":\"https:\\\/\\\/egyuttfejlodunk.hu\\\/wp-content\\\/uploads\\\/2026\\\/08\\\/vagott_1.3_arc.00_04_26_17.Still003.jpg\",\"keywords\":[\"infrastruktur\u00e1lis fejleszt\u00e9s\",\"int\u00e9zm\u00e9nyfejleszt\u00e9s\",\"turisztikai fejleszt\u00e9s\",\"v\u00e1rosfejleszt\u00e9s\"],\"articleSection\":[\"Top\"],\"inLanguage\":\"hu\"},{\"@type\":\"WebPage\",\"@id\":\"https:\\\/\\\/egyuttfejlodunk.hu\\\/?p=11961\",\"url\":\"https:\\\/\\\/egyuttfejlodunk.hu\\\/?p=11961\",\"name\":\"Ahol a film k\u00f6r\u00fclvesz - Egy\u00fctt fejl\u0151d\u00fcnk\",\"isPartOf\":{\"@id\":\"https:\\\/\\\/egyuttfejlodunk.hu\\\/#website\"},\"primaryImageOfPage\":{\"@id\":\"https:\\\/\\\/egyuttfejlodunk.hu\\\/?p=11961#primaryimage\"},\"image\":{\"@id\":\"https:\\\/\\\/egyuttfejlodunk.hu\\\/?p=11961#primaryimage\"},\"thumbnailUrl\":\"https:\\\/\\\/egyuttfejlodunk.hu\\\/wp-content\\\/uploads\\\/2026\\\/08\\\/vagott_1.3_arc.00_04_26_17.Still003.jpg\",\"datePublished\":\"2026-07-17T08:19:29+00:00\",\"dateModified\":\"2026-08-28T06:26:45+00:00\",\"breadcrumb\":{\"@id\":\"https:\\\/\\\/egyuttfejlodunk.hu\\\/?p=11961#breadcrumb\"},\"inLanguage\":\"hu\",\"potentialAction\":[{\"@type\":\"ReadAction\",\"target\":[\"https:\\\/\\\/egyuttfejlodunk.hu\\\/?p=11961\"]}]},{\"@type\":\"ImageObject\",\"inLanguage\":\"hu\",\"@id\":\"https:\\\/\\\/egyuttfejlodunk.hu\\\/?p=11961#primaryimage\",\"url\":\"https:\\\/\\\/egyuttfejlodunk.hu\\\/wp-content\\\/uploads\\\/2026\\\/08\\\/vagott_1.3_arc.00_04_26_17.Still003.jpg\",\"contentUrl\":\"https:\\\/\\\/egyuttfejlodunk.hu\\\/wp-content\\\/uploads\\\/2026\\\/08\\\/vagott_1.3_arc.00_04_26_17.Still003.jpg\",\"width\":1920,\"height\":1014},{\"@type\":\"BreadcrumbList\",\"@id\":\"https:\\\/\\\/egyuttfejlodunk.hu\\\/?p=11961#breadcrumb\",\"itemListElement\":[{\"@type\":\"ListItem\",\"position\":1,\"name\":\"Home\",\"item\":\"https:\\\/\\\/egyuttfejlodunk.hu\\\/\"},{\"@type\":\"ListItem\",\"position\":2,\"name\":\"Ahol a film k\u00f6r\u00fclvesz\"}]},{\"@type\":\"WebSite\",\"@id\":\"https:\\\/\\\/egyuttfejlodunk.hu\\\/#website\",\"url\":\"https:\\\/\\\/egyuttfejlodunk.hu\\\/\",\"name\":\"Egy\u00fctt fejl\u0151d\u00fcnk\",\"description\":\"\",\"publisher\":{\"@id\":\"https:\\\/\\\/egyuttfejlodunk.hu\\\/#organization\"},\"potentialAction\":[{\"@type\":\"SearchAction\",\"target\":{\"@type\":\"EntryPoint\",\"urlTemplate\":\"https:\\\/\\\/egyuttfejlodunk.hu\\\/?s={search_term_string}\"},\"query-input\":{\"@type\":\"PropertyValueSpecification\",\"valueRequired\":true,\"valueName\":\"search_term_string\"}}],\"inLanguage\":\"hu\"},{\"@type\":\"Organization\",\"@id\":\"https:\\\/\\\/egyuttfejlodunk.hu\\\/#organization\",\"name\":\"Egy\u00fctt fejl\u0151d\u00fcnk\",\"url\":\"https:\\\/\\\/egyuttfejlodunk.hu\\\/\",\"logo\":{\"@type\":\"ImageObject\",\"inLanguage\":\"hu\",\"@id\":\"https:\\\/\\\/egyuttfejlodunk.hu\\\/#\\\/schema\\\/logo\\\/image\\\/\",\"url\":\"https:\\\/\\\/egyuttfejlodunk.hu\\\/wp-content\\\/uploads\\\/2026\\\/04\\\/ujlogo.jpg\",\"contentUrl\":\"https:\\\/\\\/egyuttfejlodunk.hu\\\/wp-content\\\/uploads\\\/2026\\\/04\\\/ujlogo.jpg\",\"width\":350,\"height\":110,\"caption\":\"Egy\u00fctt fejl\u0151d\u00fcnk\"},\"image\":{\"@id\":\"https:\\\/\\\/egyuttfejlodunk.hu\\\/#\\\/schema\\\/logo\\\/image\\\/\"}},{\"@type\":\"Person\",\"@id\":\"https:\\\/\\\/egyuttfejlodunk.hu\\\/#\\\/schema\\\/person\\\/94cc2e6bf0b14e6d5de3d603885ed8c5\",\"name\":\"T\u00f3th Ferenc\"}]}<\/script>\n<!-- \/ Yoast SEO Premium plugin. -->","yoast_head_json":{"title":"Ahol a film k\u00f6r\u00fclvesz - Egy\u00fctt fejl\u0151d\u00fcnk","robots":{"index":"noindex","follow":"follow","max-snippet":"max-snippet:-1","max-image-preview":"max-image-preview:large","max-video-preview":"max-video-preview:-1"},"og_locale":"hu_HU","og_type":"article","og_title":"Ahol a film k\u00f6r\u00fclvesz","og_description":"Beleb\u00e1multam a c\u00e9lkeresztbe. Ugyanabba a c\u00e9lkeresztbe, amelyen kereszt\u00fcl Mike Vronsky figyelte a hegyek k\u00f6z\u00f6tt h\u00faz\u00f3d\u00f3 vadont A szarvasvad\u00e1sz legend\u00e1s jelenet\u00e9ben. M\u00e1r szinte \u00e9reztem a p\u00f3l\u00f3m al\u00e1 bek\u00fasz\u00f3 hideg erdei leveg\u0151t, amikor valami nem stimmelt. A feny\u0151k hely\u00e9n egy hatalmas, ragyog\u00f3 vet\u00edt\u0151v\u00e1szon jelent meg, k\u00f6r\u00fcl\u00f6ttem pedig egy sz\u00e1z\u00e9ves filmsz\u00ednh\u00e1z falai rajzol\u00f3dtak ki. Ekkor esett le, hogy nem Hollywoodban vagyok, hanem a szegedi Belv\u00e1rosi Mozi egyik leg\u00fajabb l\u00e1tv\u00e1nyoss\u00e1g\u00e1ban, az Id\u0151g\u00e9p nev\u0171 virtu\u00e1lis install\u00e1ci\u00f3ban. A Napf\u00e9ny v\u00e1ros\u00e1nak klasszikus...","og_url":"https:\/\/egyuttfejlodunk.hu\/?p=11961","og_site_name":"Egy\u00fctt fejl\u0151d\u00fcnk","article_published_time":"2026-07-17T08:19:29+00:00","article_modified_time":"2026-08-28T06:26:45+00:00","og_image":[{"width":1920,"height":1014,"url":"https:\/\/egyuttfejlodunk.hu\/wp-content\/uploads\/2026\/08\/vagott_1.3_arc.00_04_26_17.Still003.jpg","type":"image\/jpeg"}],"author":"T\u00f3th Ferenc","twitter_card":"summary_large_image","twitter_misc":{"Szerz\u0151:":"T\u00f3th Ferenc","Becs\u00fclt olvas\u00e1si id\u0151":"4 perc"},"schema":{"@context":"https:\/\/schema.org","@graph":[{"@type":"Article","@id":"https:\/\/egyuttfejlodunk.hu\/?p=11961#article","isPartOf":{"@id":"https:\/\/egyuttfejlodunk.hu\/?p=11961"},"author":{"name":"T\u00f3th Ferenc","@id":"https:\/\/egyuttfejlodunk.hu\/#\/schema\/person\/94cc2e6bf0b14e6d5de3d603885ed8c5"},"headline":"Ahol a film k\u00f6r\u00fclvesz","datePublished":"2026-07-17T08:19:29+00:00","dateModified":"2026-08-28T06:26:45+00:00","mainEntityOfPage":{"@id":"https:\/\/egyuttfejlodunk.hu\/?p=11961"},"wordCount":974,"publisher":{"@id":"https:\/\/egyuttfejlodunk.hu\/#organization"},"image":{"@id":"https:\/\/egyuttfejlodunk.hu\/?p=11961#primaryimage"},"thumbnailUrl":"https:\/\/egyuttfejlodunk.hu\/wp-content\/uploads\/2026\/08\/vagott_1.3_arc.00_04_26_17.Still003.jpg","keywords":["infrastruktur\u00e1lis fejleszt\u00e9s","int\u00e9zm\u00e9nyfejleszt\u00e9s","turisztikai fejleszt\u00e9s","v\u00e1rosfejleszt\u00e9s"],"articleSection":["Top"],"inLanguage":"hu"},{"@type":"WebPage","@id":"https:\/\/egyuttfejlodunk.hu\/?p=11961","url":"https:\/\/egyuttfejlodunk.hu\/?p=11961","name":"Ahol a film k\u00f6r\u00fclvesz - Egy\u00fctt fejl\u0151d\u00fcnk","isPartOf":{"@id":"https:\/\/egyuttfejlodunk.hu\/#website"},"primaryImageOfPage":{"@id":"https:\/\/egyuttfejlodunk.hu\/?p=11961#primaryimage"},"image":{"@id":"https:\/\/egyuttfejlodunk.hu\/?p=11961#primaryimage"},"thumbnailUrl":"https:\/\/egyuttfejlodunk.hu\/wp-content\/uploads\/2026\/08\/vagott_1.3_arc.00_04_26_17.Still003.jpg","datePublished":"2026-07-17T08:19:29+00:00","dateModified":"2026-08-28T06:26:45+00:00","breadcrumb":{"@id":"https:\/\/egyuttfejlodunk.hu\/?p=11961#breadcrumb"},"inLanguage":"hu","potentialAction":[{"@type":"ReadAction","target":["https:\/\/egyuttfejlodunk.hu\/?p=11961"]}]},{"@type":"ImageObject","inLanguage":"hu","@id":"https:\/\/egyuttfejlodunk.hu\/?p=11961#primaryimage","url":"https:\/\/egyuttfejlodunk.hu\/wp-content\/uploads\/2026\/08\/vagott_1.3_arc.00_04_26_17.Still003.jpg","contentUrl":"https:\/\/egyuttfejlodunk.hu\/wp-content\/uploads\/2026\/08\/vagott_1.3_arc.00_04_26_17.Still003.jpg","width":1920,"height":1014},{"@type":"BreadcrumbList","@id":"https:\/\/egyuttfejlodunk.hu\/?p=11961#breadcrumb","itemListElement":[{"@type":"ListItem","position":1,"name":"Home","item":"https:\/\/egyuttfejlodunk.hu\/"},{"@type":"ListItem","position":2,"name":"Ahol a film k\u00f6r\u00fclvesz"}]},{"@type":"WebSite","@id":"https:\/\/egyuttfejlodunk.hu\/#website","url":"https:\/\/egyuttfejlodunk.hu\/","name":"Egy\u00fctt fejl\u0151d\u00fcnk","description":"","publisher":{"@id":"https:\/\/egyuttfejlodunk.hu\/#organization"},"potentialAction":[{"@type":"SearchAction","target":{"@type":"EntryPoint","urlTemplate":"https:\/\/egyuttfejlodunk.hu\/?s={search_term_string}"},"query-input":{"@type":"PropertyValueSpecification","valueRequired":true,"valueName":"search_term_string"}}],"inLanguage":"hu"},{"@type":"Organization","@id":"https:\/\/egyuttfejlodunk.hu\/#organization","name":"Egy\u00fctt fejl\u0151d\u00fcnk","url":"https:\/\/egyuttfejlodunk.hu\/","logo":{"@type":"ImageObject","inLanguage":"hu","@id":"https:\/\/egyuttfejlodunk.hu\/#\/schema\/logo\/image\/","url":"https:\/\/egyuttfejlodunk.hu\/wp-content\/uploads\/2026\/04\/ujlogo.jpg","contentUrl":"https:\/\/egyuttfejlodunk.hu\/wp-content\/uploads\/2026\/04\/ujlogo.jpg","width":350,"height":110,"caption":"Egy\u00fctt fejl\u0151d\u00fcnk"},"image":{"@id":"https:\/\/egyuttfejlodunk.hu\/#\/schema\/logo\/image\/"}},{"@type":"Person","@id":"https:\/\/egyuttfejlodunk.hu\/#\/schema\/person\/94cc2e6bf0b14e6d5de3d603885ed8c5","name":"T\u00f3th Ferenc"}]}},"_links":{"self":[{"href":"https:\/\/egyuttfejlodunk.hu\/index.php?rest_route=\/wp\/v2\/posts\/11961","targetHints":{"allow":["GET"]}}],"collection":[{"href":"https:\/\/egyuttfejlodunk.hu\/index.php?rest_route=\/wp\/v2\/posts"}],"about":[{"href":"https:\/\/egyuttfejlodunk.hu\/index.php?rest_route=\/wp\/v2\/types\/post"}],"author":[{"embeddable":true,"href":"https:\/\/egyuttfejlodunk.hu\/index.php?rest_route=\/wp\/v2\/users\/30"}],"replies":[{"embeddable":true,"href":"https:\/\/egyuttfejlodunk.hu\/index.php?rest_route=%2Fwp%2Fv2%2Fcomments&post=11961"}],"version-history":[{"count":1,"href":"https:\/\/egyuttfejlodunk.hu\/index.php?rest_route=\/wp\/v2\/posts\/11961\/revisions"}],"predecessor-version":[{"id":11963,"href":"https:\/\/egyuttfejlodunk.hu\/index.php?rest_route=\/wp\/v2\/posts\/11961\/revisions\/11963"}],"wp:featuredmedia":[{"embeddable":true,"href":"https:\/\/egyuttfejlodunk.hu\/index.php?rest_route=\/wp\/v2\/media\/11962"}],"wp:attachment":[{"href":"https:\/\/egyuttfejlodunk.hu\/index.php?rest_route=%2Fwp%2Fv2%2Fmedia&parent=11961"}],"wp:term":[{"taxonomy":"category","embeddable":true,"href":"https:\/\/egyuttfejlodunk.hu\/index.php?rest_route=%2Fwp%2Fv2%2Fcategories&post=11961"},{"taxonomy":"post_tag","embeddable":true,"href":"https:\/\/egyuttfejlodunk.hu\/index.php?rest_route=%2Fwp%2Fv2%2Ftags&post=11961"},{"taxonomy":"megye","embeddable":true,"href":"https:\/\/egyuttfejlodunk.hu\/index.php?rest_route=%2Fwp%2Fv2%2Fmegye&post=11961"}],"curies":[{"name":"wp","href":"https:\/\/api.w.org\/{rel}","templated":true}]}}