{"id":11992,"date":"2026-07-24T10:14:35","date_gmt":"2026-07-24T08:14:35","guid":{"rendered":"https:\/\/egyuttfejlodunk.hu\/?p=11992"},"modified":"2026-08-28T08:23:43","modified_gmt":"2026-08-28T06:23:43","slug":"tobb-mint-egy-projekt-igaz-tortenetek-nogradbol","status":"publish","type":"post","link":"https:\/\/egyuttfejlodunk.hu\/?p=11992","title":{"rendered":"T\u00f6bb mint egy projekt: igaz t\u00f6rt\u00e9netek N\u00f3gr\u00e1db\u00f3l"},"content":{"rendered":"<p><strong>Egy v\u00e1llalkoz\u00e1s, amely munkat\u00e1rsat keres, egy \u00e1ll\u00e1skeres\u0151, aki meg\u00e9lhet\u00e9st. Egy t\u00e9rs\u00e9g, ahol minden \u00faj lehet\u0151s\u00e9g jelent\u0151s\u00e9ggel b\u00edr. Hi\u00e1ba, a leg\u00e9rdekesebb t\u00f6rt\u00e9netek m\u00e9g mindig az emberekr\u0151l sz\u00f3lnak.<\/strong><\/p>\n<p>Vannak olyan szavak, amelyek, legy\u00fcnk \u0151szint\u00e9k, nem kifejezetten arra sz\u00fclettek, hogy az ember pulzusa az egekbe sz\u00f6kj\u00f6n az izgatotts\u00e1gt\u00f3l. Els\u0151 olvas\u00e1sra a \u201efoglalkoztat\u00e1si paktum\u201d sz\u00f3kapcsolat is pont ilyen, pedig, ha kicsit f\u00e9lretoljuk a projektazonos\u00edt\u00f3k, operat\u00edv programok \u00e9s c\u00e9lcsoportok vil\u00e1g\u00e1t, nagyon is konkr\u00e9t emberi t\u00f6rt\u00e9neteket rajzol\u00f3dnak ki, amelyekben a munka, a meg\u00e9lhet\u00e9s, az \u00fajrakezd\u00e9s j\u00e1tssz\u00e1k a f\u0151szerepet. Ugye \u00edgy m\u00e1r k\u00f6nnyebben szalad a szem\u00fcnk?<\/p>\n<p>A \u201eN\u00f3gr\u00e1di Szabad V\u00e1llalkoz\u00e1si Z\u00f3na\u201d helyi foglalkoztat\u00e1si paktum azzal a c\u00e9llal indult, hogy ne csup\u00e1n munkahelyeket teremtsen, hanem val\u00f3di egy\u00fcttm\u0171k\u00f6d\u00e9st hozzon l\u00e9tre a t\u00e9rs\u00e9g szerepl\u0151i k\u00f6z\u00f6tt. Az eur\u00f3pai uni\u00f3s t\u00e1mogat\u00e1sb\u00f3l megval\u00f3sult projekt a P\u00e1szt\u00f3i, B\u00e1tonyterenyei, Sz\u00e9cs\u00e9nyi \u00e9s a Salg\u00f3tarj\u00e1ni j\u00e1r\u00e1st fogta \u00f6ssze. A t\u00f6bb mint hat \u00e9ven \u00e1t tart\u00f3 egy\u00fcttm\u0171k\u00f6d\u00e9sben \u00f6nkorm\u00e1nyzatok, , szakmai partnerek, fejleszt\u00e9si szerepl\u0151k, helyi szervezetek \u00e9s a korm\u00e1nyhivatal dolgoztak egy\u00fctt az\u00e9rt, hogy val\u00f3di seg\u00edts\u00e9get ny\u00fajtsanak a t\u00e9rs\u00e9gben \u00e9l\u0151 h\u00e1tr\u00e1nyos helyzet\u0171 \u00e1ll\u00e1skeres\u0151knek, inakt\u00edv, vagy a k\u00f6zfoglalkoztat\u00e1sb\u00f3l tov\u00e1bbl\u00e9pni k\u00edv\u00e1n\u00f3knak. A t\u00e1mogat\u00e1s ebben az esetben t\u00f6bbet jelentett elvont \u00edg\u00e9retekn\u00e9l: oktat\u00e1st, tan\u00e1csad\u00e1st, mentor\u00e1l\u00e1st \u00e9s munkaer\u0151piaci szolg\u00e1ltat\u00e1sokat. K\u00e9pz\u00e9sek, b\u00e9r- \u00e9s b\u00e9rk\u00f6lts\u00e9g-t\u00e1mogat\u00e1sok, seg\u00edts\u00e9gny\u00fajt\u00e1s egy v\u00e1llalkoz\u00f3i karrier elind\u00edt\u00e1s\u00e1ban, munk\u00e1ba j\u00e1r\u00e1si k\u00f6lts\u00e9gt\u00e9r\u00edt\u00e9s \u00e9s szem\u00e9lyre szabott tan\u00e1csad\u00e1s seg\u00edtette a jelentkez\u0151ket abban, hogy min\u00e9l t\u00f6bben hossz\u00fa t\u00e1v\u00fa meg\u00e9lhet\u00e9sre tal\u00e1ljanak.<\/p>\n<p>A kezdem\u00e9nyez\u00e9s term\u00e9szetesen a fiatalokat sem felejtette el. A \u201eNyitott \u00fczemek \u2013 L\u00e9pj k\u00f6zelebb a szakm\u00e1khoz!\u201d p\u00e1lyaorient\u00e1ci\u00f3s program keret\u00e9ben a di\u00e1kok testk\u00f6zelb\u0151l ismerhett\u00e9k meg a helyi v\u00e1llalkoz\u00e1sokat \u00e9s szakm\u00e1kat, \u00edgy k\u00f6nnyebben hozhattak megalapozott p\u00e1lyav\u00e1laszt\u00e1si d\u00f6nt\u00e9st.<\/p>\n<p>A projekt eredetileg 895 f\u0151 bevon\u00e1s\u00e1t v\u00e1llalta, v\u00e9g\u00fcl azonban 908 jelentkez\u0151 kapcsol\u00f3dott be a programba. K\u00f6z\u00fcl\u00fck t\u00f6bb sz\u00e1zan k\u00fcl\u00f6nb\u00f6z\u0151 t\u00e1mogat\u00e1si form\u00e1k seg\u00edts\u00e9g\u00e9vel helyezkedtek el, m\u00edg sokan k\u00f6zvetlen munkaer\u0151-k\u00f6zvet\u00edt\u00e9s r\u00e9v\u00e9n tal\u00e1ltak \u00e1ll\u00e1st. A r\u00e9sztvev\u0151k \u00f6sszesen t\u00f6bb mint k\u00e9tezer alkalommal vettek ig\u00e9nybe valamilyen hum\u00e1nszolg\u00e1ltat\u00e1st, ami j\u00f3l mutatja, hogy a projekt \u00e1ltal k\u00edn\u00e1lt folyamatos seg\u00edts\u00e9g, k\u00eds\u00e9r\u00e9s, mentor\u00e1l\u00e1s nagyon is indokolt ezekben a helyzetekben. \u00c9s tal\u00e1n \u00e9ppen ez az oka annak, hogy egy ilyen programot nem lehet egyszer\u0171en befejezettnek tekinteni att\u00f3l, hogy lej\u00e1r a t\u00e1mogat\u00e1si id\u0151szak.<\/p>\n<p>\u00cdgy, b\u00e1r a N\u00f3gr\u00e1di Szabad V\u00e1llalkoz\u00e1si Z\u00f3na foglalkoztat\u00e1si paktuma hivatalosan lez\u00e1rult, a t\u00f6rt\u00e9netek tov\u00e1bb folytat\u00f3dnak az \u00e9vek alatt kialakult helyi kapcsolatokban, a folyamatos, k\u00f6lcs\u00f6n\u00f6s tanul\u00e1sban. \u00c9s megint lesz valaki, aki ennek k\u00f6sz\u00f6nhet\u0151en egy reggel \u00fajra munk\u00e1ba indulhat, aki k\u00e9pz\u00e9sre jelentkezhet. Aki hossz\u00fa id\u0151 ut\u00e1n el\u0151sz\u00f6r \u00e9rezheti azt, hogy van merre tov\u00e1bb. \u00c9s ez \u00edgy m\u00e1r j\u00f3val izgalmasabb t\u00f6rt\u00e9net, mint amit a hivatalos c\u00edm els\u0151re \u00edg\u00e9r.<\/p>\n<p><img fetchpriority=\"high\" decoding=\"async\" class=\"aligncenter wp-image-11996 size-full\" src=\"https:\/\/egyuttfejlodunk.hu\/wp-content\/uploads\/2026\/07\/TOP-5.1.2-15-NG1-2016-00002-Nogradi-Szabad-Vallalkozasi-Zona-helyi-foglalkoztatasi-paktum-640x480-1.jpg\" alt=\"\" width=\"640\" height=\"480\" srcset=\"https:\/\/egyuttfejlodunk.hu\/wp-content\/uploads\/2026\/07\/TOP-5.1.2-15-NG1-2016-00002-Nogradi-Szabad-Vallalkozasi-Zona-helyi-foglalkoztatasi-paktum-640x480-1.jpg 640w, https:\/\/egyuttfejlodunk.hu\/wp-content\/uploads\/2026\/07\/TOP-5.1.2-15-NG1-2016-00002-Nogradi-Szabad-Vallalkozasi-Zona-helyi-foglalkoztatasi-paktum-640x480-1-320x240.jpg 320w\" sizes=\"(max-width: 640px) 100vw, 640px\" \/><\/p>\n<p>A program a TOP-5.1.2-15-NG1-2016-00002 projekt keret\u00e9ben, eur\u00f3pai uni\u00f3s forr\u00e1s bevon\u00e1s\u00e1val val\u00f3sult meg.<\/p>\n<p>Tov\u00e1bbi r\u00e9szletek a t\u00e1mogatott projekt keres\u0151ben:<a class=\"tovabb\" href=\"https:\/\/www.palyazat.gov.hu\/eredmenyek\/tamogatott-projektek\/629560201\" target=\"_blank\" rel=\"noopener\">Tov\u00e1bb<\/a><\/p>\n","protected":false},"excerpt":{"rendered":"<p>Egy v\u00e1llalkoz\u00e1s, amely munkat\u00e1rsat keres, egy \u00e1ll\u00e1skeres\u0151, aki meg\u00e9lhet\u00e9st. Egy t\u00e9rs\u00e9g, ahol minden \u00faj lehet\u0151s\u00e9g jelent\u0151s\u00e9ggel b\u00edr. Hi\u00e1ba, a leg\u00e9rdekesebb t\u00f6rt\u00e9netek m\u00e9g mindig az emberekr\u0151l sz\u00f3lnak. Vannak olyan szavak, amelyek, legy\u00fcnk \u0151szint\u00e9k, nem kifejezetten arra sz\u00fclettek, hogy az ember pulzusa az egekbe sz\u00f6kj\u00f6n az izgatotts\u00e1gt\u00f3l. Els\u0151 olvas\u00e1sra a \u201efoglalkoztat\u00e1si paktum\u201d sz\u00f3kapcsolat is pont ilyen, pedig, ha kicsit f\u00e9lretoljuk a projektazonos\u00edt\u00f3k, operat\u00edv programok \u00e9s c\u00e9lcsoportok vil\u00e1g\u00e1t, nagyon is konkr\u00e9t emberi t\u00f6rt\u00e9neteket rajzol\u00f3dnak ki, amelyekben a munka,&#8230;<\/p>\n","protected":false},"author":30,"featured_media":11993,"comment_status":"closed","ping_status":"closed","sticky":false,"template":"","format":"standard","meta":{"_acf_changed":false,"ngg_post_thumbnail":0,"footnotes":""},"categories":[173],"tags":[520,288,425],"megye":[1127],"class_list":["post-11992","post","type-post","status-publish","format-standard","has-post-thumbnail","hentry","category-top-hu","tag-foglalkoztatas","tag-gazdasagfejlesztes-hu","tag-gondoskodo-tarsadalom","megye-nograd-megye"],"acf":[],"yoast_head":"<!-- This site is optimized with the Yoast SEO Premium plugin v28.4 (Yoast SEO v28.4) - https:\/\/yoast.com\/product\/yoast-seo-premium-wordpress\/ -->\n<title>T\u00f6bb mint egy projekt: igaz t\u00f6rt\u00e9netek N\u00f3gr\u00e1db\u00f3l - Egy\u00fctt fejl\u0151d\u00fcnk<\/title>\n<meta name=\"robots\" content=\"noindex, follow, max-snippet:-1, max-image-preview:large, max-video-preview:-1\" \/>\n<meta property=\"og:locale\" content=\"hu_HU\" \/>\n<meta property=\"og:type\" content=\"article\" \/>\n<meta property=\"og:title\" content=\"T\u00f6bb mint egy projekt: igaz t\u00f6rt\u00e9netek N\u00f3gr\u00e1db\u00f3l\" \/>\n<meta property=\"og:description\" content=\"Egy v\u00e1llalkoz\u00e1s, amely munkat\u00e1rsat keres, egy \u00e1ll\u00e1skeres\u0151, aki meg\u00e9lhet\u00e9st. Egy t\u00e9rs\u00e9g, ahol minden \u00faj lehet\u0151s\u00e9g jelent\u0151s\u00e9ggel b\u00edr. Hi\u00e1ba, a leg\u00e9rdekesebb t\u00f6rt\u00e9netek m\u00e9g mindig az emberekr\u0151l sz\u00f3lnak. Vannak olyan szavak, amelyek, legy\u00fcnk \u0151szint\u00e9k, nem kifejezetten arra sz\u00fclettek, hogy az ember pulzusa az egekbe sz\u00f6kj\u00f6n az izgatotts\u00e1gt\u00f3l. Els\u0151 olvas\u00e1sra a \u201efoglalkoztat\u00e1si paktum\u201d sz\u00f3kapcsolat is pont ilyen, pedig, ha kicsit f\u00e9lretoljuk a projektazonos\u00edt\u00f3k, operat\u00edv programok \u00e9s c\u00e9lcsoportok vil\u00e1g\u00e1t, nagyon is konkr\u00e9t emberi t\u00f6rt\u00e9neteket rajzol\u00f3dnak ki, amelyekben a munka,...\" \/>\n<meta property=\"og:url\" content=\"https:\/\/egyuttfejlodunk.hu\/?p=11992\" \/>\n<meta property=\"og:site_name\" content=\"Egy\u00fctt fejl\u0151d\u00fcnk\" \/>\n<meta property=\"article:published_time\" content=\"2026-07-24T08:14:35+00:00\" \/>\n<meta property=\"article:modified_time\" content=\"2026-08-28T06:23:43+00:00\" \/>\n<meta property=\"og:image\" content=\"https:\/\/egyuttfejlodunk.hu\/wp-content\/uploads\/2026\/08\/TOP-5.1.2-15-NG1-2016-00002-Nogradi-Szabad-Vallalkozasi-Zona-helyi-foglalkoztatasi-paktum2-1.jpg\" \/>\n\t<meta property=\"og:image:width\" content=\"1920\" \/>\n\t<meta property=\"og:image:height\" content=\"1242\" \/>\n\t<meta property=\"og:image:type\" content=\"image\/jpeg\" \/>\n<meta name=\"author\" content=\"T\u00f3th Ferenc\" \/>\n<meta name=\"twitter:card\" content=\"summary_large_image\" \/>\n<meta name=\"twitter:label1\" content=\"Szerz\u0151:\" \/>\n\t<meta name=\"twitter:data1\" content=\"T\u00f3th Ferenc\" \/>\n\t<meta name=\"twitter:label2\" content=\"Becs\u00fclt olvas\u00e1si id\u0151\" \/>\n\t<meta name=\"twitter:data2\" content=\"3 perc\" \/>\n<script type=\"application\/ld+json\" class=\"yoast-schema-graph\">{\"@context\":\"https:\\\/\\\/schema.org\",\"@graph\":[{\"@type\":\"Article\",\"@id\":\"https:\\\/\\\/egyuttfejlodunk.hu\\\/?p=11992#article\",\"isPartOf\":{\"@id\":\"https:\\\/\\\/egyuttfejlodunk.hu\\\/?p=11992\"},\"author\":{\"name\":\"T\u00f3th Ferenc\",\"@id\":\"https:\\\/\\\/egyuttfejlodunk.hu\\\/#\\\/schema\\\/person\\\/94cc2e6bf0b14e6d5de3d603885ed8c5\"},\"headline\":\"T\u00f6bb mint egy projekt: igaz t\u00f6rt\u00e9netek N\u00f3gr\u00e1db\u00f3l\",\"datePublished\":\"2026-07-24T08:14:35+00:00\",\"dateModified\":\"2026-08-28T06:23:43+00:00\",\"mainEntityOfPage\":{\"@id\":\"https:\\\/\\\/egyuttfejlodunk.hu\\\/?p=11992\"},\"wordCount\":711,\"publisher\":{\"@id\":\"https:\\\/\\\/egyuttfejlodunk.hu\\\/#organization\"},\"image\":{\"@id\":\"https:\\\/\\\/egyuttfejlodunk.hu\\\/?p=11992#primaryimage\"},\"thumbnailUrl\":\"https:\\\/\\\/egyuttfejlodunk.hu\\\/wp-content\\\/uploads\\\/2026\\\/08\\\/TOP-5.1.2-15-NG1-2016-00002-Nogradi-Szabad-Vallalkozasi-Zona-helyi-foglalkoztatasi-paktum2-1.jpg\",\"keywords\":[\"foglalkoztat\u00e1s\",\"Gazdas\u00e1gfejleszt\u00e9s\",\"gondoskod\u00f3 t\u00e1rsadalom\"],\"articleSection\":[\"Top\"],\"inLanguage\":\"hu\"},{\"@type\":\"WebPage\",\"@id\":\"https:\\\/\\\/egyuttfejlodunk.hu\\\/?p=11992\",\"url\":\"https:\\\/\\\/egyuttfejlodunk.hu\\\/?p=11992\",\"name\":\"T\u00f6bb mint egy projekt: igaz t\u00f6rt\u00e9netek N\u00f3gr\u00e1db\u00f3l - Egy\u00fctt fejl\u0151d\u00fcnk\",\"isPartOf\":{\"@id\":\"https:\\\/\\\/egyuttfejlodunk.hu\\\/#website\"},\"primaryImageOfPage\":{\"@id\":\"https:\\\/\\\/egyuttfejlodunk.hu\\\/?p=11992#primaryimage\"},\"image\":{\"@id\":\"https:\\\/\\\/egyuttfejlodunk.hu\\\/?p=11992#primaryimage\"},\"thumbnailUrl\":\"https:\\\/\\\/egyuttfejlodunk.hu\\\/wp-content\\\/uploads\\\/2026\\\/08\\\/TOP-5.1.2-15-NG1-2016-00002-Nogradi-Szabad-Vallalkozasi-Zona-helyi-foglalkoztatasi-paktum2-1.jpg\",\"datePublished\":\"2026-07-24T08:14:35+00:00\",\"dateModified\":\"2026-08-28T06:23:43+00:00\",\"breadcrumb\":{\"@id\":\"https:\\\/\\\/egyuttfejlodunk.hu\\\/?p=11992#breadcrumb\"},\"inLanguage\":\"hu\",\"potentialAction\":[{\"@type\":\"ReadAction\",\"target\":[\"https:\\\/\\\/egyuttfejlodunk.hu\\\/?p=11992\"]}]},{\"@type\":\"ImageObject\",\"inLanguage\":\"hu\",\"@id\":\"https:\\\/\\\/egyuttfejlodunk.hu\\\/?p=11992#primaryimage\",\"url\":\"https:\\\/\\\/egyuttfejlodunk.hu\\\/wp-content\\\/uploads\\\/2026\\\/08\\\/TOP-5.1.2-15-NG1-2016-00002-Nogradi-Szabad-Vallalkozasi-Zona-helyi-foglalkoztatasi-paktum2-1.jpg\",\"contentUrl\":\"https:\\\/\\\/egyuttfejlodunk.hu\\\/wp-content\\\/uploads\\\/2026\\\/08\\\/TOP-5.1.2-15-NG1-2016-00002-Nogradi-Szabad-Vallalkozasi-Zona-helyi-foglalkoztatasi-paktum2-1.jpg\",\"width\":1920,\"height\":1242},{\"@type\":\"BreadcrumbList\",\"@id\":\"https:\\\/\\\/egyuttfejlodunk.hu\\\/?p=11992#breadcrumb\",\"itemListElement\":[{\"@type\":\"ListItem\",\"position\":1,\"name\":\"Home\",\"item\":\"https:\\\/\\\/egyuttfejlodunk.hu\\\/\"},{\"@type\":\"ListItem\",\"position\":2,\"name\":\"T\u00f6bb mint egy projekt: igaz t\u00f6rt\u00e9netek N\u00f3gr\u00e1db\u00f3l\"}]},{\"@type\":\"WebSite\",\"@id\":\"https:\\\/\\\/egyuttfejlodunk.hu\\\/#website\",\"url\":\"https:\\\/\\\/egyuttfejlodunk.hu\\\/\",\"name\":\"Egy\u00fctt fejl\u0151d\u00fcnk\",\"description\":\"\",\"publisher\":{\"@id\":\"https:\\\/\\\/egyuttfejlodunk.hu\\\/#organization\"},\"potentialAction\":[{\"@type\":\"SearchAction\",\"target\":{\"@type\":\"EntryPoint\",\"urlTemplate\":\"https:\\\/\\\/egyuttfejlodunk.hu\\\/?s={search_term_string}\"},\"query-input\":{\"@type\":\"PropertyValueSpecification\",\"valueRequired\":true,\"valueName\":\"search_term_string\"}}],\"inLanguage\":\"hu\"},{\"@type\":\"Organization\",\"@id\":\"https:\\\/\\\/egyuttfejlodunk.hu\\\/#organization\",\"name\":\"Egy\u00fctt fejl\u0151d\u00fcnk\",\"url\":\"https:\\\/\\\/egyuttfejlodunk.hu\\\/\",\"logo\":{\"@type\":\"ImageObject\",\"inLanguage\":\"hu\",\"@id\":\"https:\\\/\\\/egyuttfejlodunk.hu\\\/#\\\/schema\\\/logo\\\/image\\\/\",\"url\":\"https:\\\/\\\/egyuttfejlodunk.hu\\\/wp-content\\\/uploads\\\/2026\\\/04\\\/ujlogo.jpg\",\"contentUrl\":\"https:\\\/\\\/egyuttfejlodunk.hu\\\/wp-content\\\/uploads\\\/2026\\\/04\\\/ujlogo.jpg\",\"width\":350,\"height\":110,\"caption\":\"Egy\u00fctt fejl\u0151d\u00fcnk\"},\"image\":{\"@id\":\"https:\\\/\\\/egyuttfejlodunk.hu\\\/#\\\/schema\\\/logo\\\/image\\\/\"}},{\"@type\":\"Person\",\"@id\":\"https:\\\/\\\/egyuttfejlodunk.hu\\\/#\\\/schema\\\/person\\\/94cc2e6bf0b14e6d5de3d603885ed8c5\",\"name\":\"T\u00f3th Ferenc\"}]}<\/script>\n<!-- \/ Yoast SEO Premium plugin. -->","yoast_head_json":{"title":"T\u00f6bb mint egy projekt: igaz t\u00f6rt\u00e9netek N\u00f3gr\u00e1db\u00f3l - Egy\u00fctt fejl\u0151d\u00fcnk","robots":{"index":"noindex","follow":"follow","max-snippet":"max-snippet:-1","max-image-preview":"max-image-preview:large","max-video-preview":"max-video-preview:-1"},"og_locale":"hu_HU","og_type":"article","og_title":"T\u00f6bb mint egy projekt: igaz t\u00f6rt\u00e9netek N\u00f3gr\u00e1db\u00f3l","og_description":"Egy v\u00e1llalkoz\u00e1s, amely munkat\u00e1rsat keres, egy \u00e1ll\u00e1skeres\u0151, aki meg\u00e9lhet\u00e9st. Egy t\u00e9rs\u00e9g, ahol minden \u00faj lehet\u0151s\u00e9g jelent\u0151s\u00e9ggel b\u00edr. Hi\u00e1ba, a leg\u00e9rdekesebb t\u00f6rt\u00e9netek m\u00e9g mindig az emberekr\u0151l sz\u00f3lnak. Vannak olyan szavak, amelyek, legy\u00fcnk \u0151szint\u00e9k, nem kifejezetten arra sz\u00fclettek, hogy az ember pulzusa az egekbe sz\u00f6kj\u00f6n az izgatotts\u00e1gt\u00f3l. Els\u0151 olvas\u00e1sra a \u201efoglalkoztat\u00e1si paktum\u201d sz\u00f3kapcsolat is pont ilyen, pedig, ha kicsit f\u00e9lretoljuk a projektazonos\u00edt\u00f3k, operat\u00edv programok \u00e9s c\u00e9lcsoportok vil\u00e1g\u00e1t, nagyon is konkr\u00e9t emberi t\u00f6rt\u00e9neteket rajzol\u00f3dnak ki, amelyekben a munka,...","og_url":"https:\/\/egyuttfejlodunk.hu\/?p=11992","og_site_name":"Egy\u00fctt fejl\u0151d\u00fcnk","article_published_time":"2026-07-24T08:14:35+00:00","article_modified_time":"2026-08-28T06:23:43+00:00","og_image":[{"width":1920,"height":1242,"url":"https:\/\/egyuttfejlodunk.hu\/wp-content\/uploads\/2026\/08\/TOP-5.1.2-15-NG1-2016-00002-Nogradi-Szabad-Vallalkozasi-Zona-helyi-foglalkoztatasi-paktum2-1.jpg","type":"image\/jpeg"}],"author":"T\u00f3th Ferenc","twitter_card":"summary_large_image","twitter_misc":{"Szerz\u0151:":"T\u00f3th Ferenc","Becs\u00fclt olvas\u00e1si id\u0151":"3 perc"},"schema":{"@context":"https:\/\/schema.org","@graph":[{"@type":"Article","@id":"https:\/\/egyuttfejlodunk.hu\/?p=11992#article","isPartOf":{"@id":"https:\/\/egyuttfejlodunk.hu\/?p=11992"},"author":{"name":"T\u00f3th Ferenc","@id":"https:\/\/egyuttfejlodunk.hu\/#\/schema\/person\/94cc2e6bf0b14e6d5de3d603885ed8c5"},"headline":"T\u00f6bb mint egy projekt: igaz t\u00f6rt\u00e9netek N\u00f3gr\u00e1db\u00f3l","datePublished":"2026-07-24T08:14:35+00:00","dateModified":"2026-08-28T06:23:43+00:00","mainEntityOfPage":{"@id":"https:\/\/egyuttfejlodunk.hu\/?p=11992"},"wordCount":711,"publisher":{"@id":"https:\/\/egyuttfejlodunk.hu\/#organization"},"image":{"@id":"https:\/\/egyuttfejlodunk.hu\/?p=11992#primaryimage"},"thumbnailUrl":"https:\/\/egyuttfejlodunk.hu\/wp-content\/uploads\/2026\/08\/TOP-5.1.2-15-NG1-2016-00002-Nogradi-Szabad-Vallalkozasi-Zona-helyi-foglalkoztatasi-paktum2-1.jpg","keywords":["foglalkoztat\u00e1s","Gazdas\u00e1gfejleszt\u00e9s","gondoskod\u00f3 t\u00e1rsadalom"],"articleSection":["Top"],"inLanguage":"hu"},{"@type":"WebPage","@id":"https:\/\/egyuttfejlodunk.hu\/?p=11992","url":"https:\/\/egyuttfejlodunk.hu\/?p=11992","name":"T\u00f6bb mint egy projekt: igaz t\u00f6rt\u00e9netek N\u00f3gr\u00e1db\u00f3l - Egy\u00fctt fejl\u0151d\u00fcnk","isPartOf":{"@id":"https:\/\/egyuttfejlodunk.hu\/#website"},"primaryImageOfPage":{"@id":"https:\/\/egyuttfejlodunk.hu\/?p=11992#primaryimage"},"image":{"@id":"https:\/\/egyuttfejlodunk.hu\/?p=11992#primaryimage"},"thumbnailUrl":"https:\/\/egyuttfejlodunk.hu\/wp-content\/uploads\/2026\/08\/TOP-5.1.2-15-NG1-2016-00002-Nogradi-Szabad-Vallalkozasi-Zona-helyi-foglalkoztatasi-paktum2-1.jpg","datePublished":"2026-07-24T08:14:35+00:00","dateModified":"2026-08-28T06:23:43+00:00","breadcrumb":{"@id":"https:\/\/egyuttfejlodunk.hu\/?p=11992#breadcrumb"},"inLanguage":"hu","potentialAction":[{"@type":"ReadAction","target":["https:\/\/egyuttfejlodunk.hu\/?p=11992"]}]},{"@type":"ImageObject","inLanguage":"hu","@id":"https:\/\/egyuttfejlodunk.hu\/?p=11992#primaryimage","url":"https:\/\/egyuttfejlodunk.hu\/wp-content\/uploads\/2026\/08\/TOP-5.1.2-15-NG1-2016-00002-Nogradi-Szabad-Vallalkozasi-Zona-helyi-foglalkoztatasi-paktum2-1.jpg","contentUrl":"https:\/\/egyuttfejlodunk.hu\/wp-content\/uploads\/2026\/08\/TOP-5.1.2-15-NG1-2016-00002-Nogradi-Szabad-Vallalkozasi-Zona-helyi-foglalkoztatasi-paktum2-1.jpg","width":1920,"height":1242},{"@type":"BreadcrumbList","@id":"https:\/\/egyuttfejlodunk.hu\/?p=11992#breadcrumb","itemListElement":[{"@type":"ListItem","position":1,"name":"Home","item":"https:\/\/egyuttfejlodunk.hu\/"},{"@type":"ListItem","position":2,"name":"T\u00f6bb mint egy projekt: igaz t\u00f6rt\u00e9netek N\u00f3gr\u00e1db\u00f3l"}]},{"@type":"WebSite","@id":"https:\/\/egyuttfejlodunk.hu\/#website","url":"https:\/\/egyuttfejlodunk.hu\/","name":"Egy\u00fctt fejl\u0151d\u00fcnk","description":"","publisher":{"@id":"https:\/\/egyuttfejlodunk.hu\/#organization"},"potentialAction":[{"@type":"SearchAction","target":{"@type":"EntryPoint","urlTemplate":"https:\/\/egyuttfejlodunk.hu\/?s={search_term_string}"},"query-input":{"@type":"PropertyValueSpecification","valueRequired":true,"valueName":"search_term_string"}}],"inLanguage":"hu"},{"@type":"Organization","@id":"https:\/\/egyuttfejlodunk.hu\/#organization","name":"Egy\u00fctt fejl\u0151d\u00fcnk","url":"https:\/\/egyuttfejlodunk.hu\/","logo":{"@type":"ImageObject","inLanguage":"hu","@id":"https:\/\/egyuttfejlodunk.hu\/#\/schema\/logo\/image\/","url":"https:\/\/egyuttfejlodunk.hu\/wp-content\/uploads\/2026\/04\/ujlogo.jpg","contentUrl":"https:\/\/egyuttfejlodunk.hu\/wp-content\/uploads\/2026\/04\/ujlogo.jpg","width":350,"height":110,"caption":"Egy\u00fctt fejl\u0151d\u00fcnk"},"image":{"@id":"https:\/\/egyuttfejlodunk.hu\/#\/schema\/logo\/image\/"}},{"@type":"Person","@id":"https:\/\/egyuttfejlodunk.hu\/#\/schema\/person\/94cc2e6bf0b14e6d5de3d603885ed8c5","name":"T\u00f3th Ferenc"}]}},"_links":{"self":[{"href":"https:\/\/egyuttfejlodunk.hu\/index.php?rest_route=\/wp\/v2\/posts\/11992","targetHints":{"allow":["GET"]}}],"collection":[{"href":"https:\/\/egyuttfejlodunk.hu\/index.php?rest_route=\/wp\/v2\/posts"}],"about":[{"href":"https:\/\/egyuttfejlodunk.hu\/index.php?rest_route=\/wp\/v2\/types\/post"}],"author":[{"embeddable":true,"href":"https:\/\/egyuttfejlodunk.hu\/index.php?rest_route=\/wp\/v2\/users\/30"}],"replies":[{"embeddable":true,"href":"https:\/\/egyuttfejlodunk.hu\/index.php?rest_route=%2Fwp%2Fv2%2Fcomments&post=11992"}],"version-history":[{"count":3,"href":"https:\/\/egyuttfejlodunk.hu\/index.php?rest_route=\/wp\/v2\/posts\/11992\/revisions"}],"predecessor-version":[{"id":11997,"href":"https:\/\/egyuttfejlodunk.hu\/index.php?rest_route=\/wp\/v2\/posts\/11992\/revisions\/11997"}],"wp:featuredmedia":[{"embeddable":true,"href":"https:\/\/egyuttfejlodunk.hu\/index.php?rest_route=\/wp\/v2\/media\/11993"}],"wp:attachment":[{"href":"https:\/\/egyuttfejlodunk.hu\/index.php?rest_route=%2Fwp%2Fv2%2Fmedia&parent=11992"}],"wp:term":[{"taxonomy":"category","embeddable":true,"href":"https:\/\/egyuttfejlodunk.hu\/index.php?rest_route=%2Fwp%2Fv2%2Fcategories&post=11992"},{"taxonomy":"post_tag","embeddable":true,"href":"https:\/\/egyuttfejlodunk.hu\/index.php?rest_route=%2Fwp%2Fv2%2Ftags&post=11992"},{"taxonomy":"megye","embeddable":true,"href":"https:\/\/egyuttfejlodunk.hu\/index.php?rest_route=%2Fwp%2Fv2%2Fmegye&post=11992"}],"curies":[{"name":"wp","href":"https:\/\/api.w.org\/{rel}","templated":true}]}}