{"id":12001,"date":"2026-07-27T10:23:21","date_gmt":"2026-07-27T08:23:21","guid":{"rendered":"https:\/\/egyuttfejlodunk.hu\/?p=12001"},"modified":"2026-08-28T08:23:04","modified_gmt":"2026-08-28T06:23:04","slug":"energiatakarekos-kollegium","status":"publish","type":"post","link":"https:\/\/egyuttfejlodunk.hu\/?p=12001","title":{"rendered":"Energiatakar\u00e9kos koll\u00e9gium"},"content":{"rendered":"<p><strong>Uni\u00f3s t\u00e1mogat\u00e1ssal korszer\u0171s\u00edtett\u00e9k a nagyk\u00e1ll\u00f3i Kor\u00e1nyi Frigyes G\u00f6r\u00f6gkatolikus \u00c1ltal\u00e1nos Iskola, Gimn\u00e1zium \u00e9s Koll\u00e9gium koll\u00e9gium\u00e1nak energetikai rendszer\u00e9t. A fejleszt\u00e9s c\u00e9lja az volt, hogy az int\u00e9zm\u00e9ny fenntarthat\u00f3bban m\u0171k\u00f6dj\u00f6n, mik\u00f6zben kellemesebb k\u00f6rnyezetet biztos\u00edt a di\u00e1koknak \u00e9s az ott dolgoz\u00f3knak.<\/strong><\/p>\n<p>A nagy m\u00falt\u00fa int\u00e9zm\u00e9ny fenntart\u00e1s\u00e1t 2017-ben vette \u00e1t a Ny\u00edregyh\u00e1zi Egyh\u00e1zmegye. Az iskol\u00e1ban \u00e1ltal\u00e1nos iskolai, gimn\u00e1ziumi \u00e9s koll\u00e9giumi nevel\u00e9s-oktat\u00e1s is zajlik, a koll\u00e9gium pedig 172 tanul\u00f3 sz\u00e1m\u00e1ra biztos\u00edt lakhat\u00e1st \u00e9s mindennapi t\u00e1mogat\u00e1st.<\/p>\n<p>Az 1975-ben \u00e9p\u00fclt, n\u00e9gyszintes, t\u00f6bb mint 5300 n\u00e9gyzetm\u00e9teres koll\u00e9giumkorszer\u0171s\u00edt\u00e9s\u00e9re az\u00e9rt volt sz\u00fcks\u00e9g, mert az \u00e9p\u00fclet energetikai \u00e1llapota m\u00e1r nem felelt meg a mai elv\u00e1r\u00e1soknak.<\/p>\n<p>A beruh\u00e1z\u00e1s sor\u00e1n meg\u00fajult az \u00e9p\u00fclet h\u0151szigetel\u00e9se, korszer\u0171 ny\u00edl\u00e1sz\u00e1r\u00f3kat \u00e9p\u00edtettek be, valamint napelemes rendszert telep\u00edtettek a tet\u0151szerkezetre, mely cs\u00f6kkenti az \u00e9p\u00fclet villamosenergia-felhaszn\u00e1l\u00e1s\u00e1t. A radi\u00e1torokat termosztatikus szelepekkel l\u00e1tt\u00e1k el, ezeknek k\u00f6sz\u00f6nhet\u0151en a helyis\u00e9gek h\u0151m\u00e9rs\u00e9klete jobban szab\u00e1lyozhat\u00f3, ami \u00edgy egyszerre jav\u00edtja a komfortot \u00e9s seg\u00edti az energiatakar\u00e9koss\u00e1got.<\/p>\n<p>A korszer\u0171s\u00edt\u00e9s l\u00e1tv\u00e1nyos eredm\u00e9nyt hozott az \u00e9p\u00fclet energiahat\u00e9konys\u00e1g\u00e1ban, hiszen a koll\u00e9gium a kor\u00e1bbi GG besorol\u00e1s helyett BB kateg\u00f3ri\u00e1t \u00e9rt el. Ez kedvez\u0151bb energiafelhaszn\u00e1l\u00e1st, takar\u00e9kosabb m\u0171k\u00f6d\u00e9st jelent.<\/p>\n<p>A korszer\u0171s\u00edt\u00e9s hossz\u00fa t\u00e1von is \u00e9rt\u00e9ket ad az int\u00e9zm\u00e9nynek. A meg\u00fajult koll\u00e9gium fenntarthat\u00f3bb m\u0171k\u00f6dtet\u00e9s\u0171, mik\u00f6zben jobb felt\u00e9teleket k\u00edn\u00e1l a tanul\u00e1shoz, a pihen\u00e9shez \u00e9s a k\u00f6z\u00f6ss\u00e9gi mindennapokhoz.<\/p>\n<p><img fetchpriority=\"high\" decoding=\"async\" class=\"alignnone size-full wp-image-12002\" src=\"https:\/\/egyuttfejlodunk.hu\/wp-content\/uploads\/2026\/08\/KEHOP-5.2.13-19-2019-00006-2.-foto-640x480-1.jpg\" alt=\"\" width=\"640\" height=\"480\" srcset=\"https:\/\/egyuttfejlodunk.hu\/wp-content\/uploads\/2026\/08\/KEHOP-5.2.13-19-2019-00006-2.-foto-640x480-1.jpg 640w, https:\/\/egyuttfejlodunk.hu\/wp-content\/uploads\/2026\/08\/KEHOP-5.2.13-19-2019-00006-2.-foto-640x480-1-320x240.jpg 320w\" sizes=\"(max-width: 640px) 100vw, 640px\" \/><\/p>\n<p>A program a KEHOP-5.2.13-19-2019-00006 projekt keret\u00e9ben, eur\u00f3pai uni\u00f3s forr\u00e1s bevon\u00e1s\u00e1val val\u00f3sult meg.<\/p>\n<p>Tov\u00e1bbi r\u00e9szletek a t\u00e1mogatott projekt keres\u0151ben:<a class=\"tovabb\" href=\"https:\/\/www.palyazat.gov.hu\/eredmenyek\/tamogatott-projektek\/2242290201\" target=\"_blank\" rel=\"noopener\">Tov\u00e1bb<\/a><\/p>\n","protected":false},"excerpt":{"rendered":"<p>Uni\u00f3s t\u00e1mogat\u00e1ssal korszer\u0171s\u00edtett\u00e9k a nagyk\u00e1ll\u00f3i Kor\u00e1nyi Frigyes G\u00f6r\u00f6gkatolikus \u00c1ltal\u00e1nos Iskola, Gimn\u00e1zium \u00e9s Koll\u00e9gium koll\u00e9gium\u00e1nak energetikai rendszer\u00e9t. A fejleszt\u00e9s c\u00e9lja az volt, hogy az int\u00e9zm\u00e9ny fenntarthat\u00f3bban m\u0171k\u00f6dj\u00f6n, mik\u00f6zben kellemesebb k\u00f6rnyezetet biztos\u00edt a di\u00e1koknak \u00e9s az ott dolgoz\u00f3knak. A nagy m\u00falt\u00fa int\u00e9zm\u00e9ny fenntart\u00e1s\u00e1t 2017-ben vette \u00e1t a Ny\u00edregyh\u00e1zi Egyh\u00e1zmegye. Az iskol\u00e1ban \u00e1ltal\u00e1nos iskolai, gimn\u00e1ziumi \u00e9s koll\u00e9giumi nevel\u00e9s-oktat\u00e1s is zajlik, a koll\u00e9gium pedig 172 tanul\u00f3 sz\u00e1m\u00e1ra biztos\u00edt lakhat\u00e1st \u00e9s mindennapi t\u00e1mogat\u00e1st. Az 1975-ben \u00e9p\u00fclt, n\u00e9gyszintes, t\u00f6bb mint 5300&#8230;<\/p>\n","protected":false},"author":30,"featured_media":12003,"comment_status":"closed","ping_status":"closed","sticky":false,"template":"","format":"standard","meta":{"_acf_changed":false,"ngg_post_thumbnail":0,"footnotes":""},"categories":[162],"tags":[431,487,290],"megye":[1130],"class_list":["post-12001","post","type-post","status-publish","format-standard","has-post-thumbnail","hentry","category-kehop-hu","tag-energiahatekonysag","tag-intezmenyfejlesztes","tag-oktatas-hu","megye-szabolcs-szatmar-bereg-megye"],"acf":[],"yoast_head":"<!-- This site is optimized with the Yoast SEO Premium plugin v28.4 (Yoast SEO v28.4) - https:\/\/yoast.com\/product\/yoast-seo-premium-wordpress\/ -->\n<title>Energiatakar\u00e9kos koll\u00e9gium - Egy\u00fctt fejl\u0151d\u00fcnk<\/title>\n<meta name=\"robots\" content=\"noindex, follow, max-snippet:-1, max-image-preview:large, max-video-preview:-1\" \/>\n<meta property=\"og:locale\" content=\"hu_HU\" \/>\n<meta property=\"og:type\" content=\"article\" \/>\n<meta property=\"og:title\" content=\"Energiatakar\u00e9kos koll\u00e9gium\" \/>\n<meta property=\"og:description\" content=\"Uni\u00f3s t\u00e1mogat\u00e1ssal korszer\u0171s\u00edtett\u00e9k a nagyk\u00e1ll\u00f3i Kor\u00e1nyi Frigyes G\u00f6r\u00f6gkatolikus \u00c1ltal\u00e1nos Iskola, Gimn\u00e1zium \u00e9s Koll\u00e9gium koll\u00e9gium\u00e1nak energetikai rendszer\u00e9t. A fejleszt\u00e9s c\u00e9lja az volt, hogy az int\u00e9zm\u00e9ny fenntarthat\u00f3bban m\u0171k\u00f6dj\u00f6n, mik\u00f6zben kellemesebb k\u00f6rnyezetet biztos\u00edt a di\u00e1koknak \u00e9s az ott dolgoz\u00f3knak. A nagy m\u00falt\u00fa int\u00e9zm\u00e9ny fenntart\u00e1s\u00e1t 2017-ben vette \u00e1t a Ny\u00edregyh\u00e1zi Egyh\u00e1zmegye. Az iskol\u00e1ban \u00e1ltal\u00e1nos iskolai, gimn\u00e1ziumi \u00e9s koll\u00e9giumi nevel\u00e9s-oktat\u00e1s is zajlik, a koll\u00e9gium pedig 172 tanul\u00f3 sz\u00e1m\u00e1ra biztos\u00edt lakhat\u00e1st \u00e9s mindennapi t\u00e1mogat\u00e1st. Az 1975-ben \u00e9p\u00fclt, n\u00e9gyszintes, t\u00f6bb mint 5300...\" \/>\n<meta property=\"og:url\" content=\"https:\/\/egyuttfejlodunk.hu\/?p=12001\" \/>\n<meta property=\"og:site_name\" content=\"Egy\u00fctt fejl\u0151d\u00fcnk\" \/>\n<meta property=\"article:published_time\" content=\"2026-07-27T08:23:21+00:00\" \/>\n<meta property=\"article:modified_time\" content=\"2026-08-28T06:23:04+00:00\" \/>\n<meta property=\"og:image\" content=\"https:\/\/egyuttfejlodunk.hu\/wp-content\/uploads\/2026\/08\/KEHOP-5.2.13-19-2019-00006-3.-foto.jpg\" \/>\n\t<meta property=\"og:image:width\" content=\"1793\" \/>\n\t<meta property=\"og:image:height\" content=\"1001\" \/>\n\t<meta property=\"og:image:type\" content=\"image\/jpeg\" \/>\n<meta name=\"author\" content=\"T\u00f3th Ferenc\" \/>\n<meta name=\"twitter:card\" content=\"summary_large_image\" \/>\n<meta name=\"twitter:label1\" content=\"Szerz\u0151:\" \/>\n\t<meta name=\"twitter:data1\" content=\"T\u00f3th Ferenc\" \/>\n\t<meta name=\"twitter:label2\" content=\"Becs\u00fclt olvas\u00e1si id\u0151\" \/>\n\t<meta name=\"twitter:data2\" content=\"2 perc\" \/>\n<script type=\"application\/ld+json\" class=\"yoast-schema-graph\">{\"@context\":\"https:\\\/\\\/schema.org\",\"@graph\":[{\"@type\":\"Article\",\"@id\":\"https:\\\/\\\/egyuttfejlodunk.hu\\\/?p=12001#article\",\"isPartOf\":{\"@id\":\"https:\\\/\\\/egyuttfejlodunk.hu\\\/?p=12001\"},\"author\":{\"name\":\"T\u00f3th Ferenc\",\"@id\":\"https:\\\/\\\/egyuttfejlodunk.hu\\\/#\\\/schema\\\/person\\\/94cc2e6bf0b14e6d5de3d603885ed8c5\"},\"headline\":\"Energiatakar\u00e9kos koll\u00e9gium\",\"datePublished\":\"2026-07-27T08:23:21+00:00\",\"dateModified\":\"2026-08-28T06:23:04+00:00\",\"mainEntityOfPage\":{\"@id\":\"https:\\\/\\\/egyuttfejlodunk.hu\\\/?p=12001\"},\"wordCount\":371,\"publisher\":{\"@id\":\"https:\\\/\\\/egyuttfejlodunk.hu\\\/#organization\"},\"image\":{\"@id\":\"https:\\\/\\\/egyuttfejlodunk.hu\\\/?p=12001#primaryimage\"},\"thumbnailUrl\":\"https:\\\/\\\/egyuttfejlodunk.hu\\\/wp-content\\\/uploads\\\/2026\\\/08\\\/KEHOP-5.2.13-19-2019-00006-3.-foto.jpg\",\"keywords\":[\"energiahat\u00e9konys\u00e1g\",\"int\u00e9zm\u00e9nyfejleszt\u00e9s\",\"Oktat\u00e1s\"],\"articleSection\":[\"Kehop\"],\"inLanguage\":\"hu\"},{\"@type\":\"WebPage\",\"@id\":\"https:\\\/\\\/egyuttfejlodunk.hu\\\/?p=12001\",\"url\":\"https:\\\/\\\/egyuttfejlodunk.hu\\\/?p=12001\",\"name\":\"Energiatakar\u00e9kos koll\u00e9gium - Egy\u00fctt fejl\u0151d\u00fcnk\",\"isPartOf\":{\"@id\":\"https:\\\/\\\/egyuttfejlodunk.hu\\\/#website\"},\"primaryImageOfPage\":{\"@id\":\"https:\\\/\\\/egyuttfejlodunk.hu\\\/?p=12001#primaryimage\"},\"image\":{\"@id\":\"https:\\\/\\\/egyuttfejlodunk.hu\\\/?p=12001#primaryimage\"},\"thumbnailUrl\":\"https:\\\/\\\/egyuttfejlodunk.hu\\\/wp-content\\\/uploads\\\/2026\\\/08\\\/KEHOP-5.2.13-19-2019-00006-3.-foto.jpg\",\"datePublished\":\"2026-07-27T08:23:21+00:00\",\"dateModified\":\"2026-08-28T06:23:04+00:00\",\"breadcrumb\":{\"@id\":\"https:\\\/\\\/egyuttfejlodunk.hu\\\/?p=12001#breadcrumb\"},\"inLanguage\":\"hu\",\"potentialAction\":[{\"@type\":\"ReadAction\",\"target\":[\"https:\\\/\\\/egyuttfejlodunk.hu\\\/?p=12001\"]}]},{\"@type\":\"ImageObject\",\"inLanguage\":\"hu\",\"@id\":\"https:\\\/\\\/egyuttfejlodunk.hu\\\/?p=12001#primaryimage\",\"url\":\"https:\\\/\\\/egyuttfejlodunk.hu\\\/wp-content\\\/uploads\\\/2026\\\/08\\\/KEHOP-5.2.13-19-2019-00006-3.-foto.jpg\",\"contentUrl\":\"https:\\\/\\\/egyuttfejlodunk.hu\\\/wp-content\\\/uploads\\\/2026\\\/08\\\/KEHOP-5.2.13-19-2019-00006-3.-foto.jpg\",\"width\":1793,\"height\":1001},{\"@type\":\"BreadcrumbList\",\"@id\":\"https:\\\/\\\/egyuttfejlodunk.hu\\\/?p=12001#breadcrumb\",\"itemListElement\":[{\"@type\":\"ListItem\",\"position\":1,\"name\":\"Home\",\"item\":\"https:\\\/\\\/egyuttfejlodunk.hu\\\/\"},{\"@type\":\"ListItem\",\"position\":2,\"name\":\"Energiatakar\u00e9kos koll\u00e9gium\"}]},{\"@type\":\"WebSite\",\"@id\":\"https:\\\/\\\/egyuttfejlodunk.hu\\\/#website\",\"url\":\"https:\\\/\\\/egyuttfejlodunk.hu\\\/\",\"name\":\"Egy\u00fctt fejl\u0151d\u00fcnk\",\"description\":\"\",\"publisher\":{\"@id\":\"https:\\\/\\\/egyuttfejlodunk.hu\\\/#organization\"},\"potentialAction\":[{\"@type\":\"SearchAction\",\"target\":{\"@type\":\"EntryPoint\",\"urlTemplate\":\"https:\\\/\\\/egyuttfejlodunk.hu\\\/?s={search_term_string}\"},\"query-input\":{\"@type\":\"PropertyValueSpecification\",\"valueRequired\":true,\"valueName\":\"search_term_string\"}}],\"inLanguage\":\"hu\"},{\"@type\":\"Organization\",\"@id\":\"https:\\\/\\\/egyuttfejlodunk.hu\\\/#organization\",\"name\":\"Egy\u00fctt fejl\u0151d\u00fcnk\",\"url\":\"https:\\\/\\\/egyuttfejlodunk.hu\\\/\",\"logo\":{\"@type\":\"ImageObject\",\"inLanguage\":\"hu\",\"@id\":\"https:\\\/\\\/egyuttfejlodunk.hu\\\/#\\\/schema\\\/logo\\\/image\\\/\",\"url\":\"https:\\\/\\\/egyuttfejlodunk.hu\\\/wp-content\\\/uploads\\\/2026\\\/04\\\/ujlogo.jpg\",\"contentUrl\":\"https:\\\/\\\/egyuttfejlodunk.hu\\\/wp-content\\\/uploads\\\/2026\\\/04\\\/ujlogo.jpg\",\"width\":350,\"height\":110,\"caption\":\"Egy\u00fctt fejl\u0151d\u00fcnk\"},\"image\":{\"@id\":\"https:\\\/\\\/egyuttfejlodunk.hu\\\/#\\\/schema\\\/logo\\\/image\\\/\"}},{\"@type\":\"Person\",\"@id\":\"https:\\\/\\\/egyuttfejlodunk.hu\\\/#\\\/schema\\\/person\\\/94cc2e6bf0b14e6d5de3d603885ed8c5\",\"name\":\"T\u00f3th Ferenc\"}]}<\/script>\n<!-- \/ Yoast SEO Premium plugin. -->","yoast_head_json":{"title":"Energiatakar\u00e9kos koll\u00e9gium - Egy\u00fctt fejl\u0151d\u00fcnk","robots":{"index":"noindex","follow":"follow","max-snippet":"max-snippet:-1","max-image-preview":"max-image-preview:large","max-video-preview":"max-video-preview:-1"},"og_locale":"hu_HU","og_type":"article","og_title":"Energiatakar\u00e9kos koll\u00e9gium","og_description":"Uni\u00f3s t\u00e1mogat\u00e1ssal korszer\u0171s\u00edtett\u00e9k a nagyk\u00e1ll\u00f3i Kor\u00e1nyi Frigyes G\u00f6r\u00f6gkatolikus \u00c1ltal\u00e1nos Iskola, Gimn\u00e1zium \u00e9s Koll\u00e9gium koll\u00e9gium\u00e1nak energetikai rendszer\u00e9t. A fejleszt\u00e9s c\u00e9lja az volt, hogy az int\u00e9zm\u00e9ny fenntarthat\u00f3bban m\u0171k\u00f6dj\u00f6n, mik\u00f6zben kellemesebb k\u00f6rnyezetet biztos\u00edt a di\u00e1koknak \u00e9s az ott dolgoz\u00f3knak. A nagy m\u00falt\u00fa int\u00e9zm\u00e9ny fenntart\u00e1s\u00e1t 2017-ben vette \u00e1t a Ny\u00edregyh\u00e1zi Egyh\u00e1zmegye. Az iskol\u00e1ban \u00e1ltal\u00e1nos iskolai, gimn\u00e1ziumi \u00e9s koll\u00e9giumi nevel\u00e9s-oktat\u00e1s is zajlik, a koll\u00e9gium pedig 172 tanul\u00f3 sz\u00e1m\u00e1ra biztos\u00edt lakhat\u00e1st \u00e9s mindennapi t\u00e1mogat\u00e1st. Az 1975-ben \u00e9p\u00fclt, n\u00e9gyszintes, t\u00f6bb mint 5300...","og_url":"https:\/\/egyuttfejlodunk.hu\/?p=12001","og_site_name":"Egy\u00fctt fejl\u0151d\u00fcnk","article_published_time":"2026-07-27T08:23:21+00:00","article_modified_time":"2026-08-28T06:23:04+00:00","og_image":[{"width":1793,"height":1001,"url":"https:\/\/egyuttfejlodunk.hu\/wp-content\/uploads\/2026\/08\/KEHOP-5.2.13-19-2019-00006-3.-foto.jpg","type":"image\/jpeg"}],"author":"T\u00f3th Ferenc","twitter_card":"summary_large_image","twitter_misc":{"Szerz\u0151:":"T\u00f3th Ferenc","Becs\u00fclt olvas\u00e1si id\u0151":"2 perc"},"schema":{"@context":"https:\/\/schema.org","@graph":[{"@type":"Article","@id":"https:\/\/egyuttfejlodunk.hu\/?p=12001#article","isPartOf":{"@id":"https:\/\/egyuttfejlodunk.hu\/?p=12001"},"author":{"name":"T\u00f3th Ferenc","@id":"https:\/\/egyuttfejlodunk.hu\/#\/schema\/person\/94cc2e6bf0b14e6d5de3d603885ed8c5"},"headline":"Energiatakar\u00e9kos koll\u00e9gium","datePublished":"2026-07-27T08:23:21+00:00","dateModified":"2026-08-28T06:23:04+00:00","mainEntityOfPage":{"@id":"https:\/\/egyuttfejlodunk.hu\/?p=12001"},"wordCount":371,"publisher":{"@id":"https:\/\/egyuttfejlodunk.hu\/#organization"},"image":{"@id":"https:\/\/egyuttfejlodunk.hu\/?p=12001#primaryimage"},"thumbnailUrl":"https:\/\/egyuttfejlodunk.hu\/wp-content\/uploads\/2026\/08\/KEHOP-5.2.13-19-2019-00006-3.-foto.jpg","keywords":["energiahat\u00e9konys\u00e1g","int\u00e9zm\u00e9nyfejleszt\u00e9s","Oktat\u00e1s"],"articleSection":["Kehop"],"inLanguage":"hu"},{"@type":"WebPage","@id":"https:\/\/egyuttfejlodunk.hu\/?p=12001","url":"https:\/\/egyuttfejlodunk.hu\/?p=12001","name":"Energiatakar\u00e9kos koll\u00e9gium - Egy\u00fctt fejl\u0151d\u00fcnk","isPartOf":{"@id":"https:\/\/egyuttfejlodunk.hu\/#website"},"primaryImageOfPage":{"@id":"https:\/\/egyuttfejlodunk.hu\/?p=12001#primaryimage"},"image":{"@id":"https:\/\/egyuttfejlodunk.hu\/?p=12001#primaryimage"},"thumbnailUrl":"https:\/\/egyuttfejlodunk.hu\/wp-content\/uploads\/2026\/08\/KEHOP-5.2.13-19-2019-00006-3.-foto.jpg","datePublished":"2026-07-27T08:23:21+00:00","dateModified":"2026-08-28T06:23:04+00:00","breadcrumb":{"@id":"https:\/\/egyuttfejlodunk.hu\/?p=12001#breadcrumb"},"inLanguage":"hu","potentialAction":[{"@type":"ReadAction","target":["https:\/\/egyuttfejlodunk.hu\/?p=12001"]}]},{"@type":"ImageObject","inLanguage":"hu","@id":"https:\/\/egyuttfejlodunk.hu\/?p=12001#primaryimage","url":"https:\/\/egyuttfejlodunk.hu\/wp-content\/uploads\/2026\/08\/KEHOP-5.2.13-19-2019-00006-3.-foto.jpg","contentUrl":"https:\/\/egyuttfejlodunk.hu\/wp-content\/uploads\/2026\/08\/KEHOP-5.2.13-19-2019-00006-3.-foto.jpg","width":1793,"height":1001},{"@type":"BreadcrumbList","@id":"https:\/\/egyuttfejlodunk.hu\/?p=12001#breadcrumb","itemListElement":[{"@type":"ListItem","position":1,"name":"Home","item":"https:\/\/egyuttfejlodunk.hu\/"},{"@type":"ListItem","position":2,"name":"Energiatakar\u00e9kos koll\u00e9gium"}]},{"@type":"WebSite","@id":"https:\/\/egyuttfejlodunk.hu\/#website","url":"https:\/\/egyuttfejlodunk.hu\/","name":"Egy\u00fctt fejl\u0151d\u00fcnk","description":"","publisher":{"@id":"https:\/\/egyuttfejlodunk.hu\/#organization"},"potentialAction":[{"@type":"SearchAction","target":{"@type":"EntryPoint","urlTemplate":"https:\/\/egyuttfejlodunk.hu\/?s={search_term_string}"},"query-input":{"@type":"PropertyValueSpecification","valueRequired":true,"valueName":"search_term_string"}}],"inLanguage":"hu"},{"@type":"Organization","@id":"https:\/\/egyuttfejlodunk.hu\/#organization","name":"Egy\u00fctt fejl\u0151d\u00fcnk","url":"https:\/\/egyuttfejlodunk.hu\/","logo":{"@type":"ImageObject","inLanguage":"hu","@id":"https:\/\/egyuttfejlodunk.hu\/#\/schema\/logo\/image\/","url":"https:\/\/egyuttfejlodunk.hu\/wp-content\/uploads\/2026\/04\/ujlogo.jpg","contentUrl":"https:\/\/egyuttfejlodunk.hu\/wp-content\/uploads\/2026\/04\/ujlogo.jpg","width":350,"height":110,"caption":"Egy\u00fctt fejl\u0151d\u00fcnk"},"image":{"@id":"https:\/\/egyuttfejlodunk.hu\/#\/schema\/logo\/image\/"}},{"@type":"Person","@id":"https:\/\/egyuttfejlodunk.hu\/#\/schema\/person\/94cc2e6bf0b14e6d5de3d603885ed8c5","name":"T\u00f3th Ferenc"}]}},"_links":{"self":[{"href":"https:\/\/egyuttfejlodunk.hu\/index.php?rest_route=\/wp\/v2\/posts\/12001","targetHints":{"allow":["GET"]}}],"collection":[{"href":"https:\/\/egyuttfejlodunk.hu\/index.php?rest_route=\/wp\/v2\/posts"}],"about":[{"href":"https:\/\/egyuttfejlodunk.hu\/index.php?rest_route=\/wp\/v2\/types\/post"}],"author":[{"embeddable":true,"href":"https:\/\/egyuttfejlodunk.hu\/index.php?rest_route=\/wp\/v2\/users\/30"}],"replies":[{"embeddable":true,"href":"https:\/\/egyuttfejlodunk.hu\/index.php?rest_route=%2Fwp%2Fv2%2Fcomments&post=12001"}],"version-history":[{"count":1,"href":"https:\/\/egyuttfejlodunk.hu\/index.php?rest_route=\/wp\/v2\/posts\/12001\/revisions"}],"predecessor-version":[{"id":12004,"href":"https:\/\/egyuttfejlodunk.hu\/index.php?rest_route=\/wp\/v2\/posts\/12001\/revisions\/12004"}],"wp:featuredmedia":[{"embeddable":true,"href":"https:\/\/egyuttfejlodunk.hu\/index.php?rest_route=\/wp\/v2\/media\/12003"}],"wp:attachment":[{"href":"https:\/\/egyuttfejlodunk.hu\/index.php?rest_route=%2Fwp%2Fv2%2Fmedia&parent=12001"}],"wp:term":[{"taxonomy":"category","embeddable":true,"href":"https:\/\/egyuttfejlodunk.hu\/index.php?rest_route=%2Fwp%2Fv2%2Fcategories&post=12001"},{"taxonomy":"post_tag","embeddable":true,"href":"https:\/\/egyuttfejlodunk.hu\/index.php?rest_route=%2Fwp%2Fv2%2Ftags&post=12001"},{"taxonomy":"megye","embeddable":true,"href":"https:\/\/egyuttfejlodunk.hu\/index.php?rest_route=%2Fwp%2Fv2%2Fmegye&post=12001"}],"curies":[{"name":"wp","href":"https:\/\/api.w.org\/{rel}","templated":true}]}}