{"id":12008,"date":"2026-07-29T11:32:24","date_gmt":"2026-07-29T09:32:24","guid":{"rendered":"https:\/\/egyuttfejlodunk.hu\/?p=12008"},"modified":"2026-08-28T08:22:33","modified_gmt":"2026-08-28T06:22:33","slug":"lepj-be-a-gerecse-kapujan","status":"publish","type":"post","link":"https:\/\/egyuttfejlodunk.hu\/?p=12008","title":{"rendered":"L\u00e9pj be a Gerecse kapuj\u00e1n!"},"content":{"rendered":"\t\t<div data-elementor-type=\"wp-post\" data-elementor-id=\"12008\" class=\"elementor elementor-12008\" data-elementor-post-type=\"post\">\n\t\t\t\t<div class=\"elementor-element elementor-element-f194df7 e-flex e-con-boxed e-con e-parent\" data-id=\"f194df7\" data-element_type=\"container\" data-e-type=\"container\">\n\t\t\t\t\t<div class=\"e-con-inner\">\n\t\t\t\t<div class=\"elementor-element elementor-element-18cf4e43 elementor-widget elementor-widget-text-editor\" data-id=\"18cf4e43\" data-element_type=\"widget\" data-e-type=\"widget\" data-widget_type=\"text-editor.default\">\n\t\t\t\t\t\t\t\t\t<p><strong>Budapestt\u0151l aut\u00f3val mind\u00f6sszesen egy \u00f3r\u00e1nyira, Tatab\u00e1nya mellett a Gerecse lank\u00e1in \u00faj k\u00f6z\u00f6ss\u00e9gi t\u00e9r v\u00e1rja az ide \u00e9rkez\u0151ket. A Turul eml\u00e9km\u0171 szomsz\u00e9ds\u00e1g\u00e1ban elhelyezked\u0151 Gerecse Kapuja L\u00e1togat\u00f3k\u00f6zpont fest\u0151i sz\u00e9ps\u00e9g\u0171 term\u00e9szeti k\u00f6rnyezete rengeteg \u00e9lm\u00e9nyt \u00edg\u00e9r, az akt\u00edv kikapcsol\u00f3d\u00e1s k\u00fcl\u00f6n\u00f6sen v\u00e1ltozatos t\u00e1rh\u00e1z\u00e1t ny\u00fajtva.\u00a0 <\/strong><\/p><p>Ez az uni\u00f3s t\u00e1mogat\u00e1ssal megval\u00f3sult fejleszt\u00e9s kiemelked\u0151 fontoss\u00e1g\u00fa Tatab\u00e1nya turisztikai szempontj\u00e1b\u00f3l, kihaszn\u00e1lva a telep\u00fcl\u00e9s elhelyezked\u00e9s\u00e9t \u00e9s term\u00e9szeti adotts\u00e1gait, valamint a Gerecse \u00e9s a V\u00e9rtes var\u00e1zs\u00e1t, a Duna k\u00f6zels\u00e9g\u00e9t, a Turul-szobor \u00e9s Szelim-barlang egyedi jelleg\u00e9t.<\/p><p>A K\u0151-hegyen kialak\u00edtott l\u00e1togat\u00f3k\u00f6zpont, mely tal\u00e1l\u00f3an a Gerecse Kapuja nevet kapta, harmonikusan illeszkedik a t\u00e1jba. A fa bor\u00edt\u00e1s\u00fa, hatalmas ablakok t\u00e1gas kil\u00e1t\u00e1st biztos\u00edtanak a k\u00e1v\u00e9z\u00f3-\u00e9tterm\u00e9b\u0151l. Az \u00e9p\u00fclet 500 n\u00e9gyzetm\u00e9teren ki\u00e1ll\u00edt\u00f3t\u00e9rrel, \u00e9tteremmel, aj\u00e1nd\u00e9kbolttal, gal\u00e9ri\u00e1val, felszerel\u00e9sk\u00f6lcs\u00f6nz\u0151vel, parkol\u00f3val \u00e9s akad\u00e1lymentes\u00edtett mell\u00e9khelyis\u00e9gekkel v\u00e1rja a turist\u00e1kat.\u00a0<\/p><p>A Turul-eml\u00e9km\u0171 \u00e9s a Szelim-barlang k\u00f6rnyezet\u00e9nek l\u00e1togat\u00f3bar\u00e1tt\u00e1 alak\u00edt\u00e1sa mellett \u00faj tan\u00f6sv\u00e9nyek \u00e9s j\u00e1tsz\u00f3t\u00e9r is l\u00e9tes\u00fclt. A ter\u00fcleten fitneszeszk\u00f6z\u00f6k v\u00e1rj\u00e1k a sportolni v\u00e1gy\u00f3kat, m\u00edg a szabadt\u00e9ri t\u0171zrak\u00f3- \u00e9s piknikez\u0151 helyek csal\u00e1di, bar\u00e1ti \u00f6sszej\u00f6veteleknek ny\u00fajtanak ide\u00e1lis pihen\u0151helyet.<\/p><p>A projekt egyik k\u00fcl\u00f6nlegess\u00e9ge, hogy n\u00e9h\u00e1ny \u00e9ve m\u00e1r el\u00e9rhet\u0151ek leny\u0171g\u00f6z\u0151 panor\u00e1m\u00e1j\u00fa via ferrata \u00fatvonalak is a k\u00fcl\u00f6nb\u00f6z\u0151 felk\u00e9sz\u00fclts\u00e9g\u0171 kalandorok sz\u00e1m\u00e1ra. A sz\u00fcks\u00e9ges felszerel\u00e9sek m\u00e1r helyben is b\u00e9relhet\u0151k, \u00edgy azok is b\u00e1tran kipr\u00f3b\u00e1lhatj\u00e1k ezt az izgalmas kih\u00edv\u00e1st, akik nem rendelkeznek saj\u00e1t eszk\u00f6z\u00f6kkel.<\/p><p>A l\u00e1togat\u00f3k\u00f6zpont eg\u00e9sz \u00e9vben nyitva tart, ezzel is \u00f6szt\u00f6n\u00f6zve a t\u00e9li term\u00e9szetj\u00e1r\u00e1s n\u00e9pszer\u0171s\u00edt\u00e9s\u00e9t. Egy hideg erdei s\u00e9ta ut\u00e1n k\u00fcl\u00f6n\u00f6sen j\u00f3lesik bet\u00e9rni a bar\u00e1ts\u00e1gos t\u00e9rbe, ahol egy eb\u00e9d vagy egy forr\u00f3 ital mellett \u00fajra felt\u00f6lt\u0151dhet\u00fcnk. A ki\u00e1ll\u00edt\u00f3t\u00e9rben a vend\u00e9gek m\u00e9lyebben is megismerhetik a Gerecse term\u00e9szeti \u00e9s kultur\u00e1lis \u00e9rt\u00e9keit.<\/p><p>A fejleszt\u00e9s nemcsak a helyi gazdas\u00e1g fejleszt\u00e9s\u00e9hez j\u00e1rult hozz\u00e1, hanem Tatab\u00e1nya \u00e9s k\u00f6rny\u00e9k\u00e9nek turisztikai k\u00edn\u00e1lat\u00e1t is b\u0151v\u00edti, hiszen a k\u00f6rnyez\u0151 ter\u00fcletek, mint Tata, V\u00e9rtessz\u0151l\u0151s \u00e9s V\u00e1rgesztes is sz\u00e1mos lehet\u0151s\u00e9get ny\u00fajtanak a l\u00e1tnival\u00f3k felfedez\u00e9s\u00e9re, t\u00far\u00e1kra \u00e9s szakmai programok szervez\u00e9s\u00e9re.<\/p>\t\t\t\t\t\t\t\t<\/div>\n\t\t\t\t<div class=\"elementor-element elementor-element-23583df7 elementor-widget elementor-widget-gallery\" data-id=\"23583df7\" data-element_type=\"widget\" data-e-type=\"widget\" data-settings=\"{&quot;columns&quot;:3,&quot;lazyload&quot;:&quot;yes&quot;,&quot;gallery_layout&quot;:&quot;grid&quot;,&quot;columns_tablet&quot;:2,&quot;columns_mobile&quot;:1,&quot;gap&quot;:{&quot;unit&quot;:&quot;px&quot;,&quot;size&quot;:10,&quot;sizes&quot;:[]},&quot;gap_tablet&quot;:{&quot;unit&quot;:&quot;px&quot;,&quot;size&quot;:10,&quot;sizes&quot;:[]},&quot;gap_mobile&quot;:{&quot;unit&quot;:&quot;px&quot;,&quot;size&quot;:10,&quot;sizes&quot;:[]},&quot;link_to&quot;:&quot;file&quot;,&quot;aspect_ratio&quot;:&quot;3:2&quot;,&quot;overlay_background&quot;:&quot;yes&quot;,&quot;content_hover_animation&quot;:&quot;fade-in&quot;}\" data-widget_type=\"gallery.default\">\n\t\t\t\t\t\t\t<div class=\"elementor-gallery__container\">\n\t\t\t\t\t\t\t<a class=\"e-gallery-item elementor-gallery-item elementor-animated-content\" href=\"https:\/\/egyuttfejlodunk.hu\/wp-content\/uploads\/2026\/08\/050f2abe-598b-471a-80ef-021ec8f1f543.png\" data-elementor-open-lightbox=\"yes\" data-elementor-lightbox-slideshow=\"23583df7\" data-e-action-hash=\"#elementor-action%3Aaction%3Dlightbox%26settings%3DeyJpZCI6MTIwMTEsInVybCI6Imh0dHBzOlwvXC9lZ3l1dHRmZWpsb2R1bmsuaHVcL3dwLWNvbnRlbnRcL3VwbG9hZHNcLzIwMjZcLzA4XC8wNTBmMmFiZS01OThiLTQ3MWEtODBlZi0wMjFlYzhmMWY1NDMucG5nIiwic2xpZGVzaG93IjoiMjM1ODNkZjcifQ%3D%3D\">\n\t\t\t\t\t<div class=\"e-gallery-image elementor-gallery-item__image\" data-thumbnail=\"https:\/\/egyuttfejlodunk.hu\/wp-content\/uploads\/2026\/08\/050f2abe-598b-471a-80ef-021ec8f1f543-640x427.png\" data-width=\"640\" data-height=\"427\" aria-label=\"\" role=\"img\" ><\/div>\n\t\t\t\t\t\t\t\t\t\t\t<div class=\"elementor-gallery-item__overlay\"><\/div>\n\t\t\t\t\t\t\t\t\t\t\t\t\t\t<\/a>\n\t\t\t\t\t\t\t<a class=\"e-gallery-item elementor-gallery-item elementor-animated-content\" href=\"https:\/\/egyuttfejlodunk.hu\/wp-content\/uploads\/2026\/08\/CR6_0066.jpg\" data-elementor-open-lightbox=\"yes\" data-elementor-lightbox-slideshow=\"23583df7\" data-e-action-hash=\"#elementor-action%3Aaction%3Dlightbox%26settings%3DeyJpZCI6MTIwMTIsInVybCI6Imh0dHBzOlwvXC9lZ3l1dHRmZWpsb2R1bmsuaHVcL3dwLWNvbnRlbnRcL3VwbG9hZHNcLzIwMjZcLzA4XC9DUjZfMDA2Ni5qcGciLCJzbGlkZXNob3ciOiIyMzU4M2RmNyJ9\">\n\t\t\t\t\t<div class=\"e-gallery-image elementor-gallery-item__image\" data-thumbnail=\"https:\/\/egyuttfejlodunk.hu\/wp-content\/uploads\/2026\/08\/CR6_0066-640x427.jpg\" data-width=\"640\" data-height=\"427\" aria-label=\"\" role=\"img\" ><\/div>\n\t\t\t\t\t\t\t\t\t\t\t<div class=\"elementor-gallery-item__overlay\"><\/div>\n\t\t\t\t\t\t\t\t\t\t\t\t\t\t<\/a>\n\t\t\t\t\t\t\t<a class=\"e-gallery-item elementor-gallery-item elementor-animated-content\" href=\"https:\/\/egyuttfejlodunk.hu\/wp-content\/uploads\/2026\/08\/CR6_0059.jpg\" data-elementor-open-lightbox=\"yes\" data-elementor-lightbox-slideshow=\"23583df7\" data-e-action-hash=\"#elementor-action%3Aaction%3Dlightbox%26settings%3DeyJpZCI6MTIwMTMsInVybCI6Imh0dHBzOlwvXC9lZ3l1dHRmZWpsb2R1bmsuaHVcL3dwLWNvbnRlbnRcL3VwbG9hZHNcLzIwMjZcLzA4XC9DUjZfMDA1OS5qcGciLCJzbGlkZXNob3ciOiIyMzU4M2RmNyJ9\">\n\t\t\t\t\t<div class=\"e-gallery-image elementor-gallery-item__image\" data-thumbnail=\"https:\/\/egyuttfejlodunk.hu\/wp-content\/uploads\/2026\/08\/CR6_0059-640x427.jpg\" data-width=\"640\" data-height=\"427\" aria-label=\"\" role=\"img\" ><\/div>\n\t\t\t\t\t\t\t\t\t\t\t<div class=\"elementor-gallery-item__overlay\"><\/div>\n\t\t\t\t\t\t\t\t\t\t\t\t\t\t<\/a>\n\t\t\t\t\t\t\t<a class=\"e-gallery-item elementor-gallery-item elementor-animated-content\" href=\"https:\/\/egyuttfejlodunk.hu\/wp-content\/uploads\/2026\/08\/8ed15e7d-432a-4eab-85b6-4818059610ba.png\" data-elementor-open-lightbox=\"yes\" data-elementor-lightbox-slideshow=\"23583df7\" data-e-action-hash=\"#elementor-action%3Aaction%3Dlightbox%26settings%3DeyJpZCI6MTIwMTQsInVybCI6Imh0dHBzOlwvXC9lZ3l1dHRmZWpsb2R1bmsuaHVcL3dwLWNvbnRlbnRcL3VwbG9hZHNcLzIwMjZcLzA4XC84ZWQxNWU3ZC00MzJhLTRlYWItODViNi00ODE4MDU5NjEwYmEucG5nIiwic2xpZGVzaG93IjoiMjM1ODNkZjcifQ%3D%3D\">\n\t\t\t\t\t<div class=\"e-gallery-image elementor-gallery-item__image\" data-thumbnail=\"https:\/\/egyuttfejlodunk.hu\/wp-content\/uploads\/2026\/08\/8ed15e7d-432a-4eab-85b6-4818059610ba-640x426.png\" data-width=\"640\" data-height=\"426\" aria-label=\"\" role=\"img\" ><\/div>\n\t\t\t\t\t\t\t\t\t\t\t<div class=\"elementor-gallery-item__overlay\"><\/div>\n\t\t\t\t\t\t\t\t\t\t\t\t\t\t<\/a>\n\t\t\t\t\t<\/div>\n\t\t\t\t\t<\/div>\n\t\t\t\t<div class=\"elementor-element elementor-element-3ba1359 elementor-widget elementor-widget-text-editor\" data-id=\"3ba1359\" data-element_type=\"widget\" data-e-type=\"widget\" data-widget_type=\"text-editor.default\">\n\t\t\t\t\t\t\t\t\t<p>A program a TOP-6.1.4-15-TB1-2016-00001 projekt keret\u00e9ben, eur\u00f3pai uni\u00f3s forr\u00e1s bevon\u00e1s\u00e1val val\u00f3sult meg.<\/p><p>Tov\u00e1bbi r\u00e9szletek a t\u00e1mogatott projekt keres\u0151ben:<a class=\"tovabb\" href=\"https:\/\/www.palyazat.gov.hu\/eredmenyek\/tamogatott-projektek\/546390201\" target=\"_blank\" rel=\"noopener\">Tov\u00e1bb<\/a><\/p><p>\u00a0<\/p>\t\t\t\t\t\t\t\t<\/div>\n\t\t\t\t\t<\/div>\n\t\t\t\t<\/div>\n\t\t\t\t<\/div>\n\t\t","protected":false},"excerpt":{"rendered":"<p>Budapestt\u0151l aut\u00f3val mind\u00f6sszesen egy \u00f3r\u00e1nyira, Tatab\u00e1nya mellett a Gerecse lank\u00e1in \u00faj k\u00f6z\u00f6ss\u00e9gi t\u00e9r v\u00e1rja az ide \u00e9rkez\u0151ket. A Turul eml\u00e9km\u0171 szomsz\u00e9ds\u00e1g\u00e1ban elhelyezked\u0151 Gerecse Kapuja L\u00e1togat\u00f3k\u00f6zpont fest\u0151i sz\u00e9ps\u00e9g\u0171 term\u00e9szeti k\u00f6rnyezete rengeteg \u00e9lm\u00e9nyt \u00edg\u00e9r, az akt\u00edv kikapcsol\u00f3d\u00e1s k\u00fcl\u00f6n\u00f6sen v\u00e1ltozatos t\u00e1rh\u00e1z\u00e1t ny\u00fajtva.&nbsp; Ez az uni\u00f3s t\u00e1mogat\u00e1ssal megval\u00f3sult fejleszt\u00e9s kiemelked\u0151 fontoss\u00e1g\u00fa Tatab\u00e1nya turisztikai szempontj\u00e1b\u00f3l, kihaszn\u00e1lva a telep\u00fcl\u00e9s elhelyezked\u00e9s\u00e9t \u00e9s term\u00e9szeti adotts\u00e1gait, valamint a Gerecse \u00e9s a V\u00e9rtes var\u00e1zs\u00e1t, a Duna k\u00f6zels\u00e9g\u00e9t, a Turul-szobor \u00e9s Szelim-barlang egyedi jelleg\u00e9t. A K\u0151-hegyen&#8230;<\/p>\n","protected":false},"author":30,"featured_media":12009,"comment_status":"closed","ping_status":"closed","sticky":false,"template":"","format":"standard","meta":{"_acf_changed":false,"ngg_post_thumbnail":0,"footnotes":""},"categories":[173],"tags":[459,419],"megye":[1126],"class_list":["post-12008","post","type-post","status-publish","format-standard","has-post-thumbnail","hentry","category-top-hu","tag-teruletfejlesztes","tag-turisztikai-fejlesztes","megye-komarom-esztergom-megye"],"acf":[],"yoast_head":"<!-- This site is optimized with the Yoast SEO Premium plugin v28.4 (Yoast SEO v28.4) - https:\/\/yoast.com\/product\/yoast-seo-premium-wordpress\/ -->\n<title>L\u00e9pj be a Gerecse kapuj\u00e1n! - Egy\u00fctt fejl\u0151d\u00fcnk<\/title>\n<meta name=\"robots\" content=\"noindex, follow, max-snippet:-1, max-image-preview:large, max-video-preview:-1\" \/>\n<meta property=\"og:locale\" content=\"hu_HU\" \/>\n<meta property=\"og:type\" content=\"article\" \/>\n<meta property=\"og:title\" content=\"L\u00e9pj be a Gerecse kapuj\u00e1n!\" \/>\n<meta property=\"og:description\" content=\"Budapestt\u0151l aut\u00f3val mind\u00f6sszesen egy \u00f3r\u00e1nyira, Tatab\u00e1nya mellett a Gerecse lank\u00e1in \u00faj k\u00f6z\u00f6ss\u00e9gi t\u00e9r v\u00e1rja az ide \u00e9rkez\u0151ket. A Turul eml\u00e9km\u0171 szomsz\u00e9ds\u00e1g\u00e1ban elhelyezked\u0151 Gerecse Kapuja L\u00e1togat\u00f3k\u00f6zpont fest\u0151i sz\u00e9ps\u00e9g\u0171 term\u00e9szeti k\u00f6rnyezete rengeteg \u00e9lm\u00e9nyt \u00edg\u00e9r, az akt\u00edv kikapcsol\u00f3d\u00e1s k\u00fcl\u00f6n\u00f6sen v\u00e1ltozatos t\u00e1rh\u00e1z\u00e1t ny\u00fajtva.&nbsp; Ez az uni\u00f3s t\u00e1mogat\u00e1ssal megval\u00f3sult fejleszt\u00e9s kiemelked\u0151 fontoss\u00e1g\u00fa Tatab\u00e1nya turisztikai szempontj\u00e1b\u00f3l, kihaszn\u00e1lva a telep\u00fcl\u00e9s elhelyezked\u00e9s\u00e9t \u00e9s term\u00e9szeti adotts\u00e1gait, valamint a Gerecse \u00e9s a V\u00e9rtes var\u00e1zs\u00e1t, a Duna k\u00f6zels\u00e9g\u00e9t, a Turul-szobor \u00e9s Szelim-barlang egyedi jelleg\u00e9t. A K\u0151-hegyen...\" \/>\n<meta property=\"og:url\" content=\"https:\/\/egyuttfejlodunk.hu\/?p=12008\" \/>\n<meta property=\"og:site_name\" content=\"Egy\u00fctt fejl\u0151d\u00fcnk\" \/>\n<meta property=\"article:published_time\" content=\"2026-07-29T09:32:24+00:00\" \/>\n<meta property=\"article:modified_time\" content=\"2026-08-28T06:22:33+00:00\" \/>\n<meta property=\"og:image\" content=\"https:\/\/egyuttfejlodunk.hu\/wp-content\/uploads\/2026\/08\/47.jpg\" \/>\n\t<meta property=\"og:image:width\" content=\"1920\" \/>\n\t<meta property=\"og:image:height\" content=\"1021\" \/>\n\t<meta property=\"og:image:type\" content=\"image\/jpeg\" \/>\n<meta name=\"author\" content=\"T\u00f3th Ferenc\" \/>\n<meta name=\"twitter:card\" content=\"summary_large_image\" \/>\n<meta name=\"twitter:label1\" content=\"Szerz\u0151:\" \/>\n\t<meta name=\"twitter:data1\" content=\"T\u00f3th Ferenc\" \/>\n\t<meta name=\"twitter:label2\" content=\"Becs\u00fclt olvas\u00e1si id\u0151\" \/>\n\t<meta name=\"twitter:data2\" content=\"2 perc\" \/>\n<script type=\"application\/ld+json\" class=\"yoast-schema-graph\">{\"@context\":\"https:\\\/\\\/schema.org\",\"@graph\":[{\"@type\":\"Article\",\"@id\":\"https:\\\/\\\/egyuttfejlodunk.hu\\\/?p=12008#article\",\"isPartOf\":{\"@id\":\"https:\\\/\\\/egyuttfejlodunk.hu\\\/?p=12008\"},\"author\":{\"name\":\"T\u00f3th Ferenc\",\"@id\":\"https:\\\/\\\/egyuttfejlodunk.hu\\\/#\\\/schema\\\/person\\\/94cc2e6bf0b14e6d5de3d603885ed8c5\"},\"headline\":\"L\u00e9pj be a Gerecse kapuj\u00e1n!\",\"datePublished\":\"2026-07-29T09:32:24+00:00\",\"dateModified\":\"2026-08-28T06:22:33+00:00\",\"mainEntityOfPage\":{\"@id\":\"https:\\\/\\\/egyuttfejlodunk.hu\\\/?p=12008\"},\"wordCount\":557,\"publisher\":{\"@id\":\"https:\\\/\\\/egyuttfejlodunk.hu\\\/#organization\"},\"image\":{\"@id\":\"https:\\\/\\\/egyuttfejlodunk.hu\\\/?p=12008#primaryimage\"},\"thumbnailUrl\":\"https:\\\/\\\/egyuttfejlodunk.hu\\\/wp-content\\\/uploads\\\/2026\\\/08\\\/47.jpg\",\"keywords\":[\"ter\u00fcletfejleszt\u00e9s\",\"turisztikai fejleszt\u00e9s\"],\"articleSection\":[\"Top\"],\"inLanguage\":\"hu\"},{\"@type\":\"WebPage\",\"@id\":\"https:\\\/\\\/egyuttfejlodunk.hu\\\/?p=12008\",\"url\":\"https:\\\/\\\/egyuttfejlodunk.hu\\\/?p=12008\",\"name\":\"L\u00e9pj be a Gerecse kapuj\u00e1n! - Egy\u00fctt fejl\u0151d\u00fcnk\",\"isPartOf\":{\"@id\":\"https:\\\/\\\/egyuttfejlodunk.hu\\\/#website\"},\"primaryImageOfPage\":{\"@id\":\"https:\\\/\\\/egyuttfejlodunk.hu\\\/?p=12008#primaryimage\"},\"image\":{\"@id\":\"https:\\\/\\\/egyuttfejlodunk.hu\\\/?p=12008#primaryimage\"},\"thumbnailUrl\":\"https:\\\/\\\/egyuttfejlodunk.hu\\\/wp-content\\\/uploads\\\/2026\\\/08\\\/47.jpg\",\"datePublished\":\"2026-07-29T09:32:24+00:00\",\"dateModified\":\"2026-08-28T06:22:33+00:00\",\"breadcrumb\":{\"@id\":\"https:\\\/\\\/egyuttfejlodunk.hu\\\/?p=12008#breadcrumb\"},\"inLanguage\":\"hu\",\"potentialAction\":[{\"@type\":\"ReadAction\",\"target\":[\"https:\\\/\\\/egyuttfejlodunk.hu\\\/?p=12008\"]}]},{\"@type\":\"ImageObject\",\"inLanguage\":\"hu\",\"@id\":\"https:\\\/\\\/egyuttfejlodunk.hu\\\/?p=12008#primaryimage\",\"url\":\"https:\\\/\\\/egyuttfejlodunk.hu\\\/wp-content\\\/uploads\\\/2026\\\/08\\\/47.jpg\",\"contentUrl\":\"https:\\\/\\\/egyuttfejlodunk.hu\\\/wp-content\\\/uploads\\\/2026\\\/08\\\/47.jpg\",\"width\":1920,\"height\":1021},{\"@type\":\"BreadcrumbList\",\"@id\":\"https:\\\/\\\/egyuttfejlodunk.hu\\\/?p=12008#breadcrumb\",\"itemListElement\":[{\"@type\":\"ListItem\",\"position\":1,\"name\":\"Home\",\"item\":\"https:\\\/\\\/egyuttfejlodunk.hu\\\/\"},{\"@type\":\"ListItem\",\"position\":2,\"name\":\"L\u00e9pj be a Gerecse kapuj\u00e1n!\"}]},{\"@type\":\"WebSite\",\"@id\":\"https:\\\/\\\/egyuttfejlodunk.hu\\\/#website\",\"url\":\"https:\\\/\\\/egyuttfejlodunk.hu\\\/\",\"name\":\"Egy\u00fctt fejl\u0151d\u00fcnk\",\"description\":\"\",\"publisher\":{\"@id\":\"https:\\\/\\\/egyuttfejlodunk.hu\\\/#organization\"},\"potentialAction\":[{\"@type\":\"SearchAction\",\"target\":{\"@type\":\"EntryPoint\",\"urlTemplate\":\"https:\\\/\\\/egyuttfejlodunk.hu\\\/?s={search_term_string}\"},\"query-input\":{\"@type\":\"PropertyValueSpecification\",\"valueRequired\":true,\"valueName\":\"search_term_string\"}}],\"inLanguage\":\"hu\"},{\"@type\":\"Organization\",\"@id\":\"https:\\\/\\\/egyuttfejlodunk.hu\\\/#organization\",\"name\":\"Egy\u00fctt fejl\u0151d\u00fcnk\",\"url\":\"https:\\\/\\\/egyuttfejlodunk.hu\\\/\",\"logo\":{\"@type\":\"ImageObject\",\"inLanguage\":\"hu\",\"@id\":\"https:\\\/\\\/egyuttfejlodunk.hu\\\/#\\\/schema\\\/logo\\\/image\\\/\",\"url\":\"https:\\\/\\\/egyuttfejlodunk.hu\\\/wp-content\\\/uploads\\\/2026\\\/04\\\/ujlogo.jpg\",\"contentUrl\":\"https:\\\/\\\/egyuttfejlodunk.hu\\\/wp-content\\\/uploads\\\/2026\\\/04\\\/ujlogo.jpg\",\"width\":350,\"height\":110,\"caption\":\"Egy\u00fctt fejl\u0151d\u00fcnk\"},\"image\":{\"@id\":\"https:\\\/\\\/egyuttfejlodunk.hu\\\/#\\\/schema\\\/logo\\\/image\\\/\"}},{\"@type\":\"Person\",\"@id\":\"https:\\\/\\\/egyuttfejlodunk.hu\\\/#\\\/schema\\\/person\\\/94cc2e6bf0b14e6d5de3d603885ed8c5\",\"name\":\"T\u00f3th Ferenc\"}]}<\/script>\n<!-- \/ Yoast SEO Premium plugin. -->","yoast_head_json":{"title":"L\u00e9pj be a Gerecse kapuj\u00e1n! - Egy\u00fctt fejl\u0151d\u00fcnk","robots":{"index":"noindex","follow":"follow","max-snippet":"max-snippet:-1","max-image-preview":"max-image-preview:large","max-video-preview":"max-video-preview:-1"},"og_locale":"hu_HU","og_type":"article","og_title":"L\u00e9pj be a Gerecse kapuj\u00e1n!","og_description":"Budapestt\u0151l aut\u00f3val mind\u00f6sszesen egy \u00f3r\u00e1nyira, Tatab\u00e1nya mellett a Gerecse lank\u00e1in \u00faj k\u00f6z\u00f6ss\u00e9gi t\u00e9r v\u00e1rja az ide \u00e9rkez\u0151ket. A Turul eml\u00e9km\u0171 szomsz\u00e9ds\u00e1g\u00e1ban elhelyezked\u0151 Gerecse Kapuja L\u00e1togat\u00f3k\u00f6zpont fest\u0151i sz\u00e9ps\u00e9g\u0171 term\u00e9szeti k\u00f6rnyezete rengeteg \u00e9lm\u00e9nyt \u00edg\u00e9r, az akt\u00edv kikapcsol\u00f3d\u00e1s k\u00fcl\u00f6n\u00f6sen v\u00e1ltozatos t\u00e1rh\u00e1z\u00e1t ny\u00fajtva.&nbsp; Ez az uni\u00f3s t\u00e1mogat\u00e1ssal megval\u00f3sult fejleszt\u00e9s kiemelked\u0151 fontoss\u00e1g\u00fa Tatab\u00e1nya turisztikai szempontj\u00e1b\u00f3l, kihaszn\u00e1lva a telep\u00fcl\u00e9s elhelyezked\u00e9s\u00e9t \u00e9s term\u00e9szeti adotts\u00e1gait, valamint a Gerecse \u00e9s a V\u00e9rtes var\u00e1zs\u00e1t, a Duna k\u00f6zels\u00e9g\u00e9t, a Turul-szobor \u00e9s Szelim-barlang egyedi jelleg\u00e9t. A K\u0151-hegyen...","og_url":"https:\/\/egyuttfejlodunk.hu\/?p=12008","og_site_name":"Egy\u00fctt fejl\u0151d\u00fcnk","article_published_time":"2026-07-29T09:32:24+00:00","article_modified_time":"2026-08-28T06:22:33+00:00","og_image":[{"width":1920,"height":1021,"url":"https:\/\/egyuttfejlodunk.hu\/wp-content\/uploads\/2026\/08\/47.jpg","type":"image\/jpeg"}],"author":"T\u00f3th Ferenc","twitter_card":"summary_large_image","twitter_misc":{"Szerz\u0151:":"T\u00f3th Ferenc","Becs\u00fclt olvas\u00e1si id\u0151":"2 perc"},"schema":{"@context":"https:\/\/schema.org","@graph":[{"@type":"Article","@id":"https:\/\/egyuttfejlodunk.hu\/?p=12008#article","isPartOf":{"@id":"https:\/\/egyuttfejlodunk.hu\/?p=12008"},"author":{"name":"T\u00f3th Ferenc","@id":"https:\/\/egyuttfejlodunk.hu\/#\/schema\/person\/94cc2e6bf0b14e6d5de3d603885ed8c5"},"headline":"L\u00e9pj be a Gerecse kapuj\u00e1n!","datePublished":"2026-07-29T09:32:24+00:00","dateModified":"2026-08-28T06:22:33+00:00","mainEntityOfPage":{"@id":"https:\/\/egyuttfejlodunk.hu\/?p=12008"},"wordCount":557,"publisher":{"@id":"https:\/\/egyuttfejlodunk.hu\/#organization"},"image":{"@id":"https:\/\/egyuttfejlodunk.hu\/?p=12008#primaryimage"},"thumbnailUrl":"https:\/\/egyuttfejlodunk.hu\/wp-content\/uploads\/2026\/08\/47.jpg","keywords":["ter\u00fcletfejleszt\u00e9s","turisztikai fejleszt\u00e9s"],"articleSection":["Top"],"inLanguage":"hu"},{"@type":"WebPage","@id":"https:\/\/egyuttfejlodunk.hu\/?p=12008","url":"https:\/\/egyuttfejlodunk.hu\/?p=12008","name":"L\u00e9pj be a Gerecse kapuj\u00e1n! - Egy\u00fctt fejl\u0151d\u00fcnk","isPartOf":{"@id":"https:\/\/egyuttfejlodunk.hu\/#website"},"primaryImageOfPage":{"@id":"https:\/\/egyuttfejlodunk.hu\/?p=12008#primaryimage"},"image":{"@id":"https:\/\/egyuttfejlodunk.hu\/?p=12008#primaryimage"},"thumbnailUrl":"https:\/\/egyuttfejlodunk.hu\/wp-content\/uploads\/2026\/08\/47.jpg","datePublished":"2026-07-29T09:32:24+00:00","dateModified":"2026-08-28T06:22:33+00:00","breadcrumb":{"@id":"https:\/\/egyuttfejlodunk.hu\/?p=12008#breadcrumb"},"inLanguage":"hu","potentialAction":[{"@type":"ReadAction","target":["https:\/\/egyuttfejlodunk.hu\/?p=12008"]}]},{"@type":"ImageObject","inLanguage":"hu","@id":"https:\/\/egyuttfejlodunk.hu\/?p=12008#primaryimage","url":"https:\/\/egyuttfejlodunk.hu\/wp-content\/uploads\/2026\/08\/47.jpg","contentUrl":"https:\/\/egyuttfejlodunk.hu\/wp-content\/uploads\/2026\/08\/47.jpg","width":1920,"height":1021},{"@type":"BreadcrumbList","@id":"https:\/\/egyuttfejlodunk.hu\/?p=12008#breadcrumb","itemListElement":[{"@type":"ListItem","position":1,"name":"Home","item":"https:\/\/egyuttfejlodunk.hu\/"},{"@type":"ListItem","position":2,"name":"L\u00e9pj be a Gerecse kapuj\u00e1n!"}]},{"@type":"WebSite","@id":"https:\/\/egyuttfejlodunk.hu\/#website","url":"https:\/\/egyuttfejlodunk.hu\/","name":"Egy\u00fctt fejl\u0151d\u00fcnk","description":"","publisher":{"@id":"https:\/\/egyuttfejlodunk.hu\/#organization"},"potentialAction":[{"@type":"SearchAction","target":{"@type":"EntryPoint","urlTemplate":"https:\/\/egyuttfejlodunk.hu\/?s={search_term_string}"},"query-input":{"@type":"PropertyValueSpecification","valueRequired":true,"valueName":"search_term_string"}}],"inLanguage":"hu"},{"@type":"Organization","@id":"https:\/\/egyuttfejlodunk.hu\/#organization","name":"Egy\u00fctt fejl\u0151d\u00fcnk","url":"https:\/\/egyuttfejlodunk.hu\/","logo":{"@type":"ImageObject","inLanguage":"hu","@id":"https:\/\/egyuttfejlodunk.hu\/#\/schema\/logo\/image\/","url":"https:\/\/egyuttfejlodunk.hu\/wp-content\/uploads\/2026\/04\/ujlogo.jpg","contentUrl":"https:\/\/egyuttfejlodunk.hu\/wp-content\/uploads\/2026\/04\/ujlogo.jpg","width":350,"height":110,"caption":"Egy\u00fctt fejl\u0151d\u00fcnk"},"image":{"@id":"https:\/\/egyuttfejlodunk.hu\/#\/schema\/logo\/image\/"}},{"@type":"Person","@id":"https:\/\/egyuttfejlodunk.hu\/#\/schema\/person\/94cc2e6bf0b14e6d5de3d603885ed8c5","name":"T\u00f3th Ferenc"}]}},"_links":{"self":[{"href":"https:\/\/egyuttfejlodunk.hu\/index.php?rest_route=\/wp\/v2\/posts\/12008","targetHints":{"allow":["GET"]}}],"collection":[{"href":"https:\/\/egyuttfejlodunk.hu\/index.php?rest_route=\/wp\/v2\/posts"}],"about":[{"href":"https:\/\/egyuttfejlodunk.hu\/index.php?rest_route=\/wp\/v2\/types\/post"}],"author":[{"embeddable":true,"href":"https:\/\/egyuttfejlodunk.hu\/index.php?rest_route=\/wp\/v2\/users\/30"}],"replies":[{"embeddable":true,"href":"https:\/\/egyuttfejlodunk.hu\/index.php?rest_route=%2Fwp%2Fv2%2Fcomments&post=12008"}],"version-history":[{"count":5,"href":"https:\/\/egyuttfejlodunk.hu\/index.php?rest_route=\/wp\/v2\/posts\/12008\/revisions"}],"predecessor-version":[{"id":12052,"href":"https:\/\/egyuttfejlodunk.hu\/index.php?rest_route=\/wp\/v2\/posts\/12008\/revisions\/12052"}],"wp:featuredmedia":[{"embeddable":true,"href":"https:\/\/egyuttfejlodunk.hu\/index.php?rest_route=\/wp\/v2\/media\/12009"}],"wp:attachment":[{"href":"https:\/\/egyuttfejlodunk.hu\/index.php?rest_route=%2Fwp%2Fv2%2Fmedia&parent=12008"}],"wp:term":[{"taxonomy":"category","embeddable":true,"href":"https:\/\/egyuttfejlodunk.hu\/index.php?rest_route=%2Fwp%2Fv2%2Fcategories&post=12008"},{"taxonomy":"post_tag","embeddable":true,"href":"https:\/\/egyuttfejlodunk.hu\/index.php?rest_route=%2Fwp%2Fv2%2Ftags&post=12008"},{"taxonomy":"megye","embeddable":true,"href":"https:\/\/egyuttfejlodunk.hu\/index.php?rest_route=%2Fwp%2Fv2%2Fmegye&post=12008"}],"curies":[{"name":"wp","href":"https:\/\/api.w.org\/{rel}","templated":true}]}}