{"id":12042,"date":"2026-08-03T10:31:40","date_gmt":"2026-08-03T08:31:40","guid":{"rendered":"https:\/\/egyuttfejlodunk.hu\/?p=12042"},"modified":"2026-08-28T08:21:48","modified_gmt":"2026-08-28T06:21:48","slug":"mar-van-eleg-hely-tanitani-es-tanulni","status":"publish","type":"post","link":"https:\/\/egyuttfejlodunk.hu\/?p=12042","title":{"rendered":"M\u00e1r van el\u00e9g hely tan\u00edtani \u00e9s tanulni"},"content":{"rendered":"<p><strong>A bajai Szent L\u00e1szl\u00f3 \u00c1MK \u00c1ltal\u00e1nos Iskola pedag\u00f3gusai r\u00e9g\u00f3ta tapasztalhatt\u00e1k, hogy az iskola kor\u00e1bbi termei m\u00e1r nem minden esetben biztos\u00edtottak elegend\u0151 helyet a tan\u00f3r\u00e1khoz, a csoportbont\u00e1sokhoz \u00e9s az egy\u00e9ni fejleszt\u00e9sekhez. Az \u00faj \u00e9p\u00fcletsz\u00e1rny elk\u00e9sz\u00fclt\u00e9vel t\u00f6bb, korszer\u0171 \u00e9s j\u00f3l haszn\u00e1lhat\u00f3 tanterem \u00e1ll rendelkez\u00e9s\u00fckre, valamint n\u0151tt a csoportszob\u00e1k \u00e9s a fejleszt\u0151helyis\u00e9gek sz\u00e1ma is.<\/strong><\/p>\n<p>Az iskola a v\u00e1ros belv\u00e1ros\u00e1ban, a T\u00f3th K\u00e1lm\u00e1n utca, a Katona J\u00f3zsef utca \u00e9s a Hatty\u00fa utca tal\u00e1lkoz\u00e1s\u00e1n\u00e1l tal\u00e1lhat\u00f3. Egy uni\u00f3s projekt sor\u00e1n egy k\u00f6zel ezer n\u00e9gyzetm\u00e9teres, h\u00e1romszintes, hat tantermes \u00e9p\u00fcletsz\u00e1rnnyal b\u0151v\u00fclt az int\u00e9zm\u00e9ny, amelyet egy \u00e1tj\u00e1r\u00f3folyos\u00f3val kapcsoltak \u00f6ssze a f\u0151\u00e9p\u00fclettel.<\/p>\n<p>Hihetetlen nagy v\u00e1ltoz\u00e1st jelent a megval\u00f3sult fejleszt\u00e9s. Az \u00faj \u00e9p\u00fcletr\u00e9sz f\u00f6ldszintj\u00e9n t\u00e1gas aula kapott helyet, tov\u00e1bb\u00e1 minden emeleten k\u00e9t-k\u00e9t \u00faj oszt\u00e1lytermet alak\u00edtottak ki. Emellett csoportbont\u00e1snak helyet biztos\u00edt\u00f3 termek, irod\u00e1k \u00e9s kiszolg\u00e1l\u00f3helyis\u00e9gek is seg\u00edtik az iskolai munk\u00e1t. A tet\u0151re napelemek ker\u00fcltek, az \u00e9p\u00fclet f\u0171t\u00e9s\u00e9r\u0151l pedig korszer\u0171 h\u0151szivatty\u00fas rendszer gondoskodik.<\/p>\n<p>A sportudvar szint\u00e9n meg\u00fajult: udvari fitneszpark, t\u00f6bbs\u00e1vos fut\u00f3p\u00e1lya \u00e9s \u00f6nt\u00f6tt gumibor\u00edt\u00e1s\u00fa, t\u00f6bbfunkci\u00f3s sportp\u00e1lya \u00e9p\u00fclt. Ennek k\u00f6sz\u00f6nhet\u0151en tanul\u00f3ik az id\u0151j\u00e1r\u00e1st\u00f3l f\u00fcgg\u0151en t\u00f6bbf\u00e9le sport\u00e1gat is kipr\u00f3b\u00e1lhatnak, p\u00e9ld\u00e1ul kisp\u00e1ly\u00e1s labdar\u00fag\u00e1st, k\u00e9zilabd\u00e1t, kos\u00e1rlabd\u00e1t, floorballt vagy teniszt.<\/p>\n<p>Az \u00faj tantermeket a mai di\u00e1kok ig\u00e9nyeihez igaz\u00edtott\u00e1k. Vil\u00e1gosabb, k\u00e9nyelmesebb \u00e9s otthonosabb, tanul\u00f3k\u00f6zpont\u00fa oktat\u00e1sra alkalmas k\u00f6rnyezetben dolgozhatnak vel\u00fck. Minden terembe digit\u00e1lis t\u00e1bla ker\u00fclt, \u00edgy az \u00f3r\u00e1kon t\u00f6bb szeml\u00e9ltet\u0151anyagot, interakt\u00edv feladatot \u00e9s korszer\u0171 tan\u00edt\u00e1si m\u00f3dszert alkalmazhatnak.<\/p>\n<p>A beruh\u00e1z\u00e1s sokat seg\u00edtett abban, hogy az iskola pedag\u00f3giai programj\u00e1t a kor\u00e1bbin\u00e1l jobb k\u00f6r\u00fclm\u00e9nyek k\u00f6z\u00f6tt val\u00f3s\u00edthass\u00e1k meg.<\/p>\n<p><img fetchpriority=\"high\" decoding=\"async\" class=\"aligncenter wp-image-12043 size-full\" src=\"https:\/\/egyuttfejlodunk.hu\/wp-content\/uploads\/2026\/08\/Kesz-epulet2-640x427-1.jpg\" alt=\"\" width=\"640\" height=\"427\" srcset=\"https:\/\/egyuttfejlodunk.hu\/wp-content\/uploads\/2026\/08\/Kesz-epulet2-640x427-1.jpg 640w, https:\/\/egyuttfejlodunk.hu\/wp-content\/uploads\/2026\/08\/Kesz-epulet2-640x427-1-320x214.jpg 320w, https:\/\/egyuttfejlodunk.hu\/wp-content\/uploads\/2026\/08\/Kesz-epulet2-640x427-1-330x220.jpg 330w\" sizes=\"(max-width: 640px) 100vw, 640px\" \/><\/p>\n<p>A program az EFOP-4.1.5-16-2017-00157 projekt keret\u00e9ben, eur\u00f3pai uni\u00f3s forr\u00e1s bevon\u00e1s\u00e1val val\u00f3sult meg.<\/p>\n<p>Tov\u00e1bbi r\u00e9szletek a t\u00e1mogatott projekt keres\u0151ben:<a class=\"tovabb\" href=\"https:\/\/www.palyazat.gov.hu\/eredmenyek\/tamogatott-projektek\/1469760201\" target=\"_blank\" rel=\"noopener\">Tov\u00e1bb<\/a><\/p>\n","protected":false},"excerpt":{"rendered":"<p>A bajai Szent L\u00e1szl\u00f3 \u00c1MK \u00c1ltal\u00e1nos Iskola pedag\u00f3gusai r\u00e9g\u00f3ta tapasztalhatt\u00e1k, hogy az iskola kor\u00e1bbi termei m\u00e1r nem minden esetben biztos\u00edtottak elegend\u0151 helyet a tan\u00f3r\u00e1khoz, a csoportbont\u00e1sokhoz \u00e9s az egy\u00e9ni fejleszt\u00e9sekhez. Az \u00faj \u00e9p\u00fcletsz\u00e1rny elk\u00e9sz\u00fclt\u00e9vel t\u00f6bb, korszer\u0171 \u00e9s j\u00f3l haszn\u00e1lhat\u00f3 tanterem \u00e1ll rendelkez\u00e9s\u00fckre, valamint n\u0151tt a csoportszob\u00e1k \u00e9s a fejleszt\u0151helyis\u00e9gek sz\u00e1ma is. Az iskola a v\u00e1ros belv\u00e1ros\u00e1ban, a T\u00f3th K\u00e1lm\u00e1n utca, a Katona J\u00f3zsef utca \u00e9s a Hatty\u00fa utca tal\u00e1lkoz\u00e1s\u00e1n\u00e1l tal\u00e1lhat\u00f3. Egy uni\u00f3s projekt sor\u00e1n egy&#8230;<\/p>\n","protected":false},"author":30,"featured_media":12044,"comment_status":"closed","ping_status":"closed","sticky":false,"template":"","format":"standard","meta":{"_acf_changed":false,"ngg_post_thumbnail":0,"footnotes":""},"categories":[154],"tags":[433,290,316],"megye":[1114],"class_list":["post-12042","post","type-post","status-publish","format-standard","has-post-thumbnail","hentry","category-efop-hu","tag-infrastrukturalis-fejlesztes","tag-oktatas-hu","tag-telepulesfejlesztes","megye-bacs-kiskun-megye"],"acf":[],"yoast_head":"<!-- This site is optimized with the Yoast SEO Premium plugin v28.4 (Yoast SEO v28.4) - https:\/\/yoast.com\/product\/yoast-seo-premium-wordpress\/ -->\n<title>M\u00e1r van el\u00e9g hely tan\u00edtani \u00e9s tanulni - Egy\u00fctt fejl\u0151d\u00fcnk<\/title>\n<meta name=\"robots\" content=\"noindex, follow, max-snippet:-1, max-image-preview:large, max-video-preview:-1\" \/>\n<meta property=\"og:locale\" content=\"hu_HU\" \/>\n<meta property=\"og:type\" content=\"article\" \/>\n<meta property=\"og:title\" content=\"M\u00e1r van el\u00e9g hely tan\u00edtani \u00e9s tanulni\" \/>\n<meta property=\"og:description\" content=\"A bajai Szent L\u00e1szl\u00f3 \u00c1MK \u00c1ltal\u00e1nos Iskola pedag\u00f3gusai r\u00e9g\u00f3ta tapasztalhatt\u00e1k, hogy az iskola kor\u00e1bbi termei m\u00e1r nem minden esetben biztos\u00edtottak elegend\u0151 helyet a tan\u00f3r\u00e1khoz, a csoportbont\u00e1sokhoz \u00e9s az egy\u00e9ni fejleszt\u00e9sekhez. Az \u00faj \u00e9p\u00fcletsz\u00e1rny elk\u00e9sz\u00fclt\u00e9vel t\u00f6bb, korszer\u0171 \u00e9s j\u00f3l haszn\u00e1lhat\u00f3 tanterem \u00e1ll rendelkez\u00e9s\u00fckre, valamint n\u0151tt a csoportszob\u00e1k \u00e9s a fejleszt\u0151helyis\u00e9gek sz\u00e1ma is. Az iskola a v\u00e1ros belv\u00e1ros\u00e1ban, a T\u00f3th K\u00e1lm\u00e1n utca, a Katona J\u00f3zsef utca \u00e9s a Hatty\u00fa utca tal\u00e1lkoz\u00e1s\u00e1n\u00e1l tal\u00e1lhat\u00f3. Egy uni\u00f3s projekt sor\u00e1n egy...\" \/>\n<meta property=\"og:url\" content=\"https:\/\/egyuttfejlodunk.hu\/?p=12042\" \/>\n<meta property=\"og:site_name\" content=\"Egy\u00fctt fejl\u0151d\u00fcnk\" \/>\n<meta property=\"article:published_time\" content=\"2026-08-03T08:31:40+00:00\" \/>\n<meta property=\"article:modified_time\" content=\"2026-08-28T06:21:48+00:00\" \/>\n<meta property=\"og:image\" content=\"https:\/\/egyuttfejlodunk.hu\/wp-content\/uploads\/2026\/08\/osztalyterem-1.jpg\" \/>\n\t<meta property=\"og:image:width\" content=\"1920\" \/>\n\t<meta property=\"og:image:height\" content=\"1048\" \/>\n\t<meta property=\"og:image:type\" content=\"image\/jpeg\" \/>\n<meta name=\"author\" content=\"T\u00f3th Ferenc\" \/>\n<meta name=\"twitter:card\" content=\"summary_large_image\" \/>\n<meta name=\"twitter:label1\" content=\"Szerz\u0151:\" \/>\n\t<meta name=\"twitter:data1\" content=\"T\u00f3th Ferenc\" \/>\n\t<meta name=\"twitter:label2\" content=\"Becs\u00fclt olvas\u00e1si id\u0151\" \/>\n\t<meta name=\"twitter:data2\" content=\"2 perc\" \/>\n<script type=\"application\/ld+json\" class=\"yoast-schema-graph\">{\"@context\":\"https:\\\/\\\/schema.org\",\"@graph\":[{\"@type\":\"Article\",\"@id\":\"https:\\\/\\\/egyuttfejlodunk.hu\\\/?p=12042#article\",\"isPartOf\":{\"@id\":\"https:\\\/\\\/egyuttfejlodunk.hu\\\/?p=12042\"},\"author\":{\"name\":\"T\u00f3th Ferenc\",\"@id\":\"https:\\\/\\\/egyuttfejlodunk.hu\\\/#\\\/schema\\\/person\\\/94cc2e6bf0b14e6d5de3d603885ed8c5\"},\"headline\":\"M\u00e1r van el\u00e9g hely tan\u00edtani \u00e9s tanulni\",\"datePublished\":\"2026-08-03T08:31:40+00:00\",\"dateModified\":\"2026-08-28T06:21:48+00:00\",\"mainEntityOfPage\":{\"@id\":\"https:\\\/\\\/egyuttfejlodunk.hu\\\/?p=12042\"},\"wordCount\":432,\"publisher\":{\"@id\":\"https:\\\/\\\/egyuttfejlodunk.hu\\\/#organization\"},\"image\":{\"@id\":\"https:\\\/\\\/egyuttfejlodunk.hu\\\/?p=12042#primaryimage\"},\"thumbnailUrl\":\"https:\\\/\\\/egyuttfejlodunk.hu\\\/wp-content\\\/uploads\\\/2026\\\/08\\\/osztalyterem-1.jpg\",\"keywords\":[\"infrastruktur\u00e1lis fejleszt\u00e9s\",\"Oktat\u00e1s\",\"Telep\u00fcl\u00e9sfejleszt\u00e9s\"],\"articleSection\":[\"EFOP\"],\"inLanguage\":\"hu\"},{\"@type\":\"WebPage\",\"@id\":\"https:\\\/\\\/egyuttfejlodunk.hu\\\/?p=12042\",\"url\":\"https:\\\/\\\/egyuttfejlodunk.hu\\\/?p=12042\",\"name\":\"M\u00e1r van el\u00e9g hely tan\u00edtani \u00e9s tanulni - Egy\u00fctt fejl\u0151d\u00fcnk\",\"isPartOf\":{\"@id\":\"https:\\\/\\\/egyuttfejlodunk.hu\\\/#website\"},\"primaryImageOfPage\":{\"@id\":\"https:\\\/\\\/egyuttfejlodunk.hu\\\/?p=12042#primaryimage\"},\"image\":{\"@id\":\"https:\\\/\\\/egyuttfejlodunk.hu\\\/?p=12042#primaryimage\"},\"thumbnailUrl\":\"https:\\\/\\\/egyuttfejlodunk.hu\\\/wp-content\\\/uploads\\\/2026\\\/08\\\/osztalyterem-1.jpg\",\"datePublished\":\"2026-08-03T08:31:40+00:00\",\"dateModified\":\"2026-08-28T06:21:48+00:00\",\"breadcrumb\":{\"@id\":\"https:\\\/\\\/egyuttfejlodunk.hu\\\/?p=12042#breadcrumb\"},\"inLanguage\":\"hu\",\"potentialAction\":[{\"@type\":\"ReadAction\",\"target\":[\"https:\\\/\\\/egyuttfejlodunk.hu\\\/?p=12042\"]}]},{\"@type\":\"ImageObject\",\"inLanguage\":\"hu\",\"@id\":\"https:\\\/\\\/egyuttfejlodunk.hu\\\/?p=12042#primaryimage\",\"url\":\"https:\\\/\\\/egyuttfejlodunk.hu\\\/wp-content\\\/uploads\\\/2026\\\/08\\\/osztalyterem-1.jpg\",\"contentUrl\":\"https:\\\/\\\/egyuttfejlodunk.hu\\\/wp-content\\\/uploads\\\/2026\\\/08\\\/osztalyterem-1.jpg\",\"width\":1920,\"height\":1048},{\"@type\":\"BreadcrumbList\",\"@id\":\"https:\\\/\\\/egyuttfejlodunk.hu\\\/?p=12042#breadcrumb\",\"itemListElement\":[{\"@type\":\"ListItem\",\"position\":1,\"name\":\"Home\",\"item\":\"https:\\\/\\\/egyuttfejlodunk.hu\\\/\"},{\"@type\":\"ListItem\",\"position\":2,\"name\":\"M\u00e1r van el\u00e9g hely tan\u00edtani \u00e9s tanulni\"}]},{\"@type\":\"WebSite\",\"@id\":\"https:\\\/\\\/egyuttfejlodunk.hu\\\/#website\",\"url\":\"https:\\\/\\\/egyuttfejlodunk.hu\\\/\",\"name\":\"Egy\u00fctt fejl\u0151d\u00fcnk\",\"description\":\"\",\"publisher\":{\"@id\":\"https:\\\/\\\/egyuttfejlodunk.hu\\\/#organization\"},\"potentialAction\":[{\"@type\":\"SearchAction\",\"target\":{\"@type\":\"EntryPoint\",\"urlTemplate\":\"https:\\\/\\\/egyuttfejlodunk.hu\\\/?s={search_term_string}\"},\"query-input\":{\"@type\":\"PropertyValueSpecification\",\"valueRequired\":true,\"valueName\":\"search_term_string\"}}],\"inLanguage\":\"hu\"},{\"@type\":\"Organization\",\"@id\":\"https:\\\/\\\/egyuttfejlodunk.hu\\\/#organization\",\"name\":\"Egy\u00fctt fejl\u0151d\u00fcnk\",\"url\":\"https:\\\/\\\/egyuttfejlodunk.hu\\\/\",\"logo\":{\"@type\":\"ImageObject\",\"inLanguage\":\"hu\",\"@id\":\"https:\\\/\\\/egyuttfejlodunk.hu\\\/#\\\/schema\\\/logo\\\/image\\\/\",\"url\":\"https:\\\/\\\/egyuttfejlodunk.hu\\\/wp-content\\\/uploads\\\/2026\\\/04\\\/ujlogo.jpg\",\"contentUrl\":\"https:\\\/\\\/egyuttfejlodunk.hu\\\/wp-content\\\/uploads\\\/2026\\\/04\\\/ujlogo.jpg\",\"width\":350,\"height\":110,\"caption\":\"Egy\u00fctt fejl\u0151d\u00fcnk\"},\"image\":{\"@id\":\"https:\\\/\\\/egyuttfejlodunk.hu\\\/#\\\/schema\\\/logo\\\/image\\\/\"}},{\"@type\":\"Person\",\"@id\":\"https:\\\/\\\/egyuttfejlodunk.hu\\\/#\\\/schema\\\/person\\\/94cc2e6bf0b14e6d5de3d603885ed8c5\",\"name\":\"T\u00f3th Ferenc\"}]}<\/script>\n<!-- \/ Yoast SEO Premium plugin. -->","yoast_head_json":{"title":"M\u00e1r van el\u00e9g hely tan\u00edtani \u00e9s tanulni - Egy\u00fctt fejl\u0151d\u00fcnk","robots":{"index":"noindex","follow":"follow","max-snippet":"max-snippet:-1","max-image-preview":"max-image-preview:large","max-video-preview":"max-video-preview:-1"},"og_locale":"hu_HU","og_type":"article","og_title":"M\u00e1r van el\u00e9g hely tan\u00edtani \u00e9s tanulni","og_description":"A bajai Szent L\u00e1szl\u00f3 \u00c1MK \u00c1ltal\u00e1nos Iskola pedag\u00f3gusai r\u00e9g\u00f3ta tapasztalhatt\u00e1k, hogy az iskola kor\u00e1bbi termei m\u00e1r nem minden esetben biztos\u00edtottak elegend\u0151 helyet a tan\u00f3r\u00e1khoz, a csoportbont\u00e1sokhoz \u00e9s az egy\u00e9ni fejleszt\u00e9sekhez. Az \u00faj \u00e9p\u00fcletsz\u00e1rny elk\u00e9sz\u00fclt\u00e9vel t\u00f6bb, korszer\u0171 \u00e9s j\u00f3l haszn\u00e1lhat\u00f3 tanterem \u00e1ll rendelkez\u00e9s\u00fckre, valamint n\u0151tt a csoportszob\u00e1k \u00e9s a fejleszt\u0151helyis\u00e9gek sz\u00e1ma is. Az iskola a v\u00e1ros belv\u00e1ros\u00e1ban, a T\u00f3th K\u00e1lm\u00e1n utca, a Katona J\u00f3zsef utca \u00e9s a Hatty\u00fa utca tal\u00e1lkoz\u00e1s\u00e1n\u00e1l tal\u00e1lhat\u00f3. Egy uni\u00f3s projekt sor\u00e1n egy...","og_url":"https:\/\/egyuttfejlodunk.hu\/?p=12042","og_site_name":"Egy\u00fctt fejl\u0151d\u00fcnk","article_published_time":"2026-08-03T08:31:40+00:00","article_modified_time":"2026-08-28T06:21:48+00:00","og_image":[{"width":1920,"height":1048,"url":"https:\/\/egyuttfejlodunk.hu\/wp-content\/uploads\/2026\/08\/osztalyterem-1.jpg","type":"image\/jpeg"}],"author":"T\u00f3th Ferenc","twitter_card":"summary_large_image","twitter_misc":{"Szerz\u0151:":"T\u00f3th Ferenc","Becs\u00fclt olvas\u00e1si id\u0151":"2 perc"},"schema":{"@context":"https:\/\/schema.org","@graph":[{"@type":"Article","@id":"https:\/\/egyuttfejlodunk.hu\/?p=12042#article","isPartOf":{"@id":"https:\/\/egyuttfejlodunk.hu\/?p=12042"},"author":{"name":"T\u00f3th Ferenc","@id":"https:\/\/egyuttfejlodunk.hu\/#\/schema\/person\/94cc2e6bf0b14e6d5de3d603885ed8c5"},"headline":"M\u00e1r van el\u00e9g hely tan\u00edtani \u00e9s tanulni","datePublished":"2026-08-03T08:31:40+00:00","dateModified":"2026-08-28T06:21:48+00:00","mainEntityOfPage":{"@id":"https:\/\/egyuttfejlodunk.hu\/?p=12042"},"wordCount":432,"publisher":{"@id":"https:\/\/egyuttfejlodunk.hu\/#organization"},"image":{"@id":"https:\/\/egyuttfejlodunk.hu\/?p=12042#primaryimage"},"thumbnailUrl":"https:\/\/egyuttfejlodunk.hu\/wp-content\/uploads\/2026\/08\/osztalyterem-1.jpg","keywords":["infrastruktur\u00e1lis fejleszt\u00e9s","Oktat\u00e1s","Telep\u00fcl\u00e9sfejleszt\u00e9s"],"articleSection":["EFOP"],"inLanguage":"hu"},{"@type":"WebPage","@id":"https:\/\/egyuttfejlodunk.hu\/?p=12042","url":"https:\/\/egyuttfejlodunk.hu\/?p=12042","name":"M\u00e1r van el\u00e9g hely tan\u00edtani \u00e9s tanulni - Egy\u00fctt fejl\u0151d\u00fcnk","isPartOf":{"@id":"https:\/\/egyuttfejlodunk.hu\/#website"},"primaryImageOfPage":{"@id":"https:\/\/egyuttfejlodunk.hu\/?p=12042#primaryimage"},"image":{"@id":"https:\/\/egyuttfejlodunk.hu\/?p=12042#primaryimage"},"thumbnailUrl":"https:\/\/egyuttfejlodunk.hu\/wp-content\/uploads\/2026\/08\/osztalyterem-1.jpg","datePublished":"2026-08-03T08:31:40+00:00","dateModified":"2026-08-28T06:21:48+00:00","breadcrumb":{"@id":"https:\/\/egyuttfejlodunk.hu\/?p=12042#breadcrumb"},"inLanguage":"hu","potentialAction":[{"@type":"ReadAction","target":["https:\/\/egyuttfejlodunk.hu\/?p=12042"]}]},{"@type":"ImageObject","inLanguage":"hu","@id":"https:\/\/egyuttfejlodunk.hu\/?p=12042#primaryimage","url":"https:\/\/egyuttfejlodunk.hu\/wp-content\/uploads\/2026\/08\/osztalyterem-1.jpg","contentUrl":"https:\/\/egyuttfejlodunk.hu\/wp-content\/uploads\/2026\/08\/osztalyterem-1.jpg","width":1920,"height":1048},{"@type":"BreadcrumbList","@id":"https:\/\/egyuttfejlodunk.hu\/?p=12042#breadcrumb","itemListElement":[{"@type":"ListItem","position":1,"name":"Home","item":"https:\/\/egyuttfejlodunk.hu\/"},{"@type":"ListItem","position":2,"name":"M\u00e1r van el\u00e9g hely tan\u00edtani \u00e9s tanulni"}]},{"@type":"WebSite","@id":"https:\/\/egyuttfejlodunk.hu\/#website","url":"https:\/\/egyuttfejlodunk.hu\/","name":"Egy\u00fctt fejl\u0151d\u00fcnk","description":"","publisher":{"@id":"https:\/\/egyuttfejlodunk.hu\/#organization"},"potentialAction":[{"@type":"SearchAction","target":{"@type":"EntryPoint","urlTemplate":"https:\/\/egyuttfejlodunk.hu\/?s={search_term_string}"},"query-input":{"@type":"PropertyValueSpecification","valueRequired":true,"valueName":"search_term_string"}}],"inLanguage":"hu"},{"@type":"Organization","@id":"https:\/\/egyuttfejlodunk.hu\/#organization","name":"Egy\u00fctt fejl\u0151d\u00fcnk","url":"https:\/\/egyuttfejlodunk.hu\/","logo":{"@type":"ImageObject","inLanguage":"hu","@id":"https:\/\/egyuttfejlodunk.hu\/#\/schema\/logo\/image\/","url":"https:\/\/egyuttfejlodunk.hu\/wp-content\/uploads\/2026\/04\/ujlogo.jpg","contentUrl":"https:\/\/egyuttfejlodunk.hu\/wp-content\/uploads\/2026\/04\/ujlogo.jpg","width":350,"height":110,"caption":"Egy\u00fctt fejl\u0151d\u00fcnk"},"image":{"@id":"https:\/\/egyuttfejlodunk.hu\/#\/schema\/logo\/image\/"}},{"@type":"Person","@id":"https:\/\/egyuttfejlodunk.hu\/#\/schema\/person\/94cc2e6bf0b14e6d5de3d603885ed8c5","name":"T\u00f3th Ferenc"}]}},"_links":{"self":[{"href":"https:\/\/egyuttfejlodunk.hu\/index.php?rest_route=\/wp\/v2\/posts\/12042","targetHints":{"allow":["GET"]}}],"collection":[{"href":"https:\/\/egyuttfejlodunk.hu\/index.php?rest_route=\/wp\/v2\/posts"}],"about":[{"href":"https:\/\/egyuttfejlodunk.hu\/index.php?rest_route=\/wp\/v2\/types\/post"}],"author":[{"embeddable":true,"href":"https:\/\/egyuttfejlodunk.hu\/index.php?rest_route=\/wp\/v2\/users\/30"}],"replies":[{"embeddable":true,"href":"https:\/\/egyuttfejlodunk.hu\/index.php?rest_route=%2Fwp%2Fv2%2Fcomments&post=12042"}],"version-history":[{"count":1,"href":"https:\/\/egyuttfejlodunk.hu\/index.php?rest_route=\/wp\/v2\/posts\/12042\/revisions"}],"predecessor-version":[{"id":12045,"href":"https:\/\/egyuttfejlodunk.hu\/index.php?rest_route=\/wp\/v2\/posts\/12042\/revisions\/12045"}],"wp:featuredmedia":[{"embeddable":true,"href":"https:\/\/egyuttfejlodunk.hu\/index.php?rest_route=\/wp\/v2\/media\/12044"}],"wp:attachment":[{"href":"https:\/\/egyuttfejlodunk.hu\/index.php?rest_route=%2Fwp%2Fv2%2Fmedia&parent=12042"}],"wp:term":[{"taxonomy":"category","embeddable":true,"href":"https:\/\/egyuttfejlodunk.hu\/index.php?rest_route=%2Fwp%2Fv2%2Fcategories&post=12042"},{"taxonomy":"post_tag","embeddable":true,"href":"https:\/\/egyuttfejlodunk.hu\/index.php?rest_route=%2Fwp%2Fv2%2Ftags&post=12042"},{"taxonomy":"megye","embeddable":true,"href":"https:\/\/egyuttfejlodunk.hu\/index.php?rest_route=%2Fwp%2Fv2%2Fmegye&post=12042"}],"curies":[{"name":"wp","href":"https:\/\/api.w.org\/{rel}","templated":true}]}}