{"id":12046,"date":"2026-08-03T13:22:48","date_gmt":"2026-08-03T11:22:48","guid":{"rendered":"https:\/\/egyuttfejlodunk.hu\/?p=12046"},"modified":"2026-08-27T18:47:15","modified_gmt":"2026-08-27T16:47:15","slug":"more-space-for-teaching-and-learning","status":"publish","type":"post","link":"https:\/\/egyuttfejlodunk.hu\/en\/more-space-for-teaching-and-learning\/","title":{"rendered":"More space for teaching and learning"},"content":{"rendered":"<p>For years, teachers at Szent L\u00e1szl\u00f3 Primary School in Baja had been working with limited classroom space. The existing rooms were not always large enough for regular lessons, smaller group sessions or individual support. The completion of the new school wing has changed this, providing additional modern classrooms, group rooms and dedicated spaces for individual development.<\/p>\n<p>Located in the centre of Baja, at the junction of T\u00f3th K\u00e1lm\u00e1n Street, Katona J\u00f3zsef Street and Hatty\u00fa Street, the school was expanded as part of an EU-funded project. The new three-storey wing covers nearly 1,000 square metres and contains six classrooms. It is connected to the main building by an enclosed walkway.<\/p>\n<p>The development has transformed everyday life at the school. A spacious entrance hall was created on the ground floor, while each floor now has two new classrooms. Additional rooms for small-group teaching, offices and service areas also support the school\u2019s daily activities. Solar panels were installed on the roof, and a modern heat pump system provides energy-efficient heating.<\/p>\n<p>The outdoor sports area was also completely renovated. It now includes an outdoor fitness park, a multi-lane running track and a multi-purpose sports court with a durable rubber surface. Weather permitting, pupils can take part in a wide range of activities, including five-a-side football, handball, basketball, floorball and tennis.<\/p>\n<p>The new classrooms were designed to meet the needs of today\u2019s pupils. They provide a brighter, more comfortable and welcoming environment that supports student-centred learning. Every classroom is equipped with an interactive whiteboard, enabling teachers to use visual content, interactive exercises and modern teaching methods more effectively.<\/p>\n<p>Overall, the investment has enabled the school to deliver its educational programme in significantly better conditions, creating a more practical and inspiring environment for both pupils and teachers.<\/p>\n<p><img fetchpriority=\"high\" decoding=\"async\" class=\"aligncenter wp-image-12043 size-full\" src=\"https:\/\/egyuttfejlodunk.hu\/wp-content\/uploads\/2026\/08\/Kesz-epulet2-640x427-1.jpg\" alt=\"\" width=\"640\" height=\"427\" srcset=\"https:\/\/egyuttfejlodunk.hu\/wp-content\/uploads\/2026\/08\/Kesz-epulet2-640x427-1.jpg 640w, https:\/\/egyuttfejlodunk.hu\/wp-content\/uploads\/2026\/08\/Kesz-epulet2-640x427-1-320x214.jpg 320w, https:\/\/egyuttfejlodunk.hu\/wp-content\/uploads\/2026\/08\/Kesz-epulet2-640x427-1-330x220.jpg 330w\" sizes=\"(max-width: 640px) 100vw, 640px\" \/><\/p>\n<p class=\"isSelectedEnd\">The development was implemented from EU funding in the project EFOP-4.1.5-16-2017-00157 under the Human Resource Development Operational Programme.<\/p>\n<p>Find out more about the project in the Project Finder:<a class=\"tovabb\" href=\"https:\/\/www.palyazat.gov.hu\/eredmenyek\/tamogatott-projektek\/1469760201\" target=\"_blank\" rel=\"noopener\">Details<\/a><\/p>\n<p>&nbsp;<\/p>\n","protected":false},"excerpt":{"rendered":"<p>For years, teachers at Szent L\u00e1szl\u00f3 Primary School in Baja had been working with limited classroom space. The existing rooms were not always large enough for regular lessons, smaller group sessions or individual support. The completion of the new school wing has changed this, providing additional modern classrooms, group rooms and dedicated spaces for individual development. Located in the centre of Baja, at the junction of T\u00f3th K\u00e1lm\u00e1n Street, Katona J\u00f3zsef Street and Hatty\u00fa Street,&#8230;<\/p>\n","protected":false},"author":30,"featured_media":12044,"comment_status":"closed","ping_status":"closed","sticky":false,"template":"","format":"standard","meta":{"_acf_changed":false,"ngg_post_thumbnail":0,"footnotes":""},"categories":[342],"tags":[],"megye":[],"class_list":["post-12046","post","type-post","status-publish","format-standard","has-post-thumbnail","hentry","category-efop-en"],"acf":[],"yoast_head":"<!-- This site is optimized with the Yoast SEO Premium plugin v28.4 (Yoast SEO v28.4) - https:\/\/yoast.com\/product\/yoast-seo-premium-wordpress\/ -->\n<title>More space for teaching and learning - Egy\u00fctt fejl\u0151d\u00fcnk<\/title>\n<meta name=\"robots\" content=\"noindex, follow, max-snippet:-1, max-image-preview:large, max-video-preview:-1\" \/>\n<meta property=\"og:locale\" content=\"hu_HU\" \/>\n<meta property=\"og:type\" content=\"article\" \/>\n<meta property=\"og:title\" content=\"More space for teaching and learning\" \/>\n<meta property=\"og:description\" content=\"For years, teachers at Szent L\u00e1szl\u00f3 Primary School in Baja had been working with limited classroom space. The existing rooms were not always large enough for regular lessons, smaller group sessions or individual support. The completion of the new school wing has changed this, providing additional modern classrooms, group rooms and dedicated spaces for individual development. Located in the centre of Baja, at the junction of T\u00f3th K\u00e1lm\u00e1n Street, Katona J\u00f3zsef Street and Hatty\u00fa Street,...\" \/>\n<meta property=\"og:url\" content=\"https:\/\/egyuttfejlodunk.hu\/en\/more-space-for-teaching-and-learning\/\" \/>\n<meta property=\"og:site_name\" content=\"Egy\u00fctt fejl\u0151d\u00fcnk\" \/>\n<meta property=\"article:published_time\" content=\"2026-08-03T11:22:48+00:00\" \/>\n<meta property=\"article:modified_time\" content=\"2026-08-27T16:47:15+00:00\" \/>\n<meta property=\"og:image\" content=\"https:\/\/egyuttfejlodunk.hu\/wp-content\/uploads\/2026\/08\/osztalyterem-1.jpg\" \/>\n\t<meta property=\"og:image:width\" content=\"1920\" \/>\n\t<meta property=\"og:image:height\" content=\"1048\" \/>\n\t<meta property=\"og:image:type\" content=\"image\/jpeg\" \/>\n<meta name=\"author\" content=\"T\u00f3th Ferenc\" \/>\n<meta name=\"twitter:card\" content=\"summary_large_image\" \/>\n<meta name=\"twitter:label1\" content=\"Szerz\u0151:\" \/>\n\t<meta name=\"twitter:data1\" content=\"T\u00f3th Ferenc\" \/>\n\t<meta name=\"twitter:label2\" content=\"Becs\u00fclt olvas\u00e1si id\u0151\" \/>\n\t<meta name=\"twitter:data2\" content=\"3 perc\" \/>\n<script type=\"application\/ld+json\" class=\"yoast-schema-graph\">{\"@context\":\"https:\\\/\\\/schema.org\",\"@graph\":[{\"@type\":\"Article\",\"@id\":\"https:\\\/\\\/egyuttfejlodunk.hu\\\/en\\\/more-space-for-teaching-and-learning\\\/#article\",\"isPartOf\":{\"@id\":\"https:\\\/\\\/egyuttfejlodunk.hu\\\/en\\\/more-space-for-teaching-and-learning\\\/\"},\"author\":{\"name\":\"T\u00f3th Ferenc\",\"@id\":\"https:\\\/\\\/egyuttfejlodunk.hu\\\/#\\\/schema\\\/person\\\/94cc2e6bf0b14e6d5de3d603885ed8c5\"},\"headline\":\"More space for teaching and learning\",\"datePublished\":\"2026-08-03T11:22:48+00:00\",\"dateModified\":\"2026-08-27T16:47:15+00:00\",\"mainEntityOfPage\":{\"@id\":\"https:\\\/\\\/egyuttfejlodunk.hu\\\/en\\\/more-space-for-teaching-and-learning\\\/\"},\"wordCount\":336,\"publisher\":{\"@id\":\"https:\\\/\\\/egyuttfejlodunk.hu\\\/#organization\"},\"image\":{\"@id\":\"https:\\\/\\\/egyuttfejlodunk.hu\\\/en\\\/more-space-for-teaching-and-learning\\\/#primaryimage\"},\"thumbnailUrl\":\"https:\\\/\\\/egyuttfejlodunk.hu\\\/wp-content\\\/uploads\\\/2026\\\/08\\\/osztalyterem-1.jpg\",\"articleSection\":[\"EFOP\"],\"inLanguage\":\"hu\"},{\"@type\":\"WebPage\",\"@id\":\"https:\\\/\\\/egyuttfejlodunk.hu\\\/en\\\/more-space-for-teaching-and-learning\\\/\",\"url\":\"https:\\\/\\\/egyuttfejlodunk.hu\\\/en\\\/more-space-for-teaching-and-learning\\\/\",\"name\":\"More space for teaching and learning - Egy\u00fctt fejl\u0151d\u00fcnk\",\"isPartOf\":{\"@id\":\"https:\\\/\\\/egyuttfejlodunk.hu\\\/#website\"},\"primaryImageOfPage\":{\"@id\":\"https:\\\/\\\/egyuttfejlodunk.hu\\\/en\\\/more-space-for-teaching-and-learning\\\/#primaryimage\"},\"image\":{\"@id\":\"https:\\\/\\\/egyuttfejlodunk.hu\\\/en\\\/more-space-for-teaching-and-learning\\\/#primaryimage\"},\"thumbnailUrl\":\"https:\\\/\\\/egyuttfejlodunk.hu\\\/wp-content\\\/uploads\\\/2026\\\/08\\\/osztalyterem-1.jpg\",\"datePublished\":\"2026-08-03T11:22:48+00:00\",\"dateModified\":\"2026-08-27T16:47:15+00:00\",\"breadcrumb\":{\"@id\":\"https:\\\/\\\/egyuttfejlodunk.hu\\\/en\\\/more-space-for-teaching-and-learning\\\/#breadcrumb\"},\"inLanguage\":\"hu\",\"potentialAction\":[{\"@type\":\"ReadAction\",\"target\":[\"https:\\\/\\\/egyuttfejlodunk.hu\\\/en\\\/more-space-for-teaching-and-learning\\\/\"]}]},{\"@type\":\"ImageObject\",\"inLanguage\":\"hu\",\"@id\":\"https:\\\/\\\/egyuttfejlodunk.hu\\\/en\\\/more-space-for-teaching-and-learning\\\/#primaryimage\",\"url\":\"https:\\\/\\\/egyuttfejlodunk.hu\\\/wp-content\\\/uploads\\\/2026\\\/08\\\/osztalyterem-1.jpg\",\"contentUrl\":\"https:\\\/\\\/egyuttfejlodunk.hu\\\/wp-content\\\/uploads\\\/2026\\\/08\\\/osztalyterem-1.jpg\",\"width\":1920,\"height\":1048},{\"@type\":\"BreadcrumbList\",\"@id\":\"https:\\\/\\\/egyuttfejlodunk.hu\\\/en\\\/more-space-for-teaching-and-learning\\\/#breadcrumb\",\"itemListElement\":[{\"@type\":\"ListItem\",\"position\":1,\"name\":\"Home\",\"item\":\"https:\\\/\\\/egyuttfejlodunk.hu\\\/\"},{\"@type\":\"ListItem\",\"position\":2,\"name\":\"More space for teaching and learning\"}]},{\"@type\":\"WebSite\",\"@id\":\"https:\\\/\\\/egyuttfejlodunk.hu\\\/#website\",\"url\":\"https:\\\/\\\/egyuttfejlodunk.hu\\\/\",\"name\":\"Egy\u00fctt fejl\u0151d\u00fcnk\",\"description\":\"\",\"publisher\":{\"@id\":\"https:\\\/\\\/egyuttfejlodunk.hu\\\/#organization\"},\"potentialAction\":[{\"@type\":\"SearchAction\",\"target\":{\"@type\":\"EntryPoint\",\"urlTemplate\":\"https:\\\/\\\/egyuttfejlodunk.hu\\\/?s={search_term_string}\"},\"query-input\":{\"@type\":\"PropertyValueSpecification\",\"valueRequired\":true,\"valueName\":\"search_term_string\"}}],\"inLanguage\":\"hu\"},{\"@type\":\"Organization\",\"@id\":\"https:\\\/\\\/egyuttfejlodunk.hu\\\/#organization\",\"name\":\"Egy\u00fctt fejl\u0151d\u00fcnk\",\"url\":\"https:\\\/\\\/egyuttfejlodunk.hu\\\/\",\"logo\":{\"@type\":\"ImageObject\",\"inLanguage\":\"hu\",\"@id\":\"https:\\\/\\\/egyuttfejlodunk.hu\\\/#\\\/schema\\\/logo\\\/image\\\/\",\"url\":\"https:\\\/\\\/egyuttfejlodunk.hu\\\/wp-content\\\/uploads\\\/2026\\\/04\\\/ujlogo.jpg\",\"contentUrl\":\"https:\\\/\\\/egyuttfejlodunk.hu\\\/wp-content\\\/uploads\\\/2026\\\/04\\\/ujlogo.jpg\",\"width\":350,\"height\":110,\"caption\":\"Egy\u00fctt fejl\u0151d\u00fcnk\"},\"image\":{\"@id\":\"https:\\\/\\\/egyuttfejlodunk.hu\\\/#\\\/schema\\\/logo\\\/image\\\/\"}},{\"@type\":\"Person\",\"@id\":\"https:\\\/\\\/egyuttfejlodunk.hu\\\/#\\\/schema\\\/person\\\/94cc2e6bf0b14e6d5de3d603885ed8c5\",\"name\":\"T\u00f3th Ferenc\"}]}<\/script>\n<!-- \/ Yoast SEO Premium plugin. -->","yoast_head_json":{"title":"More space for teaching and learning - Egy\u00fctt fejl\u0151d\u00fcnk","robots":{"index":"noindex","follow":"follow","max-snippet":"max-snippet:-1","max-image-preview":"max-image-preview:large","max-video-preview":"max-video-preview:-1"},"og_locale":"hu_HU","og_type":"article","og_title":"More space for teaching and learning","og_description":"For years, teachers at Szent L\u00e1szl\u00f3 Primary School in Baja had been working with limited classroom space. The existing rooms were not always large enough for regular lessons, smaller group sessions or individual support. The completion of the new school wing has changed this, providing additional modern classrooms, group rooms and dedicated spaces for individual development. Located in the centre of Baja, at the junction of T\u00f3th K\u00e1lm\u00e1n Street, Katona J\u00f3zsef Street and Hatty\u00fa Street,...","og_url":"https:\/\/egyuttfejlodunk.hu\/en\/more-space-for-teaching-and-learning\/","og_site_name":"Egy\u00fctt fejl\u0151d\u00fcnk","article_published_time":"2026-08-03T11:22:48+00:00","article_modified_time":"2026-08-27T16:47:15+00:00","og_image":[{"width":1920,"height":1048,"url":"https:\/\/egyuttfejlodunk.hu\/wp-content\/uploads\/2026\/08\/osztalyterem-1.jpg","type":"image\/jpeg"}],"author":"T\u00f3th Ferenc","twitter_card":"summary_large_image","twitter_misc":{"Szerz\u0151:":"T\u00f3th Ferenc","Becs\u00fclt olvas\u00e1si id\u0151":"3 perc"},"schema":{"@context":"https:\/\/schema.org","@graph":[{"@type":"Article","@id":"https:\/\/egyuttfejlodunk.hu\/en\/more-space-for-teaching-and-learning\/#article","isPartOf":{"@id":"https:\/\/egyuttfejlodunk.hu\/en\/more-space-for-teaching-and-learning\/"},"author":{"name":"T\u00f3th Ferenc","@id":"https:\/\/egyuttfejlodunk.hu\/#\/schema\/person\/94cc2e6bf0b14e6d5de3d603885ed8c5"},"headline":"More space for teaching and learning","datePublished":"2026-08-03T11:22:48+00:00","dateModified":"2026-08-27T16:47:15+00:00","mainEntityOfPage":{"@id":"https:\/\/egyuttfejlodunk.hu\/en\/more-space-for-teaching-and-learning\/"},"wordCount":336,"publisher":{"@id":"https:\/\/egyuttfejlodunk.hu\/#organization"},"image":{"@id":"https:\/\/egyuttfejlodunk.hu\/en\/more-space-for-teaching-and-learning\/#primaryimage"},"thumbnailUrl":"https:\/\/egyuttfejlodunk.hu\/wp-content\/uploads\/2026\/08\/osztalyterem-1.jpg","articleSection":["EFOP"],"inLanguage":"hu"},{"@type":"WebPage","@id":"https:\/\/egyuttfejlodunk.hu\/en\/more-space-for-teaching-and-learning\/","url":"https:\/\/egyuttfejlodunk.hu\/en\/more-space-for-teaching-and-learning\/","name":"More space for teaching and learning - Egy\u00fctt fejl\u0151d\u00fcnk","isPartOf":{"@id":"https:\/\/egyuttfejlodunk.hu\/#website"},"primaryImageOfPage":{"@id":"https:\/\/egyuttfejlodunk.hu\/en\/more-space-for-teaching-and-learning\/#primaryimage"},"image":{"@id":"https:\/\/egyuttfejlodunk.hu\/en\/more-space-for-teaching-and-learning\/#primaryimage"},"thumbnailUrl":"https:\/\/egyuttfejlodunk.hu\/wp-content\/uploads\/2026\/08\/osztalyterem-1.jpg","datePublished":"2026-08-03T11:22:48+00:00","dateModified":"2026-08-27T16:47:15+00:00","breadcrumb":{"@id":"https:\/\/egyuttfejlodunk.hu\/en\/more-space-for-teaching-and-learning\/#breadcrumb"},"inLanguage":"hu","potentialAction":[{"@type":"ReadAction","target":["https:\/\/egyuttfejlodunk.hu\/en\/more-space-for-teaching-and-learning\/"]}]},{"@type":"ImageObject","inLanguage":"hu","@id":"https:\/\/egyuttfejlodunk.hu\/en\/more-space-for-teaching-and-learning\/#primaryimage","url":"https:\/\/egyuttfejlodunk.hu\/wp-content\/uploads\/2026\/08\/osztalyterem-1.jpg","contentUrl":"https:\/\/egyuttfejlodunk.hu\/wp-content\/uploads\/2026\/08\/osztalyterem-1.jpg","width":1920,"height":1048},{"@type":"BreadcrumbList","@id":"https:\/\/egyuttfejlodunk.hu\/en\/more-space-for-teaching-and-learning\/#breadcrumb","itemListElement":[{"@type":"ListItem","position":1,"name":"Home","item":"https:\/\/egyuttfejlodunk.hu\/"},{"@type":"ListItem","position":2,"name":"More space for teaching and learning"}]},{"@type":"WebSite","@id":"https:\/\/egyuttfejlodunk.hu\/#website","url":"https:\/\/egyuttfejlodunk.hu\/","name":"Egy\u00fctt fejl\u0151d\u00fcnk","description":"","publisher":{"@id":"https:\/\/egyuttfejlodunk.hu\/#organization"},"potentialAction":[{"@type":"SearchAction","target":{"@type":"EntryPoint","urlTemplate":"https:\/\/egyuttfejlodunk.hu\/?s={search_term_string}"},"query-input":{"@type":"PropertyValueSpecification","valueRequired":true,"valueName":"search_term_string"}}],"inLanguage":"hu"},{"@type":"Organization","@id":"https:\/\/egyuttfejlodunk.hu\/#organization","name":"Egy\u00fctt fejl\u0151d\u00fcnk","url":"https:\/\/egyuttfejlodunk.hu\/","logo":{"@type":"ImageObject","inLanguage":"hu","@id":"https:\/\/egyuttfejlodunk.hu\/#\/schema\/logo\/image\/","url":"https:\/\/egyuttfejlodunk.hu\/wp-content\/uploads\/2026\/04\/ujlogo.jpg","contentUrl":"https:\/\/egyuttfejlodunk.hu\/wp-content\/uploads\/2026\/04\/ujlogo.jpg","width":350,"height":110,"caption":"Egy\u00fctt fejl\u0151d\u00fcnk"},"image":{"@id":"https:\/\/egyuttfejlodunk.hu\/#\/schema\/logo\/image\/"}},{"@type":"Person","@id":"https:\/\/egyuttfejlodunk.hu\/#\/schema\/person\/94cc2e6bf0b14e6d5de3d603885ed8c5","name":"T\u00f3th Ferenc"}]}},"_links":{"self":[{"href":"https:\/\/egyuttfejlodunk.hu\/wp-json\/wp\/v2\/posts\/12046","targetHints":{"allow":["GET"]}}],"collection":[{"href":"https:\/\/egyuttfejlodunk.hu\/wp-json\/wp\/v2\/posts"}],"about":[{"href":"https:\/\/egyuttfejlodunk.hu\/wp-json\/wp\/v2\/types\/post"}],"author":[{"embeddable":true,"href":"https:\/\/egyuttfejlodunk.hu\/wp-json\/wp\/v2\/users\/30"}],"replies":[{"embeddable":true,"href":"https:\/\/egyuttfejlodunk.hu\/wp-json\/wp\/v2\/comments?post=12046"}],"version-history":[{"count":2,"href":"https:\/\/egyuttfejlodunk.hu\/wp-json\/wp\/v2\/posts\/12046\/revisions"}],"predecessor-version":[{"id":12048,"href":"https:\/\/egyuttfejlodunk.hu\/wp-json\/wp\/v2\/posts\/12046\/revisions\/12048"}],"wp:featuredmedia":[{"embeddable":true,"href":"https:\/\/egyuttfejlodunk.hu\/wp-json\/wp\/v2\/media\/12044"}],"wp:attachment":[{"href":"https:\/\/egyuttfejlodunk.hu\/wp-json\/wp\/v2\/media?parent=12046"}],"wp:term":[{"taxonomy":"category","embeddable":true,"href":"https:\/\/egyuttfejlodunk.hu\/wp-json\/wp\/v2\/categories?post=12046"},{"taxonomy":"post_tag","embeddable":true,"href":"https:\/\/egyuttfejlodunk.hu\/wp-json\/wp\/v2\/tags?post=12046"},{"taxonomy":"megye","embeddable":true,"href":"https:\/\/egyuttfejlodunk.hu\/wp-json\/wp\/v2\/megye?post=12046"}],"curies":[{"name":"wp","href":"https:\/\/api.w.org\/{rel}","templated":true}]}}