{"id":12096,"date":"2026-08-10T10:11:47","date_gmt":"2026-08-10T08:11:47","guid":{"rendered":"https:\/\/egyuttfejlodunk.hu\/?p=12096"},"modified":"2026-08-28T12:52:07","modified_gmt":"2026-08-28T10:52:07","slug":"a-civis-kozossegek-otthona","status":"publish","type":"post","link":"https:\/\/egyuttfejlodunk.hu\/?p=12096","title":{"rendered":"A c\u00edvis k\u00f6z\u00f6ss\u00e9gek otthona"},"content":{"rendered":"<p><strong>A Debreceni M\u0171vel\u0151d\u00e9si K\u00f6zpont \u00e9s Ifj\u00fas\u00e1gi H\u00e1z tizenk\u00e9t egys\u00e9ggel m\u0171k\u00f6dik az orsz\u00e1g m\u00e1sodik legnagyobb v\u00e1ros\u00e1ban. K\u00f6z\u00fcl\u00fck az egyik a Csap\u00f3kerti K\u00f6z\u00f6ss\u00e9gi H\u00e1z, amely 1962-ben nyitotta meg kapuit, \u00e9s az\u00f3ta t\u00f6bb gener\u00e1ci\u00f3nak jelentette a helyi k\u00f6z\u00f6ss\u00e9gi \u00e9let f\u00e9szk\u00e9t. Debrecen Megyei Jog\u00fa V\u00e1ros \u00d6nkorm\u00e1nyzata eur\u00f3pai uni\u00f3s t\u00e1mogat\u00e1ssal fizikailag \u00e9s szellemileg is \u00fajj\u00e1var\u00e1zsolta a h\u00e1zat, l\u00e9trehozva itt a Debreceniek h\u00e1z\u00e1t.<\/strong><\/p>\n<p>A Csap\u00f3kerti K\u00f6z\u00f6ss\u00e9gi H\u00e1z m\u00e1r kor\u00e1bban is fontos szerepet t\u00f6lt\u00f6tt be a v\u00e1rosr\u00e9sz \u00e9let\u00e9ben, de az id\u0151 nyomot hagyott rajta. A helyis\u00e9gek sz\u0171k\u00f6sek \u00e9s elapr\u00f3zottak voltak, a burkolatok \u00e9s ny\u00edl\u00e1sz\u00e1r\u00f3k elhaszn\u00e1l\u00f3dtak, a sz\u00ednh\u00e1zterem fel\u00faj\u00edt\u00e1sra szorult, az \u00e9p\u00fclet pedig m\u00e1r nem tudta kiszolg\u00e1lni a modern k\u00f6z\u00f6ss\u00e9gi \u00e9let ig\u00e9nyeit. A fel\u00faj\u00edt\u00e1s sor\u00e1n tereket nyitottak \u00f6ssze, kicser\u00e9lt\u00e9k a burkolatokat \u00e9s a bels\u0151 ny\u00edl\u00e1sz\u00e1r\u00f3kat, korszer\u0171 b\u00fatorok \u00e9s berendez\u00e9sek \u00e9rkeztek, meg\u00fajultak a k\u00f6zleked\u0151k, valamint teljesen fel\u00faj\u00edtott\u00e1k a sz\u00ednh\u00e1ztermet \u00e9s a sz\u00ednpadot, ezzel egy j\u00f3l haszn\u00e1lhat\u00f3 \u00e9p\u00fclet j\u00f6tt l\u00e9tre a k\u00f6z\u00f6ss\u00e9g szolg\u00e1lat\u00e1ra.<\/p>\n<p>A meg\u00fajult \u00e9p\u00fcletben sz\u00e1mos civil szervezet tal\u00e1lt otthonra. A k\u00f6z\u00f6ss\u00e9gi h\u00e1z egyfajta inkub\u00e1tork\u00e9nt m\u0171k\u00f6dik, hiszen a k\u00f6z\u00f6s fed\u00e9l alatt az egyes\u00fcleteknek, alap\u00edtv\u00e1nyoknak, kluboknak, egyleteknek lehet\u0151s\u00e9g\u00fck ny\u00edlik az egy\u00fcttm\u0171k\u00f6d\u00e9s \u00fatjainak megtal\u00e1l\u00e1s\u00e1ra k\u00f6z\u00f6s programok szervez\u00e9s\u00e9n \u00e9s egym\u00e1s t\u00e1mogat\u00e1s\u00e1n kereszt\u00fcl.<\/p>\n<p>A h\u00e1z sz\u00e1mtalan \u00e9rdekes \u00e9s \u00e9rt\u00e9kes programnak ny\u00fajt kiv\u00e1l\u00f3 helysz\u00ednt. Szinte minden nap reggelt\u0151l estig pezseg az \u00e9let a falak k\u00f6z\u00f6tt. A k\u00f6nyvt\u00e1r csendes olvas\u00f3sarkai mellett babaringat\u00f3 foglalkoz\u00e1sok v\u00e1rj\u00e1k a legkisebbeket \u00e9s sz\u00fcleiket, gyermekprogramok t\u00f6ltik meg nevet\u00e9ssel a termeket, est\u00e9nk\u00e9nt j\u00f3ga- \u00e9s zumba\u00f3r\u00e1k mozgatj\u00e1k meg a r\u00e9sztvev\u0151ket, mik\u00f6zben m\u00e1s helyis\u00e9gekben a n\u00e9pi zenekar pr\u00f3b\u00e1l vagy \u00e9ppen a Csap\u00f3kerti P\u00e1vak\u00f6r k\u00e9sz\u00fcl k\u00f6vetkez\u0151 fell\u00e9p\u00e9s\u00e9re. A Csokonai Dalk\u00f6r, a Kertbar\u00e1t K\u00f6r, a N\u00e9pi D\u00edsz\u00edt\u0151m\u0171v\u00e9szeti K\u00f6r \u00e9s a F\u0151nix T\u00e1ncegy\u00fcttes is m\u00e9lt\u00f3 k\u00f6rnyezetet tal\u00e1lt m\u0171k\u00f6d\u00e9s\u00e9hez. A nagyterem rendszeresen ad helyet el\u0151ad\u00e1soknak, kultur\u00e1lis esteknek, k\u00f6z\u00f6ss\u00e9gi rendezv\u00e9nyeknek \u00e9s \u00fcnneps\u00e9geknek. Mindennapos, hogy ismer\u0151s\u00f6k futnak \u00f6ssze a folyos\u00f3kon, \u00faj kapcsolatok sz\u00fcletnek, a visszat\u00e9r\u0151 vend\u00e9gek pedig m\u00e1r otthonosan mozognak az \u00e9p\u00fcletben.<\/p>\n<p>Debrecennek mindig is saj\u00e1tos k\u00f6z\u00f6ss\u00e9gi kult\u00far\u00e1ja volt. A c\u00edvisv\u00e1ros lak\u00f3i \u00e9vsz\u00e1zadokon kereszt\u00fcl k\u00fcl\u00f6nleges hagyom\u00e1nyokat, szok\u00e1sokat \u00e9s \u00e9rt\u00e9keket \u0151riztek meg, amelyeket a legink\u00e1bb \u00f6r\u00f6mteli m\u00f3don besz\u00e9lget\u00e9sekkel, k\u00f6z\u00f6s \u00e9nekl\u00e9ssel, k\u00e9zm\u0171ves foglalkoz\u00e1sokon, n\u00e9pzenei pr\u00f3b\u00e1kon vagy valamilyen egy\u00e9b k\u00f6z\u00f6ss\u00e9gi rendezv\u00e9nyen lehet tov\u00e1bb adni \u00e9s \u00e9ltetni. A Debreceniek H\u00e1za olyan helly\u00e9 v\u00e1lt, ahol a v\u00e1ros m\u00faltja \u00e9s jelene nap mint nap tal\u00e1lkozhat egym\u00e1ssal, ahol a hagyom\u00e1nyok \u00fajj\u00e1\u00e9leszt\u00e9se \u00e9s t\u00e1pl\u00e1l\u00e1sa a k\u00f6z\u00f6ss\u00e9g fennmarad\u00e1s\u00e1nak z\u00e1log\u00e1t adja.<\/p>\n<p>Fontosak azok a beruh\u00e1z\u00e1sok, amelyek k\u00f6z\u00e9ppontj\u00e1ba az emberek ker\u00fclnek, amikor lehet\u0151s\u00e9g\u00fck lesz tal\u00e1lkozni, tanulni egym\u00e1st\u00f3l, k\u00f6z\u00f6sen alkotni, \u00e9s tov\u00e1bbadni mindazt, ami gener\u00e1ci\u00f3k \u00f3ta \u00f6sszek\u00f6ti \u0151ket. A Debreceniek H\u00e1za ezt a szerepet igyekszik bet\u00f6lteni. Kisfilm\u00fcnkb\u0151l kider\u00fcl, hogy jelent\u0151s sikerrel teszi mindezt.<\/p>\n<p><iframe title=\"Debreceniek H\u00e1za\" width=\"1200\" height=\"675\" src=\"https:\/\/www.youtube.com\/embed\/SD-xeyC5hWg?feature=oembed\" frameborder=\"0\" allow=\"accelerometer; autoplay; clipboard-write; encrypted-media; gyroscope; picture-in-picture; web-share\" referrerpolicy=\"strict-origin-when-cross-origin\" allowfullscreen><\/iframe><\/p>\n<p>A program a TOP-7.1.1-16-H-ERFA-2019-00036 azonos\u00edt\u00f3 projekt keret\u00e9ben, eur\u00f3pai uni\u00f3s forr\u00e1s bevon\u00e1s\u00e1val val\u00f3sult meg.<\/p>\n<p>Tov\u00e1bbi r\u00e9szletek a t\u00e1mogatott projekt keres\u0151ben:<\/p>\n","protected":false},"excerpt":{"rendered":"<p>A Debreceni M\u0171vel\u0151d\u00e9si K\u00f6zpont \u00e9s Ifj\u00fas\u00e1gi H\u00e1z tizenk\u00e9t egys\u00e9ggel m\u0171k\u00f6dik az orsz\u00e1g m\u00e1sodik legnagyobb v\u00e1ros\u00e1ban. K\u00f6z\u00fcl\u00fck az egyik a Csap\u00f3kerti K\u00f6z\u00f6ss\u00e9gi H\u00e1z, amely 1962-ben nyitotta meg kapuit, \u00e9s az\u00f3ta t\u00f6bb gener\u00e1ci\u00f3nak jelentette a helyi k\u00f6z\u00f6ss\u00e9gi \u00e9let f\u00e9szk\u00e9t. Debrecen Megyei Jog\u00fa V\u00e1ros \u00d6nkorm\u00e1nyzata eur\u00f3pai uni\u00f3s t\u00e1mogat\u00e1ssal fizikailag \u00e9s szellemileg is \u00fajj\u00e1var\u00e1zsolta a h\u00e1zat, l\u00e9trehozva itt a Debreceniek h\u00e1z\u00e1t. A Csap\u00f3kerti K\u00f6z\u00f6ss\u00e9gi H\u00e1z m\u00e1r kor\u00e1bban is fontos szerepet t\u00f6lt\u00f6tt be a v\u00e1rosr\u00e9sz \u00e9let\u00e9ben, de az id\u0151 nyomot&#8230;<\/p>\n","protected":false},"author":30,"featured_media":12097,"comment_status":"closed","ping_status":"closed","sticky":false,"template":"","format":"standard","meta":{"_acf_changed":false,"ngg_post_thumbnail":0,"footnotes":""},"categories":[173],"tags":[487,457],"megye":[1123],"class_list":["post-12096","post","type-post","status-publish","format-standard","has-post-thumbnail","hentry","category-top-hu","tag-intezmenyfejlesztes","tag-kozossegepito-beruhazas","megye-hajdu-bihar-megye"],"acf":[],"yoast_head":"<!-- This site is optimized with the Yoast SEO Premium plugin v28.4 (Yoast SEO v28.4) - https:\/\/yoast.com\/product\/yoast-seo-premium-wordpress\/ -->\n<title>A c\u00edvis k\u00f6z\u00f6ss\u00e9gek otthona - Egy\u00fctt fejl\u0151d\u00fcnk<\/title>\n<meta name=\"robots\" content=\"noindex, follow, max-snippet:-1, max-image-preview:large, max-video-preview:-1\" \/>\n<meta property=\"og:locale\" content=\"hu_HU\" \/>\n<meta property=\"og:type\" content=\"article\" \/>\n<meta property=\"og:title\" content=\"A c\u00edvis k\u00f6z\u00f6ss\u00e9gek otthona\" \/>\n<meta property=\"og:description\" content=\"A Debreceni M\u0171vel\u0151d\u00e9si K\u00f6zpont \u00e9s Ifj\u00fas\u00e1gi H\u00e1z tizenk\u00e9t egys\u00e9ggel m\u0171k\u00f6dik az orsz\u00e1g m\u00e1sodik legnagyobb v\u00e1ros\u00e1ban. K\u00f6z\u00fcl\u00fck az egyik a Csap\u00f3kerti K\u00f6z\u00f6ss\u00e9gi H\u00e1z, amely 1962-ben nyitotta meg kapuit, \u00e9s az\u00f3ta t\u00f6bb gener\u00e1ci\u00f3nak jelentette a helyi k\u00f6z\u00f6ss\u00e9gi \u00e9let f\u00e9szk\u00e9t. Debrecen Megyei Jog\u00fa V\u00e1ros \u00d6nkorm\u00e1nyzata eur\u00f3pai uni\u00f3s t\u00e1mogat\u00e1ssal fizikailag \u00e9s szellemileg is \u00fajj\u00e1var\u00e1zsolta a h\u00e1zat, l\u00e9trehozva itt a Debreceniek h\u00e1z\u00e1t. A Csap\u00f3kerti K\u00f6z\u00f6ss\u00e9gi H\u00e1z m\u00e1r kor\u00e1bban is fontos szerepet t\u00f6lt\u00f6tt be a v\u00e1rosr\u00e9sz \u00e9let\u00e9ben, de az id\u0151 nyomot...\" \/>\n<meta property=\"og:url\" content=\"https:\/\/egyuttfejlodunk.hu\/?p=12096\" \/>\n<meta property=\"og:site_name\" content=\"Egy\u00fctt fejl\u0151d\u00fcnk\" \/>\n<meta property=\"article:published_time\" content=\"2026-08-10T08:11:47+00:00\" \/>\n<meta property=\"article:modified_time\" content=\"2026-08-28T10:52:07+00:00\" \/>\n<meta property=\"og:image\" content=\"https:\/\/egyuttfejlodunk.hu\/wp-content\/uploads\/2026\/08\/P1023629.jpg\" \/>\n\t<meta property=\"og:image:width\" content=\"1920\" \/>\n\t<meta property=\"og:image:height\" content=\"985\" \/>\n\t<meta property=\"og:image:type\" content=\"image\/jpeg\" \/>\n<meta name=\"author\" content=\"T\u00f3th Ferenc\" \/>\n<meta name=\"twitter:card\" content=\"summary_large_image\" \/>\n<meta name=\"twitter:label1\" content=\"Szerz\u0151:\" \/>\n\t<meta name=\"twitter:data1\" content=\"T\u00f3th Ferenc\" \/>\n\t<meta name=\"twitter:label2\" content=\"Becs\u00fclt olvas\u00e1si id\u0151\" \/>\n\t<meta name=\"twitter:data2\" content=\"3 perc\" \/>\n<script type=\"application\/ld+json\" class=\"yoast-schema-graph\">{\"@context\":\"https:\\\/\\\/schema.org\",\"@graph\":[{\"@type\":\"Article\",\"@id\":\"https:\\\/\\\/egyuttfejlodunk.hu\\\/?p=12096#article\",\"isPartOf\":{\"@id\":\"https:\\\/\\\/egyuttfejlodunk.hu\\\/?p=12096\"},\"author\":{\"name\":\"T\u00f3th Ferenc\",\"@id\":\"https:\\\/\\\/egyuttfejlodunk.hu\\\/#\\\/schema\\\/person\\\/94cc2e6bf0b14e6d5de3d603885ed8c5\"},\"headline\":\"A c\u00edvis k\u00f6z\u00f6ss\u00e9gek otthona\",\"datePublished\":\"2026-08-10T08:11:47+00:00\",\"dateModified\":\"2026-08-28T10:52:07+00:00\",\"mainEntityOfPage\":{\"@id\":\"https:\\\/\\\/egyuttfejlodunk.hu\\\/?p=12096\"},\"wordCount\":753,\"publisher\":{\"@id\":\"https:\\\/\\\/egyuttfejlodunk.hu\\\/#organization\"},\"image\":{\"@id\":\"https:\\\/\\\/egyuttfejlodunk.hu\\\/?p=12096#primaryimage\"},\"thumbnailUrl\":\"https:\\\/\\\/egyuttfejlodunk.hu\\\/wp-content\\\/uploads\\\/2026\\\/08\\\/P1023629.jpg\",\"keywords\":[\"int\u00e9zm\u00e9nyfejleszt\u00e9s\",\"k\u00f6z\u00f6ss\u00e9g\u00e9p\u00edt\u0151 beruh\u00e1z\u00e1s\"],\"articleSection\":[\"Top\"],\"inLanguage\":\"hu\"},{\"@type\":\"WebPage\",\"@id\":\"https:\\\/\\\/egyuttfejlodunk.hu\\\/?p=12096\",\"url\":\"https:\\\/\\\/egyuttfejlodunk.hu\\\/?p=12096\",\"name\":\"A c\u00edvis k\u00f6z\u00f6ss\u00e9gek otthona - Egy\u00fctt fejl\u0151d\u00fcnk\",\"isPartOf\":{\"@id\":\"https:\\\/\\\/egyuttfejlodunk.hu\\\/#website\"},\"primaryImageOfPage\":{\"@id\":\"https:\\\/\\\/egyuttfejlodunk.hu\\\/?p=12096#primaryimage\"},\"image\":{\"@id\":\"https:\\\/\\\/egyuttfejlodunk.hu\\\/?p=12096#primaryimage\"},\"thumbnailUrl\":\"https:\\\/\\\/egyuttfejlodunk.hu\\\/wp-content\\\/uploads\\\/2026\\\/08\\\/P1023629.jpg\",\"datePublished\":\"2026-08-10T08:11:47+00:00\",\"dateModified\":\"2026-08-28T10:52:07+00:00\",\"breadcrumb\":{\"@id\":\"https:\\\/\\\/egyuttfejlodunk.hu\\\/?p=12096#breadcrumb\"},\"inLanguage\":\"hu\",\"potentialAction\":[{\"@type\":\"ReadAction\",\"target\":[\"https:\\\/\\\/egyuttfejlodunk.hu\\\/?p=12096\"]}]},{\"@type\":\"ImageObject\",\"inLanguage\":\"hu\",\"@id\":\"https:\\\/\\\/egyuttfejlodunk.hu\\\/?p=12096#primaryimage\",\"url\":\"https:\\\/\\\/egyuttfejlodunk.hu\\\/wp-content\\\/uploads\\\/2026\\\/08\\\/P1023629.jpg\",\"contentUrl\":\"https:\\\/\\\/egyuttfejlodunk.hu\\\/wp-content\\\/uploads\\\/2026\\\/08\\\/P1023629.jpg\",\"width\":1920,\"height\":985},{\"@type\":\"BreadcrumbList\",\"@id\":\"https:\\\/\\\/egyuttfejlodunk.hu\\\/?p=12096#breadcrumb\",\"itemListElement\":[{\"@type\":\"ListItem\",\"position\":1,\"name\":\"Home\",\"item\":\"https:\\\/\\\/egyuttfejlodunk.hu\\\/\"},{\"@type\":\"ListItem\",\"position\":2,\"name\":\"A c\u00edvis k\u00f6z\u00f6ss\u00e9gek otthona\"}]},{\"@type\":\"WebSite\",\"@id\":\"https:\\\/\\\/egyuttfejlodunk.hu\\\/#website\",\"url\":\"https:\\\/\\\/egyuttfejlodunk.hu\\\/\",\"name\":\"Egy\u00fctt fejl\u0151d\u00fcnk\",\"description\":\"\",\"publisher\":{\"@id\":\"https:\\\/\\\/egyuttfejlodunk.hu\\\/#organization\"},\"potentialAction\":[{\"@type\":\"SearchAction\",\"target\":{\"@type\":\"EntryPoint\",\"urlTemplate\":\"https:\\\/\\\/egyuttfejlodunk.hu\\\/?s={search_term_string}\"},\"query-input\":{\"@type\":\"PropertyValueSpecification\",\"valueRequired\":true,\"valueName\":\"search_term_string\"}}],\"inLanguage\":\"hu\"},{\"@type\":\"Organization\",\"@id\":\"https:\\\/\\\/egyuttfejlodunk.hu\\\/#organization\",\"name\":\"Egy\u00fctt fejl\u0151d\u00fcnk\",\"url\":\"https:\\\/\\\/egyuttfejlodunk.hu\\\/\",\"logo\":{\"@type\":\"ImageObject\",\"inLanguage\":\"hu\",\"@id\":\"https:\\\/\\\/egyuttfejlodunk.hu\\\/#\\\/schema\\\/logo\\\/image\\\/\",\"url\":\"https:\\\/\\\/egyuttfejlodunk.hu\\\/wp-content\\\/uploads\\\/2026\\\/04\\\/ujlogo.jpg\",\"contentUrl\":\"https:\\\/\\\/egyuttfejlodunk.hu\\\/wp-content\\\/uploads\\\/2026\\\/04\\\/ujlogo.jpg\",\"width\":350,\"height\":110,\"caption\":\"Egy\u00fctt fejl\u0151d\u00fcnk\"},\"image\":{\"@id\":\"https:\\\/\\\/egyuttfejlodunk.hu\\\/#\\\/schema\\\/logo\\\/image\\\/\"}},{\"@type\":\"Person\",\"@id\":\"https:\\\/\\\/egyuttfejlodunk.hu\\\/#\\\/schema\\\/person\\\/94cc2e6bf0b14e6d5de3d603885ed8c5\",\"name\":\"T\u00f3th Ferenc\"}]}<\/script>\n<!-- \/ Yoast SEO Premium plugin. -->","yoast_head_json":{"title":"A c\u00edvis k\u00f6z\u00f6ss\u00e9gek otthona - Egy\u00fctt fejl\u0151d\u00fcnk","robots":{"index":"noindex","follow":"follow","max-snippet":"max-snippet:-1","max-image-preview":"max-image-preview:large","max-video-preview":"max-video-preview:-1"},"og_locale":"hu_HU","og_type":"article","og_title":"A c\u00edvis k\u00f6z\u00f6ss\u00e9gek otthona","og_description":"A Debreceni M\u0171vel\u0151d\u00e9si K\u00f6zpont \u00e9s Ifj\u00fas\u00e1gi H\u00e1z tizenk\u00e9t egys\u00e9ggel m\u0171k\u00f6dik az orsz\u00e1g m\u00e1sodik legnagyobb v\u00e1ros\u00e1ban. K\u00f6z\u00fcl\u00fck az egyik a Csap\u00f3kerti K\u00f6z\u00f6ss\u00e9gi H\u00e1z, amely 1962-ben nyitotta meg kapuit, \u00e9s az\u00f3ta t\u00f6bb gener\u00e1ci\u00f3nak jelentette a helyi k\u00f6z\u00f6ss\u00e9gi \u00e9let f\u00e9szk\u00e9t. Debrecen Megyei Jog\u00fa V\u00e1ros \u00d6nkorm\u00e1nyzata eur\u00f3pai uni\u00f3s t\u00e1mogat\u00e1ssal fizikailag \u00e9s szellemileg is \u00fajj\u00e1var\u00e1zsolta a h\u00e1zat, l\u00e9trehozva itt a Debreceniek h\u00e1z\u00e1t. A Csap\u00f3kerti K\u00f6z\u00f6ss\u00e9gi H\u00e1z m\u00e1r kor\u00e1bban is fontos szerepet t\u00f6lt\u00f6tt be a v\u00e1rosr\u00e9sz \u00e9let\u00e9ben, de az id\u0151 nyomot...","og_url":"https:\/\/egyuttfejlodunk.hu\/?p=12096","og_site_name":"Egy\u00fctt fejl\u0151d\u00fcnk","article_published_time":"2026-08-10T08:11:47+00:00","article_modified_time":"2026-08-28T10:52:07+00:00","og_image":[{"width":1920,"height":985,"url":"https:\/\/egyuttfejlodunk.hu\/wp-content\/uploads\/2026\/08\/P1023629.jpg","type":"image\/jpeg"}],"author":"T\u00f3th Ferenc","twitter_card":"summary_large_image","twitter_misc":{"Szerz\u0151:":"T\u00f3th Ferenc","Becs\u00fclt olvas\u00e1si id\u0151":"3 perc"},"schema":{"@context":"https:\/\/schema.org","@graph":[{"@type":"Article","@id":"https:\/\/egyuttfejlodunk.hu\/?p=12096#article","isPartOf":{"@id":"https:\/\/egyuttfejlodunk.hu\/?p=12096"},"author":{"name":"T\u00f3th Ferenc","@id":"https:\/\/egyuttfejlodunk.hu\/#\/schema\/person\/94cc2e6bf0b14e6d5de3d603885ed8c5"},"headline":"A c\u00edvis k\u00f6z\u00f6ss\u00e9gek otthona","datePublished":"2026-08-10T08:11:47+00:00","dateModified":"2026-08-28T10:52:07+00:00","mainEntityOfPage":{"@id":"https:\/\/egyuttfejlodunk.hu\/?p=12096"},"wordCount":753,"publisher":{"@id":"https:\/\/egyuttfejlodunk.hu\/#organization"},"image":{"@id":"https:\/\/egyuttfejlodunk.hu\/?p=12096#primaryimage"},"thumbnailUrl":"https:\/\/egyuttfejlodunk.hu\/wp-content\/uploads\/2026\/08\/P1023629.jpg","keywords":["int\u00e9zm\u00e9nyfejleszt\u00e9s","k\u00f6z\u00f6ss\u00e9g\u00e9p\u00edt\u0151 beruh\u00e1z\u00e1s"],"articleSection":["Top"],"inLanguage":"hu"},{"@type":"WebPage","@id":"https:\/\/egyuttfejlodunk.hu\/?p=12096","url":"https:\/\/egyuttfejlodunk.hu\/?p=12096","name":"A c\u00edvis k\u00f6z\u00f6ss\u00e9gek otthona - Egy\u00fctt fejl\u0151d\u00fcnk","isPartOf":{"@id":"https:\/\/egyuttfejlodunk.hu\/#website"},"primaryImageOfPage":{"@id":"https:\/\/egyuttfejlodunk.hu\/?p=12096#primaryimage"},"image":{"@id":"https:\/\/egyuttfejlodunk.hu\/?p=12096#primaryimage"},"thumbnailUrl":"https:\/\/egyuttfejlodunk.hu\/wp-content\/uploads\/2026\/08\/P1023629.jpg","datePublished":"2026-08-10T08:11:47+00:00","dateModified":"2026-08-28T10:52:07+00:00","breadcrumb":{"@id":"https:\/\/egyuttfejlodunk.hu\/?p=12096#breadcrumb"},"inLanguage":"hu","potentialAction":[{"@type":"ReadAction","target":["https:\/\/egyuttfejlodunk.hu\/?p=12096"]}]},{"@type":"ImageObject","inLanguage":"hu","@id":"https:\/\/egyuttfejlodunk.hu\/?p=12096#primaryimage","url":"https:\/\/egyuttfejlodunk.hu\/wp-content\/uploads\/2026\/08\/P1023629.jpg","contentUrl":"https:\/\/egyuttfejlodunk.hu\/wp-content\/uploads\/2026\/08\/P1023629.jpg","width":1920,"height":985},{"@type":"BreadcrumbList","@id":"https:\/\/egyuttfejlodunk.hu\/?p=12096#breadcrumb","itemListElement":[{"@type":"ListItem","position":1,"name":"Home","item":"https:\/\/egyuttfejlodunk.hu\/"},{"@type":"ListItem","position":2,"name":"A c\u00edvis k\u00f6z\u00f6ss\u00e9gek otthona"}]},{"@type":"WebSite","@id":"https:\/\/egyuttfejlodunk.hu\/#website","url":"https:\/\/egyuttfejlodunk.hu\/","name":"Egy\u00fctt fejl\u0151d\u00fcnk","description":"","publisher":{"@id":"https:\/\/egyuttfejlodunk.hu\/#organization"},"potentialAction":[{"@type":"SearchAction","target":{"@type":"EntryPoint","urlTemplate":"https:\/\/egyuttfejlodunk.hu\/?s={search_term_string}"},"query-input":{"@type":"PropertyValueSpecification","valueRequired":true,"valueName":"search_term_string"}}],"inLanguage":"hu"},{"@type":"Organization","@id":"https:\/\/egyuttfejlodunk.hu\/#organization","name":"Egy\u00fctt fejl\u0151d\u00fcnk","url":"https:\/\/egyuttfejlodunk.hu\/","logo":{"@type":"ImageObject","inLanguage":"hu","@id":"https:\/\/egyuttfejlodunk.hu\/#\/schema\/logo\/image\/","url":"https:\/\/egyuttfejlodunk.hu\/wp-content\/uploads\/2026\/04\/ujlogo.jpg","contentUrl":"https:\/\/egyuttfejlodunk.hu\/wp-content\/uploads\/2026\/04\/ujlogo.jpg","width":350,"height":110,"caption":"Egy\u00fctt fejl\u0151d\u00fcnk"},"image":{"@id":"https:\/\/egyuttfejlodunk.hu\/#\/schema\/logo\/image\/"}},{"@type":"Person","@id":"https:\/\/egyuttfejlodunk.hu\/#\/schema\/person\/94cc2e6bf0b14e6d5de3d603885ed8c5","name":"T\u00f3th Ferenc"}]}},"_links":{"self":[{"href":"https:\/\/egyuttfejlodunk.hu\/index.php?rest_route=\/wp\/v2\/posts\/12096","targetHints":{"allow":["GET"]}}],"collection":[{"href":"https:\/\/egyuttfejlodunk.hu\/index.php?rest_route=\/wp\/v2\/posts"}],"about":[{"href":"https:\/\/egyuttfejlodunk.hu\/index.php?rest_route=\/wp\/v2\/types\/post"}],"author":[{"embeddable":true,"href":"https:\/\/egyuttfejlodunk.hu\/index.php?rest_route=\/wp\/v2\/users\/30"}],"replies":[{"embeddable":true,"href":"https:\/\/egyuttfejlodunk.hu\/index.php?rest_route=%2Fwp%2Fv2%2Fcomments&post=12096"}],"version-history":[{"count":1,"href":"https:\/\/egyuttfejlodunk.hu\/index.php?rest_route=\/wp\/v2\/posts\/12096\/revisions"}],"predecessor-version":[{"id":12098,"href":"https:\/\/egyuttfejlodunk.hu\/index.php?rest_route=\/wp\/v2\/posts\/12096\/revisions\/12098"}],"wp:featuredmedia":[{"embeddable":true,"href":"https:\/\/egyuttfejlodunk.hu\/index.php?rest_route=\/wp\/v2\/media\/12097"}],"wp:attachment":[{"href":"https:\/\/egyuttfejlodunk.hu\/index.php?rest_route=%2Fwp%2Fv2%2Fmedia&parent=12096"}],"wp:term":[{"taxonomy":"category","embeddable":true,"href":"https:\/\/egyuttfejlodunk.hu\/index.php?rest_route=%2Fwp%2Fv2%2Fcategories&post=12096"},{"taxonomy":"post_tag","embeddable":true,"href":"https:\/\/egyuttfejlodunk.hu\/index.php?rest_route=%2Fwp%2Fv2%2Ftags&post=12096"},{"taxonomy":"megye","embeddable":true,"href":"https:\/\/egyuttfejlodunk.hu\/index.php?rest_route=%2Fwp%2Fv2%2Fmegye&post=12096"}],"curies":[{"name":"wp","href":"https:\/\/api.w.org\/{rel}","templated":true}]}}