{"id":12099,"date":"2026-08-10T13:15:59","date_gmt":"2026-08-10T11:15:59","guid":{"rendered":"https:\/\/egyuttfejlodunk.hu\/?p=12099"},"modified":"2026-08-28T11:34:17","modified_gmt":"2026-08-28T09:34:17","slug":"where-debrecens-communities-come-together","status":"publish","type":"post","link":"https:\/\/egyuttfejlodunk.hu\/?p=12099&lang=en","title":{"rendered":"Where Debrecen\u2019s communities come together"},"content":{"rendered":"<p><strong>The Debrecen Cultural Centre and Youth House operates twelve venues across Hungary\u2019s second-largest city. One of them is the Csap\u00f3kert Community House, which first opened its doors in 1962 and has been a focal point of local community life for generations. With support from the European Union, the Municipality of Debrecen gave the building a new lease of life, transforming it into the House of Debrecen Residents.<\/strong><\/p>\n<p>The Csap\u00f3kert Community House had long been an important meeting place for the neighbourhood, but decades of use had taken their toll. Its rooms were small and fragmented, the flooring, doors and windows were worn, the theatre hall needed renovation, and the building could no longer keep pace with the needs of a modern community venue. The refurbishment opened up and connected several spaces, replaced interior finishes and doors, introduced modern furniture and equipment, renewed the circulation areas, and completely renovated the theatre hall and stage. The result is a more open, practical and welcoming space built around the needs of the community.<\/p>\n<p>Today, the renewed building is home to a wide range of civil society organisations. In many ways, it acts as a community incubator, bringing associations, foundations, clubs and other groups under one roof. Sharing the same space makes it easier for them to exchange ideas, organise joint programmes and support one another.<\/p>\n<p>There is rarely a quiet moment inside the House. The library offers peaceful corners for reading, while sessions for babies and parents welcome the youngest visitors. Children\u2019s activities fill the rooms with laughter, and in the evenings yoga and Zumba classes bring plenty of movement to the building. Elsewhere, a folk music ensemble may be rehearsing while the Csap\u00f3kert Peacock Circle prepares for its next performance.<\/p>\n<p>The Csokonai Singing Circle, the Gardeners\u2019 Circle, the Folk Decorative Arts Circle and the Phoenix Dance Ensemble have also found a fitting home here. The main hall regularly hosts talks, cultural evenings, community gatherings and celebrations. Familiar faces meet in the corridors, new friendships are formed, and regular visitors soon begin to feel at home.<\/p>\n<p>Debrecen has always had a strong and distinctive civic culture. For centuries, generations of local residents have preserved traditions, customs and values that continue to shape the city\u2019s identity. These traditions are perhaps best kept alive not behind glass, but through shared experiences \u2013 conversations, singing, handicrafts, folk music and community events.<\/p>\n<p>The House of Debrecen Residents has become a place where Debrecen\u2019s past and present meet every day. It gives traditions room to live and evolve, while offering people new opportunities to connect with one another.<\/p>\n<p>Investments in community spaces are ultimately investments in people. They create places where people can meet, learn from one another, create together and pass on the values that have connected generations. The House of Debrecen Residents was created with exactly this purpose in mind \u2013 and, as our short film shows, it has become a vibrant home for community life in the city.<\/p>\n<p><iframe title=\"Debreceniek H\u00e1za\" width=\"1200\" height=\"675\" src=\"https:\/\/www.youtube.com\/embed\/SD-xeyC5hWg?feature=oembed\" frameborder=\"0\" allow=\"accelerometer; autoplay; clipboard-write; encrypted-media; gyroscope; picture-in-picture; web-share\" referrerpolicy=\"strict-origin-when-cross-origin\" allowfullscreen><\/iframe><\/p>\n<p>The development was implemented from EU funding in the project TOP-7.1.1-16-H-ERFA-2019-00036 under the Territorial and Settlement Development Operational Programme.<\/p>\n<p>Find out more about the project in the Project Finder: Details<\/p>\n<p>&nbsp;<\/p>\n","protected":false},"excerpt":{"rendered":"<p>The Debrecen Cultural Centre and Youth House operates twelve venues across Hungary\u2019s second-largest city. One of them is the Csap\u00f3kert Community House, which first opened its doors in 1962 and has been a focal point of local community life for generations. With support from the European Union, the Municipality of Debrecen gave the building a new lease of life, transforming it into the House of Debrecen Residents. The Csap\u00f3kert Community House had long been an&#8230;<\/p>\n","protected":false},"author":30,"featured_media":12097,"comment_status":"closed","ping_status":"closed","sticky":false,"template":"","format":"standard","meta":{"_acf_changed":false,"ngg_post_thumbnail":0,"footnotes":""},"categories":[380],"tags":[],"megye":[],"class_list":["post-12099","post","type-post","status-publish","format-standard","has-post-thumbnail","hentry","category-top-en"],"acf":[],"yoast_head":"<!-- This site is optimized with the Yoast SEO Premium plugin v28.4 (Yoast SEO v28.4) - https:\/\/yoast.com\/product\/yoast-seo-premium-wordpress\/ -->\n<title>Where Debrecen\u2019s communities come together - Egy\u00fctt fejl\u0151d\u00fcnk<\/title>\n<meta name=\"robots\" content=\"noindex, follow, max-snippet:-1, max-image-preview:large, max-video-preview:-1\" \/>\n<meta property=\"og:locale\" content=\"hu_HU\" \/>\n<meta property=\"og:type\" content=\"article\" \/>\n<meta property=\"og:title\" content=\"Where Debrecen\u2019s communities come together\" \/>\n<meta property=\"og:description\" content=\"The Debrecen Cultural Centre and Youth House operates twelve venues across Hungary\u2019s second-largest city. One of them is the Csap\u00f3kert Community House, which first opened its doors in 1962 and has been a focal point of local community life for generations. With support from the European Union, the Municipality of Debrecen gave the building a new lease of life, transforming it into the House of Debrecen Residents. The Csap\u00f3kert Community House had long been an...\" \/>\n<meta property=\"og:url\" content=\"https:\/\/egyuttfejlodunk.hu\/?p=12099&amp;lang=en\" \/>\n<meta property=\"og:site_name\" content=\"Egy\u00fctt fejl\u0151d\u00fcnk\" \/>\n<meta property=\"article:published_time\" content=\"2026-08-10T11:15:59+00:00\" \/>\n<meta property=\"article:modified_time\" content=\"2026-08-28T09:34:17+00:00\" \/>\n<meta property=\"og:image\" content=\"https:\/\/egyuttfejlodunk.hu\/wp-content\/uploads\/2026\/08\/P1023629.jpg\" \/>\n\t<meta property=\"og:image:width\" content=\"1920\" \/>\n\t<meta property=\"og:image:height\" content=\"985\" \/>\n\t<meta property=\"og:image:type\" content=\"image\/jpeg\" \/>\n<meta name=\"author\" content=\"T\u00f3th Ferenc\" \/>\n<meta name=\"twitter:card\" content=\"summary_large_image\" \/>\n<meta name=\"twitter:label1\" content=\"Szerz\u0151:\" \/>\n\t<meta name=\"twitter:data1\" content=\"T\u00f3th Ferenc\" \/>\n\t<meta name=\"twitter:label2\" content=\"Becs\u00fclt olvas\u00e1si id\u0151\" \/>\n\t<meta name=\"twitter:data2\" content=\"4 perc\" \/>\n<script type=\"application\/ld+json\" class=\"yoast-schema-graph\">{\"@context\":\"https:\\\/\\\/schema.org\",\"@graph\":[{\"@type\":\"Article\",\"@id\":\"https:\\\/\\\/egyuttfejlodunk.hu\\\/?p=12099&lang=en#article\",\"isPartOf\":{\"@id\":\"https:\\\/\\\/egyuttfejlodunk.hu\\\/?p=12099&lang=en\"},\"author\":{\"name\":\"T\u00f3th Ferenc\",\"@id\":\"https:\\\/\\\/egyuttfejlodunk.hu\\\/#\\\/schema\\\/person\\\/94cc2e6bf0b14e6d5de3d603885ed8c5\"},\"headline\":\"Where Debrecen\u2019s communities come together\",\"datePublished\":\"2026-08-10T11:15:59+00:00\",\"dateModified\":\"2026-08-28T09:34:17+00:00\",\"mainEntityOfPage\":{\"@id\":\"https:\\\/\\\/egyuttfejlodunk.hu\\\/?p=12099&lang=en\"},\"wordCount\":544,\"publisher\":{\"@id\":\"https:\\\/\\\/egyuttfejlodunk.hu\\\/#organization\"},\"image\":{\"@id\":\"https:\\\/\\\/egyuttfejlodunk.hu\\\/?p=12099&lang=en#primaryimage\"},\"thumbnailUrl\":\"https:\\\/\\\/egyuttfejlodunk.hu\\\/wp-content\\\/uploads\\\/2026\\\/08\\\/P1023629.jpg\",\"articleSection\":[\"Top\"],\"inLanguage\":\"hu\"},{\"@type\":\"WebPage\",\"@id\":\"https:\\\/\\\/egyuttfejlodunk.hu\\\/?p=12099&lang=en\",\"url\":\"https:\\\/\\\/egyuttfejlodunk.hu\\\/?p=12099&lang=en\",\"name\":\"Where Debrecen\u2019s communities come together - Egy\u00fctt fejl\u0151d\u00fcnk\",\"isPartOf\":{\"@id\":\"https:\\\/\\\/egyuttfejlodunk.hu\\\/#website\"},\"primaryImageOfPage\":{\"@id\":\"https:\\\/\\\/egyuttfejlodunk.hu\\\/?p=12099&lang=en#primaryimage\"},\"image\":{\"@id\":\"https:\\\/\\\/egyuttfejlodunk.hu\\\/?p=12099&lang=en#primaryimage\"},\"thumbnailUrl\":\"https:\\\/\\\/egyuttfejlodunk.hu\\\/wp-content\\\/uploads\\\/2026\\\/08\\\/P1023629.jpg\",\"datePublished\":\"2026-08-10T11:15:59+00:00\",\"dateModified\":\"2026-08-28T09:34:17+00:00\",\"breadcrumb\":{\"@id\":\"https:\\\/\\\/egyuttfejlodunk.hu\\\/?p=12099&lang=en#breadcrumb\"},\"inLanguage\":\"hu\",\"potentialAction\":[{\"@type\":\"ReadAction\",\"target\":[\"https:\\\/\\\/egyuttfejlodunk.hu\\\/?p=12099&lang=en\"]}]},{\"@type\":\"ImageObject\",\"inLanguage\":\"hu\",\"@id\":\"https:\\\/\\\/egyuttfejlodunk.hu\\\/?p=12099&lang=en#primaryimage\",\"url\":\"https:\\\/\\\/egyuttfejlodunk.hu\\\/wp-content\\\/uploads\\\/2026\\\/08\\\/P1023629.jpg\",\"contentUrl\":\"https:\\\/\\\/egyuttfejlodunk.hu\\\/wp-content\\\/uploads\\\/2026\\\/08\\\/P1023629.jpg\",\"width\":1920,\"height\":985},{\"@type\":\"BreadcrumbList\",\"@id\":\"https:\\\/\\\/egyuttfejlodunk.hu\\\/?p=12099&lang=en#breadcrumb\",\"itemListElement\":[{\"@type\":\"ListItem\",\"position\":1,\"name\":\"Home\",\"item\":\"https:\\\/\\\/egyuttfejlodunk.hu\\\/\"},{\"@type\":\"ListItem\",\"position\":2,\"name\":\"Where Debrecen\u2019s communities come together\"}]},{\"@type\":\"WebSite\",\"@id\":\"https:\\\/\\\/egyuttfejlodunk.hu\\\/#website\",\"url\":\"https:\\\/\\\/egyuttfejlodunk.hu\\\/\",\"name\":\"Egy\u00fctt fejl\u0151d\u00fcnk\",\"description\":\"\",\"publisher\":{\"@id\":\"https:\\\/\\\/egyuttfejlodunk.hu\\\/#organization\"},\"potentialAction\":[{\"@type\":\"SearchAction\",\"target\":{\"@type\":\"EntryPoint\",\"urlTemplate\":\"https:\\\/\\\/egyuttfejlodunk.hu\\\/?s={search_term_string}\"},\"query-input\":{\"@type\":\"PropertyValueSpecification\",\"valueRequired\":true,\"valueName\":\"search_term_string\"}}],\"inLanguage\":\"hu\"},{\"@type\":\"Organization\",\"@id\":\"https:\\\/\\\/egyuttfejlodunk.hu\\\/#organization\",\"name\":\"Egy\u00fctt fejl\u0151d\u00fcnk\",\"url\":\"https:\\\/\\\/egyuttfejlodunk.hu\\\/\",\"logo\":{\"@type\":\"ImageObject\",\"inLanguage\":\"hu\",\"@id\":\"https:\\\/\\\/egyuttfejlodunk.hu\\\/#\\\/schema\\\/logo\\\/image\\\/\",\"url\":\"https:\\\/\\\/egyuttfejlodunk.hu\\\/wp-content\\\/uploads\\\/2026\\\/04\\\/ujlogo.jpg\",\"contentUrl\":\"https:\\\/\\\/egyuttfejlodunk.hu\\\/wp-content\\\/uploads\\\/2026\\\/04\\\/ujlogo.jpg\",\"width\":350,\"height\":110,\"caption\":\"Egy\u00fctt fejl\u0151d\u00fcnk\"},\"image\":{\"@id\":\"https:\\\/\\\/egyuttfejlodunk.hu\\\/#\\\/schema\\\/logo\\\/image\\\/\"}},{\"@type\":\"Person\",\"@id\":\"https:\\\/\\\/egyuttfejlodunk.hu\\\/#\\\/schema\\\/person\\\/94cc2e6bf0b14e6d5de3d603885ed8c5\",\"name\":\"T\u00f3th Ferenc\"}]}<\/script>\n<!-- \/ Yoast SEO Premium plugin. -->","yoast_head_json":{"title":"Where Debrecen\u2019s communities come together - Egy\u00fctt fejl\u0151d\u00fcnk","robots":{"index":"noindex","follow":"follow","max-snippet":"max-snippet:-1","max-image-preview":"max-image-preview:large","max-video-preview":"max-video-preview:-1"},"og_locale":"hu_HU","og_type":"article","og_title":"Where Debrecen\u2019s communities come together","og_description":"The Debrecen Cultural Centre and Youth House operates twelve venues across Hungary\u2019s second-largest city. One of them is the Csap\u00f3kert Community House, which first opened its doors in 1962 and has been a focal point of local community life for generations. With support from the European Union, the Municipality of Debrecen gave the building a new lease of life, transforming it into the House of Debrecen Residents. The Csap\u00f3kert Community House had long been an...","og_url":"https:\/\/egyuttfejlodunk.hu\/?p=12099&lang=en","og_site_name":"Egy\u00fctt fejl\u0151d\u00fcnk","article_published_time":"2026-08-10T11:15:59+00:00","article_modified_time":"2026-08-28T09:34:17+00:00","og_image":[{"width":1920,"height":985,"url":"https:\/\/egyuttfejlodunk.hu\/wp-content\/uploads\/2026\/08\/P1023629.jpg","type":"image\/jpeg"}],"author":"T\u00f3th Ferenc","twitter_card":"summary_large_image","twitter_misc":{"Szerz\u0151:":"T\u00f3th Ferenc","Becs\u00fclt olvas\u00e1si id\u0151":"4 perc"},"schema":{"@context":"https:\/\/schema.org","@graph":[{"@type":"Article","@id":"https:\/\/egyuttfejlodunk.hu\/?p=12099&lang=en#article","isPartOf":{"@id":"https:\/\/egyuttfejlodunk.hu\/?p=12099&lang=en"},"author":{"name":"T\u00f3th Ferenc","@id":"https:\/\/egyuttfejlodunk.hu\/#\/schema\/person\/94cc2e6bf0b14e6d5de3d603885ed8c5"},"headline":"Where Debrecen\u2019s communities come together","datePublished":"2026-08-10T11:15:59+00:00","dateModified":"2026-08-28T09:34:17+00:00","mainEntityOfPage":{"@id":"https:\/\/egyuttfejlodunk.hu\/?p=12099&lang=en"},"wordCount":544,"publisher":{"@id":"https:\/\/egyuttfejlodunk.hu\/#organization"},"image":{"@id":"https:\/\/egyuttfejlodunk.hu\/?p=12099&lang=en#primaryimage"},"thumbnailUrl":"https:\/\/egyuttfejlodunk.hu\/wp-content\/uploads\/2026\/08\/P1023629.jpg","articleSection":["Top"],"inLanguage":"hu"},{"@type":"WebPage","@id":"https:\/\/egyuttfejlodunk.hu\/?p=12099&lang=en","url":"https:\/\/egyuttfejlodunk.hu\/?p=12099&lang=en","name":"Where Debrecen\u2019s communities come together - Egy\u00fctt fejl\u0151d\u00fcnk","isPartOf":{"@id":"https:\/\/egyuttfejlodunk.hu\/#website"},"primaryImageOfPage":{"@id":"https:\/\/egyuttfejlodunk.hu\/?p=12099&lang=en#primaryimage"},"image":{"@id":"https:\/\/egyuttfejlodunk.hu\/?p=12099&lang=en#primaryimage"},"thumbnailUrl":"https:\/\/egyuttfejlodunk.hu\/wp-content\/uploads\/2026\/08\/P1023629.jpg","datePublished":"2026-08-10T11:15:59+00:00","dateModified":"2026-08-28T09:34:17+00:00","breadcrumb":{"@id":"https:\/\/egyuttfejlodunk.hu\/?p=12099&lang=en#breadcrumb"},"inLanguage":"hu","potentialAction":[{"@type":"ReadAction","target":["https:\/\/egyuttfejlodunk.hu\/?p=12099&lang=en"]}]},{"@type":"ImageObject","inLanguage":"hu","@id":"https:\/\/egyuttfejlodunk.hu\/?p=12099&lang=en#primaryimage","url":"https:\/\/egyuttfejlodunk.hu\/wp-content\/uploads\/2026\/08\/P1023629.jpg","contentUrl":"https:\/\/egyuttfejlodunk.hu\/wp-content\/uploads\/2026\/08\/P1023629.jpg","width":1920,"height":985},{"@type":"BreadcrumbList","@id":"https:\/\/egyuttfejlodunk.hu\/?p=12099&lang=en#breadcrumb","itemListElement":[{"@type":"ListItem","position":1,"name":"Home","item":"https:\/\/egyuttfejlodunk.hu\/"},{"@type":"ListItem","position":2,"name":"Where Debrecen\u2019s communities come together"}]},{"@type":"WebSite","@id":"https:\/\/egyuttfejlodunk.hu\/#website","url":"https:\/\/egyuttfejlodunk.hu\/","name":"Egy\u00fctt fejl\u0151d\u00fcnk","description":"","publisher":{"@id":"https:\/\/egyuttfejlodunk.hu\/#organization"},"potentialAction":[{"@type":"SearchAction","target":{"@type":"EntryPoint","urlTemplate":"https:\/\/egyuttfejlodunk.hu\/?s={search_term_string}"},"query-input":{"@type":"PropertyValueSpecification","valueRequired":true,"valueName":"search_term_string"}}],"inLanguage":"hu"},{"@type":"Organization","@id":"https:\/\/egyuttfejlodunk.hu\/#organization","name":"Egy\u00fctt fejl\u0151d\u00fcnk","url":"https:\/\/egyuttfejlodunk.hu\/","logo":{"@type":"ImageObject","inLanguage":"hu","@id":"https:\/\/egyuttfejlodunk.hu\/#\/schema\/logo\/image\/","url":"https:\/\/egyuttfejlodunk.hu\/wp-content\/uploads\/2026\/04\/ujlogo.jpg","contentUrl":"https:\/\/egyuttfejlodunk.hu\/wp-content\/uploads\/2026\/04\/ujlogo.jpg","width":350,"height":110,"caption":"Egy\u00fctt fejl\u0151d\u00fcnk"},"image":{"@id":"https:\/\/egyuttfejlodunk.hu\/#\/schema\/logo\/image\/"}},{"@type":"Person","@id":"https:\/\/egyuttfejlodunk.hu\/#\/schema\/person\/94cc2e6bf0b14e6d5de3d603885ed8c5","name":"T\u00f3th Ferenc"}]}},"_links":{"self":[{"href":"https:\/\/egyuttfejlodunk.hu\/index.php?rest_route=\/wp\/v2\/posts\/12099","targetHints":{"allow":["GET"]}}],"collection":[{"href":"https:\/\/egyuttfejlodunk.hu\/index.php?rest_route=\/wp\/v2\/posts"}],"about":[{"href":"https:\/\/egyuttfejlodunk.hu\/index.php?rest_route=\/wp\/v2\/types\/post"}],"author":[{"embeddable":true,"href":"https:\/\/egyuttfejlodunk.hu\/index.php?rest_route=\/wp\/v2\/users\/30"}],"replies":[{"embeddable":true,"href":"https:\/\/egyuttfejlodunk.hu\/index.php?rest_route=%2Fwp%2Fv2%2Fcomments&post=12099"}],"version-history":[{"count":1,"href":"https:\/\/egyuttfejlodunk.hu\/index.php?rest_route=\/wp\/v2\/posts\/12099\/revisions"}],"predecessor-version":[{"id":12100,"href":"https:\/\/egyuttfejlodunk.hu\/index.php?rest_route=\/wp\/v2\/posts\/12099\/revisions\/12100"}],"wp:featuredmedia":[{"embeddable":true,"href":"https:\/\/egyuttfejlodunk.hu\/index.php?rest_route=\/wp\/v2\/media\/12097"}],"wp:attachment":[{"href":"https:\/\/egyuttfejlodunk.hu\/index.php?rest_route=%2Fwp%2Fv2%2Fmedia&parent=12099"}],"wp:term":[{"taxonomy":"category","embeddable":true,"href":"https:\/\/egyuttfejlodunk.hu\/index.php?rest_route=%2Fwp%2Fv2%2Fcategories&post=12099"},{"taxonomy":"post_tag","embeddable":true,"href":"https:\/\/egyuttfejlodunk.hu\/index.php?rest_route=%2Fwp%2Fv2%2Ftags&post=12099"},{"taxonomy":"megye","embeddable":true,"href":"https:\/\/egyuttfejlodunk.hu\/index.php?rest_route=%2Fwp%2Fv2%2Fmegye&post=12099"}],"curies":[{"name":"wp","href":"https:\/\/api.w.org\/{rel}","templated":true}]}}