{"id":12118,"date":"2026-08-14T11:15:28","date_gmt":"2026-08-14T09:15:28","guid":{"rendered":"https:\/\/egyuttfejlodunk.hu\/?p=12118"},"modified":"2026-08-28T12:53:55","modified_gmt":"2026-08-28T10:53:55","slug":"korszerubb-iskola-es-hivatal-a-mindennapok-szolgalataban","status":"publish","type":"post","link":"https:\/\/egyuttfejlodunk.hu\/?p=12118","title":{"rendered":"Korszer\u0171bb iskola \u00e9s hivatal a mindennapok szolg\u00e1lat\u00e1ban"},"content":{"rendered":"<p><strong>Egy-egy telep\u00fcl\u00e9s mindennapi \u00e9let\u00e9nek meghat\u00e1roz\u00f3 helysz\u00edne az iskola \u00e9s az \u00f6nkorm\u00e1nyzat \u00e9p\u00fclete, a lak\u00f3k z\u00f6me el\u0151bb-ut\u00f3bb valamilyen c\u00e9lb\u00f3l \u00e9s szerepben megfordul ezeken az int\u00e9zm\u00e9nyekben. Nem mindegy teh\u00e1t, milyen k\u00f6rnyezet fogadja az ott dolgoz\u00f3kat, a tanul\u00f3kat, a pedag\u00f3gusokat vagy \u00e9pp az \u00fcgyeket int\u00e9z\u0151 \u00e1llampolg\u00e1rokat. <\/strong><\/p>\n<p>K\u00e9thely k\u00f6zs\u00e9gben a K\u00f6z\u00f6s \u00d6nkorm\u00e1nyzati Hivatal \u00e9s a Sz\u00e9chenyi Istv\u00e1n \u00c1ltal\u00e1nos Iskola energetikai korszer\u0171s\u00edt\u00e9se az\u00e9rt v\u00e1lt \u00e9get\u0151en sz\u00fcks\u00e9gess\u00e9, mert az \u00e9p\u00fcletek m\u00e1r nem feleltek meg a hat\u00e1lyos energetikai el\u0151\u00edr\u00e1soknak. Az uni\u00f3s t\u00e1mogat\u00e1ssal megval\u00f3s\u00edtott korszer\u0171s\u00edt\u00e9s a k\u00e9nyelmesebb, fenntarthat\u00f3bb \u00e9s gazdas\u00e1gosabban m\u0171k\u00f6dtethet\u0151 k\u00f6z\u00e9p\u00fcletek megteremt\u00e9s\u00e9t szolg\u00e1lta.<\/p>\n<p>A beruh\u00e1z\u00e1s sor\u00e1n az \u00e9p\u00fcletek \u00e1tfog\u00f3 energetikai meg\u00fajul\u00e1son estek \u00e1t, hogy el\u00e9rj\u00e9k a \u201eCC\u201d energetikai min\u0151s\u00edt\u00e9st. H\u0151szigetel\u00e9st kaptak a k\u00fcls\u0151 falak, a l\u00e1bazatok \u00e9s a padl\u00e1sf\u00f6d\u00e9mek, az iskol\u00e1ban pedig elk\u00e9sz\u00fclt a lapostet\u0151s \u00e9p\u00fcletr\u00e9sz szigetel\u00e9se is. A r\u00e9gi, elavult ny\u00edl\u00e1sz\u00e1r\u00f3kat modern ablakok \u00e9s ajt\u00f3k v\u00e1ltott\u00e1k fel, amelyek m\u00e9rs\u00e9klik a h\u0151vesztes\u00e9get.<\/p>\n<p>A napelemes \u00e9s a meg\u00fajult h\u0151lead\u00f3 rendszerek, illetve a h\u0151szivatty\u00fas megold\u00e1sok \u00e9s cs\u00f6kkentett\u00e9k a fosszilis energia haszn\u00e1lat\u00e1t, mik\u00f6zben takar\u00e9kosabb \u00e9s k\u00f6rnyezettudatosabb m\u0171k\u00f6d\u00e9st tesznek lehet\u0151v\u00e9.<\/p>\n<p>Az iskola eset\u00e9ben a projekt tov\u00e1bbi biztons\u00e1gi \u00e9s m\u0171szaki el\u0151rel\u00e9p\u00e9st is hozott. Kicser\u00e9lt\u00e9k sa tornaterem kor\u00e1bbi hull\u00e1mpala fed\u00e9s\u00e9t, az azbeszttartalm\u00fa anyagokat pedig szakszer\u0171en \u00e1rtalmatlan\u00edtott\u00e1k. Emellett az es\u00e9lyegyenl\u0151s\u00e9g jegy\u00e9ben akad\u00e1lymentes WC-helyis\u00e9gek is k\u00e9sz\u00fcltek.<\/p>\n<p>A fel\u00faj\u00edt\u00e1s a h\u00e9tk\u00f6znapokban v\u00e1lik igaz\u00e1n \u00e9rz\u00e9kelhet\u0151v\u00e9 \u00e9s \u00e9rt\u00e9kelhet\u0151v\u00e9, hiszen az \u00e9p\u00fcletek komfortj\u00e1nak n\u00f6veked\u00e9se mellett a rezsi cs\u00f6kken\u00e9se sem elhanyagolhat\u00f3 t\u00e9nyez\u0151 a telep\u00fcl\u00e9s m\u0171k\u00f6dtet\u00e9se szempontj\u00e1b\u00f3l.<\/p>\n<p><img fetchpriority=\"high\" decoding=\"async\" class=\"aligncenter wp-image-12120 size-full\" src=\"https:\/\/egyuttfejlodunk.hu\/wp-content\/uploads\/2026\/08\/TOP-3.2.1-16-SO1-2017-00027Kethely-kozseg-kozepuleteinek-energetikai-korszerusitese-640x427-1.jpg\" alt=\"\" width=\"640\" height=\"427\" srcset=\"https:\/\/egyuttfejlodunk.hu\/wp-content\/uploads\/2026\/08\/TOP-3.2.1-16-SO1-2017-00027Kethely-kozseg-kozepuleteinek-energetikai-korszerusitese-640x427-1.jpg 640w, https:\/\/egyuttfejlodunk.hu\/wp-content\/uploads\/2026\/08\/TOP-3.2.1-16-SO1-2017-00027Kethely-kozseg-kozepuleteinek-energetikai-korszerusitese-640x427-1-320x214.jpg 320w, https:\/\/egyuttfejlodunk.hu\/wp-content\/uploads\/2026\/08\/TOP-3.2.1-16-SO1-2017-00027Kethely-kozseg-kozepuleteinek-energetikai-korszerusitese-640x427-1-330x220.jpg 330w\" sizes=\"(max-width: 640px) 100vw, 640px\" \/><\/p>\n<p>A program a TOP-3.2.1-16-SO1-2017-00027 projekt keret\u00e9ben, eur\u00f3pai uni\u00f3s forr\u00e1s bevon\u00e1s\u00e1val val\u00f3sult meg.<\/p>\n<p>Tov\u00e1bbi r\u00e9szletek a t\u00e1mogatott projekt keres\u0151ben:<a class=\"tovabb\" href=\"https:\/\/www.palyazat.gov.hu\/eredmenyek\/tamogatott-projektek\/1670080201\" target=\"_blank\" rel=\"noopener\">Tov\u00e1bb<\/a><\/p>\n","protected":false},"excerpt":{"rendered":"<p>Egy-egy telep\u00fcl\u00e9s mindennapi \u00e9let\u00e9nek meghat\u00e1roz\u00f3 helysz\u00edne az iskola \u00e9s az \u00f6nkorm\u00e1nyzat \u00e9p\u00fclete, a lak\u00f3k z\u00f6me el\u0151bb-ut\u00f3bb valamilyen c\u00e9lb\u00f3l \u00e9s szerepben megfordul ezeken az int\u00e9zm\u00e9nyekben. Nem mindegy teh\u00e1t, milyen k\u00f6rnyezet fogadja az ott dolgoz\u00f3kat, a tanul\u00f3kat, a pedag\u00f3gusokat vagy \u00e9pp az \u00fcgyeket int\u00e9z\u0151 \u00e1llampolg\u00e1rokat. K\u00e9thely k\u00f6zs\u00e9gben a K\u00f6z\u00f6s \u00d6nkorm\u00e1nyzati Hivatal \u00e9s a Sz\u00e9chenyi Istv\u00e1n \u00c1ltal\u00e1nos Iskola energetikai korszer\u0171s\u00edt\u00e9se az\u00e9rt v\u00e1lt \u00e9get\u0151en sz\u00fcks\u00e9gess\u00e9, mert az \u00e9p\u00fcletek m\u00e1r nem feleltek meg a hat\u00e1lyos energetikai el\u0151\u00edr\u00e1soknak. Az uni\u00f3s t\u00e1mogat\u00e1ssal&#8230;<\/p>\n","protected":false},"author":30,"featured_media":12119,"comment_status":"closed","ping_status":"closed","sticky":false,"template":"","format":"standard","meta":{"_acf_changed":false,"ngg_post_thumbnail":0,"footnotes":""},"categories":[173],"tags":[431,316],"megye":[1129],"class_list":["post-12118","post","type-post","status-publish","format-standard","has-post-thumbnail","hentry","category-top-hu","tag-energiahatekonysag","tag-telepulesfejlesztes","megye-somogy-megye"],"acf":[],"yoast_head":"<!-- This site is optimized with the Yoast SEO Premium plugin v28.4 (Yoast SEO v28.4) - https:\/\/yoast.com\/product\/yoast-seo-premium-wordpress\/ -->\n<title>Korszer\u0171bb iskola \u00e9s hivatal a mindennapok szolg\u00e1lat\u00e1ban - Egy\u00fctt fejl\u0151d\u00fcnk<\/title>\n<meta name=\"robots\" content=\"noindex, follow, max-snippet:-1, max-image-preview:large, max-video-preview:-1\" \/>\n<meta property=\"og:locale\" content=\"hu_HU\" \/>\n<meta property=\"og:type\" content=\"article\" \/>\n<meta property=\"og:title\" content=\"Korszer\u0171bb iskola \u00e9s hivatal a mindennapok szolg\u00e1lat\u00e1ban\" \/>\n<meta property=\"og:description\" content=\"Egy-egy telep\u00fcl\u00e9s mindennapi \u00e9let\u00e9nek meghat\u00e1roz\u00f3 helysz\u00edne az iskola \u00e9s az \u00f6nkorm\u00e1nyzat \u00e9p\u00fclete, a lak\u00f3k z\u00f6me el\u0151bb-ut\u00f3bb valamilyen c\u00e9lb\u00f3l \u00e9s szerepben megfordul ezeken az int\u00e9zm\u00e9nyekben. Nem mindegy teh\u00e1t, milyen k\u00f6rnyezet fogadja az ott dolgoz\u00f3kat, a tanul\u00f3kat, a pedag\u00f3gusokat vagy \u00e9pp az \u00fcgyeket int\u00e9z\u0151 \u00e1llampolg\u00e1rokat. K\u00e9thely k\u00f6zs\u00e9gben a K\u00f6z\u00f6s \u00d6nkorm\u00e1nyzati Hivatal \u00e9s a Sz\u00e9chenyi Istv\u00e1n \u00c1ltal\u00e1nos Iskola energetikai korszer\u0171s\u00edt\u00e9se az\u00e9rt v\u00e1lt \u00e9get\u0151en sz\u00fcks\u00e9gess\u00e9, mert az \u00e9p\u00fcletek m\u00e1r nem feleltek meg a hat\u00e1lyos energetikai el\u0151\u00edr\u00e1soknak. Az uni\u00f3s t\u00e1mogat\u00e1ssal...\" \/>\n<meta property=\"og:url\" content=\"https:\/\/egyuttfejlodunk.hu\/?p=12118\" \/>\n<meta property=\"og:site_name\" content=\"Egy\u00fctt fejl\u0151d\u00fcnk\" \/>\n<meta property=\"article:published_time\" content=\"2026-08-14T09:15:28+00:00\" \/>\n<meta property=\"article:modified_time\" content=\"2026-08-28T10:53:55+00:00\" \/>\n<meta property=\"og:image\" content=\"https:\/\/egyuttfejlodunk.hu\/wp-content\/uploads\/2026\/08\/TOP-3.2.1-16-SO1-2017-00027Kethely-kozseg-kozepuleteinek-energetikai-korszerusitese2.jpg\" \/>\n\t<meta property=\"og:image:width\" content=\"1920\" \/>\n\t<meta property=\"og:image:height\" content=\"944\" \/>\n\t<meta property=\"og:image:type\" content=\"image\/jpeg\" \/>\n<meta name=\"author\" content=\"T\u00f3th Ferenc\" \/>\n<meta name=\"twitter:card\" content=\"summary_large_image\" \/>\n<meta name=\"twitter:label1\" content=\"Szerz\u0151:\" \/>\n\t<meta name=\"twitter:data1\" content=\"T\u00f3th Ferenc\" \/>\n\t<meta name=\"twitter:label2\" content=\"Becs\u00fclt olvas\u00e1si id\u0151\" \/>\n\t<meta name=\"twitter:data2\" content=\"2 perc\" \/>\n<script type=\"application\/ld+json\" class=\"yoast-schema-graph\">{\"@context\":\"https:\\\/\\\/schema.org\",\"@graph\":[{\"@type\":\"Article\",\"@id\":\"https:\\\/\\\/egyuttfejlodunk.hu\\\/?p=12118#article\",\"isPartOf\":{\"@id\":\"https:\\\/\\\/egyuttfejlodunk.hu\\\/?p=12118\"},\"author\":{\"name\":\"T\u00f3th Ferenc\",\"@id\":\"https:\\\/\\\/egyuttfejlodunk.hu\\\/#\\\/schema\\\/person\\\/94cc2e6bf0b14e6d5de3d603885ed8c5\"},\"headline\":\"Korszer\u0171bb iskola \u00e9s hivatal a mindennapok szolg\u00e1lat\u00e1ban\",\"datePublished\":\"2026-08-14T09:15:28+00:00\",\"dateModified\":\"2026-08-28T10:53:55+00:00\",\"mainEntityOfPage\":{\"@id\":\"https:\\\/\\\/egyuttfejlodunk.hu\\\/?p=12118\"},\"wordCount\":426,\"publisher\":{\"@id\":\"https:\\\/\\\/egyuttfejlodunk.hu\\\/#organization\"},\"image\":{\"@id\":\"https:\\\/\\\/egyuttfejlodunk.hu\\\/?p=12118#primaryimage\"},\"thumbnailUrl\":\"https:\\\/\\\/egyuttfejlodunk.hu\\\/wp-content\\\/uploads\\\/2026\\\/08\\\/TOP-3.2.1-16-SO1-2017-00027Kethely-kozseg-kozepuleteinek-energetikai-korszerusitese2.jpg\",\"keywords\":[\"energiahat\u00e9konys\u00e1g\",\"Telep\u00fcl\u00e9sfejleszt\u00e9s\"],\"articleSection\":[\"Top\"],\"inLanguage\":\"hu\"},{\"@type\":\"WebPage\",\"@id\":\"https:\\\/\\\/egyuttfejlodunk.hu\\\/?p=12118\",\"url\":\"https:\\\/\\\/egyuttfejlodunk.hu\\\/?p=12118\",\"name\":\"Korszer\u0171bb iskola \u00e9s hivatal a mindennapok szolg\u00e1lat\u00e1ban - Egy\u00fctt fejl\u0151d\u00fcnk\",\"isPartOf\":{\"@id\":\"https:\\\/\\\/egyuttfejlodunk.hu\\\/#website\"},\"primaryImageOfPage\":{\"@id\":\"https:\\\/\\\/egyuttfejlodunk.hu\\\/?p=12118#primaryimage\"},\"image\":{\"@id\":\"https:\\\/\\\/egyuttfejlodunk.hu\\\/?p=12118#primaryimage\"},\"thumbnailUrl\":\"https:\\\/\\\/egyuttfejlodunk.hu\\\/wp-content\\\/uploads\\\/2026\\\/08\\\/TOP-3.2.1-16-SO1-2017-00027Kethely-kozseg-kozepuleteinek-energetikai-korszerusitese2.jpg\",\"datePublished\":\"2026-08-14T09:15:28+00:00\",\"dateModified\":\"2026-08-28T10:53:55+00:00\",\"breadcrumb\":{\"@id\":\"https:\\\/\\\/egyuttfejlodunk.hu\\\/?p=12118#breadcrumb\"},\"inLanguage\":\"hu\",\"potentialAction\":[{\"@type\":\"ReadAction\",\"target\":[\"https:\\\/\\\/egyuttfejlodunk.hu\\\/?p=12118\"]}]},{\"@type\":\"ImageObject\",\"inLanguage\":\"hu\",\"@id\":\"https:\\\/\\\/egyuttfejlodunk.hu\\\/?p=12118#primaryimage\",\"url\":\"https:\\\/\\\/egyuttfejlodunk.hu\\\/wp-content\\\/uploads\\\/2026\\\/08\\\/TOP-3.2.1-16-SO1-2017-00027Kethely-kozseg-kozepuleteinek-energetikai-korszerusitese2.jpg\",\"contentUrl\":\"https:\\\/\\\/egyuttfejlodunk.hu\\\/wp-content\\\/uploads\\\/2026\\\/08\\\/TOP-3.2.1-16-SO1-2017-00027Kethely-kozseg-kozepuleteinek-energetikai-korszerusitese2.jpg\",\"width\":1920,\"height\":944},{\"@type\":\"BreadcrumbList\",\"@id\":\"https:\\\/\\\/egyuttfejlodunk.hu\\\/?p=12118#breadcrumb\",\"itemListElement\":[{\"@type\":\"ListItem\",\"position\":1,\"name\":\"Home\",\"item\":\"https:\\\/\\\/egyuttfejlodunk.hu\\\/\"},{\"@type\":\"ListItem\",\"position\":2,\"name\":\"Korszer\u0171bb iskola \u00e9s hivatal a mindennapok szolg\u00e1lat\u00e1ban\"}]},{\"@type\":\"WebSite\",\"@id\":\"https:\\\/\\\/egyuttfejlodunk.hu\\\/#website\",\"url\":\"https:\\\/\\\/egyuttfejlodunk.hu\\\/\",\"name\":\"Egy\u00fctt fejl\u0151d\u00fcnk\",\"description\":\"\",\"publisher\":{\"@id\":\"https:\\\/\\\/egyuttfejlodunk.hu\\\/#organization\"},\"potentialAction\":[{\"@type\":\"SearchAction\",\"target\":{\"@type\":\"EntryPoint\",\"urlTemplate\":\"https:\\\/\\\/egyuttfejlodunk.hu\\\/?s={search_term_string}\"},\"query-input\":{\"@type\":\"PropertyValueSpecification\",\"valueRequired\":true,\"valueName\":\"search_term_string\"}}],\"inLanguage\":\"hu\"},{\"@type\":\"Organization\",\"@id\":\"https:\\\/\\\/egyuttfejlodunk.hu\\\/#organization\",\"name\":\"Egy\u00fctt fejl\u0151d\u00fcnk\",\"url\":\"https:\\\/\\\/egyuttfejlodunk.hu\\\/\",\"logo\":{\"@type\":\"ImageObject\",\"inLanguage\":\"hu\",\"@id\":\"https:\\\/\\\/egyuttfejlodunk.hu\\\/#\\\/schema\\\/logo\\\/image\\\/\",\"url\":\"https:\\\/\\\/egyuttfejlodunk.hu\\\/wp-content\\\/uploads\\\/2026\\\/04\\\/ujlogo.jpg\",\"contentUrl\":\"https:\\\/\\\/egyuttfejlodunk.hu\\\/wp-content\\\/uploads\\\/2026\\\/04\\\/ujlogo.jpg\",\"width\":350,\"height\":110,\"caption\":\"Egy\u00fctt fejl\u0151d\u00fcnk\"},\"image\":{\"@id\":\"https:\\\/\\\/egyuttfejlodunk.hu\\\/#\\\/schema\\\/logo\\\/image\\\/\"}},{\"@type\":\"Person\",\"@id\":\"https:\\\/\\\/egyuttfejlodunk.hu\\\/#\\\/schema\\\/person\\\/94cc2e6bf0b14e6d5de3d603885ed8c5\",\"name\":\"T\u00f3th Ferenc\"}]}<\/script>\n<!-- \/ Yoast SEO Premium plugin. -->","yoast_head_json":{"title":"Korszer\u0171bb iskola \u00e9s hivatal a mindennapok szolg\u00e1lat\u00e1ban - Egy\u00fctt fejl\u0151d\u00fcnk","robots":{"index":"noindex","follow":"follow","max-snippet":"max-snippet:-1","max-image-preview":"max-image-preview:large","max-video-preview":"max-video-preview:-1"},"og_locale":"hu_HU","og_type":"article","og_title":"Korszer\u0171bb iskola \u00e9s hivatal a mindennapok szolg\u00e1lat\u00e1ban","og_description":"Egy-egy telep\u00fcl\u00e9s mindennapi \u00e9let\u00e9nek meghat\u00e1roz\u00f3 helysz\u00edne az iskola \u00e9s az \u00f6nkorm\u00e1nyzat \u00e9p\u00fclete, a lak\u00f3k z\u00f6me el\u0151bb-ut\u00f3bb valamilyen c\u00e9lb\u00f3l \u00e9s szerepben megfordul ezeken az int\u00e9zm\u00e9nyekben. Nem mindegy teh\u00e1t, milyen k\u00f6rnyezet fogadja az ott dolgoz\u00f3kat, a tanul\u00f3kat, a pedag\u00f3gusokat vagy \u00e9pp az \u00fcgyeket int\u00e9z\u0151 \u00e1llampolg\u00e1rokat. K\u00e9thely k\u00f6zs\u00e9gben a K\u00f6z\u00f6s \u00d6nkorm\u00e1nyzati Hivatal \u00e9s a Sz\u00e9chenyi Istv\u00e1n \u00c1ltal\u00e1nos Iskola energetikai korszer\u0171s\u00edt\u00e9se az\u00e9rt v\u00e1lt \u00e9get\u0151en sz\u00fcks\u00e9gess\u00e9, mert az \u00e9p\u00fcletek m\u00e1r nem feleltek meg a hat\u00e1lyos energetikai el\u0151\u00edr\u00e1soknak. Az uni\u00f3s t\u00e1mogat\u00e1ssal...","og_url":"https:\/\/egyuttfejlodunk.hu\/?p=12118","og_site_name":"Egy\u00fctt fejl\u0151d\u00fcnk","article_published_time":"2026-08-14T09:15:28+00:00","article_modified_time":"2026-08-28T10:53:55+00:00","og_image":[{"width":1920,"height":944,"url":"https:\/\/egyuttfejlodunk.hu\/wp-content\/uploads\/2026\/08\/TOP-3.2.1-16-SO1-2017-00027Kethely-kozseg-kozepuleteinek-energetikai-korszerusitese2.jpg","type":"image\/jpeg"}],"author":"T\u00f3th Ferenc","twitter_card":"summary_large_image","twitter_misc":{"Szerz\u0151:":"T\u00f3th Ferenc","Becs\u00fclt olvas\u00e1si id\u0151":"2 perc"},"schema":{"@context":"https:\/\/schema.org","@graph":[{"@type":"Article","@id":"https:\/\/egyuttfejlodunk.hu\/?p=12118#article","isPartOf":{"@id":"https:\/\/egyuttfejlodunk.hu\/?p=12118"},"author":{"name":"T\u00f3th Ferenc","@id":"https:\/\/egyuttfejlodunk.hu\/#\/schema\/person\/94cc2e6bf0b14e6d5de3d603885ed8c5"},"headline":"Korszer\u0171bb iskola \u00e9s hivatal a mindennapok szolg\u00e1lat\u00e1ban","datePublished":"2026-08-14T09:15:28+00:00","dateModified":"2026-08-28T10:53:55+00:00","mainEntityOfPage":{"@id":"https:\/\/egyuttfejlodunk.hu\/?p=12118"},"wordCount":426,"publisher":{"@id":"https:\/\/egyuttfejlodunk.hu\/#organization"},"image":{"@id":"https:\/\/egyuttfejlodunk.hu\/?p=12118#primaryimage"},"thumbnailUrl":"https:\/\/egyuttfejlodunk.hu\/wp-content\/uploads\/2026\/08\/TOP-3.2.1-16-SO1-2017-00027Kethely-kozseg-kozepuleteinek-energetikai-korszerusitese2.jpg","keywords":["energiahat\u00e9konys\u00e1g","Telep\u00fcl\u00e9sfejleszt\u00e9s"],"articleSection":["Top"],"inLanguage":"hu"},{"@type":"WebPage","@id":"https:\/\/egyuttfejlodunk.hu\/?p=12118","url":"https:\/\/egyuttfejlodunk.hu\/?p=12118","name":"Korszer\u0171bb iskola \u00e9s hivatal a mindennapok szolg\u00e1lat\u00e1ban - Egy\u00fctt fejl\u0151d\u00fcnk","isPartOf":{"@id":"https:\/\/egyuttfejlodunk.hu\/#website"},"primaryImageOfPage":{"@id":"https:\/\/egyuttfejlodunk.hu\/?p=12118#primaryimage"},"image":{"@id":"https:\/\/egyuttfejlodunk.hu\/?p=12118#primaryimage"},"thumbnailUrl":"https:\/\/egyuttfejlodunk.hu\/wp-content\/uploads\/2026\/08\/TOP-3.2.1-16-SO1-2017-00027Kethely-kozseg-kozepuleteinek-energetikai-korszerusitese2.jpg","datePublished":"2026-08-14T09:15:28+00:00","dateModified":"2026-08-28T10:53:55+00:00","breadcrumb":{"@id":"https:\/\/egyuttfejlodunk.hu\/?p=12118#breadcrumb"},"inLanguage":"hu","potentialAction":[{"@type":"ReadAction","target":["https:\/\/egyuttfejlodunk.hu\/?p=12118"]}]},{"@type":"ImageObject","inLanguage":"hu","@id":"https:\/\/egyuttfejlodunk.hu\/?p=12118#primaryimage","url":"https:\/\/egyuttfejlodunk.hu\/wp-content\/uploads\/2026\/08\/TOP-3.2.1-16-SO1-2017-00027Kethely-kozseg-kozepuleteinek-energetikai-korszerusitese2.jpg","contentUrl":"https:\/\/egyuttfejlodunk.hu\/wp-content\/uploads\/2026\/08\/TOP-3.2.1-16-SO1-2017-00027Kethely-kozseg-kozepuleteinek-energetikai-korszerusitese2.jpg","width":1920,"height":944},{"@type":"BreadcrumbList","@id":"https:\/\/egyuttfejlodunk.hu\/?p=12118#breadcrumb","itemListElement":[{"@type":"ListItem","position":1,"name":"Home","item":"https:\/\/egyuttfejlodunk.hu\/"},{"@type":"ListItem","position":2,"name":"Korszer\u0171bb iskola \u00e9s hivatal a mindennapok szolg\u00e1lat\u00e1ban"}]},{"@type":"WebSite","@id":"https:\/\/egyuttfejlodunk.hu\/#website","url":"https:\/\/egyuttfejlodunk.hu\/","name":"Egy\u00fctt fejl\u0151d\u00fcnk","description":"","publisher":{"@id":"https:\/\/egyuttfejlodunk.hu\/#organization"},"potentialAction":[{"@type":"SearchAction","target":{"@type":"EntryPoint","urlTemplate":"https:\/\/egyuttfejlodunk.hu\/?s={search_term_string}"},"query-input":{"@type":"PropertyValueSpecification","valueRequired":true,"valueName":"search_term_string"}}],"inLanguage":"hu"},{"@type":"Organization","@id":"https:\/\/egyuttfejlodunk.hu\/#organization","name":"Egy\u00fctt fejl\u0151d\u00fcnk","url":"https:\/\/egyuttfejlodunk.hu\/","logo":{"@type":"ImageObject","inLanguage":"hu","@id":"https:\/\/egyuttfejlodunk.hu\/#\/schema\/logo\/image\/","url":"https:\/\/egyuttfejlodunk.hu\/wp-content\/uploads\/2026\/04\/ujlogo.jpg","contentUrl":"https:\/\/egyuttfejlodunk.hu\/wp-content\/uploads\/2026\/04\/ujlogo.jpg","width":350,"height":110,"caption":"Egy\u00fctt fejl\u0151d\u00fcnk"},"image":{"@id":"https:\/\/egyuttfejlodunk.hu\/#\/schema\/logo\/image\/"}},{"@type":"Person","@id":"https:\/\/egyuttfejlodunk.hu\/#\/schema\/person\/94cc2e6bf0b14e6d5de3d603885ed8c5","name":"T\u00f3th Ferenc"}]}},"_links":{"self":[{"href":"https:\/\/egyuttfejlodunk.hu\/index.php?rest_route=\/wp\/v2\/posts\/12118","targetHints":{"allow":["GET"]}}],"collection":[{"href":"https:\/\/egyuttfejlodunk.hu\/index.php?rest_route=\/wp\/v2\/posts"}],"about":[{"href":"https:\/\/egyuttfejlodunk.hu\/index.php?rest_route=\/wp\/v2\/types\/post"}],"author":[{"embeddable":true,"href":"https:\/\/egyuttfejlodunk.hu\/index.php?rest_route=\/wp\/v2\/users\/30"}],"replies":[{"embeddable":true,"href":"https:\/\/egyuttfejlodunk.hu\/index.php?rest_route=%2Fwp%2Fv2%2Fcomments&post=12118"}],"version-history":[{"count":1,"href":"https:\/\/egyuttfejlodunk.hu\/index.php?rest_route=\/wp\/v2\/posts\/12118\/revisions"}],"predecessor-version":[{"id":12121,"href":"https:\/\/egyuttfejlodunk.hu\/index.php?rest_route=\/wp\/v2\/posts\/12118\/revisions\/12121"}],"wp:featuredmedia":[{"embeddable":true,"href":"https:\/\/egyuttfejlodunk.hu\/index.php?rest_route=\/wp\/v2\/media\/12119"}],"wp:attachment":[{"href":"https:\/\/egyuttfejlodunk.hu\/index.php?rest_route=%2Fwp%2Fv2%2Fmedia&parent=12118"}],"wp:term":[{"taxonomy":"category","embeddable":true,"href":"https:\/\/egyuttfejlodunk.hu\/index.php?rest_route=%2Fwp%2Fv2%2Fcategories&post=12118"},{"taxonomy":"post_tag","embeddable":true,"href":"https:\/\/egyuttfejlodunk.hu\/index.php?rest_route=%2Fwp%2Fv2%2Ftags&post=12118"},{"taxonomy":"megye","embeddable":true,"href":"https:\/\/egyuttfejlodunk.hu\/index.php?rest_route=%2Fwp%2Fv2%2Fmegye&post=12118"}],"curies":[{"name":"wp","href":"https:\/\/api.w.org\/{rel}","templated":true}]}}