{"id":12179,"date":"2026-08-24T09:57:50","date_gmt":"2026-08-24T07:57:50","guid":{"rendered":"https:\/\/egyuttfejlodunk.hu\/?p=12179"},"modified":"2026-08-28T12:56:54","modified_gmt":"2026-08-28T10:56:54","slug":"az-ordoglovas-kastelya-ujra-megnyitotta-kapuit","status":"publish","type":"post","link":"https:\/\/egyuttfejlodunk.hu\/?p=12179","title":{"rendered":"Az \u00d6rd\u00f6glovas kast\u00e9lya \u00fajra megnyitotta kapuit"},"content":{"rendered":"\t\t<div data-elementor-type=\"wp-post\" data-elementor-id=\"12179\" class=\"elementor elementor-12179\" data-elementor-post-type=\"post\">\n\t\t\t\t<div class=\"elementor-element elementor-element-51f0b2d6 e-flex e-con-boxed e-con e-parent\" data-id=\"51f0b2d6\" data-element_type=\"container\" data-e-type=\"container\">\n\t\t\t\t\t<div class=\"e-con-inner\">\n\t\t\t\t<div class=\"elementor-element elementor-element-67ba536f elementor-widget elementor-widget-text-editor\" data-id=\"67ba536f\" data-element_type=\"widget\" data-e-type=\"widget\" data-widget_type=\"text-editor.default\">\n\t\t\t\t\t\t\t\t\t<p><strong>K\u00fcl\u00f6nleges t\u00f6rt\u00e9nelmi alakja Magyarorsz\u00e1gnak az \u201e\u00d6rd\u00f6glovas\u201d, azaz gr\u00f3f S\u00e1ndor M\u00f3ric, akinek a neve k\u00f6r\u00e9 megannyi legenda sz\u00f6v\u0151d\u00f6tt az id\u0151k sor\u00e1n. Vakmer\u0151 lovas mutatv\u00e1nyai eg\u00e9sz Eur\u00f3pa-szerte ismertt\u00e9 tett\u00e9k, szem\u00e9lye pedig mind a mai napig \u00f6sszefon\u00f3dik a bajnai kast\u00e9llyal, amely egykor otthon\u00e1ul szolg\u00e1lt. Nem olyan r\u00e9gen \u00faj \u00e9letre kelt ezt a pazar helysz\u00edn. <\/strong><\/p><p>A Kom\u00e1rom-Esztergom megyei Bajn\u00e1n tal\u00e1lhat\u00f3 S\u00e1ndor\u2013Metternich-kast\u00e9ly uni\u00f3s t\u00e1mogat\u00e1ssal \u00e1tfog\u00f3 fel\u00faj\u00edt\u00e1son esett \u00e1t. A kiemelt jelent\u0151s\u00e9g\u0171 m\u0171eml\u00e9ki \u00e9rt\u00e9kek v\u00e9delme mellett egy olyan kultur\u00e1lis \u00e9s turisztikai k\u00f6zpont l\u00e9trehoz\u00e1sa volt a c\u00e9l, amely eg\u00e9sz \u00e9vben vonz\u00f3 \u00fatic\u00e9lt jelenthet a l\u00e1togat\u00f3k sz\u00e1m\u00e1ra.<\/p><p>A fejleszt\u00e9s a f\u0151\u00e9p\u00fclet mindk\u00e9t szintj\u00e9t \u00e9rintette. A munk\u00e1latok kiemelked\u0151 gondoss\u00e1ggal val\u00f3sultak meg, hiszen valamennyi helyis\u00e9gben neves k\u00fclf\u00f6ldi mesterek \u00e1ltal k\u00e9sz\u00edtett barokk vagy klasszicista d\u00edsz\u00edt\u0151 falfest\u00e9sek tal\u00e1lhat\u00f3ak. Ezeket restaur\u00e1lt\u00e1k \u00e9s imm\u00e1ron a nagyk\u00f6z\u00f6ns\u00e9g sz\u00e1m\u00e1ra is l\u00e1that\u00f3ak. A projekt hatalmas eredm\u00e9nye, hogy ism\u00e9t az eredeti hely\u00e9re ker\u00fclt az emeleti Raffaello-teremben a XIX. sz\u00e1zadi h\u00edres it\u00e1liai m\u0171v\u00e9sz, Alessandro Sanquirico \u00e1ltal tervezett p\u00e1ratlan sz\u00e9ps\u00e9g\u0171 mennyezeti falk\u00e9pegy\u00fcttes. Meg\u00fajultak a ny\u00edl\u00e1sz\u00e1r\u00f3k, helyre\u00e1ll\u00edtott\u00e1k a bels\u0151 terek padl\u00f3zatait, moderniz\u00e1lt\u00e1k a g\u00e9p\u00e9szeti \u00e9s elektromos rendszereket. A f\u0151\u00e9p\u00fclet f\u00f6ldszintj\u00e9n renov\u00e1lt kast\u00e9lyk\u00e1polna szint\u00e9n megny\u00edlt a l\u00e1togat\u00f3k el\u0151tt, a k\u00e1v\u00e9z\u00f3 \u00e9s az aj\u00e1nd\u00e9kbolt is egy barokk falk\u00e9pr\u00e9szletekben gazdag teremben kaptak helyet. Az int\u00e9z\u0151i udvar d\u00e9lkeleti sz\u00e1rny\u00e1t az \u00fczemi ter\u00fcletek foglalj\u00e1k el. A mell\u00e9ksz\u00e1rnyban vizesblokkokat \u00e9s egy\u00e9b kiszolg\u00e1l\u00f3 helyis\u00e9geket tal\u00e1lunk.<\/p><p>A meg\u00fajult ki\u00e1ll\u00edt\u00e1sok k\u00f6z\u00e9ppontj\u00e1ban term\u00e9szetesen maga az \u00d6rd\u00f6glovas \u00e1ll. A t\u00e1rlatok bemutatj\u00e1k Gr\u00f3f S\u00e1ndor M\u00f3ric kalandos \u00e9let\u00e9t, legend\u00e1s brav\u00farjait \u00e9s csal\u00e1dj\u00e1t. Emellett a l\u00e1togat\u00f3k betekint\u00e9st nyerhetnek a kast\u00e9ly \u00e9vsz\u00e1zadokon kereszt\u00fcl \u00e1t\u00edvel\u0151 t\u00f6rt\u00e9net\u00e9be, az \u00e9p\u00fclet helyre\u00e1ll\u00edt\u00e1s\u00e1nak kulisszatitkait is megismerhetik, s\u0151t egy kis id\u0151utaz\u00e1sra is benevezhetnek a divat vil\u00e1g\u00e1ba.<\/p><p>A modern \u00e9lm\u00e9nyelemek m\u00e9g izgalmasabb\u00e1 teszik a t\u00f6rt\u00e9nelmi k\u00f6rnyezetet, mivel digit\u00e1lis megold\u00e1sok, virtu\u00e1lis \u00e9s kiterjesztett val\u00f3s\u00e1gokra \u00e9p\u00fcl\u0151 alkalmaz\u00e1sok is seg\u00edtenek \u00e9letre kelteni a m\u00faltat. A l\u00e1togat\u00f3k korabeli jeleneteket l\u00e1thatnak, k\u00fcl\u00f6nleges t\u00f6rt\u00e9neteket fedezhetnek fel, emellett korh\u0171 kieg\u00e9sz\u00edt\u0151ket is felpr\u00f3b\u00e1lhatnak, hogy m\u00e9g k\u00f6zelebb ker\u00fcljenek a kast\u00e9ly vil\u00e1g\u00e1hoz.\u00a0<\/p><p>A kast\u00e9ly f\u0151\u00e9p\u00fclete \u00e9s a mell\u00e9ksz\u00e1rnyak \u00e1ltal k\u00f6r\u00fcl\u00f6lelt d\u00edszkert szint\u00e9n r\u00e9gi f\u00e9ny\u00e9ben ragyog, a meg\u00fajult a kast\u00e9lypark a t\u00f6rt\u00e9neti elemek meg\u0151rz\u00e9s\u00e9vel a park egykori arc\u00e1t mutatja. \u00daj s\u00e9tautak \u00e9s l\u00e1tv\u00e1nyelemek v\u00e1rj\u00e1k az \u00e9rdekl\u0151d\u0151ket, j\u00e1tsz\u00f3t\u00e9r, land art install\u00e1ci\u00f3k, fot\u00f3pontok \u00e9s pihen\u0151helyek teszi m\u00e9g \u00e9lvezetesebb\u00e9 az itt tart\u00f3zkod\u00e1st. Itt is visszak\u00f6sz\u00f6n a k\u00f6zponti tematika: a kertben kialak\u00edtott j\u00e1tsz\u00f3t\u00e9r az \u00d6rd\u00f6glovas h\u00edres lovas mutatv\u00e1nyait id\u00e9zi meg j\u00e1t\u00e9kos form\u00e1ban.<\/p><p>A kast\u00e9ly rendezv\u00e9nyhelysz\u00ednk\u00e9nt is fontos szerepet t\u00f6lt be. A reprezentat\u00edv termek alkalmasak d\u00edszvacsor\u00e1k, kamarakoncertek, esk\u00fcv\u0151k \u00e9s k\u00fcl\u00f6nb\u00f6z\u0151 mag\u00e1nrendezv\u00e9nyek befogad\u00e1s\u00e1ra, mik\u00f6zben a helysz\u00edn filmforgat\u00e1sok sz\u00e1m\u00e1ra is vonz\u00f3 lehet\u0151s\u00e9get k\u00edn\u00e1l.<\/p><p>Az \u00d6rd\u00f6glovas legend\u00e1ja pedig tov\u00e1bb \u00e9l a bajnai S\u00e1ndor\u2013Metternich-kast\u00e9lyban, m\u00e1r nem csup\u00e1n a falak k\u00f6z\u00f6tt megb\u00fajva, hanem a l\u00e1togat\u00f3k el\u0151tt \u00fajra megelevenedve.<\/p>\t\t\t\t\t\t\t\t<\/div>\n\t\t\t\t<div class=\"elementor-element elementor-element-606bf30b elementor-widget elementor-widget-gallery\" data-id=\"606bf30b\" data-element_type=\"widget\" data-e-type=\"widget\" data-settings=\"{&quot;columns&quot;:3,&quot;lazyload&quot;:&quot;yes&quot;,&quot;gallery_layout&quot;:&quot;grid&quot;,&quot;columns_tablet&quot;:2,&quot;columns_mobile&quot;:1,&quot;gap&quot;:{&quot;unit&quot;:&quot;px&quot;,&quot;size&quot;:10,&quot;sizes&quot;:[]},&quot;gap_tablet&quot;:{&quot;unit&quot;:&quot;px&quot;,&quot;size&quot;:10,&quot;sizes&quot;:[]},&quot;gap_mobile&quot;:{&quot;unit&quot;:&quot;px&quot;,&quot;size&quot;:10,&quot;sizes&quot;:[]},&quot;link_to&quot;:&quot;file&quot;,&quot;aspect_ratio&quot;:&quot;3:2&quot;,&quot;overlay_background&quot;:&quot;yes&quot;,&quot;content_hover_animation&quot;:&quot;fade-in&quot;}\" data-widget_type=\"gallery.default\">\n\t\t\t\t\t\t\t<div class=\"elementor-gallery__container\">\n\t\t\t\t\t\t\t<a class=\"e-gallery-item elementor-gallery-item elementor-animated-content\" href=\"https:\/\/egyuttfejlodunk.hu\/wp-content\/uploads\/2026\/08\/Bajnai-be15.jpg\" data-elementor-open-lightbox=\"yes\" data-elementor-lightbox-slideshow=\"606bf30b\" data-e-action-hash=\"#elementor-action%3Aaction%3Dlightbox%26settings%3DeyJpZCI6MTIxODIsInVybCI6Imh0dHBzOlwvXC9lZ3l1dHRmZWpsb2R1bmsuaHVcL3dwLWNvbnRlbnRcL3VwbG9hZHNcLzIwMjZcLzA4XC9CYWpuYWktYmUxNS5qcGciLCJzbGlkZXNob3ciOiI2MDZiZjMwYiJ9\">\n\t\t\t\t\t<div class=\"e-gallery-image elementor-gallery-item__image\" data-thumbnail=\"https:\/\/egyuttfejlodunk.hu\/wp-content\/uploads\/2026\/08\/Bajnai-be15-640x427.jpg\" data-width=\"640\" data-height=\"427\" aria-label=\"\" role=\"img\" ><\/div>\n\t\t\t\t\t\t\t\t\t\t\t<div class=\"elementor-gallery-item__overlay\"><\/div>\n\t\t\t\t\t\t\t\t\t\t\t\t\t\t<\/a>\n\t\t\t\t\t\t\t<a class=\"e-gallery-item elementor-gallery-item elementor-animated-content\" href=\"https:\/\/egyuttfejlodunk.hu\/wp-content\/uploads\/2026\/08\/Bajnai-be9_.jpg\" data-elementor-open-lightbox=\"yes\" data-elementor-lightbox-slideshow=\"606bf30b\" data-e-action-hash=\"#elementor-action%3Aaction%3Dlightbox%26settings%3DeyJpZCI6MTIxODMsInVybCI6Imh0dHBzOlwvXC9lZ3l1dHRmZWpsb2R1bmsuaHVcL3dwLWNvbnRlbnRcL3VwbG9hZHNcLzIwMjZcLzA4XC9CYWpuYWktYmU5Xy5qcGciLCJzbGlkZXNob3ciOiI2MDZiZjMwYiJ9\">\n\t\t\t\t\t<div class=\"e-gallery-image elementor-gallery-item__image\" data-thumbnail=\"https:\/\/egyuttfejlodunk.hu\/wp-content\/uploads\/2026\/08\/Bajnai-be9_-640x427.jpg\" data-width=\"640\" data-height=\"427\" aria-label=\"\" role=\"img\" ><\/div>\n\t\t\t\t\t\t\t\t\t\t\t<div class=\"elementor-gallery-item__overlay\"><\/div>\n\t\t\t\t\t\t\t\t\t\t\t\t\t\t<\/a>\n\t\t\t\t\t\t\t<a class=\"e-gallery-item elementor-gallery-item elementor-animated-content\" href=\"https:\/\/egyuttfejlodunk.hu\/wp-content\/uploads\/2026\/08\/Bajnai-be4_.jpg\" data-elementor-open-lightbox=\"yes\" data-elementor-lightbox-slideshow=\"606bf30b\" data-e-action-hash=\"#elementor-action%3Aaction%3Dlightbox%26settings%3DeyJpZCI6MTIxODQsInVybCI6Imh0dHBzOlwvXC9lZ3l1dHRmZWpsb2R1bmsuaHVcL3dwLWNvbnRlbnRcL3VwbG9hZHNcLzIwMjZcLzA4XC9CYWpuYWktYmU0Xy5qcGciLCJzbGlkZXNob3ciOiI2MDZiZjMwYiJ9\">\n\t\t\t\t\t<div class=\"e-gallery-image elementor-gallery-item__image\" data-thumbnail=\"https:\/\/egyuttfejlodunk.hu\/wp-content\/uploads\/2026\/08\/Bajnai-be4_-640x427.jpg\" data-width=\"640\" data-height=\"427\" aria-label=\"\" role=\"img\" ><\/div>\n\t\t\t\t\t\t\t\t\t\t\t<div class=\"elementor-gallery-item__overlay\"><\/div>\n\t\t\t\t\t\t\t\t\t\t\t\t\t\t<\/a>\n\t\t\t\t\t\t\t<a class=\"e-gallery-item elementor-gallery-item elementor-animated-content\" href=\"https:\/\/egyuttfejlodunk.hu\/wp-content\/uploads\/2026\/08\/Bajnai-be6_.jpg\" data-elementor-open-lightbox=\"yes\" data-elementor-lightbox-slideshow=\"606bf30b\" data-e-action-hash=\"#elementor-action%3Aaction%3Dlightbox%26settings%3DeyJpZCI6MTIxODUsInVybCI6Imh0dHBzOlwvXC9lZ3l1dHRmZWpsb2R1bmsuaHVcL3dwLWNvbnRlbnRcL3VwbG9hZHNcLzIwMjZcLzA4XC9CYWpuYWktYmU2Xy5qcGciLCJzbGlkZXNob3ciOiI2MDZiZjMwYiJ9\">\n\t\t\t\t\t<div class=\"e-gallery-image elementor-gallery-item__image\" data-thumbnail=\"https:\/\/egyuttfejlodunk.hu\/wp-content\/uploads\/2026\/08\/Bajnai-be6_-640x427.jpg\" data-width=\"640\" data-height=\"427\" aria-label=\"\" role=\"img\" ><\/div>\n\t\t\t\t\t\t\t\t\t\t\t<div class=\"elementor-gallery-item__overlay\"><\/div>\n\t\t\t\t\t\t\t\t\t\t\t\t\t\t<\/a>\n\t\t\t\t\t\t\t<a class=\"e-gallery-item elementor-gallery-item elementor-animated-content\" href=\"https:\/\/egyuttfejlodunk.hu\/wp-content\/uploads\/2026\/08\/Bajnai-be2_.jpg\" data-elementor-open-lightbox=\"yes\" data-elementor-lightbox-slideshow=\"606bf30b\" data-e-action-hash=\"#elementor-action%3Aaction%3Dlightbox%26settings%3DeyJpZCI6MTIxODYsInVybCI6Imh0dHBzOlwvXC9lZ3l1dHRmZWpsb2R1bmsuaHVcL3dwLWNvbnRlbnRcL3VwbG9hZHNcLzIwMjZcLzA4XC9CYWpuYWktYmUyXy5qcGciLCJzbGlkZXNob3ciOiI2MDZiZjMwYiJ9\">\n\t\t\t\t\t<div class=\"e-gallery-image elementor-gallery-item__image\" data-thumbnail=\"https:\/\/egyuttfejlodunk.hu\/wp-content\/uploads\/2026\/08\/Bajnai-be2_-640x427.jpg\" data-width=\"640\" data-height=\"427\" aria-label=\"\" role=\"img\" ><\/div>\n\t\t\t\t\t\t\t\t\t\t\t<div class=\"elementor-gallery-item__overlay\"><\/div>\n\t\t\t\t\t\t\t\t\t\t\t\t\t\t<\/a>\n\t\t\t\t\t\t\t<a class=\"e-gallery-item elementor-gallery-item elementor-animated-content\" href=\"https:\/\/egyuttfejlodunk.hu\/wp-content\/uploads\/2026\/08\/Bajna-kastely1_.jpg\" data-elementor-open-lightbox=\"yes\" data-elementor-lightbox-slideshow=\"606bf30b\" data-e-action-hash=\"#elementor-action%3Aaction%3Dlightbox%26settings%3DeyJpZCI6MTIxODcsInVybCI6Imh0dHBzOlwvXC9lZ3l1dHRmZWpsb2R1bmsuaHVcL3dwLWNvbnRlbnRcL3VwbG9hZHNcLzIwMjZcLzA4XC9CYWpuYS1rYXN0ZWx5MV8uanBnIiwic2xpZGVzaG93IjoiNjA2YmYzMGIifQ%3D%3D\">\n\t\t\t\t\t<div class=\"e-gallery-image elementor-gallery-item__image\" data-thumbnail=\"https:\/\/egyuttfejlodunk.hu\/wp-content\/uploads\/2026\/08\/Bajna-kastely1_-640x427.jpg\" data-width=\"640\" data-height=\"427\" aria-label=\"\" role=\"img\" ><\/div>\n\t\t\t\t\t\t\t\t\t\t\t<div class=\"elementor-gallery-item__overlay\"><\/div>\n\t\t\t\t\t\t\t\t\t\t\t\t\t\t<\/a>\n\t\t\t\t\t<\/div>\n\t\t\t\t\t<\/div>\n\t\t\t\t<div class=\"elementor-element elementor-element-41bb673f elementor-widget elementor-widget-text-editor\" data-id=\"41bb673f\" data-element_type=\"widget\" data-e-type=\"widget\" data-widget_type=\"text-editor.default\">\n\t\t\t\t\t\t\t\t\t<p>A program a GINOP-7.1.1-15-2015-00004 projekt keret\u00e9ben, eur\u00f3pai uni\u00f3s forr\u00e1s bevon\u00e1s\u00e1val val\u00f3sult meg.<\/p><p>Tov\u00e1bbi r\u00e9szletek a t\u00e1mogatott projekt keres\u0151ben:<a class=\"tovabb\" href=\"https:\/\/www.palyazat.gov.hu\/eredmenyek\/tamogatott-projektek\/317170201\" target=\"_blank\" rel=\"noopener\">Tov\u00e1bb<\/a><\/p><p>\u00a0<\/p>\t\t\t\t\t\t\t\t<\/div>\n\t\t\t\t\t<\/div>\n\t\t\t\t<\/div>\n\t\t\t\t<\/div>\n\t\t","protected":false},"excerpt":{"rendered":"<p>K\u00fcl\u00f6nleges t\u00f6rt\u00e9nelmi alakja Magyarorsz\u00e1gnak az \u201e\u00d6rd\u00f6glovas\u201d, azaz gr\u00f3f S\u00e1ndor M\u00f3ric, akinek a neve k\u00f6r\u00e9 megannyi legenda sz\u00f6v\u0151d\u00f6tt az id\u0151k sor\u00e1n. Vakmer\u0151 lovas mutatv\u00e1nyai eg\u00e9sz Eur\u00f3pa-szerte ismertt\u00e9 tett\u00e9k, szem\u00e9lye pedig mind a mai napig \u00f6sszefon\u00f3dik a bajnai kast\u00e9llyal, amely egykor otthon\u00e1ul szolg\u00e1lt. Nem olyan r\u00e9gen \u00faj \u00e9letre kelt ezt a pazar helysz\u00edn. A Kom\u00e1rom-Esztergom megyei Bajn\u00e1n tal\u00e1lhat\u00f3 S\u00e1ndor\u2013Metternich-kast\u00e9ly uni\u00f3s t\u00e1mogat\u00e1ssal \u00e1tfog\u00f3 fel\u00faj\u00edt\u00e1son esett \u00e1t. A kiemelt jelent\u0151s\u00e9g\u0171 m\u0171eml\u00e9ki \u00e9rt\u00e9kek v\u00e9delme mellett egy olyan kultur\u00e1lis \u00e9s turisztikai&#8230;<\/p>\n","protected":false},"author":30,"featured_media":12180,"comment_status":"closed","ping_status":"closed","sticky":false,"template":"","format":"standard","meta":{"_acf_changed":false,"ngg_post_thumbnail":0,"footnotes":""},"categories":[157],"tags":[648,419],"megye":[1126],"class_list":["post-12179","post","type-post","status-publish","format-standard","has-post-thumbnail","hentry","category-ginop-hu","tag-muemlekvedelem","tag-turisztikai-fejlesztes","megye-komarom-esztergom-megye"],"acf":[],"yoast_head":"<!-- This site is optimized with the Yoast SEO Premium plugin v28.4 (Yoast SEO v28.4) - https:\/\/yoast.com\/product\/yoast-seo-premium-wordpress\/ -->\n<title>Az \u00d6rd\u00f6glovas kast\u00e9lya \u00fajra megnyitotta kapuit - Egy\u00fctt fejl\u0151d\u00fcnk<\/title>\n<meta name=\"robots\" content=\"noindex, follow, max-snippet:-1, max-image-preview:large, max-video-preview:-1\" \/>\n<meta property=\"og:locale\" content=\"hu_HU\" \/>\n<meta property=\"og:type\" content=\"article\" \/>\n<meta property=\"og:title\" content=\"Az \u00d6rd\u00f6glovas kast\u00e9lya \u00fajra megnyitotta kapuit\" \/>\n<meta property=\"og:description\" content=\"K\u00fcl\u00f6nleges t\u00f6rt\u00e9nelmi alakja Magyarorsz\u00e1gnak az \u201e\u00d6rd\u00f6glovas\u201d, azaz gr\u00f3f S\u00e1ndor M\u00f3ric, akinek a neve k\u00f6r\u00e9 megannyi legenda sz\u00f6v\u0151d\u00f6tt az id\u0151k sor\u00e1n. Vakmer\u0151 lovas mutatv\u00e1nyai eg\u00e9sz Eur\u00f3pa-szerte ismertt\u00e9 tett\u00e9k, szem\u00e9lye pedig mind a mai napig \u00f6sszefon\u00f3dik a bajnai kast\u00e9llyal, amely egykor otthon\u00e1ul szolg\u00e1lt. Nem olyan r\u00e9gen \u00faj \u00e9letre kelt ezt a pazar helysz\u00edn. A Kom\u00e1rom-Esztergom megyei Bajn\u00e1n tal\u00e1lhat\u00f3 S\u00e1ndor\u2013Metternich-kast\u00e9ly uni\u00f3s t\u00e1mogat\u00e1ssal \u00e1tfog\u00f3 fel\u00faj\u00edt\u00e1son esett \u00e1t. A kiemelt jelent\u0151s\u00e9g\u0171 m\u0171eml\u00e9ki \u00e9rt\u00e9kek v\u00e9delme mellett egy olyan kultur\u00e1lis \u00e9s turisztikai...\" \/>\n<meta property=\"og:url\" content=\"https:\/\/egyuttfejlodunk.hu\/?p=12179\" \/>\n<meta property=\"og:site_name\" content=\"Egy\u00fctt fejl\u0151d\u00fcnk\" \/>\n<meta property=\"article:published_time\" content=\"2026-08-24T07:57:50+00:00\" \/>\n<meta property=\"article:modified_time\" content=\"2026-08-28T10:56:54+00:00\" \/>\n<meta property=\"og:image\" content=\"https:\/\/egyuttfejlodunk.hu\/wp-content\/uploads\/2026\/08\/Bajna-kastely2_.jpg\" \/>\n\t<meta property=\"og:image:width\" content=\"1920\" \/>\n\t<meta property=\"og:image:height\" content=\"1115\" \/>\n\t<meta property=\"og:image:type\" content=\"image\/jpeg\" \/>\n<meta name=\"author\" content=\"T\u00f3th Ferenc\" \/>\n<meta name=\"twitter:card\" content=\"summary_large_image\" \/>\n<meta name=\"twitter:label1\" content=\"Szerz\u0151:\" \/>\n\t<meta name=\"twitter:data1\" content=\"T\u00f3th Ferenc\" \/>\n\t<meta name=\"twitter:label2\" content=\"Becs\u00fclt olvas\u00e1si id\u0151\" \/>\n\t<meta name=\"twitter:data2\" content=\"3 perc\" \/>\n<script type=\"application\/ld+json\" class=\"yoast-schema-graph\">{\"@context\":\"https:\\\/\\\/schema.org\",\"@graph\":[{\"@type\":\"Article\",\"@id\":\"https:\\\/\\\/egyuttfejlodunk.hu\\\/?p=12179#article\",\"isPartOf\":{\"@id\":\"https:\\\/\\\/egyuttfejlodunk.hu\\\/?p=12179\"},\"author\":{\"name\":\"T\u00f3th Ferenc\",\"@id\":\"https:\\\/\\\/egyuttfejlodunk.hu\\\/#\\\/schema\\\/person\\\/94cc2e6bf0b14e6d5de3d603885ed8c5\"},\"headline\":\"Az \u00d6rd\u00f6glovas kast\u00e9lya \u00fajra megnyitotta kapuit\",\"datePublished\":\"2026-08-24T07:57:50+00:00\",\"dateModified\":\"2026-08-28T10:56:54+00:00\",\"mainEntityOfPage\":{\"@id\":\"https:\\\/\\\/egyuttfejlodunk.hu\\\/?p=12179\"},\"wordCount\":761,\"publisher\":{\"@id\":\"https:\\\/\\\/egyuttfejlodunk.hu\\\/#organization\"},\"image\":{\"@id\":\"https:\\\/\\\/egyuttfejlodunk.hu\\\/?p=12179#primaryimage\"},\"thumbnailUrl\":\"https:\\\/\\\/egyuttfejlodunk.hu\\\/wp-content\\\/uploads\\\/2026\\\/08\\\/Bajna-kastely2_.jpg\",\"keywords\":[\"m\u0171eml\u00e9kv\u00e9delem\",\"turisztikai fejleszt\u00e9s\"],\"articleSection\":[\"Ginop\"],\"inLanguage\":\"hu\"},{\"@type\":\"WebPage\",\"@id\":\"https:\\\/\\\/egyuttfejlodunk.hu\\\/?p=12179\",\"url\":\"https:\\\/\\\/egyuttfejlodunk.hu\\\/?p=12179\",\"name\":\"Az \u00d6rd\u00f6glovas kast\u00e9lya \u00fajra megnyitotta kapuit - Egy\u00fctt fejl\u0151d\u00fcnk\",\"isPartOf\":{\"@id\":\"https:\\\/\\\/egyuttfejlodunk.hu\\\/#website\"},\"primaryImageOfPage\":{\"@id\":\"https:\\\/\\\/egyuttfejlodunk.hu\\\/?p=12179#primaryimage\"},\"image\":{\"@id\":\"https:\\\/\\\/egyuttfejlodunk.hu\\\/?p=12179#primaryimage\"},\"thumbnailUrl\":\"https:\\\/\\\/egyuttfejlodunk.hu\\\/wp-content\\\/uploads\\\/2026\\\/08\\\/Bajna-kastely2_.jpg\",\"datePublished\":\"2026-08-24T07:57:50+00:00\",\"dateModified\":\"2026-08-28T10:56:54+00:00\",\"breadcrumb\":{\"@id\":\"https:\\\/\\\/egyuttfejlodunk.hu\\\/?p=12179#breadcrumb\"},\"inLanguage\":\"hu\",\"potentialAction\":[{\"@type\":\"ReadAction\",\"target\":[\"https:\\\/\\\/egyuttfejlodunk.hu\\\/?p=12179\"]}]},{\"@type\":\"ImageObject\",\"inLanguage\":\"hu\",\"@id\":\"https:\\\/\\\/egyuttfejlodunk.hu\\\/?p=12179#primaryimage\",\"url\":\"https:\\\/\\\/egyuttfejlodunk.hu\\\/wp-content\\\/uploads\\\/2026\\\/08\\\/Bajna-kastely2_.jpg\",\"contentUrl\":\"https:\\\/\\\/egyuttfejlodunk.hu\\\/wp-content\\\/uploads\\\/2026\\\/08\\\/Bajna-kastely2_.jpg\",\"width\":1920,\"height\":1115},{\"@type\":\"BreadcrumbList\",\"@id\":\"https:\\\/\\\/egyuttfejlodunk.hu\\\/?p=12179#breadcrumb\",\"itemListElement\":[{\"@type\":\"ListItem\",\"position\":1,\"name\":\"Home\",\"item\":\"https:\\\/\\\/egyuttfejlodunk.hu\\\/\"},{\"@type\":\"ListItem\",\"position\":2,\"name\":\"Az \u00d6rd\u00f6glovas kast\u00e9lya \u00fajra megnyitotta kapuit\"}]},{\"@type\":\"WebSite\",\"@id\":\"https:\\\/\\\/egyuttfejlodunk.hu\\\/#website\",\"url\":\"https:\\\/\\\/egyuttfejlodunk.hu\\\/\",\"name\":\"Egy\u00fctt fejl\u0151d\u00fcnk\",\"description\":\"\",\"publisher\":{\"@id\":\"https:\\\/\\\/egyuttfejlodunk.hu\\\/#organization\"},\"potentialAction\":[{\"@type\":\"SearchAction\",\"target\":{\"@type\":\"EntryPoint\",\"urlTemplate\":\"https:\\\/\\\/egyuttfejlodunk.hu\\\/?s={search_term_string}\"},\"query-input\":{\"@type\":\"PropertyValueSpecification\",\"valueRequired\":true,\"valueName\":\"search_term_string\"}}],\"inLanguage\":\"hu\"},{\"@type\":\"Organization\",\"@id\":\"https:\\\/\\\/egyuttfejlodunk.hu\\\/#organization\",\"name\":\"Egy\u00fctt fejl\u0151d\u00fcnk\",\"url\":\"https:\\\/\\\/egyuttfejlodunk.hu\\\/\",\"logo\":{\"@type\":\"ImageObject\",\"inLanguage\":\"hu\",\"@id\":\"https:\\\/\\\/egyuttfejlodunk.hu\\\/#\\\/schema\\\/logo\\\/image\\\/\",\"url\":\"https:\\\/\\\/egyuttfejlodunk.hu\\\/wp-content\\\/uploads\\\/2026\\\/04\\\/ujlogo.jpg\",\"contentUrl\":\"https:\\\/\\\/egyuttfejlodunk.hu\\\/wp-content\\\/uploads\\\/2026\\\/04\\\/ujlogo.jpg\",\"width\":350,\"height\":110,\"caption\":\"Egy\u00fctt fejl\u0151d\u00fcnk\"},\"image\":{\"@id\":\"https:\\\/\\\/egyuttfejlodunk.hu\\\/#\\\/schema\\\/logo\\\/image\\\/\"}},{\"@type\":\"Person\",\"@id\":\"https:\\\/\\\/egyuttfejlodunk.hu\\\/#\\\/schema\\\/person\\\/94cc2e6bf0b14e6d5de3d603885ed8c5\",\"name\":\"T\u00f3th Ferenc\"}]}<\/script>\n<!-- \/ Yoast SEO Premium plugin. -->","yoast_head_json":{"title":"Az \u00d6rd\u00f6glovas kast\u00e9lya \u00fajra megnyitotta kapuit - Egy\u00fctt fejl\u0151d\u00fcnk","robots":{"index":"noindex","follow":"follow","max-snippet":"max-snippet:-1","max-image-preview":"max-image-preview:large","max-video-preview":"max-video-preview:-1"},"og_locale":"hu_HU","og_type":"article","og_title":"Az \u00d6rd\u00f6glovas kast\u00e9lya \u00fajra megnyitotta kapuit","og_description":"K\u00fcl\u00f6nleges t\u00f6rt\u00e9nelmi alakja Magyarorsz\u00e1gnak az \u201e\u00d6rd\u00f6glovas\u201d, azaz gr\u00f3f S\u00e1ndor M\u00f3ric, akinek a neve k\u00f6r\u00e9 megannyi legenda sz\u00f6v\u0151d\u00f6tt az id\u0151k sor\u00e1n. Vakmer\u0151 lovas mutatv\u00e1nyai eg\u00e9sz Eur\u00f3pa-szerte ismertt\u00e9 tett\u00e9k, szem\u00e9lye pedig mind a mai napig \u00f6sszefon\u00f3dik a bajnai kast\u00e9llyal, amely egykor otthon\u00e1ul szolg\u00e1lt. Nem olyan r\u00e9gen \u00faj \u00e9letre kelt ezt a pazar helysz\u00edn. A Kom\u00e1rom-Esztergom megyei Bajn\u00e1n tal\u00e1lhat\u00f3 S\u00e1ndor\u2013Metternich-kast\u00e9ly uni\u00f3s t\u00e1mogat\u00e1ssal \u00e1tfog\u00f3 fel\u00faj\u00edt\u00e1son esett \u00e1t. A kiemelt jelent\u0151s\u00e9g\u0171 m\u0171eml\u00e9ki \u00e9rt\u00e9kek v\u00e9delme mellett egy olyan kultur\u00e1lis \u00e9s turisztikai...","og_url":"https:\/\/egyuttfejlodunk.hu\/?p=12179","og_site_name":"Egy\u00fctt fejl\u0151d\u00fcnk","article_published_time":"2026-08-24T07:57:50+00:00","article_modified_time":"2026-08-28T10:56:54+00:00","og_image":[{"width":1920,"height":1115,"url":"https:\/\/egyuttfejlodunk.hu\/wp-content\/uploads\/2026\/08\/Bajna-kastely2_.jpg","type":"image\/jpeg"}],"author":"T\u00f3th Ferenc","twitter_card":"summary_large_image","twitter_misc":{"Szerz\u0151:":"T\u00f3th Ferenc","Becs\u00fclt olvas\u00e1si id\u0151":"3 perc"},"schema":{"@context":"https:\/\/schema.org","@graph":[{"@type":"Article","@id":"https:\/\/egyuttfejlodunk.hu\/?p=12179#article","isPartOf":{"@id":"https:\/\/egyuttfejlodunk.hu\/?p=12179"},"author":{"name":"T\u00f3th Ferenc","@id":"https:\/\/egyuttfejlodunk.hu\/#\/schema\/person\/94cc2e6bf0b14e6d5de3d603885ed8c5"},"headline":"Az \u00d6rd\u00f6glovas kast\u00e9lya \u00fajra megnyitotta kapuit","datePublished":"2026-08-24T07:57:50+00:00","dateModified":"2026-08-28T10:56:54+00:00","mainEntityOfPage":{"@id":"https:\/\/egyuttfejlodunk.hu\/?p=12179"},"wordCount":761,"publisher":{"@id":"https:\/\/egyuttfejlodunk.hu\/#organization"},"image":{"@id":"https:\/\/egyuttfejlodunk.hu\/?p=12179#primaryimage"},"thumbnailUrl":"https:\/\/egyuttfejlodunk.hu\/wp-content\/uploads\/2026\/08\/Bajna-kastely2_.jpg","keywords":["m\u0171eml\u00e9kv\u00e9delem","turisztikai fejleszt\u00e9s"],"articleSection":["Ginop"],"inLanguage":"hu"},{"@type":"WebPage","@id":"https:\/\/egyuttfejlodunk.hu\/?p=12179","url":"https:\/\/egyuttfejlodunk.hu\/?p=12179","name":"Az \u00d6rd\u00f6glovas kast\u00e9lya \u00fajra megnyitotta kapuit - Egy\u00fctt fejl\u0151d\u00fcnk","isPartOf":{"@id":"https:\/\/egyuttfejlodunk.hu\/#website"},"primaryImageOfPage":{"@id":"https:\/\/egyuttfejlodunk.hu\/?p=12179#primaryimage"},"image":{"@id":"https:\/\/egyuttfejlodunk.hu\/?p=12179#primaryimage"},"thumbnailUrl":"https:\/\/egyuttfejlodunk.hu\/wp-content\/uploads\/2026\/08\/Bajna-kastely2_.jpg","datePublished":"2026-08-24T07:57:50+00:00","dateModified":"2026-08-28T10:56:54+00:00","breadcrumb":{"@id":"https:\/\/egyuttfejlodunk.hu\/?p=12179#breadcrumb"},"inLanguage":"hu","potentialAction":[{"@type":"ReadAction","target":["https:\/\/egyuttfejlodunk.hu\/?p=12179"]}]},{"@type":"ImageObject","inLanguage":"hu","@id":"https:\/\/egyuttfejlodunk.hu\/?p=12179#primaryimage","url":"https:\/\/egyuttfejlodunk.hu\/wp-content\/uploads\/2026\/08\/Bajna-kastely2_.jpg","contentUrl":"https:\/\/egyuttfejlodunk.hu\/wp-content\/uploads\/2026\/08\/Bajna-kastely2_.jpg","width":1920,"height":1115},{"@type":"BreadcrumbList","@id":"https:\/\/egyuttfejlodunk.hu\/?p=12179#breadcrumb","itemListElement":[{"@type":"ListItem","position":1,"name":"Home","item":"https:\/\/egyuttfejlodunk.hu\/"},{"@type":"ListItem","position":2,"name":"Az \u00d6rd\u00f6glovas kast\u00e9lya \u00fajra megnyitotta kapuit"}]},{"@type":"WebSite","@id":"https:\/\/egyuttfejlodunk.hu\/#website","url":"https:\/\/egyuttfejlodunk.hu\/","name":"Egy\u00fctt fejl\u0151d\u00fcnk","description":"","publisher":{"@id":"https:\/\/egyuttfejlodunk.hu\/#organization"},"potentialAction":[{"@type":"SearchAction","target":{"@type":"EntryPoint","urlTemplate":"https:\/\/egyuttfejlodunk.hu\/?s={search_term_string}"},"query-input":{"@type":"PropertyValueSpecification","valueRequired":true,"valueName":"search_term_string"}}],"inLanguage":"hu"},{"@type":"Organization","@id":"https:\/\/egyuttfejlodunk.hu\/#organization","name":"Egy\u00fctt fejl\u0151d\u00fcnk","url":"https:\/\/egyuttfejlodunk.hu\/","logo":{"@type":"ImageObject","inLanguage":"hu","@id":"https:\/\/egyuttfejlodunk.hu\/#\/schema\/logo\/image\/","url":"https:\/\/egyuttfejlodunk.hu\/wp-content\/uploads\/2026\/04\/ujlogo.jpg","contentUrl":"https:\/\/egyuttfejlodunk.hu\/wp-content\/uploads\/2026\/04\/ujlogo.jpg","width":350,"height":110,"caption":"Egy\u00fctt fejl\u0151d\u00fcnk"},"image":{"@id":"https:\/\/egyuttfejlodunk.hu\/#\/schema\/logo\/image\/"}},{"@type":"Person","@id":"https:\/\/egyuttfejlodunk.hu\/#\/schema\/person\/94cc2e6bf0b14e6d5de3d603885ed8c5","name":"T\u00f3th Ferenc"}]}},"_links":{"self":[{"href":"https:\/\/egyuttfejlodunk.hu\/index.php?rest_route=\/wp\/v2\/posts\/12179","targetHints":{"allow":["GET"]}}],"collection":[{"href":"https:\/\/egyuttfejlodunk.hu\/index.php?rest_route=\/wp\/v2\/posts"}],"about":[{"href":"https:\/\/egyuttfejlodunk.hu\/index.php?rest_route=\/wp\/v2\/types\/post"}],"author":[{"embeddable":true,"href":"https:\/\/egyuttfejlodunk.hu\/index.php?rest_route=\/wp\/v2\/users\/30"}],"replies":[{"embeddable":true,"href":"https:\/\/egyuttfejlodunk.hu\/index.php?rest_route=%2Fwp%2Fv2%2Fcomments&post=12179"}],"version-history":[{"count":5,"href":"https:\/\/egyuttfejlodunk.hu\/index.php?rest_route=\/wp\/v2\/posts\/12179\/revisions"}],"predecessor-version":[{"id":12228,"href":"https:\/\/egyuttfejlodunk.hu\/index.php?rest_route=\/wp\/v2\/posts\/12179\/revisions\/12228"}],"wp:featuredmedia":[{"embeddable":true,"href":"https:\/\/egyuttfejlodunk.hu\/index.php?rest_route=\/wp\/v2\/media\/12180"}],"wp:attachment":[{"href":"https:\/\/egyuttfejlodunk.hu\/index.php?rest_route=%2Fwp%2Fv2%2Fmedia&parent=12179"}],"wp:term":[{"taxonomy":"category","embeddable":true,"href":"https:\/\/egyuttfejlodunk.hu\/index.php?rest_route=%2Fwp%2Fv2%2Fcategories&post=12179"},{"taxonomy":"post_tag","embeddable":true,"href":"https:\/\/egyuttfejlodunk.hu\/index.php?rest_route=%2Fwp%2Fv2%2Ftags&post=12179"},{"taxonomy":"megye","embeddable":true,"href":"https:\/\/egyuttfejlodunk.hu\/index.php?rest_route=%2Fwp%2Fv2%2Fmegye&post=12179"}],"curies":[{"name":"wp","href":"https:\/\/api.w.org\/{rel}","templated":true}]}}