{"id":12196,"date":"2026-08-26T10:45:13","date_gmt":"2026-08-26T08:45:13","guid":{"rendered":"https:\/\/egyuttfejlodunk.hu\/?p=12196"},"modified":"2026-08-28T13:04:37","modified_gmt":"2026-08-28T11:04:37","slug":"kozelebb-a-gyogyulas-a-kisberi-jarasban","status":"publish","type":"post","link":"https:\/\/egyuttfejlodunk.hu\/?p=12196","title":{"rendered":"K\u00f6zelebb a gy\u00f3gyul\u00e1s a Kisb\u00e9ri j\u00e1r\u00e1sban"},"content":{"rendered":"<p><strong>Egy eg\u00e9szs\u00e9g\u00fcgyi vizsg\u00e1lat vagy szakrendel\u00e9s eset\u00e9ben nem elhanyagolhat\u00f3, milyen messzire kell utazni \u00e9rte. A Kisb\u00e9ri j\u00e1r\u00e1s lak\u00f3i hossz\u00fa id\u0151n kereszt\u00fcl azzal szembes\u00fcltek, hogy sz\u00e1mos ell\u00e1t\u00e1s csak t\u00e1volabbi int\u00e9zm\u00e9nyekben volt el\u00e9rhet\u0151 sz\u00e1mukra. A kisb\u00e9ri Batthy\u00e1ny K\u00e1zm\u00e9r Szakk\u00f3rh\u00e1z fejleszt\u00e9se ezen v\u00e1ltoztatott: korszer\u0171bb \u00e9s sz\u00e9lesk\u00f6r\u0171 j\u00e1r\u00f3beteg-szakell\u00e1t\u00e1st, modernebb diagnosztikai h\u00e1tteret \u00e9s meg\u00fajult k\u00f6rnyezetet teremtett a t\u00e9rs\u00e9gben.<\/strong><\/p>\n<p>Az uni\u00f3s t\u00e1mogat\u00e1snak k\u00f6sz\u00f6nhet\u0151en jelent\u0151s fejl\u0151d\u00e9sen ment kereszt\u00fcl a seb\u00e9szeti szakell\u00e1t\u00e1s \u00e9s a laborat\u00f3riumi diagnosztika. A meg\u00fajult labor az alapell\u00e1t\u00e1ssal egy\u00fcttm\u0171k\u00f6dve seg\u00edti a kivizsg\u00e1l\u00e1st. Olyan korszer\u0171 orvostechnikai eszk\u00f6z\u00f6k ker\u00fcltek a k\u00f3rh\u00e1zba, amelyeknek k\u00f6sz\u00f6nhet\u0151en t\u00f6bb vizsg\u00e1lat \u00e9s beavatkoz\u00e1s m\u00e1r helyben, a j\u00e1r\u00f3beteg-ell\u00e1t\u00e1s keret\u00e9ben is elv\u00e9gezhet\u0151 lett, \u00edgy m\u00e1r nem indokolt a t\u00e1volabbi k\u00f3rh\u00e1zak felkeres\u00e9se. A fejleszt\u00e9s az\u00e9rt is k\u00fcl\u00f6n\u00f6sen jelent\u0151s, mert a t\u00e9rs\u00e9gben nincs akt\u00edv fekv\u0151beteg-ell\u00e1t\u00e1st \u00e9s s\u00fcrg\u0151ss\u00e9gi betegell\u00e1t\u00e1st biztos\u00edt\u00f3 int\u00e9zm\u00e9ny. A legk\u00f6zelebbi ilyen ell\u00e1t\u00f3helyek mintegy \u00f6tven kilom\u00e9terre tal\u00e1lhat\u00f3ak, \u00edgy minden olyan szolg\u00e1ltat\u00e1s, amely helyben v\u00e1lik el\u00e9rhet\u0151v\u00e9, val\u00f3di hi\u00e1nyp\u00f3tl\u00f3 A fejleszt\u00e9s egy\u00fattal a megel\u0151z\u00e9st is er\u0151s\u00edti: korszer\u0171 eszk\u00f6zpark t\u00e1mogatja a n\u00e9peg\u00e9szs\u00e9g\u00fcgyi sz\u0171r\u0151programokat, k\u00f6zt\u00fck a vastagb\u00e9lr\u00e1ksz\u0171r\u00e9st.<\/p>\n<p>A projekt keret\u00e9ben az \u00e9p\u00fclet is meg\u00fajult. A k\u00f6zel k\u00e9tsz\u00e1z \u00e9ves k\u00f3rh\u00e1z korszer\u0171s\u00edt\u00e9s\u00e9vel biztons\u00e1gosabb \u00e9s komfortosabb k\u00f6rnyezet j\u00f6tt l\u00e9tre mind a betegek, mind az eg\u00e9szs\u00e9g\u00fcgyi dolgoz\u00f3k sz\u00e1m\u00e1ra. Kiemelt feladatot jelentett az \u00e9p\u00fclet vizesed\u00e9si probl\u00e9m\u00e1inak megsz\u00fcntet\u00e9se, amely nemcsak az \u00e1llagmeg\u00f3v\u00e1s, hanem a betegbiztons\u00e1g \u00e9s az eg\u00e9szs\u00e9ges munkak\u00f6rnyezet szempontj\u00e1b\u00f3l is elengedhetetlen volt.<\/p>\n<p>A beruh\u00e1z\u00e1s hozz\u00e1j\u00e1rult ahhoz, hogy a Batthy\u00e1ny K\u00e1zm\u00e9r Szakk\u00f3rh\u00e1z hossz\u00fa t\u00e1von is korszer\u0171, hat\u00e9kony \u00e9s lak\u00f3helyhez k\u00f6zeli j\u00e1r\u00f3beteg-szakell\u00e1t\u00e1st biztos\u00edtson, tehermentes\u00edtve a t\u00e1volabbi fekv\u0151beteg-ell\u00e1t\u00f3 int\u00e9zm\u00e9nyeket, mik\u00f6zben a t\u00e9rs\u00e9g lak\u00f3i sz\u00e1m\u00e1ra biztons\u00e1gosabb \u00e9s magasabb sz\u00ednvonal\u00fa eg\u00e9szs\u00e9g\u00fcgyi ell\u00e1t\u00e1st ny\u00fajt: a betegek gyorsabban juthatnak vizsg\u00e1latokhoz \u00e9s kezel\u00e9sekhez, mik\u00f6zben kevesebb utaz\u00e1sra, kisebb k\u00f6lts\u00e9gre \u00e9s r\u00f6videbb v\u00e1rakoz\u00e1sra kell sz\u00e1m\u00edtaniuk. A fejleszt\u00e9s nap mint nap t\u00f6bb ezer ember \u00e9let\u00e9t teszi k\u00f6nnyebb\u00e9 a Kisb\u00e9ri j\u00e1r\u00e1sban.<\/p>\n<p><img fetchpriority=\"high\" decoding=\"async\" class=\"aligncenter wp-image-12198 size-full\" src=\"https:\/\/egyuttfejlodunk.hu\/wp-content\/uploads\/2026\/08\/DSC_5462_30726258-640x426-1.jpg\" alt=\"\" width=\"640\" height=\"426\" srcset=\"https:\/\/egyuttfejlodunk.hu\/wp-content\/uploads\/2026\/08\/DSC_5462_30726258-640x426-1.jpg 640w, https:\/\/egyuttfejlodunk.hu\/wp-content\/uploads\/2026\/08\/DSC_5462_30726258-640x426-1-320x213.jpg 320w, https:\/\/egyuttfejlodunk.hu\/wp-content\/uploads\/2026\/08\/DSC_5462_30726258-640x426-1-330x220.jpg 330w\" sizes=\"(max-width: 640px) 100vw, 640px\" \/><\/p>\n<p>A program a EFOP-2.2.19-17-2017-00040 keret\u00e9ben, eur\u00f3pai uni\u00f3s forr\u00e1s bevon\u00e1s\u00e1val val\u00f3sult meg.<\/p>\n<p>Tov\u00e1bbi r\u00e9szletek a t\u00e1mogatott projekt keres\u0151ben:<a class=\"tovabb\" href=\"https:\/\/www.palyazat.gov.hu\/eredmenyek\/tamogatott-projektek\/1528660201\" target=\"_blank\" rel=\"noopener\">Tov\u00e1bb<\/a><\/p>\n","protected":false},"excerpt":{"rendered":"<p>Egy eg\u00e9szs\u00e9g\u00fcgyi vizsg\u00e1lat vagy szakrendel\u00e9s eset\u00e9ben nem elhanyagolhat\u00f3, milyen messzire kell utazni \u00e9rte. A Kisb\u00e9ri j\u00e1r\u00e1s lak\u00f3i hossz\u00fa id\u0151n kereszt\u00fcl azzal szembes\u00fcltek, hogy sz\u00e1mos ell\u00e1t\u00e1s csak t\u00e1volabbi int\u00e9zm\u00e9nyekben volt el\u00e9rhet\u0151 sz\u00e1mukra. A kisb\u00e9ri Batthy\u00e1ny K\u00e1zm\u00e9r Szakk\u00f3rh\u00e1z fejleszt\u00e9se ezen v\u00e1ltoztatott: korszer\u0171bb \u00e9s sz\u00e9lesk\u00f6r\u0171 j\u00e1r\u00f3beteg-szakell\u00e1t\u00e1st, modernebb diagnosztikai h\u00e1tteret \u00e9s meg\u00fajult k\u00f6rnyezetet teremtett a t\u00e9rs\u00e9gben. Az uni\u00f3s t\u00e1mogat\u00e1snak k\u00f6sz\u00f6nhet\u0151en jelent\u0151s fejl\u0151d\u00e9sen ment kereszt\u00fcl a seb\u00e9szeti szakell\u00e1t\u00e1s \u00e9s a laborat\u00f3riumi diagnosztika. A meg\u00fajult labor az alapell\u00e1t\u00e1ssal egy\u00fcttm\u0171k\u00f6dve seg\u00edti a&#8230;<\/p>\n","protected":false},"author":30,"featured_media":12197,"comment_status":"closed","ping_status":"closed","sticky":false,"template":"","format":"standard","meta":{"_acf_changed":false,"ngg_post_thumbnail":0,"footnotes":""},"categories":[154],"tags":[292,449,491],"megye":[1126],"class_list":["post-12196","post","type-post","status-publish","format-standard","has-post-thumbnail","hentry","category-efop-hu","tag-egeszsegugy-hu","tag-eszkozfejlesztes","tag-szolgaltatasfejlesztes","megye-komarom-esztergom-megye"],"acf":[],"yoast_head":"<!-- This site is optimized with the Yoast SEO Premium plugin v28.4 (Yoast SEO v28.4) - https:\/\/yoast.com\/product\/yoast-seo-premium-wordpress\/ -->\n<title>K\u00f6zelebb a gy\u00f3gyul\u00e1s a Kisb\u00e9ri j\u00e1r\u00e1sban - Egy\u00fctt fejl\u0151d\u00fcnk<\/title>\n<meta name=\"robots\" content=\"noindex, follow, max-snippet:-1, max-image-preview:large, max-video-preview:-1\" \/>\n<meta property=\"og:locale\" content=\"hu_HU\" \/>\n<meta property=\"og:type\" content=\"article\" \/>\n<meta property=\"og:title\" content=\"K\u00f6zelebb a gy\u00f3gyul\u00e1s a Kisb\u00e9ri j\u00e1r\u00e1sban\" \/>\n<meta property=\"og:description\" content=\"Egy eg\u00e9szs\u00e9g\u00fcgyi vizsg\u00e1lat vagy szakrendel\u00e9s eset\u00e9ben nem elhanyagolhat\u00f3, milyen messzire kell utazni \u00e9rte. A Kisb\u00e9ri j\u00e1r\u00e1s lak\u00f3i hossz\u00fa id\u0151n kereszt\u00fcl azzal szembes\u00fcltek, hogy sz\u00e1mos ell\u00e1t\u00e1s csak t\u00e1volabbi int\u00e9zm\u00e9nyekben volt el\u00e9rhet\u0151 sz\u00e1mukra. A kisb\u00e9ri Batthy\u00e1ny K\u00e1zm\u00e9r Szakk\u00f3rh\u00e1z fejleszt\u00e9se ezen v\u00e1ltoztatott: korszer\u0171bb \u00e9s sz\u00e9lesk\u00f6r\u0171 j\u00e1r\u00f3beteg-szakell\u00e1t\u00e1st, modernebb diagnosztikai h\u00e1tteret \u00e9s meg\u00fajult k\u00f6rnyezetet teremtett a t\u00e9rs\u00e9gben. Az uni\u00f3s t\u00e1mogat\u00e1snak k\u00f6sz\u00f6nhet\u0151en jelent\u0151s fejl\u0151d\u00e9sen ment kereszt\u00fcl a seb\u00e9szeti szakell\u00e1t\u00e1s \u00e9s a laborat\u00f3riumi diagnosztika. A meg\u00fajult labor az alapell\u00e1t\u00e1ssal egy\u00fcttm\u0171k\u00f6dve seg\u00edti a...\" \/>\n<meta property=\"og:url\" content=\"https:\/\/egyuttfejlodunk.hu\/?p=12196\" \/>\n<meta property=\"og:site_name\" content=\"Egy\u00fctt fejl\u0151d\u00fcnk\" \/>\n<meta property=\"article:published_time\" content=\"2026-08-26T08:45:13+00:00\" \/>\n<meta property=\"article:modified_time\" content=\"2026-08-28T11:04:37+00:00\" \/>\n<meta property=\"og:image\" content=\"https:\/\/egyuttfejlodunk.hu\/wp-content\/uploads\/2026\/08\/DSC_0861_53465664.jpg\" \/>\n\t<meta property=\"og:image:width\" content=\"1920\" \/>\n\t<meta property=\"og:image:height\" content=\"1141\" \/>\n\t<meta property=\"og:image:type\" content=\"image\/jpeg\" \/>\n<meta name=\"author\" content=\"T\u00f3th Ferenc\" \/>\n<meta name=\"twitter:card\" content=\"summary_large_image\" \/>\n<meta name=\"twitter:label1\" content=\"Szerz\u0151:\" \/>\n\t<meta name=\"twitter:data1\" content=\"T\u00f3th Ferenc\" \/>\n\t<meta name=\"twitter:label2\" content=\"Becs\u00fclt olvas\u00e1si id\u0151\" \/>\n\t<meta name=\"twitter:data2\" content=\"2 perc\" \/>\n<script type=\"application\/ld+json\" class=\"yoast-schema-graph\">{\"@context\":\"https:\\\/\\\/schema.org\",\"@graph\":[{\"@type\":\"Article\",\"@id\":\"https:\\\/\\\/egyuttfejlodunk.hu\\\/?p=12196#article\",\"isPartOf\":{\"@id\":\"https:\\\/\\\/egyuttfejlodunk.hu\\\/?p=12196\"},\"author\":{\"name\":\"T\u00f3th Ferenc\",\"@id\":\"https:\\\/\\\/egyuttfejlodunk.hu\\\/#\\\/schema\\\/person\\\/94cc2e6bf0b14e6d5de3d603885ed8c5\"},\"headline\":\"K\u00f6zelebb a gy\u00f3gyul\u00e1s a Kisb\u00e9ri j\u00e1r\u00e1sban\",\"datePublished\":\"2026-08-26T08:45:13+00:00\",\"dateModified\":\"2026-08-28T11:04:37+00:00\",\"mainEntityOfPage\":{\"@id\":\"https:\\\/\\\/egyuttfejlodunk.hu\\\/?p=12196\"},\"wordCount\":551,\"publisher\":{\"@id\":\"https:\\\/\\\/egyuttfejlodunk.hu\\\/#organization\"},\"image\":{\"@id\":\"https:\\\/\\\/egyuttfejlodunk.hu\\\/?p=12196#primaryimage\"},\"thumbnailUrl\":\"https:\\\/\\\/egyuttfejlodunk.hu\\\/wp-content\\\/uploads\\\/2026\\\/08\\\/DSC_0861_53465664.jpg\",\"keywords\":[\"Eg\u00e9szs\u00e9g\u00fcgy\",\"eszk\u00f6zfejleszt\u00e9s\",\"szolg\u00e1ltat\u00e1sfejleszt\u00e9s\"],\"articleSection\":[\"EFOP\"],\"inLanguage\":\"hu\"},{\"@type\":\"WebPage\",\"@id\":\"https:\\\/\\\/egyuttfejlodunk.hu\\\/?p=12196\",\"url\":\"https:\\\/\\\/egyuttfejlodunk.hu\\\/?p=12196\",\"name\":\"K\u00f6zelebb a gy\u00f3gyul\u00e1s a Kisb\u00e9ri j\u00e1r\u00e1sban - Egy\u00fctt fejl\u0151d\u00fcnk\",\"isPartOf\":{\"@id\":\"https:\\\/\\\/egyuttfejlodunk.hu\\\/#website\"},\"primaryImageOfPage\":{\"@id\":\"https:\\\/\\\/egyuttfejlodunk.hu\\\/?p=12196#primaryimage\"},\"image\":{\"@id\":\"https:\\\/\\\/egyuttfejlodunk.hu\\\/?p=12196#primaryimage\"},\"thumbnailUrl\":\"https:\\\/\\\/egyuttfejlodunk.hu\\\/wp-content\\\/uploads\\\/2026\\\/08\\\/DSC_0861_53465664.jpg\",\"datePublished\":\"2026-08-26T08:45:13+00:00\",\"dateModified\":\"2026-08-28T11:04:37+00:00\",\"breadcrumb\":{\"@id\":\"https:\\\/\\\/egyuttfejlodunk.hu\\\/?p=12196#breadcrumb\"},\"inLanguage\":\"hu\",\"potentialAction\":[{\"@type\":\"ReadAction\",\"target\":[\"https:\\\/\\\/egyuttfejlodunk.hu\\\/?p=12196\"]}]},{\"@type\":\"ImageObject\",\"inLanguage\":\"hu\",\"@id\":\"https:\\\/\\\/egyuttfejlodunk.hu\\\/?p=12196#primaryimage\",\"url\":\"https:\\\/\\\/egyuttfejlodunk.hu\\\/wp-content\\\/uploads\\\/2026\\\/08\\\/DSC_0861_53465664.jpg\",\"contentUrl\":\"https:\\\/\\\/egyuttfejlodunk.hu\\\/wp-content\\\/uploads\\\/2026\\\/08\\\/DSC_0861_53465664.jpg\",\"width\":1920,\"height\":1141},{\"@type\":\"BreadcrumbList\",\"@id\":\"https:\\\/\\\/egyuttfejlodunk.hu\\\/?p=12196#breadcrumb\",\"itemListElement\":[{\"@type\":\"ListItem\",\"position\":1,\"name\":\"Home\",\"item\":\"https:\\\/\\\/egyuttfejlodunk.hu\\\/\"},{\"@type\":\"ListItem\",\"position\":2,\"name\":\"K\u00f6zelebb a gy\u00f3gyul\u00e1s a Kisb\u00e9ri j\u00e1r\u00e1sban\"}]},{\"@type\":\"WebSite\",\"@id\":\"https:\\\/\\\/egyuttfejlodunk.hu\\\/#website\",\"url\":\"https:\\\/\\\/egyuttfejlodunk.hu\\\/\",\"name\":\"Egy\u00fctt fejl\u0151d\u00fcnk\",\"description\":\"\",\"publisher\":{\"@id\":\"https:\\\/\\\/egyuttfejlodunk.hu\\\/#organization\"},\"potentialAction\":[{\"@type\":\"SearchAction\",\"target\":{\"@type\":\"EntryPoint\",\"urlTemplate\":\"https:\\\/\\\/egyuttfejlodunk.hu\\\/?s={search_term_string}\"},\"query-input\":{\"@type\":\"PropertyValueSpecification\",\"valueRequired\":true,\"valueName\":\"search_term_string\"}}],\"inLanguage\":\"hu\"},{\"@type\":\"Organization\",\"@id\":\"https:\\\/\\\/egyuttfejlodunk.hu\\\/#organization\",\"name\":\"Egy\u00fctt fejl\u0151d\u00fcnk\",\"url\":\"https:\\\/\\\/egyuttfejlodunk.hu\\\/\",\"logo\":{\"@type\":\"ImageObject\",\"inLanguage\":\"hu\",\"@id\":\"https:\\\/\\\/egyuttfejlodunk.hu\\\/#\\\/schema\\\/logo\\\/image\\\/\",\"url\":\"https:\\\/\\\/egyuttfejlodunk.hu\\\/wp-content\\\/uploads\\\/2026\\\/04\\\/ujlogo.jpg\",\"contentUrl\":\"https:\\\/\\\/egyuttfejlodunk.hu\\\/wp-content\\\/uploads\\\/2026\\\/04\\\/ujlogo.jpg\",\"width\":350,\"height\":110,\"caption\":\"Egy\u00fctt fejl\u0151d\u00fcnk\"},\"image\":{\"@id\":\"https:\\\/\\\/egyuttfejlodunk.hu\\\/#\\\/schema\\\/logo\\\/image\\\/\"}},{\"@type\":\"Person\",\"@id\":\"https:\\\/\\\/egyuttfejlodunk.hu\\\/#\\\/schema\\\/person\\\/94cc2e6bf0b14e6d5de3d603885ed8c5\",\"name\":\"T\u00f3th Ferenc\"}]}<\/script>\n<!-- \/ Yoast SEO Premium plugin. -->","yoast_head_json":{"title":"K\u00f6zelebb a gy\u00f3gyul\u00e1s a Kisb\u00e9ri j\u00e1r\u00e1sban - Egy\u00fctt fejl\u0151d\u00fcnk","robots":{"index":"noindex","follow":"follow","max-snippet":"max-snippet:-1","max-image-preview":"max-image-preview:large","max-video-preview":"max-video-preview:-1"},"og_locale":"hu_HU","og_type":"article","og_title":"K\u00f6zelebb a gy\u00f3gyul\u00e1s a Kisb\u00e9ri j\u00e1r\u00e1sban","og_description":"Egy eg\u00e9szs\u00e9g\u00fcgyi vizsg\u00e1lat vagy szakrendel\u00e9s eset\u00e9ben nem elhanyagolhat\u00f3, milyen messzire kell utazni \u00e9rte. A Kisb\u00e9ri j\u00e1r\u00e1s lak\u00f3i hossz\u00fa id\u0151n kereszt\u00fcl azzal szembes\u00fcltek, hogy sz\u00e1mos ell\u00e1t\u00e1s csak t\u00e1volabbi int\u00e9zm\u00e9nyekben volt el\u00e9rhet\u0151 sz\u00e1mukra. A kisb\u00e9ri Batthy\u00e1ny K\u00e1zm\u00e9r Szakk\u00f3rh\u00e1z fejleszt\u00e9se ezen v\u00e1ltoztatott: korszer\u0171bb \u00e9s sz\u00e9lesk\u00f6r\u0171 j\u00e1r\u00f3beteg-szakell\u00e1t\u00e1st, modernebb diagnosztikai h\u00e1tteret \u00e9s meg\u00fajult k\u00f6rnyezetet teremtett a t\u00e9rs\u00e9gben. Az uni\u00f3s t\u00e1mogat\u00e1snak k\u00f6sz\u00f6nhet\u0151en jelent\u0151s fejl\u0151d\u00e9sen ment kereszt\u00fcl a seb\u00e9szeti szakell\u00e1t\u00e1s \u00e9s a laborat\u00f3riumi diagnosztika. A meg\u00fajult labor az alapell\u00e1t\u00e1ssal egy\u00fcttm\u0171k\u00f6dve seg\u00edti a...","og_url":"https:\/\/egyuttfejlodunk.hu\/?p=12196","og_site_name":"Egy\u00fctt fejl\u0151d\u00fcnk","article_published_time":"2026-08-26T08:45:13+00:00","article_modified_time":"2026-08-28T11:04:37+00:00","og_image":[{"width":1920,"height":1141,"url":"https:\/\/egyuttfejlodunk.hu\/wp-content\/uploads\/2026\/08\/DSC_0861_53465664.jpg","type":"image\/jpeg"}],"author":"T\u00f3th Ferenc","twitter_card":"summary_large_image","twitter_misc":{"Szerz\u0151:":"T\u00f3th Ferenc","Becs\u00fclt olvas\u00e1si id\u0151":"2 perc"},"schema":{"@context":"https:\/\/schema.org","@graph":[{"@type":"Article","@id":"https:\/\/egyuttfejlodunk.hu\/?p=12196#article","isPartOf":{"@id":"https:\/\/egyuttfejlodunk.hu\/?p=12196"},"author":{"name":"T\u00f3th Ferenc","@id":"https:\/\/egyuttfejlodunk.hu\/#\/schema\/person\/94cc2e6bf0b14e6d5de3d603885ed8c5"},"headline":"K\u00f6zelebb a gy\u00f3gyul\u00e1s a Kisb\u00e9ri j\u00e1r\u00e1sban","datePublished":"2026-08-26T08:45:13+00:00","dateModified":"2026-08-28T11:04:37+00:00","mainEntityOfPage":{"@id":"https:\/\/egyuttfejlodunk.hu\/?p=12196"},"wordCount":551,"publisher":{"@id":"https:\/\/egyuttfejlodunk.hu\/#organization"},"image":{"@id":"https:\/\/egyuttfejlodunk.hu\/?p=12196#primaryimage"},"thumbnailUrl":"https:\/\/egyuttfejlodunk.hu\/wp-content\/uploads\/2026\/08\/DSC_0861_53465664.jpg","keywords":["Eg\u00e9szs\u00e9g\u00fcgy","eszk\u00f6zfejleszt\u00e9s","szolg\u00e1ltat\u00e1sfejleszt\u00e9s"],"articleSection":["EFOP"],"inLanguage":"hu"},{"@type":"WebPage","@id":"https:\/\/egyuttfejlodunk.hu\/?p=12196","url":"https:\/\/egyuttfejlodunk.hu\/?p=12196","name":"K\u00f6zelebb a gy\u00f3gyul\u00e1s a Kisb\u00e9ri j\u00e1r\u00e1sban - Egy\u00fctt fejl\u0151d\u00fcnk","isPartOf":{"@id":"https:\/\/egyuttfejlodunk.hu\/#website"},"primaryImageOfPage":{"@id":"https:\/\/egyuttfejlodunk.hu\/?p=12196#primaryimage"},"image":{"@id":"https:\/\/egyuttfejlodunk.hu\/?p=12196#primaryimage"},"thumbnailUrl":"https:\/\/egyuttfejlodunk.hu\/wp-content\/uploads\/2026\/08\/DSC_0861_53465664.jpg","datePublished":"2026-08-26T08:45:13+00:00","dateModified":"2026-08-28T11:04:37+00:00","breadcrumb":{"@id":"https:\/\/egyuttfejlodunk.hu\/?p=12196#breadcrumb"},"inLanguage":"hu","potentialAction":[{"@type":"ReadAction","target":["https:\/\/egyuttfejlodunk.hu\/?p=12196"]}]},{"@type":"ImageObject","inLanguage":"hu","@id":"https:\/\/egyuttfejlodunk.hu\/?p=12196#primaryimage","url":"https:\/\/egyuttfejlodunk.hu\/wp-content\/uploads\/2026\/08\/DSC_0861_53465664.jpg","contentUrl":"https:\/\/egyuttfejlodunk.hu\/wp-content\/uploads\/2026\/08\/DSC_0861_53465664.jpg","width":1920,"height":1141},{"@type":"BreadcrumbList","@id":"https:\/\/egyuttfejlodunk.hu\/?p=12196#breadcrumb","itemListElement":[{"@type":"ListItem","position":1,"name":"Home","item":"https:\/\/egyuttfejlodunk.hu\/"},{"@type":"ListItem","position":2,"name":"K\u00f6zelebb a gy\u00f3gyul\u00e1s a Kisb\u00e9ri j\u00e1r\u00e1sban"}]},{"@type":"WebSite","@id":"https:\/\/egyuttfejlodunk.hu\/#website","url":"https:\/\/egyuttfejlodunk.hu\/","name":"Egy\u00fctt fejl\u0151d\u00fcnk","description":"","publisher":{"@id":"https:\/\/egyuttfejlodunk.hu\/#organization"},"potentialAction":[{"@type":"SearchAction","target":{"@type":"EntryPoint","urlTemplate":"https:\/\/egyuttfejlodunk.hu\/?s={search_term_string}"},"query-input":{"@type":"PropertyValueSpecification","valueRequired":true,"valueName":"search_term_string"}}],"inLanguage":"hu"},{"@type":"Organization","@id":"https:\/\/egyuttfejlodunk.hu\/#organization","name":"Egy\u00fctt fejl\u0151d\u00fcnk","url":"https:\/\/egyuttfejlodunk.hu\/","logo":{"@type":"ImageObject","inLanguage":"hu","@id":"https:\/\/egyuttfejlodunk.hu\/#\/schema\/logo\/image\/","url":"https:\/\/egyuttfejlodunk.hu\/wp-content\/uploads\/2026\/04\/ujlogo.jpg","contentUrl":"https:\/\/egyuttfejlodunk.hu\/wp-content\/uploads\/2026\/04\/ujlogo.jpg","width":350,"height":110,"caption":"Egy\u00fctt fejl\u0151d\u00fcnk"},"image":{"@id":"https:\/\/egyuttfejlodunk.hu\/#\/schema\/logo\/image\/"}},{"@type":"Person","@id":"https:\/\/egyuttfejlodunk.hu\/#\/schema\/person\/94cc2e6bf0b14e6d5de3d603885ed8c5","name":"T\u00f3th Ferenc"}]}},"_links":{"self":[{"href":"https:\/\/egyuttfejlodunk.hu\/index.php?rest_route=\/wp\/v2\/posts\/12196","targetHints":{"allow":["GET"]}}],"collection":[{"href":"https:\/\/egyuttfejlodunk.hu\/index.php?rest_route=\/wp\/v2\/posts"}],"about":[{"href":"https:\/\/egyuttfejlodunk.hu\/index.php?rest_route=\/wp\/v2\/types\/post"}],"author":[{"embeddable":true,"href":"https:\/\/egyuttfejlodunk.hu\/index.php?rest_route=\/wp\/v2\/users\/30"}],"replies":[{"embeddable":true,"href":"https:\/\/egyuttfejlodunk.hu\/index.php?rest_route=%2Fwp%2Fv2%2Fcomments&post=12196"}],"version-history":[{"count":1,"href":"https:\/\/egyuttfejlodunk.hu\/index.php?rest_route=\/wp\/v2\/posts\/12196\/revisions"}],"predecessor-version":[{"id":12199,"href":"https:\/\/egyuttfejlodunk.hu\/index.php?rest_route=\/wp\/v2\/posts\/12196\/revisions\/12199"}],"wp:featuredmedia":[{"embeddable":true,"href":"https:\/\/egyuttfejlodunk.hu\/index.php?rest_route=\/wp\/v2\/media\/12197"}],"wp:attachment":[{"href":"https:\/\/egyuttfejlodunk.hu\/index.php?rest_route=%2Fwp%2Fv2%2Fmedia&parent=12196"}],"wp:term":[{"taxonomy":"category","embeddable":true,"href":"https:\/\/egyuttfejlodunk.hu\/index.php?rest_route=%2Fwp%2Fv2%2Fcategories&post=12196"},{"taxonomy":"post_tag","embeddable":true,"href":"https:\/\/egyuttfejlodunk.hu\/index.php?rest_route=%2Fwp%2Fv2%2Ftags&post=12196"},{"taxonomy":"megye","embeddable":true,"href":"https:\/\/egyuttfejlodunk.hu\/index.php?rest_route=%2Fwp%2Fv2%2Fmegye&post=12196"}],"curies":[{"name":"wp","href":"https:\/\/api.w.org\/{rel}","templated":true}]}}