{"id":12202,"date":"2026-08-28T10:53:08","date_gmt":"2026-08-28T08:53:08","guid":{"rendered":"https:\/\/egyuttfejlodunk.hu\/?p=12202"},"modified":"2026-08-31T13:25:44","modified_gmt":"2026-08-31T11:25:44","slug":"mancsokkal-epitett-kozosseg","status":"publish","type":"post","link":"https:\/\/egyuttfejlodunk.hu\/?p=12202","title":{"rendered":"Mancsokkal \u00e9p\u00edtett k\u00f6z\u00f6ss\u00e9g"},"content":{"rendered":"\t\t<div data-elementor-type=\"wp-post\" data-elementor-id=\"12202\" class=\"elementor elementor-12202\" data-elementor-post-type=\"post\">\n\t\t\t\t<div class=\"elementor-element elementor-element-450ddcd9 e-flex e-con-boxed e-con e-parent\" data-id=\"450ddcd9\" data-element_type=\"container\" data-e-type=\"container\">\n\t\t\t\t\t<div class=\"e-con-inner\">\n\t\t\t\t<div class=\"elementor-element elementor-element-78b2e379 elementor-widget elementor-widget-text-editor\" data-id=\"78b2e379\" data-element_type=\"widget\" data-e-type=\"widget\" data-widget_type=\"text-editor.default\">\n\t\t\t\t\t\t\t\t\t<p><strong>Amikor a tekintet, ami p\u00e1r perccel azel\u0151tt gyanakv\u00f3n pislogott az \u00f6r\u00f6kmozg\u00f3 sz\u0151rgomb\u00f3cra, f\u00e9lelemmel vegyes bizonytalans\u00e1ggal, hogy mit is kezdjen ezzel a n\u00e9gyl\u00e1b\u00fa, gyan\u00fasan nagy sz\u00e1j\u00fa, liheg\u0151, ny\u00e1ladz\u00f3, kajla f\u00fcl\u0171 l\u00e9nnyel, de f\u0151leg a kutya mit fog kezdeni vele, t\u00e9nyleg nem b\u00e1ntja-e majd, nem akarja-e esetleg megk\u00f3stolni, megkarmolni vagy \u00f6sszepiszkolni, ez a tekintet most kisimult, ahogy a g\u00f6nd\u00f6r bund\u00e1j\u00fa, nyakigl\u00e1b m\u00f3kamester elter\u00fclt \u00e9s hemperegni kezdett el\u0151tte a f\u00f6ld\u00f6n, \u00e9s amikor a barna kutyaszemek b\u00e1tor\u00edt\u00f3an \u00f6sszekacsintottak a pislog\u00f3 emberi szemp\u00e1rral, akkor ez a tekintet megv\u00e1ltozott, \u00e9s az arcon felt\u0171nt egy ragyog\u00f3 mosoly.<\/strong><\/p><p>\u00c9ppen ez a l\u00e9nyege a kuty\u00e1kkal v\u00e9gzett ter\u00e1pi\u00e1s foglalkoz\u00e1soknak, ami a szeksz\u00e1rdi Csiga-Biga Mozg\u00e1s- \u00e9s K\u00e9pess\u00e9gfejleszt\u0151 Alap\u00edtv\u00e1ny f\u0151 tev\u00e9kenys\u00e9gi k\u00f6r\u00e9t jelenti. A Sz\u00e9chenyi 2020 program keret\u00e9ben olyan programsorozatot szerveztek uni\u00f3s t\u00e1mogat\u00e1ssal, ami egyszerre mutatta be egy \u00e9vek \u00f3ta lelkesen m\u0171k\u00f6d\u0151 helyi civil szervezet munk\u00e1j\u00e1t, \u00e9s adott ingyenes lehet\u0151s\u00e9get olyan csal\u00e1doknak, amelyek kor\u00e1bban jellemz\u0151en t\u00e9r\u00edt\u00e9s ellen\u00e9ben vehett\u00e9k ig\u00e9nybe az alap\u00edtv\u00e1ny szolg\u00e1ltat\u00e1sait. A rendezv\u00e9nysorozat k\u00f6zben pedig a gyerekek nem csak a ter\u00e1pi\u00e1s kuty\u00e1khoz ker\u00fcltek k\u00f6zelebb, de sok gyerekt\u00e1rsukhoz is.<\/p><p>Az alap\u00edtv\u00e1ny kor\u00e1bban m\u00e1r sz\u00e1mos alkalommal megtapasztalta, milyen nagy ig\u00e9ny mutatkozik Szeksz\u00e1rdon a speci\u00e1lis ig\u00e9ny\u0171, akad\u00e1lyozott gyermekek sz\u00e1m\u00e1ra szervezett programokra. A t\u00e1mogat\u00e1sb\u00f3l ez\u00fattal tizenk\u00e9t alkalomb\u00f3l \u00e1ll\u00f3 programsorozatot val\u00f3s\u00edtottak meg. A nyit\u00f3- \u00e9s z\u00e1r\u00f3rendezv\u00e9ny eg\u00e9sz napos programot k\u00edn\u00e1lt, a k\u00f6ztes t\u00edz alkalmon pedig k\u00fcl\u00f6nb\u00f6z\u0151 t\u00e9m\u00e1k k\u00f6r\u00e9 szervezett foglalkoz\u00e1sok v\u00e1rt\u00e1k a r\u00e9sztvev\u0151ket. Egy-egy napon \u00f6t csoport forg\u00f3rendszerben tal\u00e1lkozhatott a kuty\u00e1kkal \u00e9s felvezet\u0151ikkel, \u00edgy t\u00f6bbf\u00e9le fejleszt\u0151 programot is kipr\u00f3b\u00e1lhattak. A szervez\u0151k r\u00e1ad\u00e1sul a kor\u00e1bbi gyakorlatt\u00f3l elt\u00e9r\u0151en nemcsak a gyermekeket, hanem az eg\u00e9sz csal\u00e1dokat, a sz\u00fcl\u0151ket \u00e9s a nagysz\u00fcl\u0151ket is bevont\u00e1k.<\/p><p>A \u00e1llatassziszt\u00e1lt ter\u00e1pia egy k\u00fcl\u00f6nleges pedag\u00f3giai m\u00f3dszer, itt a gyermekek nem klasszikus feladathelyzetk\u00e9nt \u00e9lik meg a foglalkoz\u00e1sokat. A kutya jelenl\u00e9te oldja a szorong\u00e1st, n\u00f6veli a motiv\u00e1ci\u00f3t, \u00e9s t\u00f6bb siker\u00e9lm\u00e9nyt ad, jellemz\u0151en \u00e9szrev\u00e9tlen\u00fcl. A feladatok j\u00e1t\u00e9kosabb\u00e1 v\u00e1lnak, a gyermekek pedig \u00fagy hajtj\u00e1k v\u00e9gre azokat, hogy k\u00f6zben els\u0151sorban a n\u00e9gyl\u00e1b\u00fa t\u00e1rsukkal val\u00f3 k\u00f6z\u00f6s \u00e9lm\u00e9nyre figyelnek. A speci\u00e1lisan k\u00e9pzett ter\u00e1pi\u00e1s kuty\u00e1k seg\u00edts\u00e9g\u00e9vel a finom- \u00e9s nagymozg\u00e1sok, a figyelem, a koncentr\u00e1ci\u00f3, a kommunik\u00e1ci\u00f3, az eml\u00e9kezet \u00e9s a probl\u00e9mamegold\u00e1s is fejleszthet\u0151. A m\u00f3dszer k\u00fcl\u00f6n\u00f6sen hasznosnak bizonyul saj\u00e1tos nevel\u00e9si ig\u00e9ny\u0171, tanul\u00e1sban vagy mozg\u00e1sban akad\u00e1lyozott, autista, besz\u00e9d- \u00e9s kommunik\u00e1ci\u00f3s zavarral \u00e9l\u0151, hiperakt\u00edv vagy beilleszked\u00e9si neh\u00e9zs\u00e9gekkel k\u00fczd\u0151 gyermekek eset\u00e9ben.<\/p><p>A mind\u00f6ssze \u00f6tmilli\u00f3 forintos t\u00e1mogat\u00e1sb\u00f3l megval\u00f3sult projekt kifejezetten kicsinek sz\u00e1m\u00edt, a civil szervezet \u00e9let\u00e9ben azonban k\u00e9zzelfoghat\u00f3 lehet\u0151s\u00e9geket teremtett, bebizony\u00edtva, hogy az el\u00e9rt hat\u00e1s sokszor messze t\u00falmutathat a k\u00f6lts\u00e9gvet\u00e9s\u00e9n. T\u00f6bb tucat csal\u00e1d vett r\u00e9szt a foglalkoz\u00e1sokon, a program pedig egyszerre szolg\u00e1lta a gyermekek fejl\u0151d\u00e9s\u00e9t, a csal\u00e1dok k\u00f6z\u00f6s \u00e9lm\u00e9nyeit \u00e9s a helyi k\u00f6z\u00f6ss\u00e9g er\u0151s\u00edt\u00e9s\u00e9t. A j\u00e1t\u00e9k, a besz\u00e9lget\u00e9sek, a csal\u00e1dok tal\u00e1lkoz\u00e1sa \u00e9s a visszat\u00e9r\u0151 r\u00e9sztvev\u0151k r\u00e9v\u00e9n pedig a rendezv\u00e9nysorozat hozz\u00e1j\u00e1rult egy olyan k\u00f6zeg form\u00e1l\u00f3d\u00e1s\u00e1hoz, amelyben k\u00f6nnyebb \u00e9szrevenni a m\u00e1sikat, elfogadni a k\u00fcl\u00f6nbs\u00e9geket \u00e9s seg\u00edts\u00e9get ny\u00fajtani annak, akinek sz\u00fcks\u00e9ge van r\u00e1, mosolyt csalni az arcokra, hidat \u00e9p\u00edteni az emberek k\u00f6z\u00f6tt.<\/p>\t\t\t\t\t\t\t\t<\/div>\n\t\t\t\t<div class=\"elementor-element elementor-element-1ecc3a09 elementor-widget elementor-widget-gallery\" data-id=\"1ecc3a09\" data-element_type=\"widget\" data-e-type=\"widget\" data-settings=\"{&quot;columns&quot;:3,&quot;lazyload&quot;:&quot;yes&quot;,&quot;gallery_layout&quot;:&quot;grid&quot;,&quot;columns_tablet&quot;:2,&quot;columns_mobile&quot;:1,&quot;gap&quot;:{&quot;unit&quot;:&quot;px&quot;,&quot;size&quot;:10,&quot;sizes&quot;:[]},&quot;gap_tablet&quot;:{&quot;unit&quot;:&quot;px&quot;,&quot;size&quot;:10,&quot;sizes&quot;:[]},&quot;gap_mobile&quot;:{&quot;unit&quot;:&quot;px&quot;,&quot;size&quot;:10,&quot;sizes&quot;:[]},&quot;link_to&quot;:&quot;file&quot;,&quot;aspect_ratio&quot;:&quot;3:2&quot;,&quot;overlay_background&quot;:&quot;yes&quot;,&quot;content_hover_animation&quot;:&quot;fade-in&quot;}\" data-widget_type=\"gallery.default\">\n\t\t\t\t\t\t\t<div class=\"elementor-gallery__container\">\n\t\t\t\t\t\t\t<a class=\"e-gallery-item elementor-gallery-item elementor-animated-content\" href=\"https:\/\/egyuttfejlodunk.hu\/wp-content\/uploads\/2026\/08\/DSC_0021.jpeg\" data-elementor-open-lightbox=\"yes\" data-elementor-lightbox-slideshow=\"1ecc3a09\" data-e-action-hash=\"#elementor-action%3Aaction%3Dlightbox%26settings%3DeyJpZCI6MTIyMDUsInVybCI6Imh0dHBzOlwvXC9lZ3l1dHRmZWpsb2R1bmsuaHVcL3dwLWNvbnRlbnRcL3VwbG9hZHNcLzIwMjZcLzA4XC9EU0NfMDAyMS5qcGVnIiwic2xpZGVzaG93IjoiMWVjYzNhMDkifQ%3D%3D\">\n\t\t\t\t\t<div class=\"e-gallery-image elementor-gallery-item__image\" data-thumbnail=\"https:\/\/egyuttfejlodunk.hu\/wp-content\/uploads\/2026\/08\/DSC_0021-640x426.jpeg\" data-width=\"640\" data-height=\"426\" aria-label=\"\" role=\"img\" ><\/div>\n\t\t\t\t\t\t\t\t\t\t\t<div class=\"elementor-gallery-item__overlay\"><\/div>\n\t\t\t\t\t\t\t\t\t\t\t\t\t\t<\/a>\n\t\t\t\t\t\t\t<a class=\"e-gallery-item elementor-gallery-item elementor-animated-content\" href=\"https:\/\/egyuttfejlodunk.hu\/wp-content\/uploads\/2026\/08\/DSC_0026.jpeg\" data-elementor-open-lightbox=\"yes\" data-elementor-lightbox-slideshow=\"1ecc3a09\" data-e-action-hash=\"#elementor-action%3Aaction%3Dlightbox%26settings%3DeyJpZCI6MTIyMDYsInVybCI6Imh0dHBzOlwvXC9lZ3l1dHRmZWpsb2R1bmsuaHVcL3dwLWNvbnRlbnRcL3VwbG9hZHNcLzIwMjZcLzA4XC9EU0NfMDAyNi5qcGVnIiwic2xpZGVzaG93IjoiMWVjYzNhMDkifQ%3D%3D\">\n\t\t\t\t\t<div class=\"e-gallery-image elementor-gallery-item__image\" data-thumbnail=\"https:\/\/egyuttfejlodunk.hu\/wp-content\/uploads\/2026\/08\/DSC_0026-640x426.jpeg\" data-width=\"640\" data-height=\"426\" aria-label=\"\" role=\"img\" ><\/div>\n\t\t\t\t\t\t\t\t\t\t\t<div class=\"elementor-gallery-item__overlay\"><\/div>\n\t\t\t\t\t\t\t\t\t\t\t\t\t\t<\/a>\n\t\t\t\t\t\t\t<a class=\"e-gallery-item elementor-gallery-item elementor-animated-content\" href=\"https:\/\/egyuttfejlodunk.hu\/wp-content\/uploads\/2026\/08\/DSC_0002.jpeg\" data-elementor-open-lightbox=\"yes\" data-elementor-lightbox-slideshow=\"1ecc3a09\" data-e-action-hash=\"#elementor-action%3Aaction%3Dlightbox%26settings%3DeyJpZCI6MTIyMDcsInVybCI6Imh0dHBzOlwvXC9lZ3l1dHRmZWpsb2R1bmsuaHVcL3dwLWNvbnRlbnRcL3VwbG9hZHNcLzIwMjZcLzA4XC9EU0NfMDAwMi5qcGVnIiwic2xpZGVzaG93IjoiMWVjYzNhMDkifQ%3D%3D\">\n\t\t\t\t\t<div class=\"e-gallery-image elementor-gallery-item__image\" data-thumbnail=\"https:\/\/egyuttfejlodunk.hu\/wp-content\/uploads\/2026\/08\/DSC_0002-640x426.jpeg\" data-width=\"640\" data-height=\"426\" aria-label=\"\" role=\"img\" ><\/div>\n\t\t\t\t\t\t\t\t\t\t\t<div class=\"elementor-gallery-item__overlay\"><\/div>\n\t\t\t\t\t\t\t\t\t\t\t\t\t\t<\/a>\n\t\t\t\t\t\t\t<a class=\"e-gallery-item elementor-gallery-item elementor-animated-content\" href=\"https:\/\/egyuttfejlodunk.hu\/wp-content\/uploads\/2026\/08\/januar_1.jpeg\" data-elementor-open-lightbox=\"yes\" data-elementor-lightbox-slideshow=\"1ecc3a09\" data-e-action-hash=\"#elementor-action%3Aaction%3Dlightbox%26settings%3DeyJpZCI6MTIyMDgsInVybCI6Imh0dHBzOlwvXC9lZ3l1dHRmZWpsb2R1bmsuaHVcL3dwLWNvbnRlbnRcL3VwbG9hZHNcLzIwMjZcLzA4XC9qYW51YXJfMS5qcGVnIiwic2xpZGVzaG93IjoiMWVjYzNhMDkifQ%3D%3D\">\n\t\t\t\t\t<div class=\"e-gallery-image elementor-gallery-item__image\" data-thumbnail=\"https:\/\/egyuttfejlodunk.hu\/wp-content\/uploads\/2026\/08\/januar_1-640x631.jpeg\" data-width=\"640\" data-height=\"631\" aria-label=\"\" role=\"img\" ><\/div>\n\t\t\t\t\t\t\t\t\t\t\t<div class=\"elementor-gallery-item__overlay\"><\/div>\n\t\t\t\t\t\t\t\t\t\t\t\t\t\t<\/a>\n\t\t\t\t\t<\/div>\n\t\t\t\t\t<\/div>\n\t\t\t\t<div class=\"elementor-element elementor-element-59ebc0ef elementor-widget elementor-widget-text-editor\" data-id=\"59ebc0ef\" data-element_type=\"widget\" data-e-type=\"widget\" data-widget_type=\"text-editor.default\">\n\t\t\t\t\t\t\t\t\t<p>A program a TOP-7.1.1-16-H-ESZA-2019-00490 azonos\u00edt\u00f3 projekt keret\u00e9ben, eur\u00f3pai uni\u00f3s forr\u00e1s bevon\u00e1s\u00e1val val\u00f3sult meg.<\/p><p>Tov\u00e1bbi r\u00e9szletek a t\u00e1mogatott projekt keres\u0151ben:\u00a0<a class=\"tovabb\" href=\"https:\/\/www.palyazat.gov.hu\/eredmenyek\/tamogatott-projektek\/2089700201\" target=\"_blank\" rel=\"noopener\">Tov\u00e1bb<\/a><\/p><p>\u00a0<\/p>\t\t\t\t\t\t\t\t<\/div>\n\t\t\t\t\t<\/div>\n\t\t\t\t<\/div>\n\t\t\t\t<\/div>\n\t\t","protected":false},"excerpt":{"rendered":"<p>Amikor a tekintet, ami p\u00e1r perccel azel\u0151tt gyanakv\u00f3n pislogott az \u00f6r\u00f6kmozg\u00f3 sz\u0151rgomb\u00f3cra, f\u00e9lelemmel vegyes bizonytalans\u00e1ggal, hogy mit is kezdjen ezzel a n\u00e9gyl\u00e1b\u00fa, gyan\u00fasan nagy sz\u00e1j\u00fa, liheg\u0151, ny\u00e1ladz\u00f3, kajla f\u00fcl\u0171 l\u00e9nnyel, de f\u0151leg a kutya mit fog kezdeni vele, t\u00e9nyleg nem b\u00e1ntja-e majd, nem akarja-e esetleg megk\u00f3stolni, megkarmolni vagy \u00f6sszepiszkolni, ez a tekintet most kisimult, ahogy a g\u00f6nd\u00f6r bund\u00e1j\u00fa, nyakigl\u00e1b m\u00f3kamester elter\u00fclt \u00e9s hemperegni kezdett el\u0151tte a f\u00f6ld\u00f6n, \u00e9s amikor a barna kutyaszemek b\u00e1tor\u00edt\u00f3an \u00f6sszekacsintottak a&#8230;<\/p>\n","protected":false},"author":30,"featured_media":12232,"comment_status":"closed","ping_status":"closed","sticky":false,"template":"","format":"standard","meta":{"_acf_changed":false,"ngg_post_thumbnail":0,"footnotes":""},"categories":[173],"tags":[415,413,425],"megye":[1131],"class_list":["post-12202","post","type-post","status-publish","format-standard","has-post-thumbnail","hentry","category-top-hu","tag-eselyteremtes","tag-fejlesztes","tag-gondoskodo-tarsadalom","megye-tolna-megye"],"acf":[],"yoast_head":"<!-- This site is optimized with the Yoast SEO Premium plugin v28.4 (Yoast SEO v28.4) - https:\/\/yoast.com\/product\/yoast-seo-premium-wordpress\/ -->\n<title>Mancsokkal \u00e9p\u00edtett k\u00f6z\u00f6ss\u00e9g - Egy\u00fctt fejl\u0151d\u00fcnk<\/title>\n<meta name=\"robots\" content=\"noindex, follow, max-snippet:-1, max-image-preview:large, max-video-preview:-1\" \/>\n<meta property=\"og:locale\" content=\"hu_HU\" \/>\n<meta property=\"og:type\" content=\"article\" \/>\n<meta property=\"og:title\" content=\"Mancsokkal \u00e9p\u00edtett k\u00f6z\u00f6ss\u00e9g\" \/>\n<meta property=\"og:description\" content=\"Amikor a tekintet, ami p\u00e1r perccel azel\u0151tt gyanakv\u00f3n pislogott az \u00f6r\u00f6kmozg\u00f3 sz\u0151rgomb\u00f3cra, f\u00e9lelemmel vegyes bizonytalans\u00e1ggal, hogy mit is kezdjen ezzel a n\u00e9gyl\u00e1b\u00fa, gyan\u00fasan nagy sz\u00e1j\u00fa, liheg\u0151, ny\u00e1ladz\u00f3, kajla f\u00fcl\u0171 l\u00e9nnyel, de f\u0151leg a kutya mit fog kezdeni vele, t\u00e9nyleg nem b\u00e1ntja-e majd, nem akarja-e esetleg megk\u00f3stolni, megkarmolni vagy \u00f6sszepiszkolni, ez a tekintet most kisimult, ahogy a g\u00f6nd\u00f6r bund\u00e1j\u00fa, nyakigl\u00e1b m\u00f3kamester elter\u00fclt \u00e9s hemperegni kezdett el\u0151tte a f\u00f6ld\u00f6n, \u00e9s amikor a barna kutyaszemek b\u00e1tor\u00edt\u00f3an \u00f6sszekacsintottak a...\" \/>\n<meta property=\"og:url\" content=\"https:\/\/egyuttfejlodunk.hu\/?p=12202\" \/>\n<meta property=\"og:site_name\" content=\"Egy\u00fctt fejl\u0151d\u00fcnk\" \/>\n<meta property=\"article:published_time\" content=\"2026-08-28T08:53:08+00:00\" \/>\n<meta property=\"article:modified_time\" content=\"2026-08-31T11:25:44+00:00\" \/>\n<meta property=\"og:image\" content=\"https:\/\/egyuttfejlodunk.hu\/wp-content\/uploads\/2026\/08\/DSC_0020-1.jpg\" \/>\n\t<meta property=\"og:image:width\" content=\"1920\" \/>\n\t<meta property=\"og:image:height\" content=\"693\" \/>\n\t<meta property=\"og:image:type\" content=\"image\/jpeg\" \/>\n<meta name=\"author\" content=\"T\u00f3th Ferenc\" \/>\n<meta name=\"twitter:card\" content=\"summary_large_image\" \/>\n<meta name=\"twitter:label1\" content=\"Szerz\u0151:\" \/>\n\t<meta name=\"twitter:data1\" content=\"T\u00f3th Ferenc\" \/>\n\t<meta name=\"twitter:label2\" content=\"Becs\u00fclt olvas\u00e1si id\u0151\" \/>\n\t<meta name=\"twitter:data2\" content=\"3 perc\" \/>\n<script type=\"application\/ld+json\" class=\"yoast-schema-graph\">{\"@context\":\"https:\\\/\\\/schema.org\",\"@graph\":[{\"@type\":\"Article\",\"@id\":\"https:\\\/\\\/egyuttfejlodunk.hu\\\/?p=12202#article\",\"isPartOf\":{\"@id\":\"https:\\\/\\\/egyuttfejlodunk.hu\\\/?p=12202\"},\"author\":{\"name\":\"T\u00f3th Ferenc\",\"@id\":\"https:\\\/\\\/egyuttfejlodunk.hu\\\/#\\\/schema\\\/person\\\/94cc2e6bf0b14e6d5de3d603885ed8c5\"},\"headline\":\"Mancsokkal \u00e9p\u00edtett k\u00f6z\u00f6ss\u00e9g\",\"datePublished\":\"2026-08-28T08:53:08+00:00\",\"dateModified\":\"2026-08-31T11:25:44+00:00\",\"mainEntityOfPage\":{\"@id\":\"https:\\\/\\\/egyuttfejlodunk.hu\\\/?p=12202\"},\"wordCount\":774,\"publisher\":{\"@id\":\"https:\\\/\\\/egyuttfejlodunk.hu\\\/#organization\"},\"image\":{\"@id\":\"https:\\\/\\\/egyuttfejlodunk.hu\\\/?p=12202#primaryimage\"},\"thumbnailUrl\":\"https:\\\/\\\/egyuttfejlodunk.hu\\\/wp-content\\\/uploads\\\/2026\\\/08\\\/DSC_0020-1.jpg\",\"keywords\":[\"es\u00e9lyteremt\u00e9s\",\"fejleszt\u00e9s\",\"gondoskod\u00f3 t\u00e1rsadalom\"],\"articleSection\":[\"Top\"],\"inLanguage\":\"hu\"},{\"@type\":\"WebPage\",\"@id\":\"https:\\\/\\\/egyuttfejlodunk.hu\\\/?p=12202\",\"url\":\"https:\\\/\\\/egyuttfejlodunk.hu\\\/?p=12202\",\"name\":\"Mancsokkal \u00e9p\u00edtett k\u00f6z\u00f6ss\u00e9g - Egy\u00fctt fejl\u0151d\u00fcnk\",\"isPartOf\":{\"@id\":\"https:\\\/\\\/egyuttfejlodunk.hu\\\/#website\"},\"primaryImageOfPage\":{\"@id\":\"https:\\\/\\\/egyuttfejlodunk.hu\\\/?p=12202#primaryimage\"},\"image\":{\"@id\":\"https:\\\/\\\/egyuttfejlodunk.hu\\\/?p=12202#primaryimage\"},\"thumbnailUrl\":\"https:\\\/\\\/egyuttfejlodunk.hu\\\/wp-content\\\/uploads\\\/2026\\\/08\\\/DSC_0020-1.jpg\",\"datePublished\":\"2026-08-28T08:53:08+00:00\",\"dateModified\":\"2026-08-31T11:25:44+00:00\",\"breadcrumb\":{\"@id\":\"https:\\\/\\\/egyuttfejlodunk.hu\\\/?p=12202#breadcrumb\"},\"inLanguage\":\"hu\",\"potentialAction\":[{\"@type\":\"ReadAction\",\"target\":[\"https:\\\/\\\/egyuttfejlodunk.hu\\\/?p=12202\"]}]},{\"@type\":\"ImageObject\",\"inLanguage\":\"hu\",\"@id\":\"https:\\\/\\\/egyuttfejlodunk.hu\\\/?p=12202#primaryimage\",\"url\":\"https:\\\/\\\/egyuttfejlodunk.hu\\\/wp-content\\\/uploads\\\/2026\\\/08\\\/DSC_0020-1.jpg\",\"contentUrl\":\"https:\\\/\\\/egyuttfejlodunk.hu\\\/wp-content\\\/uploads\\\/2026\\\/08\\\/DSC_0020-1.jpg\",\"width\":1920,\"height\":693},{\"@type\":\"BreadcrumbList\",\"@id\":\"https:\\\/\\\/egyuttfejlodunk.hu\\\/?p=12202#breadcrumb\",\"itemListElement\":[{\"@type\":\"ListItem\",\"position\":1,\"name\":\"Home\",\"item\":\"https:\\\/\\\/egyuttfejlodunk.hu\\\/\"},{\"@type\":\"ListItem\",\"position\":2,\"name\":\"Mancsokkal \u00e9p\u00edtett k\u00f6z\u00f6ss\u00e9g\"}]},{\"@type\":\"WebSite\",\"@id\":\"https:\\\/\\\/egyuttfejlodunk.hu\\\/#website\",\"url\":\"https:\\\/\\\/egyuttfejlodunk.hu\\\/\",\"name\":\"Egy\u00fctt fejl\u0151d\u00fcnk\",\"description\":\"\",\"publisher\":{\"@id\":\"https:\\\/\\\/egyuttfejlodunk.hu\\\/#organization\"},\"potentialAction\":[{\"@type\":\"SearchAction\",\"target\":{\"@type\":\"EntryPoint\",\"urlTemplate\":\"https:\\\/\\\/egyuttfejlodunk.hu\\\/?s={search_term_string}\"},\"query-input\":{\"@type\":\"PropertyValueSpecification\",\"valueRequired\":true,\"valueName\":\"search_term_string\"}}],\"inLanguage\":\"hu\"},{\"@type\":\"Organization\",\"@id\":\"https:\\\/\\\/egyuttfejlodunk.hu\\\/#organization\",\"name\":\"Egy\u00fctt fejl\u0151d\u00fcnk\",\"url\":\"https:\\\/\\\/egyuttfejlodunk.hu\\\/\",\"logo\":{\"@type\":\"ImageObject\",\"inLanguage\":\"hu\",\"@id\":\"https:\\\/\\\/egyuttfejlodunk.hu\\\/#\\\/schema\\\/logo\\\/image\\\/\",\"url\":\"https:\\\/\\\/egyuttfejlodunk.hu\\\/wp-content\\\/uploads\\\/2026\\\/04\\\/ujlogo.jpg\",\"contentUrl\":\"https:\\\/\\\/egyuttfejlodunk.hu\\\/wp-content\\\/uploads\\\/2026\\\/04\\\/ujlogo.jpg\",\"width\":350,\"height\":110,\"caption\":\"Egy\u00fctt fejl\u0151d\u00fcnk\"},\"image\":{\"@id\":\"https:\\\/\\\/egyuttfejlodunk.hu\\\/#\\\/schema\\\/logo\\\/image\\\/\"}},{\"@type\":\"Person\",\"@id\":\"https:\\\/\\\/egyuttfejlodunk.hu\\\/#\\\/schema\\\/person\\\/94cc2e6bf0b14e6d5de3d603885ed8c5\",\"name\":\"T\u00f3th Ferenc\"}]}<\/script>\n<!-- \/ Yoast SEO Premium plugin. -->","yoast_head_json":{"title":"Mancsokkal \u00e9p\u00edtett k\u00f6z\u00f6ss\u00e9g - Egy\u00fctt fejl\u0151d\u00fcnk","robots":{"index":"noindex","follow":"follow","max-snippet":"max-snippet:-1","max-image-preview":"max-image-preview:large","max-video-preview":"max-video-preview:-1"},"og_locale":"hu_HU","og_type":"article","og_title":"Mancsokkal \u00e9p\u00edtett k\u00f6z\u00f6ss\u00e9g","og_description":"Amikor a tekintet, ami p\u00e1r perccel azel\u0151tt gyanakv\u00f3n pislogott az \u00f6r\u00f6kmozg\u00f3 sz\u0151rgomb\u00f3cra, f\u00e9lelemmel vegyes bizonytalans\u00e1ggal, hogy mit is kezdjen ezzel a n\u00e9gyl\u00e1b\u00fa, gyan\u00fasan nagy sz\u00e1j\u00fa, liheg\u0151, ny\u00e1ladz\u00f3, kajla f\u00fcl\u0171 l\u00e9nnyel, de f\u0151leg a kutya mit fog kezdeni vele, t\u00e9nyleg nem b\u00e1ntja-e majd, nem akarja-e esetleg megk\u00f3stolni, megkarmolni vagy \u00f6sszepiszkolni, ez a tekintet most kisimult, ahogy a g\u00f6nd\u00f6r bund\u00e1j\u00fa, nyakigl\u00e1b m\u00f3kamester elter\u00fclt \u00e9s hemperegni kezdett el\u0151tte a f\u00f6ld\u00f6n, \u00e9s amikor a barna kutyaszemek b\u00e1tor\u00edt\u00f3an \u00f6sszekacsintottak a...","og_url":"https:\/\/egyuttfejlodunk.hu\/?p=12202","og_site_name":"Egy\u00fctt fejl\u0151d\u00fcnk","article_published_time":"2026-08-28T08:53:08+00:00","article_modified_time":"2026-08-31T11:25:44+00:00","og_image":[{"width":1920,"height":693,"url":"https:\/\/egyuttfejlodunk.hu\/wp-content\/uploads\/2026\/08\/DSC_0020-1.jpg","type":"image\/jpeg"}],"author":"T\u00f3th Ferenc","twitter_card":"summary_large_image","twitter_misc":{"Szerz\u0151:":"T\u00f3th Ferenc","Becs\u00fclt olvas\u00e1si id\u0151":"3 perc"},"schema":{"@context":"https:\/\/schema.org","@graph":[{"@type":"Article","@id":"https:\/\/egyuttfejlodunk.hu\/?p=12202#article","isPartOf":{"@id":"https:\/\/egyuttfejlodunk.hu\/?p=12202"},"author":{"name":"T\u00f3th Ferenc","@id":"https:\/\/egyuttfejlodunk.hu\/#\/schema\/person\/94cc2e6bf0b14e6d5de3d603885ed8c5"},"headline":"Mancsokkal \u00e9p\u00edtett k\u00f6z\u00f6ss\u00e9g","datePublished":"2026-08-28T08:53:08+00:00","dateModified":"2026-08-31T11:25:44+00:00","mainEntityOfPage":{"@id":"https:\/\/egyuttfejlodunk.hu\/?p=12202"},"wordCount":774,"publisher":{"@id":"https:\/\/egyuttfejlodunk.hu\/#organization"},"image":{"@id":"https:\/\/egyuttfejlodunk.hu\/?p=12202#primaryimage"},"thumbnailUrl":"https:\/\/egyuttfejlodunk.hu\/wp-content\/uploads\/2026\/08\/DSC_0020-1.jpg","keywords":["es\u00e9lyteremt\u00e9s","fejleszt\u00e9s","gondoskod\u00f3 t\u00e1rsadalom"],"articleSection":["Top"],"inLanguage":"hu"},{"@type":"WebPage","@id":"https:\/\/egyuttfejlodunk.hu\/?p=12202","url":"https:\/\/egyuttfejlodunk.hu\/?p=12202","name":"Mancsokkal \u00e9p\u00edtett k\u00f6z\u00f6ss\u00e9g - Egy\u00fctt fejl\u0151d\u00fcnk","isPartOf":{"@id":"https:\/\/egyuttfejlodunk.hu\/#website"},"primaryImageOfPage":{"@id":"https:\/\/egyuttfejlodunk.hu\/?p=12202#primaryimage"},"image":{"@id":"https:\/\/egyuttfejlodunk.hu\/?p=12202#primaryimage"},"thumbnailUrl":"https:\/\/egyuttfejlodunk.hu\/wp-content\/uploads\/2026\/08\/DSC_0020-1.jpg","datePublished":"2026-08-28T08:53:08+00:00","dateModified":"2026-08-31T11:25:44+00:00","breadcrumb":{"@id":"https:\/\/egyuttfejlodunk.hu\/?p=12202#breadcrumb"},"inLanguage":"hu","potentialAction":[{"@type":"ReadAction","target":["https:\/\/egyuttfejlodunk.hu\/?p=12202"]}]},{"@type":"ImageObject","inLanguage":"hu","@id":"https:\/\/egyuttfejlodunk.hu\/?p=12202#primaryimage","url":"https:\/\/egyuttfejlodunk.hu\/wp-content\/uploads\/2026\/08\/DSC_0020-1.jpg","contentUrl":"https:\/\/egyuttfejlodunk.hu\/wp-content\/uploads\/2026\/08\/DSC_0020-1.jpg","width":1920,"height":693},{"@type":"BreadcrumbList","@id":"https:\/\/egyuttfejlodunk.hu\/?p=12202#breadcrumb","itemListElement":[{"@type":"ListItem","position":1,"name":"Home","item":"https:\/\/egyuttfejlodunk.hu\/"},{"@type":"ListItem","position":2,"name":"Mancsokkal \u00e9p\u00edtett k\u00f6z\u00f6ss\u00e9g"}]},{"@type":"WebSite","@id":"https:\/\/egyuttfejlodunk.hu\/#website","url":"https:\/\/egyuttfejlodunk.hu\/","name":"Egy\u00fctt fejl\u0151d\u00fcnk","description":"","publisher":{"@id":"https:\/\/egyuttfejlodunk.hu\/#organization"},"potentialAction":[{"@type":"SearchAction","target":{"@type":"EntryPoint","urlTemplate":"https:\/\/egyuttfejlodunk.hu\/?s={search_term_string}"},"query-input":{"@type":"PropertyValueSpecification","valueRequired":true,"valueName":"search_term_string"}}],"inLanguage":"hu"},{"@type":"Organization","@id":"https:\/\/egyuttfejlodunk.hu\/#organization","name":"Egy\u00fctt fejl\u0151d\u00fcnk","url":"https:\/\/egyuttfejlodunk.hu\/","logo":{"@type":"ImageObject","inLanguage":"hu","@id":"https:\/\/egyuttfejlodunk.hu\/#\/schema\/logo\/image\/","url":"https:\/\/egyuttfejlodunk.hu\/wp-content\/uploads\/2026\/04\/ujlogo.jpg","contentUrl":"https:\/\/egyuttfejlodunk.hu\/wp-content\/uploads\/2026\/04\/ujlogo.jpg","width":350,"height":110,"caption":"Egy\u00fctt fejl\u0151d\u00fcnk"},"image":{"@id":"https:\/\/egyuttfejlodunk.hu\/#\/schema\/logo\/image\/"}},{"@type":"Person","@id":"https:\/\/egyuttfejlodunk.hu\/#\/schema\/person\/94cc2e6bf0b14e6d5de3d603885ed8c5","name":"T\u00f3th Ferenc"}]}},"_links":{"self":[{"href":"https:\/\/egyuttfejlodunk.hu\/index.php?rest_route=\/wp\/v2\/posts\/12202","targetHints":{"allow":["GET"]}}],"collection":[{"href":"https:\/\/egyuttfejlodunk.hu\/index.php?rest_route=\/wp\/v2\/posts"}],"about":[{"href":"https:\/\/egyuttfejlodunk.hu\/index.php?rest_route=\/wp\/v2\/types\/post"}],"author":[{"embeddable":true,"href":"https:\/\/egyuttfejlodunk.hu\/index.php?rest_route=\/wp\/v2\/users\/30"}],"replies":[{"embeddable":true,"href":"https:\/\/egyuttfejlodunk.hu\/index.php?rest_route=%2Fwp%2Fv2%2Fcomments&post=12202"}],"version-history":[{"count":8,"href":"https:\/\/egyuttfejlodunk.hu\/index.php?rest_route=\/wp\/v2\/posts\/12202\/revisions"}],"predecessor-version":[{"id":12235,"href":"https:\/\/egyuttfejlodunk.hu\/index.php?rest_route=\/wp\/v2\/posts\/12202\/revisions\/12235"}],"wp:featuredmedia":[{"embeddable":true,"href":"https:\/\/egyuttfejlodunk.hu\/index.php?rest_route=\/wp\/v2\/media\/12232"}],"wp:attachment":[{"href":"https:\/\/egyuttfejlodunk.hu\/index.php?rest_route=%2Fwp%2Fv2%2Fmedia&parent=12202"}],"wp:term":[{"taxonomy":"category","embeddable":true,"href":"https:\/\/egyuttfejlodunk.hu\/index.php?rest_route=%2Fwp%2Fv2%2Fcategories&post=12202"},{"taxonomy":"post_tag","embeddable":true,"href":"https:\/\/egyuttfejlodunk.hu\/index.php?rest_route=%2Fwp%2Fv2%2Ftags&post=12202"},{"taxonomy":"megye","embeddable":true,"href":"https:\/\/egyuttfejlodunk.hu\/index.php?rest_route=%2Fwp%2Fv2%2Fmegye&post=12202"}],"curies":[{"name":"wp","href":"https:\/\/api.w.org\/{rel}","templated":true}]}}