{"id":12254,"date":"2026-09-02T09:57:40","date_gmt":"2026-09-02T07:57:40","guid":{"rendered":"https:\/\/egyuttfejlodunk.hu\/?p=12254"},"modified":"2026-09-01T10:30:55","modified_gmt":"2026-09-01T08:30:55","slug":"megbizhatobb-energiaellatas-az-eszak-alfoldi-iskolakban","status":"publish","type":"post","link":"https:\/\/egyuttfejlodunk.hu\/?p=12254","title":{"rendered":"Megb\u00edzhat\u00f3bb energiaell\u00e1t\u00e1s az \u00e9szak-alf\u00f6ldi iskol\u00e1kban"},"content":{"rendered":"<p><strong>A korszer\u0171 oktat\u00e1st seg\u00edt\u0151 digit\u00e1lis eszk\u00f6z\u00f6k bizony nem kev\u00e9s elektromos \u00e1ramot fogyasztanak, mindennapos haszn\u00e1latuk komoly terhel\u00e9st jelent az iskol\u00e1k villamos h\u00e1l\u00f3zat\u00e1ra. A g\u00f6rd\u00fcl\u00e9keny m\u0171k\u00f6d\u00e9s \u00e9rdek\u00e9ben a Beretty\u00f3\u00fajfalui Tanker\u00fcleti K\u00f6zpont hat int\u00e9zm\u00e9ny\u00e9nek t\u00edz \u00e9p\u00fclet\u00e9ben korszer\u0171s\u00edtett\u00e9k az elektromos rendszert.<\/strong><\/p>\n<p>A fejleszt\u00e9s a Furtai Bessenyei Gy\u00f6rgy \u00c1ltal\u00e1nos Iskola Pet\u0151fi utcai, valamint k\u00e9t Templom utcai \u00e9p\u00fclet\u00e9t, tov\u00e1bb\u00e1 a s\u00e1rr\u00e9tudvari J\u00f3kai M\u00f3r \u00c1ltal\u00e1nos Iskola Erzs\u00e9bet utcai \u00e9s k\u00e9t Kossuth utcai helysz\u00edn\u00e9t \u00e9rintette, valamint moderniz\u00e1lt\u00e1k a p\u00fcsp\u00f6klad\u00e1nyi K\u00e1lvin T\u00e9ri \u00c1ltal\u00e1nos Iskola \u00e9p\u00fcleteinek, valamint az Irinyi K\u00e1roly \u00c1ltal\u00e1nos Iskola hencidai telephely\u00e9nek villamos h\u00e1l\u00f3zat\u00e1t is. A beruh\u00e1z\u00e1s r\u00e9sze volt tov\u00e1bb\u00e1 a Kom\u00e1diban tal\u00e1lhat\u00f3 Barsi D\u00e9nes \u00c1ltal\u00e1nos Iskola F\u0151 utca 96. sz\u00e1m alatti telephely\u00e9nek, illetve a Cs\u00f6km\u0151i Bocskai Istv\u00e1n \u00c1ltal\u00e1nos Iskola \u00e9s Alapfok\u00fa M\u0171v\u00e9szeti Iskola Kossuth utcai telephely\u00e9nek meg\u00faj\u00edt\u00e1sa.<\/p>\n<p>Az int\u00e9zm\u00e9nyek egy r\u00e9sz\u00e9ben k\u00f6zel negyven \u00e9ve nem t\u00f6rt\u00e9nt jelent\u0151sebb elektromos h\u00e1l\u00f3zatfejleszt\u00e9s. Az eredetileg j\u00f3val kisebb terhel\u00e9sre tervezett rendszereknek id\u0151vel egyre t\u00f6bb sz\u00e1m\u00edt\u00f3g\u00e9pet, digit\u00e1lis eszk\u00f6zt \u00e9s m\u00e1s elektromos berendez\u00e9st kellett kiszolg\u00e1lniuk. A korszer\u0171s\u00edt\u00e9s teh\u00e1t elengedhetetlen volt ahhoz, hogy az iskol\u00e1k m\u0171szaki h\u00e1ttere megfeleljen a mai oktat\u00e1s ig\u00e9nyeinek.<\/p>\n<p>A munk\u00e1latok sor\u00e1n fel\u00faj\u00edtott\u00e1k az \u00e9p\u00fcletek er\u0151s\u00e1ram\u00fa villamos h\u00e1l\u00f3zat\u00e1t. Meg\u00fajultak az eloszt\u00f3szekr\u00e9nyek, a k\u00e1belnyomvonalak \u00e9s a v\u00e9d\u0151cs\u00f6vek, emellett \u00faj vezet\u00e9keket, l\u00e1mpatesteket, kapcsol\u00f3kat \u00e9s csatlakoz\u00f3aljzatokat \u00e9p\u00edtettek be. Fel\u00fclvizsg\u00e1lt\u00e1k az \u00e9p\u00fcletek villamos csatlakoz\u00e1si teljes\u00edtm\u00e9ny\u00e9t, szabv\u00e1nyos\u00edtott\u00e1k a megl\u00e9v\u0151 fogyaszt\u00e1sm\u00e9r\u0151 szekr\u00e9nyeket, majd kijav\u00edtott\u00e1k \u00e9s \u00fajrafestett\u00e9k a munk\u00e1latok sor\u00e1n \u00e9rintett falfel\u00fcleteket.<\/p>\n<p>A kivitelez\u00e9sn\u00e9l az akad\u00e1lymentes haszn\u00e1latra is figyelmet ford\u00edtottak. A kapcsol\u00f3k \u00e9s a csatlakoz\u00f3aljzatok kialak\u00edt\u00e1s\u00e1n\u00e1l, valamint elhelyez\u00e9s\u00e9n\u00e9l arra t\u00f6rekedtek, hogy azok a fogyat\u00e9koss\u00e1ggal \u00e9l\u0151k sz\u00e1m\u00e1ra is k\u00f6nnyen hozz\u00e1f\u00e9rhet\u0151k legyenek.<\/p>\n<p>A korszer\u0171s\u00edt\u00e9s eredm\u00e9nyek\u00e9nt az \u00e9rintett iskol\u00e1k villamos h\u00e1l\u00f3zata biztons\u00e1gosabban \u00e9s megb\u00edzhat\u00f3bban m\u0171k\u00f6dik. A fejleszt\u00e9s megfelel\u0151 h\u00e1tteret biztos\u00edt a vil\u00e1g\u00edt\u00e1s, valamint az informatikai \u00e9s digit\u00e1lis eszk\u00f6z\u00f6k mindennapi haszn\u00e1lat\u00e1hoz, ezzel is seg\u00edtve az iskolai tan\u00edt\u00e1s \u00e9s tanul\u00e1s zavartalan m\u0171k\u00f6d\u00e9s\u00e9t.<\/p>\n<p><img fetchpriority=\"high\" decoding=\"async\" class=\"alignnone size-full wp-image-12256\" src=\"https:\/\/egyuttfejlodunk.hu\/wp-content\/uploads\/2026\/09\/EFOP-4.1.12-22-2023-00046-0002-1-640x480-1.jpg\" alt=\"\" width=\"640\" height=\"480\" srcset=\"https:\/\/egyuttfejlodunk.hu\/wp-content\/uploads\/2026\/09\/EFOP-4.1.12-22-2023-00046-0002-1-640x480-1.jpg 640w, https:\/\/egyuttfejlodunk.hu\/wp-content\/uploads\/2026\/09\/EFOP-4.1.12-22-2023-00046-0002-1-640x480-1-320x240.jpg 320w\" sizes=\"(max-width: 640px) 100vw, 640px\" \/><\/p>\n<p>A program a EFOP-4.1.12-22-2023-00046 azonos\u00edt\u00f3 projekt keret\u00e9ben, eur\u00f3pai uni\u00f3s forr\u00e1s bevon\u00e1s\u00e1val val\u00f3sult meg.<\/p>\n<p>Tov\u00e1bbi r\u00e9szletek a t\u00e1mogatott projekt keres\u0151ben:<a class=\"tovabb\" href=\"https:\/\/www.palyazat.gov.hu\/eredmenyek\/tamogatott-projektek\/3681580201\" target=\"_blank\" rel=\"noopener\">Tov\u00e1bb<\/a><\/p>\n","protected":false},"excerpt":{"rendered":"<p>A korszer\u0171 oktat\u00e1st seg\u00edt\u0151 digit\u00e1lis eszk\u00f6z\u00f6k bizony nem kev\u00e9s elektromos \u00e1ramot fogyasztanak, mindennapos haszn\u00e1latuk komoly terhel\u00e9st jelent az iskol\u00e1k villamos h\u00e1l\u00f3zat\u00e1ra. A g\u00f6rd\u00fcl\u00e9keny m\u0171k\u00f6d\u00e9s \u00e9rdek\u00e9ben a Beretty\u00f3\u00fajfalui Tanker\u00fcleti K\u00f6zpont hat int\u00e9zm\u00e9ny\u00e9nek t\u00edz \u00e9p\u00fclet\u00e9ben korszer\u0171s\u00edtett\u00e9k az elektromos rendszert. A fejleszt\u00e9s a Furtai Bessenyei Gy\u00f6rgy \u00c1ltal\u00e1nos Iskola Pet\u0151fi utcai, valamint k\u00e9t Templom utcai \u00e9p\u00fclet\u00e9t, tov\u00e1bb\u00e1 a s\u00e1rr\u00e9tudvari J\u00f3kai M\u00f3r \u00c1ltal\u00e1nos Iskola Erzs\u00e9bet utcai \u00e9s k\u00e9t Kossuth utcai helysz\u00edn\u00e9t \u00e9rintette, valamint moderniz\u00e1lt\u00e1k a p\u00fcsp\u00f6klad\u00e1nyi K\u00e1lvin T\u00e9ri \u00c1ltal\u00e1nos Iskola&#8230;<\/p>\n","protected":false},"author":30,"featured_media":12255,"comment_status":"closed","ping_status":"closed","sticky":false,"template":"","format":"standard","meta":{"_acf_changed":false,"ngg_post_thumbnail":0,"footnotes":""},"categories":[154],"tags":[431,487],"megye":[1123],"class_list":["post-12254","post","type-post","status-publish","format-standard","has-post-thumbnail","hentry","category-efop-hu","tag-energiahatekonysag","tag-intezmenyfejlesztes","megye-hajdu-bihar-megye"],"acf":[],"yoast_head":"<!-- This site is optimized with the Yoast SEO Premium plugin v28.4 (Yoast SEO v28.4) - https:\/\/yoast.com\/product\/yoast-seo-premium-wordpress\/ -->\n<title>Megb\u00edzhat\u00f3bb energiaell\u00e1t\u00e1s az \u00e9szak-alf\u00f6ldi iskol\u00e1kban - Egy\u00fctt fejl\u0151d\u00fcnk<\/title>\n<meta name=\"robots\" content=\"noindex, follow, max-snippet:-1, max-image-preview:large, max-video-preview:-1\" \/>\n<meta property=\"og:locale\" content=\"hu_HU\" \/>\n<meta property=\"og:type\" content=\"article\" \/>\n<meta property=\"og:title\" content=\"Megb\u00edzhat\u00f3bb energiaell\u00e1t\u00e1s az \u00e9szak-alf\u00f6ldi iskol\u00e1kban\" \/>\n<meta property=\"og:description\" content=\"A korszer\u0171 oktat\u00e1st seg\u00edt\u0151 digit\u00e1lis eszk\u00f6z\u00f6k bizony nem kev\u00e9s elektromos \u00e1ramot fogyasztanak, mindennapos haszn\u00e1latuk komoly terhel\u00e9st jelent az iskol\u00e1k villamos h\u00e1l\u00f3zat\u00e1ra. A g\u00f6rd\u00fcl\u00e9keny m\u0171k\u00f6d\u00e9s \u00e9rdek\u00e9ben a Beretty\u00f3\u00fajfalui Tanker\u00fcleti K\u00f6zpont hat int\u00e9zm\u00e9ny\u00e9nek t\u00edz \u00e9p\u00fclet\u00e9ben korszer\u0171s\u00edtett\u00e9k az elektromos rendszert. A fejleszt\u00e9s a Furtai Bessenyei Gy\u00f6rgy \u00c1ltal\u00e1nos Iskola Pet\u0151fi utcai, valamint k\u00e9t Templom utcai \u00e9p\u00fclet\u00e9t, tov\u00e1bb\u00e1 a s\u00e1rr\u00e9tudvari J\u00f3kai M\u00f3r \u00c1ltal\u00e1nos Iskola Erzs\u00e9bet utcai \u00e9s k\u00e9t Kossuth utcai helysz\u00edn\u00e9t \u00e9rintette, valamint moderniz\u00e1lt\u00e1k a p\u00fcsp\u00f6klad\u00e1nyi K\u00e1lvin T\u00e9ri \u00c1ltal\u00e1nos Iskola...\" \/>\n<meta property=\"og:url\" content=\"https:\/\/egyuttfejlodunk.hu\/?p=12254\" \/>\n<meta property=\"og:site_name\" content=\"Egy\u00fctt fejl\u0151d\u00fcnk\" \/>\n<meta property=\"article:published_time\" content=\"2026-09-02T07:57:40+00:00\" \/>\n<meta property=\"og:image\" content=\"https:\/\/egyuttfejlodunk.hu\/wp-content\/uploads\/2026\/09\/shutterstock_2750485195.jpg\" \/>\n\t<meta property=\"og:image:width\" content=\"1920\" \/>\n\t<meta property=\"og:image:height\" content=\"1011\" \/>\n\t<meta property=\"og:image:type\" content=\"image\/jpeg\" \/>\n<meta name=\"author\" content=\"T\u00f3th Ferenc\" \/>\n<meta name=\"twitter:card\" content=\"summary_large_image\" \/>\n<meta name=\"twitter:label1\" content=\"Szerz\u0151:\" \/>\n\t<meta name=\"twitter:data1\" content=\"T\u00f3th Ferenc\" \/>\n\t<meta name=\"twitter:label2\" content=\"Becs\u00fclt olvas\u00e1si id\u0151\" \/>\n\t<meta name=\"twitter:data2\" content=\"3 perc\" \/>\n<script type=\"application\/ld+json\" class=\"yoast-schema-graph\">{\"@context\":\"https:\\\/\\\/schema.org\",\"@graph\":[{\"@type\":\"Article\",\"@id\":\"https:\\\/\\\/egyuttfejlodunk.hu\\\/?p=12254#article\",\"isPartOf\":{\"@id\":\"https:\\\/\\\/egyuttfejlodunk.hu\\\/?p=12254\"},\"author\":{\"name\":\"T\u00f3th Ferenc\",\"@id\":\"https:\\\/\\\/egyuttfejlodunk.hu\\\/#\\\/schema\\\/person\\\/94cc2e6bf0b14e6d5de3d603885ed8c5\"},\"headline\":\"Megb\u00edzhat\u00f3bb energiaell\u00e1t\u00e1s az \u00e9szak-alf\u00f6ldi iskol\u00e1kban\",\"datePublished\":\"2026-09-02T07:57:40+00:00\",\"mainEntityOfPage\":{\"@id\":\"https:\\\/\\\/egyuttfejlodunk.hu\\\/?p=12254\"},\"wordCount\":540,\"publisher\":{\"@id\":\"https:\\\/\\\/egyuttfejlodunk.hu\\\/#organization\"},\"image\":{\"@id\":\"https:\\\/\\\/egyuttfejlodunk.hu\\\/?p=12254#primaryimage\"},\"thumbnailUrl\":\"https:\\\/\\\/egyuttfejlodunk.hu\\\/wp-content\\\/uploads\\\/2026\\\/09\\\/shutterstock_2750485195.jpg\",\"keywords\":[\"energiahat\u00e9konys\u00e1g\",\"int\u00e9zm\u00e9nyfejleszt\u00e9s\"],\"articleSection\":[\"EFOP\"],\"inLanguage\":\"hu\"},{\"@type\":\"WebPage\",\"@id\":\"https:\\\/\\\/egyuttfejlodunk.hu\\\/?p=12254\",\"url\":\"https:\\\/\\\/egyuttfejlodunk.hu\\\/?p=12254\",\"name\":\"Megb\u00edzhat\u00f3bb energiaell\u00e1t\u00e1s az \u00e9szak-alf\u00f6ldi iskol\u00e1kban - Egy\u00fctt fejl\u0151d\u00fcnk\",\"isPartOf\":{\"@id\":\"https:\\\/\\\/egyuttfejlodunk.hu\\\/#website\"},\"primaryImageOfPage\":{\"@id\":\"https:\\\/\\\/egyuttfejlodunk.hu\\\/?p=12254#primaryimage\"},\"image\":{\"@id\":\"https:\\\/\\\/egyuttfejlodunk.hu\\\/?p=12254#primaryimage\"},\"thumbnailUrl\":\"https:\\\/\\\/egyuttfejlodunk.hu\\\/wp-content\\\/uploads\\\/2026\\\/09\\\/shutterstock_2750485195.jpg\",\"datePublished\":\"2026-09-02T07:57:40+00:00\",\"breadcrumb\":{\"@id\":\"https:\\\/\\\/egyuttfejlodunk.hu\\\/?p=12254#breadcrumb\"},\"inLanguage\":\"hu\",\"potentialAction\":[{\"@type\":\"ReadAction\",\"target\":[\"https:\\\/\\\/egyuttfejlodunk.hu\\\/?p=12254\"]}]},{\"@type\":\"ImageObject\",\"inLanguage\":\"hu\",\"@id\":\"https:\\\/\\\/egyuttfejlodunk.hu\\\/?p=12254#primaryimage\",\"url\":\"https:\\\/\\\/egyuttfejlodunk.hu\\\/wp-content\\\/uploads\\\/2026\\\/09\\\/shutterstock_2750485195.jpg\",\"contentUrl\":\"https:\\\/\\\/egyuttfejlodunk.hu\\\/wp-content\\\/uploads\\\/2026\\\/09\\\/shutterstock_2750485195.jpg\",\"width\":1920,\"height\":1011},{\"@type\":\"BreadcrumbList\",\"@id\":\"https:\\\/\\\/egyuttfejlodunk.hu\\\/?p=12254#breadcrumb\",\"itemListElement\":[{\"@type\":\"ListItem\",\"position\":1,\"name\":\"Home\",\"item\":\"https:\\\/\\\/egyuttfejlodunk.hu\\\/\"},{\"@type\":\"ListItem\",\"position\":2,\"name\":\"Megb\u00edzhat\u00f3bb energiaell\u00e1t\u00e1s az \u00e9szak-alf\u00f6ldi iskol\u00e1kban\"}]},{\"@type\":\"WebSite\",\"@id\":\"https:\\\/\\\/egyuttfejlodunk.hu\\\/#website\",\"url\":\"https:\\\/\\\/egyuttfejlodunk.hu\\\/\",\"name\":\"Egy\u00fctt fejl\u0151d\u00fcnk\",\"description\":\"\",\"publisher\":{\"@id\":\"https:\\\/\\\/egyuttfejlodunk.hu\\\/#organization\"},\"potentialAction\":[{\"@type\":\"SearchAction\",\"target\":{\"@type\":\"EntryPoint\",\"urlTemplate\":\"https:\\\/\\\/egyuttfejlodunk.hu\\\/?s={search_term_string}\"},\"query-input\":{\"@type\":\"PropertyValueSpecification\",\"valueRequired\":true,\"valueName\":\"search_term_string\"}}],\"inLanguage\":\"hu\"},{\"@type\":\"Organization\",\"@id\":\"https:\\\/\\\/egyuttfejlodunk.hu\\\/#organization\",\"name\":\"Egy\u00fctt fejl\u0151d\u00fcnk\",\"url\":\"https:\\\/\\\/egyuttfejlodunk.hu\\\/\",\"logo\":{\"@type\":\"ImageObject\",\"inLanguage\":\"hu\",\"@id\":\"https:\\\/\\\/egyuttfejlodunk.hu\\\/#\\\/schema\\\/logo\\\/image\\\/\",\"url\":\"https:\\\/\\\/egyuttfejlodunk.hu\\\/wp-content\\\/uploads\\\/2026\\\/04\\\/ujlogo.jpg\",\"contentUrl\":\"https:\\\/\\\/egyuttfejlodunk.hu\\\/wp-content\\\/uploads\\\/2026\\\/04\\\/ujlogo.jpg\",\"width\":350,\"height\":110,\"caption\":\"Egy\u00fctt fejl\u0151d\u00fcnk\"},\"image\":{\"@id\":\"https:\\\/\\\/egyuttfejlodunk.hu\\\/#\\\/schema\\\/logo\\\/image\\\/\"}},{\"@type\":\"Person\",\"@id\":\"https:\\\/\\\/egyuttfejlodunk.hu\\\/#\\\/schema\\\/person\\\/94cc2e6bf0b14e6d5de3d603885ed8c5\",\"name\":\"T\u00f3th Ferenc\"}]}<\/script>\n<!-- \/ Yoast SEO Premium plugin. -->","yoast_head_json":{"title":"Megb\u00edzhat\u00f3bb energiaell\u00e1t\u00e1s az \u00e9szak-alf\u00f6ldi iskol\u00e1kban - Egy\u00fctt fejl\u0151d\u00fcnk","robots":{"index":"noindex","follow":"follow","max-snippet":"max-snippet:-1","max-image-preview":"max-image-preview:large","max-video-preview":"max-video-preview:-1"},"og_locale":"hu_HU","og_type":"article","og_title":"Megb\u00edzhat\u00f3bb energiaell\u00e1t\u00e1s az \u00e9szak-alf\u00f6ldi iskol\u00e1kban","og_description":"A korszer\u0171 oktat\u00e1st seg\u00edt\u0151 digit\u00e1lis eszk\u00f6z\u00f6k bizony nem kev\u00e9s elektromos \u00e1ramot fogyasztanak, mindennapos haszn\u00e1latuk komoly terhel\u00e9st jelent az iskol\u00e1k villamos h\u00e1l\u00f3zat\u00e1ra. A g\u00f6rd\u00fcl\u00e9keny m\u0171k\u00f6d\u00e9s \u00e9rdek\u00e9ben a Beretty\u00f3\u00fajfalui Tanker\u00fcleti K\u00f6zpont hat int\u00e9zm\u00e9ny\u00e9nek t\u00edz \u00e9p\u00fclet\u00e9ben korszer\u0171s\u00edtett\u00e9k az elektromos rendszert. A fejleszt\u00e9s a Furtai Bessenyei Gy\u00f6rgy \u00c1ltal\u00e1nos Iskola Pet\u0151fi utcai, valamint k\u00e9t Templom utcai \u00e9p\u00fclet\u00e9t, tov\u00e1bb\u00e1 a s\u00e1rr\u00e9tudvari J\u00f3kai M\u00f3r \u00c1ltal\u00e1nos Iskola Erzs\u00e9bet utcai \u00e9s k\u00e9t Kossuth utcai helysz\u00edn\u00e9t \u00e9rintette, valamint moderniz\u00e1lt\u00e1k a p\u00fcsp\u00f6klad\u00e1nyi K\u00e1lvin T\u00e9ri \u00c1ltal\u00e1nos Iskola...","og_url":"https:\/\/egyuttfejlodunk.hu\/?p=12254","og_site_name":"Egy\u00fctt fejl\u0151d\u00fcnk","article_published_time":"2026-09-02T07:57:40+00:00","og_image":[{"width":1920,"height":1011,"url":"https:\/\/egyuttfejlodunk.hu\/wp-content\/uploads\/2026\/09\/shutterstock_2750485195.jpg","type":"image\/jpeg"}],"author":"T\u00f3th Ferenc","twitter_card":"summary_large_image","twitter_misc":{"Szerz\u0151:":"T\u00f3th Ferenc","Becs\u00fclt olvas\u00e1si id\u0151":"3 perc"},"schema":{"@context":"https:\/\/schema.org","@graph":[{"@type":"Article","@id":"https:\/\/egyuttfejlodunk.hu\/?p=12254#article","isPartOf":{"@id":"https:\/\/egyuttfejlodunk.hu\/?p=12254"},"author":{"name":"T\u00f3th Ferenc","@id":"https:\/\/egyuttfejlodunk.hu\/#\/schema\/person\/94cc2e6bf0b14e6d5de3d603885ed8c5"},"headline":"Megb\u00edzhat\u00f3bb energiaell\u00e1t\u00e1s az \u00e9szak-alf\u00f6ldi iskol\u00e1kban","datePublished":"2026-09-02T07:57:40+00:00","mainEntityOfPage":{"@id":"https:\/\/egyuttfejlodunk.hu\/?p=12254"},"wordCount":540,"publisher":{"@id":"https:\/\/egyuttfejlodunk.hu\/#organization"},"image":{"@id":"https:\/\/egyuttfejlodunk.hu\/?p=12254#primaryimage"},"thumbnailUrl":"https:\/\/egyuttfejlodunk.hu\/wp-content\/uploads\/2026\/09\/shutterstock_2750485195.jpg","keywords":["energiahat\u00e9konys\u00e1g","int\u00e9zm\u00e9nyfejleszt\u00e9s"],"articleSection":["EFOP"],"inLanguage":"hu"},{"@type":"WebPage","@id":"https:\/\/egyuttfejlodunk.hu\/?p=12254","url":"https:\/\/egyuttfejlodunk.hu\/?p=12254","name":"Megb\u00edzhat\u00f3bb energiaell\u00e1t\u00e1s az \u00e9szak-alf\u00f6ldi iskol\u00e1kban - Egy\u00fctt fejl\u0151d\u00fcnk","isPartOf":{"@id":"https:\/\/egyuttfejlodunk.hu\/#website"},"primaryImageOfPage":{"@id":"https:\/\/egyuttfejlodunk.hu\/?p=12254#primaryimage"},"image":{"@id":"https:\/\/egyuttfejlodunk.hu\/?p=12254#primaryimage"},"thumbnailUrl":"https:\/\/egyuttfejlodunk.hu\/wp-content\/uploads\/2026\/09\/shutterstock_2750485195.jpg","datePublished":"2026-09-02T07:57:40+00:00","breadcrumb":{"@id":"https:\/\/egyuttfejlodunk.hu\/?p=12254#breadcrumb"},"inLanguage":"hu","potentialAction":[{"@type":"ReadAction","target":["https:\/\/egyuttfejlodunk.hu\/?p=12254"]}]},{"@type":"ImageObject","inLanguage":"hu","@id":"https:\/\/egyuttfejlodunk.hu\/?p=12254#primaryimage","url":"https:\/\/egyuttfejlodunk.hu\/wp-content\/uploads\/2026\/09\/shutterstock_2750485195.jpg","contentUrl":"https:\/\/egyuttfejlodunk.hu\/wp-content\/uploads\/2026\/09\/shutterstock_2750485195.jpg","width":1920,"height":1011},{"@type":"BreadcrumbList","@id":"https:\/\/egyuttfejlodunk.hu\/?p=12254#breadcrumb","itemListElement":[{"@type":"ListItem","position":1,"name":"Home","item":"https:\/\/egyuttfejlodunk.hu\/"},{"@type":"ListItem","position":2,"name":"Megb\u00edzhat\u00f3bb energiaell\u00e1t\u00e1s az \u00e9szak-alf\u00f6ldi iskol\u00e1kban"}]},{"@type":"WebSite","@id":"https:\/\/egyuttfejlodunk.hu\/#website","url":"https:\/\/egyuttfejlodunk.hu\/","name":"Egy\u00fctt fejl\u0151d\u00fcnk","description":"","publisher":{"@id":"https:\/\/egyuttfejlodunk.hu\/#organization"},"potentialAction":[{"@type":"SearchAction","target":{"@type":"EntryPoint","urlTemplate":"https:\/\/egyuttfejlodunk.hu\/?s={search_term_string}"},"query-input":{"@type":"PropertyValueSpecification","valueRequired":true,"valueName":"search_term_string"}}],"inLanguage":"hu"},{"@type":"Organization","@id":"https:\/\/egyuttfejlodunk.hu\/#organization","name":"Egy\u00fctt fejl\u0151d\u00fcnk","url":"https:\/\/egyuttfejlodunk.hu\/","logo":{"@type":"ImageObject","inLanguage":"hu","@id":"https:\/\/egyuttfejlodunk.hu\/#\/schema\/logo\/image\/","url":"https:\/\/egyuttfejlodunk.hu\/wp-content\/uploads\/2026\/04\/ujlogo.jpg","contentUrl":"https:\/\/egyuttfejlodunk.hu\/wp-content\/uploads\/2026\/04\/ujlogo.jpg","width":350,"height":110,"caption":"Egy\u00fctt fejl\u0151d\u00fcnk"},"image":{"@id":"https:\/\/egyuttfejlodunk.hu\/#\/schema\/logo\/image\/"}},{"@type":"Person","@id":"https:\/\/egyuttfejlodunk.hu\/#\/schema\/person\/94cc2e6bf0b14e6d5de3d603885ed8c5","name":"T\u00f3th Ferenc"}]}},"_links":{"self":[{"href":"https:\/\/egyuttfejlodunk.hu\/index.php?rest_route=\/wp\/v2\/posts\/12254","targetHints":{"allow":["GET"]}}],"collection":[{"href":"https:\/\/egyuttfejlodunk.hu\/index.php?rest_route=\/wp\/v2\/posts"}],"about":[{"href":"https:\/\/egyuttfejlodunk.hu\/index.php?rest_route=\/wp\/v2\/types\/post"}],"author":[{"embeddable":true,"href":"https:\/\/egyuttfejlodunk.hu\/index.php?rest_route=\/wp\/v2\/users\/30"}],"replies":[{"embeddable":true,"href":"https:\/\/egyuttfejlodunk.hu\/index.php?rest_route=%2Fwp%2Fv2%2Fcomments&post=12254"}],"version-history":[{"count":1,"href":"https:\/\/egyuttfejlodunk.hu\/index.php?rest_route=\/wp\/v2\/posts\/12254\/revisions"}],"predecessor-version":[{"id":12257,"href":"https:\/\/egyuttfejlodunk.hu\/index.php?rest_route=\/wp\/v2\/posts\/12254\/revisions\/12257"}],"wp:featuredmedia":[{"embeddable":true,"href":"https:\/\/egyuttfejlodunk.hu\/index.php?rest_route=\/wp\/v2\/media\/12255"}],"wp:attachment":[{"href":"https:\/\/egyuttfejlodunk.hu\/index.php?rest_route=%2Fwp%2Fv2%2Fmedia&parent=12254"}],"wp:term":[{"taxonomy":"category","embeddable":true,"href":"https:\/\/egyuttfejlodunk.hu\/index.php?rest_route=%2Fwp%2Fv2%2Fcategories&post=12254"},{"taxonomy":"post_tag","embeddable":true,"href":"https:\/\/egyuttfejlodunk.hu\/index.php?rest_route=%2Fwp%2Fv2%2Ftags&post=12254"},{"taxonomy":"megye","embeddable":true,"href":"https:\/\/egyuttfejlodunk.hu\/index.php?rest_route=%2Fwp%2Fv2%2Fmegye&post=12254"}],"curies":[{"name":"wp","href":"https:\/\/api.w.org\/{rel}","templated":true}]}}