{"id":2828,"date":"2023-06-22T16:03:40","date_gmt":"2023-06-22T14:03:40","guid":{"rendered":"http:\/\/fejlesztesihirek.hu\/?p=2828"},"modified":"2026-09-02T13:15:48","modified_gmt":"2026-09-02T11:15:48","slug":"nyomkovetes-a-feladastol-a-kezbesitesig","status":"publish","type":"post","link":"https:\/\/egyuttfejlodunk.hu\/?p=2828","title":{"rendered":"Nyomk\u00f6vet\u00e9s a felad\u00e1st\u00f3l a k\u00e9zbes\u00edt\u00e9sig"},"content":{"rendered":"<p><span style=\"font-weight: 400;\"><strong>Eur\u00f3pai uni\u00f3s fejleszt\u00e9snek k\u00f6sz\u00f6nhet\u0151en a Magyar Posta korszer\u0171 nyomk\u00f6vet\u00e9si funkci\u00f3val gazdagodott, ami lehet\u0151v\u00e9 tette az \u00fcgyfelek sz\u00e1m\u00e1ra, hogy k\u00f6vess\u00e9k a csomag- \u00e9s lev\u00e9lk\u00fcldem\u00e9nyeik aktu\u00e1lis helyzet\u00e9t.<\/strong> <\/span><\/p>\n<p><span style=\"font-weight: 400;\">A Magyar Posta moderniz\u00e1lta a klasszikus lev\u00e9lpostai szolg\u00e1ltat\u00e1sokat, ami jav\u00edtotta az \u00fcgyfelek k\u00e9nyelm\u00e9t \u00e9s \u00faj lehet\u0151s\u00e9geket biztos\u00edtott a felad\u00f3k \u00e9s c\u00edmzettek sz\u00e1m\u00e1ra az elektronikus csatorn\u00e1k haszn\u00e1lat\u00e1val. A postai moderniz\u00e1ci\u00f3 nem csup\u00e1n a regisztr\u00e1ci\u00f3s folyamatok teljes \u00e1tszervez\u00e9s\u00e9t, meg\u00faj\u00edt\u00e1s\u00e1t \u00e9s az elektronikus \u00fcgyint\u00e9z\u00e9s kiterjeszt\u00e9s\u00e9t jelentette, hanem a k\u00f6vet\u00e9si funkci\u00f3 bevezet\u00e9s\u00e9vel lehet\u0151v\u00e9 tette, hogy a k\u00fcldem\u00e9nyek felad\u00f3i \u00f6n\u00e1ll\u00f3an nyomon k\u00f6vethess\u00e9k a levelekkel kapcsolatos inform\u00e1ci\u00f3kat. A Magyar Posta digit\u00e1lis csatorn\u00e1in kereszt\u00fcl a k\u00fcldem\u00e9nyek val\u00f3s idej\u0171 st\u00e1tusza b\u00e1rmely szakaszban lek\u00e9rdezhet\u0151 a felad\u00e1st\u00f3l a k\u00e9zbes\u00edt\u00e9sig.<\/span><\/p>\n<p><span style=\"font-weight: 400;\">A meg\u00fajult fel\u00fcleten m\u00e1ra \u00e1tl\u00e1that\u00f3bb\u00e1 v\u00e1lt a k\u00fcldem\u00e9nyek teljes \u00fatja, \u00e9s megsz\u00fcntethet\u0151 a hi\u00e1nyz\u00f3 inform\u00e1ci\u00f3k miatti bizonytalans\u00e1g. A projekt m\u00e1sik fontos eredm\u00e9nye, hogy a szem\u00e9lyes k\u00e9zbes\u00edt\u00e9s\u0171 lev\u00e9lk\u00fcldem\u00e9nyek \u00e1tv\u00e9telekor m\u00e1r nem sz\u00fcks\u00e9ges pap\u00edralap\u00fa al\u00e1\u00edr\u00e1s, hanem az elektronikus eszk\u00f6z\u00f6n t\u00f6rt\u00e9n\u0151 al\u00e1\u00edr\u00e1ssal lehet \u00e1tvenni a k\u00fcldem\u00e9nyeket, ezzel jelent\u0151sen cs\u00f6kkenve a pap\u00edralap\u00fa adminisztr\u00e1ci\u00f3t.<\/span><\/p>\n<p>ngg_shortcode_0_placeholder<span style=\"font-weight: 400;\">A fejleszt\u00e9s a K\u00d6FOP-1.0.0-VEKOP-15-2016-00026 projektnek k\u00f6sz\u00f6nhet\u0151en, uni\u00f3s forr\u00e1s bevon\u00e1s\u00e1val val\u00f3sulhatott meg.<\/span><\/p>\n<p><span style=\"font-weight: 400;\">A projektr\u0151l t\u00f6bbet megtudhatsz a t\u00e1mogatott projekt keres\u0151ben: <a class=\"tovabb\" href=\"https:\/\/www.palyazat.gov.hu\/eredmenyek\/tamogatott-projektek\/635980201\" target=\"_blank\" rel=\"noopener\">tov\u00e1bb<\/a><br \/>\n<\/span><\/p>\n","protected":false},"excerpt":{"rendered":"<p>Eur\u00f3pai uni\u00f3s fejleszt\u00e9snek k\u00f6sz\u00f6nhet\u0151en a Magyar Posta korszer\u0171 nyomk\u00f6vet\u00e9si funkci\u00f3val gazdagodott, ami lehet\u0151v\u00e9 tette az \u00fcgyfelek sz\u00e1m\u00e1ra, hogy k\u00f6vess\u00e9k a csomag- \u00e9s lev\u00e9lk\u00fcldem\u00e9nyeik aktu\u00e1lis helyzet\u00e9t. A Magyar Posta moderniz\u00e1lta a klasszikus lev\u00e9lpostai szolg\u00e1ltat\u00e1sokat, ami jav\u00edtotta az \u00fcgyfelek k\u00e9nyelm\u00e9t \u00e9s \u00faj lehet\u0151s\u00e9geket biztos\u00edtott a felad\u00f3k \u00e9s c\u00edmzettek sz\u00e1m\u00e1ra az elektronikus csatorn\u00e1k haszn\u00e1lat\u00e1val. A postai moderniz\u00e1ci\u00f3 nem csup\u00e1n a regisztr\u00e1ci\u00f3s folyamatok teljes \u00e1tszervez\u00e9s\u00e9t, meg\u00faj\u00edt\u00e1s\u00e1t \u00e9s az elektronikus \u00fcgyint\u00e9z\u00e9s kiterjeszt\u00e9s\u00e9t jelentette, hanem a k\u00f6vet\u00e9si funkci\u00f3 bevezet\u00e9s\u00e9vel lehet\u0151v\u00e9 tette,&#8230;<\/p>\n","protected":false},"author":17,"featured_media":2829,"comment_status":"closed","ping_status":"closed","sticky":false,"template":"","format":"gallery","meta":{"_acf_changed":false,"ngg_post_thumbnail":0,"footnotes":""},"categories":[164],"tags":[302],"megye":[1121],"class_list":["post-2828","post","type-post","status-publish","format-gallery","has-post-thumbnail","hentry","category-kofop-hu","tag-innovacio","post_format-post-format-gallery","megye-magyarorszag"],"acf":[],"yoast_head":"<!-- This site is optimized with the Yoast SEO Premium plugin v28.4 (Yoast SEO v28.4) - https:\/\/yoast.com\/product\/yoast-seo-premium-wordpress\/ -->\n<title>Nyomk\u00f6vet\u00e9s a felad\u00e1st\u00f3l a k\u00e9zbes\u00edt\u00e9sig - Egy\u00fctt fejl\u0151d\u00fcnk<\/title>\n<meta name=\"robots\" content=\"noindex, follow, max-snippet:-1, max-image-preview:large, max-video-preview:-1\" \/>\n<meta property=\"og:locale\" content=\"hu_HU\" \/>\n<meta property=\"og:type\" content=\"article\" \/>\n<meta property=\"og:title\" content=\"Nyomk\u00f6vet\u00e9s a felad\u00e1st\u00f3l a k\u00e9zbes\u00edt\u00e9sig\" \/>\n<meta property=\"og:description\" content=\"Eur\u00f3pai uni\u00f3s fejleszt\u00e9snek k\u00f6sz\u00f6nhet\u0151en a Magyar Posta korszer\u0171 nyomk\u00f6vet\u00e9si funkci\u00f3val gazdagodott, ami lehet\u0151v\u00e9 tette az \u00fcgyfelek sz\u00e1m\u00e1ra, hogy k\u00f6vess\u00e9k a csomag- \u00e9s lev\u00e9lk\u00fcldem\u00e9nyeik aktu\u00e1lis helyzet\u00e9t. A Magyar Posta moderniz\u00e1lta a klasszikus lev\u00e9lpostai szolg\u00e1ltat\u00e1sokat, ami jav\u00edtotta az \u00fcgyfelek k\u00e9nyelm\u00e9t \u00e9s \u00faj lehet\u0151s\u00e9geket biztos\u00edtott a felad\u00f3k \u00e9s c\u00edmzettek sz\u00e1m\u00e1ra az elektronikus csatorn\u00e1k haszn\u00e1lat\u00e1val. A postai moderniz\u00e1ci\u00f3 nem csup\u00e1n a regisztr\u00e1ci\u00f3s folyamatok teljes \u00e1tszervez\u00e9s\u00e9t, meg\u00faj\u00edt\u00e1s\u00e1t \u00e9s az elektronikus \u00fcgyint\u00e9z\u00e9s kiterjeszt\u00e9s\u00e9t jelentette, hanem a k\u00f6vet\u00e9si funkci\u00f3 bevezet\u00e9s\u00e9vel lehet\u0151v\u00e9 tette,...\" \/>\n<meta property=\"og:url\" content=\"https:\/\/egyuttfejlodunk.hu\/?p=2828\" \/>\n<meta property=\"og:site_name\" content=\"Egy\u00fctt fejl\u0151d\u00fcnk\" \/>\n<meta property=\"article:published_time\" content=\"2023-06-22T14:03:40+00:00\" \/>\n<meta property=\"article:modified_time\" content=\"2026-09-02T11:15:48+00:00\" \/>\n<meta property=\"og:image\" content=\"https:\/\/egyuttfejlodunk.hu\/wp-content\/uploads\/2023\/06\/DSC_0542.jpg\" \/>\n\t<meta property=\"og:image:width\" content=\"1920\" \/>\n\t<meta property=\"og:image:height\" content=\"1280\" \/>\n\t<meta property=\"og:image:type\" content=\"image\/jpeg\" \/>\n<meta name=\"author\" content=\"B\u00e1cskai Gabriella\" \/>\n<meta name=\"twitter:card\" content=\"summary_large_image\" \/>\n<meta name=\"twitter:label1\" content=\"Szerz\u0151:\" \/>\n\t<meta name=\"twitter:data1\" content=\"B\u00e1cskai Gabriella\" \/>\n\t<meta name=\"twitter:label2\" content=\"Becs\u00fclt olvas\u00e1si id\u0151\" \/>\n\t<meta name=\"twitter:data2\" content=\"2 perc\" \/>\n<script type=\"application\/ld+json\" class=\"yoast-schema-graph\">{\"@context\":\"https:\\\/\\\/schema.org\",\"@graph\":[{\"@type\":\"Article\",\"@id\":\"https:\\\/\\\/egyuttfejlodunk.hu\\\/?p=2828#article\",\"isPartOf\":{\"@id\":\"https:\\\/\\\/egyuttfejlodunk.hu\\\/?p=2828\"},\"author\":{\"name\":\"B\u00e1cskai Gabriella\",\"@id\":\"https:\\\/\\\/egyuttfejlodunk.hu\\\/#\\\/schema\\\/person\\\/74d5e3661b874eed1958599cd4ca7bbd\"},\"headline\":\"Nyomk\u00f6vet\u00e9s a felad\u00e1st\u00f3l a k\u00e9zbes\u00edt\u00e9sig\",\"datePublished\":\"2023-06-22T14:03:40+00:00\",\"dateModified\":\"2026-09-02T11:15:48+00:00\",\"mainEntityOfPage\":{\"@id\":\"https:\\\/\\\/egyuttfejlodunk.hu\\\/?p=2828\"},\"wordCount\":330,\"publisher\":{\"@id\":\"https:\\\/\\\/egyuttfejlodunk.hu\\\/#organization\"},\"image\":{\"@id\":\"https:\\\/\\\/egyuttfejlodunk.hu\\\/?p=2828#primaryimage\"},\"thumbnailUrl\":\"https:\\\/\\\/egyuttfejlodunk.hu\\\/wp-content\\\/uploads\\\/2023\\\/06\\\/DSC_0542.jpg\",\"keywords\":[\"innov\u00e1ci\u00f3\"],\"articleSection\":[\"K\u00f6fop\"],\"inLanguage\":\"hu\"},{\"@type\":\"WebPage\",\"@id\":\"https:\\\/\\\/egyuttfejlodunk.hu\\\/?p=2828\",\"url\":\"https:\\\/\\\/egyuttfejlodunk.hu\\\/?p=2828\",\"name\":\"Nyomk\u00f6vet\u00e9s a felad\u00e1st\u00f3l a k\u00e9zbes\u00edt\u00e9sig - Egy\u00fctt fejl\u0151d\u00fcnk\",\"isPartOf\":{\"@id\":\"https:\\\/\\\/egyuttfejlodunk.hu\\\/#website\"},\"primaryImageOfPage\":{\"@id\":\"https:\\\/\\\/egyuttfejlodunk.hu\\\/?p=2828#primaryimage\"},\"image\":{\"@id\":\"https:\\\/\\\/egyuttfejlodunk.hu\\\/?p=2828#primaryimage\"},\"thumbnailUrl\":\"https:\\\/\\\/egyuttfejlodunk.hu\\\/wp-content\\\/uploads\\\/2023\\\/06\\\/DSC_0542.jpg\",\"datePublished\":\"2023-06-22T14:03:40+00:00\",\"dateModified\":\"2026-09-02T11:15:48+00:00\",\"breadcrumb\":{\"@id\":\"https:\\\/\\\/egyuttfejlodunk.hu\\\/?p=2828#breadcrumb\"},\"inLanguage\":\"hu\",\"potentialAction\":[{\"@type\":\"ReadAction\",\"target\":[\"https:\\\/\\\/egyuttfejlodunk.hu\\\/?p=2828\"]}]},{\"@type\":\"ImageObject\",\"inLanguage\":\"hu\",\"@id\":\"https:\\\/\\\/egyuttfejlodunk.hu\\\/?p=2828#primaryimage\",\"url\":\"https:\\\/\\\/egyuttfejlodunk.hu\\\/wp-content\\\/uploads\\\/2023\\\/06\\\/DSC_0542.jpg\",\"contentUrl\":\"https:\\\/\\\/egyuttfejlodunk.hu\\\/wp-content\\\/uploads\\\/2023\\\/06\\\/DSC_0542.jpg\",\"width\":1920,\"height\":1280},{\"@type\":\"BreadcrumbList\",\"@id\":\"https:\\\/\\\/egyuttfejlodunk.hu\\\/?p=2828#breadcrumb\",\"itemListElement\":[{\"@type\":\"ListItem\",\"position\":1,\"name\":\"Home\",\"item\":\"https:\\\/\\\/egyuttfejlodunk.hu\\\/\"},{\"@type\":\"ListItem\",\"position\":2,\"name\":\"Nyomk\u00f6vet\u00e9s a felad\u00e1st\u00f3l a k\u00e9zbes\u00edt\u00e9sig\"}]},{\"@type\":\"WebSite\",\"@id\":\"https:\\\/\\\/egyuttfejlodunk.hu\\\/#website\",\"url\":\"https:\\\/\\\/egyuttfejlodunk.hu\\\/\",\"name\":\"Egy\u00fctt fejl\u0151d\u00fcnk\",\"description\":\"\",\"publisher\":{\"@id\":\"https:\\\/\\\/egyuttfejlodunk.hu\\\/#organization\"},\"potentialAction\":[{\"@type\":\"SearchAction\",\"target\":{\"@type\":\"EntryPoint\",\"urlTemplate\":\"https:\\\/\\\/egyuttfejlodunk.hu\\\/?s={search_term_string}\"},\"query-input\":{\"@type\":\"PropertyValueSpecification\",\"valueRequired\":true,\"valueName\":\"search_term_string\"}}],\"inLanguage\":\"hu\"},{\"@type\":\"Organization\",\"@id\":\"https:\\\/\\\/egyuttfejlodunk.hu\\\/#organization\",\"name\":\"Egy\u00fctt fejl\u0151d\u00fcnk\",\"url\":\"https:\\\/\\\/egyuttfejlodunk.hu\\\/\",\"logo\":{\"@type\":\"ImageObject\",\"inLanguage\":\"hu\",\"@id\":\"https:\\\/\\\/egyuttfejlodunk.hu\\\/#\\\/schema\\\/logo\\\/image\\\/\",\"url\":\"https:\\\/\\\/egyuttfejlodunk.hu\\\/wp-content\\\/uploads\\\/2026\\\/04\\\/ujlogo.jpg\",\"contentUrl\":\"https:\\\/\\\/egyuttfejlodunk.hu\\\/wp-content\\\/uploads\\\/2026\\\/04\\\/ujlogo.jpg\",\"width\":350,\"height\":110,\"caption\":\"Egy\u00fctt fejl\u0151d\u00fcnk\"},\"image\":{\"@id\":\"https:\\\/\\\/egyuttfejlodunk.hu\\\/#\\\/schema\\\/logo\\\/image\\\/\"}},{\"@type\":\"Person\",\"@id\":\"https:\\\/\\\/egyuttfejlodunk.hu\\\/#\\\/schema\\\/person\\\/74d5e3661b874eed1958599cd4ca7bbd\",\"name\":\"B\u00e1cskai Gabriella\"}]}<\/script>\n<!-- \/ Yoast SEO Premium plugin. -->","yoast_head_json":{"title":"Nyomk\u00f6vet\u00e9s a felad\u00e1st\u00f3l a k\u00e9zbes\u00edt\u00e9sig - Egy\u00fctt fejl\u0151d\u00fcnk","robots":{"index":"noindex","follow":"follow","max-snippet":"max-snippet:-1","max-image-preview":"max-image-preview:large","max-video-preview":"max-video-preview:-1"},"og_locale":"hu_HU","og_type":"article","og_title":"Nyomk\u00f6vet\u00e9s a felad\u00e1st\u00f3l a k\u00e9zbes\u00edt\u00e9sig","og_description":"Eur\u00f3pai uni\u00f3s fejleszt\u00e9snek k\u00f6sz\u00f6nhet\u0151en a Magyar Posta korszer\u0171 nyomk\u00f6vet\u00e9si funkci\u00f3val gazdagodott, ami lehet\u0151v\u00e9 tette az \u00fcgyfelek sz\u00e1m\u00e1ra, hogy k\u00f6vess\u00e9k a csomag- \u00e9s lev\u00e9lk\u00fcldem\u00e9nyeik aktu\u00e1lis helyzet\u00e9t. A Magyar Posta moderniz\u00e1lta a klasszikus lev\u00e9lpostai szolg\u00e1ltat\u00e1sokat, ami jav\u00edtotta az \u00fcgyfelek k\u00e9nyelm\u00e9t \u00e9s \u00faj lehet\u0151s\u00e9geket biztos\u00edtott a felad\u00f3k \u00e9s c\u00edmzettek sz\u00e1m\u00e1ra az elektronikus csatorn\u00e1k haszn\u00e1lat\u00e1val. A postai moderniz\u00e1ci\u00f3 nem csup\u00e1n a regisztr\u00e1ci\u00f3s folyamatok teljes \u00e1tszervez\u00e9s\u00e9t, meg\u00faj\u00edt\u00e1s\u00e1t \u00e9s az elektronikus \u00fcgyint\u00e9z\u00e9s kiterjeszt\u00e9s\u00e9t jelentette, hanem a k\u00f6vet\u00e9si funkci\u00f3 bevezet\u00e9s\u00e9vel lehet\u0151v\u00e9 tette,...","og_url":"https:\/\/egyuttfejlodunk.hu\/?p=2828","og_site_name":"Egy\u00fctt fejl\u0151d\u00fcnk","article_published_time":"2023-06-22T14:03:40+00:00","article_modified_time":"2026-09-02T11:15:48+00:00","og_image":[{"width":1920,"height":1280,"url":"https:\/\/egyuttfejlodunk.hu\/wp-content\/uploads\/2023\/06\/DSC_0542.jpg","type":"image\/jpeg"}],"author":"B\u00e1cskai Gabriella","twitter_card":"summary_large_image","twitter_misc":{"Szerz\u0151:":"B\u00e1cskai Gabriella","Becs\u00fclt olvas\u00e1si id\u0151":"2 perc"},"schema":{"@context":"https:\/\/schema.org","@graph":[{"@type":"Article","@id":"https:\/\/egyuttfejlodunk.hu\/?p=2828#article","isPartOf":{"@id":"https:\/\/egyuttfejlodunk.hu\/?p=2828"},"author":{"name":"B\u00e1cskai Gabriella","@id":"https:\/\/egyuttfejlodunk.hu\/#\/schema\/person\/74d5e3661b874eed1958599cd4ca7bbd"},"headline":"Nyomk\u00f6vet\u00e9s a felad\u00e1st\u00f3l a k\u00e9zbes\u00edt\u00e9sig","datePublished":"2023-06-22T14:03:40+00:00","dateModified":"2026-09-02T11:15:48+00:00","mainEntityOfPage":{"@id":"https:\/\/egyuttfejlodunk.hu\/?p=2828"},"wordCount":330,"publisher":{"@id":"https:\/\/egyuttfejlodunk.hu\/#organization"},"image":{"@id":"https:\/\/egyuttfejlodunk.hu\/?p=2828#primaryimage"},"thumbnailUrl":"https:\/\/egyuttfejlodunk.hu\/wp-content\/uploads\/2023\/06\/DSC_0542.jpg","keywords":["innov\u00e1ci\u00f3"],"articleSection":["K\u00f6fop"],"inLanguage":"hu"},{"@type":"WebPage","@id":"https:\/\/egyuttfejlodunk.hu\/?p=2828","url":"https:\/\/egyuttfejlodunk.hu\/?p=2828","name":"Nyomk\u00f6vet\u00e9s a felad\u00e1st\u00f3l a k\u00e9zbes\u00edt\u00e9sig - Egy\u00fctt fejl\u0151d\u00fcnk","isPartOf":{"@id":"https:\/\/egyuttfejlodunk.hu\/#website"},"primaryImageOfPage":{"@id":"https:\/\/egyuttfejlodunk.hu\/?p=2828#primaryimage"},"image":{"@id":"https:\/\/egyuttfejlodunk.hu\/?p=2828#primaryimage"},"thumbnailUrl":"https:\/\/egyuttfejlodunk.hu\/wp-content\/uploads\/2023\/06\/DSC_0542.jpg","datePublished":"2023-06-22T14:03:40+00:00","dateModified":"2026-09-02T11:15:48+00:00","breadcrumb":{"@id":"https:\/\/egyuttfejlodunk.hu\/?p=2828#breadcrumb"},"inLanguage":"hu","potentialAction":[{"@type":"ReadAction","target":["https:\/\/egyuttfejlodunk.hu\/?p=2828"]}]},{"@type":"ImageObject","inLanguage":"hu","@id":"https:\/\/egyuttfejlodunk.hu\/?p=2828#primaryimage","url":"https:\/\/egyuttfejlodunk.hu\/wp-content\/uploads\/2023\/06\/DSC_0542.jpg","contentUrl":"https:\/\/egyuttfejlodunk.hu\/wp-content\/uploads\/2023\/06\/DSC_0542.jpg","width":1920,"height":1280},{"@type":"BreadcrumbList","@id":"https:\/\/egyuttfejlodunk.hu\/?p=2828#breadcrumb","itemListElement":[{"@type":"ListItem","position":1,"name":"Home","item":"https:\/\/egyuttfejlodunk.hu\/"},{"@type":"ListItem","position":2,"name":"Nyomk\u00f6vet\u00e9s a felad\u00e1st\u00f3l a k\u00e9zbes\u00edt\u00e9sig"}]},{"@type":"WebSite","@id":"https:\/\/egyuttfejlodunk.hu\/#website","url":"https:\/\/egyuttfejlodunk.hu\/","name":"Egy\u00fctt fejl\u0151d\u00fcnk","description":"","publisher":{"@id":"https:\/\/egyuttfejlodunk.hu\/#organization"},"potentialAction":[{"@type":"SearchAction","target":{"@type":"EntryPoint","urlTemplate":"https:\/\/egyuttfejlodunk.hu\/?s={search_term_string}"},"query-input":{"@type":"PropertyValueSpecification","valueRequired":true,"valueName":"search_term_string"}}],"inLanguage":"hu"},{"@type":"Organization","@id":"https:\/\/egyuttfejlodunk.hu\/#organization","name":"Egy\u00fctt fejl\u0151d\u00fcnk","url":"https:\/\/egyuttfejlodunk.hu\/","logo":{"@type":"ImageObject","inLanguage":"hu","@id":"https:\/\/egyuttfejlodunk.hu\/#\/schema\/logo\/image\/","url":"https:\/\/egyuttfejlodunk.hu\/wp-content\/uploads\/2026\/04\/ujlogo.jpg","contentUrl":"https:\/\/egyuttfejlodunk.hu\/wp-content\/uploads\/2026\/04\/ujlogo.jpg","width":350,"height":110,"caption":"Egy\u00fctt fejl\u0151d\u00fcnk"},"image":{"@id":"https:\/\/egyuttfejlodunk.hu\/#\/schema\/logo\/image\/"}},{"@type":"Person","@id":"https:\/\/egyuttfejlodunk.hu\/#\/schema\/person\/74d5e3661b874eed1958599cd4ca7bbd","name":"B\u00e1cskai Gabriella"}]}},"_links":{"self":[{"href":"https:\/\/egyuttfejlodunk.hu\/index.php?rest_route=\/wp\/v2\/posts\/2828","targetHints":{"allow":["GET"]}}],"collection":[{"href":"https:\/\/egyuttfejlodunk.hu\/index.php?rest_route=\/wp\/v2\/posts"}],"about":[{"href":"https:\/\/egyuttfejlodunk.hu\/index.php?rest_route=\/wp\/v2\/types\/post"}],"author":[{"embeddable":true,"href":"https:\/\/egyuttfejlodunk.hu\/index.php?rest_route=\/wp\/v2\/users\/17"}],"replies":[{"embeddable":true,"href":"https:\/\/egyuttfejlodunk.hu\/index.php?rest_route=%2Fwp%2Fv2%2Fcomments&post=2828"}],"version-history":[{"count":10,"href":"https:\/\/egyuttfejlodunk.hu\/index.php?rest_route=\/wp\/v2\/posts\/2828\/revisions"}],"predecessor-version":[{"id":4078,"href":"https:\/\/egyuttfejlodunk.hu\/index.php?rest_route=\/wp\/v2\/posts\/2828\/revisions\/4078"}],"wp:featuredmedia":[{"embeddable":true,"href":"https:\/\/egyuttfejlodunk.hu\/index.php?rest_route=\/wp\/v2\/media\/2829"}],"wp:attachment":[{"href":"https:\/\/egyuttfejlodunk.hu\/index.php?rest_route=%2Fwp%2Fv2%2Fmedia&parent=2828"}],"wp:term":[{"taxonomy":"category","embeddable":true,"href":"https:\/\/egyuttfejlodunk.hu\/index.php?rest_route=%2Fwp%2Fv2%2Fcategories&post=2828"},{"taxonomy":"post_tag","embeddable":true,"href":"https:\/\/egyuttfejlodunk.hu\/index.php?rest_route=%2Fwp%2Fv2%2Ftags&post=2828"},{"taxonomy":"megye","embeddable":true,"href":"https:\/\/egyuttfejlodunk.hu\/index.php?rest_route=%2Fwp%2Fv2%2Fmegye&post=2828"}],"curies":[{"name":"wp","href":"https:\/\/api.w.org\/{rel}","templated":true}]}}