{"id":2946,"date":"2023-06-28T20:51:54","date_gmt":"2023-06-28T18:51:54","guid":{"rendered":"http:\/\/fejlesztesihirek.hu\/?p=2946"},"modified":"2026-09-02T13:39:27","modified_gmt":"2026-09-02T11:39:27","slug":"fedezd-fel-a-gerecse-kapujat-tatabanya-turisztikai-fejleszteset","status":"publish","type":"post","link":"https:\/\/egyuttfejlodunk.hu\/?p=2946","title":{"rendered":"Fedezd fel a Gerecse Kapuj\u00e1t &#8211; Tatab\u00e1nya turisztikai fejleszt\u00e9s\u00e9t!"},"content":{"rendered":"<p><span style=\"font-weight: 400;\"><strong>Tatab\u00e1nya \u00f6nkorm\u00e1nyzata t\u00f6bb \u00e9vtizedes ig\u00e9nyt el\u00e9g\u00edtett ki eur\u00f3pai uni\u00f3s t\u00e1mogat\u00e1ssal, l\u00e9trehozva egy l\u00e1togat\u00f3k\u00f6zpontot a Gerecse bej\u00e1ratak\u00e9nt sz\u00e1mon tartott K\u0151-hegyen, ahol a Turul-eml\u00e9km\u0171 vonzza a sok l\u00e1togat\u00f3t. Ez a fejleszt\u00e9s kiemelked\u0151 fontoss\u00e1g\u00fa Tatab\u00e1nya turisztikai szempontj\u00e1b\u00f3l, kihaszn\u00e1lva a telep\u00fcl\u00e9s elhelyezked\u00e9s\u00e9t \u00e9s term\u00e9szeti adotts\u00e1gait, valamint a Gerecse \u00e9s a V\u00e9rtes var\u00e1zs\u00e1t, a Duna k\u00f6zels\u00e9g\u00e9t, a Turul-szobor \u00e9s Szelim-barlang egyedi jelleg\u00e9t.<\/strong> <\/span><\/p>\n<p><span style=\"font-weight: 400;\">A K\u0151-hegyen kialak\u00edtott l\u00e1togat\u00f3k\u00f6zpont, melyet Gerecse Kapuja n\u00e9ven ismernek, 500 n\u00e9gyzetm\u00e9teren ki\u00e1ll\u00edt\u00f3t\u00e9rrel, \u00e9tteremmel, aj\u00e1nd\u00e9kbolttal, gal\u00e9ri\u00e1val, felszerel\u00e9sk\u00f6lcs\u00f6nz\u0151vel, parkol\u00f3val \u00e9s akad\u00e1lymentes\u00edtett mell\u00e9khelyis\u00e9gekkel v\u00e1rja a turist\u00e1kat.&nbsp;<\/span><span style=\"font-weight: 400;\">A Turul-eml\u00e9km\u0171 \u00e9s a Szelim-barlang k\u00f6rnyezet\u00e9nek l\u00e1togat\u00f3bar\u00e1tt\u00e1 alak\u00edt\u00e1sa mellett \u00faj tan\u00f6sv\u00e9nyek \u00e9s j\u00e1tsz\u00f3t\u00e9r is l\u00e9tes\u00fclt. A ter\u00fcleten fitneszeszk\u00f6z\u00f6k \u00e9s piknikhelyek is v\u00e1rj\u00e1k az ide\u00e9rkez\u0151ket, \u00e9s n\u00e9h\u00e1ny \u00e9ve m\u00e1r el\u00e9rhet\u0151ek leny\u0171g\u00f6z\u0151 panor\u00e1m\u00e1j\u00fa via ferrata \u00fatvonalak is a k\u00fcl\u00f6nb\u00f6z\u0151 felk\u00e9sz\u00fclts\u00e9g\u0171 kalandorok sz\u00e1m\u00e1ra. A l\u00e1togat\u00f3k\u00f6zpont nemcsak a helyi gazdas\u00e1g fejleszt\u00e9s\u00e9hez j\u00e1rult hozz\u00e1, hanem Tatab\u00e1nya \u00e9s k\u00f6rny\u00e9k\u00e9nek turisztikai k\u00edn\u00e1lat\u00e1t is b\u0151v\u00edti, hiszen a k\u00f6rnyez\u0151 ter\u00fcletek, mint Tata, V\u00e9rtessz\u0151l\u0151s \u00e9s V\u00e1rgesztes is sz\u00e1mos lehet\u0151s\u00e9get ny\u00fajtanak a l\u00e1tnival\u00f3k felfedez\u00e9s\u00e9re, t\u00far\u00e1kra \u00e9s szakmai programok szervez\u00e9s\u00e9re.<\/span><\/p>\n<p><span style=\"font-weight: 400;\">A fejleszt\u00e9s a TOP-6.1.4-15-TB1-2016-00001 projektnek k\u00f6sz\u00f6nhet\u0151en, uni\u00f3s forr\u00e1s bevon\u00e1s\u00e1val val\u00f3sulhatott meg.<\/span><\/p>\n<p><span style=\"font-weight: 400;\">A projektr\u0151l t\u00f6bbet megtudhatsz a t\u00e1mogatott projekt&nbsp;keres\u0151ben:&nbsp;<a class=\"tovabb\" href=\"https:\/\/www.palyazat.gov.hu\/eredmenyek\/tamogatott-projektek\/546390201\" target=\"_blank\" rel=\"noopener\">tov\u00e1bb<\/a><br \/>\n<\/span><\/p>\n","protected":false},"excerpt":{"rendered":"<p>Tatab\u00e1nya \u00f6nkorm\u00e1nyzata t\u00f6bb \u00e9vtizedes ig\u00e9nyt el\u00e9g\u00edtett ki eur\u00f3pai uni\u00f3s t\u00e1mogat\u00e1ssal, l\u00e9trehozva egy l\u00e1togat\u00f3k\u00f6zpontot a Gerecse bej\u00e1ratak\u00e9nt sz\u00e1mon tartott K\u0151-hegyen, ahol a Turul-eml\u00e9km\u0171 vonzza a sok l\u00e1togat\u00f3t. Ez a fejleszt\u00e9s kiemelked\u0151 fontoss\u00e1g\u00fa Tatab\u00e1nya turisztikai szempontj\u00e1b\u00f3l, kihaszn\u00e1lva a telep\u00fcl\u00e9s elhelyezked\u00e9s\u00e9t \u00e9s term\u00e9szeti adotts\u00e1gait, valamint a Gerecse \u00e9s a V\u00e9rtes var\u00e1zs\u00e1t, a Duna k\u00f6zels\u00e9g\u00e9t, a Turul-szobor \u00e9s Szelim-barlang egyedi jelleg\u00e9t. A K\u0151-hegyen kialak\u00edtott l\u00e1togat\u00f3k\u00f6zpont, melyet Gerecse Kapuja n\u00e9ven ismernek, 500 n\u00e9gyzetm\u00e9teren ki\u00e1ll\u00edt\u00f3t\u00e9rrel, \u00e9tteremmel, aj\u00e1nd\u00e9kbolttal, gal\u00e9ri\u00e1val, felszerel\u00e9sk\u00f6lcs\u00f6nz\u0151vel, parkol\u00f3val \u00e9s&#8230;<\/p>\n","protected":false},"author":17,"featured_media":2947,"comment_status":"closed","ping_status":"closed","sticky":false,"template":"","format":"standard","meta":{"_acf_changed":false,"ngg_post_thumbnail":0,"footnotes":""},"categories":[173],"tags":[298],"megye":[1126],"class_list":["post-2946","post","type-post","status-publish","format-standard","has-post-thumbnail","hentry","category-top-hu","tag-turizmus-hu","megye-komarom-esztergom-megye"],"acf":[],"yoast_head":"<!-- This site is optimized with the Yoast SEO Premium plugin v28.4 (Yoast SEO v28.4) - https:\/\/yoast.com\/product\/yoast-seo-premium-wordpress\/ -->\n<title>Fedezd fel a Gerecse Kapuj\u00e1t - Tatab\u00e1nya turisztikai fejleszt\u00e9s\u00e9t! - Egy\u00fctt fejl\u0151d\u00fcnk<\/title>\n<meta name=\"robots\" content=\"noindex, follow, max-snippet:-1, max-image-preview:large, max-video-preview:-1\" \/>\n<meta property=\"og:locale\" content=\"hu_HU\" \/>\n<meta property=\"og:type\" content=\"article\" \/>\n<meta property=\"og:title\" content=\"Fedezd fel a Gerecse Kapuj\u00e1t - Tatab\u00e1nya turisztikai fejleszt\u00e9s\u00e9t!\" \/>\n<meta property=\"og:description\" content=\"Tatab\u00e1nya \u00f6nkorm\u00e1nyzata t\u00f6bb \u00e9vtizedes ig\u00e9nyt el\u00e9g\u00edtett ki eur\u00f3pai uni\u00f3s t\u00e1mogat\u00e1ssal, l\u00e9trehozva egy l\u00e1togat\u00f3k\u00f6zpontot a Gerecse bej\u00e1ratak\u00e9nt sz\u00e1mon tartott K\u0151-hegyen, ahol a Turul-eml\u00e9km\u0171 vonzza a sok l\u00e1togat\u00f3t. Ez a fejleszt\u00e9s kiemelked\u0151 fontoss\u00e1g\u00fa Tatab\u00e1nya turisztikai szempontj\u00e1b\u00f3l, kihaszn\u00e1lva a telep\u00fcl\u00e9s elhelyezked\u00e9s\u00e9t \u00e9s term\u00e9szeti adotts\u00e1gait, valamint a Gerecse \u00e9s a V\u00e9rtes var\u00e1zs\u00e1t, a Duna k\u00f6zels\u00e9g\u00e9t, a Turul-szobor \u00e9s Szelim-barlang egyedi jelleg\u00e9t. A K\u0151-hegyen kialak\u00edtott l\u00e1togat\u00f3k\u00f6zpont, melyet Gerecse Kapuja n\u00e9ven ismernek, 500 n\u00e9gyzetm\u00e9teren ki\u00e1ll\u00edt\u00f3t\u00e9rrel, \u00e9tteremmel, aj\u00e1nd\u00e9kbolttal, gal\u00e9ri\u00e1val, felszerel\u00e9sk\u00f6lcs\u00f6nz\u0151vel, parkol\u00f3val \u00e9s...\" \/>\n<meta property=\"og:url\" content=\"https:\/\/egyuttfejlodunk.hu\/?p=2946\" \/>\n<meta property=\"og:site_name\" content=\"Egy\u00fctt fejl\u0151d\u00fcnk\" \/>\n<meta property=\"article:published_time\" content=\"2023-06-28T18:51:54+00:00\" \/>\n<meta property=\"article:modified_time\" content=\"2026-09-02T11:39:27+00:00\" \/>\n<meta property=\"og:image\" content=\"https:\/\/egyuttfejlodunk.hu\/wp-content\/uploads\/2023\/06\/47-scaled.jpg\" \/>\n\t<meta property=\"og:image:width\" content=\"1920\" \/>\n\t<meta property=\"og:image:height\" content=\"1440\" \/>\n\t<meta property=\"og:image:type\" content=\"image\/jpeg\" \/>\n<meta name=\"author\" content=\"B\u00e1cskai Gabriella\" \/>\n<meta name=\"twitter:card\" content=\"summary_large_image\" \/>\n<meta name=\"twitter:label1\" content=\"Szerz\u0151:\" \/>\n\t<meta name=\"twitter:data1\" content=\"B\u00e1cskai Gabriella\" \/>\n\t<meta name=\"twitter:label2\" content=\"Becs\u00fclt olvas\u00e1si id\u0151\" \/>\n\t<meta name=\"twitter:data2\" content=\"2 perc\" \/>\n<script type=\"application\/ld+json\" class=\"yoast-schema-graph\">{\"@context\":\"https:\\\/\\\/schema.org\",\"@graph\":[{\"@type\":\"Article\",\"@id\":\"https:\\\/\\\/egyuttfejlodunk.hu\\\/?p=2946#article\",\"isPartOf\":{\"@id\":\"https:\\\/\\\/egyuttfejlodunk.hu\\\/?p=2946\"},\"author\":{\"name\":\"B\u00e1cskai Gabriella\",\"@id\":\"https:\\\/\\\/egyuttfejlodunk.hu\\\/#\\\/schema\\\/person\\\/74d5e3661b874eed1958599cd4ca7bbd\"},\"headline\":\"Fedezd fel a Gerecse Kapuj\u00e1t &#8211; Tatab\u00e1nya turisztikai fejleszt\u00e9s\u00e9t!\",\"datePublished\":\"2023-06-28T18:51:54+00:00\",\"dateModified\":\"2026-09-02T11:39:27+00:00\",\"mainEntityOfPage\":{\"@id\":\"https:\\\/\\\/egyuttfejlodunk.hu\\\/?p=2946\"},\"wordCount\":351,\"publisher\":{\"@id\":\"https:\\\/\\\/egyuttfejlodunk.hu\\\/#organization\"},\"image\":{\"@id\":\"https:\\\/\\\/egyuttfejlodunk.hu\\\/?p=2946#primaryimage\"},\"thumbnailUrl\":\"https:\\\/\\\/egyuttfejlodunk.hu\\\/wp-content\\\/uploads\\\/2023\\\/06\\\/47-scaled.jpg\",\"keywords\":[\"Turizmus\"],\"articleSection\":[\"Top\"],\"inLanguage\":\"hu\"},{\"@type\":\"WebPage\",\"@id\":\"https:\\\/\\\/egyuttfejlodunk.hu\\\/?p=2946\",\"url\":\"https:\\\/\\\/egyuttfejlodunk.hu\\\/?p=2946\",\"name\":\"Fedezd fel a Gerecse Kapuj\u00e1t - Tatab\u00e1nya turisztikai fejleszt\u00e9s\u00e9t! - Egy\u00fctt fejl\u0151d\u00fcnk\",\"isPartOf\":{\"@id\":\"https:\\\/\\\/egyuttfejlodunk.hu\\\/#website\"},\"primaryImageOfPage\":{\"@id\":\"https:\\\/\\\/egyuttfejlodunk.hu\\\/?p=2946#primaryimage\"},\"image\":{\"@id\":\"https:\\\/\\\/egyuttfejlodunk.hu\\\/?p=2946#primaryimage\"},\"thumbnailUrl\":\"https:\\\/\\\/egyuttfejlodunk.hu\\\/wp-content\\\/uploads\\\/2023\\\/06\\\/47-scaled.jpg\",\"datePublished\":\"2023-06-28T18:51:54+00:00\",\"dateModified\":\"2026-09-02T11:39:27+00:00\",\"breadcrumb\":{\"@id\":\"https:\\\/\\\/egyuttfejlodunk.hu\\\/?p=2946#breadcrumb\"},\"inLanguage\":\"hu\",\"potentialAction\":[{\"@type\":\"ReadAction\",\"target\":[\"https:\\\/\\\/egyuttfejlodunk.hu\\\/?p=2946\"]}]},{\"@type\":\"ImageObject\",\"inLanguage\":\"hu\",\"@id\":\"https:\\\/\\\/egyuttfejlodunk.hu\\\/?p=2946#primaryimage\",\"url\":\"https:\\\/\\\/egyuttfejlodunk.hu\\\/wp-content\\\/uploads\\\/2023\\\/06\\\/47-scaled.jpg\",\"contentUrl\":\"https:\\\/\\\/egyuttfejlodunk.hu\\\/wp-content\\\/uploads\\\/2023\\\/06\\\/47-scaled.jpg\",\"width\":1920,\"height\":1440},{\"@type\":\"BreadcrumbList\",\"@id\":\"https:\\\/\\\/egyuttfejlodunk.hu\\\/?p=2946#breadcrumb\",\"itemListElement\":[{\"@type\":\"ListItem\",\"position\":1,\"name\":\"Home\",\"item\":\"https:\\\/\\\/egyuttfejlodunk.hu\\\/\"},{\"@type\":\"ListItem\",\"position\":2,\"name\":\"Fedezd fel a Gerecse Kapuj\u00e1t &#8211; Tatab\u00e1nya turisztikai fejleszt\u00e9s\u00e9t!\"}]},{\"@type\":\"WebSite\",\"@id\":\"https:\\\/\\\/egyuttfejlodunk.hu\\\/#website\",\"url\":\"https:\\\/\\\/egyuttfejlodunk.hu\\\/\",\"name\":\"Egy\u00fctt fejl\u0151d\u00fcnk\",\"description\":\"\",\"publisher\":{\"@id\":\"https:\\\/\\\/egyuttfejlodunk.hu\\\/#organization\"},\"potentialAction\":[{\"@type\":\"SearchAction\",\"target\":{\"@type\":\"EntryPoint\",\"urlTemplate\":\"https:\\\/\\\/egyuttfejlodunk.hu\\\/?s={search_term_string}\"},\"query-input\":{\"@type\":\"PropertyValueSpecification\",\"valueRequired\":true,\"valueName\":\"search_term_string\"}}],\"inLanguage\":\"hu\"},{\"@type\":\"Organization\",\"@id\":\"https:\\\/\\\/egyuttfejlodunk.hu\\\/#organization\",\"name\":\"Egy\u00fctt fejl\u0151d\u00fcnk\",\"url\":\"https:\\\/\\\/egyuttfejlodunk.hu\\\/\",\"logo\":{\"@type\":\"ImageObject\",\"inLanguage\":\"hu\",\"@id\":\"https:\\\/\\\/egyuttfejlodunk.hu\\\/#\\\/schema\\\/logo\\\/image\\\/\",\"url\":\"https:\\\/\\\/egyuttfejlodunk.hu\\\/wp-content\\\/uploads\\\/2026\\\/04\\\/ujlogo.jpg\",\"contentUrl\":\"https:\\\/\\\/egyuttfejlodunk.hu\\\/wp-content\\\/uploads\\\/2026\\\/04\\\/ujlogo.jpg\",\"width\":350,\"height\":110,\"caption\":\"Egy\u00fctt fejl\u0151d\u00fcnk\"},\"image\":{\"@id\":\"https:\\\/\\\/egyuttfejlodunk.hu\\\/#\\\/schema\\\/logo\\\/image\\\/\"}},{\"@type\":\"Person\",\"@id\":\"https:\\\/\\\/egyuttfejlodunk.hu\\\/#\\\/schema\\\/person\\\/74d5e3661b874eed1958599cd4ca7bbd\",\"name\":\"B\u00e1cskai Gabriella\"}]}<\/script>\n<!-- \/ Yoast SEO Premium plugin. -->","yoast_head_json":{"title":"Fedezd fel a Gerecse Kapuj\u00e1t - Tatab\u00e1nya turisztikai fejleszt\u00e9s\u00e9t! - Egy\u00fctt fejl\u0151d\u00fcnk","robots":{"index":"noindex","follow":"follow","max-snippet":"max-snippet:-1","max-image-preview":"max-image-preview:large","max-video-preview":"max-video-preview:-1"},"og_locale":"hu_HU","og_type":"article","og_title":"Fedezd fel a Gerecse Kapuj\u00e1t - Tatab\u00e1nya turisztikai fejleszt\u00e9s\u00e9t!","og_description":"Tatab\u00e1nya \u00f6nkorm\u00e1nyzata t\u00f6bb \u00e9vtizedes ig\u00e9nyt el\u00e9g\u00edtett ki eur\u00f3pai uni\u00f3s t\u00e1mogat\u00e1ssal, l\u00e9trehozva egy l\u00e1togat\u00f3k\u00f6zpontot a Gerecse bej\u00e1ratak\u00e9nt sz\u00e1mon tartott K\u0151-hegyen, ahol a Turul-eml\u00e9km\u0171 vonzza a sok l\u00e1togat\u00f3t. Ez a fejleszt\u00e9s kiemelked\u0151 fontoss\u00e1g\u00fa Tatab\u00e1nya turisztikai szempontj\u00e1b\u00f3l, kihaszn\u00e1lva a telep\u00fcl\u00e9s elhelyezked\u00e9s\u00e9t \u00e9s term\u00e9szeti adotts\u00e1gait, valamint a Gerecse \u00e9s a V\u00e9rtes var\u00e1zs\u00e1t, a Duna k\u00f6zels\u00e9g\u00e9t, a Turul-szobor \u00e9s Szelim-barlang egyedi jelleg\u00e9t. A K\u0151-hegyen kialak\u00edtott l\u00e1togat\u00f3k\u00f6zpont, melyet Gerecse Kapuja n\u00e9ven ismernek, 500 n\u00e9gyzetm\u00e9teren ki\u00e1ll\u00edt\u00f3t\u00e9rrel, \u00e9tteremmel, aj\u00e1nd\u00e9kbolttal, gal\u00e9ri\u00e1val, felszerel\u00e9sk\u00f6lcs\u00f6nz\u0151vel, parkol\u00f3val \u00e9s...","og_url":"https:\/\/egyuttfejlodunk.hu\/?p=2946","og_site_name":"Egy\u00fctt fejl\u0151d\u00fcnk","article_published_time":"2023-06-28T18:51:54+00:00","article_modified_time":"2026-09-02T11:39:27+00:00","og_image":[{"width":1920,"height":1440,"url":"https:\/\/egyuttfejlodunk.hu\/wp-content\/uploads\/2023\/06\/47-scaled.jpg","type":"image\/jpeg"}],"author":"B\u00e1cskai Gabriella","twitter_card":"summary_large_image","twitter_misc":{"Szerz\u0151:":"B\u00e1cskai Gabriella","Becs\u00fclt olvas\u00e1si id\u0151":"2 perc"},"schema":{"@context":"https:\/\/schema.org","@graph":[{"@type":"Article","@id":"https:\/\/egyuttfejlodunk.hu\/?p=2946#article","isPartOf":{"@id":"https:\/\/egyuttfejlodunk.hu\/?p=2946"},"author":{"name":"B\u00e1cskai Gabriella","@id":"https:\/\/egyuttfejlodunk.hu\/#\/schema\/person\/74d5e3661b874eed1958599cd4ca7bbd"},"headline":"Fedezd fel a Gerecse Kapuj\u00e1t &#8211; Tatab\u00e1nya turisztikai fejleszt\u00e9s\u00e9t!","datePublished":"2023-06-28T18:51:54+00:00","dateModified":"2026-09-02T11:39:27+00:00","mainEntityOfPage":{"@id":"https:\/\/egyuttfejlodunk.hu\/?p=2946"},"wordCount":351,"publisher":{"@id":"https:\/\/egyuttfejlodunk.hu\/#organization"},"image":{"@id":"https:\/\/egyuttfejlodunk.hu\/?p=2946#primaryimage"},"thumbnailUrl":"https:\/\/egyuttfejlodunk.hu\/wp-content\/uploads\/2023\/06\/47-scaled.jpg","keywords":["Turizmus"],"articleSection":["Top"],"inLanguage":"hu"},{"@type":"WebPage","@id":"https:\/\/egyuttfejlodunk.hu\/?p=2946","url":"https:\/\/egyuttfejlodunk.hu\/?p=2946","name":"Fedezd fel a Gerecse Kapuj\u00e1t - Tatab\u00e1nya turisztikai fejleszt\u00e9s\u00e9t! - Egy\u00fctt fejl\u0151d\u00fcnk","isPartOf":{"@id":"https:\/\/egyuttfejlodunk.hu\/#website"},"primaryImageOfPage":{"@id":"https:\/\/egyuttfejlodunk.hu\/?p=2946#primaryimage"},"image":{"@id":"https:\/\/egyuttfejlodunk.hu\/?p=2946#primaryimage"},"thumbnailUrl":"https:\/\/egyuttfejlodunk.hu\/wp-content\/uploads\/2023\/06\/47-scaled.jpg","datePublished":"2023-06-28T18:51:54+00:00","dateModified":"2026-09-02T11:39:27+00:00","breadcrumb":{"@id":"https:\/\/egyuttfejlodunk.hu\/?p=2946#breadcrumb"},"inLanguage":"hu","potentialAction":[{"@type":"ReadAction","target":["https:\/\/egyuttfejlodunk.hu\/?p=2946"]}]},{"@type":"ImageObject","inLanguage":"hu","@id":"https:\/\/egyuttfejlodunk.hu\/?p=2946#primaryimage","url":"https:\/\/egyuttfejlodunk.hu\/wp-content\/uploads\/2023\/06\/47-scaled.jpg","contentUrl":"https:\/\/egyuttfejlodunk.hu\/wp-content\/uploads\/2023\/06\/47-scaled.jpg","width":1920,"height":1440},{"@type":"BreadcrumbList","@id":"https:\/\/egyuttfejlodunk.hu\/?p=2946#breadcrumb","itemListElement":[{"@type":"ListItem","position":1,"name":"Home","item":"https:\/\/egyuttfejlodunk.hu\/"},{"@type":"ListItem","position":2,"name":"Fedezd fel a Gerecse Kapuj\u00e1t &#8211; Tatab\u00e1nya turisztikai fejleszt\u00e9s\u00e9t!"}]},{"@type":"WebSite","@id":"https:\/\/egyuttfejlodunk.hu\/#website","url":"https:\/\/egyuttfejlodunk.hu\/","name":"Egy\u00fctt fejl\u0151d\u00fcnk","description":"","publisher":{"@id":"https:\/\/egyuttfejlodunk.hu\/#organization"},"potentialAction":[{"@type":"SearchAction","target":{"@type":"EntryPoint","urlTemplate":"https:\/\/egyuttfejlodunk.hu\/?s={search_term_string}"},"query-input":{"@type":"PropertyValueSpecification","valueRequired":true,"valueName":"search_term_string"}}],"inLanguage":"hu"},{"@type":"Organization","@id":"https:\/\/egyuttfejlodunk.hu\/#organization","name":"Egy\u00fctt fejl\u0151d\u00fcnk","url":"https:\/\/egyuttfejlodunk.hu\/","logo":{"@type":"ImageObject","inLanguage":"hu","@id":"https:\/\/egyuttfejlodunk.hu\/#\/schema\/logo\/image\/","url":"https:\/\/egyuttfejlodunk.hu\/wp-content\/uploads\/2026\/04\/ujlogo.jpg","contentUrl":"https:\/\/egyuttfejlodunk.hu\/wp-content\/uploads\/2026\/04\/ujlogo.jpg","width":350,"height":110,"caption":"Egy\u00fctt fejl\u0151d\u00fcnk"},"image":{"@id":"https:\/\/egyuttfejlodunk.hu\/#\/schema\/logo\/image\/"}},{"@type":"Person","@id":"https:\/\/egyuttfejlodunk.hu\/#\/schema\/person\/74d5e3661b874eed1958599cd4ca7bbd","name":"B\u00e1cskai Gabriella"}]}},"_links":{"self":[{"href":"https:\/\/egyuttfejlodunk.hu\/index.php?rest_route=\/wp\/v2\/posts\/2946","targetHints":{"allow":["GET"]}}],"collection":[{"href":"https:\/\/egyuttfejlodunk.hu\/index.php?rest_route=\/wp\/v2\/posts"}],"about":[{"href":"https:\/\/egyuttfejlodunk.hu\/index.php?rest_route=\/wp\/v2\/types\/post"}],"author":[{"embeddable":true,"href":"https:\/\/egyuttfejlodunk.hu\/index.php?rest_route=\/wp\/v2\/users\/17"}],"replies":[{"embeddable":true,"href":"https:\/\/egyuttfejlodunk.hu\/index.php?rest_route=%2Fwp%2Fv2%2Fcomments&post=2946"}],"version-history":[{"count":14,"href":"https:\/\/egyuttfejlodunk.hu\/index.php?rest_route=\/wp\/v2\/posts\/2946\/revisions"}],"predecessor-version":[{"id":4117,"href":"https:\/\/egyuttfejlodunk.hu\/index.php?rest_route=\/wp\/v2\/posts\/2946\/revisions\/4117"}],"wp:featuredmedia":[{"embeddable":true,"href":"https:\/\/egyuttfejlodunk.hu\/index.php?rest_route=\/wp\/v2\/media\/2947"}],"wp:attachment":[{"href":"https:\/\/egyuttfejlodunk.hu\/index.php?rest_route=%2Fwp%2Fv2%2Fmedia&parent=2946"}],"wp:term":[{"taxonomy":"category","embeddable":true,"href":"https:\/\/egyuttfejlodunk.hu\/index.php?rest_route=%2Fwp%2Fv2%2Fcategories&post=2946"},{"taxonomy":"post_tag","embeddable":true,"href":"https:\/\/egyuttfejlodunk.hu\/index.php?rest_route=%2Fwp%2Fv2%2Ftags&post=2946"},{"taxonomy":"megye","embeddable":true,"href":"https:\/\/egyuttfejlodunk.hu\/index.php?rest_route=%2Fwp%2Fv2%2Fmegye&post=2946"}],"curies":[{"name":"wp","href":"https:\/\/api.w.org\/{rel}","templated":true}]}}