{"id":3683,"date":"2023-10-27T06:30:33","date_gmt":"2023-10-27T04:30:33","guid":{"rendered":"https:\/\/fejlesztesihirek.hu\/?p=3683"},"modified":"2023-10-25T17:07:09","modified_gmt":"2023-10-25T15:07:09","slug":"kerek-vilag","status":"publish","type":"post","link":"https:\/\/egyuttfejlodunk.hu\/kerek-vilag\/","title":{"rendered":"Kerekebb a vil\u00e1g P\u00e9csett"},"content":{"rendered":"<p><strong>\u00da<\/strong><strong>j szolg\u00e1ltat\u00e1sok<\/strong><strong>kal<\/strong> <strong>b\u0151v\u00fclt<\/strong><strong> a Kerek Vil\u00e1g Alap\u00edtv\u00e1ny \u00e1ltal fenntartott gy\u00f3gypedag\u00f3giai \u00e1ltal\u00e1nos<\/strong>&nbsp;<strong>iskola k\u00edn\u00e1lata<\/strong><strong>. A lovas- \u00e9s kuty\u00e1s ter\u00e1pia mellett egy speci\u00e1lis szob\u00e1t is kialak\u00edtottak, ahol a harmonikus \u00e9s eszt\u00e9tikus, nyugalmat \u00e1raszt\u00f3 k\u00f6rnyezetben a gyerekek t\u00f6bb \u00e9rz\u00e9kszerv\u00e9t is tudj\u00e1k stimul\u00e1lni k\u00fcl\u00f6nb\u00f6z\u0151 ingerek, f\u00e9ny-, sz\u00edn- \u00e9s hanghat\u00e1sok, zene \u00e9s illatok seg\u00edts\u00e9g\u00e9vel. A Sz\u00e9chenyi 2020 Emberi Er\u0151forr\u00e1s Operat\u00edv Programon kereszt\u00fcl 2014-2020 k\u00f6z\u00f6tt t\u00f6bb<\/strong><strong> milli\u00e1rd forint eur\u00f3pai uni\u00f3s forr\u00e1s j\u00e1rult hozz\u00e1 az olyan innovat\u00edv \u00e9s hi\u00e1nyp\u00f3tl\u00f3 fejleszt\u00e9sekhez, mint amilyen a p\u00e9csi alap\u00edtv\u00e1ny\u00e9.<\/strong><strong>&nbsp; <\/strong><\/p>\n<p>A p\u00e9csi Kerek Vil\u00e1g Alap\u00edtv\u00e1ny csaknem 25 \u00e9ve foglalkozik fogyat\u00e9koss\u00e1ggal \u00e9l\u0151 gyermekek nevel\u00e9s\u00e9vel. Az int\u00e9zm\u00e9ny jelenleg t\u00f6bb, mint hatvan saj\u00e1tos nevel\u00e9si ig\u00e9ny\u0171, gy\u00f3gypedag\u00f3giai seg\u00edts\u00e9gre szorul\u00f3 gyermekkel foglalkozik. A kis l\u00e9tsz\u00e1m\u00fa csoportok mindegyik\u00e9ben van gy\u00f3gypedag\u00f3gus, aki mellett 2-3 k\u00eds\u00e9r\u0151 is seg\u00edti a kisdi\u00e1kokat.&nbsp; A tanul\u00e1son k\u00edv\u00fcl a gyerekek olyan egy\u00e9ni fejleszt\u00e9sben is r\u00e9szt vesznek, mint a kondukt\u00edv pedag\u00f3gia, gy\u00f3gytorna, l\u00e1t\u00e1sfejleszt\u00e9s, logop\u00e9dia \u00e9s besz\u00e9dfejleszt\u00e9s.<\/p>\n<p>A t\u00e1mogat\u00e1snak k\u00f6sz\u00f6nhet\u0151en speci\u00e1lis eszk\u00f6z\u00f6kkel felszerelt, sokoldal\u00fa, \u00fan. Snoezelen vagy multiszenzoros ter\u00e1pi\u00e1s szob\u00e1t alak\u00edtottak ki, amely seg\u00edti a pszich\u00e9s alapfunkci\u00f3k, a figyelem, az \u00e9rz\u00e9kel\u00e9s \u00e9s az \u00e9szlel\u00e9s fejleszt\u00e9s\u00e9t, aktiviz\u00e1l\u00e1s\u00e1t, a verb\u00e1lis \u00e9s nonverb\u00e1lis kommunik\u00e1ci\u00f3 \u00f6szt\u00f6nz\u00e9s\u00e9t \u00e9s a fesz\u00fclts\u00e9g old\u00e1s\u00e1t is.<\/p>\n<p>A Kerek Vil\u00e1g Alap\u00edtv\u00e1ny c\u00e9lul t\u0171zte ki a m\u00e9lt\u00e1nyos, min\u0151s\u00e9gi oktat\u00e1shoz val\u00f3 hozz\u00e1f\u00e9r\u00e9s jav\u00edt\u00e1s\u00e1t, amelyhez jelent\u0151sen hozz\u00e1j\u00e1rult a sikeresen megval\u00f3s\u00edtott, \u00faj szolg\u00e1ltat\u00e1sokat biztos\u00edt\u00f3 projekt.<\/p>\n<p>N\u00e9zd meg a projektr\u0151l k\u00e9sz\u00fclt kisfilmet:<\/p>\n<div class=\"bt-video-container\"><iframe title=\"Kerek Vil\u00e1g\" width=\"1200\" height=\"675\" src=\"https:\/\/www.youtube.com\/embed\/QNv2Ft6bqbI?feature=oembed\" frameborder=\"0\" allow=\"accelerometer; autoplay; clipboard-write; encrypted-media; gyroscope; picture-in-picture; web-share\" allowfullscreen><\/iframe><\/div>\n<p>A beruh\u00e1z\u00e1s az EFOP-3.1.6-16-2017-0007 projektnek k\u00f6sz\u00f6nhet\u0151en, uni\u00f3s forr\u00e1sb\u00f3l val\u00f3sult meg.<\/p>\n<p>A projektr\u0151l t\u00f6bbet megtudhatsz a t\u00e1mogatott projekt keres\u0151ben: <a class=\"tovabb\" href=\"https:\/\/www.palyazat.gov.hu\/eredmenyek\/tamogatott-projektek\/1418790201\">Tov\u00e1bb<\/a><\/p>\n","protected":false},"excerpt":{"rendered":"<p>\u00daj szolg\u00e1ltat\u00e1sokkal b\u0151v\u00fclt a Kerek Vil\u00e1g Alap\u00edtv\u00e1ny \u00e1ltal fenntartott gy\u00f3gypedag\u00f3giai \u00e1ltal\u00e1nos&nbsp;iskola k\u00edn\u00e1lata. A lovas- \u00e9s kuty\u00e1s ter\u00e1pia mellett egy speci\u00e1lis szob\u00e1t is kialak\u00edtottak, ahol a harmonikus \u00e9s eszt\u00e9tikus, nyugalmat \u00e1raszt\u00f3 k\u00f6rnyezetben a gyerekek t\u00f6bb \u00e9rz\u00e9kszerv\u00e9t is tudj\u00e1k stimul\u00e1lni k\u00fcl\u00f6nb\u00f6z\u0151 ingerek, f\u00e9ny-, sz\u00edn- \u00e9s hanghat\u00e1sok, zene \u00e9s illatok seg\u00edts\u00e9g\u00e9vel. A Sz\u00e9chenyi 2020 Emberi Er\u0151forr\u00e1s Operat\u00edv Programon kereszt\u00fcl 2014-2020 k\u00f6z\u00f6tt t\u00f6bb milli\u00e1rd forint eur\u00f3pai uni\u00f3s forr\u00e1s j\u00e1rult hozz\u00e1 az olyan innovat\u00edv \u00e9s hi\u00e1nyp\u00f3tl\u00f3 fejleszt\u00e9sekhez, mint amilyen a&#8230;<\/p>\n","protected":false},"author":17,"featured_media":3684,"comment_status":"closed","ping_status":"closed","sticky":false,"template":"","format":"video","meta":{"_acf_changed":false,"ngg_post_thumbnail":0,"footnotes":""},"categories":[154],"tags":[312,415,407],"megye":[],"class_list":["post-3683","post","type-post","status-publish","format-video","has-post-thumbnail","hentry","category-efop-hu","tag-eselyegyenloseg","tag-eselyteremtes","tag-szechenyi2020","post_format-post-format-video"],"acf":[],"yoast_head":"<!-- This site is optimized with the Yoast SEO Premium plugin v28.4 (Yoast SEO v28.4) - https:\/\/yoast.com\/product\/yoast-seo-premium-wordpress\/ -->\n<title>Kerekebb a vil\u00e1g P\u00e9csett - Egy\u00fctt fejl\u0151d\u00fcnk<\/title>\n<meta name=\"robots\" content=\"noindex, follow, max-snippet:-1, max-image-preview:large, max-video-preview:-1\" \/>\n<meta property=\"og:locale\" content=\"hu_HU\" \/>\n<meta property=\"og:type\" content=\"article\" \/>\n<meta property=\"og:title\" content=\"Kerekebb a vil\u00e1g P\u00e9csett\" \/>\n<meta property=\"og:description\" content=\"\u00daj szolg\u00e1ltat\u00e1sokkal b\u0151v\u00fclt a Kerek Vil\u00e1g Alap\u00edtv\u00e1ny \u00e1ltal fenntartott gy\u00f3gypedag\u00f3giai \u00e1ltal\u00e1nos&nbsp;iskola k\u00edn\u00e1lata. A lovas- \u00e9s kuty\u00e1s ter\u00e1pia mellett egy speci\u00e1lis szob\u00e1t is kialak\u00edtottak, ahol a harmonikus \u00e9s eszt\u00e9tikus, nyugalmat \u00e1raszt\u00f3 k\u00f6rnyezetben a gyerekek t\u00f6bb \u00e9rz\u00e9kszerv\u00e9t is tudj\u00e1k stimul\u00e1lni k\u00fcl\u00f6nb\u00f6z\u0151 ingerek, f\u00e9ny-, sz\u00edn- \u00e9s hanghat\u00e1sok, zene \u00e9s illatok seg\u00edts\u00e9g\u00e9vel. A Sz\u00e9chenyi 2020 Emberi Er\u0151forr\u00e1s Operat\u00edv Programon kereszt\u00fcl 2014-2020 k\u00f6z\u00f6tt t\u00f6bb milli\u00e1rd forint eur\u00f3pai uni\u00f3s forr\u00e1s j\u00e1rult hozz\u00e1 az olyan innovat\u00edv \u00e9s hi\u00e1nyp\u00f3tl\u00f3 fejleszt\u00e9sekhez, mint amilyen a...\" \/>\n<meta property=\"og:url\" content=\"https:\/\/egyuttfejlodunk.hu\/kerek-vilag\/\" \/>\n<meta property=\"og:site_name\" content=\"Egy\u00fctt fejl\u0151d\u00fcnk\" \/>\n<meta property=\"article:published_time\" content=\"2023-10-27T04:30:33+00:00\" \/>\n<meta property=\"og:image\" content=\"https:\/\/egyuttfejlodunk.hu\/wp-content\/uploads\/2023\/10\/kerek-vilag.jpg\" \/>\n\t<meta property=\"og:image:width\" content=\"1920\" \/>\n\t<meta property=\"og:image:height\" content=\"1280\" \/>\n\t<meta property=\"og:image:type\" content=\"image\/jpeg\" \/>\n<meta name=\"author\" content=\"B\u00e1cskai Gabriella\" \/>\n<meta name=\"twitter:card\" content=\"summary_large_image\" \/>\n<meta name=\"twitter:label1\" content=\"Szerz\u0151:\" \/>\n\t<meta name=\"twitter:data1\" content=\"B\u00e1cskai Gabriella\" \/>\n\t<meta name=\"twitter:label2\" content=\"Becs\u00fclt olvas\u00e1si id\u0151\" \/>\n\t<meta name=\"twitter:data2\" content=\"2 perc\" \/>\n<script type=\"application\/ld+json\" class=\"yoast-schema-graph\">{\"@context\":\"https:\\\/\\\/schema.org\",\"@graph\":[{\"@type\":\"Article\",\"@id\":\"https:\\\/\\\/egyuttfejlodunk.hu\\\/kerek-vilag\\\/#article\",\"isPartOf\":{\"@id\":\"https:\\\/\\\/egyuttfejlodunk.hu\\\/kerek-vilag\\\/\"},\"author\":{\"name\":\"B\u00e1cskai Gabriella\",\"@id\":\"https:\\\/\\\/egyuttfejlodunk.hu\\\/#\\\/schema\\\/person\\\/74d5e3661b874eed1958599cd4ca7bbd\"},\"headline\":\"Kerekebb a vil\u00e1g P\u00e9csett\",\"datePublished\":\"2023-10-27T04:30:33+00:00\",\"mainEntityOfPage\":{\"@id\":\"https:\\\/\\\/egyuttfejlodunk.hu\\\/kerek-vilag\\\/\"},\"wordCount\":419,\"publisher\":{\"@id\":\"https:\\\/\\\/egyuttfejlodunk.hu\\\/#organization\"},\"image\":{\"@id\":\"https:\\\/\\\/egyuttfejlodunk.hu\\\/kerek-vilag\\\/#primaryimage\"},\"thumbnailUrl\":\"https:\\\/\\\/egyuttfejlodunk.hu\\\/wp-content\\\/uploads\\\/2023\\\/10\\\/kerek-vilag.jpg\",\"keywords\":[\"es\u00e9lyegyenl\u0151s\u00e9g\",\"es\u00e9lyteremt\u00e9s\",\"sz\u00e9chenyi2020\"],\"articleSection\":[\"EFOP\"],\"inLanguage\":\"hu\"},{\"@type\":\"WebPage\",\"@id\":\"https:\\\/\\\/egyuttfejlodunk.hu\\\/kerek-vilag\\\/\",\"url\":\"https:\\\/\\\/egyuttfejlodunk.hu\\\/kerek-vilag\\\/\",\"name\":\"Kerekebb a vil\u00e1g P\u00e9csett - Egy\u00fctt fejl\u0151d\u00fcnk\",\"isPartOf\":{\"@id\":\"https:\\\/\\\/egyuttfejlodunk.hu\\\/#website\"},\"primaryImageOfPage\":{\"@id\":\"https:\\\/\\\/egyuttfejlodunk.hu\\\/kerek-vilag\\\/#primaryimage\"},\"image\":{\"@id\":\"https:\\\/\\\/egyuttfejlodunk.hu\\\/kerek-vilag\\\/#primaryimage\"},\"thumbnailUrl\":\"https:\\\/\\\/egyuttfejlodunk.hu\\\/wp-content\\\/uploads\\\/2023\\\/10\\\/kerek-vilag.jpg\",\"datePublished\":\"2023-10-27T04:30:33+00:00\",\"breadcrumb\":{\"@id\":\"https:\\\/\\\/egyuttfejlodunk.hu\\\/kerek-vilag\\\/#breadcrumb\"},\"inLanguage\":\"hu\",\"potentialAction\":[{\"@type\":\"ReadAction\",\"target\":[\"https:\\\/\\\/egyuttfejlodunk.hu\\\/kerek-vilag\\\/\"]}]},{\"@type\":\"ImageObject\",\"inLanguage\":\"hu\",\"@id\":\"https:\\\/\\\/egyuttfejlodunk.hu\\\/kerek-vilag\\\/#primaryimage\",\"url\":\"https:\\\/\\\/egyuttfejlodunk.hu\\\/wp-content\\\/uploads\\\/2023\\\/10\\\/kerek-vilag.jpg\",\"contentUrl\":\"https:\\\/\\\/egyuttfejlodunk.hu\\\/wp-content\\\/uploads\\\/2023\\\/10\\\/kerek-vilag.jpg\",\"width\":1920,\"height\":1280},{\"@type\":\"BreadcrumbList\",\"@id\":\"https:\\\/\\\/egyuttfejlodunk.hu\\\/kerek-vilag\\\/#breadcrumb\",\"itemListElement\":[{\"@type\":\"ListItem\",\"position\":1,\"name\":\"Home\",\"item\":\"https:\\\/\\\/egyuttfejlodunk.hu\\\/\"},{\"@type\":\"ListItem\",\"position\":2,\"name\":\"Kerekebb a vil\u00e1g P\u00e9csett\"}]},{\"@type\":\"WebSite\",\"@id\":\"https:\\\/\\\/egyuttfejlodunk.hu\\\/#website\",\"url\":\"https:\\\/\\\/egyuttfejlodunk.hu\\\/\",\"name\":\"Egy\u00fctt fejl\u0151d\u00fcnk\",\"description\":\"\",\"publisher\":{\"@id\":\"https:\\\/\\\/egyuttfejlodunk.hu\\\/#organization\"},\"potentialAction\":[{\"@type\":\"SearchAction\",\"target\":{\"@type\":\"EntryPoint\",\"urlTemplate\":\"https:\\\/\\\/egyuttfejlodunk.hu\\\/?s={search_term_string}\"},\"query-input\":{\"@type\":\"PropertyValueSpecification\",\"valueRequired\":true,\"valueName\":\"search_term_string\"}}],\"inLanguage\":\"hu\"},{\"@type\":\"Organization\",\"@id\":\"https:\\\/\\\/egyuttfejlodunk.hu\\\/#organization\",\"name\":\"Egy\u00fctt fejl\u0151d\u00fcnk\",\"url\":\"https:\\\/\\\/egyuttfejlodunk.hu\\\/\",\"logo\":{\"@type\":\"ImageObject\",\"inLanguage\":\"hu\",\"@id\":\"https:\\\/\\\/egyuttfejlodunk.hu\\\/#\\\/schema\\\/logo\\\/image\\\/\",\"url\":\"https:\\\/\\\/egyuttfejlodunk.hu\\\/wp-content\\\/uploads\\\/2026\\\/04\\\/ujlogo.jpg\",\"contentUrl\":\"https:\\\/\\\/egyuttfejlodunk.hu\\\/wp-content\\\/uploads\\\/2026\\\/04\\\/ujlogo.jpg\",\"width\":350,\"height\":110,\"caption\":\"Egy\u00fctt fejl\u0151d\u00fcnk\"},\"image\":{\"@id\":\"https:\\\/\\\/egyuttfejlodunk.hu\\\/#\\\/schema\\\/logo\\\/image\\\/\"}},{\"@type\":\"Person\",\"@id\":\"https:\\\/\\\/egyuttfejlodunk.hu\\\/#\\\/schema\\\/person\\\/74d5e3661b874eed1958599cd4ca7bbd\",\"name\":\"B\u00e1cskai Gabriella\"}]}<\/script>\n<!-- \/ Yoast SEO Premium plugin. -->","yoast_head_json":{"title":"Kerekebb a vil\u00e1g P\u00e9csett - Egy\u00fctt fejl\u0151d\u00fcnk","robots":{"index":"noindex","follow":"follow","max-snippet":"max-snippet:-1","max-image-preview":"max-image-preview:large","max-video-preview":"max-video-preview:-1"},"og_locale":"hu_HU","og_type":"article","og_title":"Kerekebb a vil\u00e1g P\u00e9csett","og_description":"\u00daj szolg\u00e1ltat\u00e1sokkal b\u0151v\u00fclt a Kerek Vil\u00e1g Alap\u00edtv\u00e1ny \u00e1ltal fenntartott gy\u00f3gypedag\u00f3giai \u00e1ltal\u00e1nos&nbsp;iskola k\u00edn\u00e1lata. A lovas- \u00e9s kuty\u00e1s ter\u00e1pia mellett egy speci\u00e1lis szob\u00e1t is kialak\u00edtottak, ahol a harmonikus \u00e9s eszt\u00e9tikus, nyugalmat \u00e1raszt\u00f3 k\u00f6rnyezetben a gyerekek t\u00f6bb \u00e9rz\u00e9kszerv\u00e9t is tudj\u00e1k stimul\u00e1lni k\u00fcl\u00f6nb\u00f6z\u0151 ingerek, f\u00e9ny-, sz\u00edn- \u00e9s hanghat\u00e1sok, zene \u00e9s illatok seg\u00edts\u00e9g\u00e9vel. A Sz\u00e9chenyi 2020 Emberi Er\u0151forr\u00e1s Operat\u00edv Programon kereszt\u00fcl 2014-2020 k\u00f6z\u00f6tt t\u00f6bb milli\u00e1rd forint eur\u00f3pai uni\u00f3s forr\u00e1s j\u00e1rult hozz\u00e1 az olyan innovat\u00edv \u00e9s hi\u00e1nyp\u00f3tl\u00f3 fejleszt\u00e9sekhez, mint amilyen a...","og_url":"https:\/\/egyuttfejlodunk.hu\/kerek-vilag\/","og_site_name":"Egy\u00fctt fejl\u0151d\u00fcnk","article_published_time":"2023-10-27T04:30:33+00:00","og_image":[{"width":1920,"height":1280,"url":"https:\/\/egyuttfejlodunk.hu\/wp-content\/uploads\/2023\/10\/kerek-vilag.jpg","type":"image\/jpeg"}],"author":"B\u00e1cskai Gabriella","twitter_card":"summary_large_image","twitter_misc":{"Szerz\u0151:":"B\u00e1cskai Gabriella","Becs\u00fclt olvas\u00e1si id\u0151":"2 perc"},"schema":{"@context":"https:\/\/schema.org","@graph":[{"@type":"Article","@id":"https:\/\/egyuttfejlodunk.hu\/kerek-vilag\/#article","isPartOf":{"@id":"https:\/\/egyuttfejlodunk.hu\/kerek-vilag\/"},"author":{"name":"B\u00e1cskai Gabriella","@id":"https:\/\/egyuttfejlodunk.hu\/#\/schema\/person\/74d5e3661b874eed1958599cd4ca7bbd"},"headline":"Kerekebb a vil\u00e1g P\u00e9csett","datePublished":"2023-10-27T04:30:33+00:00","mainEntityOfPage":{"@id":"https:\/\/egyuttfejlodunk.hu\/kerek-vilag\/"},"wordCount":419,"publisher":{"@id":"https:\/\/egyuttfejlodunk.hu\/#organization"},"image":{"@id":"https:\/\/egyuttfejlodunk.hu\/kerek-vilag\/#primaryimage"},"thumbnailUrl":"https:\/\/egyuttfejlodunk.hu\/wp-content\/uploads\/2023\/10\/kerek-vilag.jpg","keywords":["es\u00e9lyegyenl\u0151s\u00e9g","es\u00e9lyteremt\u00e9s","sz\u00e9chenyi2020"],"articleSection":["EFOP"],"inLanguage":"hu"},{"@type":"WebPage","@id":"https:\/\/egyuttfejlodunk.hu\/kerek-vilag\/","url":"https:\/\/egyuttfejlodunk.hu\/kerek-vilag\/","name":"Kerekebb a vil\u00e1g P\u00e9csett - Egy\u00fctt fejl\u0151d\u00fcnk","isPartOf":{"@id":"https:\/\/egyuttfejlodunk.hu\/#website"},"primaryImageOfPage":{"@id":"https:\/\/egyuttfejlodunk.hu\/kerek-vilag\/#primaryimage"},"image":{"@id":"https:\/\/egyuttfejlodunk.hu\/kerek-vilag\/#primaryimage"},"thumbnailUrl":"https:\/\/egyuttfejlodunk.hu\/wp-content\/uploads\/2023\/10\/kerek-vilag.jpg","datePublished":"2023-10-27T04:30:33+00:00","breadcrumb":{"@id":"https:\/\/egyuttfejlodunk.hu\/kerek-vilag\/#breadcrumb"},"inLanguage":"hu","potentialAction":[{"@type":"ReadAction","target":["https:\/\/egyuttfejlodunk.hu\/kerek-vilag\/"]}]},{"@type":"ImageObject","inLanguage":"hu","@id":"https:\/\/egyuttfejlodunk.hu\/kerek-vilag\/#primaryimage","url":"https:\/\/egyuttfejlodunk.hu\/wp-content\/uploads\/2023\/10\/kerek-vilag.jpg","contentUrl":"https:\/\/egyuttfejlodunk.hu\/wp-content\/uploads\/2023\/10\/kerek-vilag.jpg","width":1920,"height":1280},{"@type":"BreadcrumbList","@id":"https:\/\/egyuttfejlodunk.hu\/kerek-vilag\/#breadcrumb","itemListElement":[{"@type":"ListItem","position":1,"name":"Home","item":"https:\/\/egyuttfejlodunk.hu\/"},{"@type":"ListItem","position":2,"name":"Kerekebb a vil\u00e1g P\u00e9csett"}]},{"@type":"WebSite","@id":"https:\/\/egyuttfejlodunk.hu\/#website","url":"https:\/\/egyuttfejlodunk.hu\/","name":"Egy\u00fctt fejl\u0151d\u00fcnk","description":"","publisher":{"@id":"https:\/\/egyuttfejlodunk.hu\/#organization"},"potentialAction":[{"@type":"SearchAction","target":{"@type":"EntryPoint","urlTemplate":"https:\/\/egyuttfejlodunk.hu\/?s={search_term_string}"},"query-input":{"@type":"PropertyValueSpecification","valueRequired":true,"valueName":"search_term_string"}}],"inLanguage":"hu"},{"@type":"Organization","@id":"https:\/\/egyuttfejlodunk.hu\/#organization","name":"Egy\u00fctt fejl\u0151d\u00fcnk","url":"https:\/\/egyuttfejlodunk.hu\/","logo":{"@type":"ImageObject","inLanguage":"hu","@id":"https:\/\/egyuttfejlodunk.hu\/#\/schema\/logo\/image\/","url":"https:\/\/egyuttfejlodunk.hu\/wp-content\/uploads\/2026\/04\/ujlogo.jpg","contentUrl":"https:\/\/egyuttfejlodunk.hu\/wp-content\/uploads\/2026\/04\/ujlogo.jpg","width":350,"height":110,"caption":"Egy\u00fctt fejl\u0151d\u00fcnk"},"image":{"@id":"https:\/\/egyuttfejlodunk.hu\/#\/schema\/logo\/image\/"}},{"@type":"Person","@id":"https:\/\/egyuttfejlodunk.hu\/#\/schema\/person\/74d5e3661b874eed1958599cd4ca7bbd","name":"B\u00e1cskai Gabriella"}]}},"_links":{"self":[{"href":"https:\/\/egyuttfejlodunk.hu\/wp-json\/wp\/v2\/posts\/3683","targetHints":{"allow":["GET"]}}],"collection":[{"href":"https:\/\/egyuttfejlodunk.hu\/wp-json\/wp\/v2\/posts"}],"about":[{"href":"https:\/\/egyuttfejlodunk.hu\/wp-json\/wp\/v2\/types\/post"}],"author":[{"embeddable":true,"href":"https:\/\/egyuttfejlodunk.hu\/wp-json\/wp\/v2\/users\/17"}],"replies":[{"embeddable":true,"href":"https:\/\/egyuttfejlodunk.hu\/wp-json\/wp\/v2\/comments?post=3683"}],"version-history":[{"count":4,"href":"https:\/\/egyuttfejlodunk.hu\/wp-json\/wp\/v2\/posts\/3683\/revisions"}],"predecessor-version":[{"id":3686,"href":"https:\/\/egyuttfejlodunk.hu\/wp-json\/wp\/v2\/posts\/3683\/revisions\/3686"}],"wp:featuredmedia":[{"embeddable":true,"href":"https:\/\/egyuttfejlodunk.hu\/wp-json\/wp\/v2\/media\/3684"}],"wp:attachment":[{"href":"https:\/\/egyuttfejlodunk.hu\/wp-json\/wp\/v2\/media?parent=3683"}],"wp:term":[{"taxonomy":"category","embeddable":true,"href":"https:\/\/egyuttfejlodunk.hu\/wp-json\/wp\/v2\/categories?post=3683"},{"taxonomy":"post_tag","embeddable":true,"href":"https:\/\/egyuttfejlodunk.hu\/wp-json\/wp\/v2\/tags?post=3683"},{"taxonomy":"megye","embeddable":true,"href":"https:\/\/egyuttfejlodunk.hu\/wp-json\/wp\/v2\/megye?post=3683"}],"curies":[{"name":"wp","href":"https:\/\/api.w.org\/{rel}","templated":true}]}}