{"id":3691,"date":"2023-09-28T10:30:18","date_gmt":"2023-09-28T08:30:18","guid":{"rendered":"https:\/\/fejlesztesihirek.hu\/?p=3691"},"modified":"2023-10-26T11:43:12","modified_gmt":"2023-10-26T09:43:12","slug":"tram-line-1-extended-with-eu-funding","status":"publish","type":"post","link":"https:\/\/egyuttfejlodunk.hu\/en\/tram-line-1-extended-with-eu-funding\/","title":{"rendered":"Tram line 1 extended with EU funding"},"content":{"rendered":"<p><strong>As a result of the project, a connection between Etele Square and Kelenf\u00f6ld railway station has been created, allowing fast and comfortable transport for people travelling in Budapest. During the seven-year programming period between 2014 and 2020, many investments were implemented throughout the country in the framework of the Integrated Transport Development Operational Programme (ITOP), thanks to which the Hungarian population can use quality public transport services.<\/strong><\/p>\n<p>Thanks to the EU grant, Tram line 1 has been extended to Etele Square. The aim of the project was to effectively link the Etele Square junction with South Pest and Kelenf\u00f6ld, allowing faster access to these areas.<\/p>\n<p>Tram No 1 is now the fastest tram in the city: thanks to the renovation and traffic light adjustments, it has an average speed of 22.4 km\/h, faster than the M1 metro. The project has resulted in a significant reduction in air and noise pollution on Etele road. The new interchanges will also allow more people to use public transport, thus reducing the number of cars in Budapest.<\/p>\n<p>The EU funding was key to the project, and is an important improvement in Budapest\u2019s community transport, contributing to a more efficient and sustainable transport infrastructure and improving the quality of the urban environment.<\/p>\n<table>\n<tbody>\n<tr>\n<td><span style=\"font-weight: 400;\">The idea and the design of the tramway line running through Budapest is linked to M\u00f3r Bal\u00e1zs (1849-1897) and the Siemens &amp; Halske company. The transport engineer was the general manager of the Budapest Municipal Electric Railway (BVVV) and is known as the creator of the capital city&#8217;s tramway system. The first step towards the creation of a tramway line in Budapest was project proposal by Siemens &amp; Halske for the construction of an electrified road railway. The &#8216;test tram&#8217; section of the overhead line was completed in October 1887, and G\u00e1bor Baross gave the go-ahead for its launch. The test tram, which was given a deadline of just two months, started on 28 November 1887 with the first engine and cars. The purpose of the test tram was to convince decision-makers that tram transport could offer a solution to the transport problems in Budapest. The test run was a success, with passengers and even horses quickly taking to the new means of transport. In Tram line No. 1, electricity was supplied to the cars from below to avoid cables hanging across the street.<\/span><\/td>\n<\/tr>\n<\/tbody>\n<\/table>\n<p><img fetchpriority=\"high\" decoding=\"async\" class=\"alignnone size-medium\" src=\"https:\/\/fejlesztesihirek.hu\/wp-content\/uploads\/2023\/09\/1-es-villamos-02-1200x800.jpg\" width=\"1200\" height=\"800\"><\/p>\n<p>The project was implemented in the framework of IKOP-3.1.0-15-2016-00007, with the support of EU funding.<\/p>\n<p>You can find out more about the project in the Funded Project Finder: <a class=\"tovabb\" href=\"https:\/\/www.palyazat.gov.hu\/eredmenyek\/tamogatott-projektek\/474750201\">Details<\/a><\/p>\n","protected":false},"excerpt":{"rendered":"<p>As a result of the project, a connection between Etele Square and Kelenf\u00f6ld railway station has been created, allowing fast and comfortable transport for people travelling in Budapest. During the seven-year programming period between 2014 and 2020, many investments were implemented throughout the country in the framework of the Integrated Transport Development Operational Programme (ITOP), thanks to which the Hungarian population can use quality public transport services. Thanks to the EU grant, Tram line 1&#8230;<\/p>\n","protected":false},"author":17,"featured_media":3553,"comment_status":"closed","ping_status":"closed","sticky":false,"template":"","format":"standard","meta":{"_acf_changed":false,"ngg_post_thumbnail":0,"footnotes":""},"categories":[352],"tags":[],"megye":[],"class_list":["post-3691","post","type-post","status-publish","format-standard","has-post-thumbnail","hentry","category-ikop-en"],"acf":[],"yoast_head":"<!-- This site is optimized with the Yoast SEO Premium plugin v28.4 (Yoast SEO v28.4) - https:\/\/yoast.com\/product\/yoast-seo-premium-wordpress\/ -->\n<title>Tram line 1 extended with EU funding - Egy\u00fctt fejl\u0151d\u00fcnk<\/title>\n<meta name=\"robots\" content=\"noindex, follow, max-snippet:-1, max-image-preview:large, max-video-preview:-1\" \/>\n<meta property=\"og:locale\" content=\"hu_HU\" \/>\n<meta property=\"og:type\" content=\"article\" \/>\n<meta property=\"og:title\" content=\"Tram line 1 extended with EU funding\" \/>\n<meta property=\"og:description\" content=\"As a result of the project, a connection between Etele Square and Kelenf\u00f6ld railway station has been created, allowing fast and comfortable transport for people travelling in Budapest. During the seven-year programming period between 2014 and 2020, many investments were implemented throughout the country in the framework of the Integrated Transport Development Operational Programme (ITOP), thanks to which the Hungarian population can use quality public transport services. Thanks to the EU grant, Tram line 1...\" \/>\n<meta property=\"og:url\" content=\"https:\/\/egyuttfejlodunk.hu\/en\/tram-line-1-extended-with-eu-funding\/\" \/>\n<meta property=\"og:site_name\" content=\"Egy\u00fctt fejl\u0151d\u00fcnk\" \/>\n<meta property=\"article:published_time\" content=\"2023-09-28T08:30:18+00:00\" \/>\n<meta property=\"article:modified_time\" content=\"2023-10-26T09:43:12+00:00\" \/>\n<meta property=\"og:image\" content=\"https:\/\/egyuttfejlodunk.hu\/wp-content\/uploads\/2023\/09\/1-es-villamos-e1698307186355.jpg\" \/>\n\t<meta property=\"og:image:width\" content=\"1920\" \/>\n\t<meta property=\"og:image:height\" content=\"969\" \/>\n\t<meta property=\"og:image:type\" content=\"image\/jpeg\" \/>\n<meta name=\"author\" content=\"B\u00e1cskai Gabriella\" \/>\n<meta name=\"twitter:card\" content=\"summary_large_image\" \/>\n<meta name=\"twitter:label1\" content=\"Szerz\u0151:\" \/>\n\t<meta name=\"twitter:data1\" content=\"B\u00e1cskai Gabriella\" \/>\n\t<meta name=\"twitter:label2\" content=\"Becs\u00fclt olvas\u00e1si id\u0151\" \/>\n\t<meta name=\"twitter:data2\" content=\"2 perc\" \/>\n<script type=\"application\/ld+json\" class=\"yoast-schema-graph\">{\"@context\":\"https:\\\/\\\/schema.org\",\"@graph\":[{\"@type\":\"Article\",\"@id\":\"https:\\\/\\\/egyuttfejlodunk.hu\\\/en\\\/tram-line-1-extended-with-eu-funding\\\/#article\",\"isPartOf\":{\"@id\":\"https:\\\/\\\/egyuttfejlodunk.hu\\\/en\\\/tram-line-1-extended-with-eu-funding\\\/\"},\"author\":{\"name\":\"B\u00e1cskai Gabriella\",\"@id\":\"https:\\\/\\\/egyuttfejlodunk.hu\\\/#\\\/schema\\\/person\\\/74d5e3661b874eed1958599cd4ca7bbd\"},\"headline\":\"Tram line 1 extended with EU funding\",\"datePublished\":\"2023-09-28T08:30:18+00:00\",\"dateModified\":\"2023-10-26T09:43:12+00:00\",\"mainEntityOfPage\":{\"@id\":\"https:\\\/\\\/egyuttfejlodunk.hu\\\/en\\\/tram-line-1-extended-with-eu-funding\\\/\"},\"wordCount\":428,\"publisher\":{\"@id\":\"https:\\\/\\\/egyuttfejlodunk.hu\\\/#organization\"},\"image\":{\"@id\":\"https:\\\/\\\/egyuttfejlodunk.hu\\\/en\\\/tram-line-1-extended-with-eu-funding\\\/#primaryimage\"},\"thumbnailUrl\":\"https:\\\/\\\/egyuttfejlodunk.hu\\\/wp-content\\\/uploads\\\/2023\\\/09\\\/1-es-villamos-e1698307186355.jpg\",\"articleSection\":[\"Ikop\"],\"inLanguage\":\"hu\"},{\"@type\":\"WebPage\",\"@id\":\"https:\\\/\\\/egyuttfejlodunk.hu\\\/en\\\/tram-line-1-extended-with-eu-funding\\\/\",\"url\":\"https:\\\/\\\/egyuttfejlodunk.hu\\\/en\\\/tram-line-1-extended-with-eu-funding\\\/\",\"name\":\"Tram line 1 extended with EU funding - Egy\u00fctt fejl\u0151d\u00fcnk\",\"isPartOf\":{\"@id\":\"https:\\\/\\\/egyuttfejlodunk.hu\\\/#website\"},\"primaryImageOfPage\":{\"@id\":\"https:\\\/\\\/egyuttfejlodunk.hu\\\/en\\\/tram-line-1-extended-with-eu-funding\\\/#primaryimage\"},\"image\":{\"@id\":\"https:\\\/\\\/egyuttfejlodunk.hu\\\/en\\\/tram-line-1-extended-with-eu-funding\\\/#primaryimage\"},\"thumbnailUrl\":\"https:\\\/\\\/egyuttfejlodunk.hu\\\/wp-content\\\/uploads\\\/2023\\\/09\\\/1-es-villamos-e1698307186355.jpg\",\"datePublished\":\"2023-09-28T08:30:18+00:00\",\"dateModified\":\"2023-10-26T09:43:12+00:00\",\"breadcrumb\":{\"@id\":\"https:\\\/\\\/egyuttfejlodunk.hu\\\/en\\\/tram-line-1-extended-with-eu-funding\\\/#breadcrumb\"},\"inLanguage\":\"hu\",\"potentialAction\":[{\"@type\":\"ReadAction\",\"target\":[\"https:\\\/\\\/egyuttfejlodunk.hu\\\/en\\\/tram-line-1-extended-with-eu-funding\\\/\"]}]},{\"@type\":\"ImageObject\",\"inLanguage\":\"hu\",\"@id\":\"https:\\\/\\\/egyuttfejlodunk.hu\\\/en\\\/tram-line-1-extended-with-eu-funding\\\/#primaryimage\",\"url\":\"https:\\\/\\\/egyuttfejlodunk.hu\\\/wp-content\\\/uploads\\\/2023\\\/09\\\/1-es-villamos-e1698307186355.jpg\",\"contentUrl\":\"https:\\\/\\\/egyuttfejlodunk.hu\\\/wp-content\\\/uploads\\\/2023\\\/09\\\/1-es-villamos-e1698307186355.jpg\",\"width\":1920,\"height\":969},{\"@type\":\"BreadcrumbList\",\"@id\":\"https:\\\/\\\/egyuttfejlodunk.hu\\\/en\\\/tram-line-1-extended-with-eu-funding\\\/#breadcrumb\",\"itemListElement\":[{\"@type\":\"ListItem\",\"position\":1,\"name\":\"Home\",\"item\":\"https:\\\/\\\/egyuttfejlodunk.hu\\\/\"},{\"@type\":\"ListItem\",\"position\":2,\"name\":\"Tram line 1 extended with EU funding\"}]},{\"@type\":\"WebSite\",\"@id\":\"https:\\\/\\\/egyuttfejlodunk.hu\\\/#website\",\"url\":\"https:\\\/\\\/egyuttfejlodunk.hu\\\/\",\"name\":\"Egy\u00fctt fejl\u0151d\u00fcnk\",\"description\":\"\",\"publisher\":{\"@id\":\"https:\\\/\\\/egyuttfejlodunk.hu\\\/#organization\"},\"potentialAction\":[{\"@type\":\"SearchAction\",\"target\":{\"@type\":\"EntryPoint\",\"urlTemplate\":\"https:\\\/\\\/egyuttfejlodunk.hu\\\/?s={search_term_string}\"},\"query-input\":{\"@type\":\"PropertyValueSpecification\",\"valueRequired\":true,\"valueName\":\"search_term_string\"}}],\"inLanguage\":\"hu\"},{\"@type\":\"Organization\",\"@id\":\"https:\\\/\\\/egyuttfejlodunk.hu\\\/#organization\",\"name\":\"Egy\u00fctt fejl\u0151d\u00fcnk\",\"url\":\"https:\\\/\\\/egyuttfejlodunk.hu\\\/\",\"logo\":{\"@type\":\"ImageObject\",\"inLanguage\":\"hu\",\"@id\":\"https:\\\/\\\/egyuttfejlodunk.hu\\\/#\\\/schema\\\/logo\\\/image\\\/\",\"url\":\"https:\\\/\\\/egyuttfejlodunk.hu\\\/wp-content\\\/uploads\\\/2026\\\/04\\\/ujlogo.jpg\",\"contentUrl\":\"https:\\\/\\\/egyuttfejlodunk.hu\\\/wp-content\\\/uploads\\\/2026\\\/04\\\/ujlogo.jpg\",\"width\":350,\"height\":110,\"caption\":\"Egy\u00fctt fejl\u0151d\u00fcnk\"},\"image\":{\"@id\":\"https:\\\/\\\/egyuttfejlodunk.hu\\\/#\\\/schema\\\/logo\\\/image\\\/\"}},{\"@type\":\"Person\",\"@id\":\"https:\\\/\\\/egyuttfejlodunk.hu\\\/#\\\/schema\\\/person\\\/74d5e3661b874eed1958599cd4ca7bbd\",\"name\":\"B\u00e1cskai Gabriella\"}]}<\/script>\n<!-- \/ Yoast SEO Premium plugin. -->","yoast_head_json":{"title":"Tram line 1 extended with EU funding - Egy\u00fctt fejl\u0151d\u00fcnk","robots":{"index":"noindex","follow":"follow","max-snippet":"max-snippet:-1","max-image-preview":"max-image-preview:large","max-video-preview":"max-video-preview:-1"},"og_locale":"hu_HU","og_type":"article","og_title":"Tram line 1 extended with EU funding","og_description":"As a result of the project, a connection between Etele Square and Kelenf\u00f6ld railway station has been created, allowing fast and comfortable transport for people travelling in Budapest. During the seven-year programming period between 2014 and 2020, many investments were implemented throughout the country in the framework of the Integrated Transport Development Operational Programme (ITOP), thanks to which the Hungarian population can use quality public transport services. Thanks to the EU grant, Tram line 1...","og_url":"https:\/\/egyuttfejlodunk.hu\/en\/tram-line-1-extended-with-eu-funding\/","og_site_name":"Egy\u00fctt fejl\u0151d\u00fcnk","article_published_time":"2023-09-28T08:30:18+00:00","article_modified_time":"2023-10-26T09:43:12+00:00","og_image":[{"width":1920,"height":969,"url":"https:\/\/egyuttfejlodunk.hu\/wp-content\/uploads\/2023\/09\/1-es-villamos-e1698307186355.jpg","type":"image\/jpeg"}],"author":"B\u00e1cskai Gabriella","twitter_card":"summary_large_image","twitter_misc":{"Szerz\u0151:":"B\u00e1cskai Gabriella","Becs\u00fclt olvas\u00e1si id\u0151":"2 perc"},"schema":{"@context":"https:\/\/schema.org","@graph":[{"@type":"Article","@id":"https:\/\/egyuttfejlodunk.hu\/en\/tram-line-1-extended-with-eu-funding\/#article","isPartOf":{"@id":"https:\/\/egyuttfejlodunk.hu\/en\/tram-line-1-extended-with-eu-funding\/"},"author":{"name":"B\u00e1cskai Gabriella","@id":"https:\/\/egyuttfejlodunk.hu\/#\/schema\/person\/74d5e3661b874eed1958599cd4ca7bbd"},"headline":"Tram line 1 extended with EU funding","datePublished":"2023-09-28T08:30:18+00:00","dateModified":"2023-10-26T09:43:12+00:00","mainEntityOfPage":{"@id":"https:\/\/egyuttfejlodunk.hu\/en\/tram-line-1-extended-with-eu-funding\/"},"wordCount":428,"publisher":{"@id":"https:\/\/egyuttfejlodunk.hu\/#organization"},"image":{"@id":"https:\/\/egyuttfejlodunk.hu\/en\/tram-line-1-extended-with-eu-funding\/#primaryimage"},"thumbnailUrl":"https:\/\/egyuttfejlodunk.hu\/wp-content\/uploads\/2023\/09\/1-es-villamos-e1698307186355.jpg","articleSection":["Ikop"],"inLanguage":"hu"},{"@type":"WebPage","@id":"https:\/\/egyuttfejlodunk.hu\/en\/tram-line-1-extended-with-eu-funding\/","url":"https:\/\/egyuttfejlodunk.hu\/en\/tram-line-1-extended-with-eu-funding\/","name":"Tram line 1 extended with EU funding - Egy\u00fctt fejl\u0151d\u00fcnk","isPartOf":{"@id":"https:\/\/egyuttfejlodunk.hu\/#website"},"primaryImageOfPage":{"@id":"https:\/\/egyuttfejlodunk.hu\/en\/tram-line-1-extended-with-eu-funding\/#primaryimage"},"image":{"@id":"https:\/\/egyuttfejlodunk.hu\/en\/tram-line-1-extended-with-eu-funding\/#primaryimage"},"thumbnailUrl":"https:\/\/egyuttfejlodunk.hu\/wp-content\/uploads\/2023\/09\/1-es-villamos-e1698307186355.jpg","datePublished":"2023-09-28T08:30:18+00:00","dateModified":"2023-10-26T09:43:12+00:00","breadcrumb":{"@id":"https:\/\/egyuttfejlodunk.hu\/en\/tram-line-1-extended-with-eu-funding\/#breadcrumb"},"inLanguage":"hu","potentialAction":[{"@type":"ReadAction","target":["https:\/\/egyuttfejlodunk.hu\/en\/tram-line-1-extended-with-eu-funding\/"]}]},{"@type":"ImageObject","inLanguage":"hu","@id":"https:\/\/egyuttfejlodunk.hu\/en\/tram-line-1-extended-with-eu-funding\/#primaryimage","url":"https:\/\/egyuttfejlodunk.hu\/wp-content\/uploads\/2023\/09\/1-es-villamos-e1698307186355.jpg","contentUrl":"https:\/\/egyuttfejlodunk.hu\/wp-content\/uploads\/2023\/09\/1-es-villamos-e1698307186355.jpg","width":1920,"height":969},{"@type":"BreadcrumbList","@id":"https:\/\/egyuttfejlodunk.hu\/en\/tram-line-1-extended-with-eu-funding\/#breadcrumb","itemListElement":[{"@type":"ListItem","position":1,"name":"Home","item":"https:\/\/egyuttfejlodunk.hu\/"},{"@type":"ListItem","position":2,"name":"Tram line 1 extended with EU funding"}]},{"@type":"WebSite","@id":"https:\/\/egyuttfejlodunk.hu\/#website","url":"https:\/\/egyuttfejlodunk.hu\/","name":"Egy\u00fctt fejl\u0151d\u00fcnk","description":"","publisher":{"@id":"https:\/\/egyuttfejlodunk.hu\/#organization"},"potentialAction":[{"@type":"SearchAction","target":{"@type":"EntryPoint","urlTemplate":"https:\/\/egyuttfejlodunk.hu\/?s={search_term_string}"},"query-input":{"@type":"PropertyValueSpecification","valueRequired":true,"valueName":"search_term_string"}}],"inLanguage":"hu"},{"@type":"Organization","@id":"https:\/\/egyuttfejlodunk.hu\/#organization","name":"Egy\u00fctt fejl\u0151d\u00fcnk","url":"https:\/\/egyuttfejlodunk.hu\/","logo":{"@type":"ImageObject","inLanguage":"hu","@id":"https:\/\/egyuttfejlodunk.hu\/#\/schema\/logo\/image\/","url":"https:\/\/egyuttfejlodunk.hu\/wp-content\/uploads\/2026\/04\/ujlogo.jpg","contentUrl":"https:\/\/egyuttfejlodunk.hu\/wp-content\/uploads\/2026\/04\/ujlogo.jpg","width":350,"height":110,"caption":"Egy\u00fctt fejl\u0151d\u00fcnk"},"image":{"@id":"https:\/\/egyuttfejlodunk.hu\/#\/schema\/logo\/image\/"}},{"@type":"Person","@id":"https:\/\/egyuttfejlodunk.hu\/#\/schema\/person\/74d5e3661b874eed1958599cd4ca7bbd","name":"B\u00e1cskai Gabriella"}]}},"_links":{"self":[{"href":"https:\/\/egyuttfejlodunk.hu\/wp-json\/wp\/v2\/posts\/3691","targetHints":{"allow":["GET"]}}],"collection":[{"href":"https:\/\/egyuttfejlodunk.hu\/wp-json\/wp\/v2\/posts"}],"about":[{"href":"https:\/\/egyuttfejlodunk.hu\/wp-json\/wp\/v2\/types\/post"}],"author":[{"embeddable":true,"href":"https:\/\/egyuttfejlodunk.hu\/wp-json\/wp\/v2\/users\/17"}],"replies":[{"embeddable":true,"href":"https:\/\/egyuttfejlodunk.hu\/wp-json\/wp\/v2\/comments?post=3691"}],"version-history":[{"count":2,"href":"https:\/\/egyuttfejlodunk.hu\/wp-json\/wp\/v2\/posts\/3691\/revisions"}],"predecessor-version":[{"id":3693,"href":"https:\/\/egyuttfejlodunk.hu\/wp-json\/wp\/v2\/posts\/3691\/revisions\/3693"}],"wp:featuredmedia":[{"embeddable":true,"href":"https:\/\/egyuttfejlodunk.hu\/wp-json\/wp\/v2\/media\/3553"}],"wp:attachment":[{"href":"https:\/\/egyuttfejlodunk.hu\/wp-json\/wp\/v2\/media?parent=3691"}],"wp:term":[{"taxonomy":"category","embeddable":true,"href":"https:\/\/egyuttfejlodunk.hu\/wp-json\/wp\/v2\/categories?post=3691"},{"taxonomy":"post_tag","embeddable":true,"href":"https:\/\/egyuttfejlodunk.hu\/wp-json\/wp\/v2\/tags?post=3691"},{"taxonomy":"megye","embeddable":true,"href":"https:\/\/egyuttfejlodunk.hu\/wp-json\/wp\/v2\/megye?post=3691"}],"curies":[{"name":"wp","href":"https:\/\/api.w.org\/{rel}","templated":true}]}}