{"id":3773,"date":"2023-11-10T09:42:54","date_gmt":"2023-11-10T08:42:54","guid":{"rendered":"https:\/\/fejlesztesihirek.hu\/?p=3773"},"modified":"2023-11-10T09:42:54","modified_gmt":"2023-11-10T08:42:54","slug":"kozvetlen-hataron-ativelo-osszekottetes-berettyoujfalu-es-nagykereki-kozott","status":"publish","type":"post","link":"https:\/\/egyuttfejlodunk.hu\/?p=3773","title":{"rendered":"K\u00f6zvetlen, hat\u00e1ron \u00e1t\u00edvel\u0151 \u00f6sszek\u00f6ttet\u00e9s Beretty\u00f3\u00fajfalu \u00e9s Nagykereki k\u00f6z\u00f6tt"},"content":{"rendered":"<p><strong>Teljess\u00e9 v\u00e1lt a gyorsforgalmi kapcsolat Debrecen \u00e9s Nagyv\u00e1rad, valamint Budapest \u00e9s Nagyv\u00e1rad k\u00f6z\u00f6tt egy, az Integr\u00e1lt K\u00f6zleked\u00e9sfejleszt\u00e9si Operat\u00edv Program keret\u00e9ben megval\u00f3sult beruh\u00e1z\u00e1snak k\u00f6sz\u00f6nhet\u0151en. Az M4-es aut\u00f3p\u00e1lya Beretty\u00f3\u00fajfalu \u00e9s Nagykereki orsz\u00e1ghat\u00e1r k\u00f6z\u00f6tti m\u00e1sodik szakasz\u00e1t 2020. szeptember 4-\u00e9n adt\u00e1k \u00e1t, ezzel egy id\u0151ben a Nagykereki-Bors II Aut\u00f3p\u00e1lya hat\u00e1r\u00e1tkel\u0151hely is megny\u00edlhatott. <\/strong><\/p>\n<p>2020 \u0151sz\u00e9n egy \u00faj, k\u00f6zel 30 km-es \u00fatszakasszal b\u0151v\u00fclt az M4-es aut\u00f3p\u00e1lya keleti szakasza, ami egy\u00fattal k\u00f6zvetlen \u00f6sszek\u00f6ttet\u00e9st is teremtett az M3-as aut\u00f3p\u00e1ly\u00e1t\u00f3l Debrecenen kereszt\u00fcl a Nagyv\u00e1rad k\u00f6zeli magyar-rom\u00e1n hat\u00e1rig. A Nemzeti Infrastrukt\u00fara Fejleszt\u0151 Zrt. (NIF) beruh\u00e1z\u00e1sa a 2014 \u00e9s 2020 k\u00f6z\u00f6tti eur\u00f3pai uni\u00f3s t\u00e1mogat\u00e1si id\u0151szakban rendelkez\u00e9sre \u00e1ll\u00f3 forr\u00e1snak k\u00f6sz\u00f6nhet\u0151en val\u00f3sulhatott meg.<\/p>\n<p>A Beretty\u00f3\u00fajfalu \u00e9s az orsz\u00e1ghat\u00e1r k\u00f6z\u00f6tti \u00f6sszek\u00f6t\u0151 \u00fat k\u00e9t r\u00e9szben \u00e9p\u00fclt meg. A Beretty\u00f3\u00fajfalu \u00e9s a 47. sz\u00e1m\u00fa f\u0151\u00fat k\u00f6z\u00f6tti h\u00e1rom kilom\u00e9ter hossz\u00fa szakaszt az M35 aut\u00f3p\u00e1ly\u00e1val egy\u00fctt, 2018. \u00e9v v\u00e9ge \u00f3ta haszn\u00e1lhatj\u00e1k a k\u00f6zleked\u0151k. A hosszabb \u00e9s \u00f6sszetettebb m\u0171szaki megold\u00e1sokkal megtervezett m\u00e1sodik \u00fctem befejez\u00e9s\u00e9hez tov\u00e1bbi m\u00e1sf\u00e9l \u00e9vre volt sz\u00fcks\u00e9ge a NIF-nek.<\/p>\n<p>A 47. sz\u00e1m\u00fa f\u0151\u00fat \u00e9s az orsz\u00e1ghat\u00e1r k\u00f6z\u00f6tti, 26,5 kilom\u00e9teres r\u00e9szen h\u00fasz h\u00edd \u00e9p\u00fclt, amelyek k\u00f6z\u00fcl kiemelend\u0151 a Beretty\u00f3 foly\u00f3 \u00e9s a Dusnok patak feletti p\u00e1lyah\u00edd. A beruh\u00e1z\u00e1s tov\u00e1bbi eredm\u00e9nye az egyszer\u0171 pihen\u0151hely K\u00f6rtv\u00e9lyesn\u00e9l \u00e9s egy tengelys\u00faly-m\u00e9r\u0151 \u00e1llom\u00e1s Kengyelesn\u00e9l. K\u00fcl\u00f6n szint\u0171 csom\u00f3pont k\u00e9sz\u00fclt G\u00e1borj\u00e1nn\u00e1l \u00e9s Nagykerekin\u00e9l, ahol egy komplex pihen\u0151helly\u00e9 alak\u00edthat\u00f3 hat\u00e1r\u00e1tkel\u0151t is \u00e9p\u00edtettek. A zajhat\u00e1s cs\u00f6kkent\u00e9se, valamint a t\u00e9rs\u00e9gben \u00e9l\u0151k \u00e9letmin\u0151s\u00e9g\u00e9nek jav\u00edt\u00e1sa \u00e9rdek\u00e9ben 540 m\u00e9teren zajv\u00e9d\u0151 fal \u00e9p\u00fclt, emellett t\u00f6bb mint 360 ezer n\u00f6v\u00e9nyt \u00fcltettek el az \u00e9rintett szakaszon, 2,5 kilom\u00e9teren pedig mad\u00e1rv\u00e9d\u0151 falat h\u00fazott fel a kivitelez\u0151.<\/p>\n<p>A projekt megval\u00f3s\u00edt\u00e1s\u00e1val javult a t\u00e9rs\u00e9g megk\u00f6zel\u00edthet\u0151s\u00e9ge, n\u0151tt a k\u00f6zleked\u00e9s sz\u00ednvonala \u00e9s biztons\u00e1ga, valamint m\u00e9rs\u00e9kl\u0151dtek a k\u00f6rnyezeti \u00e1rtalmak. A forgalom elterel\u00e9s\u00e9vel az \u00faj \u00fat tehermentes\u00edtette Beretty\u00f3\u00fajfalu \u00e9s Mez\u0151peterd f\u0151utc\u00e1it, amelyeken az \u00faj szakasz \u00e1tad\u00e1s\u00e1ig \u00e1tlagosan 8000 j\u00e1rm\u0171 haladt \u00e1t naponta.<\/p>\nngg_shortcode_0_placeholder\n<p>A beruh\u00e1z\u00e1s az IKOP-1.1.0-15-2016-00018 projekt keret\u00e9ben eur\u00f3pai uni\u00f3s forr\u00e1s bevon\u00e1s\u00e1val val\u00f3sulhatott meg.<\/p>\n<p>A projektr\u0151l t\u00f6bbet megtudhatsz a t\u00e1mogatott projekt keres\u0151ben: <a class=\"tovabb\" href=\"https:\/\/www.palyazat.gov.hu\/eredmenyek\/tamogatott-projektek\/679990201\">Tov\u00e1bb<\/a><\/p>\n","protected":false},"excerpt":{"rendered":"<p>Teljess\u00e9 v\u00e1lt a gyorsforgalmi kapcsolat Debrecen \u00e9s Nagyv\u00e1rad, valamint Budapest \u00e9s Nagyv\u00e1rad k\u00f6z\u00f6tt egy, az Integr\u00e1lt K\u00f6zleked\u00e9sfejleszt\u00e9si Operat\u00edv Program keret\u00e9ben megval\u00f3sult beruh\u00e1z\u00e1snak k\u00f6sz\u00f6nhet\u0151en. Az M4-es aut\u00f3p\u00e1lya Beretty\u00f3\u00fajfalu \u00e9s Nagykereki orsz\u00e1ghat\u00e1r k\u00f6z\u00f6tti m\u00e1sodik szakasz\u00e1t 2020. szeptember 4-\u00e9n adt\u00e1k \u00e1t, ezzel egy id\u0151ben a Nagykereki-Bors II Aut\u00f3p\u00e1lya hat\u00e1r\u00e1tkel\u0151hely is megny\u00edlhatott. 2020 \u0151sz\u00e9n egy \u00faj, k\u00f6zel 30 km-es \u00fatszakasszal b\u0151v\u00fclt az M4-es aut\u00f3p\u00e1lya keleti szakasza, ami egy\u00fattal k\u00f6zvetlen \u00f6sszek\u00f6ttet\u00e9st is teremtett az M3-as aut\u00f3p\u00e1ly\u00e1t\u00f3l Debrecenen kereszt\u00fcl a Nagyv\u00e1rad&#8230;<\/p>\n","protected":false},"author":17,"featured_media":3774,"comment_status":"closed","ping_status":"closed","sticky":false,"template":"","format":"gallery","meta":{"_acf_changed":false,"ngg_post_thumbnail":0,"footnotes":""},"categories":[159],"tags":[433,407],"megye":[],"class_list":["post-3773","post","type-post","status-publish","format-gallery","has-post-thumbnail","hentry","category-ikop-hu","tag-infrastrukturalis-fejlesztes","tag-szechenyi2020","post_format-post-format-gallery"],"acf":[],"yoast_head":"<!-- This site is optimized with the Yoast SEO Premium plugin v28.4 (Yoast SEO v28.4) - https:\/\/yoast.com\/product\/yoast-seo-premium-wordpress\/ -->\n<title>K\u00f6zvetlen, hat\u00e1ron \u00e1t\u00edvel\u0151 \u00f6sszek\u00f6ttet\u00e9s Beretty\u00f3\u00fajfalu \u00e9s Nagykereki k\u00f6z\u00f6tt - Egy\u00fctt fejl\u0151d\u00fcnk<\/title>\n<meta name=\"robots\" content=\"noindex, follow, max-snippet:-1, max-image-preview:large, max-video-preview:-1\" \/>\n<meta property=\"og:locale\" content=\"hu_HU\" \/>\n<meta property=\"og:type\" content=\"article\" \/>\n<meta property=\"og:title\" content=\"K\u00f6zvetlen, hat\u00e1ron \u00e1t\u00edvel\u0151 \u00f6sszek\u00f6ttet\u00e9s Beretty\u00f3\u00fajfalu \u00e9s Nagykereki k\u00f6z\u00f6tt\" \/>\n<meta property=\"og:description\" content=\"Teljess\u00e9 v\u00e1lt a gyorsforgalmi kapcsolat Debrecen \u00e9s Nagyv\u00e1rad, valamint Budapest \u00e9s Nagyv\u00e1rad k\u00f6z\u00f6tt egy, az Integr\u00e1lt K\u00f6zleked\u00e9sfejleszt\u00e9si Operat\u00edv Program keret\u00e9ben megval\u00f3sult beruh\u00e1z\u00e1snak k\u00f6sz\u00f6nhet\u0151en. Az M4-es aut\u00f3p\u00e1lya Beretty\u00f3\u00fajfalu \u00e9s Nagykereki orsz\u00e1ghat\u00e1r k\u00f6z\u00f6tti m\u00e1sodik szakasz\u00e1t 2020. szeptember 4-\u00e9n adt\u00e1k \u00e1t, ezzel egy id\u0151ben a Nagykereki-Bors II Aut\u00f3p\u00e1lya hat\u00e1r\u00e1tkel\u0151hely is megny\u00edlhatott. 2020 \u0151sz\u00e9n egy \u00faj, k\u00f6zel 30 km-es \u00fatszakasszal b\u0151v\u00fclt az M4-es aut\u00f3p\u00e1lya keleti szakasza, ami egy\u00fattal k\u00f6zvetlen \u00f6sszek\u00f6ttet\u00e9st is teremtett az M3-as aut\u00f3p\u00e1ly\u00e1t\u00f3l Debrecenen kereszt\u00fcl a Nagyv\u00e1rad...\" \/>\n<meta property=\"og:url\" content=\"https:\/\/egyuttfejlodunk.hu\/?p=3773\" \/>\n<meta property=\"og:site_name\" content=\"Egy\u00fctt fejl\u0151d\u00fcnk\" \/>\n<meta property=\"article:published_time\" content=\"2023-11-10T08:42:54+00:00\" \/>\n<meta property=\"og:image\" content=\"https:\/\/egyuttfejlodunk.hu\/wp-content\/uploads\/2023\/11\/cover_DJI_0867.jpg\" \/>\n\t<meta property=\"og:image:width\" content=\"1920\" \/>\n\t<meta property=\"og:image:height\" content=\"1280\" \/>\n\t<meta property=\"og:image:type\" content=\"image\/jpeg\" \/>\n<meta name=\"author\" content=\"B\u00e1cskai Gabriella\" \/>\n<meta name=\"twitter:card\" content=\"summary_large_image\" \/>\n<meta name=\"twitter:label1\" content=\"Szerz\u0151:\" \/>\n\t<meta name=\"twitter:data1\" content=\"B\u00e1cskai Gabriella\" \/>\n\t<meta name=\"twitter:label2\" content=\"Becs\u00fclt olvas\u00e1si id\u0151\" \/>\n\t<meta name=\"twitter:data2\" content=\"3 perc\" \/>\n<script type=\"application\/ld+json\" class=\"yoast-schema-graph\">{\"@context\":\"https:\\\/\\\/schema.org\",\"@graph\":[{\"@type\":\"Article\",\"@id\":\"https:\\\/\\\/egyuttfejlodunk.hu\\\/?p=3773#article\",\"isPartOf\":{\"@id\":\"https:\\\/\\\/egyuttfejlodunk.hu\\\/?p=3773\"},\"author\":{\"name\":\"B\u00e1cskai Gabriella\",\"@id\":\"https:\\\/\\\/egyuttfejlodunk.hu\\\/#\\\/schema\\\/person\\\/74d5e3661b874eed1958599cd4ca7bbd\"},\"headline\":\"K\u00f6zvetlen, hat\u00e1ron \u00e1t\u00edvel\u0151 \u00f6sszek\u00f6ttet\u00e9s Beretty\u00f3\u00fajfalu \u00e9s Nagykereki k\u00f6z\u00f6tt\",\"datePublished\":\"2023-11-10T08:42:54+00:00\",\"mainEntityOfPage\":{\"@id\":\"https:\\\/\\\/egyuttfejlodunk.hu\\\/?p=3773\"},\"wordCount\":531,\"publisher\":{\"@id\":\"https:\\\/\\\/egyuttfejlodunk.hu\\\/#organization\"},\"image\":{\"@id\":\"https:\\\/\\\/egyuttfejlodunk.hu\\\/?p=3773#primaryimage\"},\"thumbnailUrl\":\"https:\\\/\\\/egyuttfejlodunk.hu\\\/wp-content\\\/uploads\\\/2023\\\/11\\\/cover_DJI_0867.jpg\",\"keywords\":[\"infrastruktur\u00e1lis fejleszt\u00e9s\",\"sz\u00e9chenyi2020\"],\"articleSection\":[\"Ikop\"],\"inLanguage\":\"hu\"},{\"@type\":\"WebPage\",\"@id\":\"https:\\\/\\\/egyuttfejlodunk.hu\\\/?p=3773\",\"url\":\"https:\\\/\\\/egyuttfejlodunk.hu\\\/?p=3773\",\"name\":\"K\u00f6zvetlen, hat\u00e1ron \u00e1t\u00edvel\u0151 \u00f6sszek\u00f6ttet\u00e9s Beretty\u00f3\u00fajfalu \u00e9s Nagykereki k\u00f6z\u00f6tt - Egy\u00fctt fejl\u0151d\u00fcnk\",\"isPartOf\":{\"@id\":\"https:\\\/\\\/egyuttfejlodunk.hu\\\/#website\"},\"primaryImageOfPage\":{\"@id\":\"https:\\\/\\\/egyuttfejlodunk.hu\\\/?p=3773#primaryimage\"},\"image\":{\"@id\":\"https:\\\/\\\/egyuttfejlodunk.hu\\\/?p=3773#primaryimage\"},\"thumbnailUrl\":\"https:\\\/\\\/egyuttfejlodunk.hu\\\/wp-content\\\/uploads\\\/2023\\\/11\\\/cover_DJI_0867.jpg\",\"datePublished\":\"2023-11-10T08:42:54+00:00\",\"breadcrumb\":{\"@id\":\"https:\\\/\\\/egyuttfejlodunk.hu\\\/?p=3773#breadcrumb\"},\"inLanguage\":\"hu\",\"potentialAction\":[{\"@type\":\"ReadAction\",\"target\":[\"https:\\\/\\\/egyuttfejlodunk.hu\\\/?p=3773\"]}]},{\"@type\":\"ImageObject\",\"inLanguage\":\"hu\",\"@id\":\"https:\\\/\\\/egyuttfejlodunk.hu\\\/?p=3773#primaryimage\",\"url\":\"https:\\\/\\\/egyuttfejlodunk.hu\\\/wp-content\\\/uploads\\\/2023\\\/11\\\/cover_DJI_0867.jpg\",\"contentUrl\":\"https:\\\/\\\/egyuttfejlodunk.hu\\\/wp-content\\\/uploads\\\/2023\\\/11\\\/cover_DJI_0867.jpg\",\"width\":1920,\"height\":1280},{\"@type\":\"BreadcrumbList\",\"@id\":\"https:\\\/\\\/egyuttfejlodunk.hu\\\/?p=3773#breadcrumb\",\"itemListElement\":[{\"@type\":\"ListItem\",\"position\":1,\"name\":\"Home\",\"item\":\"https:\\\/\\\/egyuttfejlodunk.hu\\\/\"},{\"@type\":\"ListItem\",\"position\":2,\"name\":\"K\u00f6zvetlen, hat\u00e1ron \u00e1t\u00edvel\u0151 \u00f6sszek\u00f6ttet\u00e9s Beretty\u00f3\u00fajfalu \u00e9s Nagykereki k\u00f6z\u00f6tt\"}]},{\"@type\":\"WebSite\",\"@id\":\"https:\\\/\\\/egyuttfejlodunk.hu\\\/#website\",\"url\":\"https:\\\/\\\/egyuttfejlodunk.hu\\\/\",\"name\":\"Egy\u00fctt fejl\u0151d\u00fcnk\",\"description\":\"\",\"publisher\":{\"@id\":\"https:\\\/\\\/egyuttfejlodunk.hu\\\/#organization\"},\"potentialAction\":[{\"@type\":\"SearchAction\",\"target\":{\"@type\":\"EntryPoint\",\"urlTemplate\":\"https:\\\/\\\/egyuttfejlodunk.hu\\\/?s={search_term_string}\"},\"query-input\":{\"@type\":\"PropertyValueSpecification\",\"valueRequired\":true,\"valueName\":\"search_term_string\"}}],\"inLanguage\":\"hu\"},{\"@type\":\"Organization\",\"@id\":\"https:\\\/\\\/egyuttfejlodunk.hu\\\/#organization\",\"name\":\"Egy\u00fctt fejl\u0151d\u00fcnk\",\"url\":\"https:\\\/\\\/egyuttfejlodunk.hu\\\/\",\"logo\":{\"@type\":\"ImageObject\",\"inLanguage\":\"hu\",\"@id\":\"https:\\\/\\\/egyuttfejlodunk.hu\\\/#\\\/schema\\\/logo\\\/image\\\/\",\"url\":\"https:\\\/\\\/egyuttfejlodunk.hu\\\/wp-content\\\/uploads\\\/2026\\\/04\\\/ujlogo.jpg\",\"contentUrl\":\"https:\\\/\\\/egyuttfejlodunk.hu\\\/wp-content\\\/uploads\\\/2026\\\/04\\\/ujlogo.jpg\",\"width\":350,\"height\":110,\"caption\":\"Egy\u00fctt fejl\u0151d\u00fcnk\"},\"image\":{\"@id\":\"https:\\\/\\\/egyuttfejlodunk.hu\\\/#\\\/schema\\\/logo\\\/image\\\/\"}},{\"@type\":\"Person\",\"@id\":\"https:\\\/\\\/egyuttfejlodunk.hu\\\/#\\\/schema\\\/person\\\/74d5e3661b874eed1958599cd4ca7bbd\",\"name\":\"B\u00e1cskai Gabriella\"}]}<\/script>\n<!-- \/ Yoast SEO Premium plugin. -->","yoast_head_json":{"title":"K\u00f6zvetlen, hat\u00e1ron \u00e1t\u00edvel\u0151 \u00f6sszek\u00f6ttet\u00e9s Beretty\u00f3\u00fajfalu \u00e9s Nagykereki k\u00f6z\u00f6tt - Egy\u00fctt fejl\u0151d\u00fcnk","robots":{"index":"noindex","follow":"follow","max-snippet":"max-snippet:-1","max-image-preview":"max-image-preview:large","max-video-preview":"max-video-preview:-1"},"og_locale":"hu_HU","og_type":"article","og_title":"K\u00f6zvetlen, hat\u00e1ron \u00e1t\u00edvel\u0151 \u00f6sszek\u00f6ttet\u00e9s Beretty\u00f3\u00fajfalu \u00e9s Nagykereki k\u00f6z\u00f6tt","og_description":"Teljess\u00e9 v\u00e1lt a gyorsforgalmi kapcsolat Debrecen \u00e9s Nagyv\u00e1rad, valamint Budapest \u00e9s Nagyv\u00e1rad k\u00f6z\u00f6tt egy, az Integr\u00e1lt K\u00f6zleked\u00e9sfejleszt\u00e9si Operat\u00edv Program keret\u00e9ben megval\u00f3sult beruh\u00e1z\u00e1snak k\u00f6sz\u00f6nhet\u0151en. Az M4-es aut\u00f3p\u00e1lya Beretty\u00f3\u00fajfalu \u00e9s Nagykereki orsz\u00e1ghat\u00e1r k\u00f6z\u00f6tti m\u00e1sodik szakasz\u00e1t 2020. szeptember 4-\u00e9n adt\u00e1k \u00e1t, ezzel egy id\u0151ben a Nagykereki-Bors II Aut\u00f3p\u00e1lya hat\u00e1r\u00e1tkel\u0151hely is megny\u00edlhatott. 2020 \u0151sz\u00e9n egy \u00faj, k\u00f6zel 30 km-es \u00fatszakasszal b\u0151v\u00fclt az M4-es aut\u00f3p\u00e1lya keleti szakasza, ami egy\u00fattal k\u00f6zvetlen \u00f6sszek\u00f6ttet\u00e9st is teremtett az M3-as aut\u00f3p\u00e1ly\u00e1t\u00f3l Debrecenen kereszt\u00fcl a Nagyv\u00e1rad...","og_url":"https:\/\/egyuttfejlodunk.hu\/?p=3773","og_site_name":"Egy\u00fctt fejl\u0151d\u00fcnk","article_published_time":"2023-11-10T08:42:54+00:00","og_image":[{"width":1920,"height":1280,"url":"https:\/\/egyuttfejlodunk.hu\/wp-content\/uploads\/2023\/11\/cover_DJI_0867.jpg","type":"image\/jpeg"}],"author":"B\u00e1cskai Gabriella","twitter_card":"summary_large_image","twitter_misc":{"Szerz\u0151:":"B\u00e1cskai Gabriella","Becs\u00fclt olvas\u00e1si id\u0151":"3 perc"},"schema":{"@context":"https:\/\/schema.org","@graph":[{"@type":"Article","@id":"https:\/\/egyuttfejlodunk.hu\/?p=3773#article","isPartOf":{"@id":"https:\/\/egyuttfejlodunk.hu\/?p=3773"},"author":{"name":"B\u00e1cskai Gabriella","@id":"https:\/\/egyuttfejlodunk.hu\/#\/schema\/person\/74d5e3661b874eed1958599cd4ca7bbd"},"headline":"K\u00f6zvetlen, hat\u00e1ron \u00e1t\u00edvel\u0151 \u00f6sszek\u00f6ttet\u00e9s Beretty\u00f3\u00fajfalu \u00e9s Nagykereki k\u00f6z\u00f6tt","datePublished":"2023-11-10T08:42:54+00:00","mainEntityOfPage":{"@id":"https:\/\/egyuttfejlodunk.hu\/?p=3773"},"wordCount":531,"publisher":{"@id":"https:\/\/egyuttfejlodunk.hu\/#organization"},"image":{"@id":"https:\/\/egyuttfejlodunk.hu\/?p=3773#primaryimage"},"thumbnailUrl":"https:\/\/egyuttfejlodunk.hu\/wp-content\/uploads\/2023\/11\/cover_DJI_0867.jpg","keywords":["infrastruktur\u00e1lis fejleszt\u00e9s","sz\u00e9chenyi2020"],"articleSection":["Ikop"],"inLanguage":"hu"},{"@type":"WebPage","@id":"https:\/\/egyuttfejlodunk.hu\/?p=3773","url":"https:\/\/egyuttfejlodunk.hu\/?p=3773","name":"K\u00f6zvetlen, hat\u00e1ron \u00e1t\u00edvel\u0151 \u00f6sszek\u00f6ttet\u00e9s Beretty\u00f3\u00fajfalu \u00e9s Nagykereki k\u00f6z\u00f6tt - Egy\u00fctt fejl\u0151d\u00fcnk","isPartOf":{"@id":"https:\/\/egyuttfejlodunk.hu\/#website"},"primaryImageOfPage":{"@id":"https:\/\/egyuttfejlodunk.hu\/?p=3773#primaryimage"},"image":{"@id":"https:\/\/egyuttfejlodunk.hu\/?p=3773#primaryimage"},"thumbnailUrl":"https:\/\/egyuttfejlodunk.hu\/wp-content\/uploads\/2023\/11\/cover_DJI_0867.jpg","datePublished":"2023-11-10T08:42:54+00:00","breadcrumb":{"@id":"https:\/\/egyuttfejlodunk.hu\/?p=3773#breadcrumb"},"inLanguage":"hu","potentialAction":[{"@type":"ReadAction","target":["https:\/\/egyuttfejlodunk.hu\/?p=3773"]}]},{"@type":"ImageObject","inLanguage":"hu","@id":"https:\/\/egyuttfejlodunk.hu\/?p=3773#primaryimage","url":"https:\/\/egyuttfejlodunk.hu\/wp-content\/uploads\/2023\/11\/cover_DJI_0867.jpg","contentUrl":"https:\/\/egyuttfejlodunk.hu\/wp-content\/uploads\/2023\/11\/cover_DJI_0867.jpg","width":1920,"height":1280},{"@type":"BreadcrumbList","@id":"https:\/\/egyuttfejlodunk.hu\/?p=3773#breadcrumb","itemListElement":[{"@type":"ListItem","position":1,"name":"Home","item":"https:\/\/egyuttfejlodunk.hu\/"},{"@type":"ListItem","position":2,"name":"K\u00f6zvetlen, hat\u00e1ron \u00e1t\u00edvel\u0151 \u00f6sszek\u00f6ttet\u00e9s Beretty\u00f3\u00fajfalu \u00e9s Nagykereki k\u00f6z\u00f6tt"}]},{"@type":"WebSite","@id":"https:\/\/egyuttfejlodunk.hu\/#website","url":"https:\/\/egyuttfejlodunk.hu\/","name":"Egy\u00fctt fejl\u0151d\u00fcnk","description":"","publisher":{"@id":"https:\/\/egyuttfejlodunk.hu\/#organization"},"potentialAction":[{"@type":"SearchAction","target":{"@type":"EntryPoint","urlTemplate":"https:\/\/egyuttfejlodunk.hu\/?s={search_term_string}"},"query-input":{"@type":"PropertyValueSpecification","valueRequired":true,"valueName":"search_term_string"}}],"inLanguage":"hu"},{"@type":"Organization","@id":"https:\/\/egyuttfejlodunk.hu\/#organization","name":"Egy\u00fctt fejl\u0151d\u00fcnk","url":"https:\/\/egyuttfejlodunk.hu\/","logo":{"@type":"ImageObject","inLanguage":"hu","@id":"https:\/\/egyuttfejlodunk.hu\/#\/schema\/logo\/image\/","url":"https:\/\/egyuttfejlodunk.hu\/wp-content\/uploads\/2026\/04\/ujlogo.jpg","contentUrl":"https:\/\/egyuttfejlodunk.hu\/wp-content\/uploads\/2026\/04\/ujlogo.jpg","width":350,"height":110,"caption":"Egy\u00fctt fejl\u0151d\u00fcnk"},"image":{"@id":"https:\/\/egyuttfejlodunk.hu\/#\/schema\/logo\/image\/"}},{"@type":"Person","@id":"https:\/\/egyuttfejlodunk.hu\/#\/schema\/person\/74d5e3661b874eed1958599cd4ca7bbd","name":"B\u00e1cskai Gabriella"}]}},"_links":{"self":[{"href":"https:\/\/egyuttfejlodunk.hu\/index.php?rest_route=\/wp\/v2\/posts\/3773","targetHints":{"allow":["GET"]}}],"collection":[{"href":"https:\/\/egyuttfejlodunk.hu\/index.php?rest_route=\/wp\/v2\/posts"}],"about":[{"href":"https:\/\/egyuttfejlodunk.hu\/index.php?rest_route=\/wp\/v2\/types\/post"}],"author":[{"embeddable":true,"href":"https:\/\/egyuttfejlodunk.hu\/index.php?rest_route=\/wp\/v2\/users\/17"}],"replies":[{"embeddable":true,"href":"https:\/\/egyuttfejlodunk.hu\/index.php?rest_route=%2Fwp%2Fv2%2Fcomments&post=3773"}],"version-history":[{"count":2,"href":"https:\/\/egyuttfejlodunk.hu\/index.php?rest_route=\/wp\/v2\/posts\/3773\/revisions"}],"predecessor-version":[{"id":3787,"href":"https:\/\/egyuttfejlodunk.hu\/index.php?rest_route=\/wp\/v2\/posts\/3773\/revisions\/3787"}],"wp:featuredmedia":[{"embeddable":true,"href":"https:\/\/egyuttfejlodunk.hu\/index.php?rest_route=\/wp\/v2\/media\/3774"}],"wp:attachment":[{"href":"https:\/\/egyuttfejlodunk.hu\/index.php?rest_route=%2Fwp%2Fv2%2Fmedia&parent=3773"}],"wp:term":[{"taxonomy":"category","embeddable":true,"href":"https:\/\/egyuttfejlodunk.hu\/index.php?rest_route=%2Fwp%2Fv2%2Fcategories&post=3773"},{"taxonomy":"post_tag","embeddable":true,"href":"https:\/\/egyuttfejlodunk.hu\/index.php?rest_route=%2Fwp%2Fv2%2Ftags&post=3773"},{"taxonomy":"megye","embeddable":true,"href":"https:\/\/egyuttfejlodunk.hu\/index.php?rest_route=%2Fwp%2Fv2%2Fmegye&post=3773"}],"curies":[{"name":"wp","href":"https:\/\/api.w.org\/{rel}","templated":true}]}}