{"id":3810,"date":"2023-11-12T22:38:15","date_gmt":"2023-11-12T21:38:15","guid":{"rendered":"https:\/\/fejlesztesihirek.hu\/?p=3810"},"modified":"2026-09-02T13:48:32","modified_gmt":"2026-09-02T11:48:32","slug":"telt-hazzal-uzemel-az-uj-nagyigmandi-bolcsode","status":"publish","type":"post","link":"https:\/\/egyuttfejlodunk.hu\/telt-hazzal-uzemel-az-uj-nagyigmandi-bolcsode\/","title":{"rendered":"Telt h\u00e1zzal \u00fczemel az \u00faj nagyigm\u00e1ndi b\u00f6lcs\u0151de"},"content":{"rendered":"<p><strong>B\u00f6lcs\u0151de hi\u00e1ny\u00e1ban \u00e9vekig a szomsz\u00e9dos telep\u00fcl\u00e9sekre utaztatt\u00e1k h\u00e1rom \u00e9v alatti gyermekeiket a munk\u00e1jukba visszat\u00e9r\u0151 kisgyermekes \u00e9desany\u00e1k Nagyigm\u00e1ndr\u00f3l. A helyben el\u00e9rhet\u0151, korszer\u0171 int\u00e9zm\u00e9ny kialak\u00edt\u00e1s\u00e1val egy jelent\u0151s probl\u00e9m\u00e1t siker\u00fclt megoldani a h\u00e1romezer f\u0151s nagyk\u00f6zs\u00e9gben. A 2021 \u00f3ta telt h\u00e1zzal \u00fczemel\u0151 Mack\u00f3 B\u00f6lcs\u0151de a 2014 \u00e9s 2020 k\u00f6z\u00f6tti eur\u00f3pai uni\u00f3s t\u00e1mogat\u00e1si id\u0151szakban, a <\/strong><strong>Ter\u00fclet- \u00e9s Telep\u00fcl\u00e9sfejleszt\u00e9si Operat\u00edv Programban <\/strong><strong>rendelkez\u00e9sre \u00e1ll\u00f3 forr\u00e1sb\u00f3l val\u00f3sult meg.<\/strong><\/p>\n<p>\u00c9vek \u00f3ta ig\u00e9ny mutatkozott a helyi kisgyermekes \u00e9desany\u00e1k r\u00e9sz\u00e9r\u0151l egy b\u00f6lcs\u0151d\u00e9re a h\u00e1romezer lelket sz\u00e1ml\u00e1l\u00f3 Kom\u00e1rom-Esztergom v\u00e1rmegyei Nagyigm\u00e1ndon. A munk\u00e1ba visszat\u00e9r\u0151 sz\u00fcl\u0151k sz\u00e1m\u00e1ra a helyi b\u00f6lcs\u0151dei ell\u00e1t\u00e1shoz val\u00f3 hozz\u00e1f\u00e9r\u00e9s hi\u00e1nya komoly k\u00e9nyszerhelyzetet jelentett: h\u00e1rom \u00e9v alatti gyermekeik napk\u00f6zbeni fel\u00fcgyelet\u00e9t ugyanis a legt\u00f6bben csak a szomsz\u00e9dos telep\u00fcl\u00e9sek (Kom\u00e1rom, B\u00e1bolna, Tata) int\u00e9zm\u00e9nyeiben tudt\u00e1k megoldani. A helyi \u00f6nkorm\u00e1nyzat erre az ig\u00e9nyre reag\u00e1lva p\u00e1ly\u00e1zott 2016-ban a Ter\u00fclet- \u00e9s Telep\u00fcl\u00e9sfejleszt\u00e9si Operat\u00edv Programban (TOP), \u00f6t \u00e9vvel k\u00e9s\u0151bb pedig megny\u00edlhatott az eur\u00f3pai uni\u00f3s forr\u00e1sb\u00f3l k\u00e9sz\u00fclt, tizenk\u00e9t f\u00e9r\u0151helyes Nagyigm\u00e1ndi Mack\u00f3 B\u00f6lcs\u0151de. Ez \u00f6ner\u0151b\u0151l megoldhatatlan feladat lett volna a kistelep\u00fcl\u00e9s test\u00fclete sz\u00e1m\u00e1ra.<\/p>\n<p>A t\u00e1mogat\u00e1si id\u0151szakban egy \u00f6nkorm\u00e1nyzati tulajdon\u00fa telken fekv\u0151, r\u00e9gebbi \u00e9p\u00fcletet \u00faj\u00edtottak fel, illetve b\u0151v\u00edtettek ki telekhat\u00e1ron bel\u00fcl. A kor\u00e1bbi b\u00e9rlak\u00e1s \u00e1talak\u00edt\u00e1sa \u00e9s toldal\u00e9k\u00e9p\u00edt\u00e9se sor\u00e1n elk\u00e9sz\u00fcltek az adminisztr\u00e1ci\u00f3s helyis\u00e9gek, a konyha, a kiszolg\u00e1l\u00f3 helyis\u00e9gek, mindenekel\u0151tt pedig azt a modern foglalkoztat\u00f3 szoba, ahol a gyermekek fel\u00fcgyelete \u00e9s k\u00e9pz\u00e9se folyik. Az ingatlant minden oldalr\u00f3l ker\u00edt\u00e9ssel vett\u00e9k k\u00f6r\u00fcl, egy r\u00e9sz\u00e9t pedig be is fedt\u00e9k, \u00edgy l\u00e9trej\u00f6hetett egy szabadt\u00e9ri j\u00e1t\u00e9kokkal felszerelt, a gyermekek biztons\u00e1gos kinti l\u00e9t\u00e9t szolg\u00e1l\u00f3 udvar. &nbsp;&nbsp;Emellett az utcai r\u00e9szen j\u00e1rd\u00e1kat \u00e9p\u00edtettek, \u00e9s egy tizen\u00f6t f\u00e9r\u0151helyes parkol\u00f3t is kialak\u00edtottak. Fontos, hogy a projektn\u00e9l kiemelt figyelmet ford\u00edtottak arra, hogy valamennyi k\u00f6rnyezeti \u00e9s es\u00e9lyegyenl\u0151s\u00e9gi jogszab\u00e1lynak, illetve az akad\u00e1lymentes el\u0151\u00edr\u00e1soknak is megfeleljenek.<\/p>\n<p>A Nagyigm\u00e1ndi Mack\u00f3 B\u00f6lcs\u0151de 2021 febru\u00e1rj\u00e1ban nyitotta meg kapuit, \u00e9s mi sem igazolja jobban a projekt l\u00e9tjogosults\u00e1g\u00e1t, mint hogy az\u00f3ta is folyamatosan telt h\u00e1zzal \u00fczemel. A l\u00e9tes\u00edtm\u00e9nyben kimagasl\u00f3 t\u00e1rgyi felt\u00e9telekkel, \u00faj k\u00e9szs\u00e9g- \u00e9s mozg\u00e1sfejleszt\u0151 j\u00e1t\u00e9kokkal v\u00e1rj\u00e1k a gyermekeket, akik otthonos k\u00f6r\u00fclm\u00e9nyek k\u00f6z\u00f6tt k\u00e9sz\u00fclhetnek az \u00f3vod\u00e1s id\u0151szakra. Az \u00faj b\u00f6lcs\u0151de kedvez a sz\u00fcl\u0151knek \u00e9s hozz\u00e1tartoz\u00f3knak is, hiszen a munkaidej\u00fckh\u00f6z igazod\u00f3 hosszabb, rugalmas nyitvatart\u00e1si id\u0151vel m\u0171k\u00f6dik, \u00edgy hozz\u00e1j\u00e1rul a sz\u00fcl\u0151k munk\u00e1ba t\u00f6rt\u00e9n\u0151 visszat\u00e9r\u00e9s\u00e9hez, a hazai foglalkoztat\u00e1s n\u00f6vel\u00e9s\u00e9hez, valamint az \u00f3vodai ell\u00e1t\u00e1shoz val\u00f3 jobb hozz\u00e1f\u00e9r\u00e9shez. A j\u00f6v\u0151beli tervek k\u00f6z\u00f6tt szerepel, &nbsp;hogy az int\u00e9zm\u00e9ny t\u00f6bb telep\u00fcl\u00e9sr\u0151l is fogadjon majd gyermekeket, ez\u00e1ltal t\u00e9rs\u00e9gi ell\u00e1t\u00e1st biztos\u00edtson.<\/p>\n<div class=\"bt-video-container\"><iframe title=\"\u00daj b\u00f6lcs\u0151de Nagyigm\u00e1ndon\" width=\"1200\" height=\"675\" src=\"https:\/\/www.youtube.com\/embed\/baKdLA-ECnQ?feature=oembed\" frameborder=\"0\" allow=\"accelerometer; autoplay; clipboard-write; encrypted-media; gyroscope; picture-in-picture; web-share\" referrerpolicy=\"strict-origin-when-cross-origin\" allowfullscreen><\/iframe><\/div>\n<p>A program a TOP-1.4.1-15-KO1-2016-00017 projekt keret\u00e9ben eur\u00f3pai uni\u00f3s forr\u00e1s bevon\u00e1s\u00e1val val\u00f3sulhatott meg.<\/p>\n<p>Tov\u00e1bbi r\u00e9szletek a t\u00e1mogatott projekt keres\u0151ben: <a class=\"tovabb\" href=\"https:\/\/www.palyazat.gov.hu\/eredmenyek\/tamogatott-projektek\/707300201\">Tov\u00e1bb<\/a><\/p>\n","protected":false},"excerpt":{"rendered":"<p>B\u00f6lcs\u0151de hi\u00e1ny\u00e1ban \u00e9vekig a szomsz\u00e9dos telep\u00fcl\u00e9sekre utaztatt\u00e1k h\u00e1rom \u00e9v alatti gyermekeiket a munk\u00e1jukba visszat\u00e9r\u0151 kisgyermekes \u00e9desany\u00e1k Nagyigm\u00e1ndr\u00f3l. A helyben el\u00e9rhet\u0151, korszer\u0171 int\u00e9zm\u00e9ny kialak\u00edt\u00e1s\u00e1val egy jelent\u0151s probl\u00e9m\u00e1t siker\u00fclt megoldani a h\u00e1romezer f\u0151s nagyk\u00f6zs\u00e9gben. A 2021 \u00f3ta telt h\u00e1zzal \u00fczemel\u0151 Mack\u00f3 B\u00f6lcs\u0151de a 2014 \u00e9s 2020 k\u00f6z\u00f6tti eur\u00f3pai uni\u00f3s t\u00e1mogat\u00e1si id\u0151szakban, a Ter\u00fclet- \u00e9s Telep\u00fcl\u00e9sfejleszt\u00e9si Operat\u00edv Programban rendelkez\u00e9sre \u00e1ll\u00f3 forr\u00e1sb\u00f3l val\u00f3sult meg. \u00c9vek \u00f3ta ig\u00e9ny mutatkozott a helyi kisgyermekes \u00e9desany\u00e1k r\u00e9sz\u00e9r\u0151l egy b\u00f6lcs\u0151d\u00e9re a h\u00e1romezer lelket sz\u00e1ml\u00e1l\u00f3&#8230;<\/p>\n","protected":false},"author":17,"featured_media":3811,"comment_status":"closed","ping_status":"closed","sticky":false,"template":"","format":"video","meta":{"_acf_changed":false,"ngg_post_thumbnail":0,"footnotes":""},"categories":[173],"tags":[407,459],"megye":[1126],"class_list":["post-3810","post","type-post","status-publish","format-video","has-post-thumbnail","hentry","category-top-hu","tag-szechenyi2020","tag-teruletfejlesztes","post_format-post-format-video","megye-komarom-esztergom-megye"],"acf":[],"yoast_head":"<!-- This site is optimized with the Yoast SEO Premium plugin v28.4 (Yoast SEO v28.4) - https:\/\/yoast.com\/product\/yoast-seo-premium-wordpress\/ -->\n<title>Telt h\u00e1zzal \u00fczemel az \u00faj nagyigm\u00e1ndi b\u00f6lcs\u0151de - Egy\u00fctt fejl\u0151d\u00fcnk<\/title>\n<meta name=\"robots\" content=\"noindex, follow, max-snippet:-1, max-image-preview:large, max-video-preview:-1\" \/>\n<meta property=\"og:locale\" content=\"hu_HU\" \/>\n<meta property=\"og:type\" content=\"article\" \/>\n<meta property=\"og:title\" content=\"Telt h\u00e1zzal \u00fczemel az \u00faj nagyigm\u00e1ndi b\u00f6lcs\u0151de\" \/>\n<meta property=\"og:description\" content=\"B\u00f6lcs\u0151de hi\u00e1ny\u00e1ban \u00e9vekig a szomsz\u00e9dos telep\u00fcl\u00e9sekre utaztatt\u00e1k h\u00e1rom \u00e9v alatti gyermekeiket a munk\u00e1jukba visszat\u00e9r\u0151 kisgyermekes \u00e9desany\u00e1k Nagyigm\u00e1ndr\u00f3l. A helyben el\u00e9rhet\u0151, korszer\u0171 int\u00e9zm\u00e9ny kialak\u00edt\u00e1s\u00e1val egy jelent\u0151s probl\u00e9m\u00e1t siker\u00fclt megoldani a h\u00e1romezer f\u0151s nagyk\u00f6zs\u00e9gben. A 2021 \u00f3ta telt h\u00e1zzal \u00fczemel\u0151 Mack\u00f3 B\u00f6lcs\u0151de a 2014 \u00e9s 2020 k\u00f6z\u00f6tti eur\u00f3pai uni\u00f3s t\u00e1mogat\u00e1si id\u0151szakban, a Ter\u00fclet- \u00e9s Telep\u00fcl\u00e9sfejleszt\u00e9si Operat\u00edv Programban rendelkez\u00e9sre \u00e1ll\u00f3 forr\u00e1sb\u00f3l val\u00f3sult meg. \u00c9vek \u00f3ta ig\u00e9ny mutatkozott a helyi kisgyermekes \u00e9desany\u00e1k r\u00e9sz\u00e9r\u0151l egy b\u00f6lcs\u0151d\u00e9re a h\u00e1romezer lelket sz\u00e1ml\u00e1l\u00f3...\" \/>\n<meta property=\"og:url\" content=\"https:\/\/egyuttfejlodunk.hu\/telt-hazzal-uzemel-az-uj-nagyigmandi-bolcsode\/\" \/>\n<meta property=\"og:site_name\" content=\"Egy\u00fctt fejl\u0151d\u00fcnk\" \/>\n<meta property=\"article:published_time\" content=\"2023-11-12T21:38:15+00:00\" \/>\n<meta property=\"article:modified_time\" content=\"2026-09-02T11:48:32+00:00\" \/>\n<meta property=\"og:image\" content=\"https:\/\/egyuttfejlodunk.hu\/wp-content\/uploads\/2023\/11\/macko.jpg\" \/>\n\t<meta property=\"og:image:width\" content=\"1912\" \/>\n\t<meta property=\"og:image:height\" content=\"1079\" \/>\n\t<meta property=\"og:image:type\" content=\"image\/jpeg\" \/>\n<meta name=\"author\" content=\"B\u00e1cskai Gabriella\" \/>\n<meta name=\"twitter:card\" content=\"summary_large_image\" \/>\n<meta name=\"twitter:label1\" content=\"Szerz\u0151:\" \/>\n\t<meta name=\"twitter:data1\" content=\"B\u00e1cskai Gabriella\" \/>\n\t<meta name=\"twitter:label2\" content=\"Becs\u00fclt olvas\u00e1si id\u0151\" \/>\n\t<meta name=\"twitter:data2\" content=\"3 perc\" \/>\n<script type=\"application\/ld+json\" class=\"yoast-schema-graph\">{\"@context\":\"https:\\\/\\\/schema.org\",\"@graph\":[{\"@type\":\"Article\",\"@id\":\"https:\\\/\\\/egyuttfejlodunk.hu\\\/telt-hazzal-uzemel-az-uj-nagyigmandi-bolcsode\\\/#article\",\"isPartOf\":{\"@id\":\"https:\\\/\\\/egyuttfejlodunk.hu\\\/telt-hazzal-uzemel-az-uj-nagyigmandi-bolcsode\\\/\"},\"author\":{\"name\":\"B\u00e1cskai Gabriella\",\"@id\":\"https:\\\/\\\/egyuttfejlodunk.hu\\\/#\\\/schema\\\/person\\\/74d5e3661b874eed1958599cd4ca7bbd\"},\"headline\":\"Telt h\u00e1zzal \u00fczemel az \u00faj nagyigm\u00e1ndi b\u00f6lcs\u0151de\",\"datePublished\":\"2023-11-12T21:38:15+00:00\",\"dateModified\":\"2026-09-02T11:48:32+00:00\",\"mainEntityOfPage\":{\"@id\":\"https:\\\/\\\/egyuttfejlodunk.hu\\\/telt-hazzal-uzemel-az-uj-nagyigmandi-bolcsode\\\/\"},\"wordCount\":679,\"publisher\":{\"@id\":\"https:\\\/\\\/egyuttfejlodunk.hu\\\/#organization\"},\"image\":{\"@id\":\"https:\\\/\\\/egyuttfejlodunk.hu\\\/telt-hazzal-uzemel-az-uj-nagyigmandi-bolcsode\\\/#primaryimage\"},\"thumbnailUrl\":\"https:\\\/\\\/egyuttfejlodunk.hu\\\/wp-content\\\/uploads\\\/2023\\\/11\\\/macko.jpg\",\"keywords\":[\"sz\u00e9chenyi2020\",\"ter\u00fcletfejleszt\u00e9s\"],\"articleSection\":[\"Top\"],\"inLanguage\":\"hu\"},{\"@type\":\"WebPage\",\"@id\":\"https:\\\/\\\/egyuttfejlodunk.hu\\\/telt-hazzal-uzemel-az-uj-nagyigmandi-bolcsode\\\/\",\"url\":\"https:\\\/\\\/egyuttfejlodunk.hu\\\/telt-hazzal-uzemel-az-uj-nagyigmandi-bolcsode\\\/\",\"name\":\"Telt h\u00e1zzal \u00fczemel az \u00faj nagyigm\u00e1ndi b\u00f6lcs\u0151de - Egy\u00fctt fejl\u0151d\u00fcnk\",\"isPartOf\":{\"@id\":\"https:\\\/\\\/egyuttfejlodunk.hu\\\/#website\"},\"primaryImageOfPage\":{\"@id\":\"https:\\\/\\\/egyuttfejlodunk.hu\\\/telt-hazzal-uzemel-az-uj-nagyigmandi-bolcsode\\\/#primaryimage\"},\"image\":{\"@id\":\"https:\\\/\\\/egyuttfejlodunk.hu\\\/telt-hazzal-uzemel-az-uj-nagyigmandi-bolcsode\\\/#primaryimage\"},\"thumbnailUrl\":\"https:\\\/\\\/egyuttfejlodunk.hu\\\/wp-content\\\/uploads\\\/2023\\\/11\\\/macko.jpg\",\"datePublished\":\"2023-11-12T21:38:15+00:00\",\"dateModified\":\"2026-09-02T11:48:32+00:00\",\"breadcrumb\":{\"@id\":\"https:\\\/\\\/egyuttfejlodunk.hu\\\/telt-hazzal-uzemel-az-uj-nagyigmandi-bolcsode\\\/#breadcrumb\"},\"inLanguage\":\"hu\",\"potentialAction\":[{\"@type\":\"ReadAction\",\"target\":[\"https:\\\/\\\/egyuttfejlodunk.hu\\\/telt-hazzal-uzemel-az-uj-nagyigmandi-bolcsode\\\/\"]}]},{\"@type\":\"ImageObject\",\"inLanguage\":\"hu\",\"@id\":\"https:\\\/\\\/egyuttfejlodunk.hu\\\/telt-hazzal-uzemel-az-uj-nagyigmandi-bolcsode\\\/#primaryimage\",\"url\":\"https:\\\/\\\/egyuttfejlodunk.hu\\\/wp-content\\\/uploads\\\/2023\\\/11\\\/macko.jpg\",\"contentUrl\":\"https:\\\/\\\/egyuttfejlodunk.hu\\\/wp-content\\\/uploads\\\/2023\\\/11\\\/macko.jpg\",\"width\":1912,\"height\":1079},{\"@type\":\"BreadcrumbList\",\"@id\":\"https:\\\/\\\/egyuttfejlodunk.hu\\\/telt-hazzal-uzemel-az-uj-nagyigmandi-bolcsode\\\/#breadcrumb\",\"itemListElement\":[{\"@type\":\"ListItem\",\"position\":1,\"name\":\"Home\",\"item\":\"https:\\\/\\\/egyuttfejlodunk.hu\\\/\"},{\"@type\":\"ListItem\",\"position\":2,\"name\":\"Telt h\u00e1zzal \u00fczemel az \u00faj nagyigm\u00e1ndi b\u00f6lcs\u0151de\"}]},{\"@type\":\"WebSite\",\"@id\":\"https:\\\/\\\/egyuttfejlodunk.hu\\\/#website\",\"url\":\"https:\\\/\\\/egyuttfejlodunk.hu\\\/\",\"name\":\"Egy\u00fctt fejl\u0151d\u00fcnk\",\"description\":\"\",\"publisher\":{\"@id\":\"https:\\\/\\\/egyuttfejlodunk.hu\\\/#organization\"},\"potentialAction\":[{\"@type\":\"SearchAction\",\"target\":{\"@type\":\"EntryPoint\",\"urlTemplate\":\"https:\\\/\\\/egyuttfejlodunk.hu\\\/?s={search_term_string}\"},\"query-input\":{\"@type\":\"PropertyValueSpecification\",\"valueRequired\":true,\"valueName\":\"search_term_string\"}}],\"inLanguage\":\"hu\"},{\"@type\":\"Organization\",\"@id\":\"https:\\\/\\\/egyuttfejlodunk.hu\\\/#organization\",\"name\":\"Egy\u00fctt fejl\u0151d\u00fcnk\",\"url\":\"https:\\\/\\\/egyuttfejlodunk.hu\\\/\",\"logo\":{\"@type\":\"ImageObject\",\"inLanguage\":\"hu\",\"@id\":\"https:\\\/\\\/egyuttfejlodunk.hu\\\/#\\\/schema\\\/logo\\\/image\\\/\",\"url\":\"https:\\\/\\\/egyuttfejlodunk.hu\\\/wp-content\\\/uploads\\\/2026\\\/04\\\/ujlogo.jpg\",\"contentUrl\":\"https:\\\/\\\/egyuttfejlodunk.hu\\\/wp-content\\\/uploads\\\/2026\\\/04\\\/ujlogo.jpg\",\"width\":350,\"height\":110,\"caption\":\"Egy\u00fctt fejl\u0151d\u00fcnk\"},\"image\":{\"@id\":\"https:\\\/\\\/egyuttfejlodunk.hu\\\/#\\\/schema\\\/logo\\\/image\\\/\"}},{\"@type\":\"Person\",\"@id\":\"https:\\\/\\\/egyuttfejlodunk.hu\\\/#\\\/schema\\\/person\\\/74d5e3661b874eed1958599cd4ca7bbd\",\"name\":\"B\u00e1cskai Gabriella\"}]}<\/script>\n<!-- \/ Yoast SEO Premium plugin. -->","yoast_head_json":{"title":"Telt h\u00e1zzal \u00fczemel az \u00faj nagyigm\u00e1ndi b\u00f6lcs\u0151de - Egy\u00fctt fejl\u0151d\u00fcnk","robots":{"index":"noindex","follow":"follow","max-snippet":"max-snippet:-1","max-image-preview":"max-image-preview:large","max-video-preview":"max-video-preview:-1"},"og_locale":"hu_HU","og_type":"article","og_title":"Telt h\u00e1zzal \u00fczemel az \u00faj nagyigm\u00e1ndi b\u00f6lcs\u0151de","og_description":"B\u00f6lcs\u0151de hi\u00e1ny\u00e1ban \u00e9vekig a szomsz\u00e9dos telep\u00fcl\u00e9sekre utaztatt\u00e1k h\u00e1rom \u00e9v alatti gyermekeiket a munk\u00e1jukba visszat\u00e9r\u0151 kisgyermekes \u00e9desany\u00e1k Nagyigm\u00e1ndr\u00f3l. A helyben el\u00e9rhet\u0151, korszer\u0171 int\u00e9zm\u00e9ny kialak\u00edt\u00e1s\u00e1val egy jelent\u0151s probl\u00e9m\u00e1t siker\u00fclt megoldani a h\u00e1romezer f\u0151s nagyk\u00f6zs\u00e9gben. A 2021 \u00f3ta telt h\u00e1zzal \u00fczemel\u0151 Mack\u00f3 B\u00f6lcs\u0151de a 2014 \u00e9s 2020 k\u00f6z\u00f6tti eur\u00f3pai uni\u00f3s t\u00e1mogat\u00e1si id\u0151szakban, a Ter\u00fclet- \u00e9s Telep\u00fcl\u00e9sfejleszt\u00e9si Operat\u00edv Programban rendelkez\u00e9sre \u00e1ll\u00f3 forr\u00e1sb\u00f3l val\u00f3sult meg. \u00c9vek \u00f3ta ig\u00e9ny mutatkozott a helyi kisgyermekes \u00e9desany\u00e1k r\u00e9sz\u00e9r\u0151l egy b\u00f6lcs\u0151d\u00e9re a h\u00e1romezer lelket sz\u00e1ml\u00e1l\u00f3...","og_url":"https:\/\/egyuttfejlodunk.hu\/telt-hazzal-uzemel-az-uj-nagyigmandi-bolcsode\/","og_site_name":"Egy\u00fctt fejl\u0151d\u00fcnk","article_published_time":"2023-11-12T21:38:15+00:00","article_modified_time":"2026-09-02T11:48:32+00:00","og_image":[{"width":1912,"height":1079,"url":"https:\/\/egyuttfejlodunk.hu\/wp-content\/uploads\/2023\/11\/macko.jpg","type":"image\/jpeg"}],"author":"B\u00e1cskai Gabriella","twitter_card":"summary_large_image","twitter_misc":{"Szerz\u0151:":"B\u00e1cskai Gabriella","Becs\u00fclt olvas\u00e1si id\u0151":"3 perc"},"schema":{"@context":"https:\/\/schema.org","@graph":[{"@type":"Article","@id":"https:\/\/egyuttfejlodunk.hu\/telt-hazzal-uzemel-az-uj-nagyigmandi-bolcsode\/#article","isPartOf":{"@id":"https:\/\/egyuttfejlodunk.hu\/telt-hazzal-uzemel-az-uj-nagyigmandi-bolcsode\/"},"author":{"name":"B\u00e1cskai Gabriella","@id":"https:\/\/egyuttfejlodunk.hu\/#\/schema\/person\/74d5e3661b874eed1958599cd4ca7bbd"},"headline":"Telt h\u00e1zzal \u00fczemel az \u00faj nagyigm\u00e1ndi b\u00f6lcs\u0151de","datePublished":"2023-11-12T21:38:15+00:00","dateModified":"2026-09-02T11:48:32+00:00","mainEntityOfPage":{"@id":"https:\/\/egyuttfejlodunk.hu\/telt-hazzal-uzemel-az-uj-nagyigmandi-bolcsode\/"},"wordCount":679,"publisher":{"@id":"https:\/\/egyuttfejlodunk.hu\/#organization"},"image":{"@id":"https:\/\/egyuttfejlodunk.hu\/telt-hazzal-uzemel-az-uj-nagyigmandi-bolcsode\/#primaryimage"},"thumbnailUrl":"https:\/\/egyuttfejlodunk.hu\/wp-content\/uploads\/2023\/11\/macko.jpg","keywords":["sz\u00e9chenyi2020","ter\u00fcletfejleszt\u00e9s"],"articleSection":["Top"],"inLanguage":"hu"},{"@type":"WebPage","@id":"https:\/\/egyuttfejlodunk.hu\/telt-hazzal-uzemel-az-uj-nagyigmandi-bolcsode\/","url":"https:\/\/egyuttfejlodunk.hu\/telt-hazzal-uzemel-az-uj-nagyigmandi-bolcsode\/","name":"Telt h\u00e1zzal \u00fczemel az \u00faj nagyigm\u00e1ndi b\u00f6lcs\u0151de - Egy\u00fctt fejl\u0151d\u00fcnk","isPartOf":{"@id":"https:\/\/egyuttfejlodunk.hu\/#website"},"primaryImageOfPage":{"@id":"https:\/\/egyuttfejlodunk.hu\/telt-hazzal-uzemel-az-uj-nagyigmandi-bolcsode\/#primaryimage"},"image":{"@id":"https:\/\/egyuttfejlodunk.hu\/telt-hazzal-uzemel-az-uj-nagyigmandi-bolcsode\/#primaryimage"},"thumbnailUrl":"https:\/\/egyuttfejlodunk.hu\/wp-content\/uploads\/2023\/11\/macko.jpg","datePublished":"2023-11-12T21:38:15+00:00","dateModified":"2026-09-02T11:48:32+00:00","breadcrumb":{"@id":"https:\/\/egyuttfejlodunk.hu\/telt-hazzal-uzemel-az-uj-nagyigmandi-bolcsode\/#breadcrumb"},"inLanguage":"hu","potentialAction":[{"@type":"ReadAction","target":["https:\/\/egyuttfejlodunk.hu\/telt-hazzal-uzemel-az-uj-nagyigmandi-bolcsode\/"]}]},{"@type":"ImageObject","inLanguage":"hu","@id":"https:\/\/egyuttfejlodunk.hu\/telt-hazzal-uzemel-az-uj-nagyigmandi-bolcsode\/#primaryimage","url":"https:\/\/egyuttfejlodunk.hu\/wp-content\/uploads\/2023\/11\/macko.jpg","contentUrl":"https:\/\/egyuttfejlodunk.hu\/wp-content\/uploads\/2023\/11\/macko.jpg","width":1912,"height":1079},{"@type":"BreadcrumbList","@id":"https:\/\/egyuttfejlodunk.hu\/telt-hazzal-uzemel-az-uj-nagyigmandi-bolcsode\/#breadcrumb","itemListElement":[{"@type":"ListItem","position":1,"name":"Home","item":"https:\/\/egyuttfejlodunk.hu\/"},{"@type":"ListItem","position":2,"name":"Telt h\u00e1zzal \u00fczemel az \u00faj nagyigm\u00e1ndi b\u00f6lcs\u0151de"}]},{"@type":"WebSite","@id":"https:\/\/egyuttfejlodunk.hu\/#website","url":"https:\/\/egyuttfejlodunk.hu\/","name":"Egy\u00fctt fejl\u0151d\u00fcnk","description":"","publisher":{"@id":"https:\/\/egyuttfejlodunk.hu\/#organization"},"potentialAction":[{"@type":"SearchAction","target":{"@type":"EntryPoint","urlTemplate":"https:\/\/egyuttfejlodunk.hu\/?s={search_term_string}"},"query-input":{"@type":"PropertyValueSpecification","valueRequired":true,"valueName":"search_term_string"}}],"inLanguage":"hu"},{"@type":"Organization","@id":"https:\/\/egyuttfejlodunk.hu\/#organization","name":"Egy\u00fctt fejl\u0151d\u00fcnk","url":"https:\/\/egyuttfejlodunk.hu\/","logo":{"@type":"ImageObject","inLanguage":"hu","@id":"https:\/\/egyuttfejlodunk.hu\/#\/schema\/logo\/image\/","url":"https:\/\/egyuttfejlodunk.hu\/wp-content\/uploads\/2026\/04\/ujlogo.jpg","contentUrl":"https:\/\/egyuttfejlodunk.hu\/wp-content\/uploads\/2026\/04\/ujlogo.jpg","width":350,"height":110,"caption":"Egy\u00fctt fejl\u0151d\u00fcnk"},"image":{"@id":"https:\/\/egyuttfejlodunk.hu\/#\/schema\/logo\/image\/"}},{"@type":"Person","@id":"https:\/\/egyuttfejlodunk.hu\/#\/schema\/person\/74d5e3661b874eed1958599cd4ca7bbd","name":"B\u00e1cskai Gabriella"}]}},"_links":{"self":[{"href":"https:\/\/egyuttfejlodunk.hu\/wp-json\/wp\/v2\/posts\/3810","targetHints":{"allow":["GET"]}}],"collection":[{"href":"https:\/\/egyuttfejlodunk.hu\/wp-json\/wp\/v2\/posts"}],"about":[{"href":"https:\/\/egyuttfejlodunk.hu\/wp-json\/wp\/v2\/types\/post"}],"author":[{"embeddable":true,"href":"https:\/\/egyuttfejlodunk.hu\/wp-json\/wp\/v2\/users\/17"}],"replies":[{"embeddable":true,"href":"https:\/\/egyuttfejlodunk.hu\/wp-json\/wp\/v2\/comments?post=3810"}],"version-history":[{"count":1,"href":"https:\/\/egyuttfejlodunk.hu\/wp-json\/wp\/v2\/posts\/3810\/revisions"}],"predecessor-version":[{"id":3812,"href":"https:\/\/egyuttfejlodunk.hu\/wp-json\/wp\/v2\/posts\/3810\/revisions\/3812"}],"wp:featuredmedia":[{"embeddable":true,"href":"https:\/\/egyuttfejlodunk.hu\/wp-json\/wp\/v2\/media\/3811"}],"wp:attachment":[{"href":"https:\/\/egyuttfejlodunk.hu\/wp-json\/wp\/v2\/media?parent=3810"}],"wp:term":[{"taxonomy":"category","embeddable":true,"href":"https:\/\/egyuttfejlodunk.hu\/wp-json\/wp\/v2\/categories?post=3810"},{"taxonomy":"post_tag","embeddable":true,"href":"https:\/\/egyuttfejlodunk.hu\/wp-json\/wp\/v2\/tags?post=3810"},{"taxonomy":"megye","embeddable":true,"href":"https:\/\/egyuttfejlodunk.hu\/wp-json\/wp\/v2\/megye?post=3810"}],"curies":[{"name":"wp","href":"https:\/\/api.w.org\/{rel}","templated":true}]}}