{"id":3823,"date":"2023-11-12T22:55:37","date_gmt":"2023-11-12T21:55:37","guid":{"rendered":"https:\/\/fejlesztesihirek.hu\/?p=3823"},"modified":"2026-09-02T13:45:38","modified_gmt":"2026-09-02T11:45:38","slug":"biztonsagosabb-korszerubb-es-energia-gazdasagosabb-lett-a-bekes-varmegyei-rendor-fokapitanysag-epulete","status":"publish","type":"post","link":"https:\/\/egyuttfejlodunk.hu\/?p=3823","title":{"rendered":"Biztons\u00e1gosabb, korszer\u0171bb \u00e9s energia-gazdas\u00e1gosabb lett a B\u00e9k\u00e9s V\u00e1rmegyei Rend\u0151r-f\u0151kapit\u00e1nys\u00e1g \u00e9p\u00fclete"},"content":{"rendered":"<p><strong>\u00daj ny\u00edl\u00e1sz\u00e1r\u00f3kkal, <\/strong><strong>homlokzati \u00e9s l\u00e1bazati h\u0151szigetel\u00e9ssel \u00fajult meg a B\u00e9k\u00e9scsab\u00e1n tal\u00e1lhat\u00f3 v\u00e1rmenyei rend\u0151r-f\u0151kapit\u00e1nys\u00e1g \u00e9p\u00fclete 2018-ban, <\/strong><strong>a <\/strong><strong>K\u00f6rnyezeti \u00e9s Energiahat\u00e9konys\u00e1gi Operat\u00edv Program<\/strong><strong> \u00e1ltal finansz\u00edrozott beruh\u00e1z\u00e1s keret\u00e9ben.<\/strong><\/p>\n<p>A B\u00e9k\u00e9s V\u00e1rmegyei Rend\u0151r-f\u0151kapit\u00e1nys\u00e1g a r\u00e9gi\u00f3 egyik frekvent\u00e1lt int\u00e9zm\u00e9nye, emiatt a B\u00e9k\u00e9scsab\u00e1n elhelyezked\u0151 \u00e9p\u00fclet eg\u00e9sz \u00e9vben intenz\u00edv haszn\u00e1latban van. A megfelel\u0151 m\u0171k\u00f6d\u00e9s \u00e9rdek\u00e9ben az ut\u00f3bbi \u00e9vekben elengedhetetlenn\u00e9 v\u00e1lt egy energiatakar\u00e9koss\u00e1got jav\u00edt\u00f3 \u00e9s fenntarthat\u00f3 m\u0171k\u00f6d\u00e9st biztos\u00edt\u00f3 fel\u00faj\u00edt\u00e1s.<\/p>\n<p>Ezt a c\u00e9lt szolg\u00e1lta a B\u00e9k\u00e9s Megyei Rend\u0151r-f\u0151kapit\u00e1nys\u00e1g \u00e9p\u00fcleteinek energetikai fejleszt\u00e9se c\u00edm\u0171, eur\u00f3pai uni\u00f3s t\u00e1mogat\u00e1ssal megval\u00f3sul\u00f3 projekt, amelyben az NFSI Nemzeti Fejleszt\u00e9si \u00e9s Strat\u00e9giai Int\u00e9zet Nonprofit Kft. volt a konzorciumvezet\u0151.<\/p>\n<p>A beruh\u00e1z\u00e1s el\u0151k\u00e9sz\u00edt\u00e9s\u00e9nek els\u0151 l\u00e9p\u00e9sek\u00e9nt felm\u00e9rt\u00e9k az ingatlan energetikai kond\u00edci\u00f3it. A sz\u00e1m\u00edt\u00e1sok kimutatt\u00e1k, hogy a legnagyobb ar\u00e1ny\u00fa energiafelhaszn\u00e1l\u00e1s-megtakar\u00edt\u00e1s az \u00e9p\u00fclet szigetel\u00e9s\u00e9vel, valamint a r\u00e9gi ajt\u00f3k \u00e9s ablakok korszer\u0171s\u00edt\u00e9s\u00e9vel \u00e9rhet\u0151 el. Ennek megfelel\u0151en kicser\u00e9lt\u00e9k a homlokzati ny\u00edl\u00e1sz\u00e1r\u00f3kat, valamint ki\u00e9p\u00edtett\u00e9k a homlokzati \u00e9s l\u00e1bazati h\u0151szigetel\u00e9si rendszert is.<\/p>\n<p>A projekt t\u00f6bb mint 200 tonna CO<sub>2<\/sub> egyen\u00e9rt\u00e9kkel cs\u00f6kkentette az \u00fcvegh\u00e1zhat\u00e1st okoz\u00f3 g\u00e1zok \u00e9ves kibocs\u00e1t\u00e1s\u00e1t. Egy\u00fattal a korszer\u0171s\u00edt\u00e9s eredm\u00e9nyek\u00e9ppen a B\u00e9k\u00e9s V\u00e1rmegyei Rend\u0151r-f\u0151kapit\u00e1nys\u00e1g 2018 \u00f3ta biztons\u00e1gosabb, korszer\u0171bb, gazdas\u00e1gosabb, k\u00f6rnyezetbar\u00e1tabb int\u00e9zm\u00e9nyk\u00e9nt m\u0171k\u00f6dhet tov\u00e1bb.<\/p>\n<p><img fetchpriority=\"high\" decoding=\"async\" class=\"alignnone size-medium wp-image-3825\" src=\"https:\/\/fejlesztesihirek.hu\/wp-content\/uploads\/2023\/11\/20180621_121709_18115440-640x480.jpg\" alt=\"\" width=\"640\" height=\"480\" srcset=\"https:\/\/egyuttfejlodunk.hu\/wp-content\/uploads\/2023\/11\/20180621_121709_18115440-640x480.jpg 640w, https:\/\/egyuttfejlodunk.hu\/wp-content\/uploads\/2023\/11\/20180621_121709_18115440-1280x960.jpg 1280w, https:\/\/egyuttfejlodunk.hu\/wp-content\/uploads\/2023\/11\/20180621_121709_18115440-768x576.jpg 768w, https:\/\/egyuttfejlodunk.hu\/wp-content\/uploads\/2023\/11\/20180621_121709_18115440-1536x1152.jpg 1536w, https:\/\/egyuttfejlodunk.hu\/wp-content\/uploads\/2023\/11\/20180621_121709_18115440-320x240.jpg 320w, https:\/\/egyuttfejlodunk.hu\/wp-content\/uploads\/2023\/11\/20180621_121709_18115440.jpg 1920w\" sizes=\"(max-width: 640px) 100vw, 640px\" \/><\/p>\n<p>A beruh\u00e1z\u00e1s a KEHOP-5.2.2-16-2016-00072 projekt keret\u00e9ben eur\u00f3pai uni\u00f3s forr\u00e1s bevon\u00e1s\u00e1val val\u00f3sulhatott meg.<\/p>\n<p>A projektr\u0151l t\u00f6bbet megtudhatsz a t\u00e1mogatott projekt keres\u0151ben: <a class=\"tovabb\" href=\"https:\/\/www.palyazat.gov.hu\/eredmenyek\/tamogatott-projektek\/1005110201\">Tov\u00e1bb<\/a><\/p>\n","protected":false},"excerpt":{"rendered":"<p>\u00daj ny\u00edl\u00e1sz\u00e1r\u00f3kkal, homlokzati \u00e9s l\u00e1bazati h\u0151szigetel\u00e9ssel \u00fajult meg a B\u00e9k\u00e9scsab\u00e1n tal\u00e1lhat\u00f3 v\u00e1rmenyei rend\u0151r-f\u0151kapit\u00e1nys\u00e1g \u00e9p\u00fclete 2018-ban, a K\u00f6rnyezeti \u00e9s Energiahat\u00e9konys\u00e1gi Operat\u00edv Program \u00e1ltal finansz\u00edrozott beruh\u00e1z\u00e1s keret\u00e9ben. A B\u00e9k\u00e9s V\u00e1rmegyei Rend\u0151r-f\u0151kapit\u00e1nys\u00e1g a r\u00e9gi\u00f3 egyik frekvent\u00e1lt int\u00e9zm\u00e9nye, emiatt a B\u00e9k\u00e9scsab\u00e1n elhelyezked\u0151 \u00e9p\u00fclet eg\u00e9sz \u00e9vben intenz\u00edv haszn\u00e1latban van. A megfelel\u0151 m\u0171k\u00f6d\u00e9s \u00e9rdek\u00e9ben az ut\u00f3bbi \u00e9vekben elengedhetetlenn\u00e9 v\u00e1lt egy energiatakar\u00e9koss\u00e1got jav\u00edt\u00f3 \u00e9s fenntarthat\u00f3 m\u0171k\u00f6d\u00e9st biztos\u00edt\u00f3 fel\u00faj\u00edt\u00e1s. Ezt a c\u00e9lt szolg\u00e1lta a B\u00e9k\u00e9s Megyei Rend\u0151r-f\u0151kapit\u00e1nys\u00e1g \u00e9p\u00fcleteinek energetikai fejleszt\u00e9se c\u00edm\u0171, eur\u00f3pai uni\u00f3s&#8230;<\/p>\n","protected":false},"author":17,"featured_media":3824,"comment_status":"closed","ping_status":"closed","sticky":false,"template":"","format":"standard","meta":{"_acf_changed":false,"ngg_post_thumbnail":0,"footnotes":""},"categories":[162],"tags":[433,407],"megye":[1116],"class_list":["post-3823","post","type-post","status-publish","format-standard","has-post-thumbnail","hentry","category-kehop-hu","tag-infrastrukturalis-fejlesztes","tag-szechenyi2020","megye-bekes-megye"],"acf":[],"yoast_head":"<!-- This site is optimized with the Yoast SEO Premium plugin v28.4 (Yoast SEO v28.4) - https:\/\/yoast.com\/product\/yoast-seo-premium-wordpress\/ -->\n<title>Biztons\u00e1gosabb, korszer\u0171bb \u00e9s energia-gazdas\u00e1gosabb lett a B\u00e9k\u00e9s V\u00e1rmegyei Rend\u0151r-f\u0151kapit\u00e1nys\u00e1g \u00e9p\u00fclete - Egy\u00fctt fejl\u0151d\u00fcnk<\/title>\n<meta name=\"robots\" content=\"noindex, follow, max-snippet:-1, max-image-preview:large, max-video-preview:-1\" \/>\n<meta property=\"og:locale\" content=\"hu_HU\" \/>\n<meta property=\"og:type\" content=\"article\" \/>\n<meta property=\"og:title\" content=\"Biztons\u00e1gosabb, korszer\u0171bb \u00e9s energia-gazdas\u00e1gosabb lett a B\u00e9k\u00e9s V\u00e1rmegyei Rend\u0151r-f\u0151kapit\u00e1nys\u00e1g \u00e9p\u00fclete\" \/>\n<meta property=\"og:description\" content=\"\u00daj ny\u00edl\u00e1sz\u00e1r\u00f3kkal, homlokzati \u00e9s l\u00e1bazati h\u0151szigetel\u00e9ssel \u00fajult meg a B\u00e9k\u00e9scsab\u00e1n tal\u00e1lhat\u00f3 v\u00e1rmenyei rend\u0151r-f\u0151kapit\u00e1nys\u00e1g \u00e9p\u00fclete 2018-ban, a K\u00f6rnyezeti \u00e9s Energiahat\u00e9konys\u00e1gi Operat\u00edv Program \u00e1ltal finansz\u00edrozott beruh\u00e1z\u00e1s keret\u00e9ben. A B\u00e9k\u00e9s V\u00e1rmegyei Rend\u0151r-f\u0151kapit\u00e1nys\u00e1g a r\u00e9gi\u00f3 egyik frekvent\u00e1lt int\u00e9zm\u00e9nye, emiatt a B\u00e9k\u00e9scsab\u00e1n elhelyezked\u0151 \u00e9p\u00fclet eg\u00e9sz \u00e9vben intenz\u00edv haszn\u00e1latban van. A megfelel\u0151 m\u0171k\u00f6d\u00e9s \u00e9rdek\u00e9ben az ut\u00f3bbi \u00e9vekben elengedhetetlenn\u00e9 v\u00e1lt egy energiatakar\u00e9koss\u00e1got jav\u00edt\u00f3 \u00e9s fenntarthat\u00f3 m\u0171k\u00f6d\u00e9st biztos\u00edt\u00f3 fel\u00faj\u00edt\u00e1s. Ezt a c\u00e9lt szolg\u00e1lta a B\u00e9k\u00e9s Megyei Rend\u0151r-f\u0151kapit\u00e1nys\u00e1g \u00e9p\u00fcleteinek energetikai fejleszt\u00e9se c\u00edm\u0171, eur\u00f3pai uni\u00f3s...\" \/>\n<meta property=\"og:url\" content=\"https:\/\/egyuttfejlodunk.hu\/?p=3823\" \/>\n<meta property=\"og:site_name\" content=\"Egy\u00fctt fejl\u0151d\u00fcnk\" \/>\n<meta property=\"article:published_time\" content=\"2023-11-12T21:55:37+00:00\" \/>\n<meta property=\"article:modified_time\" content=\"2026-09-02T11:45:38+00:00\" \/>\n<meta property=\"og:image\" content=\"https:\/\/egyuttfejlodunk.hu\/wp-content\/uploads\/2023\/11\/20180615_123108_48590367b.jpg\" \/>\n\t<meta property=\"og:image:width\" content=\"1920\" \/>\n\t<meta property=\"og:image:height\" content=\"1449\" \/>\n\t<meta property=\"og:image:type\" content=\"image\/jpeg\" \/>\n<meta name=\"author\" content=\"B\u00e1cskai Gabriella\" \/>\n<meta name=\"twitter:card\" content=\"summary_large_image\" \/>\n<meta name=\"twitter:label1\" content=\"Szerz\u0151:\" \/>\n\t<meta name=\"twitter:data1\" content=\"B\u00e1cskai Gabriella\" \/>\n\t<meta name=\"twitter:label2\" content=\"Becs\u00fclt olvas\u00e1si id\u0151\" \/>\n\t<meta name=\"twitter:data2\" content=\"2 perc\" \/>\n<script type=\"application\/ld+json\" class=\"yoast-schema-graph\">{\"@context\":\"https:\\\/\\\/schema.org\",\"@graph\":[{\"@type\":\"Article\",\"@id\":\"https:\\\/\\\/egyuttfejlodunk.hu\\\/?p=3823#article\",\"isPartOf\":{\"@id\":\"https:\\\/\\\/egyuttfejlodunk.hu\\\/?p=3823\"},\"author\":{\"name\":\"B\u00e1cskai Gabriella\",\"@id\":\"https:\\\/\\\/egyuttfejlodunk.hu\\\/#\\\/schema\\\/person\\\/74d5e3661b874eed1958599cd4ca7bbd\"},\"headline\":\"Biztons\u00e1gosabb, korszer\u0171bb \u00e9s energia-gazdas\u00e1gosabb lett a B\u00e9k\u00e9s V\u00e1rmegyei Rend\u0151r-f\u0151kapit\u00e1nys\u00e1g \u00e9p\u00fclete\",\"datePublished\":\"2023-11-12T21:55:37+00:00\",\"dateModified\":\"2026-09-02T11:45:38+00:00\",\"mainEntityOfPage\":{\"@id\":\"https:\\\/\\\/egyuttfejlodunk.hu\\\/?p=3823\"},\"wordCount\":382,\"publisher\":{\"@id\":\"https:\\\/\\\/egyuttfejlodunk.hu\\\/#organization\"},\"image\":{\"@id\":\"https:\\\/\\\/egyuttfejlodunk.hu\\\/?p=3823#primaryimage\"},\"thumbnailUrl\":\"https:\\\/\\\/egyuttfejlodunk.hu\\\/wp-content\\\/uploads\\\/2023\\\/11\\\/20180615_123108_48590367b.jpg\",\"keywords\":[\"infrastruktur\u00e1lis fejleszt\u00e9s\",\"sz\u00e9chenyi2020\"],\"articleSection\":[\"Kehop\"],\"inLanguage\":\"hu\"},{\"@type\":\"WebPage\",\"@id\":\"https:\\\/\\\/egyuttfejlodunk.hu\\\/?p=3823\",\"url\":\"https:\\\/\\\/egyuttfejlodunk.hu\\\/?p=3823\",\"name\":\"Biztons\u00e1gosabb, korszer\u0171bb \u00e9s energia-gazdas\u00e1gosabb lett a B\u00e9k\u00e9s V\u00e1rmegyei Rend\u0151r-f\u0151kapit\u00e1nys\u00e1g \u00e9p\u00fclete - Egy\u00fctt fejl\u0151d\u00fcnk\",\"isPartOf\":{\"@id\":\"https:\\\/\\\/egyuttfejlodunk.hu\\\/#website\"},\"primaryImageOfPage\":{\"@id\":\"https:\\\/\\\/egyuttfejlodunk.hu\\\/?p=3823#primaryimage\"},\"image\":{\"@id\":\"https:\\\/\\\/egyuttfejlodunk.hu\\\/?p=3823#primaryimage\"},\"thumbnailUrl\":\"https:\\\/\\\/egyuttfejlodunk.hu\\\/wp-content\\\/uploads\\\/2023\\\/11\\\/20180615_123108_48590367b.jpg\",\"datePublished\":\"2023-11-12T21:55:37+00:00\",\"dateModified\":\"2026-09-02T11:45:38+00:00\",\"breadcrumb\":{\"@id\":\"https:\\\/\\\/egyuttfejlodunk.hu\\\/?p=3823#breadcrumb\"},\"inLanguage\":\"hu\",\"potentialAction\":[{\"@type\":\"ReadAction\",\"target\":[\"https:\\\/\\\/egyuttfejlodunk.hu\\\/?p=3823\"]}]},{\"@type\":\"ImageObject\",\"inLanguage\":\"hu\",\"@id\":\"https:\\\/\\\/egyuttfejlodunk.hu\\\/?p=3823#primaryimage\",\"url\":\"https:\\\/\\\/egyuttfejlodunk.hu\\\/wp-content\\\/uploads\\\/2023\\\/11\\\/20180615_123108_48590367b.jpg\",\"contentUrl\":\"https:\\\/\\\/egyuttfejlodunk.hu\\\/wp-content\\\/uploads\\\/2023\\\/11\\\/20180615_123108_48590367b.jpg\",\"width\":1920,\"height\":1449},{\"@type\":\"BreadcrumbList\",\"@id\":\"https:\\\/\\\/egyuttfejlodunk.hu\\\/?p=3823#breadcrumb\",\"itemListElement\":[{\"@type\":\"ListItem\",\"position\":1,\"name\":\"Home\",\"item\":\"https:\\\/\\\/egyuttfejlodunk.hu\\\/\"},{\"@type\":\"ListItem\",\"position\":2,\"name\":\"Biztons\u00e1gosabb, korszer\u0171bb \u00e9s energia-gazdas\u00e1gosabb lett a B\u00e9k\u00e9s V\u00e1rmegyei Rend\u0151r-f\u0151kapit\u00e1nys\u00e1g \u00e9p\u00fclete\"}]},{\"@type\":\"WebSite\",\"@id\":\"https:\\\/\\\/egyuttfejlodunk.hu\\\/#website\",\"url\":\"https:\\\/\\\/egyuttfejlodunk.hu\\\/\",\"name\":\"Egy\u00fctt fejl\u0151d\u00fcnk\",\"description\":\"\",\"publisher\":{\"@id\":\"https:\\\/\\\/egyuttfejlodunk.hu\\\/#organization\"},\"potentialAction\":[{\"@type\":\"SearchAction\",\"target\":{\"@type\":\"EntryPoint\",\"urlTemplate\":\"https:\\\/\\\/egyuttfejlodunk.hu\\\/?s={search_term_string}\"},\"query-input\":{\"@type\":\"PropertyValueSpecification\",\"valueRequired\":true,\"valueName\":\"search_term_string\"}}],\"inLanguage\":\"hu\"},{\"@type\":\"Organization\",\"@id\":\"https:\\\/\\\/egyuttfejlodunk.hu\\\/#organization\",\"name\":\"Egy\u00fctt fejl\u0151d\u00fcnk\",\"url\":\"https:\\\/\\\/egyuttfejlodunk.hu\\\/\",\"logo\":{\"@type\":\"ImageObject\",\"inLanguage\":\"hu\",\"@id\":\"https:\\\/\\\/egyuttfejlodunk.hu\\\/#\\\/schema\\\/logo\\\/image\\\/\",\"url\":\"https:\\\/\\\/egyuttfejlodunk.hu\\\/wp-content\\\/uploads\\\/2026\\\/04\\\/ujlogo.jpg\",\"contentUrl\":\"https:\\\/\\\/egyuttfejlodunk.hu\\\/wp-content\\\/uploads\\\/2026\\\/04\\\/ujlogo.jpg\",\"width\":350,\"height\":110,\"caption\":\"Egy\u00fctt fejl\u0151d\u00fcnk\"},\"image\":{\"@id\":\"https:\\\/\\\/egyuttfejlodunk.hu\\\/#\\\/schema\\\/logo\\\/image\\\/\"}},{\"@type\":\"Person\",\"@id\":\"https:\\\/\\\/egyuttfejlodunk.hu\\\/#\\\/schema\\\/person\\\/74d5e3661b874eed1958599cd4ca7bbd\",\"name\":\"B\u00e1cskai Gabriella\"}]}<\/script>\n<!-- \/ Yoast SEO Premium plugin. -->","yoast_head_json":{"title":"Biztons\u00e1gosabb, korszer\u0171bb \u00e9s energia-gazdas\u00e1gosabb lett a B\u00e9k\u00e9s V\u00e1rmegyei Rend\u0151r-f\u0151kapit\u00e1nys\u00e1g \u00e9p\u00fclete - Egy\u00fctt fejl\u0151d\u00fcnk","robots":{"index":"noindex","follow":"follow","max-snippet":"max-snippet:-1","max-image-preview":"max-image-preview:large","max-video-preview":"max-video-preview:-1"},"og_locale":"hu_HU","og_type":"article","og_title":"Biztons\u00e1gosabb, korszer\u0171bb \u00e9s energia-gazdas\u00e1gosabb lett a B\u00e9k\u00e9s V\u00e1rmegyei Rend\u0151r-f\u0151kapit\u00e1nys\u00e1g \u00e9p\u00fclete","og_description":"\u00daj ny\u00edl\u00e1sz\u00e1r\u00f3kkal, homlokzati \u00e9s l\u00e1bazati h\u0151szigetel\u00e9ssel \u00fajult meg a B\u00e9k\u00e9scsab\u00e1n tal\u00e1lhat\u00f3 v\u00e1rmenyei rend\u0151r-f\u0151kapit\u00e1nys\u00e1g \u00e9p\u00fclete 2018-ban, a K\u00f6rnyezeti \u00e9s Energiahat\u00e9konys\u00e1gi Operat\u00edv Program \u00e1ltal finansz\u00edrozott beruh\u00e1z\u00e1s keret\u00e9ben. A B\u00e9k\u00e9s V\u00e1rmegyei Rend\u0151r-f\u0151kapit\u00e1nys\u00e1g a r\u00e9gi\u00f3 egyik frekvent\u00e1lt int\u00e9zm\u00e9nye, emiatt a B\u00e9k\u00e9scsab\u00e1n elhelyezked\u0151 \u00e9p\u00fclet eg\u00e9sz \u00e9vben intenz\u00edv haszn\u00e1latban van. A megfelel\u0151 m\u0171k\u00f6d\u00e9s \u00e9rdek\u00e9ben az ut\u00f3bbi \u00e9vekben elengedhetetlenn\u00e9 v\u00e1lt egy energiatakar\u00e9koss\u00e1got jav\u00edt\u00f3 \u00e9s fenntarthat\u00f3 m\u0171k\u00f6d\u00e9st biztos\u00edt\u00f3 fel\u00faj\u00edt\u00e1s. Ezt a c\u00e9lt szolg\u00e1lta a B\u00e9k\u00e9s Megyei Rend\u0151r-f\u0151kapit\u00e1nys\u00e1g \u00e9p\u00fcleteinek energetikai fejleszt\u00e9se c\u00edm\u0171, eur\u00f3pai uni\u00f3s...","og_url":"https:\/\/egyuttfejlodunk.hu\/?p=3823","og_site_name":"Egy\u00fctt fejl\u0151d\u00fcnk","article_published_time":"2023-11-12T21:55:37+00:00","article_modified_time":"2026-09-02T11:45:38+00:00","og_image":[{"width":1920,"height":1449,"url":"https:\/\/egyuttfejlodunk.hu\/wp-content\/uploads\/2023\/11\/20180615_123108_48590367b.jpg","type":"image\/jpeg"}],"author":"B\u00e1cskai Gabriella","twitter_card":"summary_large_image","twitter_misc":{"Szerz\u0151:":"B\u00e1cskai Gabriella","Becs\u00fclt olvas\u00e1si id\u0151":"2 perc"},"schema":{"@context":"https:\/\/schema.org","@graph":[{"@type":"Article","@id":"https:\/\/egyuttfejlodunk.hu\/?p=3823#article","isPartOf":{"@id":"https:\/\/egyuttfejlodunk.hu\/?p=3823"},"author":{"name":"B\u00e1cskai Gabriella","@id":"https:\/\/egyuttfejlodunk.hu\/#\/schema\/person\/74d5e3661b874eed1958599cd4ca7bbd"},"headline":"Biztons\u00e1gosabb, korszer\u0171bb \u00e9s energia-gazdas\u00e1gosabb lett a B\u00e9k\u00e9s V\u00e1rmegyei Rend\u0151r-f\u0151kapit\u00e1nys\u00e1g \u00e9p\u00fclete","datePublished":"2023-11-12T21:55:37+00:00","dateModified":"2026-09-02T11:45:38+00:00","mainEntityOfPage":{"@id":"https:\/\/egyuttfejlodunk.hu\/?p=3823"},"wordCount":382,"publisher":{"@id":"https:\/\/egyuttfejlodunk.hu\/#organization"},"image":{"@id":"https:\/\/egyuttfejlodunk.hu\/?p=3823#primaryimage"},"thumbnailUrl":"https:\/\/egyuttfejlodunk.hu\/wp-content\/uploads\/2023\/11\/20180615_123108_48590367b.jpg","keywords":["infrastruktur\u00e1lis fejleszt\u00e9s","sz\u00e9chenyi2020"],"articleSection":["Kehop"],"inLanguage":"hu"},{"@type":"WebPage","@id":"https:\/\/egyuttfejlodunk.hu\/?p=3823","url":"https:\/\/egyuttfejlodunk.hu\/?p=3823","name":"Biztons\u00e1gosabb, korszer\u0171bb \u00e9s energia-gazdas\u00e1gosabb lett a B\u00e9k\u00e9s V\u00e1rmegyei Rend\u0151r-f\u0151kapit\u00e1nys\u00e1g \u00e9p\u00fclete - Egy\u00fctt fejl\u0151d\u00fcnk","isPartOf":{"@id":"https:\/\/egyuttfejlodunk.hu\/#website"},"primaryImageOfPage":{"@id":"https:\/\/egyuttfejlodunk.hu\/?p=3823#primaryimage"},"image":{"@id":"https:\/\/egyuttfejlodunk.hu\/?p=3823#primaryimage"},"thumbnailUrl":"https:\/\/egyuttfejlodunk.hu\/wp-content\/uploads\/2023\/11\/20180615_123108_48590367b.jpg","datePublished":"2023-11-12T21:55:37+00:00","dateModified":"2026-09-02T11:45:38+00:00","breadcrumb":{"@id":"https:\/\/egyuttfejlodunk.hu\/?p=3823#breadcrumb"},"inLanguage":"hu","potentialAction":[{"@type":"ReadAction","target":["https:\/\/egyuttfejlodunk.hu\/?p=3823"]}]},{"@type":"ImageObject","inLanguage":"hu","@id":"https:\/\/egyuttfejlodunk.hu\/?p=3823#primaryimage","url":"https:\/\/egyuttfejlodunk.hu\/wp-content\/uploads\/2023\/11\/20180615_123108_48590367b.jpg","contentUrl":"https:\/\/egyuttfejlodunk.hu\/wp-content\/uploads\/2023\/11\/20180615_123108_48590367b.jpg","width":1920,"height":1449},{"@type":"BreadcrumbList","@id":"https:\/\/egyuttfejlodunk.hu\/?p=3823#breadcrumb","itemListElement":[{"@type":"ListItem","position":1,"name":"Home","item":"https:\/\/egyuttfejlodunk.hu\/"},{"@type":"ListItem","position":2,"name":"Biztons\u00e1gosabb, korszer\u0171bb \u00e9s energia-gazdas\u00e1gosabb lett a B\u00e9k\u00e9s V\u00e1rmegyei Rend\u0151r-f\u0151kapit\u00e1nys\u00e1g \u00e9p\u00fclete"}]},{"@type":"WebSite","@id":"https:\/\/egyuttfejlodunk.hu\/#website","url":"https:\/\/egyuttfejlodunk.hu\/","name":"Egy\u00fctt fejl\u0151d\u00fcnk","description":"","publisher":{"@id":"https:\/\/egyuttfejlodunk.hu\/#organization"},"potentialAction":[{"@type":"SearchAction","target":{"@type":"EntryPoint","urlTemplate":"https:\/\/egyuttfejlodunk.hu\/?s={search_term_string}"},"query-input":{"@type":"PropertyValueSpecification","valueRequired":true,"valueName":"search_term_string"}}],"inLanguage":"hu"},{"@type":"Organization","@id":"https:\/\/egyuttfejlodunk.hu\/#organization","name":"Egy\u00fctt fejl\u0151d\u00fcnk","url":"https:\/\/egyuttfejlodunk.hu\/","logo":{"@type":"ImageObject","inLanguage":"hu","@id":"https:\/\/egyuttfejlodunk.hu\/#\/schema\/logo\/image\/","url":"https:\/\/egyuttfejlodunk.hu\/wp-content\/uploads\/2026\/04\/ujlogo.jpg","contentUrl":"https:\/\/egyuttfejlodunk.hu\/wp-content\/uploads\/2026\/04\/ujlogo.jpg","width":350,"height":110,"caption":"Egy\u00fctt fejl\u0151d\u00fcnk"},"image":{"@id":"https:\/\/egyuttfejlodunk.hu\/#\/schema\/logo\/image\/"}},{"@type":"Person","@id":"https:\/\/egyuttfejlodunk.hu\/#\/schema\/person\/74d5e3661b874eed1958599cd4ca7bbd","name":"B\u00e1cskai Gabriella"}]}},"_links":{"self":[{"href":"https:\/\/egyuttfejlodunk.hu\/index.php?rest_route=\/wp\/v2\/posts\/3823","targetHints":{"allow":["GET"]}}],"collection":[{"href":"https:\/\/egyuttfejlodunk.hu\/index.php?rest_route=\/wp\/v2\/posts"}],"about":[{"href":"https:\/\/egyuttfejlodunk.hu\/index.php?rest_route=\/wp\/v2\/types\/post"}],"author":[{"embeddable":true,"href":"https:\/\/egyuttfejlodunk.hu\/index.php?rest_route=\/wp\/v2\/users\/17"}],"replies":[{"embeddable":true,"href":"https:\/\/egyuttfejlodunk.hu\/index.php?rest_route=%2Fwp%2Fv2%2Fcomments&post=3823"}],"version-history":[{"count":4,"href":"https:\/\/egyuttfejlodunk.hu\/index.php?rest_route=\/wp\/v2\/posts\/3823\/revisions"}],"predecessor-version":[{"id":4235,"href":"https:\/\/egyuttfejlodunk.hu\/index.php?rest_route=\/wp\/v2\/posts\/3823\/revisions\/4235"}],"wp:featuredmedia":[{"embeddable":true,"href":"https:\/\/egyuttfejlodunk.hu\/index.php?rest_route=\/wp\/v2\/media\/3824"}],"wp:attachment":[{"href":"https:\/\/egyuttfejlodunk.hu\/index.php?rest_route=%2Fwp%2Fv2%2Fmedia&parent=3823"}],"wp:term":[{"taxonomy":"category","embeddable":true,"href":"https:\/\/egyuttfejlodunk.hu\/index.php?rest_route=%2Fwp%2Fv2%2Fcategories&post=3823"},{"taxonomy":"post_tag","embeddable":true,"href":"https:\/\/egyuttfejlodunk.hu\/index.php?rest_route=%2Fwp%2Fv2%2Ftags&post=3823"},{"taxonomy":"megye","embeddable":true,"href":"https:\/\/egyuttfejlodunk.hu\/index.php?rest_route=%2Fwp%2Fv2%2Fmegye&post=3823"}],"curies":[{"name":"wp","href":"https:\/\/api.w.org\/{rel}","templated":true}]}}