{"id":3902,"date":"2023-11-14T18:06:22","date_gmt":"2023-11-14T17:06:22","guid":{"rendered":"https:\/\/fejlesztesihirek.hu\/?p=3902"},"modified":"2026-09-02T13:25:30","modified_gmt":"2026-09-02T11:25:30","slug":"23-ezer-hivatali-ugyintezo-kompetenciafejlesztese-valosult-meg","status":"publish","type":"post","link":"https:\/\/egyuttfejlodunk.hu\/?p=3902","title":{"rendered":"23 ezer hivatali \u00fcgyint\u00e9z\u0151 kompetenciafejleszt\u00e9se val\u00f3sult meg"},"content":{"rendered":"<p><strong>Orsz\u00e1gos szinten jav\u00edtotta a k\u00f6zigazgat\u00e1sban az \u00fcgyint\u00e9z\u00e9s min\u0151s\u00e9g\u00e9t, valamint n\u00f6velte a munkat\u00e1rsak \u00e9s az \u00fcgyfelek el\u00e9gedetts\u00e9g\u00e9t az a K\u00f6zigazgat\u00e1s- \u00e9s K\u00f6zszolg\u00e1ltat\u00e1s-fejleszt\u00e9si Operat\u00edv Program forr\u00e1saib\u00f3l finansz\u00edrozott projekt, amelyben fejlesztett\u00e9k a ter\u00fcleti \u00e1llamigazgat\u00e1si szervek hum\u00e1ner\u0151forr\u00e1s\u00e1t. <\/strong><\/p>\n<p>A Minisztereln\u00f6ks\u00e9g, a Veszpr\u00e9m V\u00e1rmegyei Korm\u00e1nyhivatal, valamint a Lechner Tud\u00e1sk\u00f6zpont Nonprofit Kft. egy\u00fcttm\u0171k\u00f6d\u00e9s\u00e9vel, 2016 \u00e9s 2023 k\u00f6z\u00f6tt val\u00f3sulhatott meg a f\u0151v\u00e1rosi, v\u00e1rmegyei, j\u00e1r\u00e1si \u00e9s ker\u00fcleti hivatalokban dolgoz\u00f3 \u00fcgyint\u00e9z\u0151k kompetenciafejleszt\u00e9se. A ter\u00fclet hat\u00e9kony m\u0171k\u00f6d\u00e9s\u00e9hez elengedhetetlen a munkat\u00e1rsak szakmai ismereteinek folyamatos b\u0151v\u00edt\u00e9se, hiszen a v\u00e1ltoz\u00f3 jogszab\u00e1lyi k\u00f6rnyezet megk\u00f6veteli a naprak\u00e9sz inform\u00e1ci\u00f3k megszerz\u00e9s\u00e9t \u00e9s haszn\u00e1lat\u00e1t a gyakorlatban.<\/p>\n<p>A projekt sor\u00e1n felt\u00e9rk\u00e9pezt\u00e9k az \u00e1llamigazgat\u00e1si szervek bels\u0151 k\u00e9pz\u00e9sszervez\u00e9si \u00e9s vizsg\u00e1ztat\u00e1si gyakorlat\u00e1t, infrastrukt\u00far\u00e1j\u00e1t, az ezekhez tartoz\u00f3 ig\u00e9nyeket, majd az eredm\u00e9nyek alapj\u00e1n rugalmas bels\u0151 k\u00e9pz\u00e9si rendszert dolgoztak ki. Emellett biztos\u00edtott\u00e1k az \u00faj rendszer ismereteinek elsaj\u00e1t\u00edt\u00e1s\u00e1hoz sz\u00fcks\u00e9ges oktat\u00e1st. A projekt sor\u00e1n 23 ezer \u00fcgyint\u00e9z\u0151 vehetett r\u00e9szt tov\u00e1bbk\u00e9pz\u00e9sen. A jelenl\u00e9ti oktat\u00e1s mellett az e-learning is a program r\u00e9sze volt, amely a tud\u00e1smegoszt\u00e1st, valamint az infokommunik\u00e1ci\u00f3s eszk\u00f6z\u00f6k haszn\u00e1lat\u00e1t seg\u00edtette el\u0151.<\/p>\n<p>A projektben kiemelt figyelmet kapott a k\u00f6zszolg\u00e1ltat\u00f3 szervek m\u0171k\u00f6d\u00e9s\u00e9nek \u00e1tvil\u00e1g\u00edt\u00e1sa, \u00e9s a b\u00fcrokr\u00e1cia cs\u00f6kkent\u00e9s\u00e9hez, illetve a j\u00e1r\u00e1si hivatalok meger\u0151s\u00edt\u00e9s\u00e9hez kapcsol\u00f3d\u00f3 speci\u00e1lis munkak\u00f6ri k\u00e9pess\u00e9gek er\u0151s\u00edt\u00e9se. Fontos volt a munkat\u00e1rsak ment\u00e1lis eg\u00e9szs\u00e9g\u00e9nek \u00e9s funkcion\u00e1lis k\u00e9szs\u00e9geinek felt\u00e9rk\u00e9pez\u00e9sre, illetve az ezekhez kapcsol\u00f3d\u00f3 javaslatok megfogalmaz\u00e1sa, tov\u00e1bb\u00e1 a stressz \u00e9s a munkahelyi ki\u00e9g\u00e9s kock\u00e1zat\u00e1t cs\u00f6kkent\u0151, ezek kezel\u00e9s\u00e9t megk\u00f6nny\u00edt\u0151 k\u00e9szs\u00e9gfejleszt\u0151 programok megval\u00f3s\u00edt\u00e1sa. Emellett priorit\u00e1st \u00e9lvezett a hat\u00f3s\u00e1gi ellen\u0151rz\u00e9ssel kapcsolatos feladatokat ell\u00e1t\u00f3 munkat\u00e1rsaknak kidolgozott Mobilit\u00e1si Program, amit pilot jelleggel bonyol\u00edtottak le.<\/p>\n<p>A korm\u00e1nyablak-\u00fcgyint\u00e9z\u0151i \u00e9s \u00e1ltal\u00e1nos \u00fcgyint\u00e9z\u0151i k\u00e9pz\u00e9sek a mindennapok gyakorlat\u00e1ba pozit\u00edv v\u00e1ltoz\u00e1sokat hoztak, mert javult a ter\u00fcleti \u00e1llamigazgat\u00e1sban dolgoz\u00f3 munkat\u00e1rsak elk\u00f6telezetts\u00e9ge \u00e9s felk\u00e9sz\u00fclts\u00e9ge, a szem\u00e9lyes \u00fcgyint\u00e9z\u00e9s min\u0151s\u00e9ge, ezeknek k\u00f6sz\u00f6nhet\u0151en fejl\u0151d\u00f6tt a k\u00f6zigazgat\u00e1s versenyk\u00e9pess\u00e9ge. A visszajelz\u00e9sek alapj\u00e1n orsz\u00e1gosan nagyobb ar\u00e1nyban val\u00f3sult meg az \u00fcgyf\u00e9lorient\u00e1lt gondolkod\u00e1sm\u00f3d, \u00e9s n\u0151tt az \u00fcgyfelek el\u00e9gedetts\u00e9ge is.<\/p>\n<p><img fetchpriority=\"high\" decoding=\"async\" class=\"alignnone size-full wp-image-3904\" src=\"https:\/\/fejlesztesihirek.hu\/wp-content\/uploads\/2023\/11\/KOFOP-2.1.3_KAB_ugyintezok.jpg\" alt=\"\" width=\"496\" height=\"330\" srcset=\"https:\/\/egyuttfejlodunk.hu\/wp-content\/uploads\/2023\/11\/KOFOP-2.1.3_KAB_ugyintezok.jpg 496w, https:\/\/egyuttfejlodunk.hu\/wp-content\/uploads\/2023\/11\/KOFOP-2.1.3_KAB_ugyintezok-320x213.jpg 320w, https:\/\/egyuttfejlodunk.hu\/wp-content\/uploads\/2023\/11\/KOFOP-2.1.3_KAB_ugyintezok-330x220.jpg 330w\" sizes=\"(max-width: 496px) 100vw, 496px\" \/><\/p>\n<p>A program a K\u00d6FOP-2.1.3-VEKOP-15-2016-00002 projekt keret\u00e9ben, eur\u00f3pai uni\u00f3s forr\u00e1s bevon\u00e1s\u00e1val val\u00f3sulhatott meg.<\/p>\n<p>Tov\u00e1bbi r\u00e9szletek a t\u00e1mogatott projekt keres\u0151ben: <a class=\"tovabb\" href=\"https:\/\/www.palyazat.gov.hu\/eredmenyek\/tamogatott-projektek\/1127970201\">Tov\u00e1bb<\/a><\/p>\n","protected":false},"excerpt":{"rendered":"<p>Orsz\u00e1gos szinten jav\u00edtotta a k\u00f6zigazgat\u00e1sban az \u00fcgyint\u00e9z\u00e9s min\u0151s\u00e9g\u00e9t, valamint n\u00f6velte a munkat\u00e1rsak \u00e9s az \u00fcgyfelek el\u00e9gedetts\u00e9g\u00e9t az a K\u00f6zigazgat\u00e1s- \u00e9s K\u00f6zszolg\u00e1ltat\u00e1s-fejleszt\u00e9si Operat\u00edv Program forr\u00e1saib\u00f3l finansz\u00edrozott projekt, amelyben fejlesztett\u00e9k a ter\u00fcleti \u00e1llamigazgat\u00e1si szervek hum\u00e1ner\u0151forr\u00e1s\u00e1t. A Minisztereln\u00f6ks\u00e9g, a Veszpr\u00e9m V\u00e1rmegyei Korm\u00e1nyhivatal, valamint a Lechner Tud\u00e1sk\u00f6zpont Nonprofit Kft. egy\u00fcttm\u0171k\u00f6d\u00e9s\u00e9vel, 2016 \u00e9s 2023 k\u00f6z\u00f6tt val\u00f3sulhatott meg a f\u0151v\u00e1rosi, v\u00e1rmegyei, j\u00e1r\u00e1si \u00e9s ker\u00fcleti hivatalokban dolgoz\u00f3 \u00fcgyint\u00e9z\u0151k kompetenciafejleszt\u00e9se. A ter\u00fclet hat\u00e9kony m\u0171k\u00f6d\u00e9s\u00e9hez elengedhetetlen a munkat\u00e1rsak szakmai ismereteinek folyamatos b\u0151v\u00edt\u00e9se, hiszen a&#8230;<\/p>\n","protected":false},"author":17,"featured_media":3903,"comment_status":"closed","ping_status":"closed","sticky":false,"template":"","format":"standard","meta":{"_acf_changed":false,"ngg_post_thumbnail":0,"footnotes":""},"categories":[164],"tags":[501,407],"megye":[1121],"class_list":["post-3902","post","type-post","status-publish","format-standard","has-post-thumbnail","hentry","category-kofop-hu","tag-kozigazgatas-fejlesztese","tag-szechenyi2020","megye-magyarorszag"],"acf":[],"yoast_head":"<!-- This site is optimized with the Yoast SEO Premium plugin v28.4 (Yoast SEO v28.4) - https:\/\/yoast.com\/product\/yoast-seo-premium-wordpress\/ -->\n<title>23 ezer hivatali \u00fcgyint\u00e9z\u0151 kompetenciafejleszt\u00e9se val\u00f3sult meg - Egy\u00fctt fejl\u0151d\u00fcnk<\/title>\n<meta name=\"robots\" content=\"noindex, follow, max-snippet:-1, max-image-preview:large, max-video-preview:-1\" \/>\n<meta property=\"og:locale\" content=\"hu_HU\" \/>\n<meta property=\"og:type\" content=\"article\" \/>\n<meta property=\"og:title\" content=\"23 ezer hivatali \u00fcgyint\u00e9z\u0151 kompetenciafejleszt\u00e9se val\u00f3sult meg\" \/>\n<meta property=\"og:description\" content=\"Orsz\u00e1gos szinten jav\u00edtotta a k\u00f6zigazgat\u00e1sban az \u00fcgyint\u00e9z\u00e9s min\u0151s\u00e9g\u00e9t, valamint n\u00f6velte a munkat\u00e1rsak \u00e9s az \u00fcgyfelek el\u00e9gedetts\u00e9g\u00e9t az a K\u00f6zigazgat\u00e1s- \u00e9s K\u00f6zszolg\u00e1ltat\u00e1s-fejleszt\u00e9si Operat\u00edv Program forr\u00e1saib\u00f3l finansz\u00edrozott projekt, amelyben fejlesztett\u00e9k a ter\u00fcleti \u00e1llamigazgat\u00e1si szervek hum\u00e1ner\u0151forr\u00e1s\u00e1t. A Minisztereln\u00f6ks\u00e9g, a Veszpr\u00e9m V\u00e1rmegyei Korm\u00e1nyhivatal, valamint a Lechner Tud\u00e1sk\u00f6zpont Nonprofit Kft. egy\u00fcttm\u0171k\u00f6d\u00e9s\u00e9vel, 2016 \u00e9s 2023 k\u00f6z\u00f6tt val\u00f3sulhatott meg a f\u0151v\u00e1rosi, v\u00e1rmegyei, j\u00e1r\u00e1si \u00e9s ker\u00fcleti hivatalokban dolgoz\u00f3 \u00fcgyint\u00e9z\u0151k kompetenciafejleszt\u00e9se. A ter\u00fclet hat\u00e9kony m\u0171k\u00f6d\u00e9s\u00e9hez elengedhetetlen a munkat\u00e1rsak szakmai ismereteinek folyamatos b\u0151v\u00edt\u00e9se, hiszen a...\" \/>\n<meta property=\"og:url\" content=\"https:\/\/egyuttfejlodunk.hu\/?p=3902\" \/>\n<meta property=\"og:site_name\" content=\"Egy\u00fctt fejl\u0151d\u00fcnk\" \/>\n<meta property=\"article:published_time\" content=\"2023-11-14T17:06:22+00:00\" \/>\n<meta property=\"article:modified_time\" content=\"2026-09-02T11:25:30+00:00\" \/>\n<meta property=\"og:image\" content=\"https:\/\/egyuttfejlodunk.hu\/wp-content\/uploads\/2023\/11\/KOFOP-2.1.3_KAB_kepzes_UBK_II_1.jpg\" \/>\n\t<meta property=\"og:image:width\" content=\"1920\" \/>\n\t<meta property=\"og:image:height\" content=\"1440\" \/>\n\t<meta property=\"og:image:type\" content=\"image\/jpeg\" \/>\n<meta name=\"author\" content=\"B\u00e1cskai Gabriella\" \/>\n<meta name=\"twitter:card\" content=\"summary_large_image\" \/>\n<meta name=\"twitter:label1\" content=\"Szerz\u0151:\" \/>\n\t<meta name=\"twitter:data1\" content=\"B\u00e1cskai Gabriella\" \/>\n\t<meta name=\"twitter:label2\" content=\"Becs\u00fclt olvas\u00e1si id\u0151\" \/>\n\t<meta name=\"twitter:data2\" content=\"3 perc\" \/>\n<script type=\"application\/ld+json\" class=\"yoast-schema-graph\">{\"@context\":\"https:\\\/\\\/schema.org\",\"@graph\":[{\"@type\":\"Article\",\"@id\":\"https:\\\/\\\/egyuttfejlodunk.hu\\\/?p=3902#article\",\"isPartOf\":{\"@id\":\"https:\\\/\\\/egyuttfejlodunk.hu\\\/?p=3902\"},\"author\":{\"name\":\"B\u00e1cskai Gabriella\",\"@id\":\"https:\\\/\\\/egyuttfejlodunk.hu\\\/#\\\/schema\\\/person\\\/74d5e3661b874eed1958599cd4ca7bbd\"},\"headline\":\"23 ezer hivatali \u00fcgyint\u00e9z\u0151 kompetenciafejleszt\u00e9se val\u00f3sult meg\",\"datePublished\":\"2023-11-14T17:06:22+00:00\",\"dateModified\":\"2026-09-02T11:25:30+00:00\",\"mainEntityOfPage\":{\"@id\":\"https:\\\/\\\/egyuttfejlodunk.hu\\\/?p=3902\"},\"wordCount\":550,\"publisher\":{\"@id\":\"https:\\\/\\\/egyuttfejlodunk.hu\\\/#organization\"},\"image\":{\"@id\":\"https:\\\/\\\/egyuttfejlodunk.hu\\\/?p=3902#primaryimage\"},\"thumbnailUrl\":\"https:\\\/\\\/egyuttfejlodunk.hu\\\/wp-content\\\/uploads\\\/2023\\\/11\\\/KOFOP-2.1.3_KAB_kepzes_UBK_II_1.jpg\",\"keywords\":[\"k\u00f6zigazgat\u00e1s fejleszt\u00e9se\",\"sz\u00e9chenyi2020\"],\"articleSection\":[\"K\u00f6fop\"],\"inLanguage\":\"hu\"},{\"@type\":\"WebPage\",\"@id\":\"https:\\\/\\\/egyuttfejlodunk.hu\\\/?p=3902\",\"url\":\"https:\\\/\\\/egyuttfejlodunk.hu\\\/?p=3902\",\"name\":\"23 ezer hivatali \u00fcgyint\u00e9z\u0151 kompetenciafejleszt\u00e9se val\u00f3sult meg - Egy\u00fctt fejl\u0151d\u00fcnk\",\"isPartOf\":{\"@id\":\"https:\\\/\\\/egyuttfejlodunk.hu\\\/#website\"},\"primaryImageOfPage\":{\"@id\":\"https:\\\/\\\/egyuttfejlodunk.hu\\\/?p=3902#primaryimage\"},\"image\":{\"@id\":\"https:\\\/\\\/egyuttfejlodunk.hu\\\/?p=3902#primaryimage\"},\"thumbnailUrl\":\"https:\\\/\\\/egyuttfejlodunk.hu\\\/wp-content\\\/uploads\\\/2023\\\/11\\\/KOFOP-2.1.3_KAB_kepzes_UBK_II_1.jpg\",\"datePublished\":\"2023-11-14T17:06:22+00:00\",\"dateModified\":\"2026-09-02T11:25:30+00:00\",\"breadcrumb\":{\"@id\":\"https:\\\/\\\/egyuttfejlodunk.hu\\\/?p=3902#breadcrumb\"},\"inLanguage\":\"hu\",\"potentialAction\":[{\"@type\":\"ReadAction\",\"target\":[\"https:\\\/\\\/egyuttfejlodunk.hu\\\/?p=3902\"]}]},{\"@type\":\"ImageObject\",\"inLanguage\":\"hu\",\"@id\":\"https:\\\/\\\/egyuttfejlodunk.hu\\\/?p=3902#primaryimage\",\"url\":\"https:\\\/\\\/egyuttfejlodunk.hu\\\/wp-content\\\/uploads\\\/2023\\\/11\\\/KOFOP-2.1.3_KAB_kepzes_UBK_II_1.jpg\",\"contentUrl\":\"https:\\\/\\\/egyuttfejlodunk.hu\\\/wp-content\\\/uploads\\\/2023\\\/11\\\/KOFOP-2.1.3_KAB_kepzes_UBK_II_1.jpg\",\"width\":1920,\"height\":1440},{\"@type\":\"BreadcrumbList\",\"@id\":\"https:\\\/\\\/egyuttfejlodunk.hu\\\/?p=3902#breadcrumb\",\"itemListElement\":[{\"@type\":\"ListItem\",\"position\":1,\"name\":\"Home\",\"item\":\"https:\\\/\\\/egyuttfejlodunk.hu\\\/\"},{\"@type\":\"ListItem\",\"position\":2,\"name\":\"23 ezer hivatali \u00fcgyint\u00e9z\u0151 kompetenciafejleszt\u00e9se val\u00f3sult meg\"}]},{\"@type\":\"WebSite\",\"@id\":\"https:\\\/\\\/egyuttfejlodunk.hu\\\/#website\",\"url\":\"https:\\\/\\\/egyuttfejlodunk.hu\\\/\",\"name\":\"Egy\u00fctt fejl\u0151d\u00fcnk\",\"description\":\"\",\"publisher\":{\"@id\":\"https:\\\/\\\/egyuttfejlodunk.hu\\\/#organization\"},\"potentialAction\":[{\"@type\":\"SearchAction\",\"target\":{\"@type\":\"EntryPoint\",\"urlTemplate\":\"https:\\\/\\\/egyuttfejlodunk.hu\\\/?s={search_term_string}\"},\"query-input\":{\"@type\":\"PropertyValueSpecification\",\"valueRequired\":true,\"valueName\":\"search_term_string\"}}],\"inLanguage\":\"hu\"},{\"@type\":\"Organization\",\"@id\":\"https:\\\/\\\/egyuttfejlodunk.hu\\\/#organization\",\"name\":\"Egy\u00fctt fejl\u0151d\u00fcnk\",\"url\":\"https:\\\/\\\/egyuttfejlodunk.hu\\\/\",\"logo\":{\"@type\":\"ImageObject\",\"inLanguage\":\"hu\",\"@id\":\"https:\\\/\\\/egyuttfejlodunk.hu\\\/#\\\/schema\\\/logo\\\/image\\\/\",\"url\":\"https:\\\/\\\/egyuttfejlodunk.hu\\\/wp-content\\\/uploads\\\/2026\\\/04\\\/ujlogo.jpg\",\"contentUrl\":\"https:\\\/\\\/egyuttfejlodunk.hu\\\/wp-content\\\/uploads\\\/2026\\\/04\\\/ujlogo.jpg\",\"width\":350,\"height\":110,\"caption\":\"Egy\u00fctt fejl\u0151d\u00fcnk\"},\"image\":{\"@id\":\"https:\\\/\\\/egyuttfejlodunk.hu\\\/#\\\/schema\\\/logo\\\/image\\\/\"}},{\"@type\":\"Person\",\"@id\":\"https:\\\/\\\/egyuttfejlodunk.hu\\\/#\\\/schema\\\/person\\\/74d5e3661b874eed1958599cd4ca7bbd\",\"name\":\"B\u00e1cskai Gabriella\"}]}<\/script>\n<!-- \/ Yoast SEO Premium plugin. -->","yoast_head_json":{"title":"23 ezer hivatali \u00fcgyint\u00e9z\u0151 kompetenciafejleszt\u00e9se val\u00f3sult meg - Egy\u00fctt fejl\u0151d\u00fcnk","robots":{"index":"noindex","follow":"follow","max-snippet":"max-snippet:-1","max-image-preview":"max-image-preview:large","max-video-preview":"max-video-preview:-1"},"og_locale":"hu_HU","og_type":"article","og_title":"23 ezer hivatali \u00fcgyint\u00e9z\u0151 kompetenciafejleszt\u00e9se val\u00f3sult meg","og_description":"Orsz\u00e1gos szinten jav\u00edtotta a k\u00f6zigazgat\u00e1sban az \u00fcgyint\u00e9z\u00e9s min\u0151s\u00e9g\u00e9t, valamint n\u00f6velte a munkat\u00e1rsak \u00e9s az \u00fcgyfelek el\u00e9gedetts\u00e9g\u00e9t az a K\u00f6zigazgat\u00e1s- \u00e9s K\u00f6zszolg\u00e1ltat\u00e1s-fejleszt\u00e9si Operat\u00edv Program forr\u00e1saib\u00f3l finansz\u00edrozott projekt, amelyben fejlesztett\u00e9k a ter\u00fcleti \u00e1llamigazgat\u00e1si szervek hum\u00e1ner\u0151forr\u00e1s\u00e1t. A Minisztereln\u00f6ks\u00e9g, a Veszpr\u00e9m V\u00e1rmegyei Korm\u00e1nyhivatal, valamint a Lechner Tud\u00e1sk\u00f6zpont Nonprofit Kft. egy\u00fcttm\u0171k\u00f6d\u00e9s\u00e9vel, 2016 \u00e9s 2023 k\u00f6z\u00f6tt val\u00f3sulhatott meg a f\u0151v\u00e1rosi, v\u00e1rmegyei, j\u00e1r\u00e1si \u00e9s ker\u00fcleti hivatalokban dolgoz\u00f3 \u00fcgyint\u00e9z\u0151k kompetenciafejleszt\u00e9se. A ter\u00fclet hat\u00e9kony m\u0171k\u00f6d\u00e9s\u00e9hez elengedhetetlen a munkat\u00e1rsak szakmai ismereteinek folyamatos b\u0151v\u00edt\u00e9se, hiszen a...","og_url":"https:\/\/egyuttfejlodunk.hu\/?p=3902","og_site_name":"Egy\u00fctt fejl\u0151d\u00fcnk","article_published_time":"2023-11-14T17:06:22+00:00","article_modified_time":"2026-09-02T11:25:30+00:00","og_image":[{"width":1920,"height":1440,"url":"https:\/\/egyuttfejlodunk.hu\/wp-content\/uploads\/2023\/11\/KOFOP-2.1.3_KAB_kepzes_UBK_II_1.jpg","type":"image\/jpeg"}],"author":"B\u00e1cskai Gabriella","twitter_card":"summary_large_image","twitter_misc":{"Szerz\u0151:":"B\u00e1cskai Gabriella","Becs\u00fclt olvas\u00e1si id\u0151":"3 perc"},"schema":{"@context":"https:\/\/schema.org","@graph":[{"@type":"Article","@id":"https:\/\/egyuttfejlodunk.hu\/?p=3902#article","isPartOf":{"@id":"https:\/\/egyuttfejlodunk.hu\/?p=3902"},"author":{"name":"B\u00e1cskai Gabriella","@id":"https:\/\/egyuttfejlodunk.hu\/#\/schema\/person\/74d5e3661b874eed1958599cd4ca7bbd"},"headline":"23 ezer hivatali \u00fcgyint\u00e9z\u0151 kompetenciafejleszt\u00e9se val\u00f3sult meg","datePublished":"2023-11-14T17:06:22+00:00","dateModified":"2026-09-02T11:25:30+00:00","mainEntityOfPage":{"@id":"https:\/\/egyuttfejlodunk.hu\/?p=3902"},"wordCount":550,"publisher":{"@id":"https:\/\/egyuttfejlodunk.hu\/#organization"},"image":{"@id":"https:\/\/egyuttfejlodunk.hu\/?p=3902#primaryimage"},"thumbnailUrl":"https:\/\/egyuttfejlodunk.hu\/wp-content\/uploads\/2023\/11\/KOFOP-2.1.3_KAB_kepzes_UBK_II_1.jpg","keywords":["k\u00f6zigazgat\u00e1s fejleszt\u00e9se","sz\u00e9chenyi2020"],"articleSection":["K\u00f6fop"],"inLanguage":"hu"},{"@type":"WebPage","@id":"https:\/\/egyuttfejlodunk.hu\/?p=3902","url":"https:\/\/egyuttfejlodunk.hu\/?p=3902","name":"23 ezer hivatali \u00fcgyint\u00e9z\u0151 kompetenciafejleszt\u00e9se val\u00f3sult meg - Egy\u00fctt fejl\u0151d\u00fcnk","isPartOf":{"@id":"https:\/\/egyuttfejlodunk.hu\/#website"},"primaryImageOfPage":{"@id":"https:\/\/egyuttfejlodunk.hu\/?p=3902#primaryimage"},"image":{"@id":"https:\/\/egyuttfejlodunk.hu\/?p=3902#primaryimage"},"thumbnailUrl":"https:\/\/egyuttfejlodunk.hu\/wp-content\/uploads\/2023\/11\/KOFOP-2.1.3_KAB_kepzes_UBK_II_1.jpg","datePublished":"2023-11-14T17:06:22+00:00","dateModified":"2026-09-02T11:25:30+00:00","breadcrumb":{"@id":"https:\/\/egyuttfejlodunk.hu\/?p=3902#breadcrumb"},"inLanguage":"hu","potentialAction":[{"@type":"ReadAction","target":["https:\/\/egyuttfejlodunk.hu\/?p=3902"]}]},{"@type":"ImageObject","inLanguage":"hu","@id":"https:\/\/egyuttfejlodunk.hu\/?p=3902#primaryimage","url":"https:\/\/egyuttfejlodunk.hu\/wp-content\/uploads\/2023\/11\/KOFOP-2.1.3_KAB_kepzes_UBK_II_1.jpg","contentUrl":"https:\/\/egyuttfejlodunk.hu\/wp-content\/uploads\/2023\/11\/KOFOP-2.1.3_KAB_kepzes_UBK_II_1.jpg","width":1920,"height":1440},{"@type":"BreadcrumbList","@id":"https:\/\/egyuttfejlodunk.hu\/?p=3902#breadcrumb","itemListElement":[{"@type":"ListItem","position":1,"name":"Home","item":"https:\/\/egyuttfejlodunk.hu\/"},{"@type":"ListItem","position":2,"name":"23 ezer hivatali \u00fcgyint\u00e9z\u0151 kompetenciafejleszt\u00e9se val\u00f3sult meg"}]},{"@type":"WebSite","@id":"https:\/\/egyuttfejlodunk.hu\/#website","url":"https:\/\/egyuttfejlodunk.hu\/","name":"Egy\u00fctt fejl\u0151d\u00fcnk","description":"","publisher":{"@id":"https:\/\/egyuttfejlodunk.hu\/#organization"},"potentialAction":[{"@type":"SearchAction","target":{"@type":"EntryPoint","urlTemplate":"https:\/\/egyuttfejlodunk.hu\/?s={search_term_string}"},"query-input":{"@type":"PropertyValueSpecification","valueRequired":true,"valueName":"search_term_string"}}],"inLanguage":"hu"},{"@type":"Organization","@id":"https:\/\/egyuttfejlodunk.hu\/#organization","name":"Egy\u00fctt fejl\u0151d\u00fcnk","url":"https:\/\/egyuttfejlodunk.hu\/","logo":{"@type":"ImageObject","inLanguage":"hu","@id":"https:\/\/egyuttfejlodunk.hu\/#\/schema\/logo\/image\/","url":"https:\/\/egyuttfejlodunk.hu\/wp-content\/uploads\/2026\/04\/ujlogo.jpg","contentUrl":"https:\/\/egyuttfejlodunk.hu\/wp-content\/uploads\/2026\/04\/ujlogo.jpg","width":350,"height":110,"caption":"Egy\u00fctt fejl\u0151d\u00fcnk"},"image":{"@id":"https:\/\/egyuttfejlodunk.hu\/#\/schema\/logo\/image\/"}},{"@type":"Person","@id":"https:\/\/egyuttfejlodunk.hu\/#\/schema\/person\/74d5e3661b874eed1958599cd4ca7bbd","name":"B\u00e1cskai Gabriella"}]}},"_links":{"self":[{"href":"https:\/\/egyuttfejlodunk.hu\/index.php?rest_route=\/wp\/v2\/posts\/3902","targetHints":{"allow":["GET"]}}],"collection":[{"href":"https:\/\/egyuttfejlodunk.hu\/index.php?rest_route=\/wp\/v2\/posts"}],"about":[{"href":"https:\/\/egyuttfejlodunk.hu\/index.php?rest_route=\/wp\/v2\/types\/post"}],"author":[{"embeddable":true,"href":"https:\/\/egyuttfejlodunk.hu\/index.php?rest_route=\/wp\/v2\/users\/17"}],"replies":[{"embeddable":true,"href":"https:\/\/egyuttfejlodunk.hu\/index.php?rest_route=%2Fwp%2Fv2%2Fcomments&post=3902"}],"version-history":[{"count":2,"href":"https:\/\/egyuttfejlodunk.hu\/index.php?rest_route=\/wp\/v2\/posts\/3902\/revisions"}],"predecessor-version":[{"id":3906,"href":"https:\/\/egyuttfejlodunk.hu\/index.php?rest_route=\/wp\/v2\/posts\/3902\/revisions\/3906"}],"wp:featuredmedia":[{"embeddable":true,"href":"https:\/\/egyuttfejlodunk.hu\/index.php?rest_route=\/wp\/v2\/media\/3903"}],"wp:attachment":[{"href":"https:\/\/egyuttfejlodunk.hu\/index.php?rest_route=%2Fwp%2Fv2%2Fmedia&parent=3902"}],"wp:term":[{"taxonomy":"category","embeddable":true,"href":"https:\/\/egyuttfejlodunk.hu\/index.php?rest_route=%2Fwp%2Fv2%2Fcategories&post=3902"},{"taxonomy":"post_tag","embeddable":true,"href":"https:\/\/egyuttfejlodunk.hu\/index.php?rest_route=%2Fwp%2Fv2%2Ftags&post=3902"},{"taxonomy":"megye","embeddable":true,"href":"https:\/\/egyuttfejlodunk.hu\/index.php?rest_route=%2Fwp%2Fv2%2Fmegye&post=3902"}],"curies":[{"name":"wp","href":"https:\/\/api.w.org\/{rel}","templated":true}]}}