{"id":3937,"date":"2023-12-13T12:20:26","date_gmt":"2023-12-13T11:20:26","guid":{"rendered":"https:\/\/fejlesztesihirek.hu\/?p=3937"},"modified":"2024-01-09T15:30:59","modified_gmt":"2024-01-09T14:30:59","slug":"renewable-energy-transition-at-a-szekesfehervar-educational-institution","status":"publish","type":"post","link":"https:\/\/egyuttfejlodunk.hu\/en\/renewable-energy-transition-at-a-szekesfehervar-educational-institution\/","title":{"rendered":"Renewable energy transition at a Sz\u00e9kesfeh\u00e9rv\u00e1r educational institution"},"content":{"rendered":"<p><strong>The energy renovation of the Szent Imre High School, Primary School, and Kindergarten, belonging to the Diocese of Sz\u00e9kesfeh\u00e9rv\u00e1r, has been completed in Sz\u00e9kesfeh\u00e9rv\u00e1r. Thanks to the project linked to the 2014-2020 European Union funding period, hundreds of children can now study in better conditions at the institution. The modernization and expansion of the building enabled the institution to start its first high school class in 2022.<\/strong><\/p>\n<p><span style=\"font-weight: 400;\">Between 2016 and 2020, the energy renovation of buildings of public institutions in the Diocese of Sz\u00e9kesfeh\u00e9rv\u00e1r was carried out in several phases and locations, financed by the Environmental and Energy Efficiency Operational Programme (EEEOP). In Sz\u00e9kesfeh\u00e9rv\u00e1r, the development involved two buildings of the Szent Imre High School, Primary School, and Kindergarten.&nbsp; The works started in April 2019 in Sz\u00e9kesfeh\u00e9rv\u00e1r and, despite the difficulties caused by the Covid-19 pandemic, lasted only two years.<\/span><\/p>\n<p><span style=\"font-weight: 400;\">The development affected the neighbouring buildings on Budai Road and Szent Istv\u00e1n Square.&nbsp; In the Budai Road school building, the attic was insulated, the so-called rebate window frames of the historic building were renovated, a new metal door was installed, thermostatic radiator valves were fitted as part of the heating system modernization, and a 49.5-kilowatt grid-connected solar panel system was installed.&nbsp; Special attention was paid to preserving the original beauty of the building&#8217;s distinctive facade while renovating it. In the kindergarten building on Szent Istv\u00e1n Square, the attic was also insulated, the rebate window frames were renovated, and thermostatic radiator valves were installed.&nbsp;<\/span><\/p>\n<p><span style=\"font-weight: 400;\">Thanks to the modernizations, the buildings can be partially operated using renewable energy. The insulation of the attic and facade significantly reduced the buildings&#8217; heat loss, resulting in substantial energy and cost savings for the institution. During the attic conversion, a new ceiling structure was created, enriching the twelve-classroom primary school with four additional rooms, specialized classrooms, and small rooms. Additionally, a multifunctional auditorium was established in the emblematic building.<\/span><\/p>\n<p><span style=\"font-weight: 400;\">Thanks to the investment of the Diocese of Sz\u00e9kesfeh\u00e9rv\u00e1r, hundreds of children can learn and develop in more modern conditions in the buildings of the Szent Imre High School, Primary School, and Kindergarten.&nbsp;<\/span><\/p>\n<p><span style=\"font-weight: 400;\">The development was implemented with European Union funding under the EEEOP-5.2.3-16-2016-00036 project.<\/span><\/p>\n<p><span style=\"font-weight: 400;\">More details can be found in the supported project search:&nbsp;<\/span> <a class=\"tovabb\" href=\"https:\/\/www.palyazat.gov.hu\/eredmenyek\/tamogatott-projektek\/1156480201\">Details<\/a><\/p>\n","protected":false},"excerpt":{"rendered":"<p>The energy renovation of the Szent Imre High School, Primary School, and Kindergarten, belonging to the Diocese of Sz\u00e9kesfeh\u00e9rv\u00e1r, has been completed in Sz\u00e9kesfeh\u00e9rv\u00e1r. Thanks to the project linked to the 2014-2020 European Union funding period, hundreds of children can now study in better conditions at the institution. The modernization and expansion of the building enabled the institution to start its first high school class in 2022. Between 2016 and 2020, the energy renovation of&#8230;<\/p>\n","protected":false},"author":17,"featured_media":3855,"comment_status":"closed","ping_status":"closed","sticky":false,"template":"","format":"standard","meta":{"_acf_changed":false,"ngg_post_thumbnail":0,"footnotes":""},"categories":[358],"tags":[],"megye":[],"class_list":["post-3937","post","type-post","status-publish","format-standard","has-post-thumbnail","hentry","category-kehop-en"],"acf":[],"yoast_head":"<!-- This site is optimized with the Yoast SEO Premium plugin v28.4 (Yoast SEO v28.4) - https:\/\/yoast.com\/product\/yoast-seo-premium-wordpress\/ -->\n<title>Renewable energy transition at a Sz\u00e9kesfeh\u00e9rv\u00e1r educational institution - Egy\u00fctt fejl\u0151d\u00fcnk<\/title>\n<meta name=\"robots\" content=\"noindex, follow, max-snippet:-1, max-image-preview:large, max-video-preview:-1\" \/>\n<meta property=\"og:locale\" content=\"hu_HU\" \/>\n<meta property=\"og:type\" content=\"article\" \/>\n<meta property=\"og:title\" content=\"Renewable energy transition at a Sz\u00e9kesfeh\u00e9rv\u00e1r educational institution\" \/>\n<meta property=\"og:description\" content=\"The energy renovation of the Szent Imre High School, Primary School, and Kindergarten, belonging to the Diocese of Sz\u00e9kesfeh\u00e9rv\u00e1r, has been completed in Sz\u00e9kesfeh\u00e9rv\u00e1r. Thanks to the project linked to the 2014-2020 European Union funding period, hundreds of children can now study in better conditions at the institution. The modernization and expansion of the building enabled the institution to start its first high school class in 2022. Between 2016 and 2020, the energy renovation of...\" \/>\n<meta property=\"og:url\" content=\"https:\/\/egyuttfejlodunk.hu\/en\/renewable-energy-transition-at-a-szekesfehervar-educational-institution\/\" \/>\n<meta property=\"og:site_name\" content=\"Egy\u00fctt fejl\u0151d\u00fcnk\" \/>\n<meta property=\"article:published_time\" content=\"2023-12-13T11:20:26+00:00\" \/>\n<meta property=\"article:modified_time\" content=\"2024-01-09T14:30:59+00:00\" \/>\n<meta property=\"og:image\" content=\"https:\/\/egyuttfejlodunk.hu\/wp-content\/uploads\/2023\/11\/9.-KEHOP-5.2.3-16-2016-00036.jpg\" \/>\n\t<meta property=\"og:image:width\" content=\"1920\" \/>\n\t<meta property=\"og:image:height\" content=\"1282\" \/>\n\t<meta property=\"og:image:type\" content=\"image\/jpeg\" \/>\n<meta name=\"author\" content=\"B\u00e1cskai Gabriella\" \/>\n<meta name=\"twitter:card\" content=\"summary_large_image\" \/>\n<meta name=\"twitter:label1\" content=\"Szerz\u0151:\" \/>\n\t<meta name=\"twitter:data1\" content=\"B\u00e1cskai Gabriella\" \/>\n\t<meta name=\"twitter:label2\" content=\"Becs\u00fclt olvas\u00e1si id\u0151\" \/>\n\t<meta name=\"twitter:data2\" content=\"2 perc\" \/>\n<script type=\"application\/ld+json\" class=\"yoast-schema-graph\">{\"@context\":\"https:\\\/\\\/schema.org\",\"@graph\":[{\"@type\":\"Article\",\"@id\":\"https:\\\/\\\/egyuttfejlodunk.hu\\\/en\\\/renewable-energy-transition-at-a-szekesfehervar-educational-institution\\\/#article\",\"isPartOf\":{\"@id\":\"https:\\\/\\\/egyuttfejlodunk.hu\\\/en\\\/renewable-energy-transition-at-a-szekesfehervar-educational-institution\\\/\"},\"author\":{\"name\":\"B\u00e1cskai Gabriella\",\"@id\":\"https:\\\/\\\/egyuttfejlodunk.hu\\\/#\\\/schema\\\/person\\\/74d5e3661b874eed1958599cd4ca7bbd\"},\"headline\":\"Renewable energy transition at a Sz\u00e9kesfeh\u00e9rv\u00e1r educational institution\",\"datePublished\":\"2023-12-13T11:20:26+00:00\",\"dateModified\":\"2024-01-09T14:30:59+00:00\",\"mainEntityOfPage\":{\"@id\":\"https:\\\/\\\/egyuttfejlodunk.hu\\\/en\\\/renewable-energy-transition-at-a-szekesfehervar-educational-institution\\\/\"},\"wordCount\":406,\"publisher\":{\"@id\":\"https:\\\/\\\/egyuttfejlodunk.hu\\\/#organization\"},\"image\":{\"@id\":\"https:\\\/\\\/egyuttfejlodunk.hu\\\/en\\\/renewable-energy-transition-at-a-szekesfehervar-educational-institution\\\/#primaryimage\"},\"thumbnailUrl\":\"https:\\\/\\\/egyuttfejlodunk.hu\\\/wp-content\\\/uploads\\\/2023\\\/11\\\/9.-KEHOP-5.2.3-16-2016-00036.jpg\",\"articleSection\":[\"Kehop\"],\"inLanguage\":\"hu\"},{\"@type\":\"WebPage\",\"@id\":\"https:\\\/\\\/egyuttfejlodunk.hu\\\/en\\\/renewable-energy-transition-at-a-szekesfehervar-educational-institution\\\/\",\"url\":\"https:\\\/\\\/egyuttfejlodunk.hu\\\/en\\\/renewable-energy-transition-at-a-szekesfehervar-educational-institution\\\/\",\"name\":\"Renewable energy transition at a Sz\u00e9kesfeh\u00e9rv\u00e1r educational institution - Egy\u00fctt fejl\u0151d\u00fcnk\",\"isPartOf\":{\"@id\":\"https:\\\/\\\/egyuttfejlodunk.hu\\\/#website\"},\"primaryImageOfPage\":{\"@id\":\"https:\\\/\\\/egyuttfejlodunk.hu\\\/en\\\/renewable-energy-transition-at-a-szekesfehervar-educational-institution\\\/#primaryimage\"},\"image\":{\"@id\":\"https:\\\/\\\/egyuttfejlodunk.hu\\\/en\\\/renewable-energy-transition-at-a-szekesfehervar-educational-institution\\\/#primaryimage\"},\"thumbnailUrl\":\"https:\\\/\\\/egyuttfejlodunk.hu\\\/wp-content\\\/uploads\\\/2023\\\/11\\\/9.-KEHOP-5.2.3-16-2016-00036.jpg\",\"datePublished\":\"2023-12-13T11:20:26+00:00\",\"dateModified\":\"2024-01-09T14:30:59+00:00\",\"breadcrumb\":{\"@id\":\"https:\\\/\\\/egyuttfejlodunk.hu\\\/en\\\/renewable-energy-transition-at-a-szekesfehervar-educational-institution\\\/#breadcrumb\"},\"inLanguage\":\"hu\",\"potentialAction\":[{\"@type\":\"ReadAction\",\"target\":[\"https:\\\/\\\/egyuttfejlodunk.hu\\\/en\\\/renewable-energy-transition-at-a-szekesfehervar-educational-institution\\\/\"]}]},{\"@type\":\"ImageObject\",\"inLanguage\":\"hu\",\"@id\":\"https:\\\/\\\/egyuttfejlodunk.hu\\\/en\\\/renewable-energy-transition-at-a-szekesfehervar-educational-institution\\\/#primaryimage\",\"url\":\"https:\\\/\\\/egyuttfejlodunk.hu\\\/wp-content\\\/uploads\\\/2023\\\/11\\\/9.-KEHOP-5.2.3-16-2016-00036.jpg\",\"contentUrl\":\"https:\\\/\\\/egyuttfejlodunk.hu\\\/wp-content\\\/uploads\\\/2023\\\/11\\\/9.-KEHOP-5.2.3-16-2016-00036.jpg\",\"width\":1920,\"height\":1282},{\"@type\":\"BreadcrumbList\",\"@id\":\"https:\\\/\\\/egyuttfejlodunk.hu\\\/en\\\/renewable-energy-transition-at-a-szekesfehervar-educational-institution\\\/#breadcrumb\",\"itemListElement\":[{\"@type\":\"ListItem\",\"position\":1,\"name\":\"Home\",\"item\":\"https:\\\/\\\/egyuttfejlodunk.hu\\\/\"},{\"@type\":\"ListItem\",\"position\":2,\"name\":\"Renewable energy transition at a Sz\u00e9kesfeh\u00e9rv\u00e1r educational institution\"}]},{\"@type\":\"WebSite\",\"@id\":\"https:\\\/\\\/egyuttfejlodunk.hu\\\/#website\",\"url\":\"https:\\\/\\\/egyuttfejlodunk.hu\\\/\",\"name\":\"Egy\u00fctt fejl\u0151d\u00fcnk\",\"description\":\"\",\"publisher\":{\"@id\":\"https:\\\/\\\/egyuttfejlodunk.hu\\\/#organization\"},\"potentialAction\":[{\"@type\":\"SearchAction\",\"target\":{\"@type\":\"EntryPoint\",\"urlTemplate\":\"https:\\\/\\\/egyuttfejlodunk.hu\\\/?s={search_term_string}\"},\"query-input\":{\"@type\":\"PropertyValueSpecification\",\"valueRequired\":true,\"valueName\":\"search_term_string\"}}],\"inLanguage\":\"hu\"},{\"@type\":\"Organization\",\"@id\":\"https:\\\/\\\/egyuttfejlodunk.hu\\\/#organization\",\"name\":\"Egy\u00fctt fejl\u0151d\u00fcnk\",\"url\":\"https:\\\/\\\/egyuttfejlodunk.hu\\\/\",\"logo\":{\"@type\":\"ImageObject\",\"inLanguage\":\"hu\",\"@id\":\"https:\\\/\\\/egyuttfejlodunk.hu\\\/#\\\/schema\\\/logo\\\/image\\\/\",\"url\":\"https:\\\/\\\/egyuttfejlodunk.hu\\\/wp-content\\\/uploads\\\/2026\\\/04\\\/ujlogo.jpg\",\"contentUrl\":\"https:\\\/\\\/egyuttfejlodunk.hu\\\/wp-content\\\/uploads\\\/2026\\\/04\\\/ujlogo.jpg\",\"width\":350,\"height\":110,\"caption\":\"Egy\u00fctt fejl\u0151d\u00fcnk\"},\"image\":{\"@id\":\"https:\\\/\\\/egyuttfejlodunk.hu\\\/#\\\/schema\\\/logo\\\/image\\\/\"}},{\"@type\":\"Person\",\"@id\":\"https:\\\/\\\/egyuttfejlodunk.hu\\\/#\\\/schema\\\/person\\\/74d5e3661b874eed1958599cd4ca7bbd\",\"name\":\"B\u00e1cskai Gabriella\"}]}<\/script>\n<!-- \/ Yoast SEO Premium plugin. -->","yoast_head_json":{"title":"Renewable energy transition at a Sz\u00e9kesfeh\u00e9rv\u00e1r educational institution - Egy\u00fctt fejl\u0151d\u00fcnk","robots":{"index":"noindex","follow":"follow","max-snippet":"max-snippet:-1","max-image-preview":"max-image-preview:large","max-video-preview":"max-video-preview:-1"},"og_locale":"hu_HU","og_type":"article","og_title":"Renewable energy transition at a Sz\u00e9kesfeh\u00e9rv\u00e1r educational institution","og_description":"The energy renovation of the Szent Imre High School, Primary School, and Kindergarten, belonging to the Diocese of Sz\u00e9kesfeh\u00e9rv\u00e1r, has been completed in Sz\u00e9kesfeh\u00e9rv\u00e1r. Thanks to the project linked to the 2014-2020 European Union funding period, hundreds of children can now study in better conditions at the institution. The modernization and expansion of the building enabled the institution to start its first high school class in 2022. Between 2016 and 2020, the energy renovation of...","og_url":"https:\/\/egyuttfejlodunk.hu\/en\/renewable-energy-transition-at-a-szekesfehervar-educational-institution\/","og_site_name":"Egy\u00fctt fejl\u0151d\u00fcnk","article_published_time":"2023-12-13T11:20:26+00:00","article_modified_time":"2024-01-09T14:30:59+00:00","og_image":[{"width":1920,"height":1282,"url":"https:\/\/egyuttfejlodunk.hu\/wp-content\/uploads\/2023\/11\/9.-KEHOP-5.2.3-16-2016-00036.jpg","type":"image\/jpeg"}],"author":"B\u00e1cskai Gabriella","twitter_card":"summary_large_image","twitter_misc":{"Szerz\u0151:":"B\u00e1cskai Gabriella","Becs\u00fclt olvas\u00e1si id\u0151":"2 perc"},"schema":{"@context":"https:\/\/schema.org","@graph":[{"@type":"Article","@id":"https:\/\/egyuttfejlodunk.hu\/en\/renewable-energy-transition-at-a-szekesfehervar-educational-institution\/#article","isPartOf":{"@id":"https:\/\/egyuttfejlodunk.hu\/en\/renewable-energy-transition-at-a-szekesfehervar-educational-institution\/"},"author":{"name":"B\u00e1cskai Gabriella","@id":"https:\/\/egyuttfejlodunk.hu\/#\/schema\/person\/74d5e3661b874eed1958599cd4ca7bbd"},"headline":"Renewable energy transition at a Sz\u00e9kesfeh\u00e9rv\u00e1r educational institution","datePublished":"2023-12-13T11:20:26+00:00","dateModified":"2024-01-09T14:30:59+00:00","mainEntityOfPage":{"@id":"https:\/\/egyuttfejlodunk.hu\/en\/renewable-energy-transition-at-a-szekesfehervar-educational-institution\/"},"wordCount":406,"publisher":{"@id":"https:\/\/egyuttfejlodunk.hu\/#organization"},"image":{"@id":"https:\/\/egyuttfejlodunk.hu\/en\/renewable-energy-transition-at-a-szekesfehervar-educational-institution\/#primaryimage"},"thumbnailUrl":"https:\/\/egyuttfejlodunk.hu\/wp-content\/uploads\/2023\/11\/9.-KEHOP-5.2.3-16-2016-00036.jpg","articleSection":["Kehop"],"inLanguage":"hu"},{"@type":"WebPage","@id":"https:\/\/egyuttfejlodunk.hu\/en\/renewable-energy-transition-at-a-szekesfehervar-educational-institution\/","url":"https:\/\/egyuttfejlodunk.hu\/en\/renewable-energy-transition-at-a-szekesfehervar-educational-institution\/","name":"Renewable energy transition at a Sz\u00e9kesfeh\u00e9rv\u00e1r educational institution - Egy\u00fctt fejl\u0151d\u00fcnk","isPartOf":{"@id":"https:\/\/egyuttfejlodunk.hu\/#website"},"primaryImageOfPage":{"@id":"https:\/\/egyuttfejlodunk.hu\/en\/renewable-energy-transition-at-a-szekesfehervar-educational-institution\/#primaryimage"},"image":{"@id":"https:\/\/egyuttfejlodunk.hu\/en\/renewable-energy-transition-at-a-szekesfehervar-educational-institution\/#primaryimage"},"thumbnailUrl":"https:\/\/egyuttfejlodunk.hu\/wp-content\/uploads\/2023\/11\/9.-KEHOP-5.2.3-16-2016-00036.jpg","datePublished":"2023-12-13T11:20:26+00:00","dateModified":"2024-01-09T14:30:59+00:00","breadcrumb":{"@id":"https:\/\/egyuttfejlodunk.hu\/en\/renewable-energy-transition-at-a-szekesfehervar-educational-institution\/#breadcrumb"},"inLanguage":"hu","potentialAction":[{"@type":"ReadAction","target":["https:\/\/egyuttfejlodunk.hu\/en\/renewable-energy-transition-at-a-szekesfehervar-educational-institution\/"]}]},{"@type":"ImageObject","inLanguage":"hu","@id":"https:\/\/egyuttfejlodunk.hu\/en\/renewable-energy-transition-at-a-szekesfehervar-educational-institution\/#primaryimage","url":"https:\/\/egyuttfejlodunk.hu\/wp-content\/uploads\/2023\/11\/9.-KEHOP-5.2.3-16-2016-00036.jpg","contentUrl":"https:\/\/egyuttfejlodunk.hu\/wp-content\/uploads\/2023\/11\/9.-KEHOP-5.2.3-16-2016-00036.jpg","width":1920,"height":1282},{"@type":"BreadcrumbList","@id":"https:\/\/egyuttfejlodunk.hu\/en\/renewable-energy-transition-at-a-szekesfehervar-educational-institution\/#breadcrumb","itemListElement":[{"@type":"ListItem","position":1,"name":"Home","item":"https:\/\/egyuttfejlodunk.hu\/"},{"@type":"ListItem","position":2,"name":"Renewable energy transition at a Sz\u00e9kesfeh\u00e9rv\u00e1r educational institution"}]},{"@type":"WebSite","@id":"https:\/\/egyuttfejlodunk.hu\/#website","url":"https:\/\/egyuttfejlodunk.hu\/","name":"Egy\u00fctt fejl\u0151d\u00fcnk","description":"","publisher":{"@id":"https:\/\/egyuttfejlodunk.hu\/#organization"},"potentialAction":[{"@type":"SearchAction","target":{"@type":"EntryPoint","urlTemplate":"https:\/\/egyuttfejlodunk.hu\/?s={search_term_string}"},"query-input":{"@type":"PropertyValueSpecification","valueRequired":true,"valueName":"search_term_string"}}],"inLanguage":"hu"},{"@type":"Organization","@id":"https:\/\/egyuttfejlodunk.hu\/#organization","name":"Egy\u00fctt fejl\u0151d\u00fcnk","url":"https:\/\/egyuttfejlodunk.hu\/","logo":{"@type":"ImageObject","inLanguage":"hu","@id":"https:\/\/egyuttfejlodunk.hu\/#\/schema\/logo\/image\/","url":"https:\/\/egyuttfejlodunk.hu\/wp-content\/uploads\/2026\/04\/ujlogo.jpg","contentUrl":"https:\/\/egyuttfejlodunk.hu\/wp-content\/uploads\/2026\/04\/ujlogo.jpg","width":350,"height":110,"caption":"Egy\u00fctt fejl\u0151d\u00fcnk"},"image":{"@id":"https:\/\/egyuttfejlodunk.hu\/#\/schema\/logo\/image\/"}},{"@type":"Person","@id":"https:\/\/egyuttfejlodunk.hu\/#\/schema\/person\/74d5e3661b874eed1958599cd4ca7bbd","name":"B\u00e1cskai Gabriella"}]}},"_links":{"self":[{"href":"https:\/\/egyuttfejlodunk.hu\/wp-json\/wp\/v2\/posts\/3937","targetHints":{"allow":["GET"]}}],"collection":[{"href":"https:\/\/egyuttfejlodunk.hu\/wp-json\/wp\/v2\/posts"}],"about":[{"href":"https:\/\/egyuttfejlodunk.hu\/wp-json\/wp\/v2\/types\/post"}],"author":[{"embeddable":true,"href":"https:\/\/egyuttfejlodunk.hu\/wp-json\/wp\/v2\/users\/17"}],"replies":[{"embeddable":true,"href":"https:\/\/egyuttfejlodunk.hu\/wp-json\/wp\/v2\/comments?post=3937"}],"version-history":[{"count":3,"href":"https:\/\/egyuttfejlodunk.hu\/wp-json\/wp\/v2\/posts\/3937\/revisions"}],"predecessor-version":[{"id":4446,"href":"https:\/\/egyuttfejlodunk.hu\/wp-json\/wp\/v2\/posts\/3937\/revisions\/4446"}],"wp:featuredmedia":[{"embeddable":true,"href":"https:\/\/egyuttfejlodunk.hu\/wp-json\/wp\/v2\/media\/3855"}],"wp:attachment":[{"href":"https:\/\/egyuttfejlodunk.hu\/wp-json\/wp\/v2\/media?parent=3937"}],"wp:term":[{"taxonomy":"category","embeddable":true,"href":"https:\/\/egyuttfejlodunk.hu\/wp-json\/wp\/v2\/categories?post=3937"},{"taxonomy":"post_tag","embeddable":true,"href":"https:\/\/egyuttfejlodunk.hu\/wp-json\/wp\/v2\/tags?post=3937"},{"taxonomy":"megye","embeddable":true,"href":"https:\/\/egyuttfejlodunk.hu\/wp-json\/wp\/v2\/megye?post=3937"}],"curies":[{"name":"wp","href":"https:\/\/api.w.org\/{rel}","templated":true}]}}