{"id":4395,"date":"2024-01-11T08:38:47","date_gmt":"2024-01-11T07:38:47","guid":{"rendered":"https:\/\/fejlesztesihirek.hu\/?p=4395"},"modified":"2026-09-02T11:31:37","modified_gmt":"2026-09-02T09:31:37","slug":"megvaltozott-munkakepessegu-emberek-tamogatasa","status":"publish","type":"post","link":"https:\/\/egyuttfejlodunk.hu\/megvaltozott-munkakepessegu-emberek-tamogatasa\/","title":{"rendered":"Megv\u00e1ltozott munkak\u00e9pess\u00e9g\u0171 emberek t\u00e1mogat\u00e1sa"},"content":{"rendered":"<p><strong>A Slachta Margit Nemzeti Szoci\u00e1lpolitikai Int\u00e9zet \u00e1ltal a Sz\u00e9chenyi 2020 programban megval\u00f3s\u00edtott projekt megv\u00e1ltozott munkak\u00e9pess\u00e9g\u0171 emberek sz\u00e1m\u00e1ra ny\u00fajtott t\u00e1mogat\u00e1st, seg\u00edti \u0151ket a munkav\u00e1llal\u00e1sra t\u00f6rt\u00e9n\u0151 felk\u00e9sz\u00fcl\u00e9s\u00fckben, emellett folyamatosan b\u0151v\u00fcl\u0151, t\u00f6bbf\u00e9le munkater\u00fcletet lefed\u0151 munkaad\u00f3kkal is ki\u00e9p\u00edtett partneri kapcsolatokat, ezzel biztos\u00edtva elhelyezked\u00e9si lehet\u0151s\u00e9get a munkaer\u0151piacon.<\/strong><\/p>\n<p>Az Eur\u00f3pai Uni\u00f3 \u00e9s a magyar \u00e1llam t\u00e1rsfinansz\u00edroz\u00e1s\u00e1val megval\u00f3sult projekt eredm\u00e9nyek\u00e9nt t\u00f6bb mint 40 helysz\u00ednen, olyan tan\u00e1csad\u00f3i h\u00e1l\u00f3zat j\u00f6tt l\u00e9tre, ahol a megv\u00e1ltozott munkak\u00e9pess\u00e9g\u0171 emberek szem\u00e9lyes tan\u00e1csad\u00e1sban \u00e9s seg\u00edts\u00e9gben r\u00e9szes\u00fcltek a munkav\u00e1llal\u00e1sra t\u00f6rt\u00e9n\u0151 felk\u00e9sz\u00fcl\u00e9s\u00fck \u00e9rdek\u00e9ben. A projektnek k\u00f6sz\u00f6nhet\u0151en 2015 \u00f3ta eddig t\u00f6bb mint 20&nbsp;000 eg\u00e9szs\u00e9gk\u00e1rosod\u00e1ssal vagy fogyat\u00e9koss\u00e1ggal \u00e9l\u0151 szem\u00e9ly felk\u00e9sz\u00edt\u00e9se \u00e9s foglalkoz\u00e1s rehabilit\u00e1ci\u00f3ja val\u00f3sult meg. A foglalkoz\u00e1sok \u00e9s k\u00e9pz\u00e9sek mellett sor ker\u00fclt rendezv\u00e9nyek, \u00e1ll\u00e1sb\u00f6rz\u00e9k \u00e9s a munk\u00e1ltat\u00f3knak szervezett f\u00f3rumok megszervez\u00e9s\u00e9re, tov\u00e1bb\u00e1 az elhelyezkedett munkaer\u0151 ut\u00f3k\u00f6vet\u00e9s\u00e9re \u00e9s az adatok elemz\u00e9s\u00e9re is.<\/p>\n<p>A projekt megval\u00f3s\u00edt\u00e1sa sor\u00e1n nagy hangs\u00falyt fektettek arra, hogy min\u00e9l t\u00f6bbf\u00e9le munkak\u00f6rt lefed\u0151 munkaad\u00f3kkal \u00e9p\u00edtsenek ki partneri kapcsolatot, mert egy j\u00f3l megv\u00e1lasztott munkak\u00f6rben a megv\u00e1ltozott munkak\u00e9pess\u00e9g\u0171 szem\u00e9ly alkalmaz\u00e1sa hossz\u00fa t\u00e1von is win-win helyzetet teremt mind a munkav\u00e1llal\u00f3, mind a munk\u00e1ltat\u00f3sz\u00e1m\u00e1ra.&nbsp;<\/p>\n<p>A munk\u00e1ltat\u00f3k r\u00e9sz\u00e9r\u0151l \u00e1ltal\u00e1ban a megv\u00e1ltozott munkak\u00e9pess\u00e9g\u0171 munkav\u00e1llal\u00f3kkal kapcsolatos tapasztalathi\u00e1ny \u00e9s az inform\u00e1ci\u00f3hi\u00e1ny az oka annak, hogy nem tal\u00e1lkoznak az elv\u00e1r\u00e1sok a munkaer\u0151piacon, ez\u00e9rt a projekt kiemelt c\u00e9lja a megv\u00e1ltozott munkak\u00e9pess\u00e9g\u0171 szem\u00e9lyeket foglalkoztatni k\u00e9pes munkaad\u00f3k szeml\u00e9let\u00e9nek form\u00e1l\u00e1sa \u00e9s \u00f6szt\u00f6nz\u00e9se a foglalkoztat\u00e1sra, a k\u00fcl\u00f6nb\u00f6z\u0151 t\u00e1mogat\u00e1sok \u00e9s a hozz\u00e1juk kapcsol\u00f3d\u00f3 foglalkoz\u00e1si rehabilit\u00e1ci\u00f3s szolg\u00e1ltat\u00e1sokon kereszt\u00fcl.<\/p>\n<p>Fontos, hogy eg\u00e9szs\u00e9gk\u00e1rosod\u00e1ssal vagy fogyat\u00e9koss\u00e1ggal \u00e9l\u0151 emberek is tudj\u00e1k, a magyar munkaer\u0151piacon val\u00f3ban sz\u00fcks\u00e9g van az \u0151 munk\u00e1jukra is, \u00e9s lehet\u0151s\u00e9g\u00fck van arra, hogy a Slachta Margit Nemzeti Szoci\u00e1lpolitikai Int\u00e9zet \u00e9s a projekt adta eszk\u00f6z\u00f6k seg\u00edts\u00e9g\u00e9vel hossz\u00fa t\u00e1von is el tudjanak helyezkedni, \u00e9s a t\u00e1rsadalom hasznos tagjaik\u00e9nt munk\u00e1t v\u00e9gezzenek.<\/p>\n<div class=\"bt-video-container\"><iframe title=\"Megv\u00e1ltozott munkak\u00e9pess\u00e9g\u0171 emberek t\u00e1mogat\u00e1sa\" width=\"1200\" height=\"675\" src=\"https:\/\/www.youtube.com\/embed\/609yViM8cdI?feature=oembed\" frameborder=\"0\" allow=\"accelerometer; autoplay; clipboard-write; encrypted-media; gyroscope; picture-in-picture; web-share\" referrerpolicy=\"strict-origin-when-cross-origin\" allowfullscreen><\/iframe><\/div>\n<p>A projekt az EFOP-1.1.1-15-2015-00001 azonos\u00edt\u00f3sz\u00e1m\u00fa projektnek k\u00f6sz\u00f6nhet\u0151en, eur\u00f3pai uni\u00f3s forr\u00e1s bevon\u00e1s\u00e1val val\u00f3sulhatott meg.<\/p>\n<p>Tov\u00e1bbi r\u00e9szletek a t\u00e1mogatott projekt keres\u0151ben:<a class=\"tovabb\" href=\"https:\/\/www.palyazat.gov.hu\/eredmenyek\/tamogatott-projektek\/248150201\">Tov\u00e1bb<\/a><\/p>\n","protected":false},"excerpt":{"rendered":"<p>A Slachta Margit Nemzeti Szoci\u00e1lpolitikai Int\u00e9zet \u00e1ltal a Sz\u00e9chenyi 2020 programban megval\u00f3s\u00edtott projekt megv\u00e1ltozott munkak\u00e9pess\u00e9g\u0171 emberek sz\u00e1m\u00e1ra ny\u00fajtott t\u00e1mogat\u00e1st, seg\u00edti \u0151ket a munkav\u00e1llal\u00e1sra t\u00f6rt\u00e9n\u0151 felk\u00e9sz\u00fcl\u00e9s\u00fckben, emellett folyamatosan b\u0151v\u00fcl\u0151, t\u00f6bbf\u00e9le munkater\u00fcletet lefed\u0151 munkaad\u00f3kkal is ki\u00e9p\u00edtett partneri kapcsolatokat, ezzel biztos\u00edtva elhelyezked\u00e9si lehet\u0151s\u00e9get a munkaer\u0151piacon. Az Eur\u00f3pai Uni\u00f3 \u00e9s a magyar \u00e1llam t\u00e1rsfinansz\u00edroz\u00e1s\u00e1val megval\u00f3sult projekt eredm\u00e9nyek\u00e9nt t\u00f6bb mint 40 helysz\u00ednen, olyan tan\u00e1csad\u00f3i h\u00e1l\u00f3zat j\u00f6tt l\u00e9tre, ahol a megv\u00e1ltozott munkak\u00e9pess\u00e9g\u0171 emberek szem\u00e9lyes tan\u00e1csad\u00e1sban \u00e9s seg\u00edts\u00e9gben r\u00e9szes\u00fcltek a munkav\u00e1llal\u00e1sra t\u00f6rt\u00e9n\u0151&#8230;<\/p>\n","protected":false},"author":17,"featured_media":4398,"comment_status":"closed","ping_status":"closed","sticky":false,"template":"","format":"video","meta":{"_acf_changed":false,"ngg_post_thumbnail":0,"footnotes":""},"categories":[154],"tags":[312,415,520],"megye":[1121],"class_list":["post-4395","post","type-post","status-publish","format-video","has-post-thumbnail","hentry","category-efop-hu","tag-eselyegyenloseg","tag-eselyteremtes","tag-foglalkoztatas","post_format-post-format-video","megye-magyarorszag"],"acf":[],"yoast_head":"<!-- This site is optimized with the Yoast SEO Premium plugin v28.4 (Yoast SEO v28.4) - https:\/\/yoast.com\/product\/yoast-seo-premium-wordpress\/ -->\n<title>Megv\u00e1ltozott munkak\u00e9pess\u00e9g\u0171 emberek t\u00e1mogat\u00e1sa - Egy\u00fctt fejl\u0151d\u00fcnk<\/title>\n<meta name=\"robots\" content=\"noindex, follow, max-snippet:-1, max-image-preview:large, max-video-preview:-1\" \/>\n<meta property=\"og:locale\" content=\"hu_HU\" \/>\n<meta property=\"og:type\" content=\"article\" \/>\n<meta property=\"og:title\" content=\"Megv\u00e1ltozott munkak\u00e9pess\u00e9g\u0171 emberek t\u00e1mogat\u00e1sa\" \/>\n<meta property=\"og:description\" content=\"A Slachta Margit Nemzeti Szoci\u00e1lpolitikai Int\u00e9zet \u00e1ltal a Sz\u00e9chenyi 2020 programban megval\u00f3s\u00edtott projekt megv\u00e1ltozott munkak\u00e9pess\u00e9g\u0171 emberek sz\u00e1m\u00e1ra ny\u00fajtott t\u00e1mogat\u00e1st, seg\u00edti \u0151ket a munkav\u00e1llal\u00e1sra t\u00f6rt\u00e9n\u0151 felk\u00e9sz\u00fcl\u00e9s\u00fckben, emellett folyamatosan b\u0151v\u00fcl\u0151, t\u00f6bbf\u00e9le munkater\u00fcletet lefed\u0151 munkaad\u00f3kkal is ki\u00e9p\u00edtett partneri kapcsolatokat, ezzel biztos\u00edtva elhelyezked\u00e9si lehet\u0151s\u00e9get a munkaer\u0151piacon. Az Eur\u00f3pai Uni\u00f3 \u00e9s a magyar \u00e1llam t\u00e1rsfinansz\u00edroz\u00e1s\u00e1val megval\u00f3sult projekt eredm\u00e9nyek\u00e9nt t\u00f6bb mint 40 helysz\u00ednen, olyan tan\u00e1csad\u00f3i h\u00e1l\u00f3zat j\u00f6tt l\u00e9tre, ahol a megv\u00e1ltozott munkak\u00e9pess\u00e9g\u0171 emberek szem\u00e9lyes tan\u00e1csad\u00e1sban \u00e9s seg\u00edts\u00e9gben r\u00e9szes\u00fcltek a munkav\u00e1llal\u00e1sra t\u00f6rt\u00e9n\u0151...\" \/>\n<meta property=\"og:url\" content=\"https:\/\/egyuttfejlodunk.hu\/megvaltozott-munkakepessegu-emberek-tamogatasa\/\" \/>\n<meta property=\"og:site_name\" content=\"Egy\u00fctt fejl\u0151d\u00fcnk\" \/>\n<meta property=\"article:published_time\" content=\"2024-01-11T07:38:47+00:00\" \/>\n<meta property=\"article:modified_time\" content=\"2026-09-02T09:31:37+00:00\" \/>\n<meta property=\"og:image\" content=\"https:\/\/egyuttfejlodunk.hu\/wp-content\/uploads\/2024\/01\/Debrecen_vagott.00_02_29_10.Still001-1.jpg\" \/>\n\t<meta property=\"og:image:width\" content=\"960\" \/>\n\t<meta property=\"og:image:height\" content=\"445\" \/>\n\t<meta property=\"og:image:type\" content=\"image\/jpeg\" \/>\n<meta name=\"author\" content=\"B\u00e1cskai Gabriella\" \/>\n<meta name=\"twitter:card\" content=\"summary_large_image\" \/>\n<meta name=\"twitter:label1\" content=\"Szerz\u0151:\" \/>\n\t<meta name=\"twitter:data1\" content=\"B\u00e1cskai Gabriella\" \/>\n\t<meta name=\"twitter:label2\" content=\"Becs\u00fclt olvas\u00e1si id\u0151\" \/>\n\t<meta name=\"twitter:data2\" content=\"2 perc\" \/>\n<script type=\"application\/ld+json\" class=\"yoast-schema-graph\">{\"@context\":\"https:\\\/\\\/schema.org\",\"@graph\":[{\"@type\":\"Article\",\"@id\":\"https:\\\/\\\/egyuttfejlodunk.hu\\\/megvaltozott-munkakepessegu-emberek-tamogatasa\\\/#article\",\"isPartOf\":{\"@id\":\"https:\\\/\\\/egyuttfejlodunk.hu\\\/megvaltozott-munkakepessegu-emberek-tamogatasa\\\/\"},\"author\":{\"name\":\"B\u00e1cskai Gabriella\",\"@id\":\"https:\\\/\\\/egyuttfejlodunk.hu\\\/#\\\/schema\\\/person\\\/74d5e3661b874eed1958599cd4ca7bbd\"},\"headline\":\"Megv\u00e1ltozott munkak\u00e9pess\u00e9g\u0171 emberek t\u00e1mogat\u00e1sa\",\"datePublished\":\"2024-01-11T07:38:47+00:00\",\"dateModified\":\"2026-09-02T09:31:37+00:00\",\"mainEntityOfPage\":{\"@id\":\"https:\\\/\\\/egyuttfejlodunk.hu\\\/megvaltozott-munkakepessegu-emberek-tamogatasa\\\/\"},\"wordCount\":524,\"publisher\":{\"@id\":\"https:\\\/\\\/egyuttfejlodunk.hu\\\/#organization\"},\"image\":{\"@id\":\"https:\\\/\\\/egyuttfejlodunk.hu\\\/megvaltozott-munkakepessegu-emberek-tamogatasa\\\/#primaryimage\"},\"thumbnailUrl\":\"https:\\\/\\\/egyuttfejlodunk.hu\\\/wp-content\\\/uploads\\\/2024\\\/01\\\/Debrecen_vagott.00_02_29_10.Still001-1.jpg\",\"keywords\":[\"es\u00e9lyegyenl\u0151s\u00e9g\",\"es\u00e9lyteremt\u00e9s\",\"foglalkoztat\u00e1s\"],\"articleSection\":[\"EFOP\"],\"inLanguage\":\"hu\"},{\"@type\":\"WebPage\",\"@id\":\"https:\\\/\\\/egyuttfejlodunk.hu\\\/megvaltozott-munkakepessegu-emberek-tamogatasa\\\/\",\"url\":\"https:\\\/\\\/egyuttfejlodunk.hu\\\/megvaltozott-munkakepessegu-emberek-tamogatasa\\\/\",\"name\":\"Megv\u00e1ltozott munkak\u00e9pess\u00e9g\u0171 emberek t\u00e1mogat\u00e1sa - Egy\u00fctt fejl\u0151d\u00fcnk\",\"isPartOf\":{\"@id\":\"https:\\\/\\\/egyuttfejlodunk.hu\\\/#website\"},\"primaryImageOfPage\":{\"@id\":\"https:\\\/\\\/egyuttfejlodunk.hu\\\/megvaltozott-munkakepessegu-emberek-tamogatasa\\\/#primaryimage\"},\"image\":{\"@id\":\"https:\\\/\\\/egyuttfejlodunk.hu\\\/megvaltozott-munkakepessegu-emberek-tamogatasa\\\/#primaryimage\"},\"thumbnailUrl\":\"https:\\\/\\\/egyuttfejlodunk.hu\\\/wp-content\\\/uploads\\\/2024\\\/01\\\/Debrecen_vagott.00_02_29_10.Still001-1.jpg\",\"datePublished\":\"2024-01-11T07:38:47+00:00\",\"dateModified\":\"2026-09-02T09:31:37+00:00\",\"breadcrumb\":{\"@id\":\"https:\\\/\\\/egyuttfejlodunk.hu\\\/megvaltozott-munkakepessegu-emberek-tamogatasa\\\/#breadcrumb\"},\"inLanguage\":\"hu\",\"potentialAction\":[{\"@type\":\"ReadAction\",\"target\":[\"https:\\\/\\\/egyuttfejlodunk.hu\\\/megvaltozott-munkakepessegu-emberek-tamogatasa\\\/\"]}]},{\"@type\":\"ImageObject\",\"inLanguage\":\"hu\",\"@id\":\"https:\\\/\\\/egyuttfejlodunk.hu\\\/megvaltozott-munkakepessegu-emberek-tamogatasa\\\/#primaryimage\",\"url\":\"https:\\\/\\\/egyuttfejlodunk.hu\\\/wp-content\\\/uploads\\\/2024\\\/01\\\/Debrecen_vagott.00_02_29_10.Still001-1.jpg\",\"contentUrl\":\"https:\\\/\\\/egyuttfejlodunk.hu\\\/wp-content\\\/uploads\\\/2024\\\/01\\\/Debrecen_vagott.00_02_29_10.Still001-1.jpg\",\"width\":960,\"height\":445},{\"@type\":\"BreadcrumbList\",\"@id\":\"https:\\\/\\\/egyuttfejlodunk.hu\\\/megvaltozott-munkakepessegu-emberek-tamogatasa\\\/#breadcrumb\",\"itemListElement\":[{\"@type\":\"ListItem\",\"position\":1,\"name\":\"Home\",\"item\":\"https:\\\/\\\/egyuttfejlodunk.hu\\\/\"},{\"@type\":\"ListItem\",\"position\":2,\"name\":\"Megv\u00e1ltozott munkak\u00e9pess\u00e9g\u0171 emberek t\u00e1mogat\u00e1sa\"}]},{\"@type\":\"WebSite\",\"@id\":\"https:\\\/\\\/egyuttfejlodunk.hu\\\/#website\",\"url\":\"https:\\\/\\\/egyuttfejlodunk.hu\\\/\",\"name\":\"Egy\u00fctt fejl\u0151d\u00fcnk\",\"description\":\"\",\"publisher\":{\"@id\":\"https:\\\/\\\/egyuttfejlodunk.hu\\\/#organization\"},\"potentialAction\":[{\"@type\":\"SearchAction\",\"target\":{\"@type\":\"EntryPoint\",\"urlTemplate\":\"https:\\\/\\\/egyuttfejlodunk.hu\\\/?s={search_term_string}\"},\"query-input\":{\"@type\":\"PropertyValueSpecification\",\"valueRequired\":true,\"valueName\":\"search_term_string\"}}],\"inLanguage\":\"hu\"},{\"@type\":\"Organization\",\"@id\":\"https:\\\/\\\/egyuttfejlodunk.hu\\\/#organization\",\"name\":\"Egy\u00fctt fejl\u0151d\u00fcnk\",\"url\":\"https:\\\/\\\/egyuttfejlodunk.hu\\\/\",\"logo\":{\"@type\":\"ImageObject\",\"inLanguage\":\"hu\",\"@id\":\"https:\\\/\\\/egyuttfejlodunk.hu\\\/#\\\/schema\\\/logo\\\/image\\\/\",\"url\":\"https:\\\/\\\/egyuttfejlodunk.hu\\\/wp-content\\\/uploads\\\/2026\\\/04\\\/ujlogo.jpg\",\"contentUrl\":\"https:\\\/\\\/egyuttfejlodunk.hu\\\/wp-content\\\/uploads\\\/2026\\\/04\\\/ujlogo.jpg\",\"width\":350,\"height\":110,\"caption\":\"Egy\u00fctt fejl\u0151d\u00fcnk\"},\"image\":{\"@id\":\"https:\\\/\\\/egyuttfejlodunk.hu\\\/#\\\/schema\\\/logo\\\/image\\\/\"}},{\"@type\":\"Person\",\"@id\":\"https:\\\/\\\/egyuttfejlodunk.hu\\\/#\\\/schema\\\/person\\\/74d5e3661b874eed1958599cd4ca7bbd\",\"name\":\"B\u00e1cskai Gabriella\"}]}<\/script>\n<!-- \/ Yoast SEO Premium plugin. -->","yoast_head_json":{"title":"Megv\u00e1ltozott munkak\u00e9pess\u00e9g\u0171 emberek t\u00e1mogat\u00e1sa - Egy\u00fctt fejl\u0151d\u00fcnk","robots":{"index":"noindex","follow":"follow","max-snippet":"max-snippet:-1","max-image-preview":"max-image-preview:large","max-video-preview":"max-video-preview:-1"},"og_locale":"hu_HU","og_type":"article","og_title":"Megv\u00e1ltozott munkak\u00e9pess\u00e9g\u0171 emberek t\u00e1mogat\u00e1sa","og_description":"A Slachta Margit Nemzeti Szoci\u00e1lpolitikai Int\u00e9zet \u00e1ltal a Sz\u00e9chenyi 2020 programban megval\u00f3s\u00edtott projekt megv\u00e1ltozott munkak\u00e9pess\u00e9g\u0171 emberek sz\u00e1m\u00e1ra ny\u00fajtott t\u00e1mogat\u00e1st, seg\u00edti \u0151ket a munkav\u00e1llal\u00e1sra t\u00f6rt\u00e9n\u0151 felk\u00e9sz\u00fcl\u00e9s\u00fckben, emellett folyamatosan b\u0151v\u00fcl\u0151, t\u00f6bbf\u00e9le munkater\u00fcletet lefed\u0151 munkaad\u00f3kkal is ki\u00e9p\u00edtett partneri kapcsolatokat, ezzel biztos\u00edtva elhelyezked\u00e9si lehet\u0151s\u00e9get a munkaer\u0151piacon. Az Eur\u00f3pai Uni\u00f3 \u00e9s a magyar \u00e1llam t\u00e1rsfinansz\u00edroz\u00e1s\u00e1val megval\u00f3sult projekt eredm\u00e9nyek\u00e9nt t\u00f6bb mint 40 helysz\u00ednen, olyan tan\u00e1csad\u00f3i h\u00e1l\u00f3zat j\u00f6tt l\u00e9tre, ahol a megv\u00e1ltozott munkak\u00e9pess\u00e9g\u0171 emberek szem\u00e9lyes tan\u00e1csad\u00e1sban \u00e9s seg\u00edts\u00e9gben r\u00e9szes\u00fcltek a munkav\u00e1llal\u00e1sra t\u00f6rt\u00e9n\u0151...","og_url":"https:\/\/egyuttfejlodunk.hu\/megvaltozott-munkakepessegu-emberek-tamogatasa\/","og_site_name":"Egy\u00fctt fejl\u0151d\u00fcnk","article_published_time":"2024-01-11T07:38:47+00:00","article_modified_time":"2026-09-02T09:31:37+00:00","og_image":[{"width":960,"height":445,"url":"https:\/\/egyuttfejlodunk.hu\/wp-content\/uploads\/2024\/01\/Debrecen_vagott.00_02_29_10.Still001-1.jpg","type":"image\/jpeg"}],"author":"B\u00e1cskai Gabriella","twitter_card":"summary_large_image","twitter_misc":{"Szerz\u0151:":"B\u00e1cskai Gabriella","Becs\u00fclt olvas\u00e1si id\u0151":"2 perc"},"schema":{"@context":"https:\/\/schema.org","@graph":[{"@type":"Article","@id":"https:\/\/egyuttfejlodunk.hu\/megvaltozott-munkakepessegu-emberek-tamogatasa\/#article","isPartOf":{"@id":"https:\/\/egyuttfejlodunk.hu\/megvaltozott-munkakepessegu-emberek-tamogatasa\/"},"author":{"name":"B\u00e1cskai Gabriella","@id":"https:\/\/egyuttfejlodunk.hu\/#\/schema\/person\/74d5e3661b874eed1958599cd4ca7bbd"},"headline":"Megv\u00e1ltozott munkak\u00e9pess\u00e9g\u0171 emberek t\u00e1mogat\u00e1sa","datePublished":"2024-01-11T07:38:47+00:00","dateModified":"2026-09-02T09:31:37+00:00","mainEntityOfPage":{"@id":"https:\/\/egyuttfejlodunk.hu\/megvaltozott-munkakepessegu-emberek-tamogatasa\/"},"wordCount":524,"publisher":{"@id":"https:\/\/egyuttfejlodunk.hu\/#organization"},"image":{"@id":"https:\/\/egyuttfejlodunk.hu\/megvaltozott-munkakepessegu-emberek-tamogatasa\/#primaryimage"},"thumbnailUrl":"https:\/\/egyuttfejlodunk.hu\/wp-content\/uploads\/2024\/01\/Debrecen_vagott.00_02_29_10.Still001-1.jpg","keywords":["es\u00e9lyegyenl\u0151s\u00e9g","es\u00e9lyteremt\u00e9s","foglalkoztat\u00e1s"],"articleSection":["EFOP"],"inLanguage":"hu"},{"@type":"WebPage","@id":"https:\/\/egyuttfejlodunk.hu\/megvaltozott-munkakepessegu-emberek-tamogatasa\/","url":"https:\/\/egyuttfejlodunk.hu\/megvaltozott-munkakepessegu-emberek-tamogatasa\/","name":"Megv\u00e1ltozott munkak\u00e9pess\u00e9g\u0171 emberek t\u00e1mogat\u00e1sa - Egy\u00fctt fejl\u0151d\u00fcnk","isPartOf":{"@id":"https:\/\/egyuttfejlodunk.hu\/#website"},"primaryImageOfPage":{"@id":"https:\/\/egyuttfejlodunk.hu\/megvaltozott-munkakepessegu-emberek-tamogatasa\/#primaryimage"},"image":{"@id":"https:\/\/egyuttfejlodunk.hu\/megvaltozott-munkakepessegu-emberek-tamogatasa\/#primaryimage"},"thumbnailUrl":"https:\/\/egyuttfejlodunk.hu\/wp-content\/uploads\/2024\/01\/Debrecen_vagott.00_02_29_10.Still001-1.jpg","datePublished":"2024-01-11T07:38:47+00:00","dateModified":"2026-09-02T09:31:37+00:00","breadcrumb":{"@id":"https:\/\/egyuttfejlodunk.hu\/megvaltozott-munkakepessegu-emberek-tamogatasa\/#breadcrumb"},"inLanguage":"hu","potentialAction":[{"@type":"ReadAction","target":["https:\/\/egyuttfejlodunk.hu\/megvaltozott-munkakepessegu-emberek-tamogatasa\/"]}]},{"@type":"ImageObject","inLanguage":"hu","@id":"https:\/\/egyuttfejlodunk.hu\/megvaltozott-munkakepessegu-emberek-tamogatasa\/#primaryimage","url":"https:\/\/egyuttfejlodunk.hu\/wp-content\/uploads\/2024\/01\/Debrecen_vagott.00_02_29_10.Still001-1.jpg","contentUrl":"https:\/\/egyuttfejlodunk.hu\/wp-content\/uploads\/2024\/01\/Debrecen_vagott.00_02_29_10.Still001-1.jpg","width":960,"height":445},{"@type":"BreadcrumbList","@id":"https:\/\/egyuttfejlodunk.hu\/megvaltozott-munkakepessegu-emberek-tamogatasa\/#breadcrumb","itemListElement":[{"@type":"ListItem","position":1,"name":"Home","item":"https:\/\/egyuttfejlodunk.hu\/"},{"@type":"ListItem","position":2,"name":"Megv\u00e1ltozott munkak\u00e9pess\u00e9g\u0171 emberek t\u00e1mogat\u00e1sa"}]},{"@type":"WebSite","@id":"https:\/\/egyuttfejlodunk.hu\/#website","url":"https:\/\/egyuttfejlodunk.hu\/","name":"Egy\u00fctt fejl\u0151d\u00fcnk","description":"","publisher":{"@id":"https:\/\/egyuttfejlodunk.hu\/#organization"},"potentialAction":[{"@type":"SearchAction","target":{"@type":"EntryPoint","urlTemplate":"https:\/\/egyuttfejlodunk.hu\/?s={search_term_string}"},"query-input":{"@type":"PropertyValueSpecification","valueRequired":true,"valueName":"search_term_string"}}],"inLanguage":"hu"},{"@type":"Organization","@id":"https:\/\/egyuttfejlodunk.hu\/#organization","name":"Egy\u00fctt fejl\u0151d\u00fcnk","url":"https:\/\/egyuttfejlodunk.hu\/","logo":{"@type":"ImageObject","inLanguage":"hu","@id":"https:\/\/egyuttfejlodunk.hu\/#\/schema\/logo\/image\/","url":"https:\/\/egyuttfejlodunk.hu\/wp-content\/uploads\/2026\/04\/ujlogo.jpg","contentUrl":"https:\/\/egyuttfejlodunk.hu\/wp-content\/uploads\/2026\/04\/ujlogo.jpg","width":350,"height":110,"caption":"Egy\u00fctt fejl\u0151d\u00fcnk"},"image":{"@id":"https:\/\/egyuttfejlodunk.hu\/#\/schema\/logo\/image\/"}},{"@type":"Person","@id":"https:\/\/egyuttfejlodunk.hu\/#\/schema\/person\/74d5e3661b874eed1958599cd4ca7bbd","name":"B\u00e1cskai Gabriella"}]}},"_links":{"self":[{"href":"https:\/\/egyuttfejlodunk.hu\/wp-json\/wp\/v2\/posts\/4395","targetHints":{"allow":["GET"]}}],"collection":[{"href":"https:\/\/egyuttfejlodunk.hu\/wp-json\/wp\/v2\/posts"}],"about":[{"href":"https:\/\/egyuttfejlodunk.hu\/wp-json\/wp\/v2\/types\/post"}],"author":[{"embeddable":true,"href":"https:\/\/egyuttfejlodunk.hu\/wp-json\/wp\/v2\/users\/17"}],"replies":[{"embeddable":true,"href":"https:\/\/egyuttfejlodunk.hu\/wp-json\/wp\/v2\/comments?post=4395"}],"version-history":[{"count":2,"href":"https:\/\/egyuttfejlodunk.hu\/wp-json\/wp\/v2\/posts\/4395\/revisions"}],"predecessor-version":[{"id":4418,"href":"https:\/\/egyuttfejlodunk.hu\/wp-json\/wp\/v2\/posts\/4395\/revisions\/4418"}],"wp:featuredmedia":[{"embeddable":true,"href":"https:\/\/egyuttfejlodunk.hu\/wp-json\/wp\/v2\/media\/4398"}],"wp:attachment":[{"href":"https:\/\/egyuttfejlodunk.hu\/wp-json\/wp\/v2\/media?parent=4395"}],"wp:term":[{"taxonomy":"category","embeddable":true,"href":"https:\/\/egyuttfejlodunk.hu\/wp-json\/wp\/v2\/categories?post=4395"},{"taxonomy":"post_tag","embeddable":true,"href":"https:\/\/egyuttfejlodunk.hu\/wp-json\/wp\/v2\/tags?post=4395"},{"taxonomy":"megye","embeddable":true,"href":"https:\/\/egyuttfejlodunk.hu\/wp-json\/wp\/v2\/megye?post=4395"}],"curies":[{"name":"wp","href":"https:\/\/api.w.org\/{rel}","templated":true}]}}