{"id":4504,"date":"2024-01-18T10:38:03","date_gmt":"2024-01-18T09:38:03","guid":{"rendered":"https:\/\/fejlesztesihirek.hu\/?p=4504"},"modified":"2026-09-02T11:21:30","modified_gmt":"2026-09-02T09:21:30","slug":"fellendul-a-gazdasagi-elet-a-nograd-varmegyei-bercelen","status":"publish","type":"post","link":"https:\/\/egyuttfejlodunk.hu\/fellendul-a-gazdasagi-elet-a-nograd-varmegyei-bercelen\/","title":{"rendered":"Fellend\u00fcl a gazdas\u00e1gi \u00e9let a N\u00f3gr\u00e1d v\u00e1rmegyei Bercelen"},"content":{"rendered":"<p><strong>A Ter\u00fclet- \u00e9s Telep\u00fcl\u00e9sfejleszt\u00e9si Operat\u00edv Program 233,8 milli\u00f3 forint vissza nem t\u00e9r\u00edtend\u0151 t\u00e1mogat\u00e1s\u00e1val val\u00f3sult meg az &#8222;Inkub\u00e1torh\u00e1z Bercelen&#8221; c\u00edm\u0171 projekt. A Sz\u00e9chenyi 2020 program keret\u00e9ben megval\u00f3sult beruh\u00e1z\u00e1s seg\u00edts\u00e9g\u00e9vel a m\u00e1r m\u0171k\u00f6d\u0151 \u00e9s \u00fajonnan indul\u00f3 v\u00e1llalkoz\u00e1sok m\u0171k\u00f6d\u00e9si \u00e9s fejl\u0151d\u00e9si lehet\u0151s\u00e9gei tov\u00e1bb javulhatnak a k\u00f6zs\u00e9gben. <\/strong><\/p>\n<p>A projekt h\u00e1tr\u00e1nyos helyzet\u0171 t\u00e9rs\u00e9gben val\u00f3sult meg, mert N\u00f3gr\u00e1d v\u00e1rmegye az egyik legnagyobb gazdas\u00e1gi neh\u00e9zs\u00e9gekkel k\u00fczd\u0151 r\u00e9gi\u00f3 az orsz\u00e1gban, \u00edgy a gazdas\u00e1gfejleszt\u00e9si projektek kiemelt jelent\u0151s\u00e9g\u0171ek a v\u00e1rmegyei fejleszt\u00e9si c\u00e9lrendszer szerint.<\/p>\n<p>Bercelen hi\u00e1nyzott egyr\u00e9szt az alapvet\u0151 szolg\u00e1ltat\u00e1sokat \u00e9s infrastrukt\u00far\u00e1t kedvezm\u00e9nyes \u00e1ron ny\u00fajt\u00f3 gazdas\u00e1gi szerepl\u0151, m\u00e1sr\u00e9szt a kisebb m\u0171helymunk\u00e1k elv\u00e9gz\u00e9s\u00e9re alkalmas helyis\u00e9g is. Az inkub\u00e1torh\u00e1z l\u00e9trej\u00f6tt\u00e9vel a helyi gazdas\u00e1gi \u00e9let szerepl\u0151i sz\u00e1m\u00e1ra megval\u00f3sult az a megfelel\u0151 infrastrukt\u00fara, mellyel lehet\u0151s\u00e9g ny\u00edlt a k\u00fcl\u00f6nb\u00f6z\u0151 szolg\u00e1ltat\u00e1sok, alapvet\u0151 m\u0171helymunk\u00e1k \u00e9s az inkub\u00e1ci\u00f3 elv\u00e9gz\u00e9sre. A korszer\u0171 technik\u00e1val felszerelt, a 670 m\u00b2 hasznos alapter\u00fclet\u0171 \u00e9p\u00fcletben hozz\u00e1f\u00e9rhet\u0151ek a sz\u00fcks\u00e9ges szakmai szolg\u00e1ltat\u00e1sok (irod\u00e1k, konferenciatermek, m\u0171helyek, komplex informatikai rendszer), amelyek n\u00f6velik a helyi v\u00e1llalkoz\u00e1sok versenyk\u00e9pess\u00e9g\u00e9t, pozit\u00edv hat\u00e1st gyakorolva a lakoss\u00e1g helyi munka- \u00e9s karrier lehet\u0151s\u00e9geire.<\/p>\n<p>A megval\u00f3sult inkub\u00e1torh\u00e1z el\u0151seg\u00edti a v\u00e1llalkoz\u00e1si kedv n\u00f6veked\u00e9s\u00e9t a telep\u00fcl\u00e9sen, valamint a k\u00f6rny\u00e9kbeli falvakban, hiszen az indul\u00e1shoz sz\u00fcks\u00e9ges felt\u00e9telek j\u00f3val kedvez\u0151bb \u00e1ron \u00e1llnak rendelkez\u00e9sre, mint tiszt\u00e1n piaci viszonyok k\u00f6z\u00f6tt.<\/p>\n<p>A program a TOP-1.1.2-16-NG1-2017-00002 projektnek k\u00f6sz\u00f6nhet\u0151en, eur\u00f3pai uni\u00f3s forr\u00e1s bevon\u00e1s\u00e1val val\u00f3sulhatott meg.<\/p>\n<p>Tov\u00e1bbi r\u00e9szletek a t\u00e1mogatott projekt keres\u0151ben:<a class=\"tovabb\" href=\"https:\/\/www.palyazat.gov.hu\/eredmenyek\/tamogatott-projektek\/1477330201\">Tov\u00e1bb<\/a><\/p>\n","protected":false},"excerpt":{"rendered":"<p>A Ter\u00fclet- \u00e9s Telep\u00fcl\u00e9sfejleszt\u00e9si Operat\u00edv Program 233,8 milli\u00f3 forint vissza nem t\u00e9r\u00edtend\u0151 t\u00e1mogat\u00e1s\u00e1val val\u00f3sult meg az &#8222;Inkub\u00e1torh\u00e1z Bercelen&#8221; c\u00edm\u0171 projekt. A Sz\u00e9chenyi 2020 program keret\u00e9ben megval\u00f3sult beruh\u00e1z\u00e1s seg\u00edts\u00e9g\u00e9vel a m\u00e1r m\u0171k\u00f6d\u0151 \u00e9s \u00fajonnan indul\u00f3 v\u00e1llalkoz\u00e1sok m\u0171k\u00f6d\u00e9si \u00e9s fejl\u0151d\u00e9si lehet\u0151s\u00e9gei tov\u00e1bb javulhatnak a k\u00f6zs\u00e9gben. A projekt h\u00e1tr\u00e1nyos helyzet\u0171 t\u00e9rs\u00e9gben val\u00f3sult meg, mert N\u00f3gr\u00e1d v\u00e1rmegye az egyik legnagyobb gazdas\u00e1gi neh\u00e9zs\u00e9gekkel k\u00fczd\u0151 r\u00e9gi\u00f3 az orsz\u00e1gban, \u00edgy a gazdas\u00e1gfejleszt\u00e9si projektek kiemelt jelent\u0151s\u00e9g\u0171ek a v\u00e1rmegyei fejleszt\u00e9si c\u00e9lrendszer szerint. Bercelen hi\u00e1nyzott&#8230;<\/p>\n","protected":false},"author":21,"featured_media":4508,"comment_status":"closed","ping_status":"closed","sticky":false,"template":"","format":"standard","meta":{"_acf_changed":false,"ngg_post_thumbnail":0,"footnotes":""},"categories":[173],"tags":[302,316,489],"megye":[1127],"class_list":["post-4504","post","type-post","status-publish","format-standard","has-post-thumbnail","hentry","category-top-hu","tag-innovacio","tag-telepulesfejlesztes","tag-vallalkozasfejlesztes","megye-nograd-megye"],"acf":[],"yoast_head":"<!-- This site is optimized with the Yoast SEO Premium plugin v28.4 (Yoast SEO v28.4) - https:\/\/yoast.com\/product\/yoast-seo-premium-wordpress\/ -->\n<title>Fellend\u00fcl a gazdas\u00e1gi \u00e9let a N\u00f3gr\u00e1d v\u00e1rmegyei Bercelen - Egy\u00fctt fejl\u0151d\u00fcnk<\/title>\n<meta name=\"robots\" content=\"noindex, follow, max-snippet:-1, max-image-preview:large, max-video-preview:-1\" \/>\n<meta property=\"og:locale\" content=\"hu_HU\" \/>\n<meta property=\"og:type\" content=\"article\" \/>\n<meta property=\"og:title\" content=\"Fellend\u00fcl a gazdas\u00e1gi \u00e9let a N\u00f3gr\u00e1d v\u00e1rmegyei Bercelen\" \/>\n<meta property=\"og:description\" content=\"A Ter\u00fclet- \u00e9s Telep\u00fcl\u00e9sfejleszt\u00e9si Operat\u00edv Program 233,8 milli\u00f3 forint vissza nem t\u00e9r\u00edtend\u0151 t\u00e1mogat\u00e1s\u00e1val val\u00f3sult meg az &#8222;Inkub\u00e1torh\u00e1z Bercelen&#8221; c\u00edm\u0171 projekt. A Sz\u00e9chenyi 2020 program keret\u00e9ben megval\u00f3sult beruh\u00e1z\u00e1s seg\u00edts\u00e9g\u00e9vel a m\u00e1r m\u0171k\u00f6d\u0151 \u00e9s \u00fajonnan indul\u00f3 v\u00e1llalkoz\u00e1sok m\u0171k\u00f6d\u00e9si \u00e9s fejl\u0151d\u00e9si lehet\u0151s\u00e9gei tov\u00e1bb javulhatnak a k\u00f6zs\u00e9gben. A projekt h\u00e1tr\u00e1nyos helyzet\u0171 t\u00e9rs\u00e9gben val\u00f3sult meg, mert N\u00f3gr\u00e1d v\u00e1rmegye az egyik legnagyobb gazdas\u00e1gi neh\u00e9zs\u00e9gekkel k\u00fczd\u0151 r\u00e9gi\u00f3 az orsz\u00e1gban, \u00edgy a gazdas\u00e1gfejleszt\u00e9si projektek kiemelt jelent\u0151s\u00e9g\u0171ek a v\u00e1rmegyei fejleszt\u00e9si c\u00e9lrendszer szerint. Bercelen hi\u00e1nyzott...\" \/>\n<meta property=\"og:url\" content=\"https:\/\/egyuttfejlodunk.hu\/fellendul-a-gazdasagi-elet-a-nograd-varmegyei-bercelen\/\" \/>\n<meta property=\"og:site_name\" content=\"Egy\u00fctt fejl\u0151d\u00fcnk\" \/>\n<meta property=\"article:published_time\" content=\"2024-01-18T09:38:03+00:00\" \/>\n<meta property=\"article:modified_time\" content=\"2026-09-02T09:21:30+00:00\" \/>\n<meta property=\"og:image\" content=\"https:\/\/egyuttfejlodunk.hu\/wp-content\/uploads\/2024\/01\/20211126_134331-1bercel.jpg\" \/>\n\t<meta property=\"og:image:width\" content=\"1359\" \/>\n\t<meta property=\"og:image:height\" content=\"872\" \/>\n\t<meta property=\"og:image:type\" content=\"image\/jpeg\" \/>\n<meta name=\"author\" content=\"egyuttfejlodunk\" \/>\n<meta name=\"twitter:card\" content=\"summary_large_image\" \/>\n<meta name=\"twitter:label1\" content=\"Szerz\u0151:\" \/>\n\t<meta name=\"twitter:data1\" content=\"egyuttfejlodunk\" \/>\n\t<meta name=\"twitter:label2\" content=\"Becs\u00fclt olvas\u00e1si id\u0151\" \/>\n\t<meta name=\"twitter:data2\" content=\"2 perc\" \/>\n<script type=\"application\/ld+json\" class=\"yoast-schema-graph\">{\"@context\":\"https:\\\/\\\/schema.org\",\"@graph\":[{\"@type\":\"Article\",\"@id\":\"https:\\\/\\\/egyuttfejlodunk.hu\\\/fellendul-a-gazdasagi-elet-a-nograd-varmegyei-bercelen\\\/#article\",\"isPartOf\":{\"@id\":\"https:\\\/\\\/egyuttfejlodunk.hu\\\/fellendul-a-gazdasagi-elet-a-nograd-varmegyei-bercelen\\\/\"},\"author\":{\"name\":\"egyuttfejlodunk\",\"@id\":\"https:\\\/\\\/egyuttfejlodunk.hu\\\/#\\\/schema\\\/person\\\/d4a87cbc054b5ea7c80865df8e851819\"},\"headline\":\"Fellend\u00fcl a gazdas\u00e1gi \u00e9let a N\u00f3gr\u00e1d v\u00e1rmegyei Bercelen\",\"datePublished\":\"2024-01-18T09:38:03+00:00\",\"dateModified\":\"2026-09-02T09:21:30+00:00\",\"mainEntityOfPage\":{\"@id\":\"https:\\\/\\\/egyuttfejlodunk.hu\\\/fellendul-a-gazdasagi-elet-a-nograd-varmegyei-bercelen\\\/\"},\"wordCount\":380,\"publisher\":{\"@id\":\"https:\\\/\\\/egyuttfejlodunk.hu\\\/#organization\"},\"image\":{\"@id\":\"https:\\\/\\\/egyuttfejlodunk.hu\\\/fellendul-a-gazdasagi-elet-a-nograd-varmegyei-bercelen\\\/#primaryimage\"},\"thumbnailUrl\":\"https:\\\/\\\/egyuttfejlodunk.hu\\\/wp-content\\\/uploads\\\/2024\\\/01\\\/20211126_134331-1bercel.jpg\",\"keywords\":[\"innov\u00e1ci\u00f3\",\"Telep\u00fcl\u00e9sfejleszt\u00e9s\",\"v\u00e1llalkoz\u00e1sfejleszt\u00e9s\"],\"articleSection\":[\"Top\"],\"inLanguage\":\"hu\"},{\"@type\":\"WebPage\",\"@id\":\"https:\\\/\\\/egyuttfejlodunk.hu\\\/fellendul-a-gazdasagi-elet-a-nograd-varmegyei-bercelen\\\/\",\"url\":\"https:\\\/\\\/egyuttfejlodunk.hu\\\/fellendul-a-gazdasagi-elet-a-nograd-varmegyei-bercelen\\\/\",\"name\":\"Fellend\u00fcl a gazdas\u00e1gi \u00e9let a N\u00f3gr\u00e1d v\u00e1rmegyei Bercelen - Egy\u00fctt fejl\u0151d\u00fcnk\",\"isPartOf\":{\"@id\":\"https:\\\/\\\/egyuttfejlodunk.hu\\\/#website\"},\"primaryImageOfPage\":{\"@id\":\"https:\\\/\\\/egyuttfejlodunk.hu\\\/fellendul-a-gazdasagi-elet-a-nograd-varmegyei-bercelen\\\/#primaryimage\"},\"image\":{\"@id\":\"https:\\\/\\\/egyuttfejlodunk.hu\\\/fellendul-a-gazdasagi-elet-a-nograd-varmegyei-bercelen\\\/#primaryimage\"},\"thumbnailUrl\":\"https:\\\/\\\/egyuttfejlodunk.hu\\\/wp-content\\\/uploads\\\/2024\\\/01\\\/20211126_134331-1bercel.jpg\",\"datePublished\":\"2024-01-18T09:38:03+00:00\",\"dateModified\":\"2026-09-02T09:21:30+00:00\",\"breadcrumb\":{\"@id\":\"https:\\\/\\\/egyuttfejlodunk.hu\\\/fellendul-a-gazdasagi-elet-a-nograd-varmegyei-bercelen\\\/#breadcrumb\"},\"inLanguage\":\"hu\",\"potentialAction\":[{\"@type\":\"ReadAction\",\"target\":[\"https:\\\/\\\/egyuttfejlodunk.hu\\\/fellendul-a-gazdasagi-elet-a-nograd-varmegyei-bercelen\\\/\"]}]},{\"@type\":\"ImageObject\",\"inLanguage\":\"hu\",\"@id\":\"https:\\\/\\\/egyuttfejlodunk.hu\\\/fellendul-a-gazdasagi-elet-a-nograd-varmegyei-bercelen\\\/#primaryimage\",\"url\":\"https:\\\/\\\/egyuttfejlodunk.hu\\\/wp-content\\\/uploads\\\/2024\\\/01\\\/20211126_134331-1bercel.jpg\",\"contentUrl\":\"https:\\\/\\\/egyuttfejlodunk.hu\\\/wp-content\\\/uploads\\\/2024\\\/01\\\/20211126_134331-1bercel.jpg\",\"width\":1359,\"height\":872},{\"@type\":\"BreadcrumbList\",\"@id\":\"https:\\\/\\\/egyuttfejlodunk.hu\\\/fellendul-a-gazdasagi-elet-a-nograd-varmegyei-bercelen\\\/#breadcrumb\",\"itemListElement\":[{\"@type\":\"ListItem\",\"position\":1,\"name\":\"Home\",\"item\":\"https:\\\/\\\/egyuttfejlodunk.hu\\\/\"},{\"@type\":\"ListItem\",\"position\":2,\"name\":\"Fellend\u00fcl a gazdas\u00e1gi \u00e9let a N\u00f3gr\u00e1d v\u00e1rmegyei Bercelen\"}]},{\"@type\":\"WebSite\",\"@id\":\"https:\\\/\\\/egyuttfejlodunk.hu\\\/#website\",\"url\":\"https:\\\/\\\/egyuttfejlodunk.hu\\\/\",\"name\":\"Egy\u00fctt fejl\u0151d\u00fcnk\",\"description\":\"\",\"publisher\":{\"@id\":\"https:\\\/\\\/egyuttfejlodunk.hu\\\/#organization\"},\"potentialAction\":[{\"@type\":\"SearchAction\",\"target\":{\"@type\":\"EntryPoint\",\"urlTemplate\":\"https:\\\/\\\/egyuttfejlodunk.hu\\\/?s={search_term_string}\"},\"query-input\":{\"@type\":\"PropertyValueSpecification\",\"valueRequired\":true,\"valueName\":\"search_term_string\"}}],\"inLanguage\":\"hu\"},{\"@type\":\"Organization\",\"@id\":\"https:\\\/\\\/egyuttfejlodunk.hu\\\/#organization\",\"name\":\"Egy\u00fctt fejl\u0151d\u00fcnk\",\"url\":\"https:\\\/\\\/egyuttfejlodunk.hu\\\/\",\"logo\":{\"@type\":\"ImageObject\",\"inLanguage\":\"hu\",\"@id\":\"https:\\\/\\\/egyuttfejlodunk.hu\\\/#\\\/schema\\\/logo\\\/image\\\/\",\"url\":\"https:\\\/\\\/egyuttfejlodunk.hu\\\/wp-content\\\/uploads\\\/2026\\\/04\\\/ujlogo.jpg\",\"contentUrl\":\"https:\\\/\\\/egyuttfejlodunk.hu\\\/wp-content\\\/uploads\\\/2026\\\/04\\\/ujlogo.jpg\",\"width\":350,\"height\":110,\"caption\":\"Egy\u00fctt fejl\u0151d\u00fcnk\"},\"image\":{\"@id\":\"https:\\\/\\\/egyuttfejlodunk.hu\\\/#\\\/schema\\\/logo\\\/image\\\/\"}},{\"@type\":\"Person\",\"@id\":\"https:\\\/\\\/egyuttfejlodunk.hu\\\/#\\\/schema\\\/person\\\/d4a87cbc054b5ea7c80865df8e851819\",\"name\":\"egyuttfejlodunk\"}]}<\/script>\n<!-- \/ Yoast SEO Premium plugin. -->","yoast_head_json":{"title":"Fellend\u00fcl a gazdas\u00e1gi \u00e9let a N\u00f3gr\u00e1d v\u00e1rmegyei Bercelen - Egy\u00fctt fejl\u0151d\u00fcnk","robots":{"index":"noindex","follow":"follow","max-snippet":"max-snippet:-1","max-image-preview":"max-image-preview:large","max-video-preview":"max-video-preview:-1"},"og_locale":"hu_HU","og_type":"article","og_title":"Fellend\u00fcl a gazdas\u00e1gi \u00e9let a N\u00f3gr\u00e1d v\u00e1rmegyei Bercelen","og_description":"A Ter\u00fclet- \u00e9s Telep\u00fcl\u00e9sfejleszt\u00e9si Operat\u00edv Program 233,8 milli\u00f3 forint vissza nem t\u00e9r\u00edtend\u0151 t\u00e1mogat\u00e1s\u00e1val val\u00f3sult meg az &#8222;Inkub\u00e1torh\u00e1z Bercelen&#8221; c\u00edm\u0171 projekt. A Sz\u00e9chenyi 2020 program keret\u00e9ben megval\u00f3sult beruh\u00e1z\u00e1s seg\u00edts\u00e9g\u00e9vel a m\u00e1r m\u0171k\u00f6d\u0151 \u00e9s \u00fajonnan indul\u00f3 v\u00e1llalkoz\u00e1sok m\u0171k\u00f6d\u00e9si \u00e9s fejl\u0151d\u00e9si lehet\u0151s\u00e9gei tov\u00e1bb javulhatnak a k\u00f6zs\u00e9gben. A projekt h\u00e1tr\u00e1nyos helyzet\u0171 t\u00e9rs\u00e9gben val\u00f3sult meg, mert N\u00f3gr\u00e1d v\u00e1rmegye az egyik legnagyobb gazdas\u00e1gi neh\u00e9zs\u00e9gekkel k\u00fczd\u0151 r\u00e9gi\u00f3 az orsz\u00e1gban, \u00edgy a gazdas\u00e1gfejleszt\u00e9si projektek kiemelt jelent\u0151s\u00e9g\u0171ek a v\u00e1rmegyei fejleszt\u00e9si c\u00e9lrendszer szerint. Bercelen hi\u00e1nyzott...","og_url":"https:\/\/egyuttfejlodunk.hu\/fellendul-a-gazdasagi-elet-a-nograd-varmegyei-bercelen\/","og_site_name":"Egy\u00fctt fejl\u0151d\u00fcnk","article_published_time":"2024-01-18T09:38:03+00:00","article_modified_time":"2026-09-02T09:21:30+00:00","og_image":[{"width":1359,"height":872,"url":"https:\/\/egyuttfejlodunk.hu\/wp-content\/uploads\/2024\/01\/20211126_134331-1bercel.jpg","type":"image\/jpeg"}],"author":"egyuttfejlodunk","twitter_card":"summary_large_image","twitter_misc":{"Szerz\u0151:":"egyuttfejlodunk","Becs\u00fclt olvas\u00e1si id\u0151":"2 perc"},"schema":{"@context":"https:\/\/schema.org","@graph":[{"@type":"Article","@id":"https:\/\/egyuttfejlodunk.hu\/fellendul-a-gazdasagi-elet-a-nograd-varmegyei-bercelen\/#article","isPartOf":{"@id":"https:\/\/egyuttfejlodunk.hu\/fellendul-a-gazdasagi-elet-a-nograd-varmegyei-bercelen\/"},"author":{"name":"egyuttfejlodunk","@id":"https:\/\/egyuttfejlodunk.hu\/#\/schema\/person\/d4a87cbc054b5ea7c80865df8e851819"},"headline":"Fellend\u00fcl a gazdas\u00e1gi \u00e9let a N\u00f3gr\u00e1d v\u00e1rmegyei Bercelen","datePublished":"2024-01-18T09:38:03+00:00","dateModified":"2026-09-02T09:21:30+00:00","mainEntityOfPage":{"@id":"https:\/\/egyuttfejlodunk.hu\/fellendul-a-gazdasagi-elet-a-nograd-varmegyei-bercelen\/"},"wordCount":380,"publisher":{"@id":"https:\/\/egyuttfejlodunk.hu\/#organization"},"image":{"@id":"https:\/\/egyuttfejlodunk.hu\/fellendul-a-gazdasagi-elet-a-nograd-varmegyei-bercelen\/#primaryimage"},"thumbnailUrl":"https:\/\/egyuttfejlodunk.hu\/wp-content\/uploads\/2024\/01\/20211126_134331-1bercel.jpg","keywords":["innov\u00e1ci\u00f3","Telep\u00fcl\u00e9sfejleszt\u00e9s","v\u00e1llalkoz\u00e1sfejleszt\u00e9s"],"articleSection":["Top"],"inLanguage":"hu"},{"@type":"WebPage","@id":"https:\/\/egyuttfejlodunk.hu\/fellendul-a-gazdasagi-elet-a-nograd-varmegyei-bercelen\/","url":"https:\/\/egyuttfejlodunk.hu\/fellendul-a-gazdasagi-elet-a-nograd-varmegyei-bercelen\/","name":"Fellend\u00fcl a gazdas\u00e1gi \u00e9let a N\u00f3gr\u00e1d v\u00e1rmegyei Bercelen - Egy\u00fctt fejl\u0151d\u00fcnk","isPartOf":{"@id":"https:\/\/egyuttfejlodunk.hu\/#website"},"primaryImageOfPage":{"@id":"https:\/\/egyuttfejlodunk.hu\/fellendul-a-gazdasagi-elet-a-nograd-varmegyei-bercelen\/#primaryimage"},"image":{"@id":"https:\/\/egyuttfejlodunk.hu\/fellendul-a-gazdasagi-elet-a-nograd-varmegyei-bercelen\/#primaryimage"},"thumbnailUrl":"https:\/\/egyuttfejlodunk.hu\/wp-content\/uploads\/2024\/01\/20211126_134331-1bercel.jpg","datePublished":"2024-01-18T09:38:03+00:00","dateModified":"2026-09-02T09:21:30+00:00","breadcrumb":{"@id":"https:\/\/egyuttfejlodunk.hu\/fellendul-a-gazdasagi-elet-a-nograd-varmegyei-bercelen\/#breadcrumb"},"inLanguage":"hu","potentialAction":[{"@type":"ReadAction","target":["https:\/\/egyuttfejlodunk.hu\/fellendul-a-gazdasagi-elet-a-nograd-varmegyei-bercelen\/"]}]},{"@type":"ImageObject","inLanguage":"hu","@id":"https:\/\/egyuttfejlodunk.hu\/fellendul-a-gazdasagi-elet-a-nograd-varmegyei-bercelen\/#primaryimage","url":"https:\/\/egyuttfejlodunk.hu\/wp-content\/uploads\/2024\/01\/20211126_134331-1bercel.jpg","contentUrl":"https:\/\/egyuttfejlodunk.hu\/wp-content\/uploads\/2024\/01\/20211126_134331-1bercel.jpg","width":1359,"height":872},{"@type":"BreadcrumbList","@id":"https:\/\/egyuttfejlodunk.hu\/fellendul-a-gazdasagi-elet-a-nograd-varmegyei-bercelen\/#breadcrumb","itemListElement":[{"@type":"ListItem","position":1,"name":"Home","item":"https:\/\/egyuttfejlodunk.hu\/"},{"@type":"ListItem","position":2,"name":"Fellend\u00fcl a gazdas\u00e1gi \u00e9let a N\u00f3gr\u00e1d v\u00e1rmegyei Bercelen"}]},{"@type":"WebSite","@id":"https:\/\/egyuttfejlodunk.hu\/#website","url":"https:\/\/egyuttfejlodunk.hu\/","name":"Egy\u00fctt fejl\u0151d\u00fcnk","description":"","publisher":{"@id":"https:\/\/egyuttfejlodunk.hu\/#organization"},"potentialAction":[{"@type":"SearchAction","target":{"@type":"EntryPoint","urlTemplate":"https:\/\/egyuttfejlodunk.hu\/?s={search_term_string}"},"query-input":{"@type":"PropertyValueSpecification","valueRequired":true,"valueName":"search_term_string"}}],"inLanguage":"hu"},{"@type":"Organization","@id":"https:\/\/egyuttfejlodunk.hu\/#organization","name":"Egy\u00fctt fejl\u0151d\u00fcnk","url":"https:\/\/egyuttfejlodunk.hu\/","logo":{"@type":"ImageObject","inLanguage":"hu","@id":"https:\/\/egyuttfejlodunk.hu\/#\/schema\/logo\/image\/","url":"https:\/\/egyuttfejlodunk.hu\/wp-content\/uploads\/2026\/04\/ujlogo.jpg","contentUrl":"https:\/\/egyuttfejlodunk.hu\/wp-content\/uploads\/2026\/04\/ujlogo.jpg","width":350,"height":110,"caption":"Egy\u00fctt fejl\u0151d\u00fcnk"},"image":{"@id":"https:\/\/egyuttfejlodunk.hu\/#\/schema\/logo\/image\/"}},{"@type":"Person","@id":"https:\/\/egyuttfejlodunk.hu\/#\/schema\/person\/d4a87cbc054b5ea7c80865df8e851819","name":"egyuttfejlodunk"}]}},"_links":{"self":[{"href":"https:\/\/egyuttfejlodunk.hu\/wp-json\/wp\/v2\/posts\/4504","targetHints":{"allow":["GET"]}}],"collection":[{"href":"https:\/\/egyuttfejlodunk.hu\/wp-json\/wp\/v2\/posts"}],"about":[{"href":"https:\/\/egyuttfejlodunk.hu\/wp-json\/wp\/v2\/types\/post"}],"author":[{"embeddable":true,"href":"https:\/\/egyuttfejlodunk.hu\/wp-json\/wp\/v2\/users\/21"}],"replies":[{"embeddable":true,"href":"https:\/\/egyuttfejlodunk.hu\/wp-json\/wp\/v2\/comments?post=4504"}],"version-history":[{"count":2,"href":"https:\/\/egyuttfejlodunk.hu\/wp-json\/wp\/v2\/posts\/4504\/revisions"}],"predecessor-version":[{"id":4509,"href":"https:\/\/egyuttfejlodunk.hu\/wp-json\/wp\/v2\/posts\/4504\/revisions\/4509"}],"wp:featuredmedia":[{"embeddable":true,"href":"https:\/\/egyuttfejlodunk.hu\/wp-json\/wp\/v2\/media\/4508"}],"wp:attachment":[{"href":"https:\/\/egyuttfejlodunk.hu\/wp-json\/wp\/v2\/media?parent=4504"}],"wp:term":[{"taxonomy":"category","embeddable":true,"href":"https:\/\/egyuttfejlodunk.hu\/wp-json\/wp\/v2\/categories?post=4504"},{"taxonomy":"post_tag","embeddable":true,"href":"https:\/\/egyuttfejlodunk.hu\/wp-json\/wp\/v2\/tags?post=4504"},{"taxonomy":"megye","embeddable":true,"href":"https:\/\/egyuttfejlodunk.hu\/wp-json\/wp\/v2\/megye?post=4504"}],"curies":[{"name":"wp","href":"https:\/\/api.w.org\/{rel}","templated":true}]}}