{"id":4793,"date":"2024-03-04T09:12:32","date_gmt":"2024-03-04T08:12:32","guid":{"rendered":"https:\/\/fejlesztesihirek.hu\/?p=4793"},"modified":"2026-09-02T09:32:56","modified_gmt":"2026-09-02T07:32:56","slug":"jelentos-fejlesztesek-valosultak-meg-a-keleti-palyaudvar-teruleten","status":"publish","type":"post","link":"https:\/\/egyuttfejlodunk.hu\/?p=4793","title":{"rendered":"Jelent\u0151s fejleszt\u00e9sek val\u00f3sultak meg a Keleti p\u00e1lyaudvar ter\u00fclet\u00e9n"},"content":{"rendered":"<p><strong>Az Integr\u00e1lt K\u00f6zleked\u00e9sfejleszt\u00e9si Operat\u00edv Program (IKOP) t\u00e1mogat\u00e1s\u00e1val 2023. m\u00e1jus 1-j\u00e9t\u0151l van lehet\u0151s\u00e9g a Keleti p\u00e1lyaudvaron az utaz\u00e1ssal kapcsolatos teljesk\u00f6r\u0171 \u00fcgyint\u00e9z\u00e9s\u00e9re a metr\u00f3alulj\u00e1r\u00f3 fel\u0151l k\u00f6zvetlen\u00fcl megk\u00f6zel\u00edthet\u0151 Utascentrumban. A fejleszt\u00e9snek k\u00f6sz\u00f6nhet\u0151en a M\u00c1V-START els\u0151 teljesen komplex utaskiszolg\u00e1l\u00f3 tere j\u00f6tt l\u00e9tre az \u00e9ves szinten m\u00e1r t\u00f6bb mint 12,2 milli\u00f3 utaz\u00e1st lebonyol\u00edt\u00f3 Keleti p\u00e1lyaudvaron.<\/strong><\/p>\n<p>A <em>Budapest Keleti \u00e9s Budapest Nyugati p\u00e1lyaudvar utasforgalmi fejleszt\u00e9se<\/em> c\u00edm\u0171 projekt keret\u00e9ben, a Keleti p\u00e1lyaudvar 285 n\u00e9gyzetm\u00e9teres \u00fcgyf\u00e9lfogad\u00f3 ter\u00fclet\u00e9n 11 p\u00e9nzt\u00e1rt \u2013 k\u00f6zt\u00fck egy akad\u00e1lymentes\u00edtett \u2013 \u00e9s egy korszer\u0171 \u00fcgyf\u00e9lh\u00edv\u00f3 rendszert alak\u00edtottak ki melynek seg\u00edts\u00e9g\u00e9vel hat\u00e9konyabban tudj\u00e1k kiszolg\u00e1lni az utasokat \u00e9s cs\u00f6kkent a jegyv\u00e1lt\u00e1si id\u0151. Az integr\u00e1lt rendszernek k\u00f6sz\u00f6nhet\u0151en nemcsak belf\u00f6ldi menetjegyet \u00e9s b\u00e9rletet, de a nemzetk\u00f6zi utaz\u00e1sokra sz\u00f3l\u00f3 vonatjegyeket is meg lehet v\u00e1s\u00e1rolni, emellett az utasok az egy\u00e9ni vagy csoportos utaz\u00e1sokkal kapcsolatos \u00fcgyeket int\u00e9zhetik, valamint ig\u00e9nybe vehetik az \u00fcgyf\u00e9lszolg\u00e1latot. A kiszolg\u00e1l\u00f3t\u00e9rben utast\u00e1j\u00e9koztat\u00e1si kijelz\u0151k seg\u00edtik az utasokat \u00e9s a v\u00e1rakoz\u00f3kat, jelezve a vonatindul\u00e1sokat \u00e9s a tov\u00e1bbi hasznos menetrendi inform\u00e1ci\u00f3kat.<\/p>\n<p>A bels\u0151 t\u00e9r mellett az Utascentrum \u00e9s a Keleti p\u00e1lyaudvar csarnoka k\u00f6z\u00f6tt is figyelmet ford\u00edtottak az akad\u00e1lymentes\u00edt\u00e9sre. A v\u00e1g\u00e1nycsarnokba vezet\u0151, fel\u00faj\u00edtott f\u0151l\u00e9pcs\u0151 k\u00e9t oldal\u00e1n k\u00e9t mozg\u00f3l\u00e9pcs\u0151t \u00e9p\u00edtettek ki \u00e9s kialak\u00edtottak k\u00e9t liftet is. Az \u00e1tutaz\u00f3k, illetve a turist\u00e1k sz\u00e1m\u00e1ra 111 k\u00fcl\u00f6nb\u00f6z\u0151 m\u00e9ret\u0171 rekeszb\u0151l \u00e1ll\u00f3 csomagmeg\u0151rz\u0151t helyeztek el a jegyp\u00e9nzt\u00e1rakon k\u00edv\u00fcli ter\u00fcleten. A gyorsabb jegyv\u00e1s\u00e1rl\u00e1st a meg\u00fajult p\u00e9nzt\u00e1ron fel\u00fcl 15 \u00faj jegykiad\u00f3 automat\u00e1t is seg\u00edti, \u00edgy \u00f6sszesen m\u00e1r 26 automata \u00fczemel a p\u00e1lyaudvaron.<\/p>\n<p>A vas\u00fatt\u00e1rsas\u00e1g szakemberei \u00e1ltal tervezett \u00e9s saj\u00e1t beruh\u00e1z\u00e1sban \u00e1t\u00e9p\u00edtett, \u00f6sszesen t\u00f6bb mint 1540 n\u00e9gyzetm\u00e9teres szolg\u00e1ltat\u00f3i ter\u00fclet kivitelez\u00e9se a teljes utaz\u00e1si \u00e9lm\u00e9nyt jav\u00edtja a region\u00e1lis \u00e9s eur\u00f3pai k\u00f6zleked\u00e9si h\u00e1l\u00f3zatban egyar\u00e1nt kulcsfontoss\u00e1g\u00fa szerepet j\u00e1tsz\u00f3 Keleti p\u00e1lyaudvaron.<\/p>\nngg_shortcode_0_placeholder\n<p>A program az IKOP-2.1.0-15-2017-00041 projekt keret\u00e9ben, eur\u00f3pai uni\u00f3s forr\u00e1s bevon\u00e1s\u00e1val val\u00f3sulhatott meg.<\/p>\n<p>Tov\u00e1bbi r\u00e9szletek a t\u00e1mogatott projekt keres\u0151ben:<a class=\"tovabb\" href=\"https:\/\/www.palyazat.gov.hu\/eredmenyek\/tamogatott-projektek\/1661390201\">Tov\u00e1bb<\/a><\/p>\n","protected":false},"excerpt":{"rendered":"<p>Az Integr\u00e1lt K\u00f6zleked\u00e9sfejleszt\u00e9si Operat\u00edv Program (IKOP) t\u00e1mogat\u00e1s\u00e1val 2023. m\u00e1jus 1-j\u00e9t\u0151l van lehet\u0151s\u00e9g a Keleti p\u00e1lyaudvaron az utaz\u00e1ssal kapcsolatos teljesk\u00f6r\u0171 \u00fcgyint\u00e9z\u00e9s\u00e9re a metr\u00f3alulj\u00e1r\u00f3 fel\u0151l k\u00f6zvetlen\u00fcl megk\u00f6zel\u00edthet\u0151 Utascentrumban. A fejleszt\u00e9snek k\u00f6sz\u00f6nhet\u0151en a M\u00c1V-START els\u0151 teljesen komplex utaskiszolg\u00e1l\u00f3 tere j\u00f6tt l\u00e9tre az \u00e9ves szinten m\u00e1r t\u00f6bb mint 12,2 milli\u00f3 utaz\u00e1st lebonyol\u00edt\u00f3 Keleti p\u00e1lyaudvaron. A Budapest Keleti \u00e9s Budapest Nyugati p\u00e1lyaudvar utasforgalmi fejleszt\u00e9se c\u00edm\u0171 projekt keret\u00e9ben, a Keleti p\u00e1lyaudvar 285 n\u00e9gyzetm\u00e9teres \u00fcgyf\u00e9lfogad\u00f3 ter\u00fclet\u00e9n 11 p\u00e9nzt\u00e1rt \u2013 k\u00f6zt\u00fck egy akad\u00e1lymentes\u00edtett&#8230;<\/p>\n","protected":false},"author":17,"featured_media":4795,"comment_status":"closed","ping_status":"closed","sticky":false,"template":"","format":"gallery","meta":{"_acf_changed":false,"ngg_post_thumbnail":0,"footnotes":""},"categories":[159],"tags":[433,417],"megye":[1120],"class_list":["post-4793","post","type-post","status-publish","format-gallery","has-post-thumbnail","hentry","category-ikop-hu","tag-infrastrukturalis-fejlesztes","tag-kozlekedesfejlesztes","post_format-post-format-gallery","megye-budapest"],"acf":[],"yoast_head":"<!-- This site is optimized with the Yoast SEO Premium plugin v28.4 (Yoast SEO v28.4) - https:\/\/yoast.com\/product\/yoast-seo-premium-wordpress\/ -->\n<title>Jelent\u0151s fejleszt\u00e9sek val\u00f3sultak meg a Keleti p\u00e1lyaudvar ter\u00fclet\u00e9n - Egy\u00fctt fejl\u0151d\u00fcnk<\/title>\n<meta name=\"robots\" content=\"noindex, follow, max-snippet:-1, max-image-preview:large, max-video-preview:-1\" \/>\n<meta property=\"og:locale\" content=\"hu_HU\" \/>\n<meta property=\"og:type\" content=\"article\" \/>\n<meta property=\"og:title\" content=\"Jelent\u0151s fejleszt\u00e9sek val\u00f3sultak meg a Keleti p\u00e1lyaudvar ter\u00fclet\u00e9n\" \/>\n<meta property=\"og:description\" content=\"Az Integr\u00e1lt K\u00f6zleked\u00e9sfejleszt\u00e9si Operat\u00edv Program (IKOP) t\u00e1mogat\u00e1s\u00e1val 2023. m\u00e1jus 1-j\u00e9t\u0151l van lehet\u0151s\u00e9g a Keleti p\u00e1lyaudvaron az utaz\u00e1ssal kapcsolatos teljesk\u00f6r\u0171 \u00fcgyint\u00e9z\u00e9s\u00e9re a metr\u00f3alulj\u00e1r\u00f3 fel\u0151l k\u00f6zvetlen\u00fcl megk\u00f6zel\u00edthet\u0151 Utascentrumban. A fejleszt\u00e9snek k\u00f6sz\u00f6nhet\u0151en a M\u00c1V-START els\u0151 teljesen komplex utaskiszolg\u00e1l\u00f3 tere j\u00f6tt l\u00e9tre az \u00e9ves szinten m\u00e1r t\u00f6bb mint 12,2 milli\u00f3 utaz\u00e1st lebonyol\u00edt\u00f3 Keleti p\u00e1lyaudvaron. A Budapest Keleti \u00e9s Budapest Nyugati p\u00e1lyaudvar utasforgalmi fejleszt\u00e9se c\u00edm\u0171 projekt keret\u00e9ben, a Keleti p\u00e1lyaudvar 285 n\u00e9gyzetm\u00e9teres \u00fcgyf\u00e9lfogad\u00f3 ter\u00fclet\u00e9n 11 p\u00e9nzt\u00e1rt \u2013 k\u00f6zt\u00fck egy akad\u00e1lymentes\u00edtett...\" \/>\n<meta property=\"og:url\" content=\"https:\/\/egyuttfejlodunk.hu\/?p=4793\" \/>\n<meta property=\"og:site_name\" content=\"Egy\u00fctt fejl\u0151d\u00fcnk\" \/>\n<meta property=\"article:published_time\" content=\"2024-03-04T08:12:32+00:00\" \/>\n<meta property=\"article:modified_time\" content=\"2026-09-02T07:32:56+00:00\" \/>\n<meta property=\"og:image\" content=\"https:\/\/egyuttfejlodunk.hu\/wp-content\/uploads\/2024\/02\/budapest-1319493m.jpg\" \/>\n\t<meta property=\"og:image:width\" content=\"1920\" \/>\n\t<meta property=\"og:image:height\" content=\"808\" \/>\n\t<meta property=\"og:image:type\" content=\"image\/jpeg\" \/>\n<meta name=\"author\" content=\"B\u00e1cskai Gabriella\" \/>\n<meta name=\"twitter:card\" content=\"summary_large_image\" \/>\n<meta name=\"twitter:label1\" content=\"Szerz\u0151:\" \/>\n\t<meta name=\"twitter:data1\" content=\"B\u00e1cskai Gabriella\" \/>\n\t<meta name=\"twitter:label2\" content=\"Becs\u00fclt olvas\u00e1si id\u0151\" \/>\n\t<meta name=\"twitter:data2\" content=\"2 perc\" \/>\n<script type=\"application\/ld+json\" class=\"yoast-schema-graph\">{\"@context\":\"https:\\\/\\\/schema.org\",\"@graph\":[{\"@type\":\"Article\",\"@id\":\"https:\\\/\\\/egyuttfejlodunk.hu\\\/?p=4793#article\",\"isPartOf\":{\"@id\":\"https:\\\/\\\/egyuttfejlodunk.hu\\\/?p=4793\"},\"author\":{\"name\":\"B\u00e1cskai Gabriella\",\"@id\":\"https:\\\/\\\/egyuttfejlodunk.hu\\\/#\\\/schema\\\/person\\\/74d5e3661b874eed1958599cd4ca7bbd\"},\"headline\":\"Jelent\u0151s fejleszt\u00e9sek val\u00f3sultak meg a Keleti p\u00e1lyaudvar ter\u00fclet\u00e9n\",\"datePublished\":\"2024-03-04T08:12:32+00:00\",\"dateModified\":\"2026-09-02T07:32:56+00:00\",\"mainEntityOfPage\":{\"@id\":\"https:\\\/\\\/egyuttfejlodunk.hu\\\/?p=4793\"},\"wordCount\":477,\"publisher\":{\"@id\":\"https:\\\/\\\/egyuttfejlodunk.hu\\\/#organization\"},\"image\":{\"@id\":\"https:\\\/\\\/egyuttfejlodunk.hu\\\/?p=4793#primaryimage\"},\"thumbnailUrl\":\"https:\\\/\\\/egyuttfejlodunk.hu\\\/wp-content\\\/uploads\\\/2024\\\/02\\\/budapest-1319493m.jpg\",\"keywords\":[\"infrastruktur\u00e1lis fejleszt\u00e9s\",\"k\u00f6zleked\u00e9sfejleszt\u00e9s\"],\"articleSection\":[\"Ikop\"],\"inLanguage\":\"hu\"},{\"@type\":\"WebPage\",\"@id\":\"https:\\\/\\\/egyuttfejlodunk.hu\\\/?p=4793\",\"url\":\"https:\\\/\\\/egyuttfejlodunk.hu\\\/?p=4793\",\"name\":\"Jelent\u0151s fejleszt\u00e9sek val\u00f3sultak meg a Keleti p\u00e1lyaudvar ter\u00fclet\u00e9n - Egy\u00fctt fejl\u0151d\u00fcnk\",\"isPartOf\":{\"@id\":\"https:\\\/\\\/egyuttfejlodunk.hu\\\/#website\"},\"primaryImageOfPage\":{\"@id\":\"https:\\\/\\\/egyuttfejlodunk.hu\\\/?p=4793#primaryimage\"},\"image\":{\"@id\":\"https:\\\/\\\/egyuttfejlodunk.hu\\\/?p=4793#primaryimage\"},\"thumbnailUrl\":\"https:\\\/\\\/egyuttfejlodunk.hu\\\/wp-content\\\/uploads\\\/2024\\\/02\\\/budapest-1319493m.jpg\",\"datePublished\":\"2024-03-04T08:12:32+00:00\",\"dateModified\":\"2026-09-02T07:32:56+00:00\",\"breadcrumb\":{\"@id\":\"https:\\\/\\\/egyuttfejlodunk.hu\\\/?p=4793#breadcrumb\"},\"inLanguage\":\"hu\",\"potentialAction\":[{\"@type\":\"ReadAction\",\"target\":[\"https:\\\/\\\/egyuttfejlodunk.hu\\\/?p=4793\"]}]},{\"@type\":\"ImageObject\",\"inLanguage\":\"hu\",\"@id\":\"https:\\\/\\\/egyuttfejlodunk.hu\\\/?p=4793#primaryimage\",\"url\":\"https:\\\/\\\/egyuttfejlodunk.hu\\\/wp-content\\\/uploads\\\/2024\\\/02\\\/budapest-1319493m.jpg\",\"contentUrl\":\"https:\\\/\\\/egyuttfejlodunk.hu\\\/wp-content\\\/uploads\\\/2024\\\/02\\\/budapest-1319493m.jpg\",\"width\":1920,\"height\":808},{\"@type\":\"BreadcrumbList\",\"@id\":\"https:\\\/\\\/egyuttfejlodunk.hu\\\/?p=4793#breadcrumb\",\"itemListElement\":[{\"@type\":\"ListItem\",\"position\":1,\"name\":\"Home\",\"item\":\"https:\\\/\\\/egyuttfejlodunk.hu\\\/\"},{\"@type\":\"ListItem\",\"position\":2,\"name\":\"Jelent\u0151s fejleszt\u00e9sek val\u00f3sultak meg a Keleti p\u00e1lyaudvar ter\u00fclet\u00e9n\"}]},{\"@type\":\"WebSite\",\"@id\":\"https:\\\/\\\/egyuttfejlodunk.hu\\\/#website\",\"url\":\"https:\\\/\\\/egyuttfejlodunk.hu\\\/\",\"name\":\"Egy\u00fctt fejl\u0151d\u00fcnk\",\"description\":\"\",\"publisher\":{\"@id\":\"https:\\\/\\\/egyuttfejlodunk.hu\\\/#organization\"},\"potentialAction\":[{\"@type\":\"SearchAction\",\"target\":{\"@type\":\"EntryPoint\",\"urlTemplate\":\"https:\\\/\\\/egyuttfejlodunk.hu\\\/?s={search_term_string}\"},\"query-input\":{\"@type\":\"PropertyValueSpecification\",\"valueRequired\":true,\"valueName\":\"search_term_string\"}}],\"inLanguage\":\"hu\"},{\"@type\":\"Organization\",\"@id\":\"https:\\\/\\\/egyuttfejlodunk.hu\\\/#organization\",\"name\":\"Egy\u00fctt fejl\u0151d\u00fcnk\",\"url\":\"https:\\\/\\\/egyuttfejlodunk.hu\\\/\",\"logo\":{\"@type\":\"ImageObject\",\"inLanguage\":\"hu\",\"@id\":\"https:\\\/\\\/egyuttfejlodunk.hu\\\/#\\\/schema\\\/logo\\\/image\\\/\",\"url\":\"https:\\\/\\\/egyuttfejlodunk.hu\\\/wp-content\\\/uploads\\\/2026\\\/04\\\/ujlogo.jpg\",\"contentUrl\":\"https:\\\/\\\/egyuttfejlodunk.hu\\\/wp-content\\\/uploads\\\/2026\\\/04\\\/ujlogo.jpg\",\"width\":350,\"height\":110,\"caption\":\"Egy\u00fctt fejl\u0151d\u00fcnk\"},\"image\":{\"@id\":\"https:\\\/\\\/egyuttfejlodunk.hu\\\/#\\\/schema\\\/logo\\\/image\\\/\"}},{\"@type\":\"Person\",\"@id\":\"https:\\\/\\\/egyuttfejlodunk.hu\\\/#\\\/schema\\\/person\\\/74d5e3661b874eed1958599cd4ca7bbd\",\"name\":\"B\u00e1cskai Gabriella\"}]}<\/script>\n<!-- \/ Yoast SEO Premium plugin. -->","yoast_head_json":{"title":"Jelent\u0151s fejleszt\u00e9sek val\u00f3sultak meg a Keleti p\u00e1lyaudvar ter\u00fclet\u00e9n - Egy\u00fctt fejl\u0151d\u00fcnk","robots":{"index":"noindex","follow":"follow","max-snippet":"max-snippet:-1","max-image-preview":"max-image-preview:large","max-video-preview":"max-video-preview:-1"},"og_locale":"hu_HU","og_type":"article","og_title":"Jelent\u0151s fejleszt\u00e9sek val\u00f3sultak meg a Keleti p\u00e1lyaudvar ter\u00fclet\u00e9n","og_description":"Az Integr\u00e1lt K\u00f6zleked\u00e9sfejleszt\u00e9si Operat\u00edv Program (IKOP) t\u00e1mogat\u00e1s\u00e1val 2023. m\u00e1jus 1-j\u00e9t\u0151l van lehet\u0151s\u00e9g a Keleti p\u00e1lyaudvaron az utaz\u00e1ssal kapcsolatos teljesk\u00f6r\u0171 \u00fcgyint\u00e9z\u00e9s\u00e9re a metr\u00f3alulj\u00e1r\u00f3 fel\u0151l k\u00f6zvetlen\u00fcl megk\u00f6zel\u00edthet\u0151 Utascentrumban. A fejleszt\u00e9snek k\u00f6sz\u00f6nhet\u0151en a M\u00c1V-START els\u0151 teljesen komplex utaskiszolg\u00e1l\u00f3 tere j\u00f6tt l\u00e9tre az \u00e9ves szinten m\u00e1r t\u00f6bb mint 12,2 milli\u00f3 utaz\u00e1st lebonyol\u00edt\u00f3 Keleti p\u00e1lyaudvaron. A Budapest Keleti \u00e9s Budapest Nyugati p\u00e1lyaudvar utasforgalmi fejleszt\u00e9se c\u00edm\u0171 projekt keret\u00e9ben, a Keleti p\u00e1lyaudvar 285 n\u00e9gyzetm\u00e9teres \u00fcgyf\u00e9lfogad\u00f3 ter\u00fclet\u00e9n 11 p\u00e9nzt\u00e1rt \u2013 k\u00f6zt\u00fck egy akad\u00e1lymentes\u00edtett...","og_url":"https:\/\/egyuttfejlodunk.hu\/?p=4793","og_site_name":"Egy\u00fctt fejl\u0151d\u00fcnk","article_published_time":"2024-03-04T08:12:32+00:00","article_modified_time":"2026-09-02T07:32:56+00:00","og_image":[{"width":1920,"height":808,"url":"https:\/\/egyuttfejlodunk.hu\/wp-content\/uploads\/2024\/02\/budapest-1319493m.jpg","type":"image\/jpeg"}],"author":"B\u00e1cskai Gabriella","twitter_card":"summary_large_image","twitter_misc":{"Szerz\u0151:":"B\u00e1cskai Gabriella","Becs\u00fclt olvas\u00e1si id\u0151":"2 perc"},"schema":{"@context":"https:\/\/schema.org","@graph":[{"@type":"Article","@id":"https:\/\/egyuttfejlodunk.hu\/?p=4793#article","isPartOf":{"@id":"https:\/\/egyuttfejlodunk.hu\/?p=4793"},"author":{"name":"B\u00e1cskai Gabriella","@id":"https:\/\/egyuttfejlodunk.hu\/#\/schema\/person\/74d5e3661b874eed1958599cd4ca7bbd"},"headline":"Jelent\u0151s fejleszt\u00e9sek val\u00f3sultak meg a Keleti p\u00e1lyaudvar ter\u00fclet\u00e9n","datePublished":"2024-03-04T08:12:32+00:00","dateModified":"2026-09-02T07:32:56+00:00","mainEntityOfPage":{"@id":"https:\/\/egyuttfejlodunk.hu\/?p=4793"},"wordCount":477,"publisher":{"@id":"https:\/\/egyuttfejlodunk.hu\/#organization"},"image":{"@id":"https:\/\/egyuttfejlodunk.hu\/?p=4793#primaryimage"},"thumbnailUrl":"https:\/\/egyuttfejlodunk.hu\/wp-content\/uploads\/2024\/02\/budapest-1319493m.jpg","keywords":["infrastruktur\u00e1lis fejleszt\u00e9s","k\u00f6zleked\u00e9sfejleszt\u00e9s"],"articleSection":["Ikop"],"inLanguage":"hu"},{"@type":"WebPage","@id":"https:\/\/egyuttfejlodunk.hu\/?p=4793","url":"https:\/\/egyuttfejlodunk.hu\/?p=4793","name":"Jelent\u0151s fejleszt\u00e9sek val\u00f3sultak meg a Keleti p\u00e1lyaudvar ter\u00fclet\u00e9n - Egy\u00fctt fejl\u0151d\u00fcnk","isPartOf":{"@id":"https:\/\/egyuttfejlodunk.hu\/#website"},"primaryImageOfPage":{"@id":"https:\/\/egyuttfejlodunk.hu\/?p=4793#primaryimage"},"image":{"@id":"https:\/\/egyuttfejlodunk.hu\/?p=4793#primaryimage"},"thumbnailUrl":"https:\/\/egyuttfejlodunk.hu\/wp-content\/uploads\/2024\/02\/budapest-1319493m.jpg","datePublished":"2024-03-04T08:12:32+00:00","dateModified":"2026-09-02T07:32:56+00:00","breadcrumb":{"@id":"https:\/\/egyuttfejlodunk.hu\/?p=4793#breadcrumb"},"inLanguage":"hu","potentialAction":[{"@type":"ReadAction","target":["https:\/\/egyuttfejlodunk.hu\/?p=4793"]}]},{"@type":"ImageObject","inLanguage":"hu","@id":"https:\/\/egyuttfejlodunk.hu\/?p=4793#primaryimage","url":"https:\/\/egyuttfejlodunk.hu\/wp-content\/uploads\/2024\/02\/budapest-1319493m.jpg","contentUrl":"https:\/\/egyuttfejlodunk.hu\/wp-content\/uploads\/2024\/02\/budapest-1319493m.jpg","width":1920,"height":808},{"@type":"BreadcrumbList","@id":"https:\/\/egyuttfejlodunk.hu\/?p=4793#breadcrumb","itemListElement":[{"@type":"ListItem","position":1,"name":"Home","item":"https:\/\/egyuttfejlodunk.hu\/"},{"@type":"ListItem","position":2,"name":"Jelent\u0151s fejleszt\u00e9sek val\u00f3sultak meg a Keleti p\u00e1lyaudvar ter\u00fclet\u00e9n"}]},{"@type":"WebSite","@id":"https:\/\/egyuttfejlodunk.hu\/#website","url":"https:\/\/egyuttfejlodunk.hu\/","name":"Egy\u00fctt fejl\u0151d\u00fcnk","description":"","publisher":{"@id":"https:\/\/egyuttfejlodunk.hu\/#organization"},"potentialAction":[{"@type":"SearchAction","target":{"@type":"EntryPoint","urlTemplate":"https:\/\/egyuttfejlodunk.hu\/?s={search_term_string}"},"query-input":{"@type":"PropertyValueSpecification","valueRequired":true,"valueName":"search_term_string"}}],"inLanguage":"hu"},{"@type":"Organization","@id":"https:\/\/egyuttfejlodunk.hu\/#organization","name":"Egy\u00fctt fejl\u0151d\u00fcnk","url":"https:\/\/egyuttfejlodunk.hu\/","logo":{"@type":"ImageObject","inLanguage":"hu","@id":"https:\/\/egyuttfejlodunk.hu\/#\/schema\/logo\/image\/","url":"https:\/\/egyuttfejlodunk.hu\/wp-content\/uploads\/2026\/04\/ujlogo.jpg","contentUrl":"https:\/\/egyuttfejlodunk.hu\/wp-content\/uploads\/2026\/04\/ujlogo.jpg","width":350,"height":110,"caption":"Egy\u00fctt fejl\u0151d\u00fcnk"},"image":{"@id":"https:\/\/egyuttfejlodunk.hu\/#\/schema\/logo\/image\/"}},{"@type":"Person","@id":"https:\/\/egyuttfejlodunk.hu\/#\/schema\/person\/74d5e3661b874eed1958599cd4ca7bbd","name":"B\u00e1cskai Gabriella"}]}},"_links":{"self":[{"href":"https:\/\/egyuttfejlodunk.hu\/index.php?rest_route=\/wp\/v2\/posts\/4793","targetHints":{"allow":["GET"]}}],"collection":[{"href":"https:\/\/egyuttfejlodunk.hu\/index.php?rest_route=\/wp\/v2\/posts"}],"about":[{"href":"https:\/\/egyuttfejlodunk.hu\/index.php?rest_route=\/wp\/v2\/types\/post"}],"author":[{"embeddable":true,"href":"https:\/\/egyuttfejlodunk.hu\/index.php?rest_route=\/wp\/v2\/users\/17"}],"replies":[{"embeddable":true,"href":"https:\/\/egyuttfejlodunk.hu\/index.php?rest_route=%2Fwp%2Fv2%2Fcomments&post=4793"}],"version-history":[{"count":2,"href":"https:\/\/egyuttfejlodunk.hu\/index.php?rest_route=\/wp\/v2\/posts\/4793\/revisions"}],"predecessor-version":[{"id":4807,"href":"https:\/\/egyuttfejlodunk.hu\/index.php?rest_route=\/wp\/v2\/posts\/4793\/revisions\/4807"}],"wp:featuredmedia":[{"embeddable":true,"href":"https:\/\/egyuttfejlodunk.hu\/index.php?rest_route=\/wp\/v2\/media\/4795"}],"wp:attachment":[{"href":"https:\/\/egyuttfejlodunk.hu\/index.php?rest_route=%2Fwp%2Fv2%2Fmedia&parent=4793"}],"wp:term":[{"taxonomy":"category","embeddable":true,"href":"https:\/\/egyuttfejlodunk.hu\/index.php?rest_route=%2Fwp%2Fv2%2Fcategories&post=4793"},{"taxonomy":"post_tag","embeddable":true,"href":"https:\/\/egyuttfejlodunk.hu\/index.php?rest_route=%2Fwp%2Fv2%2Ftags&post=4793"},{"taxonomy":"megye","embeddable":true,"href":"https:\/\/egyuttfejlodunk.hu\/index.php?rest_route=%2Fwp%2Fv2%2Fmegye&post=4793"}],"curies":[{"name":"wp","href":"https:\/\/api.w.org\/{rel}","templated":true}]}}