{"id":5039,"date":"2024-04-08T10:38:53","date_gmt":"2024-04-08T08:38:53","guid":{"rendered":"https:\/\/fejlesztesihirek.hu\/?p=5039"},"modified":"2026-09-01T16:37:59","modified_gmt":"2026-09-01T14:37:59","slug":"uj-lehetosegek-moron-a-szabadteri-kikapcsolodasra-es-a-kozossegepitesre","status":"publish","type":"post","link":"https:\/\/egyuttfejlodunk.hu\/uj-lehetosegek-moron-a-szabadteri-kikapcsolodasra-es-a-kozossegepitesre\/","title":{"rendered":"\u00daj lehet\u0151s\u00e9gek M\u00f3ron a szabadt\u00e9ri kikapcsol\u00f3d\u00e1sra \u00e9s a k\u00f6z\u00f6ss\u00e9g\u00e9p\u00edt\u00e9sre"},"content":{"rendered":"<p><strong>\u00daj funkci\u00f3val b\u0151v\u00fclt a m\u00f3ri Wekerle S\u00e1ndor Szabadid\u0151k\u00f6zpont az uni\u00f3s t\u00e1mogat\u00e1ssal meg\u00e9p\u00fclt BMX- \u00e9s g\u00f6rkorcsolya p\u00e1ly\u00e1nak k\u00f6sz\u00f6nhet\u0151en. A szabadt\u00e9ren tartott programok sz\u00e1m\u00e1nak emelked\u00e9se el\u0151seg\u00edti, hogy a helyi fiatalok gyakrabban mozduljanak ki otthonr\u00f3l, akt\u00edvabb \u00e9s eg\u00e9szs\u00e9gesebb \u00e9letet \u00e9ljenek.&nbsp;<\/strong><\/p>\n<p>A szabadid\u0151k\u00f6zpont eddig is sz\u00e1mos sportrendezv\u00e9ny \u00e9s kultur\u00e1lis esem\u00e9ny helysz\u00edn\u00e9\u00fcl szolg\u00e1lt. A j\u00e1t\u00e9kcsarnokban hiteles\u00edtett k\u00e9zilabdap\u00e1lya v\u00e1rja a sportbar\u00e1tokat, egy v\u00e1ltoztathat\u00f3 nagys\u00e1g\u00fa sz\u00ednpadnak k\u00f6sz\u00f6nhet\u0151en b\u00e1lok, szalagavat\u00f3k, konferenci\u00e1k, koncertek \u00e9s sz\u00ednh\u00e1zi el\u0151ad\u00e1sok megtart\u00e1s\u00e1ra is van lehet\u0151s\u00e9g. A sz\u00e9kesfeh\u00e9rv\u00e1ri V\u00f6r\u00f6smarty Sz\u00ednh\u00e1z rendszeres fell\u00e9p\u0151 itt. A bar\u00e1ti t\u00e1rsas\u00e1gok sz\u00e1mos sportol\u00e1si lehet\u0151s\u00e9g k\u00f6z\u00fcl v\u00e1laszthatnak, t\u00f6bbek k\u00f6z\u00f6tt a szabadt\u00e9ri k\u00e9zi-, kos\u00e1r-, r\u00f6p- vagy tollaslabda mellett egy fut\u00f3p\u00e1lya is rendelkez\u00e9sre \u00e1ll. Az eddigi lehet\u0151s\u00e9gek mell\u00e9 \u00e9p\u00edtettek most eur\u00f3pai uni\u00f3s t\u00e1mogat\u00e1ssal egy olyan BMX- \u00e9s g\u00f6rkorcsolyap\u00e1ly\u00e1t, ami figyelembe veszi a k\u00f6rnyezeti \u00e9s fenntarthat\u00f3s\u00e1gi k\u00f6vetelm\u00e9nyeket, \u00e9s ahol a fiatal gener\u00e1ci\u00f3 \u00f6r\u00f6mmel h\u00f3dolhat a neki kedves szabadid\u0151s tev\u00e9kenys\u00e9geknek.<\/p>\n<p>A p\u00e1ly\u00e1kat \u00fagy alak\u00edtott\u00e1k ki, hogy ide\u00e1lis helysz\u00edne legyen mind a professzion\u00e1lis, mind a hobby szinten sportolni v\u00e1gy\u00f3k r\u00e9sz\u00e9re, \u00edgy nem csak szabadid\u0151s gyakorl\u00e1sra alkalmasak, de kisebb versenyek, sportrendezv\u00e9nyek is lebonyol\u00edthat\u00f3k. Ut\u00f3bbira az \u00e1tad\u00e1s \u00f3ta m\u00e1r t\u00f6bb alkalommal sor ker\u00fclt. A BMX- \u00e9s g\u00f6rkorcsolyap\u00e1ly\u00e1k tervez\u00e9s\u00e9ben az akad\u00e1lymentess\u00e9gi el\u0151\u00edr\u00e1sok teljes\u00edt\u00e9se \u00e9rdek\u00e9ben rehabilit\u00e1ci\u00f3s szakm\u00e9rn\u00f6k is r\u00e9szt vett.<\/p>\n<p>A szabadid\u0151k\u00f6zpont ezen t\u00falmen\u0151en tov\u00e1bbi kikapcsol\u00f3d\u00e1si lehet\u0151s\u00e9geket is biztos\u00edt, egyfajta k\u00f6z\u00f6ss\u00e9gi t\u00e9rk\u00e9nt hozz\u00e1j\u00e1rulhat a fiatalok v\u00e1rosban marad\u00e1s\u00e1hoz \u00e9s \u00edgy illeszkedik a M\u00f3r V\u00e1rosi \u00d6nkorm\u00e1nyzat Integr\u00e1lt Telep\u00fcl\u00e9sfejleszt\u00e9si Strat\u00e9gi\u00e1j\u00e1ban, a Helyi K\u00f6z\u00f6ss\u00e9gi Fejleszt\u00e9si Strat\u00e9gi\u00e1j\u00e1ban, a v\u00e1ros Integr\u00e1lt Strat\u00e9gi\u00e1iban \u00e9s a M\u00f3r V\u00e1ros Helyi Es\u00e9lyegyenl\u0151s\u00e9gi Programj\u00e1ban megfogalmazott c\u00e9lokhoz is. A beruh\u00e1z\u00e1snak k\u00f6sz\u00f6nhet\u0151en t\u00f6bb, a szabadid\u0151s programok szervez\u00e9s\u00e9re alkalmas ter\u00fcletet \u00e1ll rendelkez\u00e9sre, ennek haszon\u00e9lvez\u0151i els\u0151sorban a v\u00e1rosban \u00e9l\u0151 fiatalok, de k\u00f6zvetve a teljes lakoss\u00e1gra pozit\u00edv hat\u00e1ssal b\u00edrhat.<\/p>\nngg_shortcode_0_placeholder\n<p>A program a TOP-7.1.1-16-H-ERFA-2019-00519 projekt keret\u00e9ben, eur\u00f3pai uni\u00f3s forr\u00e1s bevon\u00e1s\u00e1val val\u00f3sulhatott meg.<\/p>\n<p>Tov\u00e1bbi r\u00e9szletek a t\u00e1mogatott projekt keres\u0151ben:<a class=\"tovabb\" href=\"https:\/\/www.palyazat.gov.hu\/eredmenyek\/tamogatott-projektek\/2301090201\">Tov\u00e1bb<\/a><\/p>\n","protected":false},"excerpt":{"rendered":"<p>\u00daj funkci\u00f3val b\u0151v\u00fclt a m\u00f3ri Wekerle S\u00e1ndor Szabadid\u0151k\u00f6zpont az uni\u00f3s t\u00e1mogat\u00e1ssal meg\u00e9p\u00fclt BMX- \u00e9s g\u00f6rkorcsolya p\u00e1ly\u00e1nak k\u00f6sz\u00f6nhet\u0151en. A szabadt\u00e9ren tartott programok sz\u00e1m\u00e1nak emelked\u00e9se el\u0151seg\u00edti, hogy a helyi fiatalok gyakrabban mozduljanak ki otthonr\u00f3l, akt\u00edvabb \u00e9s eg\u00e9szs\u00e9gesebb \u00e9letet \u00e9ljenek.&nbsp; A szabadid\u0151k\u00f6zpont eddig is sz\u00e1mos sportrendezv\u00e9ny \u00e9s kultur\u00e1lis esem\u00e9ny helysz\u00edn\u00e9\u00fcl szolg\u00e1lt. A j\u00e1t\u00e9kcsarnokban hiteles\u00edtett k\u00e9zilabdap\u00e1lya v\u00e1rja a sportbar\u00e1tokat, egy v\u00e1ltoztathat\u00f3 nagys\u00e1g\u00fa sz\u00ednpadnak k\u00f6sz\u00f6nhet\u0151en b\u00e1lok, szalagavat\u00f3k, konferenci\u00e1k, koncertek \u00e9s sz\u00ednh\u00e1zi el\u0151ad\u00e1sok megtart\u00e1s\u00e1ra is van lehet\u0151s\u00e9g. A sz\u00e9kesfeh\u00e9rv\u00e1ri V\u00f6r\u00f6smarty Sz\u00ednh\u00e1z&#8230;<\/p>\n","protected":false},"author":17,"featured_media":5061,"comment_status":"closed","ping_status":"closed","sticky":false,"template":"","format":"gallery","meta":{"_acf_changed":false,"ngg_post_thumbnail":0,"footnotes":""},"categories":[173],"tags":[425,186,457],"megye":[1119],"class_list":["post-5039","post","type-post","status-publish","format-gallery","has-post-thumbnail","hentry","category-top-hu","tag-gondoskodo-tarsadalom","tag-infrastruktura-hu","tag-kozossegepito-beruhazas","post_format-post-format-gallery","megye-fejer-megye"],"acf":[],"yoast_head":"<!-- This site is optimized with the Yoast SEO Premium plugin v28.4 (Yoast SEO v28.4) - https:\/\/yoast.com\/product\/yoast-seo-premium-wordpress\/ -->\n<title>\u00daj lehet\u0151s\u00e9gek M\u00f3ron a szabadt\u00e9ri kikapcsol\u00f3d\u00e1sra \u00e9s a k\u00f6z\u00f6ss\u00e9g\u00e9p\u00edt\u00e9sre - Egy\u00fctt fejl\u0151d\u00fcnk<\/title>\n<meta name=\"robots\" content=\"noindex, follow, max-snippet:-1, max-image-preview:large, max-video-preview:-1\" \/>\n<meta property=\"og:locale\" content=\"hu_HU\" \/>\n<meta property=\"og:type\" content=\"article\" \/>\n<meta property=\"og:title\" content=\"\u00daj lehet\u0151s\u00e9gek M\u00f3ron a szabadt\u00e9ri kikapcsol\u00f3d\u00e1sra \u00e9s a k\u00f6z\u00f6ss\u00e9g\u00e9p\u00edt\u00e9sre\" \/>\n<meta property=\"og:description\" content=\"\u00daj funkci\u00f3val b\u0151v\u00fclt a m\u00f3ri Wekerle S\u00e1ndor Szabadid\u0151k\u00f6zpont az uni\u00f3s t\u00e1mogat\u00e1ssal meg\u00e9p\u00fclt BMX- \u00e9s g\u00f6rkorcsolya p\u00e1ly\u00e1nak k\u00f6sz\u00f6nhet\u0151en. A szabadt\u00e9ren tartott programok sz\u00e1m\u00e1nak emelked\u00e9se el\u0151seg\u00edti, hogy a helyi fiatalok gyakrabban mozduljanak ki otthonr\u00f3l, akt\u00edvabb \u00e9s eg\u00e9szs\u00e9gesebb \u00e9letet \u00e9ljenek.&nbsp; A szabadid\u0151k\u00f6zpont eddig is sz\u00e1mos sportrendezv\u00e9ny \u00e9s kultur\u00e1lis esem\u00e9ny helysz\u00edn\u00e9\u00fcl szolg\u00e1lt. A j\u00e1t\u00e9kcsarnokban hiteles\u00edtett k\u00e9zilabdap\u00e1lya v\u00e1rja a sportbar\u00e1tokat, egy v\u00e1ltoztathat\u00f3 nagys\u00e1g\u00fa sz\u00ednpadnak k\u00f6sz\u00f6nhet\u0151en b\u00e1lok, szalagavat\u00f3k, konferenci\u00e1k, koncertek \u00e9s sz\u00ednh\u00e1zi el\u0151ad\u00e1sok megtart\u00e1s\u00e1ra is van lehet\u0151s\u00e9g. A sz\u00e9kesfeh\u00e9rv\u00e1ri V\u00f6r\u00f6smarty Sz\u00ednh\u00e1z...\" \/>\n<meta property=\"og:url\" content=\"https:\/\/egyuttfejlodunk.hu\/uj-lehetosegek-moron-a-szabadteri-kikapcsolodasra-es-a-kozossegepitesre\/\" \/>\n<meta property=\"og:site_name\" content=\"Egy\u00fctt fejl\u0151d\u00fcnk\" \/>\n<meta property=\"article:published_time\" content=\"2024-04-08T08:38:53+00:00\" \/>\n<meta property=\"article:modified_time\" content=\"2026-09-01T14:37:59+00:00\" \/>\n<meta property=\"og:image\" content=\"https:\/\/egyuttfejlodunk.hu\/wp-content\/uploads\/2024\/04\/MOR_4104mod-1.jpg\" \/>\n\t<meta property=\"og:image:width\" content=\"1920\" \/>\n\t<meta property=\"og:image:height\" content=\"789\" \/>\n\t<meta property=\"og:image:type\" content=\"image\/jpeg\" \/>\n<meta name=\"author\" content=\"B\u00e1cskai Gabriella\" \/>\n<meta name=\"twitter:card\" content=\"summary_large_image\" \/>\n<meta name=\"twitter:label1\" content=\"Szerz\u0151:\" \/>\n\t<meta name=\"twitter:data1\" content=\"B\u00e1cskai Gabriella\" \/>\n\t<meta name=\"twitter:label2\" content=\"Becs\u00fclt olvas\u00e1si id\u0151\" \/>\n\t<meta name=\"twitter:data2\" content=\"2 perc\" \/>\n<script type=\"application\/ld+json\" class=\"yoast-schema-graph\">{\"@context\":\"https:\\\/\\\/schema.org\",\"@graph\":[{\"@type\":\"Article\",\"@id\":\"https:\\\/\\\/egyuttfejlodunk.hu\\\/uj-lehetosegek-moron-a-szabadteri-kikapcsolodasra-es-a-kozossegepitesre\\\/#article\",\"isPartOf\":{\"@id\":\"https:\\\/\\\/egyuttfejlodunk.hu\\\/uj-lehetosegek-moron-a-szabadteri-kikapcsolodasra-es-a-kozossegepitesre\\\/\"},\"author\":{\"name\":\"B\u00e1cskai Gabriella\",\"@id\":\"https:\\\/\\\/egyuttfejlodunk.hu\\\/#\\\/schema\\\/person\\\/74d5e3661b874eed1958599cd4ca7bbd\"},\"headline\":\"\u00daj lehet\u0151s\u00e9gek M\u00f3ron a szabadt\u00e9ri kikapcsol\u00f3d\u00e1sra \u00e9s a k\u00f6z\u00f6ss\u00e9g\u00e9p\u00edt\u00e9sre\",\"datePublished\":\"2024-04-08T08:38:53+00:00\",\"dateModified\":\"2026-09-01T14:37:59+00:00\",\"mainEntityOfPage\":{\"@id\":\"https:\\\/\\\/egyuttfejlodunk.hu\\\/uj-lehetosegek-moron-a-szabadteri-kikapcsolodasra-es-a-kozossegepitesre\\\/\"},\"wordCount\":543,\"publisher\":{\"@id\":\"https:\\\/\\\/egyuttfejlodunk.hu\\\/#organization\"},\"image\":{\"@id\":\"https:\\\/\\\/egyuttfejlodunk.hu\\\/uj-lehetosegek-moron-a-szabadteri-kikapcsolodasra-es-a-kozossegepitesre\\\/#primaryimage\"},\"thumbnailUrl\":\"https:\\\/\\\/egyuttfejlodunk.hu\\\/wp-content\\\/uploads\\\/2024\\\/04\\\/MOR_4104mod-1.jpg\",\"keywords\":[\"gondoskod\u00f3 t\u00e1rsadalom\",\"Infrastrukt\u00fara\",\"k\u00f6z\u00f6ss\u00e9g\u00e9p\u00edt\u0151 beruh\u00e1z\u00e1s\"],\"articleSection\":[\"Top\"],\"inLanguage\":\"hu\"},{\"@type\":\"WebPage\",\"@id\":\"https:\\\/\\\/egyuttfejlodunk.hu\\\/uj-lehetosegek-moron-a-szabadteri-kikapcsolodasra-es-a-kozossegepitesre\\\/\",\"url\":\"https:\\\/\\\/egyuttfejlodunk.hu\\\/uj-lehetosegek-moron-a-szabadteri-kikapcsolodasra-es-a-kozossegepitesre\\\/\",\"name\":\"\u00daj lehet\u0151s\u00e9gek M\u00f3ron a szabadt\u00e9ri kikapcsol\u00f3d\u00e1sra \u00e9s a k\u00f6z\u00f6ss\u00e9g\u00e9p\u00edt\u00e9sre - Egy\u00fctt fejl\u0151d\u00fcnk\",\"isPartOf\":{\"@id\":\"https:\\\/\\\/egyuttfejlodunk.hu\\\/#website\"},\"primaryImageOfPage\":{\"@id\":\"https:\\\/\\\/egyuttfejlodunk.hu\\\/uj-lehetosegek-moron-a-szabadteri-kikapcsolodasra-es-a-kozossegepitesre\\\/#primaryimage\"},\"image\":{\"@id\":\"https:\\\/\\\/egyuttfejlodunk.hu\\\/uj-lehetosegek-moron-a-szabadteri-kikapcsolodasra-es-a-kozossegepitesre\\\/#primaryimage\"},\"thumbnailUrl\":\"https:\\\/\\\/egyuttfejlodunk.hu\\\/wp-content\\\/uploads\\\/2024\\\/04\\\/MOR_4104mod-1.jpg\",\"datePublished\":\"2024-04-08T08:38:53+00:00\",\"dateModified\":\"2026-09-01T14:37:59+00:00\",\"breadcrumb\":{\"@id\":\"https:\\\/\\\/egyuttfejlodunk.hu\\\/uj-lehetosegek-moron-a-szabadteri-kikapcsolodasra-es-a-kozossegepitesre\\\/#breadcrumb\"},\"inLanguage\":\"hu\",\"potentialAction\":[{\"@type\":\"ReadAction\",\"target\":[\"https:\\\/\\\/egyuttfejlodunk.hu\\\/uj-lehetosegek-moron-a-szabadteri-kikapcsolodasra-es-a-kozossegepitesre\\\/\"]}]},{\"@type\":\"ImageObject\",\"inLanguage\":\"hu\",\"@id\":\"https:\\\/\\\/egyuttfejlodunk.hu\\\/uj-lehetosegek-moron-a-szabadteri-kikapcsolodasra-es-a-kozossegepitesre\\\/#primaryimage\",\"url\":\"https:\\\/\\\/egyuttfejlodunk.hu\\\/wp-content\\\/uploads\\\/2024\\\/04\\\/MOR_4104mod-1.jpg\",\"contentUrl\":\"https:\\\/\\\/egyuttfejlodunk.hu\\\/wp-content\\\/uploads\\\/2024\\\/04\\\/MOR_4104mod-1.jpg\",\"width\":1920,\"height\":789},{\"@type\":\"BreadcrumbList\",\"@id\":\"https:\\\/\\\/egyuttfejlodunk.hu\\\/uj-lehetosegek-moron-a-szabadteri-kikapcsolodasra-es-a-kozossegepitesre\\\/#breadcrumb\",\"itemListElement\":[{\"@type\":\"ListItem\",\"position\":1,\"name\":\"Home\",\"item\":\"https:\\\/\\\/egyuttfejlodunk.hu\\\/\"},{\"@type\":\"ListItem\",\"position\":2,\"name\":\"\u00daj lehet\u0151s\u00e9gek M\u00f3ron a szabadt\u00e9ri kikapcsol\u00f3d\u00e1sra \u00e9s a k\u00f6z\u00f6ss\u00e9g\u00e9p\u00edt\u00e9sre\"}]},{\"@type\":\"WebSite\",\"@id\":\"https:\\\/\\\/egyuttfejlodunk.hu\\\/#website\",\"url\":\"https:\\\/\\\/egyuttfejlodunk.hu\\\/\",\"name\":\"Egy\u00fctt fejl\u0151d\u00fcnk\",\"description\":\"\",\"publisher\":{\"@id\":\"https:\\\/\\\/egyuttfejlodunk.hu\\\/#organization\"},\"potentialAction\":[{\"@type\":\"SearchAction\",\"target\":{\"@type\":\"EntryPoint\",\"urlTemplate\":\"https:\\\/\\\/egyuttfejlodunk.hu\\\/?s={search_term_string}\"},\"query-input\":{\"@type\":\"PropertyValueSpecification\",\"valueRequired\":true,\"valueName\":\"search_term_string\"}}],\"inLanguage\":\"hu\"},{\"@type\":\"Organization\",\"@id\":\"https:\\\/\\\/egyuttfejlodunk.hu\\\/#organization\",\"name\":\"Egy\u00fctt fejl\u0151d\u00fcnk\",\"url\":\"https:\\\/\\\/egyuttfejlodunk.hu\\\/\",\"logo\":{\"@type\":\"ImageObject\",\"inLanguage\":\"hu\",\"@id\":\"https:\\\/\\\/egyuttfejlodunk.hu\\\/#\\\/schema\\\/logo\\\/image\\\/\",\"url\":\"https:\\\/\\\/egyuttfejlodunk.hu\\\/wp-content\\\/uploads\\\/2026\\\/04\\\/ujlogo.jpg\",\"contentUrl\":\"https:\\\/\\\/egyuttfejlodunk.hu\\\/wp-content\\\/uploads\\\/2026\\\/04\\\/ujlogo.jpg\",\"width\":350,\"height\":110,\"caption\":\"Egy\u00fctt fejl\u0151d\u00fcnk\"},\"image\":{\"@id\":\"https:\\\/\\\/egyuttfejlodunk.hu\\\/#\\\/schema\\\/logo\\\/image\\\/\"}},{\"@type\":\"Person\",\"@id\":\"https:\\\/\\\/egyuttfejlodunk.hu\\\/#\\\/schema\\\/person\\\/74d5e3661b874eed1958599cd4ca7bbd\",\"name\":\"B\u00e1cskai Gabriella\"}]}<\/script>\n<!-- \/ Yoast SEO Premium plugin. -->","yoast_head_json":{"title":"\u00daj lehet\u0151s\u00e9gek M\u00f3ron a szabadt\u00e9ri kikapcsol\u00f3d\u00e1sra \u00e9s a k\u00f6z\u00f6ss\u00e9g\u00e9p\u00edt\u00e9sre - Egy\u00fctt fejl\u0151d\u00fcnk","robots":{"index":"noindex","follow":"follow","max-snippet":"max-snippet:-1","max-image-preview":"max-image-preview:large","max-video-preview":"max-video-preview:-1"},"og_locale":"hu_HU","og_type":"article","og_title":"\u00daj lehet\u0151s\u00e9gek M\u00f3ron a szabadt\u00e9ri kikapcsol\u00f3d\u00e1sra \u00e9s a k\u00f6z\u00f6ss\u00e9g\u00e9p\u00edt\u00e9sre","og_description":"\u00daj funkci\u00f3val b\u0151v\u00fclt a m\u00f3ri Wekerle S\u00e1ndor Szabadid\u0151k\u00f6zpont az uni\u00f3s t\u00e1mogat\u00e1ssal meg\u00e9p\u00fclt BMX- \u00e9s g\u00f6rkorcsolya p\u00e1ly\u00e1nak k\u00f6sz\u00f6nhet\u0151en. A szabadt\u00e9ren tartott programok sz\u00e1m\u00e1nak emelked\u00e9se el\u0151seg\u00edti, hogy a helyi fiatalok gyakrabban mozduljanak ki otthonr\u00f3l, akt\u00edvabb \u00e9s eg\u00e9szs\u00e9gesebb \u00e9letet \u00e9ljenek.&nbsp; A szabadid\u0151k\u00f6zpont eddig is sz\u00e1mos sportrendezv\u00e9ny \u00e9s kultur\u00e1lis esem\u00e9ny helysz\u00edn\u00e9\u00fcl szolg\u00e1lt. A j\u00e1t\u00e9kcsarnokban hiteles\u00edtett k\u00e9zilabdap\u00e1lya v\u00e1rja a sportbar\u00e1tokat, egy v\u00e1ltoztathat\u00f3 nagys\u00e1g\u00fa sz\u00ednpadnak k\u00f6sz\u00f6nhet\u0151en b\u00e1lok, szalagavat\u00f3k, konferenci\u00e1k, koncertek \u00e9s sz\u00ednh\u00e1zi el\u0151ad\u00e1sok megtart\u00e1s\u00e1ra is van lehet\u0151s\u00e9g. A sz\u00e9kesfeh\u00e9rv\u00e1ri V\u00f6r\u00f6smarty Sz\u00ednh\u00e1z...","og_url":"https:\/\/egyuttfejlodunk.hu\/uj-lehetosegek-moron-a-szabadteri-kikapcsolodasra-es-a-kozossegepitesre\/","og_site_name":"Egy\u00fctt fejl\u0151d\u00fcnk","article_published_time":"2024-04-08T08:38:53+00:00","article_modified_time":"2026-09-01T14:37:59+00:00","og_image":[{"width":1920,"height":789,"url":"https:\/\/egyuttfejlodunk.hu\/wp-content\/uploads\/2024\/04\/MOR_4104mod-1.jpg","type":"image\/jpeg"}],"author":"B\u00e1cskai Gabriella","twitter_card":"summary_large_image","twitter_misc":{"Szerz\u0151:":"B\u00e1cskai Gabriella","Becs\u00fclt olvas\u00e1si id\u0151":"2 perc"},"schema":{"@context":"https:\/\/schema.org","@graph":[{"@type":"Article","@id":"https:\/\/egyuttfejlodunk.hu\/uj-lehetosegek-moron-a-szabadteri-kikapcsolodasra-es-a-kozossegepitesre\/#article","isPartOf":{"@id":"https:\/\/egyuttfejlodunk.hu\/uj-lehetosegek-moron-a-szabadteri-kikapcsolodasra-es-a-kozossegepitesre\/"},"author":{"name":"B\u00e1cskai Gabriella","@id":"https:\/\/egyuttfejlodunk.hu\/#\/schema\/person\/74d5e3661b874eed1958599cd4ca7bbd"},"headline":"\u00daj lehet\u0151s\u00e9gek M\u00f3ron a szabadt\u00e9ri kikapcsol\u00f3d\u00e1sra \u00e9s a k\u00f6z\u00f6ss\u00e9g\u00e9p\u00edt\u00e9sre","datePublished":"2024-04-08T08:38:53+00:00","dateModified":"2026-09-01T14:37:59+00:00","mainEntityOfPage":{"@id":"https:\/\/egyuttfejlodunk.hu\/uj-lehetosegek-moron-a-szabadteri-kikapcsolodasra-es-a-kozossegepitesre\/"},"wordCount":543,"publisher":{"@id":"https:\/\/egyuttfejlodunk.hu\/#organization"},"image":{"@id":"https:\/\/egyuttfejlodunk.hu\/uj-lehetosegek-moron-a-szabadteri-kikapcsolodasra-es-a-kozossegepitesre\/#primaryimage"},"thumbnailUrl":"https:\/\/egyuttfejlodunk.hu\/wp-content\/uploads\/2024\/04\/MOR_4104mod-1.jpg","keywords":["gondoskod\u00f3 t\u00e1rsadalom","Infrastrukt\u00fara","k\u00f6z\u00f6ss\u00e9g\u00e9p\u00edt\u0151 beruh\u00e1z\u00e1s"],"articleSection":["Top"],"inLanguage":"hu"},{"@type":"WebPage","@id":"https:\/\/egyuttfejlodunk.hu\/uj-lehetosegek-moron-a-szabadteri-kikapcsolodasra-es-a-kozossegepitesre\/","url":"https:\/\/egyuttfejlodunk.hu\/uj-lehetosegek-moron-a-szabadteri-kikapcsolodasra-es-a-kozossegepitesre\/","name":"\u00daj lehet\u0151s\u00e9gek M\u00f3ron a szabadt\u00e9ri kikapcsol\u00f3d\u00e1sra \u00e9s a k\u00f6z\u00f6ss\u00e9g\u00e9p\u00edt\u00e9sre - Egy\u00fctt fejl\u0151d\u00fcnk","isPartOf":{"@id":"https:\/\/egyuttfejlodunk.hu\/#website"},"primaryImageOfPage":{"@id":"https:\/\/egyuttfejlodunk.hu\/uj-lehetosegek-moron-a-szabadteri-kikapcsolodasra-es-a-kozossegepitesre\/#primaryimage"},"image":{"@id":"https:\/\/egyuttfejlodunk.hu\/uj-lehetosegek-moron-a-szabadteri-kikapcsolodasra-es-a-kozossegepitesre\/#primaryimage"},"thumbnailUrl":"https:\/\/egyuttfejlodunk.hu\/wp-content\/uploads\/2024\/04\/MOR_4104mod-1.jpg","datePublished":"2024-04-08T08:38:53+00:00","dateModified":"2026-09-01T14:37:59+00:00","breadcrumb":{"@id":"https:\/\/egyuttfejlodunk.hu\/uj-lehetosegek-moron-a-szabadteri-kikapcsolodasra-es-a-kozossegepitesre\/#breadcrumb"},"inLanguage":"hu","potentialAction":[{"@type":"ReadAction","target":["https:\/\/egyuttfejlodunk.hu\/uj-lehetosegek-moron-a-szabadteri-kikapcsolodasra-es-a-kozossegepitesre\/"]}]},{"@type":"ImageObject","inLanguage":"hu","@id":"https:\/\/egyuttfejlodunk.hu\/uj-lehetosegek-moron-a-szabadteri-kikapcsolodasra-es-a-kozossegepitesre\/#primaryimage","url":"https:\/\/egyuttfejlodunk.hu\/wp-content\/uploads\/2024\/04\/MOR_4104mod-1.jpg","contentUrl":"https:\/\/egyuttfejlodunk.hu\/wp-content\/uploads\/2024\/04\/MOR_4104mod-1.jpg","width":1920,"height":789},{"@type":"BreadcrumbList","@id":"https:\/\/egyuttfejlodunk.hu\/uj-lehetosegek-moron-a-szabadteri-kikapcsolodasra-es-a-kozossegepitesre\/#breadcrumb","itemListElement":[{"@type":"ListItem","position":1,"name":"Home","item":"https:\/\/egyuttfejlodunk.hu\/"},{"@type":"ListItem","position":2,"name":"\u00daj lehet\u0151s\u00e9gek M\u00f3ron a szabadt\u00e9ri kikapcsol\u00f3d\u00e1sra \u00e9s a k\u00f6z\u00f6ss\u00e9g\u00e9p\u00edt\u00e9sre"}]},{"@type":"WebSite","@id":"https:\/\/egyuttfejlodunk.hu\/#website","url":"https:\/\/egyuttfejlodunk.hu\/","name":"Egy\u00fctt fejl\u0151d\u00fcnk","description":"","publisher":{"@id":"https:\/\/egyuttfejlodunk.hu\/#organization"},"potentialAction":[{"@type":"SearchAction","target":{"@type":"EntryPoint","urlTemplate":"https:\/\/egyuttfejlodunk.hu\/?s={search_term_string}"},"query-input":{"@type":"PropertyValueSpecification","valueRequired":true,"valueName":"search_term_string"}}],"inLanguage":"hu"},{"@type":"Organization","@id":"https:\/\/egyuttfejlodunk.hu\/#organization","name":"Egy\u00fctt fejl\u0151d\u00fcnk","url":"https:\/\/egyuttfejlodunk.hu\/","logo":{"@type":"ImageObject","inLanguage":"hu","@id":"https:\/\/egyuttfejlodunk.hu\/#\/schema\/logo\/image\/","url":"https:\/\/egyuttfejlodunk.hu\/wp-content\/uploads\/2026\/04\/ujlogo.jpg","contentUrl":"https:\/\/egyuttfejlodunk.hu\/wp-content\/uploads\/2026\/04\/ujlogo.jpg","width":350,"height":110,"caption":"Egy\u00fctt fejl\u0151d\u00fcnk"},"image":{"@id":"https:\/\/egyuttfejlodunk.hu\/#\/schema\/logo\/image\/"}},{"@type":"Person","@id":"https:\/\/egyuttfejlodunk.hu\/#\/schema\/person\/74d5e3661b874eed1958599cd4ca7bbd","name":"B\u00e1cskai Gabriella"}]}},"_links":{"self":[{"href":"https:\/\/egyuttfejlodunk.hu\/wp-json\/wp\/v2\/posts\/5039","targetHints":{"allow":["GET"]}}],"collection":[{"href":"https:\/\/egyuttfejlodunk.hu\/wp-json\/wp\/v2\/posts"}],"about":[{"href":"https:\/\/egyuttfejlodunk.hu\/wp-json\/wp\/v2\/types\/post"}],"author":[{"embeddable":true,"href":"https:\/\/egyuttfejlodunk.hu\/wp-json\/wp\/v2\/users\/17"}],"replies":[{"embeddable":true,"href":"https:\/\/egyuttfejlodunk.hu\/wp-json\/wp\/v2\/comments?post=5039"}],"version-history":[{"count":7,"href":"https:\/\/egyuttfejlodunk.hu\/wp-json\/wp\/v2\/posts\/5039\/revisions"}],"predecessor-version":[{"id":5069,"href":"https:\/\/egyuttfejlodunk.hu\/wp-json\/wp\/v2\/posts\/5039\/revisions\/5069"}],"wp:featuredmedia":[{"embeddable":true,"href":"https:\/\/egyuttfejlodunk.hu\/wp-json\/wp\/v2\/media\/5061"}],"wp:attachment":[{"href":"https:\/\/egyuttfejlodunk.hu\/wp-json\/wp\/v2\/media?parent=5039"}],"wp:term":[{"taxonomy":"category","embeddable":true,"href":"https:\/\/egyuttfejlodunk.hu\/wp-json\/wp\/v2\/categories?post=5039"},{"taxonomy":"post_tag","embeddable":true,"href":"https:\/\/egyuttfejlodunk.hu\/wp-json\/wp\/v2\/tags?post=5039"},{"taxonomy":"megye","embeddable":true,"href":"https:\/\/egyuttfejlodunk.hu\/wp-json\/wp\/v2\/megye?post=5039"}],"curies":[{"name":"wp","href":"https:\/\/api.w.org\/{rel}","templated":true}]}}