{"id":5174,"date":"2024-04-19T10:33:00","date_gmt":"2024-04-19T08:33:00","guid":{"rendered":"https:\/\/fejlesztesihirek.hu\/?p=5174"},"modified":"2024-04-19T10:33:00","modified_gmt":"2024-04-19T08:33:00","slug":"szigetszentmiklos-has-been-enriched-with-a-hundred-place-kindergarten","status":"publish","type":"post","link":"https:\/\/egyuttfejlodunk.hu\/en\/szigetszentmiklos-has-been-enriched-with-a-hundred-place-kindergarten\/","title":{"rendered":"Szigetszentmikl\u00f3s has been enriched with a Hundred-Place Kindergarten"},"content":{"rendered":"<p><strong>Szigetszentmikl\u00f3s has a population of nearly forty thousand people, making it the third most populous municipality in Pest County. Therefore, the establishment of the hundred-place Cserb\u00f3ka Kindergarten, supported by the Competitive Central Hungary Operational Program, which opened its doors to children in December 2023, is of great importance.<\/strong><\/p>\n<p>The town located on Csepel Island is a preferred destination for those choosing the agglomeration, thus the increasing number of children necessitated the expansion of the city&#8217;s kindergarten capacities. The new building, located at 5 Temesv\u00e1ri Street, was established as a branch institution of the Szigetszentmikl\u00f3s Pitypang Kindergarten, under the name Cserb\u00f3ka Kindergarten.<\/p>\n<p>The building is fully wheelchair accessible, and the four classrooms can accommodate a total of one hundred young children for care and education. As part of the investment, a 125-serving warming kitchen was completed, along with kitchen storage, offices, and changing rooms. The air-conditioned, ground-floor kindergarten features a spacious playground, covering nearly 2100 square meters and equipped with safe play equipment compliant with European Union standards. The modern facilities consciously develop the motor skills and abilities of young children while addressing their increased need for movement. As part of the project, twenty parking spaces were also provided, including one reserved for disabled individuals, and the procurement of necessary equipment for the kindergarten&#8217;s operation was realized.<\/p>\n<p>The Municipality of Szigetszentmikl\u00f3s contributed to the reintegration of parents raising young children into the labor market through the investment, thereby increasing employment and improving access to kindergarten care.<\/p>\nngg_shortcode_0_placeholder\n<p>The development was implemented from EU funding in the project VEKOP-6.1.1-15-PT1-2016-00064 under the Competitive Central Hungary Operational Programme.<\/p>\n<p>Find out more about the project in the Project Finder:<a class=\"tovabb\" href=\"https:\/\/www.palyazat.gov.hu\/eredmenyek\/tamogatott-projektek\/697030201\">Details<\/a><\/p>\n","protected":false},"excerpt":{"rendered":"<p>Szigetszentmikl\u00f3s has a population of nearly forty thousand people, making it the third most populous municipality in Pest County. Therefore, the establishment of the hundred-place Cserb\u00f3ka Kindergarten, supported by the Competitive Central Hungary Operational Program, which opened its doors to children in December 2023, is of great importance. The town located on Csepel Island is a preferred destination for those choosing the agglomeration, thus the increasing number of children necessitated the expansion of the city&#8217;s&#8230;<\/p>\n","protected":false},"author":17,"featured_media":5094,"comment_status":"closed","ping_status":"closed","sticky":false,"template":"","format":"gallery","meta":{"_acf_changed":false,"ngg_post_thumbnail":0,"footnotes":""},"categories":[242],"tags":[],"megye":[],"class_list":["post-5174","post","type-post","status-publish","format-gallery","has-post-thumbnail","hentry","category-vekop-en","post_format-post-format-gallery"],"acf":[],"yoast_head":"<!-- This site is optimized with the Yoast SEO Premium plugin v28.4 (Yoast SEO v28.4) - https:\/\/yoast.com\/product\/yoast-seo-premium-wordpress\/ -->\n<title>Szigetszentmikl\u00f3s has been enriched with a Hundred-Place Kindergarten - Egy\u00fctt fejl\u0151d\u00fcnk<\/title>\n<meta name=\"robots\" content=\"noindex, follow, max-snippet:-1, max-image-preview:large, max-video-preview:-1\" \/>\n<meta property=\"og:locale\" content=\"hu_HU\" \/>\n<meta property=\"og:type\" content=\"article\" \/>\n<meta property=\"og:title\" content=\"Szigetszentmikl\u00f3s has been enriched with a Hundred-Place Kindergarten\" \/>\n<meta property=\"og:description\" content=\"Szigetszentmikl\u00f3s has a population of nearly forty thousand people, making it the third most populous municipality in Pest County. Therefore, the establishment of the hundred-place Cserb\u00f3ka Kindergarten, supported by the Competitive Central Hungary Operational Program, which opened its doors to children in December 2023, is of great importance. The town located on Csepel Island is a preferred destination for those choosing the agglomeration, thus the increasing number of children necessitated the expansion of the city&#8217;s...\" \/>\n<meta property=\"og:url\" content=\"https:\/\/egyuttfejlodunk.hu\/en\/szigetszentmiklos-has-been-enriched-with-a-hundred-place-kindergarten\/\" \/>\n<meta property=\"og:site_name\" content=\"Egy\u00fctt fejl\u0151d\u00fcnk\" \/>\n<meta property=\"article:published_time\" content=\"2024-04-19T08:33:00+00:00\" \/>\n<meta property=\"og:image\" content=\"https:\/\/egyuttfejlodunk.hu\/wp-content\/uploads\/2024\/04\/VEKOP-6.1.1-15-PT1-2016-00064Szigetszentmiklosi-Temesvari-utcai-Ovoda-epitese21.jpg\" \/>\n\t<meta property=\"og:image:width\" content=\"1920\" \/>\n\t<meta property=\"og:image:height\" content=\"992\" \/>\n\t<meta property=\"og:image:type\" content=\"image\/jpeg\" \/>\n<meta name=\"author\" content=\"B\u00e1cskai Gabriella\" \/>\n<meta name=\"twitter:card\" content=\"summary_large_image\" \/>\n<meta name=\"twitter:label1\" content=\"Szerz\u0151:\" \/>\n\t<meta name=\"twitter:data1\" content=\"B\u00e1cskai Gabriella\" \/>\n\t<meta name=\"twitter:label2\" content=\"Becs\u00fclt olvas\u00e1si id\u0151\" \/>\n\t<meta name=\"twitter:data2\" content=\"1 perc\" \/>\n<script type=\"application\/ld+json\" class=\"yoast-schema-graph\">{\"@context\":\"https:\\\/\\\/schema.org\",\"@graph\":[{\"@type\":\"Article\",\"@id\":\"https:\\\/\\\/egyuttfejlodunk.hu\\\/en\\\/szigetszentmiklos-has-been-enriched-with-a-hundred-place-kindergarten\\\/#article\",\"isPartOf\":{\"@id\":\"https:\\\/\\\/egyuttfejlodunk.hu\\\/en\\\/szigetszentmiklos-has-been-enriched-with-a-hundred-place-kindergarten\\\/\"},\"author\":{\"name\":\"B\u00e1cskai Gabriella\",\"@id\":\"https:\\\/\\\/egyuttfejlodunk.hu\\\/#\\\/schema\\\/person\\\/74d5e3661b874eed1958599cd4ca7bbd\"},\"headline\":\"Szigetszentmikl\u00f3s has been enriched with a Hundred-Place Kindergarten\",\"datePublished\":\"2024-04-19T08:33:00+00:00\",\"mainEntityOfPage\":{\"@id\":\"https:\\\/\\\/egyuttfejlodunk.hu\\\/en\\\/szigetszentmiklos-has-been-enriched-with-a-hundred-place-kindergarten\\\/\"},\"wordCount\":300,\"publisher\":{\"@id\":\"https:\\\/\\\/egyuttfejlodunk.hu\\\/#organization\"},\"image\":{\"@id\":\"https:\\\/\\\/egyuttfejlodunk.hu\\\/en\\\/szigetszentmiklos-has-been-enriched-with-a-hundred-place-kindergarten\\\/#primaryimage\"},\"thumbnailUrl\":\"https:\\\/\\\/egyuttfejlodunk.hu\\\/wp-content\\\/uploads\\\/2024\\\/04\\\/VEKOP-6.1.1-15-PT1-2016-00064Szigetszentmiklosi-Temesvari-utcai-Ovoda-epitese21.jpg\",\"articleSection\":[\"Vekop\"],\"inLanguage\":\"hu\"},{\"@type\":\"WebPage\",\"@id\":\"https:\\\/\\\/egyuttfejlodunk.hu\\\/en\\\/szigetszentmiklos-has-been-enriched-with-a-hundred-place-kindergarten\\\/\",\"url\":\"https:\\\/\\\/egyuttfejlodunk.hu\\\/en\\\/szigetszentmiklos-has-been-enriched-with-a-hundred-place-kindergarten\\\/\",\"name\":\"Szigetszentmikl\u00f3s has been enriched with a Hundred-Place Kindergarten - Egy\u00fctt fejl\u0151d\u00fcnk\",\"isPartOf\":{\"@id\":\"https:\\\/\\\/egyuttfejlodunk.hu\\\/#website\"},\"primaryImageOfPage\":{\"@id\":\"https:\\\/\\\/egyuttfejlodunk.hu\\\/en\\\/szigetszentmiklos-has-been-enriched-with-a-hundred-place-kindergarten\\\/#primaryimage\"},\"image\":{\"@id\":\"https:\\\/\\\/egyuttfejlodunk.hu\\\/en\\\/szigetszentmiklos-has-been-enriched-with-a-hundred-place-kindergarten\\\/#primaryimage\"},\"thumbnailUrl\":\"https:\\\/\\\/egyuttfejlodunk.hu\\\/wp-content\\\/uploads\\\/2024\\\/04\\\/VEKOP-6.1.1-15-PT1-2016-00064Szigetszentmiklosi-Temesvari-utcai-Ovoda-epitese21.jpg\",\"datePublished\":\"2024-04-19T08:33:00+00:00\",\"breadcrumb\":{\"@id\":\"https:\\\/\\\/egyuttfejlodunk.hu\\\/en\\\/szigetszentmiklos-has-been-enriched-with-a-hundred-place-kindergarten\\\/#breadcrumb\"},\"inLanguage\":\"hu\",\"potentialAction\":[{\"@type\":\"ReadAction\",\"target\":[\"https:\\\/\\\/egyuttfejlodunk.hu\\\/en\\\/szigetszentmiklos-has-been-enriched-with-a-hundred-place-kindergarten\\\/\"]}]},{\"@type\":\"ImageObject\",\"inLanguage\":\"hu\",\"@id\":\"https:\\\/\\\/egyuttfejlodunk.hu\\\/en\\\/szigetszentmiklos-has-been-enriched-with-a-hundred-place-kindergarten\\\/#primaryimage\",\"url\":\"https:\\\/\\\/egyuttfejlodunk.hu\\\/wp-content\\\/uploads\\\/2024\\\/04\\\/VEKOP-6.1.1-15-PT1-2016-00064Szigetszentmiklosi-Temesvari-utcai-Ovoda-epitese21.jpg\",\"contentUrl\":\"https:\\\/\\\/egyuttfejlodunk.hu\\\/wp-content\\\/uploads\\\/2024\\\/04\\\/VEKOP-6.1.1-15-PT1-2016-00064Szigetszentmiklosi-Temesvari-utcai-Ovoda-epitese21.jpg\",\"width\":1920,\"height\":992},{\"@type\":\"BreadcrumbList\",\"@id\":\"https:\\\/\\\/egyuttfejlodunk.hu\\\/en\\\/szigetszentmiklos-has-been-enriched-with-a-hundred-place-kindergarten\\\/#breadcrumb\",\"itemListElement\":[{\"@type\":\"ListItem\",\"position\":1,\"name\":\"Home\",\"item\":\"https:\\\/\\\/egyuttfejlodunk.hu\\\/\"},{\"@type\":\"ListItem\",\"position\":2,\"name\":\"Szigetszentmikl\u00f3s has been enriched with a Hundred-Place Kindergarten\"}]},{\"@type\":\"WebSite\",\"@id\":\"https:\\\/\\\/egyuttfejlodunk.hu\\\/#website\",\"url\":\"https:\\\/\\\/egyuttfejlodunk.hu\\\/\",\"name\":\"Egy\u00fctt fejl\u0151d\u00fcnk\",\"description\":\"\",\"publisher\":{\"@id\":\"https:\\\/\\\/egyuttfejlodunk.hu\\\/#organization\"},\"potentialAction\":[{\"@type\":\"SearchAction\",\"target\":{\"@type\":\"EntryPoint\",\"urlTemplate\":\"https:\\\/\\\/egyuttfejlodunk.hu\\\/?s={search_term_string}\"},\"query-input\":{\"@type\":\"PropertyValueSpecification\",\"valueRequired\":true,\"valueName\":\"search_term_string\"}}],\"inLanguage\":\"hu\"},{\"@type\":\"Organization\",\"@id\":\"https:\\\/\\\/egyuttfejlodunk.hu\\\/#organization\",\"name\":\"Egy\u00fctt fejl\u0151d\u00fcnk\",\"url\":\"https:\\\/\\\/egyuttfejlodunk.hu\\\/\",\"logo\":{\"@type\":\"ImageObject\",\"inLanguage\":\"hu\",\"@id\":\"https:\\\/\\\/egyuttfejlodunk.hu\\\/#\\\/schema\\\/logo\\\/image\\\/\",\"url\":\"https:\\\/\\\/egyuttfejlodunk.hu\\\/wp-content\\\/uploads\\\/2026\\\/04\\\/ujlogo.jpg\",\"contentUrl\":\"https:\\\/\\\/egyuttfejlodunk.hu\\\/wp-content\\\/uploads\\\/2026\\\/04\\\/ujlogo.jpg\",\"width\":350,\"height\":110,\"caption\":\"Egy\u00fctt fejl\u0151d\u00fcnk\"},\"image\":{\"@id\":\"https:\\\/\\\/egyuttfejlodunk.hu\\\/#\\\/schema\\\/logo\\\/image\\\/\"}},{\"@type\":\"Person\",\"@id\":\"https:\\\/\\\/egyuttfejlodunk.hu\\\/#\\\/schema\\\/person\\\/74d5e3661b874eed1958599cd4ca7bbd\",\"name\":\"B\u00e1cskai Gabriella\"}]}<\/script>\n<!-- \/ Yoast SEO Premium plugin. -->","yoast_head_json":{"title":"Szigetszentmikl\u00f3s has been enriched with a Hundred-Place Kindergarten - Egy\u00fctt fejl\u0151d\u00fcnk","robots":{"index":"noindex","follow":"follow","max-snippet":"max-snippet:-1","max-image-preview":"max-image-preview:large","max-video-preview":"max-video-preview:-1"},"og_locale":"hu_HU","og_type":"article","og_title":"Szigetszentmikl\u00f3s has been enriched with a Hundred-Place Kindergarten","og_description":"Szigetszentmikl\u00f3s has a population of nearly forty thousand people, making it the third most populous municipality in Pest County. Therefore, the establishment of the hundred-place Cserb\u00f3ka Kindergarten, supported by the Competitive Central Hungary Operational Program, which opened its doors to children in December 2023, is of great importance. The town located on Csepel Island is a preferred destination for those choosing the agglomeration, thus the increasing number of children necessitated the expansion of the city&#8217;s...","og_url":"https:\/\/egyuttfejlodunk.hu\/en\/szigetszentmiklos-has-been-enriched-with-a-hundred-place-kindergarten\/","og_site_name":"Egy\u00fctt fejl\u0151d\u00fcnk","article_published_time":"2024-04-19T08:33:00+00:00","og_image":[{"width":1920,"height":992,"url":"https:\/\/egyuttfejlodunk.hu\/wp-content\/uploads\/2024\/04\/VEKOP-6.1.1-15-PT1-2016-00064Szigetszentmiklosi-Temesvari-utcai-Ovoda-epitese21.jpg","type":"image\/jpeg"}],"author":"B\u00e1cskai Gabriella","twitter_card":"summary_large_image","twitter_misc":{"Szerz\u0151:":"B\u00e1cskai Gabriella","Becs\u00fclt olvas\u00e1si id\u0151":"1 perc"},"schema":{"@context":"https:\/\/schema.org","@graph":[{"@type":"Article","@id":"https:\/\/egyuttfejlodunk.hu\/en\/szigetszentmiklos-has-been-enriched-with-a-hundred-place-kindergarten\/#article","isPartOf":{"@id":"https:\/\/egyuttfejlodunk.hu\/en\/szigetszentmiklos-has-been-enriched-with-a-hundred-place-kindergarten\/"},"author":{"name":"B\u00e1cskai Gabriella","@id":"https:\/\/egyuttfejlodunk.hu\/#\/schema\/person\/74d5e3661b874eed1958599cd4ca7bbd"},"headline":"Szigetszentmikl\u00f3s has been enriched with a Hundred-Place Kindergarten","datePublished":"2024-04-19T08:33:00+00:00","mainEntityOfPage":{"@id":"https:\/\/egyuttfejlodunk.hu\/en\/szigetszentmiklos-has-been-enriched-with-a-hundred-place-kindergarten\/"},"wordCount":300,"publisher":{"@id":"https:\/\/egyuttfejlodunk.hu\/#organization"},"image":{"@id":"https:\/\/egyuttfejlodunk.hu\/en\/szigetszentmiklos-has-been-enriched-with-a-hundred-place-kindergarten\/#primaryimage"},"thumbnailUrl":"https:\/\/egyuttfejlodunk.hu\/wp-content\/uploads\/2024\/04\/VEKOP-6.1.1-15-PT1-2016-00064Szigetszentmiklosi-Temesvari-utcai-Ovoda-epitese21.jpg","articleSection":["Vekop"],"inLanguage":"hu"},{"@type":"WebPage","@id":"https:\/\/egyuttfejlodunk.hu\/en\/szigetszentmiklos-has-been-enriched-with-a-hundred-place-kindergarten\/","url":"https:\/\/egyuttfejlodunk.hu\/en\/szigetszentmiklos-has-been-enriched-with-a-hundred-place-kindergarten\/","name":"Szigetszentmikl\u00f3s has been enriched with a Hundred-Place Kindergarten - Egy\u00fctt fejl\u0151d\u00fcnk","isPartOf":{"@id":"https:\/\/egyuttfejlodunk.hu\/#website"},"primaryImageOfPage":{"@id":"https:\/\/egyuttfejlodunk.hu\/en\/szigetszentmiklos-has-been-enriched-with-a-hundred-place-kindergarten\/#primaryimage"},"image":{"@id":"https:\/\/egyuttfejlodunk.hu\/en\/szigetszentmiklos-has-been-enriched-with-a-hundred-place-kindergarten\/#primaryimage"},"thumbnailUrl":"https:\/\/egyuttfejlodunk.hu\/wp-content\/uploads\/2024\/04\/VEKOP-6.1.1-15-PT1-2016-00064Szigetszentmiklosi-Temesvari-utcai-Ovoda-epitese21.jpg","datePublished":"2024-04-19T08:33:00+00:00","breadcrumb":{"@id":"https:\/\/egyuttfejlodunk.hu\/en\/szigetszentmiklos-has-been-enriched-with-a-hundred-place-kindergarten\/#breadcrumb"},"inLanguage":"hu","potentialAction":[{"@type":"ReadAction","target":["https:\/\/egyuttfejlodunk.hu\/en\/szigetszentmiklos-has-been-enriched-with-a-hundred-place-kindergarten\/"]}]},{"@type":"ImageObject","inLanguage":"hu","@id":"https:\/\/egyuttfejlodunk.hu\/en\/szigetszentmiklos-has-been-enriched-with-a-hundred-place-kindergarten\/#primaryimage","url":"https:\/\/egyuttfejlodunk.hu\/wp-content\/uploads\/2024\/04\/VEKOP-6.1.1-15-PT1-2016-00064Szigetszentmiklosi-Temesvari-utcai-Ovoda-epitese21.jpg","contentUrl":"https:\/\/egyuttfejlodunk.hu\/wp-content\/uploads\/2024\/04\/VEKOP-6.1.1-15-PT1-2016-00064Szigetszentmiklosi-Temesvari-utcai-Ovoda-epitese21.jpg","width":1920,"height":992},{"@type":"BreadcrumbList","@id":"https:\/\/egyuttfejlodunk.hu\/en\/szigetszentmiklos-has-been-enriched-with-a-hundred-place-kindergarten\/#breadcrumb","itemListElement":[{"@type":"ListItem","position":1,"name":"Home","item":"https:\/\/egyuttfejlodunk.hu\/"},{"@type":"ListItem","position":2,"name":"Szigetszentmikl\u00f3s has been enriched with a Hundred-Place Kindergarten"}]},{"@type":"WebSite","@id":"https:\/\/egyuttfejlodunk.hu\/#website","url":"https:\/\/egyuttfejlodunk.hu\/","name":"Egy\u00fctt fejl\u0151d\u00fcnk","description":"","publisher":{"@id":"https:\/\/egyuttfejlodunk.hu\/#organization"},"potentialAction":[{"@type":"SearchAction","target":{"@type":"EntryPoint","urlTemplate":"https:\/\/egyuttfejlodunk.hu\/?s={search_term_string}"},"query-input":{"@type":"PropertyValueSpecification","valueRequired":true,"valueName":"search_term_string"}}],"inLanguage":"hu"},{"@type":"Organization","@id":"https:\/\/egyuttfejlodunk.hu\/#organization","name":"Egy\u00fctt fejl\u0151d\u00fcnk","url":"https:\/\/egyuttfejlodunk.hu\/","logo":{"@type":"ImageObject","inLanguage":"hu","@id":"https:\/\/egyuttfejlodunk.hu\/#\/schema\/logo\/image\/","url":"https:\/\/egyuttfejlodunk.hu\/wp-content\/uploads\/2026\/04\/ujlogo.jpg","contentUrl":"https:\/\/egyuttfejlodunk.hu\/wp-content\/uploads\/2026\/04\/ujlogo.jpg","width":350,"height":110,"caption":"Egy\u00fctt fejl\u0151d\u00fcnk"},"image":{"@id":"https:\/\/egyuttfejlodunk.hu\/#\/schema\/logo\/image\/"}},{"@type":"Person","@id":"https:\/\/egyuttfejlodunk.hu\/#\/schema\/person\/74d5e3661b874eed1958599cd4ca7bbd","name":"B\u00e1cskai Gabriella"}]}},"_links":{"self":[{"href":"https:\/\/egyuttfejlodunk.hu\/wp-json\/wp\/v2\/posts\/5174","targetHints":{"allow":["GET"]}}],"collection":[{"href":"https:\/\/egyuttfejlodunk.hu\/wp-json\/wp\/v2\/posts"}],"about":[{"href":"https:\/\/egyuttfejlodunk.hu\/wp-json\/wp\/v2\/types\/post"}],"author":[{"embeddable":true,"href":"https:\/\/egyuttfejlodunk.hu\/wp-json\/wp\/v2\/users\/17"}],"replies":[{"embeddable":true,"href":"https:\/\/egyuttfejlodunk.hu\/wp-json\/wp\/v2\/comments?post=5174"}],"version-history":[{"count":1,"href":"https:\/\/egyuttfejlodunk.hu\/wp-json\/wp\/v2\/posts\/5174\/revisions"}],"predecessor-version":[{"id":5175,"href":"https:\/\/egyuttfejlodunk.hu\/wp-json\/wp\/v2\/posts\/5174\/revisions\/5175"}],"wp:featuredmedia":[{"embeddable":true,"href":"https:\/\/egyuttfejlodunk.hu\/wp-json\/wp\/v2\/media\/5094"}],"wp:attachment":[{"href":"https:\/\/egyuttfejlodunk.hu\/wp-json\/wp\/v2\/media?parent=5174"}],"wp:term":[{"taxonomy":"category","embeddable":true,"href":"https:\/\/egyuttfejlodunk.hu\/wp-json\/wp\/v2\/categories?post=5174"},{"taxonomy":"post_tag","embeddable":true,"href":"https:\/\/egyuttfejlodunk.hu\/wp-json\/wp\/v2\/tags?post=5174"},{"taxonomy":"megye","embeddable":true,"href":"https:\/\/egyuttfejlodunk.hu\/wp-json\/wp\/v2\/megye?post=5174"}],"curies":[{"name":"wp","href":"https:\/\/api.w.org\/{rel}","templated":true}]}}