{"id":5176,"date":"2024-04-22T14:07:35","date_gmt":"2024-04-22T12:07:35","guid":{"rendered":"https:\/\/fejlesztesihirek.hu\/?p=5176"},"modified":"2026-09-01T16:27:22","modified_gmt":"2026-09-01T14:27:22","slug":"uj-naperomu-biztosit-tiszta-energiat-debrecen-lakossaganak","status":"publish","type":"post","link":"https:\/\/egyuttfejlodunk.hu\/uj-naperomu-biztosit-tiszta-energiat-debrecen-lakossaganak\/","title":{"rendered":"\u00daj naper\u0151m\u0171 biztos\u00edt tiszta energi\u00e1t Debrecen lakoss\u00e1g\u00e1nak"},"content":{"rendered":"<p><strong>Az MVM Csoport meg\u00fajul\u00f3 energiatermel\u00e9ssel foglalkoz\u00f3 tagv\u00e1llalata, az MVM Z\u00f6ld Gener\u00e1ci\u00f3 Kft. orsz\u00e1gszerte \u00e9p\u00edt naper\u0151m\u0171veket. Ennek a fejleszt\u00e9si folyamatnak az egyik eredm\u00e9nye egy uni\u00f3s t\u00e1mogat\u00e1ssal megval\u00f3sult projekt, amelynek keret\u00e9ben Debrecenben 52 hekt\u00e1ros ter\u00fcleten elter\u00fcl\u0151 napelempark ker\u00fclt kialak\u00edt\u00e1sra.<\/strong><\/p>\n<p>A K\u00f6rnyezeti \u00e9s Energiahat\u00e9konys\u00e1gi Operat\u00edv Program (KEHOP) c\u00e9lja az energia- \u00e9s er\u0151forr\u00e1s hat\u00e9konys\u00e1g n\u00f6vel\u00e9se, ez\u00e1ltal a gazdas\u00e1gi n\u00f6veked\u00e9s el\u0151seg\u00edt\u00e9se a k\u00f6rnyezet \u00e9s az emberi \u00e9let v\u00e9delm\u00e9vel \u00f6sszhangban. Az Eur\u00f3pai Uni\u00f3 \u00e9s a magyar \u00e1llam t\u00e1rsfinansz\u00edroz\u00e1s\u00e1val megval\u00f3sul\u00f3 \u00faj er\u0151m\u0171 a KEHOP c\u00e9lkit\u0171z\u00e9seit is szem el\u0151tt tartva el\u0151seg\u00edti, hogy cs\u00f6kkenjen Magyarorsz\u00e1g f\u00fcgg\u0151s\u00e9ge a fosszilis t\u00fczel\u0151anyagt\u00f3l.<\/p>\n<p>A napelempark Debreceni Nemzetk\u00f6zi Rep\u00fcl\u0151t\u00e9r (DIA) ter\u00fclet\u00e9n helyezkedik el, ahol 52 hekt\u00e1ros ter\u00fcleten 52 ezer panel telep\u00edt\u00e9se val\u00f3sult meg.&nbsp; Az \u00faj er\u0151m\u0171 15 ezer h\u00e1ztart\u00e1s energiaig\u00e9ny\u00e9t v\u00e1ltja ki, \u00e9s e mellett \u00e9ves szinten 33 ezer tonna sz\u00e9n-dioxid megtakar\u00edt\u00e1s\u00e1t teszi el\u00e9rhet\u0151v\u00e9. Az er\u0151m\u0171 \u00fczemeltet\u00e9se helysz\u00edni kezel\u0151szem\u00e9lyzetet nem ig\u00e9nyel. A t\u00e1vkezel\u00e9shez sz\u00fcks\u00e9ges \u00f6sszes jelz\u00e9s \u00e9s vez\u00e9rl\u00e9s egy t\u00e1voli kezel\u0151helyre ker\u00fcl tov\u00e1bb\u00edt\u00e1sra.<\/p>\n<p>A debrecenihez hasonl\u00f3 meg\u00fajul\u00f3 energiatermel\u00e9st el\u0151seg\u00edt\u0151 fejleszt\u00e9sek, nem csak kl\u00edmav\u00e9delmi szempontokb\u00f3l el\u0151ny\u00f6sek, hanem hozz\u00e1j\u00e1rulnak haz\u00e1nk energiaf\u00fcgg\u0151s\u00e9g\u00e9nek cs\u00f6kkent\u00e9s\u00e9hez is.<\/p>\n<p>ngg_shortcode_0_placeholderA program a KEHOP-6.3.1-23-2023-00004 projekt keret\u00e9ben, eur\u00f3pai uni\u00f3s forr\u00e1s bevon\u00e1s\u00e1val val\u00f3sulhatott meg.<\/p>\n<p>Tov\u00e1bbi r\u00e9szletek a t\u00e1mogatott projekt keres\u0151ben:&nbsp;<a class=\"tovabb\" href=\"https:\/\/www.palyazat.gov.hu\/eredmenyek\/tamogatott-projektek\/2804660201\" target=\"_blank\" rel=\"noopener\">Tov\u00e1bb<\/a><\/p>\n","protected":false},"excerpt":{"rendered":"<p>Az MVM Csoport meg\u00fajul\u00f3 energiatermel\u00e9ssel foglalkoz\u00f3 tagv\u00e1llalata, az MVM Z\u00f6ld Gener\u00e1ci\u00f3 Kft. orsz\u00e1gszerte \u00e9p\u00edt naper\u0151m\u0171veket. Ennek a fejleszt\u00e9si folyamatnak az egyik eredm\u00e9nye egy uni\u00f3s t\u00e1mogat\u00e1ssal megval\u00f3sult projekt, amelynek keret\u00e9ben Debrecenben 52 hekt\u00e1ros ter\u00fcleten elter\u00fcl\u0151 napelempark ker\u00fclt kialak\u00edt\u00e1sra. A K\u00f6rnyezeti \u00e9s Energiahat\u00e9konys\u00e1gi Operat\u00edv Program (KEHOP) c\u00e9lja az energia- \u00e9s er\u0151forr\u00e1s hat\u00e9konys\u00e1g n\u00f6vel\u00e9se, ez\u00e1ltal a gazdas\u00e1gi n\u00f6veked\u00e9s el\u0151seg\u00edt\u00e9se a k\u00f6rnyezet \u00e9s az emberi \u00e9let v\u00e9delm\u00e9vel \u00f6sszhangban. Az Eur\u00f3pai Uni\u00f3 \u00e9s a magyar \u00e1llam t\u00e1rsfinansz\u00edroz\u00e1s\u00e1val megval\u00f3sul\u00f3 \u00faj er\u0151m\u0171&#8230;<\/p>\n","protected":false},"author":17,"featured_media":5179,"comment_status":"closed","ping_status":"closed","sticky":false,"template":"","format":"gallery","meta":{"_acf_changed":false,"ngg_post_thumbnail":0,"footnotes":""},"categories":[162],"tags":[431,605],"megye":[1123],"class_list":["post-5176","post","type-post","status-publish","format-gallery","has-post-thumbnail","hentry","category-kehop-hu","tag-energiahatekonysag","tag-klimavedelem","post_format-post-format-gallery","megye-hajdu-bihar-megye"],"acf":[],"yoast_head":"<!-- This site is optimized with the Yoast SEO Premium plugin v28.4 (Yoast SEO v28.4) - https:\/\/yoast.com\/product\/yoast-seo-premium-wordpress\/ -->\n<title>\u00daj naper\u0151m\u0171 biztos\u00edt tiszta energi\u00e1t Debrecen lakoss\u00e1g\u00e1nak - Egy\u00fctt fejl\u0151d\u00fcnk<\/title>\n<meta name=\"robots\" content=\"noindex, follow, max-snippet:-1, max-image-preview:large, max-video-preview:-1\" \/>\n<meta property=\"og:locale\" content=\"hu_HU\" \/>\n<meta property=\"og:type\" content=\"article\" \/>\n<meta property=\"og:title\" content=\"\u00daj naper\u0151m\u0171 biztos\u00edt tiszta energi\u00e1t Debrecen lakoss\u00e1g\u00e1nak\" \/>\n<meta property=\"og:description\" content=\"Az MVM Csoport meg\u00fajul\u00f3 energiatermel\u00e9ssel foglalkoz\u00f3 tagv\u00e1llalata, az MVM Z\u00f6ld Gener\u00e1ci\u00f3 Kft. orsz\u00e1gszerte \u00e9p\u00edt naper\u0151m\u0171veket. Ennek a fejleszt\u00e9si folyamatnak az egyik eredm\u00e9nye egy uni\u00f3s t\u00e1mogat\u00e1ssal megval\u00f3sult projekt, amelynek keret\u00e9ben Debrecenben 52 hekt\u00e1ros ter\u00fcleten elter\u00fcl\u0151 napelempark ker\u00fclt kialak\u00edt\u00e1sra. A K\u00f6rnyezeti \u00e9s Energiahat\u00e9konys\u00e1gi Operat\u00edv Program (KEHOP) c\u00e9lja az energia- \u00e9s er\u0151forr\u00e1s hat\u00e9konys\u00e1g n\u00f6vel\u00e9se, ez\u00e1ltal a gazdas\u00e1gi n\u00f6veked\u00e9s el\u0151seg\u00edt\u00e9se a k\u00f6rnyezet \u00e9s az emberi \u00e9let v\u00e9delm\u00e9vel \u00f6sszhangban. Az Eur\u00f3pai Uni\u00f3 \u00e9s a magyar \u00e1llam t\u00e1rsfinansz\u00edroz\u00e1s\u00e1val megval\u00f3sul\u00f3 \u00faj er\u0151m\u0171...\" \/>\n<meta property=\"og:url\" content=\"https:\/\/egyuttfejlodunk.hu\/uj-naperomu-biztosit-tiszta-energiat-debrecen-lakossaganak\/\" \/>\n<meta property=\"og:site_name\" content=\"Egy\u00fctt fejl\u0151d\u00fcnk\" \/>\n<meta property=\"article:published_time\" content=\"2024-04-22T12:07:35+00:00\" \/>\n<meta property=\"article:modified_time\" content=\"2026-09-01T14:27:22+00:00\" \/>\n<meta property=\"og:image\" content=\"https:\/\/egyuttfejlodunk.hu\/wp-content\/uploads\/2024\/04\/IMG_7022__original_size_300dpim.jpg\" \/>\n\t<meta property=\"og:image:width\" content=\"1920\" \/>\n\t<meta property=\"og:image:height\" content=\"1029\" \/>\n\t<meta property=\"og:image:type\" content=\"image\/jpeg\" \/>\n<meta name=\"author\" content=\"B\u00e1cskai Gabriella\" \/>\n<meta name=\"twitter:card\" content=\"summary_large_image\" \/>\n<meta name=\"twitter:label1\" content=\"Szerz\u0151:\" \/>\n\t<meta name=\"twitter:data1\" content=\"B\u00e1cskai Gabriella\" \/>\n\t<meta name=\"twitter:label2\" content=\"Becs\u00fclt olvas\u00e1si id\u0151\" \/>\n\t<meta name=\"twitter:data2\" content=\"2 perc\" \/>\n<script type=\"application\/ld+json\" class=\"yoast-schema-graph\">{\"@context\":\"https:\\\/\\\/schema.org\",\"@graph\":[{\"@type\":\"Article\",\"@id\":\"https:\\\/\\\/egyuttfejlodunk.hu\\\/uj-naperomu-biztosit-tiszta-energiat-debrecen-lakossaganak\\\/#article\",\"isPartOf\":{\"@id\":\"https:\\\/\\\/egyuttfejlodunk.hu\\\/uj-naperomu-biztosit-tiszta-energiat-debrecen-lakossaganak\\\/\"},\"author\":{\"name\":\"B\u00e1cskai Gabriella\",\"@id\":\"https:\\\/\\\/egyuttfejlodunk.hu\\\/#\\\/schema\\\/person\\\/74d5e3661b874eed1958599cd4ca7bbd\"},\"headline\":\"\u00daj naper\u0151m\u0171 biztos\u00edt tiszta energi\u00e1t Debrecen lakoss\u00e1g\u00e1nak\",\"datePublished\":\"2024-04-22T12:07:35+00:00\",\"dateModified\":\"2026-09-01T14:27:22+00:00\",\"mainEntityOfPage\":{\"@id\":\"https:\\\/\\\/egyuttfejlodunk.hu\\\/uj-naperomu-biztosit-tiszta-energiat-debrecen-lakossaganak\\\/\"},\"wordCount\":343,\"publisher\":{\"@id\":\"https:\\\/\\\/egyuttfejlodunk.hu\\\/#organization\"},\"image\":{\"@id\":\"https:\\\/\\\/egyuttfejlodunk.hu\\\/uj-naperomu-biztosit-tiszta-energiat-debrecen-lakossaganak\\\/#primaryimage\"},\"thumbnailUrl\":\"https:\\\/\\\/egyuttfejlodunk.hu\\\/wp-content\\\/uploads\\\/2024\\\/04\\\/IMG_7022__original_size_300dpim.jpg\",\"keywords\":[\"energiahat\u00e9konys\u00e1g\",\"kl\u00edmav\u00e9delem\"],\"articleSection\":[\"Kehop\"],\"inLanguage\":\"hu\"},{\"@type\":\"WebPage\",\"@id\":\"https:\\\/\\\/egyuttfejlodunk.hu\\\/uj-naperomu-biztosit-tiszta-energiat-debrecen-lakossaganak\\\/\",\"url\":\"https:\\\/\\\/egyuttfejlodunk.hu\\\/uj-naperomu-biztosit-tiszta-energiat-debrecen-lakossaganak\\\/\",\"name\":\"\u00daj naper\u0151m\u0171 biztos\u00edt tiszta energi\u00e1t Debrecen lakoss\u00e1g\u00e1nak - Egy\u00fctt fejl\u0151d\u00fcnk\",\"isPartOf\":{\"@id\":\"https:\\\/\\\/egyuttfejlodunk.hu\\\/#website\"},\"primaryImageOfPage\":{\"@id\":\"https:\\\/\\\/egyuttfejlodunk.hu\\\/uj-naperomu-biztosit-tiszta-energiat-debrecen-lakossaganak\\\/#primaryimage\"},\"image\":{\"@id\":\"https:\\\/\\\/egyuttfejlodunk.hu\\\/uj-naperomu-biztosit-tiszta-energiat-debrecen-lakossaganak\\\/#primaryimage\"},\"thumbnailUrl\":\"https:\\\/\\\/egyuttfejlodunk.hu\\\/wp-content\\\/uploads\\\/2024\\\/04\\\/IMG_7022__original_size_300dpim.jpg\",\"datePublished\":\"2024-04-22T12:07:35+00:00\",\"dateModified\":\"2026-09-01T14:27:22+00:00\",\"breadcrumb\":{\"@id\":\"https:\\\/\\\/egyuttfejlodunk.hu\\\/uj-naperomu-biztosit-tiszta-energiat-debrecen-lakossaganak\\\/#breadcrumb\"},\"inLanguage\":\"hu\",\"potentialAction\":[{\"@type\":\"ReadAction\",\"target\":[\"https:\\\/\\\/egyuttfejlodunk.hu\\\/uj-naperomu-biztosit-tiszta-energiat-debrecen-lakossaganak\\\/\"]}]},{\"@type\":\"ImageObject\",\"inLanguage\":\"hu\",\"@id\":\"https:\\\/\\\/egyuttfejlodunk.hu\\\/uj-naperomu-biztosit-tiszta-energiat-debrecen-lakossaganak\\\/#primaryimage\",\"url\":\"https:\\\/\\\/egyuttfejlodunk.hu\\\/wp-content\\\/uploads\\\/2024\\\/04\\\/IMG_7022__original_size_300dpim.jpg\",\"contentUrl\":\"https:\\\/\\\/egyuttfejlodunk.hu\\\/wp-content\\\/uploads\\\/2024\\\/04\\\/IMG_7022__original_size_300dpim.jpg\",\"width\":1920,\"height\":1029},{\"@type\":\"BreadcrumbList\",\"@id\":\"https:\\\/\\\/egyuttfejlodunk.hu\\\/uj-naperomu-biztosit-tiszta-energiat-debrecen-lakossaganak\\\/#breadcrumb\",\"itemListElement\":[{\"@type\":\"ListItem\",\"position\":1,\"name\":\"Home\",\"item\":\"https:\\\/\\\/egyuttfejlodunk.hu\\\/\"},{\"@type\":\"ListItem\",\"position\":2,\"name\":\"\u00daj naper\u0151m\u0171 biztos\u00edt tiszta energi\u00e1t Debrecen lakoss\u00e1g\u00e1nak\"}]},{\"@type\":\"WebSite\",\"@id\":\"https:\\\/\\\/egyuttfejlodunk.hu\\\/#website\",\"url\":\"https:\\\/\\\/egyuttfejlodunk.hu\\\/\",\"name\":\"Egy\u00fctt fejl\u0151d\u00fcnk\",\"description\":\"\",\"publisher\":{\"@id\":\"https:\\\/\\\/egyuttfejlodunk.hu\\\/#organization\"},\"potentialAction\":[{\"@type\":\"SearchAction\",\"target\":{\"@type\":\"EntryPoint\",\"urlTemplate\":\"https:\\\/\\\/egyuttfejlodunk.hu\\\/?s={search_term_string}\"},\"query-input\":{\"@type\":\"PropertyValueSpecification\",\"valueRequired\":true,\"valueName\":\"search_term_string\"}}],\"inLanguage\":\"hu\"},{\"@type\":\"Organization\",\"@id\":\"https:\\\/\\\/egyuttfejlodunk.hu\\\/#organization\",\"name\":\"Egy\u00fctt fejl\u0151d\u00fcnk\",\"url\":\"https:\\\/\\\/egyuttfejlodunk.hu\\\/\",\"logo\":{\"@type\":\"ImageObject\",\"inLanguage\":\"hu\",\"@id\":\"https:\\\/\\\/egyuttfejlodunk.hu\\\/#\\\/schema\\\/logo\\\/image\\\/\",\"url\":\"https:\\\/\\\/egyuttfejlodunk.hu\\\/wp-content\\\/uploads\\\/2026\\\/04\\\/ujlogo.jpg\",\"contentUrl\":\"https:\\\/\\\/egyuttfejlodunk.hu\\\/wp-content\\\/uploads\\\/2026\\\/04\\\/ujlogo.jpg\",\"width\":350,\"height\":110,\"caption\":\"Egy\u00fctt fejl\u0151d\u00fcnk\"},\"image\":{\"@id\":\"https:\\\/\\\/egyuttfejlodunk.hu\\\/#\\\/schema\\\/logo\\\/image\\\/\"}},{\"@type\":\"Person\",\"@id\":\"https:\\\/\\\/egyuttfejlodunk.hu\\\/#\\\/schema\\\/person\\\/74d5e3661b874eed1958599cd4ca7bbd\",\"name\":\"B\u00e1cskai Gabriella\"}]}<\/script>\n<!-- \/ Yoast SEO Premium plugin. -->","yoast_head_json":{"title":"\u00daj naper\u0151m\u0171 biztos\u00edt tiszta energi\u00e1t Debrecen lakoss\u00e1g\u00e1nak - Egy\u00fctt fejl\u0151d\u00fcnk","robots":{"index":"noindex","follow":"follow","max-snippet":"max-snippet:-1","max-image-preview":"max-image-preview:large","max-video-preview":"max-video-preview:-1"},"og_locale":"hu_HU","og_type":"article","og_title":"\u00daj naper\u0151m\u0171 biztos\u00edt tiszta energi\u00e1t Debrecen lakoss\u00e1g\u00e1nak","og_description":"Az MVM Csoport meg\u00fajul\u00f3 energiatermel\u00e9ssel foglalkoz\u00f3 tagv\u00e1llalata, az MVM Z\u00f6ld Gener\u00e1ci\u00f3 Kft. orsz\u00e1gszerte \u00e9p\u00edt naper\u0151m\u0171veket. Ennek a fejleszt\u00e9si folyamatnak az egyik eredm\u00e9nye egy uni\u00f3s t\u00e1mogat\u00e1ssal megval\u00f3sult projekt, amelynek keret\u00e9ben Debrecenben 52 hekt\u00e1ros ter\u00fcleten elter\u00fcl\u0151 napelempark ker\u00fclt kialak\u00edt\u00e1sra. A K\u00f6rnyezeti \u00e9s Energiahat\u00e9konys\u00e1gi Operat\u00edv Program (KEHOP) c\u00e9lja az energia- \u00e9s er\u0151forr\u00e1s hat\u00e9konys\u00e1g n\u00f6vel\u00e9se, ez\u00e1ltal a gazdas\u00e1gi n\u00f6veked\u00e9s el\u0151seg\u00edt\u00e9se a k\u00f6rnyezet \u00e9s az emberi \u00e9let v\u00e9delm\u00e9vel \u00f6sszhangban. Az Eur\u00f3pai Uni\u00f3 \u00e9s a magyar \u00e1llam t\u00e1rsfinansz\u00edroz\u00e1s\u00e1val megval\u00f3sul\u00f3 \u00faj er\u0151m\u0171...","og_url":"https:\/\/egyuttfejlodunk.hu\/uj-naperomu-biztosit-tiszta-energiat-debrecen-lakossaganak\/","og_site_name":"Egy\u00fctt fejl\u0151d\u00fcnk","article_published_time":"2024-04-22T12:07:35+00:00","article_modified_time":"2026-09-01T14:27:22+00:00","og_image":[{"width":1920,"height":1029,"url":"https:\/\/egyuttfejlodunk.hu\/wp-content\/uploads\/2024\/04\/IMG_7022__original_size_300dpim.jpg","type":"image\/jpeg"}],"author":"B\u00e1cskai Gabriella","twitter_card":"summary_large_image","twitter_misc":{"Szerz\u0151:":"B\u00e1cskai Gabriella","Becs\u00fclt olvas\u00e1si id\u0151":"2 perc"},"schema":{"@context":"https:\/\/schema.org","@graph":[{"@type":"Article","@id":"https:\/\/egyuttfejlodunk.hu\/uj-naperomu-biztosit-tiszta-energiat-debrecen-lakossaganak\/#article","isPartOf":{"@id":"https:\/\/egyuttfejlodunk.hu\/uj-naperomu-biztosit-tiszta-energiat-debrecen-lakossaganak\/"},"author":{"name":"B\u00e1cskai Gabriella","@id":"https:\/\/egyuttfejlodunk.hu\/#\/schema\/person\/74d5e3661b874eed1958599cd4ca7bbd"},"headline":"\u00daj naper\u0151m\u0171 biztos\u00edt tiszta energi\u00e1t Debrecen lakoss\u00e1g\u00e1nak","datePublished":"2024-04-22T12:07:35+00:00","dateModified":"2026-09-01T14:27:22+00:00","mainEntityOfPage":{"@id":"https:\/\/egyuttfejlodunk.hu\/uj-naperomu-biztosit-tiszta-energiat-debrecen-lakossaganak\/"},"wordCount":343,"publisher":{"@id":"https:\/\/egyuttfejlodunk.hu\/#organization"},"image":{"@id":"https:\/\/egyuttfejlodunk.hu\/uj-naperomu-biztosit-tiszta-energiat-debrecen-lakossaganak\/#primaryimage"},"thumbnailUrl":"https:\/\/egyuttfejlodunk.hu\/wp-content\/uploads\/2024\/04\/IMG_7022__original_size_300dpim.jpg","keywords":["energiahat\u00e9konys\u00e1g","kl\u00edmav\u00e9delem"],"articleSection":["Kehop"],"inLanguage":"hu"},{"@type":"WebPage","@id":"https:\/\/egyuttfejlodunk.hu\/uj-naperomu-biztosit-tiszta-energiat-debrecen-lakossaganak\/","url":"https:\/\/egyuttfejlodunk.hu\/uj-naperomu-biztosit-tiszta-energiat-debrecen-lakossaganak\/","name":"\u00daj naper\u0151m\u0171 biztos\u00edt tiszta energi\u00e1t Debrecen lakoss\u00e1g\u00e1nak - Egy\u00fctt fejl\u0151d\u00fcnk","isPartOf":{"@id":"https:\/\/egyuttfejlodunk.hu\/#website"},"primaryImageOfPage":{"@id":"https:\/\/egyuttfejlodunk.hu\/uj-naperomu-biztosit-tiszta-energiat-debrecen-lakossaganak\/#primaryimage"},"image":{"@id":"https:\/\/egyuttfejlodunk.hu\/uj-naperomu-biztosit-tiszta-energiat-debrecen-lakossaganak\/#primaryimage"},"thumbnailUrl":"https:\/\/egyuttfejlodunk.hu\/wp-content\/uploads\/2024\/04\/IMG_7022__original_size_300dpim.jpg","datePublished":"2024-04-22T12:07:35+00:00","dateModified":"2026-09-01T14:27:22+00:00","breadcrumb":{"@id":"https:\/\/egyuttfejlodunk.hu\/uj-naperomu-biztosit-tiszta-energiat-debrecen-lakossaganak\/#breadcrumb"},"inLanguage":"hu","potentialAction":[{"@type":"ReadAction","target":["https:\/\/egyuttfejlodunk.hu\/uj-naperomu-biztosit-tiszta-energiat-debrecen-lakossaganak\/"]}]},{"@type":"ImageObject","inLanguage":"hu","@id":"https:\/\/egyuttfejlodunk.hu\/uj-naperomu-biztosit-tiszta-energiat-debrecen-lakossaganak\/#primaryimage","url":"https:\/\/egyuttfejlodunk.hu\/wp-content\/uploads\/2024\/04\/IMG_7022__original_size_300dpim.jpg","contentUrl":"https:\/\/egyuttfejlodunk.hu\/wp-content\/uploads\/2024\/04\/IMG_7022__original_size_300dpim.jpg","width":1920,"height":1029},{"@type":"BreadcrumbList","@id":"https:\/\/egyuttfejlodunk.hu\/uj-naperomu-biztosit-tiszta-energiat-debrecen-lakossaganak\/#breadcrumb","itemListElement":[{"@type":"ListItem","position":1,"name":"Home","item":"https:\/\/egyuttfejlodunk.hu\/"},{"@type":"ListItem","position":2,"name":"\u00daj naper\u0151m\u0171 biztos\u00edt tiszta energi\u00e1t Debrecen lakoss\u00e1g\u00e1nak"}]},{"@type":"WebSite","@id":"https:\/\/egyuttfejlodunk.hu\/#website","url":"https:\/\/egyuttfejlodunk.hu\/","name":"Egy\u00fctt fejl\u0151d\u00fcnk","description":"","publisher":{"@id":"https:\/\/egyuttfejlodunk.hu\/#organization"},"potentialAction":[{"@type":"SearchAction","target":{"@type":"EntryPoint","urlTemplate":"https:\/\/egyuttfejlodunk.hu\/?s={search_term_string}"},"query-input":{"@type":"PropertyValueSpecification","valueRequired":true,"valueName":"search_term_string"}}],"inLanguage":"hu"},{"@type":"Organization","@id":"https:\/\/egyuttfejlodunk.hu\/#organization","name":"Egy\u00fctt fejl\u0151d\u00fcnk","url":"https:\/\/egyuttfejlodunk.hu\/","logo":{"@type":"ImageObject","inLanguage":"hu","@id":"https:\/\/egyuttfejlodunk.hu\/#\/schema\/logo\/image\/","url":"https:\/\/egyuttfejlodunk.hu\/wp-content\/uploads\/2026\/04\/ujlogo.jpg","contentUrl":"https:\/\/egyuttfejlodunk.hu\/wp-content\/uploads\/2026\/04\/ujlogo.jpg","width":350,"height":110,"caption":"Egy\u00fctt fejl\u0151d\u00fcnk"},"image":{"@id":"https:\/\/egyuttfejlodunk.hu\/#\/schema\/logo\/image\/"}},{"@type":"Person","@id":"https:\/\/egyuttfejlodunk.hu\/#\/schema\/person\/74d5e3661b874eed1958599cd4ca7bbd","name":"B\u00e1cskai Gabriella"}]}},"_links":{"self":[{"href":"https:\/\/egyuttfejlodunk.hu\/wp-json\/wp\/v2\/posts\/5176","targetHints":{"allow":["GET"]}}],"collection":[{"href":"https:\/\/egyuttfejlodunk.hu\/wp-json\/wp\/v2\/posts"}],"about":[{"href":"https:\/\/egyuttfejlodunk.hu\/wp-json\/wp\/v2\/types\/post"}],"author":[{"embeddable":true,"href":"https:\/\/egyuttfejlodunk.hu\/wp-json\/wp\/v2\/users\/17"}],"replies":[{"embeddable":true,"href":"https:\/\/egyuttfejlodunk.hu\/wp-json\/wp\/v2\/comments?post=5176"}],"version-history":[{"count":3,"href":"https:\/\/egyuttfejlodunk.hu\/wp-json\/wp\/v2\/posts\/5176\/revisions"}],"predecessor-version":[{"id":12270,"href":"https:\/\/egyuttfejlodunk.hu\/wp-json\/wp\/v2\/posts\/5176\/revisions\/12270"}],"wp:featuredmedia":[{"embeddable":true,"href":"https:\/\/egyuttfejlodunk.hu\/wp-json\/wp\/v2\/media\/5179"}],"wp:attachment":[{"href":"https:\/\/egyuttfejlodunk.hu\/wp-json\/wp\/v2\/media?parent=5176"}],"wp:term":[{"taxonomy":"category","embeddable":true,"href":"https:\/\/egyuttfejlodunk.hu\/wp-json\/wp\/v2\/categories?post=5176"},{"taxonomy":"post_tag","embeddable":true,"href":"https:\/\/egyuttfejlodunk.hu\/wp-json\/wp\/v2\/tags?post=5176"},{"taxonomy":"megye","embeddable":true,"href":"https:\/\/egyuttfejlodunk.hu\/wp-json\/wp\/v2\/megye?post=5176"}],"curies":[{"name":"wp","href":"https:\/\/api.w.org\/{rel}","templated":true}]}}