{"id":5252,"date":"2024-05-10T10:24:30","date_gmt":"2024-05-10T08:24:30","guid":{"rendered":"https:\/\/fejlesztesihirek.hu\/?p=5252"},"modified":"2024-05-31T10:34:49","modified_gmt":"2024-05-31T08:34:49","slug":"generation-gap-has-reduced-in-four-schools-in-pest-county","status":"publish","type":"post","link":"https:\/\/egyuttfejlodunk.hu\/en\/generation-gap-has-reduced-in-four-schools-in-pest-county\/","title":{"rendered":"Generation gap has reduced in four schools in Pest County"},"content":{"rendered":"<p><strong>With the support of the Competitive Central Hungary Operational Programme, the development of digital competencies supporting learning and teaching was realized in four schools of the Educational District Centre of Szigetszentmikl\u00f3s. Within the framework of the project, the further training of nearly fifty teachers took place, who, with the acquired knowledge and using the new digital tools, can hold exciting lessons.<\/strong><\/p>\n<p>In today&#8217;s \u2019internet-centric\u2019 world, it is very important that teachers also receive up-to-date trainings in the field of digitization. The aim of the project called &#8222;Supporting digital development in schools open for development&#8221; was to start a fight against digital illiteracy in the four participating institutions of the Educational District Centre of Szigetszentmikl\u00f3s. After all, there is a big gap between the generation of students who go to school and the generation of teachers who educate them. Four institutions have undertaken to reduce this matter, S\u00e1ndor We\u00f6res Primary School in T\u00f6k\u00f6li, \u00c1rp\u00e1d Fejedelem Primary School in R\u00e1ckevei, Szent Istv\u00e1n Primary School in Szigethalmi and Ervin Baktay High School.<\/p>\n<p>The introduction of tools and methods supporting the development of digital competences was carried out in three areas, supporting the development of mathematical competence, scientific knowledge and reading comprehension.<\/p>\n<p>In the project, nearly fifty teachers participated in various methodological training courses related to, for example, the use of digital whiteboards, the practical application of digital and interactive tools, software and teaching materials, or modern methods and techniques to improve reading, reading comprehension and text composition skills. By developing teachers&#8217; digital competences, the generation gap has been reduced of which benefits can be experienced by hundreds of students every day.<\/p>\n<p>The programme has been successful in developing the digital competences of students, including children with special educational needs and children with integration, learning and behavioural difficulties.<\/p>\n<p>The program was implemented with European Union funding under the VEKOP-7.3.3-17-2017-00005 project.<\/p>\n<p>Find out more about the project in the Project Finder:<a class=\"tovabb\" href=\"https:\/\/www.palyazat.gov.hu\/eredmenyek\/tamogatott-projektek\/1609640201\" target=\"_blank\" rel=\"noopener\">Details<\/a><\/p>\n","protected":false},"excerpt":{"rendered":"<p>With the support of the Competitive Central Hungary Operational Programme, the development of digital competencies supporting learning and teaching was realized in four schools of the Educational District Centre of Szigetszentmikl\u00f3s. Within the framework of the project, the further training of nearly fifty teachers took place, who, with the acquired knowledge and using the new digital tools, can hold exciting lessons. In today&#8217;s \u2019internet-centric\u2019 world, it is very important that teachers also receive up-to-date trainings&#8230;<\/p>\n","protected":false},"author":17,"featured_media":5232,"comment_status":"closed","ping_status":"closed","sticky":false,"template":"","format":"standard","meta":{"_acf_changed":false,"ngg_post_thumbnail":0,"footnotes":""},"categories":[242],"tags":[],"megye":[],"class_list":["post-5252","post","type-post","status-publish","format-standard","has-post-thumbnail","hentry","category-vekop-en"],"acf":[],"yoast_head":"<!-- This site is optimized with the Yoast SEO Premium plugin v28.4 (Yoast SEO v28.4) - https:\/\/yoast.com\/product\/yoast-seo-premium-wordpress\/ -->\n<title>Generation gap has reduced in four schools in Pest County - Egy\u00fctt fejl\u0151d\u00fcnk<\/title>\n<meta name=\"robots\" content=\"noindex, follow, max-snippet:-1, max-image-preview:large, max-video-preview:-1\" \/>\n<meta property=\"og:locale\" content=\"hu_HU\" \/>\n<meta property=\"og:type\" content=\"article\" \/>\n<meta property=\"og:title\" content=\"Generation gap has reduced in four schools in Pest County\" \/>\n<meta property=\"og:description\" content=\"With the support of the Competitive Central Hungary Operational Programme, the development of digital competencies supporting learning and teaching was realized in four schools of the Educational District Centre of Szigetszentmikl\u00f3s. Within the framework of the project, the further training of nearly fifty teachers took place, who, with the acquired knowledge and using the new digital tools, can hold exciting lessons. In today&#8217;s \u2019internet-centric\u2019 world, it is very important that teachers also receive up-to-date trainings...\" \/>\n<meta property=\"og:url\" content=\"https:\/\/egyuttfejlodunk.hu\/en\/generation-gap-has-reduced-in-four-schools-in-pest-county\/\" \/>\n<meta property=\"og:site_name\" content=\"Egy\u00fctt fejl\u0151d\u00fcnk\" \/>\n<meta property=\"article:published_time\" content=\"2024-05-10T08:24:30+00:00\" \/>\n<meta property=\"article:modified_time\" content=\"2024-05-31T08:34:49+00:00\" \/>\n<meta property=\"og:image\" content=\"https:\/\/egyuttfejlodunk.hu\/wp-content\/uploads\/2024\/05\/VEKOP-7.3.3-17-2017-00005A-digitalis-fejlodes-segitese-fejlodesre-nyitott-iskolakban3.jpg\" \/>\n\t<meta property=\"og:image:width\" content=\"1920\" \/>\n\t<meta property=\"og:image:height\" content=\"941\" \/>\n\t<meta property=\"og:image:type\" content=\"image\/jpeg\" \/>\n<meta name=\"author\" content=\"B\u00e1cskai Gabriella\" \/>\n<meta name=\"twitter:card\" content=\"summary_large_image\" \/>\n<meta name=\"twitter:label1\" content=\"Szerz\u0151:\" \/>\n\t<meta name=\"twitter:data1\" content=\"B\u00e1cskai Gabriella\" \/>\n\t<meta name=\"twitter:label2\" content=\"Becs\u00fclt olvas\u00e1si id\u0151\" \/>\n\t<meta name=\"twitter:data2\" content=\"2 perc\" \/>\n<script type=\"application\/ld+json\" class=\"yoast-schema-graph\">{\"@context\":\"https:\\\/\\\/schema.org\",\"@graph\":[{\"@type\":\"Article\",\"@id\":\"https:\\\/\\\/egyuttfejlodunk.hu\\\/en\\\/generation-gap-has-reduced-in-four-schools-in-pest-county\\\/#article\",\"isPartOf\":{\"@id\":\"https:\\\/\\\/egyuttfejlodunk.hu\\\/en\\\/generation-gap-has-reduced-in-four-schools-in-pest-county\\\/\"},\"author\":{\"name\":\"B\u00e1cskai Gabriella\",\"@id\":\"https:\\\/\\\/egyuttfejlodunk.hu\\\/#\\\/schema\\\/person\\\/74d5e3661b874eed1958599cd4ca7bbd\"},\"headline\":\"Generation gap has reduced in four schools in Pest County\",\"datePublished\":\"2024-05-10T08:24:30+00:00\",\"dateModified\":\"2024-05-31T08:34:49+00:00\",\"mainEntityOfPage\":{\"@id\":\"https:\\\/\\\/egyuttfejlodunk.hu\\\/en\\\/generation-gap-has-reduced-in-four-schools-in-pest-county\\\/\"},\"wordCount\":340,\"publisher\":{\"@id\":\"https:\\\/\\\/egyuttfejlodunk.hu\\\/#organization\"},\"image\":{\"@id\":\"https:\\\/\\\/egyuttfejlodunk.hu\\\/en\\\/generation-gap-has-reduced-in-four-schools-in-pest-county\\\/#primaryimage\"},\"thumbnailUrl\":\"https:\\\/\\\/egyuttfejlodunk.hu\\\/wp-content\\\/uploads\\\/2024\\\/05\\\/VEKOP-7.3.3-17-2017-00005A-digitalis-fejlodes-segitese-fejlodesre-nyitott-iskolakban3.jpg\",\"articleSection\":[\"Vekop\"],\"inLanguage\":\"hu\"},{\"@type\":\"WebPage\",\"@id\":\"https:\\\/\\\/egyuttfejlodunk.hu\\\/en\\\/generation-gap-has-reduced-in-four-schools-in-pest-county\\\/\",\"url\":\"https:\\\/\\\/egyuttfejlodunk.hu\\\/en\\\/generation-gap-has-reduced-in-four-schools-in-pest-county\\\/\",\"name\":\"Generation gap has reduced in four schools in Pest County - Egy\u00fctt fejl\u0151d\u00fcnk\",\"isPartOf\":{\"@id\":\"https:\\\/\\\/egyuttfejlodunk.hu\\\/#website\"},\"primaryImageOfPage\":{\"@id\":\"https:\\\/\\\/egyuttfejlodunk.hu\\\/en\\\/generation-gap-has-reduced-in-four-schools-in-pest-county\\\/#primaryimage\"},\"image\":{\"@id\":\"https:\\\/\\\/egyuttfejlodunk.hu\\\/en\\\/generation-gap-has-reduced-in-four-schools-in-pest-county\\\/#primaryimage\"},\"thumbnailUrl\":\"https:\\\/\\\/egyuttfejlodunk.hu\\\/wp-content\\\/uploads\\\/2024\\\/05\\\/VEKOP-7.3.3-17-2017-00005A-digitalis-fejlodes-segitese-fejlodesre-nyitott-iskolakban3.jpg\",\"datePublished\":\"2024-05-10T08:24:30+00:00\",\"dateModified\":\"2024-05-31T08:34:49+00:00\",\"breadcrumb\":{\"@id\":\"https:\\\/\\\/egyuttfejlodunk.hu\\\/en\\\/generation-gap-has-reduced-in-four-schools-in-pest-county\\\/#breadcrumb\"},\"inLanguage\":\"hu\",\"potentialAction\":[{\"@type\":\"ReadAction\",\"target\":[\"https:\\\/\\\/egyuttfejlodunk.hu\\\/en\\\/generation-gap-has-reduced-in-four-schools-in-pest-county\\\/\"]}]},{\"@type\":\"ImageObject\",\"inLanguage\":\"hu\",\"@id\":\"https:\\\/\\\/egyuttfejlodunk.hu\\\/en\\\/generation-gap-has-reduced-in-four-schools-in-pest-county\\\/#primaryimage\",\"url\":\"https:\\\/\\\/egyuttfejlodunk.hu\\\/wp-content\\\/uploads\\\/2024\\\/05\\\/VEKOP-7.3.3-17-2017-00005A-digitalis-fejlodes-segitese-fejlodesre-nyitott-iskolakban3.jpg\",\"contentUrl\":\"https:\\\/\\\/egyuttfejlodunk.hu\\\/wp-content\\\/uploads\\\/2024\\\/05\\\/VEKOP-7.3.3-17-2017-00005A-digitalis-fejlodes-segitese-fejlodesre-nyitott-iskolakban3.jpg\",\"width\":1920,\"height\":941},{\"@type\":\"BreadcrumbList\",\"@id\":\"https:\\\/\\\/egyuttfejlodunk.hu\\\/en\\\/generation-gap-has-reduced-in-four-schools-in-pest-county\\\/#breadcrumb\",\"itemListElement\":[{\"@type\":\"ListItem\",\"position\":1,\"name\":\"Home\",\"item\":\"https:\\\/\\\/egyuttfejlodunk.hu\\\/\"},{\"@type\":\"ListItem\",\"position\":2,\"name\":\"Generation gap has reduced in four schools in Pest County\"}]},{\"@type\":\"WebSite\",\"@id\":\"https:\\\/\\\/egyuttfejlodunk.hu\\\/#website\",\"url\":\"https:\\\/\\\/egyuttfejlodunk.hu\\\/\",\"name\":\"Egy\u00fctt fejl\u0151d\u00fcnk\",\"description\":\"\",\"publisher\":{\"@id\":\"https:\\\/\\\/egyuttfejlodunk.hu\\\/#organization\"},\"potentialAction\":[{\"@type\":\"SearchAction\",\"target\":{\"@type\":\"EntryPoint\",\"urlTemplate\":\"https:\\\/\\\/egyuttfejlodunk.hu\\\/?s={search_term_string}\"},\"query-input\":{\"@type\":\"PropertyValueSpecification\",\"valueRequired\":true,\"valueName\":\"search_term_string\"}}],\"inLanguage\":\"hu\"},{\"@type\":\"Organization\",\"@id\":\"https:\\\/\\\/egyuttfejlodunk.hu\\\/#organization\",\"name\":\"Egy\u00fctt fejl\u0151d\u00fcnk\",\"url\":\"https:\\\/\\\/egyuttfejlodunk.hu\\\/\",\"logo\":{\"@type\":\"ImageObject\",\"inLanguage\":\"hu\",\"@id\":\"https:\\\/\\\/egyuttfejlodunk.hu\\\/#\\\/schema\\\/logo\\\/image\\\/\",\"url\":\"https:\\\/\\\/egyuttfejlodunk.hu\\\/wp-content\\\/uploads\\\/2026\\\/04\\\/ujlogo.jpg\",\"contentUrl\":\"https:\\\/\\\/egyuttfejlodunk.hu\\\/wp-content\\\/uploads\\\/2026\\\/04\\\/ujlogo.jpg\",\"width\":350,\"height\":110,\"caption\":\"Egy\u00fctt fejl\u0151d\u00fcnk\"},\"image\":{\"@id\":\"https:\\\/\\\/egyuttfejlodunk.hu\\\/#\\\/schema\\\/logo\\\/image\\\/\"}},{\"@type\":\"Person\",\"@id\":\"https:\\\/\\\/egyuttfejlodunk.hu\\\/#\\\/schema\\\/person\\\/74d5e3661b874eed1958599cd4ca7bbd\",\"name\":\"B\u00e1cskai Gabriella\"}]}<\/script>\n<!-- \/ Yoast SEO Premium plugin. -->","yoast_head_json":{"title":"Generation gap has reduced in four schools in Pest County - Egy\u00fctt fejl\u0151d\u00fcnk","robots":{"index":"noindex","follow":"follow","max-snippet":"max-snippet:-1","max-image-preview":"max-image-preview:large","max-video-preview":"max-video-preview:-1"},"og_locale":"hu_HU","og_type":"article","og_title":"Generation gap has reduced in four schools in Pest County","og_description":"With the support of the Competitive Central Hungary Operational Programme, the development of digital competencies supporting learning and teaching was realized in four schools of the Educational District Centre of Szigetszentmikl\u00f3s. Within the framework of the project, the further training of nearly fifty teachers took place, who, with the acquired knowledge and using the new digital tools, can hold exciting lessons. In today&#8217;s \u2019internet-centric\u2019 world, it is very important that teachers also receive up-to-date trainings...","og_url":"https:\/\/egyuttfejlodunk.hu\/en\/generation-gap-has-reduced-in-four-schools-in-pest-county\/","og_site_name":"Egy\u00fctt fejl\u0151d\u00fcnk","article_published_time":"2024-05-10T08:24:30+00:00","article_modified_time":"2024-05-31T08:34:49+00:00","og_image":[{"width":1920,"height":941,"url":"https:\/\/egyuttfejlodunk.hu\/wp-content\/uploads\/2024\/05\/VEKOP-7.3.3-17-2017-00005A-digitalis-fejlodes-segitese-fejlodesre-nyitott-iskolakban3.jpg","type":"image\/jpeg"}],"author":"B\u00e1cskai Gabriella","twitter_card":"summary_large_image","twitter_misc":{"Szerz\u0151:":"B\u00e1cskai Gabriella","Becs\u00fclt olvas\u00e1si id\u0151":"2 perc"},"schema":{"@context":"https:\/\/schema.org","@graph":[{"@type":"Article","@id":"https:\/\/egyuttfejlodunk.hu\/en\/generation-gap-has-reduced-in-four-schools-in-pest-county\/#article","isPartOf":{"@id":"https:\/\/egyuttfejlodunk.hu\/en\/generation-gap-has-reduced-in-four-schools-in-pest-county\/"},"author":{"name":"B\u00e1cskai Gabriella","@id":"https:\/\/egyuttfejlodunk.hu\/#\/schema\/person\/74d5e3661b874eed1958599cd4ca7bbd"},"headline":"Generation gap has reduced in four schools in Pest County","datePublished":"2024-05-10T08:24:30+00:00","dateModified":"2024-05-31T08:34:49+00:00","mainEntityOfPage":{"@id":"https:\/\/egyuttfejlodunk.hu\/en\/generation-gap-has-reduced-in-four-schools-in-pest-county\/"},"wordCount":340,"publisher":{"@id":"https:\/\/egyuttfejlodunk.hu\/#organization"},"image":{"@id":"https:\/\/egyuttfejlodunk.hu\/en\/generation-gap-has-reduced-in-four-schools-in-pest-county\/#primaryimage"},"thumbnailUrl":"https:\/\/egyuttfejlodunk.hu\/wp-content\/uploads\/2024\/05\/VEKOP-7.3.3-17-2017-00005A-digitalis-fejlodes-segitese-fejlodesre-nyitott-iskolakban3.jpg","articleSection":["Vekop"],"inLanguage":"hu"},{"@type":"WebPage","@id":"https:\/\/egyuttfejlodunk.hu\/en\/generation-gap-has-reduced-in-four-schools-in-pest-county\/","url":"https:\/\/egyuttfejlodunk.hu\/en\/generation-gap-has-reduced-in-four-schools-in-pest-county\/","name":"Generation gap has reduced in four schools in Pest County - Egy\u00fctt fejl\u0151d\u00fcnk","isPartOf":{"@id":"https:\/\/egyuttfejlodunk.hu\/#website"},"primaryImageOfPage":{"@id":"https:\/\/egyuttfejlodunk.hu\/en\/generation-gap-has-reduced-in-four-schools-in-pest-county\/#primaryimage"},"image":{"@id":"https:\/\/egyuttfejlodunk.hu\/en\/generation-gap-has-reduced-in-four-schools-in-pest-county\/#primaryimage"},"thumbnailUrl":"https:\/\/egyuttfejlodunk.hu\/wp-content\/uploads\/2024\/05\/VEKOP-7.3.3-17-2017-00005A-digitalis-fejlodes-segitese-fejlodesre-nyitott-iskolakban3.jpg","datePublished":"2024-05-10T08:24:30+00:00","dateModified":"2024-05-31T08:34:49+00:00","breadcrumb":{"@id":"https:\/\/egyuttfejlodunk.hu\/en\/generation-gap-has-reduced-in-four-schools-in-pest-county\/#breadcrumb"},"inLanguage":"hu","potentialAction":[{"@type":"ReadAction","target":["https:\/\/egyuttfejlodunk.hu\/en\/generation-gap-has-reduced-in-four-schools-in-pest-county\/"]}]},{"@type":"ImageObject","inLanguage":"hu","@id":"https:\/\/egyuttfejlodunk.hu\/en\/generation-gap-has-reduced-in-four-schools-in-pest-county\/#primaryimage","url":"https:\/\/egyuttfejlodunk.hu\/wp-content\/uploads\/2024\/05\/VEKOP-7.3.3-17-2017-00005A-digitalis-fejlodes-segitese-fejlodesre-nyitott-iskolakban3.jpg","contentUrl":"https:\/\/egyuttfejlodunk.hu\/wp-content\/uploads\/2024\/05\/VEKOP-7.3.3-17-2017-00005A-digitalis-fejlodes-segitese-fejlodesre-nyitott-iskolakban3.jpg","width":1920,"height":941},{"@type":"BreadcrumbList","@id":"https:\/\/egyuttfejlodunk.hu\/en\/generation-gap-has-reduced-in-four-schools-in-pest-county\/#breadcrumb","itemListElement":[{"@type":"ListItem","position":1,"name":"Home","item":"https:\/\/egyuttfejlodunk.hu\/"},{"@type":"ListItem","position":2,"name":"Generation gap has reduced in four schools in Pest County"}]},{"@type":"WebSite","@id":"https:\/\/egyuttfejlodunk.hu\/#website","url":"https:\/\/egyuttfejlodunk.hu\/","name":"Egy\u00fctt fejl\u0151d\u00fcnk","description":"","publisher":{"@id":"https:\/\/egyuttfejlodunk.hu\/#organization"},"potentialAction":[{"@type":"SearchAction","target":{"@type":"EntryPoint","urlTemplate":"https:\/\/egyuttfejlodunk.hu\/?s={search_term_string}"},"query-input":{"@type":"PropertyValueSpecification","valueRequired":true,"valueName":"search_term_string"}}],"inLanguage":"hu"},{"@type":"Organization","@id":"https:\/\/egyuttfejlodunk.hu\/#organization","name":"Egy\u00fctt fejl\u0151d\u00fcnk","url":"https:\/\/egyuttfejlodunk.hu\/","logo":{"@type":"ImageObject","inLanguage":"hu","@id":"https:\/\/egyuttfejlodunk.hu\/#\/schema\/logo\/image\/","url":"https:\/\/egyuttfejlodunk.hu\/wp-content\/uploads\/2026\/04\/ujlogo.jpg","contentUrl":"https:\/\/egyuttfejlodunk.hu\/wp-content\/uploads\/2026\/04\/ujlogo.jpg","width":350,"height":110,"caption":"Egy\u00fctt fejl\u0151d\u00fcnk"},"image":{"@id":"https:\/\/egyuttfejlodunk.hu\/#\/schema\/logo\/image\/"}},{"@type":"Person","@id":"https:\/\/egyuttfejlodunk.hu\/#\/schema\/person\/74d5e3661b874eed1958599cd4ca7bbd","name":"B\u00e1cskai Gabriella"}]}},"_links":{"self":[{"href":"https:\/\/egyuttfejlodunk.hu\/wp-json\/wp\/v2\/posts\/5252","targetHints":{"allow":["GET"]}}],"collection":[{"href":"https:\/\/egyuttfejlodunk.hu\/wp-json\/wp\/v2\/posts"}],"about":[{"href":"https:\/\/egyuttfejlodunk.hu\/wp-json\/wp\/v2\/types\/post"}],"author":[{"embeddable":true,"href":"https:\/\/egyuttfejlodunk.hu\/wp-json\/wp\/v2\/users\/17"}],"replies":[{"embeddable":true,"href":"https:\/\/egyuttfejlodunk.hu\/wp-json\/wp\/v2\/comments?post=5252"}],"version-history":[{"count":3,"href":"https:\/\/egyuttfejlodunk.hu\/wp-json\/wp\/v2\/posts\/5252\/revisions"}],"predecessor-version":[{"id":5381,"href":"https:\/\/egyuttfejlodunk.hu\/wp-json\/wp\/v2\/posts\/5252\/revisions\/5381"}],"wp:featuredmedia":[{"embeddable":true,"href":"https:\/\/egyuttfejlodunk.hu\/wp-json\/wp\/v2\/media\/5232"}],"wp:attachment":[{"href":"https:\/\/egyuttfejlodunk.hu\/wp-json\/wp\/v2\/media?parent=5252"}],"wp:term":[{"taxonomy":"category","embeddable":true,"href":"https:\/\/egyuttfejlodunk.hu\/wp-json\/wp\/v2\/categories?post=5252"},{"taxonomy":"post_tag","embeddable":true,"href":"https:\/\/egyuttfejlodunk.hu\/wp-json\/wp\/v2\/tags?post=5252"},{"taxonomy":"megye","embeddable":true,"href":"https:\/\/egyuttfejlodunk.hu\/wp-json\/wp\/v2\/megye?post=5252"}],"curies":[{"name":"wp","href":"https:\/\/api.w.org\/{rel}","templated":true}]}}